{"id":16196,"date":"2011-05-10T12:55:35","date_gmt":"2011-05-10T10:55:35","guid":{"rendered":"https:\/\/sandzakpress.net\/arhiva\/?p=16196"},"modified":"2011-05-10T12:55:35","modified_gmt":"2011-05-10T10:55:35","slug":"12-razloga-za-ostavku-ministra-emira-suljagica","status":"publish","type":"post","link":"https:\/\/sandzakpress.net\/arhiva\/12-razloga-za-ostavku-ministra-emira-suljagica\/","title":{"rendered":"12 razloga za ostavku ministra Emira Suljagi\u0107a"},"content":{"rendered":"<p><strong><a href=\"https:\/\/sandzakpress.net\/arhiva\/wp-content\/uploads\/2011\/05\/emir_suljagic_vertikala.jpg\"><img loading=\"lazy\" decoding=\"async\" class=\"alignleft size-full wp-image-16197\" src=\"https:\/\/sandzakpress.net\/arhiva\/wp-content\/uploads\/2011\/05\/emir_suljagic_vertikala.jpg\" alt=\"\" width=\"180\" height=\"221\" \/><\/a>BiH &#8211; Tekstovi se pi\u0161u i radi povijesti, pa bi tako valjalo pro\u010ditati, kada bosanskih muslimana vi\u0161e ne bude, za 20 ili 50 godina, (ne pretjerujem) da je neko ne\u0161to rekao protiv simptoma njihovog nestajanja. Jedan od tih simptoma je odluka da nema smisla da ocjena iz vjeronauke mo\u017ee uticati na prosjek po\u0161to, po ministru, djeca koja NE IDU na vjeronauk bivaju zakinuta. Zato valja napisati razloge zbog kojih bi Gospodin Ministar za barbarstvo Kantona Sarajevo trebao dati ostavku.<\/strong><br \/>\n1. Zato \u0161to je ignorisao potrebe onih koji ne idu na vjeronauku ne ponudiv\u0161i im nikakvu alternatvu poput kulture religija, da se upoznaju sa religijama i tradicijama naroda BiH. Naprotiv, postupio je barbarski prema svim vjernicima, unose\u0107i prijezir izme\u0111u u\u010denika koji su se trudili i dobijali ocjenu i onih koji, eto, nisu i\u0161li na vjeronauku. Kakav je to Ministar koji toj manjini ne\u0107e ponuditi da se nau\u010de tradicijama i vjerama Bosne u okviru drugog sli\u010dnog predmeta kultura religija? Mo\u017eda, neinventivan?<\/p>\n<p>2. Zato \u0161to svoju odluku o uni\u017eavanju statusa vjeronauke nije potvrdio nikakvim istra\u017eivanjima o \u0161tetnosti vjeronauke. Jedina \u0161tetnost je \u0161to neko sjedi na hodniku (!?) Naprotiv ovom stavu, istra\u017eivanje uva\u017eenog psihijatra dr. sci. Izeta Pajevi\u0107a \u201eUtjecaj religioznosti na psihi\u010dko sazrijevanje i zdravlje adolescenata\u201c nedvojbeno je pokazalo da vjera uti\u010de pozitivno na mlade. Kakav je to doktor nauka koji ignori\u0161e rezultate nau\u010dnih istra\u017eivanja? Kakav je to doktor nauka \u0161to ne \u017eeli pobolj\u0161ati mentalno zdravlje mladih u vrijeme novih religijskih pokreta koji motiviraju i na suicid?<\/p>\n<p>3. Zato \u0161to je ignorisao stav javnosti koja je iskazala opravdanost vjeronauke time \u0161to 95% djece poha\u0111a vjeronauku. \u010ciji je to ministar \u2013partijski ili narodni \u2013 koji ignori\u0161e stav onog naroda koji ga je izabrao?<\/p>\n<p>4. Zato \u0161to je sam odabrao model izu\u010davanja vjeronauke koji se samo njemu svi\u0111a, unato\u010d podr\u0161ci cjelokupne javnosti da im djeca idu na vjeronauku, i dobijaju ocjenu. \u010ciji je to ministar &#8211; samo svoj ili ovog naroda?<\/p>\n<p>5. Zato \u0161to se postavio kao \u201edrug diktator\u201c, koji je odlu\u010dio da vjeronauka donosi vi\u0161e \u0161tete nego koristi. Opravdanje da se djeca koja ne poha\u0111aju vjeronauku nalaze u nepovoljnom polo\u017eaju, jednaka je opravdanju da djeca koja idu na izborno-obavezuju\u0107u nastavu iz Njema\u010dkog jezika svojim znanjem ugro\u017eavaju one koji smatraju da im je Engleski dovoljan i za Njema\u010dki ne \u017eele znati. Kakav bi to bio ministar da ukine Njema\u010dki jezik jer je Engleski dovoljan?<\/p>\n<p>6. Zato \u0161to je na ovaj na\u010din kaznio u\u010denike \u010diji roditelji \u017eele da im djecu upoznaju sa tradicijom i vjerom stru\u010dni ljudi, nego ih diskriminira na ra\u010dun manjine, demotiviraju\u0107i ih \u2013 opisnom ocjenom. Kakav je to ministar koji degradira preno\u0161enje znanja o vjeri i tradiciji zadovoljavaju\u0107im nastavnim procesom? 7. Zato \u0161to je ignorisao smisao postojanja teolo\u0161kih fakulteta u Bosni i Hercegovini (kao npr. Fakulteta islamskih nauka i Franjeva\u010dke teologije u Sarajevu), obesmi\u0161ljavaju\u0107i diplomu ljudi koji su se obrazovali da bi prenijeli znanje djeci i znanje vrijednovali ocjenom sa smislom. Kakav je to Ministar obrazovanja koji potcjenjuje i obezvrije\u0111uje ijedan fakultet uop\u0161te?<\/p>\n<p>8. Zato \u0161to je osporio ispravnost tuma\u010denja zakona o pravu na slobodu vjeroispovijesti svim dr\u017eavama u Evropskoj uniji, u kojima se za poha\u0111anje nastave vjeronauke dobije ocjena koja ima smisla. Kakav je to ministar obrazovanja koji ide u potpuno suprotnom smjeru od evropskih tokova?<\/p>\n<p>9. Zato \u0161to je osporio ispravnost tuma\u010denja zakona svim svojim prethodnicima (u skoro zadnje dvije decenije), i onima koji su obna\u0161ali funkciju Ministra obrazovanja, kao i pravnicima koji su tuma\u010dili zakon. Kakav je to ministar koji se tako prema radu svojih prethodnika odnosi? Mo\u017eda, napuhan?<\/p>\n<p>10. Zato \u0161to je naru\u0161io obrazovni proces u \u0161kolama BiH pred kraj \u0161kolske godine, potcjenjuju\u0107i sav trud koji su u\u010denici ulo\u017eili za ostvarivanje ocjene. Vi\u0161e nije \u201eza ostvareni zadatak iz vjeronauke slijedi nagrada\u201c, nego \u201eza ostvareni zadatak iz vjeronauke slijedi \u2013 veliko ni\u0161ta!\u201c Kakav je ministar obrazovanja koji ovo \u010dini svojim u\u010denicima?<\/p>\n<p>11. Zato \u0161to je naru\u0161io odgojni proces pred kraj \u0161kolske godine, uni\u0161tavaju\u0107i atmosferu po\u0161tovanja na relaciji nastavnik \u2013 u\u010denik, koja djeluje po sistemu \u201epredavanja nastavnika i disciplina na \u010dasu imaju smisla jer se njegova ocjena broji\u201c. \u0160kola nije samo za odgajanje nego i za ocjenu. Jedno ne ide bez drugog! Kakav je ministar obrazovanja koji ovo ne zna?<\/p>\n<p>12. Zato \u0161to je \u0161irom otvorio vrata nestru\u010dnom pou\u010davanju islamu, u vrijeme kada se svi pla\u0161e indoktrinacije i skretanja djece sa pravog puta. Pri tome stavlja profesore vjeronauke u nepovoljniju poziciju od uli\u010dnih &#8220;ribara du\u0161a&#8221;, pa i dilera, koji mogu obe\u0107ati &#8220;u\u017eitak&#8221;. Kakav je to ministar kojem je bolji prosjek ocjena u\u010denika na vjeronauci problem iako se tom ocjenom u\u010denici motiviraju ka pozitivnim vrijednostima? Zar je vjeronauka poduka klanja drugih i druga\u010dijih? \u010cemu to motivira ovakvom odlukom ministar za barbarstvo?<\/p>\n<p>Ignorisanje javnosti koja je pozitivno naklonjena vjeri, ignorisanje crkvi i vjerskih zajednica, ovo bi\u0107e koje obna\u0161a funkciju ministra ne \u010dini ga kao bi\u0107e nevjernikom nego bezvjernikom ili jo\u0161 gore \u2013 barbarinom! Da li \u010deka da crkve i vjerske zajednice pozivaju na socijalni bunt, na izlazak na ulice? Pa da ih onda proglase radikalnim fundamentalistima jer \u017eele \u2013 osnovna prava? Zar je mogu\u0107e da je ovo bi\u0107e spremno barbarski \u017ertvovati identitet naroda kojem pripada, a i drugih naroda. Samo kako bi se oni bez identiteta i bez vjere, osjetili neugro\u017eenim i multikulturnim iako, na taj na\u010din, ni jednoj kulturi ne pripadaju niti upu\u0107uju njoj svoju djecu.<\/p>\n<p>Ovom barbarskom bi\u0107u nikada ne\u0107u \u010destitati Bajram iako imenom pripada islamskom civilizacijskom krugu. Na ovo barbarsko bi\u0107e \u0107e podsjetiti svaki profesor vjeronauke koji odvede djecu u Srebrenicu, da ono poti\u010de sa tih prostora i da ono poti\u010de odbacivanje vjeronauke iz obrazovnog sistema Bosne i Hercegovine. Ovo je put kako treba tretirati one koji \u010dine otpadom stav ve\u0107ine gra\u0111ana radi manjine. Ovo je na\u010din kako se treba odnositi prema Ministru za barbarstvo, osim ako se pokaje i povu\u010de odluku. Ali on to u\u010diniti ne\u0107e, jer mu ponos i medijski aplauzi bezvjernika ne dopu\u0161taju. I zato javnosti ostaje da promijeni stav prema njemu i njemu sli\u010dnim i istraje.<\/p>\n<p>Ovo je put i na\u010din kako ba\u0161 treba tretirati one koji \u017eele da vjeru (i islam i kr\u0161\u0107anstvo) u\u010dine nevrijednim u \u017eivotu va\u0161e djece. Upamtimo, danas sve \u0161to nema cijenu \u2013 nema ni vrijednost. Ako se iz vjeronauke ne mo\u017ee dobiti ocjena, iako je i tu rije\u010d o znanju, onda su ipak neki predmeti i neka znanja \u201ejednakija\u201c od drugih, Orvelovski kazano, odn. \u201evrijednija\u201c. A ima li i\u0161ta vrijednije, narodu koji je klan samo zato \u0161to je muslimanski, da zna \u0161ta je to islam pa i da sazna &#8211; da li je islam toliko \u201ezlo\u201c?<\/p>\n<p>Izvor: <strong>IslamBosna.ba<\/strong><\/p>\n","protected":false},"excerpt":{"rendered":"<p>BiH &#8211; Tekstovi se pi\u0161u i radi povijesti, pa bi tako valjalo pro\u010ditati, kada bosanskih muslimana vi\u0161e ne bude, za 20 ili 50 godina, (ne pretjerujem) da je neko ne\u0161to rekao protiv simptoma njihovog nestajanja. Jedan od tih simptoma je odluka da nema smisla da ocjena iz vjeronauke mo\u017ee uticati na prosjek po\u0161to, po ministru, [&hellip;]<\/p>\n","protected":false},"author":13,"featured_media":16197,"comment_status":"open","ping_status":"open","sticky":false,"template":"","format":"standard","meta":{"footnotes":""},"categories":[2860],"tags":[],"class_list":{"0":"post-16196","1":"post","2":"type-post","3":"status-publish","4":"format-standard","5":"has-post-thumbnail","7":"category-bosna-i-hercegovina-gradovi"},"yoast_head":"<!-- This site is optimized with the Yoast SEO Premium plugin v23.1 (Yoast SEO v24.9) - https:\/\/yoast.com\/wordpress\/plugins\/seo\/ -->\n<title>12 razloga za ostavku ministra Emira Suljagi\u0107a<\/title>\n<meta name=\"robots\" content=\"index, follow, max-snippet:-1, max-image-preview:large, max-video-preview:-1\" \/>\n<link rel=\"canonical\" href=\"https:\/\/sandzakpress.net\/arhiva\/12-razloga-za-ostavku-ministra-emira-suljagica\/\" \/>\n<meta property=\"og:locale\" content=\"bs_BA\" \/>\n<meta property=\"og:type\" content=\"article\" \/>\n<meta property=\"og:title\" content=\"12 razloga za ostavku ministra Emira Suljagi\u0107a\" \/>\n<meta property=\"og:description\" content=\"BiH &#8211; Tekstovi se pi\u0161u i radi povijesti, pa bi tako valjalo pro\u010ditati, kada bosanskih muslimana vi\u0161e ne bude, za 20 ili 50 godina, (ne pretjerujem) da je neko ne\u0161to rekao protiv simptoma njihovog nestajanja. Jedan od tih simptoma je odluka da nema smisla da ocjena iz vjeronauke mo\u017ee uticati na prosjek po\u0161to, po ministru, [&hellip;]\" \/>\n<meta property=\"og:url\" content=\"https:\/\/sandzakpress.net\/arhiva\/12-razloga-za-ostavku-ministra-emira-suljagica\/\" \/>\n<meta property=\"og:site_name\" content=\"Sand\u017eak PRESS\" \/>\n<meta property=\"article:published_time\" content=\"2011-05-10T10:55:35+00:00\" \/>\n<meta property=\"og:image\" content=\"https:\/\/sandzakpress.net\/arhiva\/wp-content\/uploads\/2011\/05\/emir_suljagic_vertikala.jpg\" \/>\n\t<meta property=\"og:image:width\" content=\"180\" \/>\n\t<meta property=\"og:image:height\" content=\"221\" \/>\n\t<meta property=\"og:image:type\" content=\"image\/jpeg\" \/>\n<meta name=\"twitter:card\" content=\"summary_large_image\" \/>\n<meta name=\"twitter:label1\" content=\"Written by\" \/>\n\t<meta name=\"twitter:data1\" content=\"\" \/>\n\t<meta name=\"twitter:label2\" content=\"Est. reading time\" \/>\n\t<meta name=\"twitter:data2\" content=\"6 minuta\" \/>\n<script type=\"application\/ld+json\" class=\"yoast-schema-graph\">{\"@context\":\"https:\/\/schema.org\",\"@graph\":[{\"@type\":\"Article\",\"@id\":\"https:\/\/sandzakpress.net\/arhiva\/12-razloga-za-ostavku-ministra-emira-suljagica\/#article\",\"isPartOf\":{\"@id\":\"https:\/\/sandzakpress.net\/arhiva\/12-razloga-za-ostavku-ministra-emira-suljagica\/\"},\"author\":{\"name\":\"\",\"@id\":\"\"},\"headline\":\"12 razloga za ostavku ministra Emira Suljagi\u0107a\",\"datePublished\":\"2011-05-10T10:55:35+00:00\",\"mainEntityOfPage\":{\"@id\":\"https:\/\/sandzakpress.net\/arhiva\/12-razloga-za-ostavku-ministra-emira-suljagica\/\"},\"wordCount\":1170,\"commentCount\":0,\"publisher\":{\"@id\":\"https:\/\/sandzakpress.net\/arhiva\/#\/schema\/person\/6e72b67d6e51910a1117b3b483ba20bd\"},\"image\":{\"@id\":\"https:\/\/sandzakpress.net\/arhiva\/12-razloga-za-ostavku-ministra-emira-suljagica\/#primaryimage\"},\"thumbnailUrl\":\"https:\/\/sandzakpress.net\/arhiva\/wp-content\/uploads\/2011\/05\/emir_suljagic_vertikala.jpg\",\"articleSection\":[\"Bosna i Hercegovina\"],\"inLanguage\":\"bs-BA\",\"potentialAction\":[{\"@type\":\"CommentAction\",\"name\":\"Comment\",\"target\":[\"https:\/\/sandzakpress.net\/arhiva\/12-razloga-za-ostavku-ministra-emira-suljagica\/#respond\"]}]},{\"@type\":\"WebPage\",\"@id\":\"https:\/\/sandzakpress.net\/arhiva\/12-razloga-za-ostavku-ministra-emira-suljagica\/\",\"url\":\"https:\/\/sandzakpress.net\/arhiva\/12-razloga-za-ostavku-ministra-emira-suljagica\/\",\"name\":\"12 razloga za ostavku ministra Emira Suljagi\u0107a\",\"isPartOf\":{\"@id\":\"https:\/\/sandzakpress.net\/arhiva\/#website\"},\"primaryImageOfPage\":{\"@id\":\"https:\/\/sandzakpress.net\/arhiva\/12-razloga-za-ostavku-ministra-emira-suljagica\/#primaryimage\"},\"image\":{\"@id\":\"https:\/\/sandzakpress.net\/arhiva\/12-razloga-za-ostavku-ministra-emira-suljagica\/#primaryimage\"},\"thumbnailUrl\":\"https:\/\/sandzakpress.net\/arhiva\/wp-content\/uploads\/2011\/05\/emir_suljagic_vertikala.jpg\",\"datePublished\":\"2011-05-10T10:55:35+00:00\",\"breadcrumb\":{\"@id\":\"https:\/\/sandzakpress.net\/arhiva\/12-razloga-za-ostavku-ministra-emira-suljagica\/#breadcrumb\"},\"inLanguage\":\"bs-BA\",\"potentialAction\":[{\"@type\":\"ReadAction\",\"target\":[\"https:\/\/sandzakpress.net\/arhiva\/12-razloga-za-ostavku-ministra-emira-suljagica\/\"]}]},{\"@type\":\"ImageObject\",\"inLanguage\":\"bs-BA\",\"@id\":\"https:\/\/sandzakpress.net\/arhiva\/12-razloga-za-ostavku-ministra-emira-suljagica\/#primaryimage\",\"url\":\"https:\/\/sandzakpress.net\/arhiva\/wp-content\/uploads\/2011\/05\/emir_suljagic_vertikala.jpg\",\"contentUrl\":\"https:\/\/sandzakpress.net\/arhiva\/wp-content\/uploads\/2011\/05\/emir_suljagic_vertikala.jpg\",\"width\":180,\"height\":221},{\"@type\":\"BreadcrumbList\",\"@id\":\"https:\/\/sandzakpress.net\/arhiva\/12-razloga-za-ostavku-ministra-emira-suljagica\/#breadcrumb\",\"itemListElement\":[{\"@type\":\"ListItem\",\"position\":1,\"name\":\"Home\",\"item\":\"https:\/\/sandzakpress.net\/arhiva\/\"},{\"@type\":\"ListItem\",\"position\":2,\"name\":\"12 razloga za ostavku ministra Emira Suljagi\u0107a\"}]},{\"@type\":\"WebSite\",\"@id\":\"https:\/\/sandzakpress.net\/arhiva\/#website\",\"url\":\"https:\/\/sandzakpress.net\/arhiva\/\",\"name\":\"Sand\u017eak PRESS\",\"description\":\"Prve elektronske novine u Sand\u017eaku\",\"publisher\":{\"@id\":\"https:\/\/sandzakpress.net\/arhiva\/#\/schema\/person\/6e72b67d6e51910a1117b3b483ba20bd\"},\"potentialAction\":[{\"@type\":\"SearchAction\",\"target\":{\"@type\":\"EntryPoint\",\"urlTemplate\":\"https:\/\/sandzakpress.net\/arhiva\/?s={search_term_string}\"},\"query-input\":{\"@type\":\"PropertyValueSpecification\",\"valueRequired\":true,\"valueName\":\"search_term_string\"}}],\"inLanguage\":\"bs-BA\"},{\"@type\":[\"Person\",\"Organization\"],\"@id\":\"https:\/\/sandzakpress.net\/arhiva\/#\/schema\/person\/6e72b67d6e51910a1117b3b483ba20bd\",\"name\":\"Kul\",\"image\":{\"@type\":\"ImageObject\",\"inLanguage\":\"bs-BA\",\"@id\":\"https:\/\/sandzakpress.net\/arhiva\/#\/schema\/person\/image\/\",\"url\":\"https:\/\/secure.gravatar.com\/avatar\/42263f39aa27ac04c43cab85c280eb2e?s=96&d=mm&r=pg\",\"contentUrl\":\"https:\/\/secure.gravatar.com\/avatar\/42263f39aa27ac04c43cab85c280eb2e?s=96&d=mm&r=pg\",\"caption\":\"Kul\"},\"logo\":{\"@id\":\"https:\/\/sandzakpress.net\/arhiva\/#\/schema\/person\/image\/\"}},{\"@type\":\"Person\",\"@id\":\"\",\"url\":\"https:\/\/sandzakpress.net\/arhiva\/author\/\"}]}<\/script>\n<!-- \/ Yoast SEO Premium plugin. -->","yoast_head_json":{"title":"12 razloga za ostavku ministra Emira Suljagi\u0107a","robots":{"index":"index","follow":"follow","max-snippet":"max-snippet:-1","max-image-preview":"max-image-preview:large","max-video-preview":"max-video-preview:-1"},"canonical":"https:\/\/sandzakpress.net\/arhiva\/12-razloga-za-ostavku-ministra-emira-suljagica\/","og_locale":"bs_BA","og_type":"article","og_title":"12 razloga za ostavku ministra Emira Suljagi\u0107a","og_description":"BiH &#8211; Tekstovi se pi\u0161u i radi povijesti, pa bi tako valjalo pro\u010ditati, kada bosanskih muslimana vi\u0161e ne bude, za 20 ili 50 godina, (ne pretjerujem) da je neko ne\u0161to rekao protiv simptoma njihovog nestajanja. Jedan od tih simptoma je odluka da nema smisla da ocjena iz vjeronauke mo\u017ee uticati na prosjek po\u0161to, po ministru, [&hellip;]","og_url":"https:\/\/sandzakpress.net\/arhiva\/12-razloga-za-ostavku-ministra-emira-suljagica\/","og_site_name":"Sand\u017eak PRESS","article_published_time":"2011-05-10T10:55:35+00:00","og_image":[{"width":180,"height":221,"url":"https:\/\/sandzakpress.net\/arhiva\/wp-content\/uploads\/2011\/05\/emir_suljagic_vertikala.jpg","type":"image\/jpeg"}],"twitter_card":"summary_large_image","twitter_misc":{"Written by":"","Est. reading time":"6 minuta"},"schema":{"@context":"https:\/\/schema.org","@graph":[{"@type":"Article","@id":"https:\/\/sandzakpress.net\/arhiva\/12-razloga-za-ostavku-ministra-emira-suljagica\/#article","isPartOf":{"@id":"https:\/\/sandzakpress.net\/arhiva\/12-razloga-za-ostavku-ministra-emira-suljagica\/"},"author":{"name":"","@id":""},"headline":"12 razloga za ostavku ministra Emira Suljagi\u0107a","datePublished":"2011-05-10T10:55:35+00:00","mainEntityOfPage":{"@id":"https:\/\/sandzakpress.net\/arhiva\/12-razloga-za-ostavku-ministra-emira-suljagica\/"},"wordCount":1170,"commentCount":0,"publisher":{"@id":"https:\/\/sandzakpress.net\/arhiva\/#\/schema\/person\/6e72b67d6e51910a1117b3b483ba20bd"},"image":{"@id":"https:\/\/sandzakpress.net\/arhiva\/12-razloga-za-ostavku-ministra-emira-suljagica\/#primaryimage"},"thumbnailUrl":"https:\/\/sandzakpress.net\/arhiva\/wp-content\/uploads\/2011\/05\/emir_suljagic_vertikala.jpg","articleSection":["Bosna i Hercegovina"],"inLanguage":"bs-BA","potentialAction":[{"@type":"CommentAction","name":"Comment","target":["https:\/\/sandzakpress.net\/arhiva\/12-razloga-za-ostavku-ministra-emira-suljagica\/#respond"]}]},{"@type":"WebPage","@id":"https:\/\/sandzakpress.net\/arhiva\/12-razloga-za-ostavku-ministra-emira-suljagica\/","url":"https:\/\/sandzakpress.net\/arhiva\/12-razloga-za-ostavku-ministra-emira-suljagica\/","name":"12 razloga za ostavku ministra Emira Suljagi\u0107a","isPartOf":{"@id":"https:\/\/sandzakpress.net\/arhiva\/#website"},"primaryImageOfPage":{"@id":"https:\/\/sandzakpress.net\/arhiva\/12-razloga-za-ostavku-ministra-emira-suljagica\/#primaryimage"},"image":{"@id":"https:\/\/sandzakpress.net\/arhiva\/12-razloga-za-ostavku-ministra-emira-suljagica\/#primaryimage"},"thumbnailUrl":"https:\/\/sandzakpress.net\/arhiva\/wp-content\/uploads\/2011\/05\/emir_suljagic_vertikala.jpg","datePublished":"2011-05-10T10:55:35+00:00","breadcrumb":{"@id":"https:\/\/sandzakpress.net\/arhiva\/12-razloga-za-ostavku-ministra-emira-suljagica\/#breadcrumb"},"inLanguage":"bs-BA","potentialAction":[{"@type":"ReadAction","target":["https:\/\/sandzakpress.net\/arhiva\/12-razloga-za-ostavku-ministra-emira-suljagica\/"]}]},{"@type":"ImageObject","inLanguage":"bs-BA","@id":"https:\/\/sandzakpress.net\/arhiva\/12-razloga-za-ostavku-ministra-emira-suljagica\/#primaryimage","url":"https:\/\/sandzakpress.net\/arhiva\/wp-content\/uploads\/2011\/05\/emir_suljagic_vertikala.jpg","contentUrl":"https:\/\/sandzakpress.net\/arhiva\/wp-content\/uploads\/2011\/05\/emir_suljagic_vertikala.jpg","width":180,"height":221},{"@type":"BreadcrumbList","@id":"https:\/\/sandzakpress.net\/arhiva\/12-razloga-za-ostavku-ministra-emira-suljagica\/#breadcrumb","itemListElement":[{"@type":"ListItem","position":1,"name":"Home","item":"https:\/\/sandzakpress.net\/arhiva\/"},{"@type":"ListItem","position":2,"name":"12 razloga za ostavku ministra Emira Suljagi\u0107a"}]},{"@type":"WebSite","@id":"https:\/\/sandzakpress.net\/arhiva\/#website","url":"https:\/\/sandzakpress.net\/arhiva\/","name":"Sand\u017eak PRESS","description":"Prve elektronske novine u Sand\u017eaku","publisher":{"@id":"https:\/\/sandzakpress.net\/arhiva\/#\/schema\/person\/6e72b67d6e51910a1117b3b483ba20bd"},"potentialAction":[{"@type":"SearchAction","target":{"@type":"EntryPoint","urlTemplate":"https:\/\/sandzakpress.net\/arhiva\/?s={search_term_string}"},"query-input":{"@type":"PropertyValueSpecification","valueRequired":true,"valueName":"search_term_string"}}],"inLanguage":"bs-BA"},{"@type":["Person","Organization"],"@id":"https:\/\/sandzakpress.net\/arhiva\/#\/schema\/person\/6e72b67d6e51910a1117b3b483ba20bd","name":"Kul","image":{"@type":"ImageObject","inLanguage":"bs-BA","@id":"https:\/\/sandzakpress.net\/arhiva\/#\/schema\/person\/image\/","url":"https:\/\/secure.gravatar.com\/avatar\/42263f39aa27ac04c43cab85c280eb2e?s=96&d=mm&r=pg","contentUrl":"https:\/\/secure.gravatar.com\/avatar\/42263f39aa27ac04c43cab85c280eb2e?s=96&d=mm&r=pg","caption":"Kul"},"logo":{"@id":"https:\/\/sandzakpress.net\/arhiva\/#\/schema\/person\/image\/"}},{"@type":"Person","@id":"","url":"https:\/\/sandzakpress.net\/arhiva\/author\/"}]}},"_links":{"self":[{"href":"https:\/\/sandzakpress.net\/arhiva\/wp-json\/wp\/v2\/posts\/16196"}],"collection":[{"href":"https:\/\/sandzakpress.net\/arhiva\/wp-json\/wp\/v2\/posts"}],"about":[{"href":"https:\/\/sandzakpress.net\/arhiva\/wp-json\/wp\/v2\/types\/post"}],"author":[{"embeddable":true,"href":"https:\/\/sandzakpress.net\/arhiva\/wp-json\/wp\/v2\/users\/13"}],"replies":[{"embeddable":true,"href":"https:\/\/sandzakpress.net\/arhiva\/wp-json\/wp\/v2\/comments?post=16196"}],"version-history":[{"count":0,"href":"https:\/\/sandzakpress.net\/arhiva\/wp-json\/wp\/v2\/posts\/16196\/revisions"}],"wp:featuredmedia":[{"embeddable":true,"href":"https:\/\/sandzakpress.net\/arhiva\/wp-json\/wp\/v2\/media\/16197"}],"wp:attachment":[{"href":"https:\/\/sandzakpress.net\/arhiva\/wp-json\/wp\/v2\/media?parent=16196"}],"wp:term":[{"taxonomy":"category","embeddable":true,"href":"https:\/\/sandzakpress.net\/arhiva\/wp-json\/wp\/v2\/categories?post=16196"},{"taxonomy":"post_tag","embeddable":true,"href":"https:\/\/sandzakpress.net\/arhiva\/wp-json\/wp\/v2\/tags?post=16196"}],"curies":[{"name":"wp","href":"https:\/\/api.w.org\/{rel}","templated":true}]}}