{"id":16187,"date":"2011-05-10T12:39:06","date_gmt":"2011-05-10T10:39:06","guid":{"rendered":"https:\/\/sandzakpress.net\/arhiva\/?p=16187"},"modified":"2011-05-10T12:39:56","modified_gmt":"2011-05-10T10:39:56","slug":"prizren-65-godina-udruzenja-zanatlija","status":"publish","type":"post","link":"https:\/\/sandzakpress.net\/arhiva\/prizren-65-godina-udruzenja-zanatlija\/","title":{"rendered":"Prizren: 65 godina Udru\u017eenja zanatlija"},"content":{"rendered":"<p><strong><a href=\"https:\/\/sandzakpress.net\/arhiva\/wp-content\/uploads\/2011\/05\/zanatlije.jpg\"><img loading=\"lazy\" decoding=\"async\" class=\"alignleft size-medium wp-image-16188\" src=\"https:\/\/sandzakpress.net\/arhiva\/wp-content\/uploads\/2011\/05\/zanatlije-300x231.jpg\" alt=\"\" width=\"300\" height=\"231\" \/><\/a>Kosovo &#8211; U petak 6. maja je u Domu kulture \u201cXhemajli Berisha\u201d u Prizrenu  organizovana proslava povodom 65 godina osnivanja Udru\u017eenja starih  zanatlija i biznismena op\u0107ine Prizren.<\/strong><\/p>\n<p>U predivnom ambijentu prepunom gostiju koji su htjeli pozdraviti one  koji se bave starim zanatima koji, na\u017ealost, polagano odumiru ili su  prepu\u0161teni zubu vremena, bilo je lijepih rije\u010di, puno pohvala i puno  muzike.<\/p>\n<p>Program je po\u010deo izvanrednim dokumentarnim filmom u  trajanju od 15. minuta koji je prezentirao stare zanate Prizrena i  historijski kontekst staroga grada. Mijenjali su se na na filmu, uz  stare slike ovog starog grada,\u00a0 i zlatari, obu\u0107ari, kujund\u017eije, kova\u010di,  sajd\u017eije uz odli\u010dnu starogradsku muziku benda \u201cPentagram\u201d iz Prizrena.<\/p>\n<p>Zanatlije  su pozdravili mnoge kulturno javne li\u010dnosti op\u0107ine Prizren, te  pripadnici njema\u010dkog Kfora i gosti, tako\u0111e iz zanatlijskog udru\u017eenja iz  republike Albanije. U ime op\u0107ine Prizren prisutnima se uz prigodan  govor obratio podpredsjednik op\u0107ine Ruzhdi Rexha koji je povodom ovog  zna\u010dajnog datuma pohvalio organizatore i dao potporu ovoj asocijaciji  zanatlija.<\/p>\n<p><img decoding=\"async\" src=\"http:\/\/info-ks.net\/images\/stories\/maj1\/zanatlije1.jpg\" border=\"0\" alt=\"\" \/><\/p>\n<p>Zna\u010dajan  doprinos ovoj kulturnoj manifestaciji dala je svojim prisustvom  zamjenik premijera Edita Tahiri koja je u svom govoru istakla da su  zanatlije Prizrena vrijednost ovog grada. Ona je, izme\u0111u ostalog, navela  i da je Prizren zahvaljuju\u0107i starim zanatlijama \u201cdijamant Balkana\u201d.<\/p>\n<p><img decoding=\"async\" src=\"http:\/\/info-ks.net\/images\/stories\/maj1\/tahiri-vinetu.jpg\" border=\"0\" alt=\"\" \/><\/p>\n<p>Prisutne su, izme\u0111u ostalih, pozdravili predstavnik njema\u010dkog Kfora te predstavnica ekonomskog saveza iz republike Albanije.<\/p>\n<p>Na  kraju programa svi prisutni su prisustvovali koktelu koji je u holu  Doma kulture u Prizrenu organizovalo Udru\u017eenje zanatlija ovog grada.<\/p>\n<p>Izvor: <strong>Info-Ks.net<\/strong><\/p>\n","protected":false},"excerpt":{"rendered":"<p>Kosovo &#8211; U petak 6. maja je u Domu kulture \u201cXhemajli Berisha\u201d u Prizrenu organizovana proslava povodom 65 godina osnivanja Udru\u017eenja starih zanatlija i biznismena op\u0107ine Prizren. U predivnom ambijentu prepunom gostiju koji su htjeli pozdraviti one koji se bave starim zanatima koji, na\u017ealost, polagano odumiru ili su prepu\u0161teni zubu vremena, bilo je lijepih rije\u010di, [&hellip;]<\/p>\n","protected":false},"author":13,"featured_media":16188,"comment_status":"open","ping_status":"open","sticky":false,"template":"","format":"standard","meta":{"footnotes":""},"categories":[2690],"tags":[],"class_list":{"0":"post-16187","1":"post","2":"type-post","3":"status-publish","4":"format-standard","5":"has-post-thumbnail","7":"category-kosovo-gradovi"},"yoast_head":"<!-- This site is optimized with the Yoast SEO Premium plugin v23.1 (Yoast SEO v24.9) - https:\/\/yoast.com\/wordpress\/plugins\/seo\/ -->\n<title>Prizren: 65 godina Udru\u017eenja zanatlija<\/title>\n<meta name=\"robots\" content=\"index, follow, max-snippet:-1, max-image-preview:large, max-video-preview:-1\" \/>\n<link rel=\"canonical\" href=\"https:\/\/sandzakpress.net\/arhiva\/prizren-65-godina-udruzenja-zanatlija\/\" \/>\n<meta property=\"og:locale\" content=\"bs_BA\" \/>\n<meta property=\"og:type\" content=\"article\" \/>\n<meta property=\"og:title\" content=\"Prizren: 65 godina Udru\u017eenja zanatlija\" \/>\n<meta property=\"og:description\" content=\"Kosovo &#8211; U petak 6. maja je u Domu kulture \u201cXhemajli Berisha\u201d u Prizrenu organizovana proslava povodom 65 godina osnivanja Udru\u017eenja starih zanatlija i biznismena op\u0107ine Prizren. U predivnom ambijentu prepunom gostiju koji su htjeli pozdraviti one koji se bave starim zanatima koji, na\u017ealost, polagano odumiru ili su prepu\u0161teni zubu vremena, bilo je lijepih rije\u010di, [&hellip;]\" \/>\n<meta property=\"og:url\" content=\"https:\/\/sandzakpress.net\/arhiva\/prizren-65-godina-udruzenja-zanatlija\/\" \/>\n<meta property=\"og:site_name\" content=\"Sand\u017eak PRESS\" \/>\n<meta property=\"article:published_time\" content=\"2011-05-10T10:39:06+00:00\" \/>\n<meta property=\"article:modified_time\" content=\"2011-05-10T10:39:56+00:00\" \/>\n<meta property=\"og:image\" content=\"https:\/\/sandzakpress.net\/arhiva\/wp-content\/uploads\/2011\/05\/zanatlije.jpg\" \/>\n\t<meta property=\"og:image:width\" content=\"302\" \/>\n\t<meta property=\"og:image:height\" content=\"233\" \/>\n\t<meta property=\"og:image:type\" content=\"image\/jpeg\" \/>\n<meta name=\"twitter:card\" content=\"summary_large_image\" \/>\n<meta name=\"twitter:label1\" content=\"Written by\" \/>\n\t<meta name=\"twitter:data1\" content=\"\" \/>\n\t<meta name=\"twitter:label2\" content=\"Est. reading time\" \/>\n\t<meta name=\"twitter:data2\" content=\"1 minuta\" \/>\n<script type=\"application\/ld+json\" class=\"yoast-schema-graph\">{\"@context\":\"https:\/\/schema.org\",\"@graph\":[{\"@type\":\"Article\",\"@id\":\"https:\/\/sandzakpress.net\/arhiva\/prizren-65-godina-udruzenja-zanatlija\/#article\",\"isPartOf\":{\"@id\":\"https:\/\/sandzakpress.net\/arhiva\/prizren-65-godina-udruzenja-zanatlija\/\"},\"author\":{\"name\":\"\",\"@id\":\"\"},\"headline\":\"Prizren: 65 godina Udru\u017eenja zanatlija\",\"datePublished\":\"2011-05-10T10:39:06+00:00\",\"dateModified\":\"2011-05-10T10:39:56+00:00\",\"mainEntityOfPage\":{\"@id\":\"https:\/\/sandzakpress.net\/arhiva\/prizren-65-godina-udruzenja-zanatlija\/\"},\"wordCount\":264,\"commentCount\":0,\"publisher\":{\"@id\":\"https:\/\/sandzakpress.net\/arhiva\/#\/schema\/person\/6e72b67d6e51910a1117b3b483ba20bd\"},\"image\":{\"@id\":\"https:\/\/sandzakpress.net\/arhiva\/prizren-65-godina-udruzenja-zanatlija\/#primaryimage\"},\"thumbnailUrl\":\"https:\/\/sandzakpress.net\/arhiva\/wp-content\/uploads\/2011\/05\/zanatlije.jpg\",\"articleSection\":[\"Kosovo\"],\"inLanguage\":\"bs-BA\",\"potentialAction\":[{\"@type\":\"CommentAction\",\"name\":\"Comment\",\"target\":[\"https:\/\/sandzakpress.net\/arhiva\/prizren-65-godina-udruzenja-zanatlija\/#respond\"]}]},{\"@type\":\"WebPage\",\"@id\":\"https:\/\/sandzakpress.net\/arhiva\/prizren-65-godina-udruzenja-zanatlija\/\",\"url\":\"https:\/\/sandzakpress.net\/arhiva\/prizren-65-godina-udruzenja-zanatlija\/\",\"name\":\"Prizren: 65 godina Udru\u017eenja zanatlija\",\"isPartOf\":{\"@id\":\"https:\/\/sandzakpress.net\/arhiva\/#website\"},\"primaryImageOfPage\":{\"@id\":\"https:\/\/sandzakpress.net\/arhiva\/prizren-65-godina-udruzenja-zanatlija\/#primaryimage\"},\"image\":{\"@id\":\"https:\/\/sandzakpress.net\/arhiva\/prizren-65-godina-udruzenja-zanatlija\/#primaryimage\"},\"thumbnailUrl\":\"https:\/\/sandzakpress.net\/arhiva\/wp-content\/uploads\/2011\/05\/zanatlije.jpg\",\"datePublished\":\"2011-05-10T10:39:06+00:00\",\"dateModified\":\"2011-05-10T10:39:56+00:00\",\"breadcrumb\":{\"@id\":\"https:\/\/sandzakpress.net\/arhiva\/prizren-65-godina-udruzenja-zanatlija\/#breadcrumb\"},\"inLanguage\":\"bs-BA\",\"potentialAction\":[{\"@type\":\"ReadAction\",\"target\":[\"https:\/\/sandzakpress.net\/arhiva\/prizren-65-godina-udruzenja-zanatlija\/\"]}]},{\"@type\":\"ImageObject\",\"inLanguage\":\"bs-BA\",\"@id\":\"https:\/\/sandzakpress.net\/arhiva\/prizren-65-godina-udruzenja-zanatlija\/#primaryimage\",\"url\":\"https:\/\/sandzakpress.net\/arhiva\/wp-content\/uploads\/2011\/05\/zanatlije.jpg\",\"contentUrl\":\"https:\/\/sandzakpress.net\/arhiva\/wp-content\/uploads\/2011\/05\/zanatlije.jpg\",\"width\":302,\"height\":233},{\"@type\":\"BreadcrumbList\",\"@id\":\"https:\/\/sandzakpress.net\/arhiva\/prizren-65-godina-udruzenja-zanatlija\/#breadcrumb\",\"itemListElement\":[{\"@type\":\"ListItem\",\"position\":1,\"name\":\"Home\",\"item\":\"https:\/\/sandzakpress.net\/arhiva\/\"},{\"@type\":\"ListItem\",\"position\":2,\"name\":\"Prizren: 65 godina Udru\u017eenja zanatlija\"}]},{\"@type\":\"WebSite\",\"@id\":\"https:\/\/sandzakpress.net\/arhiva\/#website\",\"url\":\"https:\/\/sandzakpress.net\/arhiva\/\",\"name\":\"Sand\u017eak PRESS\",\"description\":\"Prve elektronske novine u Sand\u017eaku\",\"publisher\":{\"@id\":\"https:\/\/sandzakpress.net\/arhiva\/#\/schema\/person\/6e72b67d6e51910a1117b3b483ba20bd\"},\"potentialAction\":[{\"@type\":\"SearchAction\",\"target\":{\"@type\":\"EntryPoint\",\"urlTemplate\":\"https:\/\/sandzakpress.net\/arhiva\/?s={search_term_string}\"},\"query-input\":{\"@type\":\"PropertyValueSpecification\",\"valueRequired\":true,\"valueName\":\"search_term_string\"}}],\"inLanguage\":\"bs-BA\"},{\"@type\":[\"Person\",\"Organization\"],\"@id\":\"https:\/\/sandzakpress.net\/arhiva\/#\/schema\/person\/6e72b67d6e51910a1117b3b483ba20bd\",\"name\":\"Kul\",\"image\":{\"@type\":\"ImageObject\",\"inLanguage\":\"bs-BA\",\"@id\":\"https:\/\/sandzakpress.net\/arhiva\/#\/schema\/person\/image\/\",\"url\":\"https:\/\/secure.gravatar.com\/avatar\/42263f39aa27ac04c43cab85c280eb2e?s=96&d=mm&r=pg\",\"contentUrl\":\"https:\/\/secure.gravatar.com\/avatar\/42263f39aa27ac04c43cab85c280eb2e?s=96&d=mm&r=pg\",\"caption\":\"Kul\"},\"logo\":{\"@id\":\"https:\/\/sandzakpress.net\/arhiva\/#\/schema\/person\/image\/\"}},{\"@type\":\"Person\",\"@id\":\"\",\"url\":\"https:\/\/sandzakpress.net\/arhiva\/author\/\"}]}<\/script>\n<!-- \/ Yoast SEO Premium plugin. -->","yoast_head_json":{"title":"Prizren: 65 godina Udru\u017eenja zanatlija","robots":{"index":"index","follow":"follow","max-snippet":"max-snippet:-1","max-image-preview":"max-image-preview:large","max-video-preview":"max-video-preview:-1"},"canonical":"https:\/\/sandzakpress.net\/arhiva\/prizren-65-godina-udruzenja-zanatlija\/","og_locale":"bs_BA","og_type":"article","og_title":"Prizren: 65 godina Udru\u017eenja zanatlija","og_description":"Kosovo &#8211; U petak 6. maja je u Domu kulture \u201cXhemajli Berisha\u201d u Prizrenu organizovana proslava povodom 65 godina osnivanja Udru\u017eenja starih zanatlija i biznismena op\u0107ine Prizren. U predivnom ambijentu prepunom gostiju koji su htjeli pozdraviti one koji se bave starim zanatima koji, na\u017ealost, polagano odumiru ili su prepu\u0161teni zubu vremena, bilo je lijepih rije\u010di, [&hellip;]","og_url":"https:\/\/sandzakpress.net\/arhiva\/prizren-65-godina-udruzenja-zanatlija\/","og_site_name":"Sand\u017eak PRESS","article_published_time":"2011-05-10T10:39:06+00:00","article_modified_time":"2011-05-10T10:39:56+00:00","og_image":[{"width":302,"height":233,"url":"https:\/\/sandzakpress.net\/arhiva\/wp-content\/uploads\/2011\/05\/zanatlije.jpg","type":"image\/jpeg"}],"twitter_card":"summary_large_image","twitter_misc":{"Written by":"","Est. reading time":"1 minuta"},"schema":{"@context":"https:\/\/schema.org","@graph":[{"@type":"Article","@id":"https:\/\/sandzakpress.net\/arhiva\/prizren-65-godina-udruzenja-zanatlija\/#article","isPartOf":{"@id":"https:\/\/sandzakpress.net\/arhiva\/prizren-65-godina-udruzenja-zanatlija\/"},"author":{"name":"","@id":""},"headline":"Prizren: 65 godina Udru\u017eenja zanatlija","datePublished":"2011-05-10T10:39:06+00:00","dateModified":"2011-05-10T10:39:56+00:00","mainEntityOfPage":{"@id":"https:\/\/sandzakpress.net\/arhiva\/prizren-65-godina-udruzenja-zanatlija\/"},"wordCount":264,"commentCount":0,"publisher":{"@id":"https:\/\/sandzakpress.net\/arhiva\/#\/schema\/person\/6e72b67d6e51910a1117b3b483ba20bd"},"image":{"@id":"https:\/\/sandzakpress.net\/arhiva\/prizren-65-godina-udruzenja-zanatlija\/#primaryimage"},"thumbnailUrl":"https:\/\/sandzakpress.net\/arhiva\/wp-content\/uploads\/2011\/05\/zanatlije.jpg","articleSection":["Kosovo"],"inLanguage":"bs-BA","potentialAction":[{"@type":"CommentAction","name":"Comment","target":["https:\/\/sandzakpress.net\/arhiva\/prizren-65-godina-udruzenja-zanatlija\/#respond"]}]},{"@type":"WebPage","@id":"https:\/\/sandzakpress.net\/arhiva\/prizren-65-godina-udruzenja-zanatlija\/","url":"https:\/\/sandzakpress.net\/arhiva\/prizren-65-godina-udruzenja-zanatlija\/","name":"Prizren: 65 godina Udru\u017eenja zanatlija","isPartOf":{"@id":"https:\/\/sandzakpress.net\/arhiva\/#website"},"primaryImageOfPage":{"@id":"https:\/\/sandzakpress.net\/arhiva\/prizren-65-godina-udruzenja-zanatlija\/#primaryimage"},"image":{"@id":"https:\/\/sandzakpress.net\/arhiva\/prizren-65-godina-udruzenja-zanatlija\/#primaryimage"},"thumbnailUrl":"https:\/\/sandzakpress.net\/arhiva\/wp-content\/uploads\/2011\/05\/zanatlije.jpg","datePublished":"2011-05-10T10:39:06+00:00","dateModified":"2011-05-10T10:39:56+00:00","breadcrumb":{"@id":"https:\/\/sandzakpress.net\/arhiva\/prizren-65-godina-udruzenja-zanatlija\/#breadcrumb"},"inLanguage":"bs-BA","potentialAction":[{"@type":"ReadAction","target":["https:\/\/sandzakpress.net\/arhiva\/prizren-65-godina-udruzenja-zanatlija\/"]}]},{"@type":"ImageObject","inLanguage":"bs-BA","@id":"https:\/\/sandzakpress.net\/arhiva\/prizren-65-godina-udruzenja-zanatlija\/#primaryimage","url":"https:\/\/sandzakpress.net\/arhiva\/wp-content\/uploads\/2011\/05\/zanatlije.jpg","contentUrl":"https:\/\/sandzakpress.net\/arhiva\/wp-content\/uploads\/2011\/05\/zanatlije.jpg","width":302,"height":233},{"@type":"BreadcrumbList","@id":"https:\/\/sandzakpress.net\/arhiva\/prizren-65-godina-udruzenja-zanatlija\/#breadcrumb","itemListElement":[{"@type":"ListItem","position":1,"name":"Home","item":"https:\/\/sandzakpress.net\/arhiva\/"},{"@type":"ListItem","position":2,"name":"Prizren: 65 godina Udru\u017eenja zanatlija"}]},{"@type":"WebSite","@id":"https:\/\/sandzakpress.net\/arhiva\/#website","url":"https:\/\/sandzakpress.net\/arhiva\/","name":"Sand\u017eak PRESS","description":"Prve elektronske novine u Sand\u017eaku","publisher":{"@id":"https:\/\/sandzakpress.net\/arhiva\/#\/schema\/person\/6e72b67d6e51910a1117b3b483ba20bd"},"potentialAction":[{"@type":"SearchAction","target":{"@type":"EntryPoint","urlTemplate":"https:\/\/sandzakpress.net\/arhiva\/?s={search_term_string}"},"query-input":{"@type":"PropertyValueSpecification","valueRequired":true,"valueName":"search_term_string"}}],"inLanguage":"bs-BA"},{"@type":["Person","Organization"],"@id":"https:\/\/sandzakpress.net\/arhiva\/#\/schema\/person\/6e72b67d6e51910a1117b3b483ba20bd","name":"Kul","image":{"@type":"ImageObject","inLanguage":"bs-BA","@id":"https:\/\/sandzakpress.net\/arhiva\/#\/schema\/person\/image\/","url":"https:\/\/secure.gravatar.com\/avatar\/42263f39aa27ac04c43cab85c280eb2e?s=96&d=mm&r=pg","contentUrl":"https:\/\/secure.gravatar.com\/avatar\/42263f39aa27ac04c43cab85c280eb2e?s=96&d=mm&r=pg","caption":"Kul"},"logo":{"@id":"https:\/\/sandzakpress.net\/arhiva\/#\/schema\/person\/image\/"}},{"@type":"Person","@id":"","url":"https:\/\/sandzakpress.net\/arhiva\/author\/"}]}},"_links":{"self":[{"href":"https:\/\/sandzakpress.net\/arhiva\/wp-json\/wp\/v2\/posts\/16187"}],"collection":[{"href":"https:\/\/sandzakpress.net\/arhiva\/wp-json\/wp\/v2\/posts"}],"about":[{"href":"https:\/\/sandzakpress.net\/arhiva\/wp-json\/wp\/v2\/types\/post"}],"author":[{"embeddable":true,"href":"https:\/\/sandzakpress.net\/arhiva\/wp-json\/wp\/v2\/users\/13"}],"replies":[{"embeddable":true,"href":"https:\/\/sandzakpress.net\/arhiva\/wp-json\/wp\/v2\/comments?post=16187"}],"version-history":[{"count":0,"href":"https:\/\/sandzakpress.net\/arhiva\/wp-json\/wp\/v2\/posts\/16187\/revisions"}],"wp:featuredmedia":[{"embeddable":true,"href":"https:\/\/sandzakpress.net\/arhiva\/wp-json\/wp\/v2\/media\/16188"}],"wp:attachment":[{"href":"https:\/\/sandzakpress.net\/arhiva\/wp-json\/wp\/v2\/media?parent=16187"}],"wp:term":[{"taxonomy":"category","embeddable":true,"href":"https:\/\/sandzakpress.net\/arhiva\/wp-json\/wp\/v2\/categories?post=16187"},{"taxonomy":"post_tag","embeddable":true,"href":"https:\/\/sandzakpress.net\/arhiva\/wp-json\/wp\/v2\/tags?post=16187"}],"curies":[{"name":"wp","href":"https:\/\/api.w.org\/{rel}","templated":true}]}}