{"id":16175,"date":"2011-05-10T12:21:05","date_gmt":"2011-05-10T10:21:05","guid":{"rendered":"https:\/\/sandzakpress.net\/arhiva\/?p=16175"},"modified":"2011-05-10T12:21:05","modified_gmt":"2011-05-10T10:21:05","slug":"ekrem-modar-od-batina","status":"publish","type":"post","link":"https:\/\/sandzakpress.net\/arhiva\/ekrem-modar-od-batina\/","title":{"rendered":"Ekrem modar od batina!!!"},"content":{"rendered":"<p><strong><a href=\"https:\/\/sandzakpress.net\/arhiva\/wp-content\/uploads\/2011\/05\/ekrem-v.jpg\"><img loading=\"lazy\" decoding=\"async\" class=\"alignleft size-medium wp-image-16176\" src=\"https:\/\/sandzakpress.net\/arhiva\/wp-content\/uploads\/2011\/05\/ekrem-v-300x182.jpg\" alt=\"\" width=\"300\" height=\"182\" \/><\/a>Sand\u017eak Show &#8211; Slike govore vi\u0161e od rije\u010di! Iako se internet zvijezda Ekrem Jevri\u0107 nije ogla\u0161avao otkako se pri\u010da da je bio pretu\u010den zbog dugova pojavila u javnosti, potvrda da je dobio batine pojavila se, i to u vidu fotografija.<\/strong><\/p>\n<p>Naime, na internet portalu magazina \u201eSvet\u201c objavljene su slike na kojima se vidi da je Gospodi lijeva strana lica modra od batina koje je dobio, pretpostavlja se, od menad\u017eera kome je ostao du\u017ean novac. Jevri\u0107 je fotografisan kako se u radionici bavi stolarijom dok mu na licu stoje tragovi tu\u010de od prije nedelju dana. Da ga je neko brutalno tukao svjedo\u010di i to \u0161to je modrica velika iako je pro\u0161lo deset dana od nemilog doga\u0111aja.<br \/>\nIna\u010de, posle izlaska iz bolnice Ekrem se vratio u Ameriku kod svoje Igbale da ga lije\u010di od \u201eljutijeh rana\u201c. Zasad nije spreman da pri\u010da o bilo \u010demu, a da li \u0107e i kada progovoriti o razlozima zbog kojih je pretu\u010den, ostaje nam da budemo strpljivi i vidimo.<\/p>\n<p>Izvor: <strong>Alo.rs<\/strong><\/p>\n","protected":false},"excerpt":{"rendered":"<p>Sand\u017eak Show &#8211; Slike govore vi\u0161e od rije\u010di! Iako se internet zvijezda Ekrem Jevri\u0107 nije ogla\u0161avao otkako se pri\u010da da je bio pretu\u010den zbog dugova pojavila u javnosti, potvrda da je dobio batine pojavila se, i to u vidu fotografija. Naime, na internet portalu magazina \u201eSvet\u201c objavljene su slike na kojima se vidi da je [&hellip;]<\/p>\n","protected":false},"author":13,"featured_media":16176,"comment_status":"open","ping_status":"open","sticky":false,"template":"","format":"standard","meta":{"footnotes":""},"categories":[3012],"tags":[],"class_list":{"0":"post-16175","1":"post","2":"type-post","3":"status-publish","4":"format-standard","5":"has-post-thumbnail","7":"category-amerika-gradovi"},"yoast_head":"<!-- This site is optimized with the Yoast SEO Premium plugin v23.1 (Yoast SEO v24.9) - https:\/\/yoast.com\/wordpress\/plugins\/seo\/ -->\n<title>Ekrem modar od batina!!!<\/title>\n<meta name=\"robots\" content=\"index, follow, max-snippet:-1, max-image-preview:large, max-video-preview:-1\" \/>\n<link rel=\"canonical\" href=\"https:\/\/sandzakpress.net\/arhiva\/ekrem-modar-od-batina\/\" \/>\n<meta property=\"og:locale\" content=\"bs_BA\" \/>\n<meta property=\"og:type\" content=\"article\" \/>\n<meta property=\"og:title\" content=\"Ekrem modar od batina!!!\" \/>\n<meta property=\"og:description\" content=\"Sand\u017eak Show &#8211; Slike govore vi\u0161e od rije\u010di! Iako se internet zvijezda Ekrem Jevri\u0107 nije ogla\u0161avao otkako se pri\u010da da je bio pretu\u010den zbog dugova pojavila u javnosti, potvrda da je dobio batine pojavila se, i to u vidu fotografija. Naime, na internet portalu magazina \u201eSvet\u201c objavljene su slike na kojima se vidi da je [&hellip;]\" \/>\n<meta property=\"og:url\" content=\"https:\/\/sandzakpress.net\/arhiva\/ekrem-modar-od-batina\/\" \/>\n<meta property=\"og:site_name\" content=\"Sand\u017eak PRESS\" \/>\n<meta property=\"article:published_time\" content=\"2011-05-10T10:21:05+00:00\" \/>\n<meta property=\"og:image\" content=\"https:\/\/sandzakpress.net\/arhiva\/wp-content\/uploads\/2011\/05\/ekrem-v.jpg\" \/>\n\t<meta property=\"og:image:width\" content=\"460\" \/>\n\t<meta property=\"og:image:height\" content=\"280\" \/>\n\t<meta property=\"og:image:type\" content=\"image\/jpeg\" \/>\n<meta name=\"twitter:card\" content=\"summary_large_image\" \/>\n<meta name=\"twitter:label1\" content=\"Written by\" \/>\n\t<meta name=\"twitter:data1\" content=\"\" \/>\n\t<meta name=\"twitter:label2\" content=\"Est. reading time\" \/>\n\t<meta name=\"twitter:data2\" content=\"1 minuta\" \/>\n<script type=\"application\/ld+json\" class=\"yoast-schema-graph\">{\"@context\":\"https:\/\/schema.org\",\"@graph\":[{\"@type\":\"Article\",\"@id\":\"https:\/\/sandzakpress.net\/arhiva\/ekrem-modar-od-batina\/#article\",\"isPartOf\":{\"@id\":\"https:\/\/sandzakpress.net\/arhiva\/ekrem-modar-od-batina\/\"},\"author\":{\"name\":\"\",\"@id\":\"\"},\"headline\":\"Ekrem modar od batina!!!\",\"datePublished\":\"2011-05-10T10:21:05+00:00\",\"mainEntityOfPage\":{\"@id\":\"https:\/\/sandzakpress.net\/arhiva\/ekrem-modar-od-batina\/\"},\"wordCount\":185,\"commentCount\":0,\"publisher\":{\"@id\":\"https:\/\/sandzakpress.net\/arhiva\/#\/schema\/person\/6e72b67d6e51910a1117b3b483ba20bd\"},\"image\":{\"@id\":\"https:\/\/sandzakpress.net\/arhiva\/ekrem-modar-od-batina\/#primaryimage\"},\"thumbnailUrl\":\"https:\/\/sandzakpress.net\/arhiva\/wp-content\/uploads\/2011\/05\/ekrem-v.jpg\",\"articleSection\":[\"Amerika\"],\"inLanguage\":\"bs-BA\",\"potentialAction\":[{\"@type\":\"CommentAction\",\"name\":\"Comment\",\"target\":[\"https:\/\/sandzakpress.net\/arhiva\/ekrem-modar-od-batina\/#respond\"]}]},{\"@type\":\"WebPage\",\"@id\":\"https:\/\/sandzakpress.net\/arhiva\/ekrem-modar-od-batina\/\",\"url\":\"https:\/\/sandzakpress.net\/arhiva\/ekrem-modar-od-batina\/\",\"name\":\"Ekrem modar od batina!!!\",\"isPartOf\":{\"@id\":\"https:\/\/sandzakpress.net\/arhiva\/#website\"},\"primaryImageOfPage\":{\"@id\":\"https:\/\/sandzakpress.net\/arhiva\/ekrem-modar-od-batina\/#primaryimage\"},\"image\":{\"@id\":\"https:\/\/sandzakpress.net\/arhiva\/ekrem-modar-od-batina\/#primaryimage\"},\"thumbnailUrl\":\"https:\/\/sandzakpress.net\/arhiva\/wp-content\/uploads\/2011\/05\/ekrem-v.jpg\",\"datePublished\":\"2011-05-10T10:21:05+00:00\",\"breadcrumb\":{\"@id\":\"https:\/\/sandzakpress.net\/arhiva\/ekrem-modar-od-batina\/#breadcrumb\"},\"inLanguage\":\"bs-BA\",\"potentialAction\":[{\"@type\":\"ReadAction\",\"target\":[\"https:\/\/sandzakpress.net\/arhiva\/ekrem-modar-od-batina\/\"]}]},{\"@type\":\"ImageObject\",\"inLanguage\":\"bs-BA\",\"@id\":\"https:\/\/sandzakpress.net\/arhiva\/ekrem-modar-od-batina\/#primaryimage\",\"url\":\"https:\/\/sandzakpress.net\/arhiva\/wp-content\/uploads\/2011\/05\/ekrem-v.jpg\",\"contentUrl\":\"https:\/\/sandzakpress.net\/arhiva\/wp-content\/uploads\/2011\/05\/ekrem-v.jpg\",\"width\":460,\"height\":280},{\"@type\":\"BreadcrumbList\",\"@id\":\"https:\/\/sandzakpress.net\/arhiva\/ekrem-modar-od-batina\/#breadcrumb\",\"itemListElement\":[{\"@type\":\"ListItem\",\"position\":1,\"name\":\"Home\",\"item\":\"https:\/\/sandzakpress.net\/arhiva\/\"},{\"@type\":\"ListItem\",\"position\":2,\"name\":\"Ekrem modar od batina!!!\"}]},{\"@type\":\"WebSite\",\"@id\":\"https:\/\/sandzakpress.net\/arhiva\/#website\",\"url\":\"https:\/\/sandzakpress.net\/arhiva\/\",\"name\":\"Sand\u017eak PRESS\",\"description\":\"Prve elektronske novine u Sand\u017eaku\",\"publisher\":{\"@id\":\"https:\/\/sandzakpress.net\/arhiva\/#\/schema\/person\/6e72b67d6e51910a1117b3b483ba20bd\"},\"potentialAction\":[{\"@type\":\"SearchAction\",\"target\":{\"@type\":\"EntryPoint\",\"urlTemplate\":\"https:\/\/sandzakpress.net\/arhiva\/?s={search_term_string}\"},\"query-input\":{\"@type\":\"PropertyValueSpecification\",\"valueRequired\":true,\"valueName\":\"search_term_string\"}}],\"inLanguage\":\"bs-BA\"},{\"@type\":[\"Person\",\"Organization\"],\"@id\":\"https:\/\/sandzakpress.net\/arhiva\/#\/schema\/person\/6e72b67d6e51910a1117b3b483ba20bd\",\"name\":\"Kul\",\"image\":{\"@type\":\"ImageObject\",\"inLanguage\":\"bs-BA\",\"@id\":\"https:\/\/sandzakpress.net\/arhiva\/#\/schema\/person\/image\/\",\"url\":\"https:\/\/secure.gravatar.com\/avatar\/42263f39aa27ac04c43cab85c280eb2e?s=96&d=mm&r=pg\",\"contentUrl\":\"https:\/\/secure.gravatar.com\/avatar\/42263f39aa27ac04c43cab85c280eb2e?s=96&d=mm&r=pg\",\"caption\":\"Kul\"},\"logo\":{\"@id\":\"https:\/\/sandzakpress.net\/arhiva\/#\/schema\/person\/image\/\"}},{\"@type\":\"Person\",\"@id\":\"\",\"url\":\"https:\/\/sandzakpress.net\/arhiva\/author\/\"}]}<\/script>\n<!-- \/ Yoast SEO Premium plugin. -->","yoast_head_json":{"title":"Ekrem modar od batina!!!","robots":{"index":"index","follow":"follow","max-snippet":"max-snippet:-1","max-image-preview":"max-image-preview:large","max-video-preview":"max-video-preview:-1"},"canonical":"https:\/\/sandzakpress.net\/arhiva\/ekrem-modar-od-batina\/","og_locale":"bs_BA","og_type":"article","og_title":"Ekrem modar od batina!!!","og_description":"Sand\u017eak Show &#8211; Slike govore vi\u0161e od rije\u010di! Iako se internet zvijezda Ekrem Jevri\u0107 nije ogla\u0161avao otkako se pri\u010da da je bio pretu\u010den zbog dugova pojavila u javnosti, potvrda da je dobio batine pojavila se, i to u vidu fotografija. Naime, na internet portalu magazina \u201eSvet\u201c objavljene su slike na kojima se vidi da je [&hellip;]","og_url":"https:\/\/sandzakpress.net\/arhiva\/ekrem-modar-od-batina\/","og_site_name":"Sand\u017eak PRESS","article_published_time":"2011-05-10T10:21:05+00:00","og_image":[{"width":460,"height":280,"url":"https:\/\/sandzakpress.net\/arhiva\/wp-content\/uploads\/2011\/05\/ekrem-v.jpg","type":"image\/jpeg"}],"twitter_card":"summary_large_image","twitter_misc":{"Written by":"","Est. reading time":"1 minuta"},"schema":{"@context":"https:\/\/schema.org","@graph":[{"@type":"Article","@id":"https:\/\/sandzakpress.net\/arhiva\/ekrem-modar-od-batina\/#article","isPartOf":{"@id":"https:\/\/sandzakpress.net\/arhiva\/ekrem-modar-od-batina\/"},"author":{"name":"","@id":""},"headline":"Ekrem modar od batina!!!","datePublished":"2011-05-10T10:21:05+00:00","mainEntityOfPage":{"@id":"https:\/\/sandzakpress.net\/arhiva\/ekrem-modar-od-batina\/"},"wordCount":185,"commentCount":0,"publisher":{"@id":"https:\/\/sandzakpress.net\/arhiva\/#\/schema\/person\/6e72b67d6e51910a1117b3b483ba20bd"},"image":{"@id":"https:\/\/sandzakpress.net\/arhiva\/ekrem-modar-od-batina\/#primaryimage"},"thumbnailUrl":"https:\/\/sandzakpress.net\/arhiva\/wp-content\/uploads\/2011\/05\/ekrem-v.jpg","articleSection":["Amerika"],"inLanguage":"bs-BA","potentialAction":[{"@type":"CommentAction","name":"Comment","target":["https:\/\/sandzakpress.net\/arhiva\/ekrem-modar-od-batina\/#respond"]}]},{"@type":"WebPage","@id":"https:\/\/sandzakpress.net\/arhiva\/ekrem-modar-od-batina\/","url":"https:\/\/sandzakpress.net\/arhiva\/ekrem-modar-od-batina\/","name":"Ekrem modar od batina!!!","isPartOf":{"@id":"https:\/\/sandzakpress.net\/arhiva\/#website"},"primaryImageOfPage":{"@id":"https:\/\/sandzakpress.net\/arhiva\/ekrem-modar-od-batina\/#primaryimage"},"image":{"@id":"https:\/\/sandzakpress.net\/arhiva\/ekrem-modar-od-batina\/#primaryimage"},"thumbnailUrl":"https:\/\/sandzakpress.net\/arhiva\/wp-content\/uploads\/2011\/05\/ekrem-v.jpg","datePublished":"2011-05-10T10:21:05+00:00","breadcrumb":{"@id":"https:\/\/sandzakpress.net\/arhiva\/ekrem-modar-od-batina\/#breadcrumb"},"inLanguage":"bs-BA","potentialAction":[{"@type":"ReadAction","target":["https:\/\/sandzakpress.net\/arhiva\/ekrem-modar-od-batina\/"]}]},{"@type":"ImageObject","inLanguage":"bs-BA","@id":"https:\/\/sandzakpress.net\/arhiva\/ekrem-modar-od-batina\/#primaryimage","url":"https:\/\/sandzakpress.net\/arhiva\/wp-content\/uploads\/2011\/05\/ekrem-v.jpg","contentUrl":"https:\/\/sandzakpress.net\/arhiva\/wp-content\/uploads\/2011\/05\/ekrem-v.jpg","width":460,"height":280},{"@type":"BreadcrumbList","@id":"https:\/\/sandzakpress.net\/arhiva\/ekrem-modar-od-batina\/#breadcrumb","itemListElement":[{"@type":"ListItem","position":1,"name":"Home","item":"https:\/\/sandzakpress.net\/arhiva\/"},{"@type":"ListItem","position":2,"name":"Ekrem modar od batina!!!"}]},{"@type":"WebSite","@id":"https:\/\/sandzakpress.net\/arhiva\/#website","url":"https:\/\/sandzakpress.net\/arhiva\/","name":"Sand\u017eak PRESS","description":"Prve elektronske novine u Sand\u017eaku","publisher":{"@id":"https:\/\/sandzakpress.net\/arhiva\/#\/schema\/person\/6e72b67d6e51910a1117b3b483ba20bd"},"potentialAction":[{"@type":"SearchAction","target":{"@type":"EntryPoint","urlTemplate":"https:\/\/sandzakpress.net\/arhiva\/?s={search_term_string}"},"query-input":{"@type":"PropertyValueSpecification","valueRequired":true,"valueName":"search_term_string"}}],"inLanguage":"bs-BA"},{"@type":["Person","Organization"],"@id":"https:\/\/sandzakpress.net\/arhiva\/#\/schema\/person\/6e72b67d6e51910a1117b3b483ba20bd","name":"Kul","image":{"@type":"ImageObject","inLanguage":"bs-BA","@id":"https:\/\/sandzakpress.net\/arhiva\/#\/schema\/person\/image\/","url":"https:\/\/secure.gravatar.com\/avatar\/42263f39aa27ac04c43cab85c280eb2e?s=96&d=mm&r=pg","contentUrl":"https:\/\/secure.gravatar.com\/avatar\/42263f39aa27ac04c43cab85c280eb2e?s=96&d=mm&r=pg","caption":"Kul"},"logo":{"@id":"https:\/\/sandzakpress.net\/arhiva\/#\/schema\/person\/image\/"}},{"@type":"Person","@id":"","url":"https:\/\/sandzakpress.net\/arhiva\/author\/"}]}},"_links":{"self":[{"href":"https:\/\/sandzakpress.net\/arhiva\/wp-json\/wp\/v2\/posts\/16175"}],"collection":[{"href":"https:\/\/sandzakpress.net\/arhiva\/wp-json\/wp\/v2\/posts"}],"about":[{"href":"https:\/\/sandzakpress.net\/arhiva\/wp-json\/wp\/v2\/types\/post"}],"author":[{"embeddable":true,"href":"https:\/\/sandzakpress.net\/arhiva\/wp-json\/wp\/v2\/users\/13"}],"replies":[{"embeddable":true,"href":"https:\/\/sandzakpress.net\/arhiva\/wp-json\/wp\/v2\/comments?post=16175"}],"version-history":[{"count":0,"href":"https:\/\/sandzakpress.net\/arhiva\/wp-json\/wp\/v2\/posts\/16175\/revisions"}],"wp:featuredmedia":[{"embeddable":true,"href":"https:\/\/sandzakpress.net\/arhiva\/wp-json\/wp\/v2\/media\/16176"}],"wp:attachment":[{"href":"https:\/\/sandzakpress.net\/arhiva\/wp-json\/wp\/v2\/media?parent=16175"}],"wp:term":[{"taxonomy":"category","embeddable":true,"href":"https:\/\/sandzakpress.net\/arhiva\/wp-json\/wp\/v2\/categories?post=16175"},{"taxonomy":"post_tag","embeddable":true,"href":"https:\/\/sandzakpress.net\/arhiva\/wp-json\/wp\/v2\/tags?post=16175"}],"curies":[{"name":"wp","href":"https:\/\/api.w.org\/{rel}","templated":true}]}}