{"id":161521,"date":"2016-06-02T13:05:36","date_gmt":"2016-06-02T11:05:36","guid":{"rendered":"https:\/\/sandzakpress.net\/arhiva\/?p=161521"},"modified":"2016-06-02T13:05:36","modified_gmt":"2016-06-02T11:05:36","slug":"rozaje-dokumenta-nisu-spaljena","status":"publish","type":"post","link":"https:\/\/sandzakpress.net\/arhiva\/rozaje-dokumenta-nisu-spaljena\/","title":{"rendered":"Ro\u017eaje &#8211; Dokumenta nisu spaljena!"},"content":{"rendered":"<p><img decoding=\"async\" src=\"http:\/\/www.novosti.rs\/upload\/thumbs\/images\/2016\/\/05\/31n\/cg_620x0.jpg\" alt=\" Majke na poslednjem okupljanju\" \/><\/p>\n<p><strong>Ro\u017eaje &#8211; Slu\u017ebenici Zavoda za zapo\u0161ljavanje u Ro\u017eajama izdali su majkama sa troje i vi\u0161e djece uvjerenja o du\u017eini \u010dekanja na evidenciji nezaposlenih, \u0161to zna\u010di da su time re\u0161eni svi njihovi zahtjevi za dobijanje do\u017eivotne mjese\u010dne naknade.<br \/><\/strong><br \/>Ovo je saop\u0161teno iz Zavoda Crne Gore, posle dvonedeljnog protesta ogor\u010denih majki, koje su tvrdile da su zbog nemara ljudi iz ro\u017eajskog Biroa rada, jer im je neko, navodno, spalio svu li\u010dnu dokumentaciju o evidenciji sta\u017ea nezaposlenih lica, veliki broj njih ostao bez mogu\u0107nosti da dobije do\u017eivotnu naknadu.<\/p>\n<p>&#8211; Zavod je izdao ukupno 1.371 uvjerenje i uputio Centru za socijalni rad na dono\u0161enje re\u0161enja o pravu. Utvr\u0111eno je da se 934 majke nalaze na evidenciji du\u017ee od 15 godina, a njih 369 je na evidenciji manje od 15 godina. Zahtjev je podnijelo i 20 \u017eena starijih od 67 godina, ali po Zakonu o zapo\u0161ljavanju one se u toj dobi ne nalaze na evidenciji Zavoda. Nisu ta\u010dne, niti imaju utemeljenja, javno iznijete tvrdnje da je dokumentacija iz Ro\u017eaja sporna, zapaljena, uni\u0161tena ili nestala &#8211; saop\u0161teno je iz ZZCG.<\/p>\n<p>Iz ZZCG tvrde da dokumentacija iz Zavoda u Ro\u017eajama nije uni\u0161tena niti izgubljena, jer se, kako tvrde, dio koji je mikrofilmovan nalazi u Centralnoj slu\u017ebi Zavoda za zapo\u0161ljavanje Crne Gore, a dio je u Ro\u017eajama, gdje je oko 27 odsto zahtjeva negativno rije\u0161eno.<\/p>\n<p>&#8211; Nezadovoljne \u017eene imaju pravo, u roku od 15 dana, da se \u017eale Ministarstvu rada i socijalnog staranja, a potom Upravnom sudu. Izvje\u0161taj o radu slu\u017ebenika Zavoda u Ro\u017eajama zvani\u010dno je dostavljen na vi\u0161e dr\u017eavnih adresa: Ministarstvu rada i socijalnog staranja, Za\u0161titniku ljudskih prava i sloboda, Osnovnom dr\u017eavnom tu\u017eila\u0161tvu Ro\u017eaje, te zainteresovanim poslanicima i poslani\u010dkim klubovima.<\/p>\n<p>Kako \u0107e reagovati same majke, koje su \u010dak bile zaprijetile da \u0107e okupirati prostorije ZZ Ro\u017eaje, sada ostaje da se vidi.<\/p>\n<p>(Novosti)<\/p>\n","protected":false},"excerpt":{"rendered":"<p>Ro\u017eaje &#8211; Slu\u017ebenici Zavoda za zapo\u0161ljavanje u Ro\u017eajama izdali su majkama sa troje i vi\u0161e djece uvjerenja o du\u017eini \u010dekanja na evidenciji nezaposlenih, \u0161to zna\u010di da su time re\u0161eni svi njihovi zahtjevi za dobijanje do\u017eivotne mjese\u010dne naknade.Ovo je saop\u0161teno iz Zavoda Crne Gore, posle dvonedeljnog protesta ogor\u010denih majki, koje su tvrdile da su zbog nemara [&hellip;]<\/p>\n","protected":false},"author":83,"featured_media":161530,"comment_status":"open","ping_status":"open","sticky":false,"template":"","format":"standard","meta":{"footnotes":""},"categories":[398,5],"tags":[],"class_list":{"0":"post-161521","1":"post","2":"type-post","3":"status-publish","4":"format-standard","5":"has-post-thumbnail","7":"category-rozaje","8":"category-drustvo"},"yoast_head":"<!-- This site is optimized with the Yoast SEO Premium plugin v23.1 (Yoast SEO v24.9) - https:\/\/yoast.com\/wordpress\/plugins\/seo\/ -->\n<title>Ro\u017eaje - Dokumenta nisu spaljena!<\/title>\n<meta name=\"robots\" content=\"index, follow, max-snippet:-1, max-image-preview:large, max-video-preview:-1\" \/>\n<link rel=\"canonical\" href=\"https:\/\/sandzakpress.net\/arhiva\/rozaje-dokumenta-nisu-spaljena\/\" \/>\n<meta property=\"og:locale\" content=\"bs_BA\" \/>\n<meta property=\"og:type\" content=\"article\" \/>\n<meta property=\"og:title\" content=\"Ro\u017eaje - Dokumenta nisu spaljena!\" \/>\n<meta property=\"og:description\" content=\"Ro\u017eaje &#8211; Slu\u017ebenici Zavoda za zapo\u0161ljavanje u Ro\u017eajama izdali su majkama sa troje i vi\u0161e djece uvjerenja o du\u017eini \u010dekanja na evidenciji nezaposlenih, \u0161to zna\u010di da su time re\u0161eni svi njihovi zahtjevi za dobijanje do\u017eivotne mjese\u010dne naknade.Ovo je saop\u0161teno iz Zavoda Crne Gore, posle dvonedeljnog protesta ogor\u010denih majki, koje su tvrdile da su zbog nemara [&hellip;]\" \/>\n<meta property=\"og:url\" content=\"https:\/\/sandzakpress.net\/arhiva\/rozaje-dokumenta-nisu-spaljena\/\" \/>\n<meta property=\"og:site_name\" content=\"Sand\u017eak PRESS\" \/>\n<meta property=\"article:published_time\" content=\"2016-06-02T11:05:36+00:00\" \/>\n<meta property=\"og:image\" content=\"https:\/\/sandzakpress.net\/arhiva\/wp-content\/uploads\/2016\/06\/cg_620x0.jpg\" \/>\n\t<meta property=\"og:image:width\" content=\"620\" \/>\n\t<meta property=\"og:image:height\" content=\"324\" \/>\n\t<meta property=\"og:image:type\" content=\"image\/jpeg\" \/>\n<meta name=\"author\" content=\"bosniak\" \/>\n<meta name=\"twitter:card\" content=\"summary_large_image\" \/>\n<meta name=\"twitter:label1\" content=\"Written by\" \/>\n\t<meta name=\"twitter:data1\" content=\"bosniak\" \/>\n\t<meta name=\"twitter:label2\" content=\"Est. reading time\" \/>\n\t<meta name=\"twitter:data2\" content=\"2 minute\" \/>\n<script type=\"application\/ld+json\" class=\"yoast-schema-graph\">{\"@context\":\"https:\/\/schema.org\",\"@graph\":[{\"@type\":\"Article\",\"@id\":\"https:\/\/sandzakpress.net\/arhiva\/rozaje-dokumenta-nisu-spaljena\/#article\",\"isPartOf\":{\"@id\":\"https:\/\/sandzakpress.net\/arhiva\/rozaje-dokumenta-nisu-spaljena\/\"},\"author\":{\"name\":\"bosniak\",\"@id\":\"https:\/\/sandzakpress.net\/arhiva\/#\/schema\/person\/c8baee722073534b583ea7bdb2e36c02\"},\"headline\":\"Ro\u017eaje &#8211; Dokumenta nisu spaljena!\",\"datePublished\":\"2016-06-02T11:05:36+00:00\",\"mainEntityOfPage\":{\"@id\":\"https:\/\/sandzakpress.net\/arhiva\/rozaje-dokumenta-nisu-spaljena\/\"},\"wordCount\":337,\"commentCount\":2,\"publisher\":{\"@id\":\"https:\/\/sandzakpress.net\/arhiva\/#\/schema\/person\/6e72b67d6e51910a1117b3b483ba20bd\"},\"image\":{\"@id\":\"https:\/\/sandzakpress.net\/arhiva\/rozaje-dokumenta-nisu-spaljena\/#primaryimage\"},\"thumbnailUrl\":\"https:\/\/sandzakpress.net\/arhiva\/wp-content\/uploads\/2016\/06\/cg_620x0.jpg\",\"articleSection\":[\"Ro\u017eaje\",\"Dru\u0161tvo\"],\"inLanguage\":\"bs-BA\",\"potentialAction\":[{\"@type\":\"CommentAction\",\"name\":\"Comment\",\"target\":[\"https:\/\/sandzakpress.net\/arhiva\/rozaje-dokumenta-nisu-spaljena\/#respond\"]}]},{\"@type\":\"WebPage\",\"@id\":\"https:\/\/sandzakpress.net\/arhiva\/rozaje-dokumenta-nisu-spaljena\/\",\"url\":\"https:\/\/sandzakpress.net\/arhiva\/rozaje-dokumenta-nisu-spaljena\/\",\"name\":\"Ro\u017eaje - Dokumenta nisu spaljena!\",\"isPartOf\":{\"@id\":\"https:\/\/sandzakpress.net\/arhiva\/#website\"},\"primaryImageOfPage\":{\"@id\":\"https:\/\/sandzakpress.net\/arhiva\/rozaje-dokumenta-nisu-spaljena\/#primaryimage\"},\"image\":{\"@id\":\"https:\/\/sandzakpress.net\/arhiva\/rozaje-dokumenta-nisu-spaljena\/#primaryimage\"},\"thumbnailUrl\":\"https:\/\/sandzakpress.net\/arhiva\/wp-content\/uploads\/2016\/06\/cg_620x0.jpg\",\"datePublished\":\"2016-06-02T11:05:36+00:00\",\"breadcrumb\":{\"@id\":\"https:\/\/sandzakpress.net\/arhiva\/rozaje-dokumenta-nisu-spaljena\/#breadcrumb\"},\"inLanguage\":\"bs-BA\",\"potentialAction\":[{\"@type\":\"ReadAction\",\"target\":[\"https:\/\/sandzakpress.net\/arhiva\/rozaje-dokumenta-nisu-spaljena\/\"]}]},{\"@type\":\"ImageObject\",\"inLanguage\":\"bs-BA\",\"@id\":\"https:\/\/sandzakpress.net\/arhiva\/rozaje-dokumenta-nisu-spaljena\/#primaryimage\",\"url\":\"https:\/\/sandzakpress.net\/arhiva\/wp-content\/uploads\/2016\/06\/cg_620x0.jpg\",\"contentUrl\":\"https:\/\/sandzakpress.net\/arhiva\/wp-content\/uploads\/2016\/06\/cg_620x0.jpg\",\"width\":620,\"height\":324},{\"@type\":\"BreadcrumbList\",\"@id\":\"https:\/\/sandzakpress.net\/arhiva\/rozaje-dokumenta-nisu-spaljena\/#breadcrumb\",\"itemListElement\":[{\"@type\":\"ListItem\",\"position\":1,\"name\":\"Home\",\"item\":\"https:\/\/sandzakpress.net\/arhiva\/\"},{\"@type\":\"ListItem\",\"position\":2,\"name\":\"Ro\u017eaje &#8211; Dokumenta nisu spaljena!\"}]},{\"@type\":\"WebSite\",\"@id\":\"https:\/\/sandzakpress.net\/arhiva\/#website\",\"url\":\"https:\/\/sandzakpress.net\/arhiva\/\",\"name\":\"Sand\u017eak PRESS\",\"description\":\"Prve elektronske novine u Sand\u017eaku\",\"publisher\":{\"@id\":\"https:\/\/sandzakpress.net\/arhiva\/#\/schema\/person\/6e72b67d6e51910a1117b3b483ba20bd\"},\"potentialAction\":[{\"@type\":\"SearchAction\",\"target\":{\"@type\":\"EntryPoint\",\"urlTemplate\":\"https:\/\/sandzakpress.net\/arhiva\/?s={search_term_string}\"},\"query-input\":{\"@type\":\"PropertyValueSpecification\",\"valueRequired\":true,\"valueName\":\"search_term_string\"}}],\"inLanguage\":\"bs-BA\"},{\"@type\":[\"Person\",\"Organization\"],\"@id\":\"https:\/\/sandzakpress.net\/arhiva\/#\/schema\/person\/6e72b67d6e51910a1117b3b483ba20bd\",\"name\":\"Kul\",\"image\":{\"@type\":\"ImageObject\",\"inLanguage\":\"bs-BA\",\"@id\":\"https:\/\/sandzakpress.net\/arhiva\/#\/schema\/person\/image\/\",\"url\":\"https:\/\/secure.gravatar.com\/avatar\/42263f39aa27ac04c43cab85c280eb2e?s=96&d=mm&r=pg\",\"contentUrl\":\"https:\/\/secure.gravatar.com\/avatar\/42263f39aa27ac04c43cab85c280eb2e?s=96&d=mm&r=pg\",\"caption\":\"Kul\"},\"logo\":{\"@id\":\"https:\/\/sandzakpress.net\/arhiva\/#\/schema\/person\/image\/\"}},{\"@type\":\"Person\",\"@id\":\"https:\/\/sandzakpress.net\/arhiva\/#\/schema\/person\/c8baee722073534b583ea7bdb2e36c02\",\"name\":\"bosniak\",\"image\":{\"@type\":\"ImageObject\",\"inLanguage\":\"bs-BA\",\"@id\":\"https:\/\/sandzakpress.net\/arhiva\/#\/schema\/person\/image\/\",\"url\":\"https:\/\/secure.gravatar.com\/avatar\/a04fd330bfe3a36a72a0ad4a6d89fca7?s=96&d=mm&r=pg\",\"contentUrl\":\"https:\/\/secure.gravatar.com\/avatar\/a04fd330bfe3a36a72a0ad4a6d89fca7?s=96&d=mm&r=pg\",\"caption\":\"bosniak\"},\"url\":\"https:\/\/sandzakpress.net\/arhiva\/author\/bosniak\/\"}]}<\/script>\n<!-- \/ Yoast SEO Premium plugin. -->","yoast_head_json":{"title":"Ro\u017eaje - Dokumenta nisu spaljena!","robots":{"index":"index","follow":"follow","max-snippet":"max-snippet:-1","max-image-preview":"max-image-preview:large","max-video-preview":"max-video-preview:-1"},"canonical":"https:\/\/sandzakpress.net\/arhiva\/rozaje-dokumenta-nisu-spaljena\/","og_locale":"bs_BA","og_type":"article","og_title":"Ro\u017eaje - Dokumenta nisu spaljena!","og_description":"Ro\u017eaje &#8211; Slu\u017ebenici Zavoda za zapo\u0161ljavanje u Ro\u017eajama izdali su majkama sa troje i vi\u0161e djece uvjerenja o du\u017eini \u010dekanja na evidenciji nezaposlenih, \u0161to zna\u010di da su time re\u0161eni svi njihovi zahtjevi za dobijanje do\u017eivotne mjese\u010dne naknade.Ovo je saop\u0161teno iz Zavoda Crne Gore, posle dvonedeljnog protesta ogor\u010denih majki, koje su tvrdile da su zbog nemara [&hellip;]","og_url":"https:\/\/sandzakpress.net\/arhiva\/rozaje-dokumenta-nisu-spaljena\/","og_site_name":"Sand\u017eak PRESS","article_published_time":"2016-06-02T11:05:36+00:00","og_image":[{"width":620,"height":324,"url":"https:\/\/sandzakpress.net\/arhiva\/wp-content\/uploads\/2016\/06\/cg_620x0.jpg","type":"image\/jpeg"}],"author":"bosniak","twitter_card":"summary_large_image","twitter_misc":{"Written by":"bosniak","Est. reading time":"2 minute"},"schema":{"@context":"https:\/\/schema.org","@graph":[{"@type":"Article","@id":"https:\/\/sandzakpress.net\/arhiva\/rozaje-dokumenta-nisu-spaljena\/#article","isPartOf":{"@id":"https:\/\/sandzakpress.net\/arhiva\/rozaje-dokumenta-nisu-spaljena\/"},"author":{"name":"bosniak","@id":"https:\/\/sandzakpress.net\/arhiva\/#\/schema\/person\/c8baee722073534b583ea7bdb2e36c02"},"headline":"Ro\u017eaje &#8211; Dokumenta nisu spaljena!","datePublished":"2016-06-02T11:05:36+00:00","mainEntityOfPage":{"@id":"https:\/\/sandzakpress.net\/arhiva\/rozaje-dokumenta-nisu-spaljena\/"},"wordCount":337,"commentCount":2,"publisher":{"@id":"https:\/\/sandzakpress.net\/arhiva\/#\/schema\/person\/6e72b67d6e51910a1117b3b483ba20bd"},"image":{"@id":"https:\/\/sandzakpress.net\/arhiva\/rozaje-dokumenta-nisu-spaljena\/#primaryimage"},"thumbnailUrl":"https:\/\/sandzakpress.net\/arhiva\/wp-content\/uploads\/2016\/06\/cg_620x0.jpg","articleSection":["Ro\u017eaje","Dru\u0161tvo"],"inLanguage":"bs-BA","potentialAction":[{"@type":"CommentAction","name":"Comment","target":["https:\/\/sandzakpress.net\/arhiva\/rozaje-dokumenta-nisu-spaljena\/#respond"]}]},{"@type":"WebPage","@id":"https:\/\/sandzakpress.net\/arhiva\/rozaje-dokumenta-nisu-spaljena\/","url":"https:\/\/sandzakpress.net\/arhiva\/rozaje-dokumenta-nisu-spaljena\/","name":"Ro\u017eaje - Dokumenta nisu spaljena!","isPartOf":{"@id":"https:\/\/sandzakpress.net\/arhiva\/#website"},"primaryImageOfPage":{"@id":"https:\/\/sandzakpress.net\/arhiva\/rozaje-dokumenta-nisu-spaljena\/#primaryimage"},"image":{"@id":"https:\/\/sandzakpress.net\/arhiva\/rozaje-dokumenta-nisu-spaljena\/#primaryimage"},"thumbnailUrl":"https:\/\/sandzakpress.net\/arhiva\/wp-content\/uploads\/2016\/06\/cg_620x0.jpg","datePublished":"2016-06-02T11:05:36+00:00","breadcrumb":{"@id":"https:\/\/sandzakpress.net\/arhiva\/rozaje-dokumenta-nisu-spaljena\/#breadcrumb"},"inLanguage":"bs-BA","potentialAction":[{"@type":"ReadAction","target":["https:\/\/sandzakpress.net\/arhiva\/rozaje-dokumenta-nisu-spaljena\/"]}]},{"@type":"ImageObject","inLanguage":"bs-BA","@id":"https:\/\/sandzakpress.net\/arhiva\/rozaje-dokumenta-nisu-spaljena\/#primaryimage","url":"https:\/\/sandzakpress.net\/arhiva\/wp-content\/uploads\/2016\/06\/cg_620x0.jpg","contentUrl":"https:\/\/sandzakpress.net\/arhiva\/wp-content\/uploads\/2016\/06\/cg_620x0.jpg","width":620,"height":324},{"@type":"BreadcrumbList","@id":"https:\/\/sandzakpress.net\/arhiva\/rozaje-dokumenta-nisu-spaljena\/#breadcrumb","itemListElement":[{"@type":"ListItem","position":1,"name":"Home","item":"https:\/\/sandzakpress.net\/arhiva\/"},{"@type":"ListItem","position":2,"name":"Ro\u017eaje &#8211; Dokumenta nisu spaljena!"}]},{"@type":"WebSite","@id":"https:\/\/sandzakpress.net\/arhiva\/#website","url":"https:\/\/sandzakpress.net\/arhiva\/","name":"Sand\u017eak PRESS","description":"Prve elektronske novine u Sand\u017eaku","publisher":{"@id":"https:\/\/sandzakpress.net\/arhiva\/#\/schema\/person\/6e72b67d6e51910a1117b3b483ba20bd"},"potentialAction":[{"@type":"SearchAction","target":{"@type":"EntryPoint","urlTemplate":"https:\/\/sandzakpress.net\/arhiva\/?s={search_term_string}"},"query-input":{"@type":"PropertyValueSpecification","valueRequired":true,"valueName":"search_term_string"}}],"inLanguage":"bs-BA"},{"@type":["Person","Organization"],"@id":"https:\/\/sandzakpress.net\/arhiva\/#\/schema\/person\/6e72b67d6e51910a1117b3b483ba20bd","name":"Kul","image":{"@type":"ImageObject","inLanguage":"bs-BA","@id":"https:\/\/sandzakpress.net\/arhiva\/#\/schema\/person\/image\/","url":"https:\/\/secure.gravatar.com\/avatar\/42263f39aa27ac04c43cab85c280eb2e?s=96&d=mm&r=pg","contentUrl":"https:\/\/secure.gravatar.com\/avatar\/42263f39aa27ac04c43cab85c280eb2e?s=96&d=mm&r=pg","caption":"Kul"},"logo":{"@id":"https:\/\/sandzakpress.net\/arhiva\/#\/schema\/person\/image\/"}},{"@type":"Person","@id":"https:\/\/sandzakpress.net\/arhiva\/#\/schema\/person\/c8baee722073534b583ea7bdb2e36c02","name":"bosniak","image":{"@type":"ImageObject","inLanguage":"bs-BA","@id":"https:\/\/sandzakpress.net\/arhiva\/#\/schema\/person\/image\/","url":"https:\/\/secure.gravatar.com\/avatar\/a04fd330bfe3a36a72a0ad4a6d89fca7?s=96&d=mm&r=pg","contentUrl":"https:\/\/secure.gravatar.com\/avatar\/a04fd330bfe3a36a72a0ad4a6d89fca7?s=96&d=mm&r=pg","caption":"bosniak"},"url":"https:\/\/sandzakpress.net\/arhiva\/author\/bosniak\/"}]}},"_links":{"self":[{"href":"https:\/\/sandzakpress.net\/arhiva\/wp-json\/wp\/v2\/posts\/161521"}],"collection":[{"href":"https:\/\/sandzakpress.net\/arhiva\/wp-json\/wp\/v2\/posts"}],"about":[{"href":"https:\/\/sandzakpress.net\/arhiva\/wp-json\/wp\/v2\/types\/post"}],"author":[{"embeddable":true,"href":"https:\/\/sandzakpress.net\/arhiva\/wp-json\/wp\/v2\/users\/83"}],"replies":[{"embeddable":true,"href":"https:\/\/sandzakpress.net\/arhiva\/wp-json\/wp\/v2\/comments?post=161521"}],"version-history":[{"count":0,"href":"https:\/\/sandzakpress.net\/arhiva\/wp-json\/wp\/v2\/posts\/161521\/revisions"}],"wp:featuredmedia":[{"embeddable":true,"href":"https:\/\/sandzakpress.net\/arhiva\/wp-json\/wp\/v2\/media\/161530"}],"wp:attachment":[{"href":"https:\/\/sandzakpress.net\/arhiva\/wp-json\/wp\/v2\/media?parent=161521"}],"wp:term":[{"taxonomy":"category","embeddable":true,"href":"https:\/\/sandzakpress.net\/arhiva\/wp-json\/wp\/v2\/categories?post=161521"},{"taxonomy":"post_tag","embeddable":true,"href":"https:\/\/sandzakpress.net\/arhiva\/wp-json\/wp\/v2\/tags?post=161521"}],"curies":[{"name":"wp","href":"https:\/\/api.w.org\/{rel}","templated":true}]}}