{"id":161405,"date":"2016-06-01T10:54:52","date_gmt":"2016-06-01T08:54:52","guid":{"rendered":"https:\/\/sandzakpress.net\/arhiva\/?p=161405"},"modified":"2016-06-01T11:57:32","modified_gmt":"2016-06-01T09:57:32","slug":"161405-2","status":"publish","type":"post","link":"https:\/\/sandzakpress.net\/arhiva\/zukorlic-bice-korisnije-da-ostanem-u-parlamentu","title":{"rendered":"Zukorli\u0107 &#8211; Bi\u0107e korisnije da ostanem u Parlamentu"},"content":{"rendered":"<p><img decoding=\"async\" src=\"http:\/\/static.vesti.rs\/slike-3\/Zukorlic-na-tribini-u-Beogradu-Mojim-vezama-s-arapskim-svijetom-Srbiju-ce-sunce-ugrijat.jpg\" alt=\"\" \/><\/p>\n<p><strong>BiH, Srbija &#8211; Ulazak u politiku Muamera Zukorli\u0107a, dugogodi\u0161njeg sand\u017ea\u010dkog muftije, u regiji je pra\u0107en s velikom pozornosti, ali i odre\u0111enim kontroverzama, no one su, \u010dini se, u posljednje vrijeme popustile. U intervjuu za &#8220;Nezavisne&#8221; Zukorli\u0107 govori o svom izbornom uspjehu u Srbiji, najavljuje u\u010de\u0161\u0107e u parlamentarnoj ve\u0107ini, no i dalje ne \u017eeli jasno da odgovori na pitanje da li \u0107e li\u010dno biti \u010dlan nove vlade Aleksandra Vu\u010di\u0107a.<\/strong><\/p>\n<p><strong>NN: Gospodine Zukorli\u0107u, 8. juna trebalo bi da bude formirana nova vlada Srbije. Razgovaram li sa \u010dlanom nove vlade?<\/strong><\/p>\n<p>ZUKORLI\u0106: Mogu kazati da sam imao jedan nezvani\u010dni razgovor sa mandatarom za sastav nove vlade, gospodinom Vu\u010di\u0107em, i da smo postigli na\u010delnu saglasnost u smislu da bi na\u0161a dva poslanika mogla biti dio parlamentarne ve\u0107ine koju bi on predvodio. Istina, taj razgovor je bio usmjeren na principe na\u0161e politi\u010dke platforme, \u0161to bi bio minimum za na\u0161e u\u010de\u0161\u0107e u parlamentarnoj ve\u0107ini, a to bi zna\u010dilo i u\u010de\u0161\u0107e u izvr\u0161noj vlasti. U tim razgovorima nismo tretirali konkretno modalitete u\u010de\u0161\u0107a u vlasti, niti odgovornosti koju bismo preuzeli. Iako, li\u010dno preferiram da to bude adekvatno na\u0161em kapacitetu u\u010de\u0161\u0107a u parlamentu, s akcentom na one dijelove vlade i vlasti s kojima bismo mogli najdirektnije uticati na po\u010detak rje\u0161avanja brojnih nagomilanih problema na relaciji Bo\u0161njaci &#8211; dr\u017eava, kao i onih problema koji se ti\u010du regije Sand\u017eak, podru\u010dja gdje primarno \u017eive Bo\u0161njaci.<\/p>\n<p><strong> NN: Da rezimiramo: obavljene su konsultacije i, ako mo\u017eemo zaklju\u010diti, postoji mogu\u0107nost da i Vi budete \u010dlan nove Vu\u010di\u0107eve vlade?<\/strong><\/p>\n<p>ZUKORLI\u0106: Ako \u017eelimo biti egzaktni, to pitanje jo\u0161 nismo otvorili, dakle pitanje mog personalnog u\u010de\u0161\u0107a u Vladi. Imam neke rezerve, jer preferiram da bi bilo korisnije i cjelishodnije da ostanem u parlamentu i sa te pozicije koordiniram tim mla\u0111ih, stru\u010dnih ljudi, koji bi u ime na\u0161e stranke bili u vlasti.<\/p>\n<p><strong>NN: Ipak, mediji u Srbiji direktno Vas dovode u vezu sa novom vladom?<\/strong><\/p>\n<p>ZUKORLI\u0106: Da, posljednji mjesec beogradski mediji ni o kome vi\u0161e nisu pisali koliko o meni kao budu\u0107em \u010dlanu vlade. Iako, mislim da bi bolje bilo i\u0107i u neku vrstu postupne integracije, nego naglo krenuti mo\u017eda s nejasnim pojedinostima. Tako smatram da bi bilo bolje i za vladu i za mene da budem u parlamentu, a da damo priliku mla\u0111im ljudima, kojih ima i to veoma kompetentnih, da pomognu u po\u010detku rje\u0161avanja nagomilanih problema i normalizaciji odnosa. Ne treba da se zanosimo da je dovoljno da mi potpi\u0161emo sporazum, u\u0111emo u vladu, i da se time sve rje\u0161ava. Na\u017ealost, takve eksperimente smo ve\u0107 imali.<\/p>\n<p><strong>NN: Kako je, op\u0107enito, protekao taj Va\u0161 tranzicijski put od muftije do jednog od vode\u0107ih politi\u010dara Sand\u017eaka? Koliko, zapravo, imate realnu podr\u0161ku Va\u0161e baze, ljudi iz Sand\u017eaka, s obzirom na neke ranije kontroverze u vezi s Va\u0161im ulaskom u politiku?<\/strong><\/p>\n<p>ZUKORLI\u0106: Brojke jesu relativne, ali su i neumitne. Dakle, mi smo imali dvije bo\u0161nja\u010dke liste na proteklim izborima. Moja lista je uvjerljivo pobijedila jer sam dobio nekoliko hiljada glasova vi\u0161e nego lista SDA, koja je veteranska stranka, sa svom infrastrukturom. A moj prostor za politi\u010dko djelovanje je bio mjesec i po (smijeh). Zna\u010di, mjesec i po je protekao od moje odluke da se kandidiram do samih izbora. Ako objektivno promatramo &#8211; to je izuzetan uspjeh, i ja zbog toga mogu da gradim svoje zadovoljstvo, pogotovo kad uzmemo u obzir stanje i ambijent u kojima se odvija politi\u010dka aktivnost u Sand\u017eaku, regiji koja je i dalje prepu\u0161tena brutalnom, neslobodnom ambijentu odvijanja izbora, gdje imate feudalizaciju Sand\u017eaka, i to tako funkcionira dvije i po decenije. Zna\u010di, u sjevernom Sand\u017eaku dvije op\u0107ine dr\u017ei jedna bo\u0161nja\u010dka stranka, dvije druga, a dvije srpske stranke. I to je pre\u0107utna podjela, a u izbornoj kampanji svi mehanizmi vlasti njima su na raspolaganju. E sada, zamislite u takvoj konkurenciji, pojavite se na mjesec i po prije izbora, bez ikakve infrastrukture, i treba da se suprotstavite idejom mehanizaciji koja radi 24 sata i potkupljuje ljude, vr\u0161i pritiske i ucjene? U takvom ambijentu pobijediti konkurente je zaista izuzetan uspjeh, pogotovo kad znamo da je ovo moj zvani\u010dni ulazak u politiku, dakle nije eksperimentalan.<\/p>\n<p><strong>NN: Da li Vam je u tom kontekstu poznato ho\u0107e li Rasim Ljaji\u0107 ponovo u vladu, ili \u0107e se, pak, kandidovati za novog predsjednika Srbije?<\/strong><\/p>\n<p>ZUKORLI\u0106: Pa Ljaji\u0107 je u predizbornoj koaliciji s Vu\u010di\u0107em i sasvim je logi\u010dno da \u0107e on biti dio toga. A naravno da se sla\u017eem s njegovom izjavom koju je dao neki dan o tome da vi\u0161e ne zna kako da se nosi sa bremenom vje\u010ditog ministra jer ima moralni sukob s tim, a \u0161to i jeste zaista neukusno da budete ministar dvije decenije i da \u0161etate s ministarstva na ministarstvo. A \u0161to se ti\u010de njegovog kandidiranja, bilo bi \u010dudo nevi\u0111eno da se Rasim negdje sam kandidira.<\/p>\n<p><strong> NN: Neizostavno pitanje su odnosi Srbije i BiH, odnosno Srbije i RS, ili pak Sand\u017eaka i Federacije? Premijer Vu\u010di\u0107 je u vi\u0161e navrata ve\u0107 izjavljivao da su odnosi Srba i Bo\u0161njaka klju\u010dni za stabilnost cijele regije, kakav je Va\u0161 stav o tome?<\/strong><\/p>\n<p>ZUKORLI\u0106: S gospodinom Vu\u010di\u0107em i tom tezom se sla\u017eem, a o tome smo i razgovarali. I moja politi\u010dka ideja pomirenja nema alternativu, i ona je, zapravo, jedina svje\u017ea politi\u010dka ideja. A stotine i vi\u0161e godina krvavih sukoba i zlo\u010dina je period koji bi trebalo da poku\u0161amo otjerati u pro\u0161lost. I to nije mogu\u0107e nikakvim obra\u010dunima i razgrani\u010denjima, pogotovo na relaciji Srbi &#8211; Bo\u0161njaci, kako su to uradili drugi, koji su svoje \u017eivotne prostore gotovo stoprocentno podijelili. I uprkos toliko surovih sukoba izme\u0111u Srba i Bo\u0161njaka mi ponovo imamo pomije\u0161an \u017eivotni prostor; sada je vrijeme da otvorimo novu stranicu, a da svu tu pro\u0161lost po dimenziji nauke i prava poku\u0161amo pretvoriti u energiju za budu\u0107nost. I to je su\u0161tina moje politi\u010dke ideje.<\/p>\n<p>(nezavisne.com)<\/p>\n","protected":false},"excerpt":{"rendered":"<p>BiH, Srbija &#8211; Ulazak u politiku Muamera Zukorli\u0107a, dugogodi\u0161njeg sand\u017ea\u010dkog muftije, u regiji je pra\u0107en s velikom pozornosti, ali i odre\u0111enim kontroverzama, no one su, \u010dini se, u posljednje vrijeme popustile. U intervjuu za &#8220;Nezavisne&#8221; Zukorli\u0107 govori o svom izbornom uspjehu u Srbiji, najavljuje u\u010de\u0161\u0107e u parlamentarnoj ve\u0107ini, no i dalje ne \u017eeli jasno da [&hellip;]<\/p>\n","protected":false},"author":509,"featured_media":161420,"comment_status":"open","ping_status":"open","sticky":false,"template":"","format":"standard","meta":{"footnotes":""},"categories":[2860,72,1,52,10307,327,392,393,394,8957,798],"tags":[],"class_list":{"0":"post-161405","1":"post","2":"type-post","3":"status-publish","4":"format-standard","5":"has-post-thumbnail","7":"category-bosna-i-hercegovina-gradovi","8":"category-novi-pazar","9":"category-politika","10":"category-sjenica","11":"category-srbija","12":"category-tutin","13":"category-prijepolje_","14":"category-priboj","15":"category-nova-varos","16":"category-vijesti-dana","17":"category-teme"},"yoast_head":"<!-- This site is optimized with the Yoast SEO Premium plugin v23.1 (Yoast SEO v24.9) - https:\/\/yoast.com\/wordpress\/plugins\/seo\/ -->\n<title>Zukorli\u0107 - Bi\u0107e korisnije da ostanem u Parlamentu<\/title>\n<meta name=\"robots\" content=\"index, follow, max-snippet:-1, max-image-preview:large, max-video-preview:-1\" \/>\n<link rel=\"canonical\" href=\"https:\/\/sandzakpress.net\/arhiva\/zukorlic-bice-korisnije-da-ostanem-u-parlamentu\/\" \/>\n<meta property=\"og:locale\" content=\"bs_BA\" \/>\n<meta property=\"og:type\" content=\"article\" \/>\n<meta property=\"og:title\" content=\"Zukorli\u0107 - Bi\u0107e korisnije da ostanem u Parlamentu\" \/>\n<meta property=\"og:description\" content=\"BiH, Srbija &#8211; Ulazak u politiku Muamera Zukorli\u0107a, dugogodi\u0161njeg sand\u017ea\u010dkog muftije, u regiji je pra\u0107en s velikom pozornosti, ali i odre\u0111enim kontroverzama, no one su, \u010dini se, u posljednje vrijeme popustile. U intervjuu za &#8220;Nezavisne&#8221; Zukorli\u0107 govori o svom izbornom uspjehu u Srbiji, najavljuje u\u010de\u0161\u0107e u parlamentarnoj ve\u0107ini, no i dalje ne \u017eeli jasno da [&hellip;]\" \/>\n<meta property=\"og:url\" content=\"https:\/\/sandzakpress.net\/arhiva\/zukorlic-bice-korisnije-da-ostanem-u-parlamentu\/\" \/>\n<meta property=\"og:site_name\" content=\"Sand\u017eak PRESS\" \/>\n<meta property=\"article:published_time\" content=\"2016-06-01T08:54:52+00:00\" \/>\n<meta property=\"article:modified_time\" content=\"2016-06-01T09:57:32+00:00\" \/>\n<meta property=\"og:image\" content=\"https:\/\/sandzakpress.net\/arhiva\/wp-content\/uploads\/2016\/06\/Zukorlic-na-tribini-u-Beogradu-Mojim-vezama-s-arapskim-svijetom-Srbiju-ce-sunce-ugrijat.jpg\" \/>\n\t<meta property=\"og:image:width\" content=\"616\" \/>\n\t<meta property=\"og:image:height\" content=\"410\" \/>\n\t<meta property=\"og:image:type\" content=\"image\/jpeg\" \/>\n<meta name=\"author\" content=\"Agencija\" \/>\n<meta name=\"twitter:card\" content=\"summary_large_image\" \/>\n<meta name=\"twitter:label1\" content=\"Written by\" \/>\n\t<meta name=\"twitter:data1\" content=\"Agencija\" \/>\n\t<meta name=\"twitter:label2\" content=\"Est. reading time\" \/>\n\t<meta name=\"twitter:data2\" content=\"5 minuta\" \/>\n<script type=\"application\/ld+json\" class=\"yoast-schema-graph\">{\"@context\":\"https:\/\/schema.org\",\"@graph\":[{\"@type\":\"Article\",\"@id\":\"https:\/\/sandzakpress.net\/arhiva\/zukorlic-bice-korisnije-da-ostanem-u-parlamentu\/#article\",\"isPartOf\":{\"@id\":\"https:\/\/sandzakpress.net\/arhiva\/zukorlic-bice-korisnije-da-ostanem-u-parlamentu\/\"},\"author\":{\"name\":\"Agencija\",\"@id\":\"https:\/\/sandzakpress.net\/arhiva\/#\/schema\/person\/cb59d7e3ab91ab90dd680ad0305a6185\"},\"headline\":\"Zukorli\u0107 &#8211; Bi\u0107e korisnije da ostanem u Parlamentu\",\"datePublished\":\"2016-06-01T08:54:52+00:00\",\"dateModified\":\"2016-06-01T09:57:32+00:00\",\"mainEntityOfPage\":{\"@id\":\"https:\/\/sandzakpress.net\/arhiva\/zukorlic-bice-korisnije-da-ostanem-u-parlamentu\/\"},\"wordCount\":1070,\"commentCount\":19,\"publisher\":{\"@id\":\"https:\/\/sandzakpress.net\/arhiva\/#\/schema\/person\/6e72b67d6e51910a1117b3b483ba20bd\"},\"image\":{\"@id\":\"https:\/\/sandzakpress.net\/arhiva\/zukorlic-bice-korisnije-da-ostanem-u-parlamentu\/#primaryimage\"},\"thumbnailUrl\":\"https:\/\/sandzakpress.net\/arhiva\/wp-content\/uploads\/2016\/06\/Zukorlic-na-tribini-u-Beogradu-Mojim-vezama-s-arapskim-svijetom-Srbiju-ce-sunce-ugrijat.jpg\",\"articleSection\":[\"Bosna i Hercegovina\",\"Novi Pazar\",\"Politika\",\"Sjenica\",\"Srbija\",\"Tutin\",\"Prijepolje\",\"Priboj\",\"Nova Varo\u0161\",\"VIJESTI DANA\",\"NAJNOVIJE\"],\"inLanguage\":\"bs-BA\",\"potentialAction\":[{\"@type\":\"CommentAction\",\"name\":\"Comment\",\"target\":[\"https:\/\/sandzakpress.net\/arhiva\/zukorlic-bice-korisnije-da-ostanem-u-parlamentu\/#respond\"]}]},{\"@type\":\"WebPage\",\"@id\":\"https:\/\/sandzakpress.net\/arhiva\/zukorlic-bice-korisnije-da-ostanem-u-parlamentu\/\",\"url\":\"https:\/\/sandzakpress.net\/arhiva\/zukorlic-bice-korisnije-da-ostanem-u-parlamentu\/\",\"name\":\"Zukorli\u0107 - Bi\u0107e korisnije da ostanem u Parlamentu\",\"isPartOf\":{\"@id\":\"https:\/\/sandzakpress.net\/arhiva\/#website\"},\"primaryImageOfPage\":{\"@id\":\"https:\/\/sandzakpress.net\/arhiva\/zukorlic-bice-korisnije-da-ostanem-u-parlamentu\/#primaryimage\"},\"image\":{\"@id\":\"https:\/\/sandzakpress.net\/arhiva\/zukorlic-bice-korisnije-da-ostanem-u-parlamentu\/#primaryimage\"},\"thumbnailUrl\":\"https:\/\/sandzakpress.net\/arhiva\/wp-content\/uploads\/2016\/06\/Zukorlic-na-tribini-u-Beogradu-Mojim-vezama-s-arapskim-svijetom-Srbiju-ce-sunce-ugrijat.jpg\",\"datePublished\":\"2016-06-01T08:54:52+00:00\",\"dateModified\":\"2016-06-01T09:57:32+00:00\",\"breadcrumb\":{\"@id\":\"https:\/\/sandzakpress.net\/arhiva\/zukorlic-bice-korisnije-da-ostanem-u-parlamentu\/#breadcrumb\"},\"inLanguage\":\"bs-BA\",\"potentialAction\":[{\"@type\":\"ReadAction\",\"target\":[\"https:\/\/sandzakpress.net\/arhiva\/zukorlic-bice-korisnije-da-ostanem-u-parlamentu\/\"]}]},{\"@type\":\"ImageObject\",\"inLanguage\":\"bs-BA\",\"@id\":\"https:\/\/sandzakpress.net\/arhiva\/zukorlic-bice-korisnije-da-ostanem-u-parlamentu\/#primaryimage\",\"url\":\"https:\/\/sandzakpress.net\/arhiva\/wp-content\/uploads\/2016\/06\/Zukorlic-na-tribini-u-Beogradu-Mojim-vezama-s-arapskim-svijetom-Srbiju-ce-sunce-ugrijat.jpg\",\"contentUrl\":\"https:\/\/sandzakpress.net\/arhiva\/wp-content\/uploads\/2016\/06\/Zukorlic-na-tribini-u-Beogradu-Mojim-vezama-s-arapskim-svijetom-Srbiju-ce-sunce-ugrijat.jpg\",\"width\":616,\"height\":410},{\"@type\":\"BreadcrumbList\",\"@id\":\"https:\/\/sandzakpress.net\/arhiva\/zukorlic-bice-korisnije-da-ostanem-u-parlamentu\/#breadcrumb\",\"itemListElement\":[{\"@type\":\"ListItem\",\"position\":1,\"name\":\"Home\",\"item\":\"https:\/\/sandzakpress.net\/arhiva\/\"},{\"@type\":\"ListItem\",\"position\":2,\"name\":\"Zukorli\u0107 &#8211; Bi\u0107e korisnije da ostanem u Parlamentu\"}]},{\"@type\":\"WebSite\",\"@id\":\"https:\/\/sandzakpress.net\/arhiva\/#website\",\"url\":\"https:\/\/sandzakpress.net\/arhiva\/\",\"name\":\"Sand\u017eak PRESS\",\"description\":\"Prve elektronske novine u Sand\u017eaku\",\"publisher\":{\"@id\":\"https:\/\/sandzakpress.net\/arhiva\/#\/schema\/person\/6e72b67d6e51910a1117b3b483ba20bd\"},\"potentialAction\":[{\"@type\":\"SearchAction\",\"target\":{\"@type\":\"EntryPoint\",\"urlTemplate\":\"https:\/\/sandzakpress.net\/arhiva\/?s={search_term_string}\"},\"query-input\":{\"@type\":\"PropertyValueSpecification\",\"valueRequired\":true,\"valueName\":\"search_term_string\"}}],\"inLanguage\":\"bs-BA\"},{\"@type\":[\"Person\",\"Organization\"],\"@id\":\"https:\/\/sandzakpress.net\/arhiva\/#\/schema\/person\/6e72b67d6e51910a1117b3b483ba20bd\",\"name\":\"Kul\",\"image\":{\"@type\":\"ImageObject\",\"inLanguage\":\"bs-BA\",\"@id\":\"https:\/\/sandzakpress.net\/arhiva\/#\/schema\/person\/image\/\",\"url\":\"https:\/\/secure.gravatar.com\/avatar\/42263f39aa27ac04c43cab85c280eb2e?s=96&d=mm&r=pg\",\"contentUrl\":\"https:\/\/secure.gravatar.com\/avatar\/42263f39aa27ac04c43cab85c280eb2e?s=96&d=mm&r=pg\",\"caption\":\"Kul\"},\"logo\":{\"@id\":\"https:\/\/sandzakpress.net\/arhiva\/#\/schema\/person\/image\/\"}},{\"@type\":\"Person\",\"@id\":\"https:\/\/sandzakpress.net\/arhiva\/#\/schema\/person\/cb59d7e3ab91ab90dd680ad0305a6185\",\"name\":\"Agencija\",\"image\":{\"@type\":\"ImageObject\",\"inLanguage\":\"bs-BA\",\"@id\":\"https:\/\/sandzakpress.net\/arhiva\/#\/schema\/person\/image\/\",\"url\":\"https:\/\/secure.gravatar.com\/avatar\/4b7fafa80a22f0c2afe23966b3961fe0?s=96&d=mm&r=pg\",\"contentUrl\":\"https:\/\/secure.gravatar.com\/avatar\/4b7fafa80a22f0c2afe23966b3961fe0?s=96&d=mm&r=pg\",\"caption\":\"Agencija\"},\"url\":\"https:\/\/sandzakpress.net\/arhiva\/author\/agencija\/\"}]}<\/script>\n<!-- \/ Yoast SEO Premium plugin. -->","yoast_head_json":{"title":"Zukorli\u0107 - Bi\u0107e korisnije da ostanem u Parlamentu","robots":{"index":"index","follow":"follow","max-snippet":"max-snippet:-1","max-image-preview":"max-image-preview:large","max-video-preview":"max-video-preview:-1"},"canonical":"https:\/\/sandzakpress.net\/arhiva\/zukorlic-bice-korisnije-da-ostanem-u-parlamentu\/","og_locale":"bs_BA","og_type":"article","og_title":"Zukorli\u0107 - Bi\u0107e korisnije da ostanem u Parlamentu","og_description":"BiH, Srbija &#8211; Ulazak u politiku Muamera Zukorli\u0107a, dugogodi\u0161njeg sand\u017ea\u010dkog muftije, u regiji je pra\u0107en s velikom pozornosti, ali i odre\u0111enim kontroverzama, no one su, \u010dini se, u posljednje vrijeme popustile. U intervjuu za &#8220;Nezavisne&#8221; Zukorli\u0107 govori o svom izbornom uspjehu u Srbiji, najavljuje u\u010de\u0161\u0107e u parlamentarnoj ve\u0107ini, no i dalje ne \u017eeli jasno da [&hellip;]","og_url":"https:\/\/sandzakpress.net\/arhiva\/zukorlic-bice-korisnije-da-ostanem-u-parlamentu\/","og_site_name":"Sand\u017eak PRESS","article_published_time":"2016-06-01T08:54:52+00:00","article_modified_time":"2016-06-01T09:57:32+00:00","og_image":[{"width":616,"height":410,"url":"https:\/\/sandzakpress.net\/arhiva\/wp-content\/uploads\/2016\/06\/Zukorlic-na-tribini-u-Beogradu-Mojim-vezama-s-arapskim-svijetom-Srbiju-ce-sunce-ugrijat.jpg","type":"image\/jpeg"}],"author":"Agencija","twitter_card":"summary_large_image","twitter_misc":{"Written by":"Agencija","Est. reading time":"5 minuta"},"schema":{"@context":"https:\/\/schema.org","@graph":[{"@type":"Article","@id":"https:\/\/sandzakpress.net\/arhiva\/zukorlic-bice-korisnije-da-ostanem-u-parlamentu\/#article","isPartOf":{"@id":"https:\/\/sandzakpress.net\/arhiva\/zukorlic-bice-korisnije-da-ostanem-u-parlamentu\/"},"author":{"name":"Agencija","@id":"https:\/\/sandzakpress.net\/arhiva\/#\/schema\/person\/cb59d7e3ab91ab90dd680ad0305a6185"},"headline":"Zukorli\u0107 &#8211; Bi\u0107e korisnije da ostanem u Parlamentu","datePublished":"2016-06-01T08:54:52+00:00","dateModified":"2016-06-01T09:57:32+00:00","mainEntityOfPage":{"@id":"https:\/\/sandzakpress.net\/arhiva\/zukorlic-bice-korisnije-da-ostanem-u-parlamentu\/"},"wordCount":1070,"commentCount":19,"publisher":{"@id":"https:\/\/sandzakpress.net\/arhiva\/#\/schema\/person\/6e72b67d6e51910a1117b3b483ba20bd"},"image":{"@id":"https:\/\/sandzakpress.net\/arhiva\/zukorlic-bice-korisnije-da-ostanem-u-parlamentu\/#primaryimage"},"thumbnailUrl":"https:\/\/sandzakpress.net\/arhiva\/wp-content\/uploads\/2016\/06\/Zukorlic-na-tribini-u-Beogradu-Mojim-vezama-s-arapskim-svijetom-Srbiju-ce-sunce-ugrijat.jpg","articleSection":["Bosna i Hercegovina","Novi Pazar","Politika","Sjenica","Srbija","Tutin","Prijepolje","Priboj","Nova Varo\u0161","VIJESTI DANA","NAJNOVIJE"],"inLanguage":"bs-BA","potentialAction":[{"@type":"CommentAction","name":"Comment","target":["https:\/\/sandzakpress.net\/arhiva\/zukorlic-bice-korisnije-da-ostanem-u-parlamentu\/#respond"]}]},{"@type":"WebPage","@id":"https:\/\/sandzakpress.net\/arhiva\/zukorlic-bice-korisnije-da-ostanem-u-parlamentu\/","url":"https:\/\/sandzakpress.net\/arhiva\/zukorlic-bice-korisnije-da-ostanem-u-parlamentu\/","name":"Zukorli\u0107 - Bi\u0107e korisnije da ostanem u Parlamentu","isPartOf":{"@id":"https:\/\/sandzakpress.net\/arhiva\/#website"},"primaryImageOfPage":{"@id":"https:\/\/sandzakpress.net\/arhiva\/zukorlic-bice-korisnije-da-ostanem-u-parlamentu\/#primaryimage"},"image":{"@id":"https:\/\/sandzakpress.net\/arhiva\/zukorlic-bice-korisnije-da-ostanem-u-parlamentu\/#primaryimage"},"thumbnailUrl":"https:\/\/sandzakpress.net\/arhiva\/wp-content\/uploads\/2016\/06\/Zukorlic-na-tribini-u-Beogradu-Mojim-vezama-s-arapskim-svijetom-Srbiju-ce-sunce-ugrijat.jpg","datePublished":"2016-06-01T08:54:52+00:00","dateModified":"2016-06-01T09:57:32+00:00","breadcrumb":{"@id":"https:\/\/sandzakpress.net\/arhiva\/zukorlic-bice-korisnije-da-ostanem-u-parlamentu\/#breadcrumb"},"inLanguage":"bs-BA","potentialAction":[{"@type":"ReadAction","target":["https:\/\/sandzakpress.net\/arhiva\/zukorlic-bice-korisnije-da-ostanem-u-parlamentu\/"]}]},{"@type":"ImageObject","inLanguage":"bs-BA","@id":"https:\/\/sandzakpress.net\/arhiva\/zukorlic-bice-korisnije-da-ostanem-u-parlamentu\/#primaryimage","url":"https:\/\/sandzakpress.net\/arhiva\/wp-content\/uploads\/2016\/06\/Zukorlic-na-tribini-u-Beogradu-Mojim-vezama-s-arapskim-svijetom-Srbiju-ce-sunce-ugrijat.jpg","contentUrl":"https:\/\/sandzakpress.net\/arhiva\/wp-content\/uploads\/2016\/06\/Zukorlic-na-tribini-u-Beogradu-Mojim-vezama-s-arapskim-svijetom-Srbiju-ce-sunce-ugrijat.jpg","width":616,"height":410},{"@type":"BreadcrumbList","@id":"https:\/\/sandzakpress.net\/arhiva\/zukorlic-bice-korisnije-da-ostanem-u-parlamentu\/#breadcrumb","itemListElement":[{"@type":"ListItem","position":1,"name":"Home","item":"https:\/\/sandzakpress.net\/arhiva\/"},{"@type":"ListItem","position":2,"name":"Zukorli\u0107 &#8211; Bi\u0107e korisnije da ostanem u Parlamentu"}]},{"@type":"WebSite","@id":"https:\/\/sandzakpress.net\/arhiva\/#website","url":"https:\/\/sandzakpress.net\/arhiva\/","name":"Sand\u017eak PRESS","description":"Prve elektronske novine u Sand\u017eaku","publisher":{"@id":"https:\/\/sandzakpress.net\/arhiva\/#\/schema\/person\/6e72b67d6e51910a1117b3b483ba20bd"},"potentialAction":[{"@type":"SearchAction","target":{"@type":"EntryPoint","urlTemplate":"https:\/\/sandzakpress.net\/arhiva\/?s={search_term_string}"},"query-input":{"@type":"PropertyValueSpecification","valueRequired":true,"valueName":"search_term_string"}}],"inLanguage":"bs-BA"},{"@type":["Person","Organization"],"@id":"https:\/\/sandzakpress.net\/arhiva\/#\/schema\/person\/6e72b67d6e51910a1117b3b483ba20bd","name":"Kul","image":{"@type":"ImageObject","inLanguage":"bs-BA","@id":"https:\/\/sandzakpress.net\/arhiva\/#\/schema\/person\/image\/","url":"https:\/\/secure.gravatar.com\/avatar\/42263f39aa27ac04c43cab85c280eb2e?s=96&d=mm&r=pg","contentUrl":"https:\/\/secure.gravatar.com\/avatar\/42263f39aa27ac04c43cab85c280eb2e?s=96&d=mm&r=pg","caption":"Kul"},"logo":{"@id":"https:\/\/sandzakpress.net\/arhiva\/#\/schema\/person\/image\/"}},{"@type":"Person","@id":"https:\/\/sandzakpress.net\/arhiva\/#\/schema\/person\/cb59d7e3ab91ab90dd680ad0305a6185","name":"Agencija","image":{"@type":"ImageObject","inLanguage":"bs-BA","@id":"https:\/\/sandzakpress.net\/arhiva\/#\/schema\/person\/image\/","url":"https:\/\/secure.gravatar.com\/avatar\/4b7fafa80a22f0c2afe23966b3961fe0?s=96&d=mm&r=pg","contentUrl":"https:\/\/secure.gravatar.com\/avatar\/4b7fafa80a22f0c2afe23966b3961fe0?s=96&d=mm&r=pg","caption":"Agencija"},"url":"https:\/\/sandzakpress.net\/arhiva\/author\/agencija\/"}]}},"_links":{"self":[{"href":"https:\/\/sandzakpress.net\/arhiva\/wp-json\/wp\/v2\/posts\/161405"}],"collection":[{"href":"https:\/\/sandzakpress.net\/arhiva\/wp-json\/wp\/v2\/posts"}],"about":[{"href":"https:\/\/sandzakpress.net\/arhiva\/wp-json\/wp\/v2\/types\/post"}],"author":[{"embeddable":true,"href":"https:\/\/sandzakpress.net\/arhiva\/wp-json\/wp\/v2\/users\/509"}],"replies":[{"embeddable":true,"href":"https:\/\/sandzakpress.net\/arhiva\/wp-json\/wp\/v2\/comments?post=161405"}],"version-history":[{"count":0,"href":"https:\/\/sandzakpress.net\/arhiva\/wp-json\/wp\/v2\/posts\/161405\/revisions"}],"wp:featuredmedia":[{"embeddable":true,"href":"https:\/\/sandzakpress.net\/arhiva\/wp-json\/wp\/v2\/media\/161420"}],"wp:attachment":[{"href":"https:\/\/sandzakpress.net\/arhiva\/wp-json\/wp\/v2\/media?parent=161405"}],"wp:term":[{"taxonomy":"category","embeddable":true,"href":"https:\/\/sandzakpress.net\/arhiva\/wp-json\/wp\/v2\/categories?post=161405"},{"taxonomy":"post_tag","embeddable":true,"href":"https:\/\/sandzakpress.net\/arhiva\/wp-json\/wp\/v2\/tags?post=161405"}],"curies":[{"name":"wp","href":"https:\/\/api.w.org\/{rel}","templated":true}]}}