{"id":161378,"date":"2016-05-31T18:37:06","date_gmt":"2016-05-31T16:37:06","guid":{"rendered":"https:\/\/sandzakpress.net\/arhiva\/?p=161378"},"modified":"2016-05-31T18:37:06","modified_gmt":"2016-05-31T16:37:06","slug":"mesihat-iz-u-srbiji-organizira-vece-kurana-u-tutinu","status":"publish","type":"post","link":"https:\/\/sandzakpress.net\/arhiva\/mesihat-iz-u-srbiji-organizira-vece-kurana-u-tutinu\/","title":{"rendered":"Me\u0161ihat IZ u Srbiji organizira Ve\u010de Kur'ana u Tutinu"},"content":{"rendered":"<p><img loading=\"lazy\" decoding=\"async\" class=\"aligncenter size-full wp-image-161379\" src=\"https:\/\/sandzakpress.net\/arhiva\/wp-content\/uploads\/2016\/05\/viber-image-4.jpg\" alt=\"viber image\" width=\"906\" height=\"1280\" srcset=\"https:\/\/sandzakpress.net\/arhiva\/wp-content\/uploads\/2016\/05\/viber-image-4.jpg 906w, https:\/\/sandzakpress.net\/arhiva\/wp-content\/uploads\/2016\/05\/viber-image-4-768x1085.jpg 768w, https:\/\/sandzakpress.net\/arhiva\/wp-content\/uploads\/2016\/05\/viber-image-4-616x870.jpg 616w\" sizes=\"(max-width: 906px) 100vw, 906px\" \/><\/p>\n<p><strong>Tutin &#8211; Me\u0161ihat Islamske zajednice u Srbiji i Med\u017elis Islamske zajednice u Tutinu u povodu mjeseca Ramazana organiziraju Ve\u010der Kur'ana koje \u0107e se odr\u017eati u \u010detvrtak 02. juna sa ak\u0161am namaza u 20:30 \u010dasova u velikoj Sali doma kulture u Tutinu. <\/strong><\/p>\n<p>Prisutima \u0107e se obratiti predsjednik Me\u0161ihata muftija dr. Mevlud ef. Dudi\u0107.<\/p>\n","protected":false},"excerpt":{"rendered":"<p>Tutin &#8211; Me\u0161ihat Islamske zajednice u Srbiji i Med\u017elis Islamske zajednice u Tutinu u povodu mjeseca Ramazana organiziraju Ve\u010der Kur'ana koje \u0107e se odr\u017eati u \u010detvrtak 02. juna sa ak\u0161am namaza u 20:30 \u010dasova u velikoj Sali doma kulture u Tutinu. Prisutima \u0107e se obratiti predsjednik Me\u0161ihata muftija dr. Mevlud ef. Dudi\u0107.<\/p>\n","protected":false},"author":83,"featured_media":161379,"comment_status":"open","ping_status":"open","sticky":false,"template":"","format":"standard","meta":{"footnotes":""},"categories":[327,802,8957],"tags":[],"class_list":{"0":"post-161378","1":"post","2":"type-post","3":"status-publish","4":"format-standard","5":"has-post-thumbnail","7":"category-tutin","8":"category-islamska_zajednica","9":"category-vijesti-dana"},"yoast_head":"<!-- This site is optimized with the Yoast SEO Premium plugin v23.1 (Yoast SEO v24.9) - https:\/\/yoast.com\/wordpress\/plugins\/seo\/ -->\n<title>Me\u0161ihat IZ u Srbiji organizira Ve\u010de Kur&#039;ana u Tutinu<\/title>\n<meta name=\"robots\" content=\"index, follow, max-snippet:-1, max-image-preview:large, max-video-preview:-1\" \/>\n<link rel=\"canonical\" href=\"https:\/\/sandzakpress.net\/arhiva\/mesihat-iz-u-srbiji-organizira-vece-kurana-u-tutinu\/\" \/>\n<meta property=\"og:locale\" content=\"bs_BA\" \/>\n<meta property=\"og:type\" content=\"article\" \/>\n<meta property=\"og:title\" content=\"Me\u0161ihat IZ u Srbiji organizira Ve\u010de Kur&#039;ana u Tutinu\" \/>\n<meta property=\"og:description\" content=\"Tutin &#8211; Me\u0161ihat Islamske zajednice u Srbiji i Med\u017elis Islamske zajednice u Tutinu u povodu mjeseca Ramazana organiziraju Ve\u010der Kur&#039;ana koje \u0107e se odr\u017eati u \u010detvrtak 02. juna sa ak\u0161am namaza u 20:30 \u010dasova u velikoj Sali doma kulture u Tutinu. Prisutima \u0107e se obratiti predsjednik Me\u0161ihata muftija dr. Mevlud ef. Dudi\u0107.\" \/>\n<meta property=\"og:url\" content=\"https:\/\/sandzakpress.net\/arhiva\/mesihat-iz-u-srbiji-organizira-vece-kurana-u-tutinu\/\" \/>\n<meta property=\"og:site_name\" content=\"Sand\u017eak PRESS\" \/>\n<meta property=\"article:published_time\" content=\"2016-05-31T16:37:06+00:00\" \/>\n<meta property=\"og:image\" content=\"https:\/\/sandzakpress.net\/arhiva\/wp-content\/uploads\/2016\/05\/viber-image-4.jpg\" \/>\n\t<meta property=\"og:image:width\" content=\"906\" \/>\n\t<meta property=\"og:image:height\" content=\"1280\" \/>\n\t<meta property=\"og:image:type\" content=\"image\/jpeg\" \/>\n<meta name=\"author\" content=\"bosniak\" \/>\n<meta name=\"twitter:card\" content=\"summary_large_image\" \/>\n<meta name=\"twitter:label1\" content=\"Written by\" \/>\n\t<meta name=\"twitter:data1\" content=\"bosniak\" \/>\n<script type=\"application\/ld+json\" class=\"yoast-schema-graph\">{\"@context\":\"https:\/\/schema.org\",\"@graph\":[{\"@type\":\"Article\",\"@id\":\"https:\/\/sandzakpress.net\/arhiva\/mesihat-iz-u-srbiji-organizira-vece-kurana-u-tutinu\/#article\",\"isPartOf\":{\"@id\":\"https:\/\/sandzakpress.net\/arhiva\/mesihat-iz-u-srbiji-organizira-vece-kurana-u-tutinu\/\"},\"author\":{\"name\":\"bosniak\",\"@id\":\"https:\/\/sandzakpress.net\/arhiva\/#\/schema\/person\/c8baee722073534b583ea7bdb2e36c02\"},\"headline\":\"Me\u0161ihat IZ u Srbiji organizira Ve\u010de Kur'ana u Tutinu\",\"datePublished\":\"2016-05-31T16:37:06+00:00\",\"mainEntityOfPage\":{\"@id\":\"https:\/\/sandzakpress.net\/arhiva\/mesihat-iz-u-srbiji-organizira-vece-kurana-u-tutinu\/\"},\"wordCount\":69,\"commentCount\":0,\"publisher\":{\"@id\":\"https:\/\/sandzakpress.net\/arhiva\/#\/schema\/person\/6e72b67d6e51910a1117b3b483ba20bd\"},\"image\":{\"@id\":\"https:\/\/sandzakpress.net\/arhiva\/mesihat-iz-u-srbiji-organizira-vece-kurana-u-tutinu\/#primaryimage\"},\"thumbnailUrl\":\"https:\/\/sandzakpress.net\/arhiva\/wp-content\/uploads\/2016\/05\/viber-image-4.jpg\",\"articleSection\":[\"Tutin\",\"Islamska zajednica\",\"VIJESTI DANA\"],\"inLanguage\":\"bs-BA\",\"potentialAction\":[{\"@type\":\"CommentAction\",\"name\":\"Comment\",\"target\":[\"https:\/\/sandzakpress.net\/arhiva\/mesihat-iz-u-srbiji-organizira-vece-kurana-u-tutinu\/#respond\"]}]},{\"@type\":\"WebPage\",\"@id\":\"https:\/\/sandzakpress.net\/arhiva\/mesihat-iz-u-srbiji-organizira-vece-kurana-u-tutinu\/\",\"url\":\"https:\/\/sandzakpress.net\/arhiva\/mesihat-iz-u-srbiji-organizira-vece-kurana-u-tutinu\/\",\"name\":\"Me\u0161ihat IZ u Srbiji organizira Ve\u010de Kur'ana u Tutinu\",\"isPartOf\":{\"@id\":\"https:\/\/sandzakpress.net\/arhiva\/#website\"},\"primaryImageOfPage\":{\"@id\":\"https:\/\/sandzakpress.net\/arhiva\/mesihat-iz-u-srbiji-organizira-vece-kurana-u-tutinu\/#primaryimage\"},\"image\":{\"@id\":\"https:\/\/sandzakpress.net\/arhiva\/mesihat-iz-u-srbiji-organizira-vece-kurana-u-tutinu\/#primaryimage\"},\"thumbnailUrl\":\"https:\/\/sandzakpress.net\/arhiva\/wp-content\/uploads\/2016\/05\/viber-image-4.jpg\",\"datePublished\":\"2016-05-31T16:37:06+00:00\",\"breadcrumb\":{\"@id\":\"https:\/\/sandzakpress.net\/arhiva\/mesihat-iz-u-srbiji-organizira-vece-kurana-u-tutinu\/#breadcrumb\"},\"inLanguage\":\"bs-BA\",\"potentialAction\":[{\"@type\":\"ReadAction\",\"target\":[\"https:\/\/sandzakpress.net\/arhiva\/mesihat-iz-u-srbiji-organizira-vece-kurana-u-tutinu\/\"]}]},{\"@type\":\"ImageObject\",\"inLanguage\":\"bs-BA\",\"@id\":\"https:\/\/sandzakpress.net\/arhiva\/mesihat-iz-u-srbiji-organizira-vece-kurana-u-tutinu\/#primaryimage\",\"url\":\"https:\/\/sandzakpress.net\/arhiva\/wp-content\/uploads\/2016\/05\/viber-image-4.jpg\",\"contentUrl\":\"https:\/\/sandzakpress.net\/arhiva\/wp-content\/uploads\/2016\/05\/viber-image-4.jpg\",\"width\":906,\"height\":1280},{\"@type\":\"BreadcrumbList\",\"@id\":\"https:\/\/sandzakpress.net\/arhiva\/mesihat-iz-u-srbiji-organizira-vece-kurana-u-tutinu\/#breadcrumb\",\"itemListElement\":[{\"@type\":\"ListItem\",\"position\":1,\"name\":\"Home\",\"item\":\"https:\/\/sandzakpress.net\/arhiva\/\"},{\"@type\":\"ListItem\",\"position\":2,\"name\":\"Me\u0161ihat IZ u Srbiji organizira Ve\u010de Kur'ana u Tutinu\"}]},{\"@type\":\"WebSite\",\"@id\":\"https:\/\/sandzakpress.net\/arhiva\/#website\",\"url\":\"https:\/\/sandzakpress.net\/arhiva\/\",\"name\":\"Sand\u017eak PRESS\",\"description\":\"Prve elektronske novine u Sand\u017eaku\",\"publisher\":{\"@id\":\"https:\/\/sandzakpress.net\/arhiva\/#\/schema\/person\/6e72b67d6e51910a1117b3b483ba20bd\"},\"potentialAction\":[{\"@type\":\"SearchAction\",\"target\":{\"@type\":\"EntryPoint\",\"urlTemplate\":\"https:\/\/sandzakpress.net\/arhiva\/?s={search_term_string}\"},\"query-input\":{\"@type\":\"PropertyValueSpecification\",\"valueRequired\":true,\"valueName\":\"search_term_string\"}}],\"inLanguage\":\"bs-BA\"},{\"@type\":[\"Person\",\"Organization\"],\"@id\":\"https:\/\/sandzakpress.net\/arhiva\/#\/schema\/person\/6e72b67d6e51910a1117b3b483ba20bd\",\"name\":\"Kul\",\"image\":{\"@type\":\"ImageObject\",\"inLanguage\":\"bs-BA\",\"@id\":\"https:\/\/sandzakpress.net\/arhiva\/#\/schema\/person\/image\/\",\"url\":\"https:\/\/secure.gravatar.com\/avatar\/42263f39aa27ac04c43cab85c280eb2e?s=96&d=mm&r=pg\",\"contentUrl\":\"https:\/\/secure.gravatar.com\/avatar\/42263f39aa27ac04c43cab85c280eb2e?s=96&d=mm&r=pg\",\"caption\":\"Kul\"},\"logo\":{\"@id\":\"https:\/\/sandzakpress.net\/arhiva\/#\/schema\/person\/image\/\"}},{\"@type\":\"Person\",\"@id\":\"https:\/\/sandzakpress.net\/arhiva\/#\/schema\/person\/c8baee722073534b583ea7bdb2e36c02\",\"name\":\"bosniak\",\"image\":{\"@type\":\"ImageObject\",\"inLanguage\":\"bs-BA\",\"@id\":\"https:\/\/sandzakpress.net\/arhiva\/#\/schema\/person\/image\/\",\"url\":\"https:\/\/secure.gravatar.com\/avatar\/a04fd330bfe3a36a72a0ad4a6d89fca7?s=96&d=mm&r=pg\",\"contentUrl\":\"https:\/\/secure.gravatar.com\/avatar\/a04fd330bfe3a36a72a0ad4a6d89fca7?s=96&d=mm&r=pg\",\"caption\":\"bosniak\"},\"url\":\"https:\/\/sandzakpress.net\/arhiva\/author\/bosniak\/\"}]}<\/script>\n<!-- \/ Yoast SEO Premium plugin. -->","yoast_head_json":{"title":"Me\u0161ihat IZ u Srbiji organizira Ve\u010de Kur'ana u Tutinu","robots":{"index":"index","follow":"follow","max-snippet":"max-snippet:-1","max-image-preview":"max-image-preview:large","max-video-preview":"max-video-preview:-1"},"canonical":"https:\/\/sandzakpress.net\/arhiva\/mesihat-iz-u-srbiji-organizira-vece-kurana-u-tutinu\/","og_locale":"bs_BA","og_type":"article","og_title":"Me\u0161ihat IZ u Srbiji organizira Ve\u010de Kur'ana u Tutinu","og_description":"Tutin &#8211; Me\u0161ihat Islamske zajednice u Srbiji i Med\u017elis Islamske zajednice u Tutinu u povodu mjeseca Ramazana organiziraju Ve\u010der Kur'ana koje \u0107e se odr\u017eati u \u010detvrtak 02. juna sa ak\u0161am namaza u 20:30 \u010dasova u velikoj Sali doma kulture u Tutinu. Prisutima \u0107e se obratiti predsjednik Me\u0161ihata muftija dr. Mevlud ef. Dudi\u0107.","og_url":"https:\/\/sandzakpress.net\/arhiva\/mesihat-iz-u-srbiji-organizira-vece-kurana-u-tutinu\/","og_site_name":"Sand\u017eak PRESS","article_published_time":"2016-05-31T16:37:06+00:00","og_image":[{"width":906,"height":1280,"url":"https:\/\/sandzakpress.net\/arhiva\/wp-content\/uploads\/2016\/05\/viber-image-4.jpg","type":"image\/jpeg"}],"author":"bosniak","twitter_card":"summary_large_image","twitter_misc":{"Written by":"bosniak"},"schema":{"@context":"https:\/\/schema.org","@graph":[{"@type":"Article","@id":"https:\/\/sandzakpress.net\/arhiva\/mesihat-iz-u-srbiji-organizira-vece-kurana-u-tutinu\/#article","isPartOf":{"@id":"https:\/\/sandzakpress.net\/arhiva\/mesihat-iz-u-srbiji-organizira-vece-kurana-u-tutinu\/"},"author":{"name":"bosniak","@id":"https:\/\/sandzakpress.net\/arhiva\/#\/schema\/person\/c8baee722073534b583ea7bdb2e36c02"},"headline":"Me\u0161ihat IZ u Srbiji organizira Ve\u010de Kur'ana u Tutinu","datePublished":"2016-05-31T16:37:06+00:00","mainEntityOfPage":{"@id":"https:\/\/sandzakpress.net\/arhiva\/mesihat-iz-u-srbiji-organizira-vece-kurana-u-tutinu\/"},"wordCount":69,"commentCount":0,"publisher":{"@id":"https:\/\/sandzakpress.net\/arhiva\/#\/schema\/person\/6e72b67d6e51910a1117b3b483ba20bd"},"image":{"@id":"https:\/\/sandzakpress.net\/arhiva\/mesihat-iz-u-srbiji-organizira-vece-kurana-u-tutinu\/#primaryimage"},"thumbnailUrl":"https:\/\/sandzakpress.net\/arhiva\/wp-content\/uploads\/2016\/05\/viber-image-4.jpg","articleSection":["Tutin","Islamska zajednica","VIJESTI DANA"],"inLanguage":"bs-BA","potentialAction":[{"@type":"CommentAction","name":"Comment","target":["https:\/\/sandzakpress.net\/arhiva\/mesihat-iz-u-srbiji-organizira-vece-kurana-u-tutinu\/#respond"]}]},{"@type":"WebPage","@id":"https:\/\/sandzakpress.net\/arhiva\/mesihat-iz-u-srbiji-organizira-vece-kurana-u-tutinu\/","url":"https:\/\/sandzakpress.net\/arhiva\/mesihat-iz-u-srbiji-organizira-vece-kurana-u-tutinu\/","name":"Me\u0161ihat IZ u Srbiji organizira Ve\u010de Kur'ana u Tutinu","isPartOf":{"@id":"https:\/\/sandzakpress.net\/arhiva\/#website"},"primaryImageOfPage":{"@id":"https:\/\/sandzakpress.net\/arhiva\/mesihat-iz-u-srbiji-organizira-vece-kurana-u-tutinu\/#primaryimage"},"image":{"@id":"https:\/\/sandzakpress.net\/arhiva\/mesihat-iz-u-srbiji-organizira-vece-kurana-u-tutinu\/#primaryimage"},"thumbnailUrl":"https:\/\/sandzakpress.net\/arhiva\/wp-content\/uploads\/2016\/05\/viber-image-4.jpg","datePublished":"2016-05-31T16:37:06+00:00","breadcrumb":{"@id":"https:\/\/sandzakpress.net\/arhiva\/mesihat-iz-u-srbiji-organizira-vece-kurana-u-tutinu\/#breadcrumb"},"inLanguage":"bs-BA","potentialAction":[{"@type":"ReadAction","target":["https:\/\/sandzakpress.net\/arhiva\/mesihat-iz-u-srbiji-organizira-vece-kurana-u-tutinu\/"]}]},{"@type":"ImageObject","inLanguage":"bs-BA","@id":"https:\/\/sandzakpress.net\/arhiva\/mesihat-iz-u-srbiji-organizira-vece-kurana-u-tutinu\/#primaryimage","url":"https:\/\/sandzakpress.net\/arhiva\/wp-content\/uploads\/2016\/05\/viber-image-4.jpg","contentUrl":"https:\/\/sandzakpress.net\/arhiva\/wp-content\/uploads\/2016\/05\/viber-image-4.jpg","width":906,"height":1280},{"@type":"BreadcrumbList","@id":"https:\/\/sandzakpress.net\/arhiva\/mesihat-iz-u-srbiji-organizira-vece-kurana-u-tutinu\/#breadcrumb","itemListElement":[{"@type":"ListItem","position":1,"name":"Home","item":"https:\/\/sandzakpress.net\/arhiva\/"},{"@type":"ListItem","position":2,"name":"Me\u0161ihat IZ u Srbiji organizira Ve\u010de Kur'ana u Tutinu"}]},{"@type":"WebSite","@id":"https:\/\/sandzakpress.net\/arhiva\/#website","url":"https:\/\/sandzakpress.net\/arhiva\/","name":"Sand\u017eak PRESS","description":"Prve elektronske novine u Sand\u017eaku","publisher":{"@id":"https:\/\/sandzakpress.net\/arhiva\/#\/schema\/person\/6e72b67d6e51910a1117b3b483ba20bd"},"potentialAction":[{"@type":"SearchAction","target":{"@type":"EntryPoint","urlTemplate":"https:\/\/sandzakpress.net\/arhiva\/?s={search_term_string}"},"query-input":{"@type":"PropertyValueSpecification","valueRequired":true,"valueName":"search_term_string"}}],"inLanguage":"bs-BA"},{"@type":["Person","Organization"],"@id":"https:\/\/sandzakpress.net\/arhiva\/#\/schema\/person\/6e72b67d6e51910a1117b3b483ba20bd","name":"Kul","image":{"@type":"ImageObject","inLanguage":"bs-BA","@id":"https:\/\/sandzakpress.net\/arhiva\/#\/schema\/person\/image\/","url":"https:\/\/secure.gravatar.com\/avatar\/42263f39aa27ac04c43cab85c280eb2e?s=96&d=mm&r=pg","contentUrl":"https:\/\/secure.gravatar.com\/avatar\/42263f39aa27ac04c43cab85c280eb2e?s=96&d=mm&r=pg","caption":"Kul"},"logo":{"@id":"https:\/\/sandzakpress.net\/arhiva\/#\/schema\/person\/image\/"}},{"@type":"Person","@id":"https:\/\/sandzakpress.net\/arhiva\/#\/schema\/person\/c8baee722073534b583ea7bdb2e36c02","name":"bosniak","image":{"@type":"ImageObject","inLanguage":"bs-BA","@id":"https:\/\/sandzakpress.net\/arhiva\/#\/schema\/person\/image\/","url":"https:\/\/secure.gravatar.com\/avatar\/a04fd330bfe3a36a72a0ad4a6d89fca7?s=96&d=mm&r=pg","contentUrl":"https:\/\/secure.gravatar.com\/avatar\/a04fd330bfe3a36a72a0ad4a6d89fca7?s=96&d=mm&r=pg","caption":"bosniak"},"url":"https:\/\/sandzakpress.net\/arhiva\/author\/bosniak\/"}]}},"_links":{"self":[{"href":"https:\/\/sandzakpress.net\/arhiva\/wp-json\/wp\/v2\/posts\/161378"}],"collection":[{"href":"https:\/\/sandzakpress.net\/arhiva\/wp-json\/wp\/v2\/posts"}],"about":[{"href":"https:\/\/sandzakpress.net\/arhiva\/wp-json\/wp\/v2\/types\/post"}],"author":[{"embeddable":true,"href":"https:\/\/sandzakpress.net\/arhiva\/wp-json\/wp\/v2\/users\/83"}],"replies":[{"embeddable":true,"href":"https:\/\/sandzakpress.net\/arhiva\/wp-json\/wp\/v2\/comments?post=161378"}],"version-history":[{"count":0,"href":"https:\/\/sandzakpress.net\/arhiva\/wp-json\/wp\/v2\/posts\/161378\/revisions"}],"wp:featuredmedia":[{"embeddable":true,"href":"https:\/\/sandzakpress.net\/arhiva\/wp-json\/wp\/v2\/media\/161379"}],"wp:attachment":[{"href":"https:\/\/sandzakpress.net\/arhiva\/wp-json\/wp\/v2\/media?parent=161378"}],"wp:term":[{"taxonomy":"category","embeddable":true,"href":"https:\/\/sandzakpress.net\/arhiva\/wp-json\/wp\/v2\/categories?post=161378"},{"taxonomy":"post_tag","embeddable":true,"href":"https:\/\/sandzakpress.net\/arhiva\/wp-json\/wp\/v2\/tags?post=161378"}],"curies":[{"name":"wp","href":"https:\/\/api.w.org\/{rel}","templated":true}]}}