{"id":161341,"date":"2016-05-30T22:30:14","date_gmt":"2016-05-30T20:30:14","guid":{"rendered":"https:\/\/sandzakpress.net\/arhiva\/u-susret-ramazanu-post-u-skandinaviji-ce-trajati-22-sata-u-argentini-samo-devet"},"modified":"2016-05-30T22:30:14","modified_gmt":"2016-05-30T20:30:14","slug":"u-susret-ramazanu-post-u-skandinaviji-ce-trajati-22-sata-u-argentini-samo-devet","status":"publish","type":"post","link":"https:\/\/sandzakpress.net\/arhiva\/u-susret-ramazanu-post-u-skandinaviji-ce-trajati-22-sata-u-argentini-samo-devet\/","title":{"rendered":"U susret ramazanu: Post u Skandinaviji \u0107e trajati 22 sata, u Argentini samo devet"},"content":{"rendered":"<p><strong><img loading=\"lazy\" decoding=\"async\" class=\"aligncenter\" src=\"https:\/\/sandzakpress.net\/arhiva\/wp-content\/uploads\/2013\/06\/iftar.jpg\" width=\"608\" height=\"522\" \/><\/strong><\/p>\n<p><strong>Muslimani u pojedinim gradovima Islanda, \u0160vedske i Norve\u0161ke ovog ramazana, mjeseca posta muslimana, postit \u0107e oko 22 sata, prenosi Anadolu Agency (AA).<\/strong><\/p>\n<p>Muslimani u \u0161vedskom gradu Kiruna, u norve\u0161kom gradu Tromso te u Reykjaviku, glavnom gradu Islanda, postit \u0107e 22 sata, dok \u0107e oni u Stockholmu, Oslu, Kopenhagenu i Helsinkiju postiti oko 20 sati.<\/p>\n<p>Posta\u010di u Reykjaviku \u0107e prvog dana ramazana postiti 21 sat i 38 minuta, \u0161to je najdu\u017ee na svijetu, dok \u0107e najkra\u0107e postiti muslimani iz grada Ushuaia u Argentini, \u010diji \u0107e post trajati devet sati i sedam minuta.<\/p>\n<p>Ramazan je mjesec obaveznoga posta za sve punoljetne, zdrave muslimane koji nisu na putu. Svaki punoljetan, zdrav, slobodan musliman du\u017ean je postiti \u010ditavih mjesec dana od zore do zalaska Sunca. To je tre\u0107i temelj islama.<\/p>\n<p>Muslimani koji \u017eive u zemljama Skandinavije suo\u010davaju se s drugim problemom, a to je da Sunce ne zalazi uop\u0161te, pa zbog toga moraju praviti vje\u0161ta\u010dke prora\u010dune o du\u017eini posta.<\/p>\n<p>Izvor: <strong>Akos.ba<\/strong><\/p>\n<p>\u00a0<\/p>\n<p>Pogledajte vijest na izvornom sajtu:<\/p>\n<p><a href=\"http:\/\/islampress.net\/dijeli\/u-susret-ramazanu-post-u-skandinaviji-ce-trajati-22-sata-u-argentini-samo-devet\" target=\"_blank\">U susret ramazanu: Post u Skandinaviji \u0107e trajati 22 sata, u Argentini samo devet<\/a><\/p>\n","protected":false},"excerpt":{"rendered":"<p>Muslimani u pojedinim gradovima Islanda, \u0160vedske i Norve\u0161ke ovog ramazana, mjeseca posta muslimana, postit \u0107e oko 22 sata, prenosi Anadolu Agency (AA). Muslimani u \u0161vedskom gradu Kiruna, u norve\u0161kom gradu Tromso te u Reykjaviku, glavnom gradu Islanda, postit \u0107e 22 sata, dok \u0107e oni u Stockholmu, Oslu, Kopenhagenu i Helsinkiju postiti oko 20 sati. Posta\u010di [&hellip;]<\/p>\n","protected":false},"author":83,"featured_media":161342,"comment_status":"open","ping_status":"open","sticky":false,"template":"","format":"standard","meta":{"footnotes":""},"categories":[10514],"tags":[10516],"class_list":{"0":"post-161341","1":"post","2":"type-post","3":"status-publish","4":"format-standard","5":"has-post-thumbnail","7":"category-islam-press","8":"tag-islam"},"yoast_head":"<!-- This site is optimized with the Yoast SEO Premium plugin v23.1 (Yoast SEO v24.9) - https:\/\/yoast.com\/wordpress\/plugins\/seo\/ -->\n<title>U susret ramazanu: Post u Skandinaviji \u0107e trajati 22 sata, u Argentini samo devet<\/title>\n<meta name=\"robots\" content=\"index, follow, max-snippet:-1, max-image-preview:large, max-video-preview:-1\" \/>\n<link rel=\"canonical\" href=\"https:\/\/sandzakpress.net\/arhiva\/u-susret-ramazanu-post-u-skandinaviji-ce-trajati-22-sata-u-argentini-samo-devet\/\" \/>\n<meta property=\"og:locale\" content=\"bs_BA\" \/>\n<meta property=\"og:type\" content=\"article\" \/>\n<meta property=\"og:title\" content=\"U susret ramazanu: Post u Skandinaviji \u0107e trajati 22 sata, u Argentini samo devet\" \/>\n<meta property=\"og:description\" content=\"Muslimani u pojedinim gradovima Islanda, \u0160vedske i Norve\u0161ke ovog ramazana, mjeseca posta muslimana, postit \u0107e oko 22 sata, prenosi Anadolu Agency (AA). Muslimani u \u0161vedskom gradu Kiruna, u norve\u0161kom gradu Tromso te u Reykjaviku, glavnom gradu Islanda, postit \u0107e 22 sata, dok \u0107e oni u Stockholmu, Oslu, Kopenhagenu i Helsinkiju postiti oko 20 sati. Posta\u010di [&hellip;]\" \/>\n<meta property=\"og:url\" content=\"https:\/\/sandzakpress.net\/arhiva\/u-susret-ramazanu-post-u-skandinaviji-ce-trajati-22-sata-u-argentini-samo-devet\/\" \/>\n<meta property=\"og:site_name\" content=\"Sand\u017eak PRESS\" \/>\n<meta property=\"article:published_time\" content=\"2016-05-30T20:30:14+00:00\" \/>\n<meta property=\"og:image\" content=\"https:\/\/sandzakpress.net\/arhiva\/wp-content\/uploads\/2016\/05\/iftar.jpg\" \/>\n\t<meta property=\"og:image:width\" content=\"610\" \/>\n\t<meta property=\"og:image:height\" content=\"524\" \/>\n\t<meta property=\"og:image:type\" content=\"image\/jpeg\" \/>\n<meta name=\"author\" content=\"bosniak\" \/>\n<meta name=\"twitter:card\" content=\"summary_large_image\" \/>\n<meta name=\"twitter:label1\" content=\"Written by\" \/>\n\t<meta name=\"twitter:data1\" content=\"bosniak\" \/>\n\t<meta name=\"twitter:label2\" content=\"Est. reading time\" \/>\n\t<meta name=\"twitter:data2\" content=\"1 minuta\" \/>\n<script type=\"application\/ld+json\" class=\"yoast-schema-graph\">{\"@context\":\"https:\/\/schema.org\",\"@graph\":[{\"@type\":\"Article\",\"@id\":\"https:\/\/sandzakpress.net\/arhiva\/u-susret-ramazanu-post-u-skandinaviji-ce-trajati-22-sata-u-argentini-samo-devet\/#article\",\"isPartOf\":{\"@id\":\"https:\/\/sandzakpress.net\/arhiva\/u-susret-ramazanu-post-u-skandinaviji-ce-trajati-22-sata-u-argentini-samo-devet\/\"},\"author\":{\"name\":\"bosniak\",\"@id\":\"https:\/\/sandzakpress.net\/arhiva\/#\/schema\/person\/c8baee722073534b583ea7bdb2e36c02\"},\"headline\":\"U susret ramazanu: Post u Skandinaviji \u0107e trajati 22 sata, u Argentini samo devet\",\"datePublished\":\"2016-05-30T20:30:14+00:00\",\"mainEntityOfPage\":{\"@id\":\"https:\/\/sandzakpress.net\/arhiva\/u-susret-ramazanu-post-u-skandinaviji-ce-trajati-22-sata-u-argentini-samo-devet\/\"},\"wordCount\":197,\"commentCount\":0,\"publisher\":{\"@id\":\"https:\/\/sandzakpress.net\/arhiva\/#\/schema\/person\/6e72b67d6e51910a1117b3b483ba20bd\"},\"image\":{\"@id\":\"https:\/\/sandzakpress.net\/arhiva\/u-susret-ramazanu-post-u-skandinaviji-ce-trajati-22-sata-u-argentini-samo-devet\/#primaryimage\"},\"thumbnailUrl\":\"https:\/\/sandzakpress.net\/arhiva\/wp-content\/uploads\/2016\/05\/iftar.jpg\",\"keywords\":[\"Islam\"],\"articleSection\":[\"Islam PRESS\"],\"inLanguage\":\"bs-BA\",\"potentialAction\":[{\"@type\":\"CommentAction\",\"name\":\"Comment\",\"target\":[\"https:\/\/sandzakpress.net\/arhiva\/u-susret-ramazanu-post-u-skandinaviji-ce-trajati-22-sata-u-argentini-samo-devet\/#respond\"]}]},{\"@type\":\"WebPage\",\"@id\":\"https:\/\/sandzakpress.net\/arhiva\/u-susret-ramazanu-post-u-skandinaviji-ce-trajati-22-sata-u-argentini-samo-devet\/\",\"url\":\"https:\/\/sandzakpress.net\/arhiva\/u-susret-ramazanu-post-u-skandinaviji-ce-trajati-22-sata-u-argentini-samo-devet\/\",\"name\":\"U susret ramazanu: Post u Skandinaviji \u0107e trajati 22 sata, u Argentini samo devet\",\"isPartOf\":{\"@id\":\"https:\/\/sandzakpress.net\/arhiva\/#website\"},\"primaryImageOfPage\":{\"@id\":\"https:\/\/sandzakpress.net\/arhiva\/u-susret-ramazanu-post-u-skandinaviji-ce-trajati-22-sata-u-argentini-samo-devet\/#primaryimage\"},\"image\":{\"@id\":\"https:\/\/sandzakpress.net\/arhiva\/u-susret-ramazanu-post-u-skandinaviji-ce-trajati-22-sata-u-argentini-samo-devet\/#primaryimage\"},\"thumbnailUrl\":\"https:\/\/sandzakpress.net\/arhiva\/wp-content\/uploads\/2016\/05\/iftar.jpg\",\"datePublished\":\"2016-05-30T20:30:14+00:00\",\"breadcrumb\":{\"@id\":\"https:\/\/sandzakpress.net\/arhiva\/u-susret-ramazanu-post-u-skandinaviji-ce-trajati-22-sata-u-argentini-samo-devet\/#breadcrumb\"},\"inLanguage\":\"bs-BA\",\"potentialAction\":[{\"@type\":\"ReadAction\",\"target\":[\"https:\/\/sandzakpress.net\/arhiva\/u-susret-ramazanu-post-u-skandinaviji-ce-trajati-22-sata-u-argentini-samo-devet\/\"]}]},{\"@type\":\"ImageObject\",\"inLanguage\":\"bs-BA\",\"@id\":\"https:\/\/sandzakpress.net\/arhiva\/u-susret-ramazanu-post-u-skandinaviji-ce-trajati-22-sata-u-argentini-samo-devet\/#primaryimage\",\"url\":\"https:\/\/sandzakpress.net\/arhiva\/wp-content\/uploads\/2016\/05\/iftar.jpg\",\"contentUrl\":\"https:\/\/sandzakpress.net\/arhiva\/wp-content\/uploads\/2016\/05\/iftar.jpg\",\"width\":610,\"height\":524},{\"@type\":\"BreadcrumbList\",\"@id\":\"https:\/\/sandzakpress.net\/arhiva\/u-susret-ramazanu-post-u-skandinaviji-ce-trajati-22-sata-u-argentini-samo-devet\/#breadcrumb\",\"itemListElement\":[{\"@type\":\"ListItem\",\"position\":1,\"name\":\"Home\",\"item\":\"https:\/\/sandzakpress.net\/arhiva\/\"},{\"@type\":\"ListItem\",\"position\":2,\"name\":\"U susret ramazanu: Post u Skandinaviji \u0107e trajati 22 sata, u Argentini samo devet\"}]},{\"@type\":\"WebSite\",\"@id\":\"https:\/\/sandzakpress.net\/arhiva\/#website\",\"url\":\"https:\/\/sandzakpress.net\/arhiva\/\",\"name\":\"Sand\u017eak PRESS\",\"description\":\"Prve elektronske novine u Sand\u017eaku\",\"publisher\":{\"@id\":\"https:\/\/sandzakpress.net\/arhiva\/#\/schema\/person\/6e72b67d6e51910a1117b3b483ba20bd\"},\"potentialAction\":[{\"@type\":\"SearchAction\",\"target\":{\"@type\":\"EntryPoint\",\"urlTemplate\":\"https:\/\/sandzakpress.net\/arhiva\/?s={search_term_string}\"},\"query-input\":{\"@type\":\"PropertyValueSpecification\",\"valueRequired\":true,\"valueName\":\"search_term_string\"}}],\"inLanguage\":\"bs-BA\"},{\"@type\":[\"Person\",\"Organization\"],\"@id\":\"https:\/\/sandzakpress.net\/arhiva\/#\/schema\/person\/6e72b67d6e51910a1117b3b483ba20bd\",\"name\":\"Kul\",\"image\":{\"@type\":\"ImageObject\",\"inLanguage\":\"bs-BA\",\"@id\":\"https:\/\/sandzakpress.net\/arhiva\/#\/schema\/person\/image\/\",\"url\":\"https:\/\/secure.gravatar.com\/avatar\/42263f39aa27ac04c43cab85c280eb2e?s=96&d=mm&r=pg\",\"contentUrl\":\"https:\/\/secure.gravatar.com\/avatar\/42263f39aa27ac04c43cab85c280eb2e?s=96&d=mm&r=pg\",\"caption\":\"Kul\"},\"logo\":{\"@id\":\"https:\/\/sandzakpress.net\/arhiva\/#\/schema\/person\/image\/\"}},{\"@type\":\"Person\",\"@id\":\"https:\/\/sandzakpress.net\/arhiva\/#\/schema\/person\/c8baee722073534b583ea7bdb2e36c02\",\"name\":\"bosniak\",\"image\":{\"@type\":\"ImageObject\",\"inLanguage\":\"bs-BA\",\"@id\":\"https:\/\/sandzakpress.net\/arhiva\/#\/schema\/person\/image\/\",\"url\":\"https:\/\/secure.gravatar.com\/avatar\/a04fd330bfe3a36a72a0ad4a6d89fca7?s=96&d=mm&r=pg\",\"contentUrl\":\"https:\/\/secure.gravatar.com\/avatar\/a04fd330bfe3a36a72a0ad4a6d89fca7?s=96&d=mm&r=pg\",\"caption\":\"bosniak\"},\"url\":\"https:\/\/sandzakpress.net\/arhiva\/author\/bosniak\/\"}]}<\/script>\n<!-- \/ Yoast SEO Premium plugin. -->","yoast_head_json":{"title":"U susret ramazanu: Post u Skandinaviji \u0107e trajati 22 sata, u Argentini samo devet","robots":{"index":"index","follow":"follow","max-snippet":"max-snippet:-1","max-image-preview":"max-image-preview:large","max-video-preview":"max-video-preview:-1"},"canonical":"https:\/\/sandzakpress.net\/arhiva\/u-susret-ramazanu-post-u-skandinaviji-ce-trajati-22-sata-u-argentini-samo-devet\/","og_locale":"bs_BA","og_type":"article","og_title":"U susret ramazanu: Post u Skandinaviji \u0107e trajati 22 sata, u Argentini samo devet","og_description":"Muslimani u pojedinim gradovima Islanda, \u0160vedske i Norve\u0161ke ovog ramazana, mjeseca posta muslimana, postit \u0107e oko 22 sata, prenosi Anadolu Agency (AA). Muslimani u \u0161vedskom gradu Kiruna, u norve\u0161kom gradu Tromso te u Reykjaviku, glavnom gradu Islanda, postit \u0107e 22 sata, dok \u0107e oni u Stockholmu, Oslu, Kopenhagenu i Helsinkiju postiti oko 20 sati. Posta\u010di [&hellip;]","og_url":"https:\/\/sandzakpress.net\/arhiva\/u-susret-ramazanu-post-u-skandinaviji-ce-trajati-22-sata-u-argentini-samo-devet\/","og_site_name":"Sand\u017eak PRESS","article_published_time":"2016-05-30T20:30:14+00:00","og_image":[{"width":610,"height":524,"url":"https:\/\/sandzakpress.net\/arhiva\/wp-content\/uploads\/2016\/05\/iftar.jpg","type":"image\/jpeg"}],"author":"bosniak","twitter_card":"summary_large_image","twitter_misc":{"Written by":"bosniak","Est. reading time":"1 minuta"},"schema":{"@context":"https:\/\/schema.org","@graph":[{"@type":"Article","@id":"https:\/\/sandzakpress.net\/arhiva\/u-susret-ramazanu-post-u-skandinaviji-ce-trajati-22-sata-u-argentini-samo-devet\/#article","isPartOf":{"@id":"https:\/\/sandzakpress.net\/arhiva\/u-susret-ramazanu-post-u-skandinaviji-ce-trajati-22-sata-u-argentini-samo-devet\/"},"author":{"name":"bosniak","@id":"https:\/\/sandzakpress.net\/arhiva\/#\/schema\/person\/c8baee722073534b583ea7bdb2e36c02"},"headline":"U susret ramazanu: Post u Skandinaviji \u0107e trajati 22 sata, u Argentini samo devet","datePublished":"2016-05-30T20:30:14+00:00","mainEntityOfPage":{"@id":"https:\/\/sandzakpress.net\/arhiva\/u-susret-ramazanu-post-u-skandinaviji-ce-trajati-22-sata-u-argentini-samo-devet\/"},"wordCount":197,"commentCount":0,"publisher":{"@id":"https:\/\/sandzakpress.net\/arhiva\/#\/schema\/person\/6e72b67d6e51910a1117b3b483ba20bd"},"image":{"@id":"https:\/\/sandzakpress.net\/arhiva\/u-susret-ramazanu-post-u-skandinaviji-ce-trajati-22-sata-u-argentini-samo-devet\/#primaryimage"},"thumbnailUrl":"https:\/\/sandzakpress.net\/arhiva\/wp-content\/uploads\/2016\/05\/iftar.jpg","keywords":["Islam"],"articleSection":["Islam PRESS"],"inLanguage":"bs-BA","potentialAction":[{"@type":"CommentAction","name":"Comment","target":["https:\/\/sandzakpress.net\/arhiva\/u-susret-ramazanu-post-u-skandinaviji-ce-trajati-22-sata-u-argentini-samo-devet\/#respond"]}]},{"@type":"WebPage","@id":"https:\/\/sandzakpress.net\/arhiva\/u-susret-ramazanu-post-u-skandinaviji-ce-trajati-22-sata-u-argentini-samo-devet\/","url":"https:\/\/sandzakpress.net\/arhiva\/u-susret-ramazanu-post-u-skandinaviji-ce-trajati-22-sata-u-argentini-samo-devet\/","name":"U susret ramazanu: Post u Skandinaviji \u0107e trajati 22 sata, u Argentini samo devet","isPartOf":{"@id":"https:\/\/sandzakpress.net\/arhiva\/#website"},"primaryImageOfPage":{"@id":"https:\/\/sandzakpress.net\/arhiva\/u-susret-ramazanu-post-u-skandinaviji-ce-trajati-22-sata-u-argentini-samo-devet\/#primaryimage"},"image":{"@id":"https:\/\/sandzakpress.net\/arhiva\/u-susret-ramazanu-post-u-skandinaviji-ce-trajati-22-sata-u-argentini-samo-devet\/#primaryimage"},"thumbnailUrl":"https:\/\/sandzakpress.net\/arhiva\/wp-content\/uploads\/2016\/05\/iftar.jpg","datePublished":"2016-05-30T20:30:14+00:00","breadcrumb":{"@id":"https:\/\/sandzakpress.net\/arhiva\/u-susret-ramazanu-post-u-skandinaviji-ce-trajati-22-sata-u-argentini-samo-devet\/#breadcrumb"},"inLanguage":"bs-BA","potentialAction":[{"@type":"ReadAction","target":["https:\/\/sandzakpress.net\/arhiva\/u-susret-ramazanu-post-u-skandinaviji-ce-trajati-22-sata-u-argentini-samo-devet\/"]}]},{"@type":"ImageObject","inLanguage":"bs-BA","@id":"https:\/\/sandzakpress.net\/arhiva\/u-susret-ramazanu-post-u-skandinaviji-ce-trajati-22-sata-u-argentini-samo-devet\/#primaryimage","url":"https:\/\/sandzakpress.net\/arhiva\/wp-content\/uploads\/2016\/05\/iftar.jpg","contentUrl":"https:\/\/sandzakpress.net\/arhiva\/wp-content\/uploads\/2016\/05\/iftar.jpg","width":610,"height":524},{"@type":"BreadcrumbList","@id":"https:\/\/sandzakpress.net\/arhiva\/u-susret-ramazanu-post-u-skandinaviji-ce-trajati-22-sata-u-argentini-samo-devet\/#breadcrumb","itemListElement":[{"@type":"ListItem","position":1,"name":"Home","item":"https:\/\/sandzakpress.net\/arhiva\/"},{"@type":"ListItem","position":2,"name":"U susret ramazanu: Post u Skandinaviji \u0107e trajati 22 sata, u Argentini samo devet"}]},{"@type":"WebSite","@id":"https:\/\/sandzakpress.net\/arhiva\/#website","url":"https:\/\/sandzakpress.net\/arhiva\/","name":"Sand\u017eak PRESS","description":"Prve elektronske novine u Sand\u017eaku","publisher":{"@id":"https:\/\/sandzakpress.net\/arhiva\/#\/schema\/person\/6e72b67d6e51910a1117b3b483ba20bd"},"potentialAction":[{"@type":"SearchAction","target":{"@type":"EntryPoint","urlTemplate":"https:\/\/sandzakpress.net\/arhiva\/?s={search_term_string}"},"query-input":{"@type":"PropertyValueSpecification","valueRequired":true,"valueName":"search_term_string"}}],"inLanguage":"bs-BA"},{"@type":["Person","Organization"],"@id":"https:\/\/sandzakpress.net\/arhiva\/#\/schema\/person\/6e72b67d6e51910a1117b3b483ba20bd","name":"Kul","image":{"@type":"ImageObject","inLanguage":"bs-BA","@id":"https:\/\/sandzakpress.net\/arhiva\/#\/schema\/person\/image\/","url":"https:\/\/secure.gravatar.com\/avatar\/42263f39aa27ac04c43cab85c280eb2e?s=96&d=mm&r=pg","contentUrl":"https:\/\/secure.gravatar.com\/avatar\/42263f39aa27ac04c43cab85c280eb2e?s=96&d=mm&r=pg","caption":"Kul"},"logo":{"@id":"https:\/\/sandzakpress.net\/arhiva\/#\/schema\/person\/image\/"}},{"@type":"Person","@id":"https:\/\/sandzakpress.net\/arhiva\/#\/schema\/person\/c8baee722073534b583ea7bdb2e36c02","name":"bosniak","image":{"@type":"ImageObject","inLanguage":"bs-BA","@id":"https:\/\/sandzakpress.net\/arhiva\/#\/schema\/person\/image\/","url":"https:\/\/secure.gravatar.com\/avatar\/a04fd330bfe3a36a72a0ad4a6d89fca7?s=96&d=mm&r=pg","contentUrl":"https:\/\/secure.gravatar.com\/avatar\/a04fd330bfe3a36a72a0ad4a6d89fca7?s=96&d=mm&r=pg","caption":"bosniak"},"url":"https:\/\/sandzakpress.net\/arhiva\/author\/bosniak\/"}]}},"_links":{"self":[{"href":"https:\/\/sandzakpress.net\/arhiva\/wp-json\/wp\/v2\/posts\/161341"}],"collection":[{"href":"https:\/\/sandzakpress.net\/arhiva\/wp-json\/wp\/v2\/posts"}],"about":[{"href":"https:\/\/sandzakpress.net\/arhiva\/wp-json\/wp\/v2\/types\/post"}],"author":[{"embeddable":true,"href":"https:\/\/sandzakpress.net\/arhiva\/wp-json\/wp\/v2\/users\/83"}],"replies":[{"embeddable":true,"href":"https:\/\/sandzakpress.net\/arhiva\/wp-json\/wp\/v2\/comments?post=161341"}],"version-history":[{"count":0,"href":"https:\/\/sandzakpress.net\/arhiva\/wp-json\/wp\/v2\/posts\/161341\/revisions"}],"wp:featuredmedia":[{"embeddable":true,"href":"https:\/\/sandzakpress.net\/arhiva\/wp-json\/wp\/v2\/media\/161342"}],"wp:attachment":[{"href":"https:\/\/sandzakpress.net\/arhiva\/wp-json\/wp\/v2\/media?parent=161341"}],"wp:term":[{"taxonomy":"category","embeddable":true,"href":"https:\/\/sandzakpress.net\/arhiva\/wp-json\/wp\/v2\/categories?post=161341"},{"taxonomy":"post_tag","embeddable":true,"href":"https:\/\/sandzakpress.net\/arhiva\/wp-json\/wp\/v2\/tags?post=161341"}],"curies":[{"name":"wp","href":"https:\/\/api.w.org\/{rel}","templated":true}]}}