{"id":160977,"date":"2016-05-25T14:25:39","date_gmt":"2016-05-25T12:25:39","guid":{"rendered":"https:\/\/sandzakpress.net\/arhiva\/?p=160977"},"modified":"2016-05-25T14:25:39","modified_gmt":"2016-05-25T12:25:39","slug":"novi-pazar-sutra-skupstina-grada-bira-se-gradonacelnik","status":"publish","type":"post","link":"https:\/\/sandzakpress.net\/arhiva\/novi-pazar-sutra-skupstina-grada-bira-se-gradonacelnik\/","title":{"rendered":"Novi Pazar \u2013  Sutra Skup\u0161tina grada bira se gradona\u010delnik"},"content":{"rendered":"<div class=\"td-post-content\">\n<p><img loading=\"lazy\" decoding=\"async\" class=\"aligncenter size-full wp-image-148731\" src=\"https:\/\/sandzakpress.net\/arhiva\/wp-content\/uploads\/2015\/12\/skup\u0161tina-novi-pazara-muratovic.jpg\" alt=\"skup\u0161tina novi pazara muratovic\" width=\"1277\" height=\"804\" srcset=\"https:\/\/sandzakpress.net\/arhiva\/wp-content\/uploads\/2015\/12\/skup\u0161tina-novi-pazara-muratovic.jpg 1277w, https:\/\/sandzakpress.net\/arhiva\/wp-content\/uploads\/2015\/12\/skup\u0161tina-novi-pazara-muratovic-616x388.jpg 616w\" sizes=\"(max-width: 1277px) 100vw, 1277px\" \/><strong>Novi Pazar \u2013 Skup\u0161tina grada zakazana je za sutra u 10 \u010dasova a pretpotstavlja se da \u0107e na njoj biti izabran gradona\u010delnik i \u010dlanovi gradskog vije\u0107a.<\/strong><\/p>\n<\/div>\n<footer>\n<div class=\"td-post-source-tags\">\u00a0<\/div>\n<\/footer>\n<div class=\"td_block_wrap td_block_related_posts td_uid_1_574597e48514c_rand td_with_ajax_pagination td-pb-border-top\">\u00a0<\/div>\n","protected":false},"excerpt":{"rendered":"<p>Novi Pazar \u2013 Skup\u0161tina grada zakazana je za sutra u 10 \u010dasova a pretpotstavlja se da \u0107e na njoj biti izabran gradona\u010delnik i \u010dlanovi gradskog vije\u0107a. \u00a0 \u00a0<\/p>\n","protected":false},"author":83,"featured_media":148731,"comment_status":"open","ping_status":"open","sticky":false,"template":"","format":"standard","meta":{"footnotes":""},"categories":[72,1,10429],"tags":[],"class_list":{"0":"post-160977","1":"post","2":"type-post","3":"status-publish","4":"format-standard","5":"has-post-thumbnail","7":"category-novi-pazar","8":"category-politika","9":"category-vazno"},"yoast_head":"<!-- This site is optimized with the Yoast SEO Premium plugin v23.1 (Yoast SEO v24.9) - https:\/\/yoast.com\/wordpress\/plugins\/seo\/ -->\n<title>Novi Pazar \u2013 Sutra Skup\u0161tina grada bira se gradona\u010delnik<\/title>\n<meta name=\"robots\" content=\"index, follow, max-snippet:-1, max-image-preview:large, max-video-preview:-1\" \/>\n<link rel=\"canonical\" href=\"https:\/\/sandzakpress.net\/arhiva\/novi-pazar-sutra-skupstina-grada-bira-se-gradonacelnik\/\" \/>\n<meta property=\"og:locale\" content=\"bs_BA\" \/>\n<meta property=\"og:type\" content=\"article\" \/>\n<meta property=\"og:title\" content=\"Novi Pazar \u2013 Sutra Skup\u0161tina grada bira se gradona\u010delnik\" \/>\n<meta property=\"og:description\" content=\"Novi Pazar \u2013 Skup\u0161tina grada zakazana je za sutra u 10 \u010dasova a pretpotstavlja se da \u0107e na njoj biti izabran gradona\u010delnik i \u010dlanovi gradskog vije\u0107a. \u00a0 \u00a0\" \/>\n<meta property=\"og:url\" content=\"https:\/\/sandzakpress.net\/arhiva\/novi-pazar-sutra-skupstina-grada-bira-se-gradonacelnik\/\" \/>\n<meta property=\"og:site_name\" content=\"Sand\u017eak PRESS\" \/>\n<meta property=\"article:published_time\" content=\"2016-05-25T12:25:39+00:00\" \/>\n<meta property=\"og:image\" content=\"https:\/\/sandzakpress.net\/arhiva\/wp-content\/uploads\/2015\/12\/skup\u0161tina-novi-pazara-muratovic.jpg\" \/>\n\t<meta property=\"og:image:width\" content=\"1277\" \/>\n\t<meta property=\"og:image:height\" content=\"804\" \/>\n\t<meta property=\"og:image:type\" content=\"image\/jpeg\" \/>\n<meta name=\"author\" content=\"bosniak\" \/>\n<meta name=\"twitter:card\" content=\"summary_large_image\" \/>\n<meta name=\"twitter:label1\" content=\"Written by\" \/>\n\t<meta name=\"twitter:data1\" content=\"bosniak\" \/>\n<script type=\"application\/ld+json\" class=\"yoast-schema-graph\">{\"@context\":\"https:\/\/schema.org\",\"@graph\":[{\"@type\":\"Article\",\"@id\":\"https:\/\/sandzakpress.net\/arhiva\/novi-pazar-sutra-skupstina-grada-bira-se-gradonacelnik\/#article\",\"isPartOf\":{\"@id\":\"https:\/\/sandzakpress.net\/arhiva\/novi-pazar-sutra-skupstina-grada-bira-se-gradonacelnik\/\"},\"author\":{\"name\":\"bosniak\",\"@id\":\"https:\/\/sandzakpress.net\/arhiva\/#\/schema\/person\/c8baee722073534b583ea7bdb2e36c02\"},\"headline\":\"Novi Pazar \u2013 Sutra Skup\u0161tina grada bira se gradona\u010delnik\",\"datePublished\":\"2016-05-25T12:25:39+00:00\",\"mainEntityOfPage\":{\"@id\":\"https:\/\/sandzakpress.net\/arhiva\/novi-pazar-sutra-skupstina-grada-bira-se-gradonacelnik\/\"},\"wordCount\":37,\"commentCount\":14,\"publisher\":{\"@id\":\"https:\/\/sandzakpress.net\/arhiva\/#\/schema\/person\/6e72b67d6e51910a1117b3b483ba20bd\"},\"image\":{\"@id\":\"https:\/\/sandzakpress.net\/arhiva\/novi-pazar-sutra-skupstina-grada-bira-se-gradonacelnik\/#primaryimage\"},\"thumbnailUrl\":\"https:\/\/sandzakpress.net\/arhiva\/wp-content\/uploads\/2015\/12\/skup\u0161tina-novi-pazara-muratovic.jpg\",\"articleSection\":[\"Novi Pazar\",\"Politika\",\"VA\u017dNO!\"],\"inLanguage\":\"bs-BA\",\"potentialAction\":[{\"@type\":\"CommentAction\",\"name\":\"Comment\",\"target\":[\"https:\/\/sandzakpress.net\/arhiva\/novi-pazar-sutra-skupstina-grada-bira-se-gradonacelnik\/#respond\"]}]},{\"@type\":\"WebPage\",\"@id\":\"https:\/\/sandzakpress.net\/arhiva\/novi-pazar-sutra-skupstina-grada-bira-se-gradonacelnik\/\",\"url\":\"https:\/\/sandzakpress.net\/arhiva\/novi-pazar-sutra-skupstina-grada-bira-se-gradonacelnik\/\",\"name\":\"Novi Pazar \u2013 Sutra Skup\u0161tina grada bira se gradona\u010delnik\",\"isPartOf\":{\"@id\":\"https:\/\/sandzakpress.net\/arhiva\/#website\"},\"primaryImageOfPage\":{\"@id\":\"https:\/\/sandzakpress.net\/arhiva\/novi-pazar-sutra-skupstina-grada-bira-se-gradonacelnik\/#primaryimage\"},\"image\":{\"@id\":\"https:\/\/sandzakpress.net\/arhiva\/novi-pazar-sutra-skupstina-grada-bira-se-gradonacelnik\/#primaryimage\"},\"thumbnailUrl\":\"https:\/\/sandzakpress.net\/arhiva\/wp-content\/uploads\/2015\/12\/skup\u0161tina-novi-pazara-muratovic.jpg\",\"datePublished\":\"2016-05-25T12:25:39+00:00\",\"breadcrumb\":{\"@id\":\"https:\/\/sandzakpress.net\/arhiva\/novi-pazar-sutra-skupstina-grada-bira-se-gradonacelnik\/#breadcrumb\"},\"inLanguage\":\"bs-BA\",\"potentialAction\":[{\"@type\":\"ReadAction\",\"target\":[\"https:\/\/sandzakpress.net\/arhiva\/novi-pazar-sutra-skupstina-grada-bira-se-gradonacelnik\/\"]}]},{\"@type\":\"ImageObject\",\"inLanguage\":\"bs-BA\",\"@id\":\"https:\/\/sandzakpress.net\/arhiva\/novi-pazar-sutra-skupstina-grada-bira-se-gradonacelnik\/#primaryimage\",\"url\":\"https:\/\/sandzakpress.net\/arhiva\/wp-content\/uploads\/2015\/12\/skup\u0161tina-novi-pazara-muratovic.jpg\",\"contentUrl\":\"https:\/\/sandzakpress.net\/arhiva\/wp-content\/uploads\/2015\/12\/skup\u0161tina-novi-pazara-muratovic.jpg\",\"width\":1277,\"height\":804},{\"@type\":\"BreadcrumbList\",\"@id\":\"https:\/\/sandzakpress.net\/arhiva\/novi-pazar-sutra-skupstina-grada-bira-se-gradonacelnik\/#breadcrumb\",\"itemListElement\":[{\"@type\":\"ListItem\",\"position\":1,\"name\":\"Home\",\"item\":\"https:\/\/sandzakpress.net\/arhiva\/\"},{\"@type\":\"ListItem\",\"position\":2,\"name\":\"Novi Pazar \u2013 Sutra Skup\u0161tina grada bira se gradona\u010delnik\"}]},{\"@type\":\"WebSite\",\"@id\":\"https:\/\/sandzakpress.net\/arhiva\/#website\",\"url\":\"https:\/\/sandzakpress.net\/arhiva\/\",\"name\":\"Sand\u017eak PRESS\",\"description\":\"Prve elektronske novine u Sand\u017eaku\",\"publisher\":{\"@id\":\"https:\/\/sandzakpress.net\/arhiva\/#\/schema\/person\/6e72b67d6e51910a1117b3b483ba20bd\"},\"potentialAction\":[{\"@type\":\"SearchAction\",\"target\":{\"@type\":\"EntryPoint\",\"urlTemplate\":\"https:\/\/sandzakpress.net\/arhiva\/?s={search_term_string}\"},\"query-input\":{\"@type\":\"PropertyValueSpecification\",\"valueRequired\":true,\"valueName\":\"search_term_string\"}}],\"inLanguage\":\"bs-BA\"},{\"@type\":[\"Person\",\"Organization\"],\"@id\":\"https:\/\/sandzakpress.net\/arhiva\/#\/schema\/person\/6e72b67d6e51910a1117b3b483ba20bd\",\"name\":\"Kul\",\"image\":{\"@type\":\"ImageObject\",\"inLanguage\":\"bs-BA\",\"@id\":\"https:\/\/sandzakpress.net\/arhiva\/#\/schema\/person\/image\/\",\"url\":\"https:\/\/secure.gravatar.com\/avatar\/42263f39aa27ac04c43cab85c280eb2e?s=96&d=mm&r=pg\",\"contentUrl\":\"https:\/\/secure.gravatar.com\/avatar\/42263f39aa27ac04c43cab85c280eb2e?s=96&d=mm&r=pg\",\"caption\":\"Kul\"},\"logo\":{\"@id\":\"https:\/\/sandzakpress.net\/arhiva\/#\/schema\/person\/image\/\"}},{\"@type\":\"Person\",\"@id\":\"https:\/\/sandzakpress.net\/arhiva\/#\/schema\/person\/c8baee722073534b583ea7bdb2e36c02\",\"name\":\"bosniak\",\"image\":{\"@type\":\"ImageObject\",\"inLanguage\":\"bs-BA\",\"@id\":\"https:\/\/sandzakpress.net\/arhiva\/#\/schema\/person\/image\/\",\"url\":\"https:\/\/secure.gravatar.com\/avatar\/a04fd330bfe3a36a72a0ad4a6d89fca7?s=96&d=mm&r=pg\",\"contentUrl\":\"https:\/\/secure.gravatar.com\/avatar\/a04fd330bfe3a36a72a0ad4a6d89fca7?s=96&d=mm&r=pg\",\"caption\":\"bosniak\"},\"url\":\"https:\/\/sandzakpress.net\/arhiva\/author\/bosniak\/\"}]}<\/script>\n<!-- \/ Yoast SEO Premium plugin. -->","yoast_head_json":{"title":"Novi Pazar \u2013 Sutra Skup\u0161tina grada bira se gradona\u010delnik","robots":{"index":"index","follow":"follow","max-snippet":"max-snippet:-1","max-image-preview":"max-image-preview:large","max-video-preview":"max-video-preview:-1"},"canonical":"https:\/\/sandzakpress.net\/arhiva\/novi-pazar-sutra-skupstina-grada-bira-se-gradonacelnik\/","og_locale":"bs_BA","og_type":"article","og_title":"Novi Pazar \u2013 Sutra Skup\u0161tina grada bira se gradona\u010delnik","og_description":"Novi Pazar \u2013 Skup\u0161tina grada zakazana je za sutra u 10 \u010dasova a pretpotstavlja se da \u0107e na njoj biti izabran gradona\u010delnik i \u010dlanovi gradskog vije\u0107a. \u00a0 \u00a0","og_url":"https:\/\/sandzakpress.net\/arhiva\/novi-pazar-sutra-skupstina-grada-bira-se-gradonacelnik\/","og_site_name":"Sand\u017eak PRESS","article_published_time":"2016-05-25T12:25:39+00:00","og_image":[{"width":1277,"height":804,"url":"https:\/\/sandzakpress.net\/arhiva\/wp-content\/uploads\/2015\/12\/skup\u0161tina-novi-pazara-muratovic.jpg","type":"image\/jpeg"}],"author":"bosniak","twitter_card":"summary_large_image","twitter_misc":{"Written by":"bosniak"},"schema":{"@context":"https:\/\/schema.org","@graph":[{"@type":"Article","@id":"https:\/\/sandzakpress.net\/arhiva\/novi-pazar-sutra-skupstina-grada-bira-se-gradonacelnik\/#article","isPartOf":{"@id":"https:\/\/sandzakpress.net\/arhiva\/novi-pazar-sutra-skupstina-grada-bira-se-gradonacelnik\/"},"author":{"name":"bosniak","@id":"https:\/\/sandzakpress.net\/arhiva\/#\/schema\/person\/c8baee722073534b583ea7bdb2e36c02"},"headline":"Novi Pazar \u2013 Sutra Skup\u0161tina grada bira se gradona\u010delnik","datePublished":"2016-05-25T12:25:39+00:00","mainEntityOfPage":{"@id":"https:\/\/sandzakpress.net\/arhiva\/novi-pazar-sutra-skupstina-grada-bira-se-gradonacelnik\/"},"wordCount":37,"commentCount":14,"publisher":{"@id":"https:\/\/sandzakpress.net\/arhiva\/#\/schema\/person\/6e72b67d6e51910a1117b3b483ba20bd"},"image":{"@id":"https:\/\/sandzakpress.net\/arhiva\/novi-pazar-sutra-skupstina-grada-bira-se-gradonacelnik\/#primaryimage"},"thumbnailUrl":"https:\/\/sandzakpress.net\/arhiva\/wp-content\/uploads\/2015\/12\/skup\u0161tina-novi-pazara-muratovic.jpg","articleSection":["Novi Pazar","Politika","VA\u017dNO!"],"inLanguage":"bs-BA","potentialAction":[{"@type":"CommentAction","name":"Comment","target":["https:\/\/sandzakpress.net\/arhiva\/novi-pazar-sutra-skupstina-grada-bira-se-gradonacelnik\/#respond"]}]},{"@type":"WebPage","@id":"https:\/\/sandzakpress.net\/arhiva\/novi-pazar-sutra-skupstina-grada-bira-se-gradonacelnik\/","url":"https:\/\/sandzakpress.net\/arhiva\/novi-pazar-sutra-skupstina-grada-bira-se-gradonacelnik\/","name":"Novi Pazar \u2013 Sutra Skup\u0161tina grada bira se gradona\u010delnik","isPartOf":{"@id":"https:\/\/sandzakpress.net\/arhiva\/#website"},"primaryImageOfPage":{"@id":"https:\/\/sandzakpress.net\/arhiva\/novi-pazar-sutra-skupstina-grada-bira-se-gradonacelnik\/#primaryimage"},"image":{"@id":"https:\/\/sandzakpress.net\/arhiva\/novi-pazar-sutra-skupstina-grada-bira-se-gradonacelnik\/#primaryimage"},"thumbnailUrl":"https:\/\/sandzakpress.net\/arhiva\/wp-content\/uploads\/2015\/12\/skup\u0161tina-novi-pazara-muratovic.jpg","datePublished":"2016-05-25T12:25:39+00:00","breadcrumb":{"@id":"https:\/\/sandzakpress.net\/arhiva\/novi-pazar-sutra-skupstina-grada-bira-se-gradonacelnik\/#breadcrumb"},"inLanguage":"bs-BA","potentialAction":[{"@type":"ReadAction","target":["https:\/\/sandzakpress.net\/arhiva\/novi-pazar-sutra-skupstina-grada-bira-se-gradonacelnik\/"]}]},{"@type":"ImageObject","inLanguage":"bs-BA","@id":"https:\/\/sandzakpress.net\/arhiva\/novi-pazar-sutra-skupstina-grada-bira-se-gradonacelnik\/#primaryimage","url":"https:\/\/sandzakpress.net\/arhiva\/wp-content\/uploads\/2015\/12\/skup\u0161tina-novi-pazara-muratovic.jpg","contentUrl":"https:\/\/sandzakpress.net\/arhiva\/wp-content\/uploads\/2015\/12\/skup\u0161tina-novi-pazara-muratovic.jpg","width":1277,"height":804},{"@type":"BreadcrumbList","@id":"https:\/\/sandzakpress.net\/arhiva\/novi-pazar-sutra-skupstina-grada-bira-se-gradonacelnik\/#breadcrumb","itemListElement":[{"@type":"ListItem","position":1,"name":"Home","item":"https:\/\/sandzakpress.net\/arhiva\/"},{"@type":"ListItem","position":2,"name":"Novi Pazar \u2013 Sutra Skup\u0161tina grada bira se gradona\u010delnik"}]},{"@type":"WebSite","@id":"https:\/\/sandzakpress.net\/arhiva\/#website","url":"https:\/\/sandzakpress.net\/arhiva\/","name":"Sand\u017eak PRESS","description":"Prve elektronske novine u Sand\u017eaku","publisher":{"@id":"https:\/\/sandzakpress.net\/arhiva\/#\/schema\/person\/6e72b67d6e51910a1117b3b483ba20bd"},"potentialAction":[{"@type":"SearchAction","target":{"@type":"EntryPoint","urlTemplate":"https:\/\/sandzakpress.net\/arhiva\/?s={search_term_string}"},"query-input":{"@type":"PropertyValueSpecification","valueRequired":true,"valueName":"search_term_string"}}],"inLanguage":"bs-BA"},{"@type":["Person","Organization"],"@id":"https:\/\/sandzakpress.net\/arhiva\/#\/schema\/person\/6e72b67d6e51910a1117b3b483ba20bd","name":"Kul","image":{"@type":"ImageObject","inLanguage":"bs-BA","@id":"https:\/\/sandzakpress.net\/arhiva\/#\/schema\/person\/image\/","url":"https:\/\/secure.gravatar.com\/avatar\/42263f39aa27ac04c43cab85c280eb2e?s=96&d=mm&r=pg","contentUrl":"https:\/\/secure.gravatar.com\/avatar\/42263f39aa27ac04c43cab85c280eb2e?s=96&d=mm&r=pg","caption":"Kul"},"logo":{"@id":"https:\/\/sandzakpress.net\/arhiva\/#\/schema\/person\/image\/"}},{"@type":"Person","@id":"https:\/\/sandzakpress.net\/arhiva\/#\/schema\/person\/c8baee722073534b583ea7bdb2e36c02","name":"bosniak","image":{"@type":"ImageObject","inLanguage":"bs-BA","@id":"https:\/\/sandzakpress.net\/arhiva\/#\/schema\/person\/image\/","url":"https:\/\/secure.gravatar.com\/avatar\/a04fd330bfe3a36a72a0ad4a6d89fca7?s=96&d=mm&r=pg","contentUrl":"https:\/\/secure.gravatar.com\/avatar\/a04fd330bfe3a36a72a0ad4a6d89fca7?s=96&d=mm&r=pg","caption":"bosniak"},"url":"https:\/\/sandzakpress.net\/arhiva\/author\/bosniak\/"}]}},"_links":{"self":[{"href":"https:\/\/sandzakpress.net\/arhiva\/wp-json\/wp\/v2\/posts\/160977"}],"collection":[{"href":"https:\/\/sandzakpress.net\/arhiva\/wp-json\/wp\/v2\/posts"}],"about":[{"href":"https:\/\/sandzakpress.net\/arhiva\/wp-json\/wp\/v2\/types\/post"}],"author":[{"embeddable":true,"href":"https:\/\/sandzakpress.net\/arhiva\/wp-json\/wp\/v2\/users\/83"}],"replies":[{"embeddable":true,"href":"https:\/\/sandzakpress.net\/arhiva\/wp-json\/wp\/v2\/comments?post=160977"}],"version-history":[{"count":0,"href":"https:\/\/sandzakpress.net\/arhiva\/wp-json\/wp\/v2\/posts\/160977\/revisions"}],"wp:featuredmedia":[{"embeddable":true,"href":"https:\/\/sandzakpress.net\/arhiva\/wp-json\/wp\/v2\/media\/148731"}],"wp:attachment":[{"href":"https:\/\/sandzakpress.net\/arhiva\/wp-json\/wp\/v2\/media?parent=160977"}],"wp:term":[{"taxonomy":"category","embeddable":true,"href":"https:\/\/sandzakpress.net\/arhiva\/wp-json\/wp\/v2\/categories?post=160977"},{"taxonomy":"post_tag","embeddable":true,"href":"https:\/\/sandzakpress.net\/arhiva\/wp-json\/wp\/v2\/tags?post=160977"}],"curies":[{"name":"wp","href":"https:\/\/api.w.org\/{rel}","templated":true}]}}