{"id":160416,"date":"2016-05-17T12:36:27","date_gmt":"2016-05-17T10:36:27","guid":{"rendered":"https:\/\/sandzakpress.net\/arhiva\/?p=160416"},"modified":"2016-05-17T12:36:27","modified_gmt":"2016-05-17T10:36:27","slug":"despotovic-opstina-formira-komisiju-za-procjenu-stete","status":"publish","type":"post","link":"https:\/\/sandzakpress.net\/arhiva\/despotovic-opstina-formira-komisiju-za-procjenu-stete\/","title":{"rendered":"Despotovi\u0107: Op\u0161tina formira komisiju za procjenu \u0161tete"},"content":{"rendered":"<p><img loading=\"lazy\" decoding=\"async\" class=\"\" src=\"http:\/\/www.glaszapadnesrbije.rs\/dp_press_slike\/16052016GZS2153-IMG_20160516_113152.jpg\" alt=\"\" width=\"600\" height=\"338\" \/><\/p>\n<p><strong>Prijepolje &#8211; \u010clan Op\u0161tinskog ve\u0107a zadu\u017een za poljoprivredu, Zoran Despotovi\u0107, izjavio je za Glas zapadne Srbije, da \u0107e op\u0161tina Prijepolje,\u00a0formirati komisiju za procjenu \u0161tete i u \u0161to kra\u0107em roku iza\u0107i na lice mjesta.<\/strong><\/p>\n<p>&#8220;O\u010dekujemo tokom ove sedmice da gra\u0111ani prijave \u0161tete u malinjacima, kako bi \u0161to prije iza\u0161li na teren i uvjereili se u realno stanje nakon ovog majskog sijnega&#8221;, rekao je on i dodao da o\u010dekuje da \u0107e i dr\u017eava u\u010destvovati u pomo\u0107i poljoprivrednicima koji su pretrpeli \u0161tetu.<\/p>\n<p>Despotovi\u0107 je istakao da osiguravaju\u0107a dru\u0161tva ne ispla\u0107uju pri\u010dinjenu \u0161tetu od snijega i da je utoliko malinarima, koji su uglavnom osigurali svoje zasade, situacija jo\u0161 te\u017ea.<\/p>\n<p>Prema njegovim rije\u010dima, najvi\u0161e su pogo\u0111eni malinjaci koji se nalaze na nadmorskoj visini od 800 do 1.000 metara.<\/p>\n<p>Glas zapadne Srbije<\/p>\n","protected":false},"excerpt":{"rendered":"<p>Prijepolje &#8211; \u010clan Op\u0161tinskog ve\u0107a zadu\u017een za poljoprivredu, Zoran Despotovi\u0107, izjavio je za Glas zapadne Srbije, da \u0107e op\u0161tina Prijepolje,\u00a0formirati komisiju za procjenu \u0161tete i u \u0161to kra\u0107em roku iza\u0107i na lice mjesta. &#8220;O\u010dekujemo tokom ove sedmice da gra\u0111ani prijave \u0161tete u malinjacima, kako bi \u0161to prije iza\u0161li na teren i uvjereili se u realno [&hellip;]<\/p>\n","protected":false},"author":509,"featured_media":160419,"comment_status":"open","ping_status":"open","sticky":false,"template":"","format":"standard","meta":{"footnotes":""},"categories":[3,392,798],"tags":[],"class_list":{"0":"post-160416","1":"post","2":"type-post","3":"status-publish","4":"format-standard","5":"has-post-thumbnail","7":"category-privreda","8":"category-prijepolje_","9":"category-teme"},"yoast_head":"<!-- This site is optimized with the Yoast SEO Premium plugin v23.1 (Yoast SEO v24.9) - https:\/\/yoast.com\/wordpress\/plugins\/seo\/ -->\n<title>Despotovi\u0107: Op\u0161tina formira komisiju za procjenu \u0161tete<\/title>\n<meta name=\"robots\" content=\"index, follow, max-snippet:-1, max-image-preview:large, max-video-preview:-1\" \/>\n<link rel=\"canonical\" href=\"https:\/\/sandzakpress.net\/arhiva\/despotovic-opstina-formira-komisiju-za-procjenu-stete\/\" \/>\n<meta property=\"og:locale\" content=\"bs_BA\" \/>\n<meta property=\"og:type\" content=\"article\" \/>\n<meta property=\"og:title\" content=\"Despotovi\u0107: Op\u0161tina formira komisiju za procjenu \u0161tete\" \/>\n<meta property=\"og:description\" content=\"Prijepolje &#8211; \u010clan Op\u0161tinskog ve\u0107a zadu\u017een za poljoprivredu, Zoran Despotovi\u0107, izjavio je za Glas zapadne Srbije, da \u0107e op\u0161tina Prijepolje,\u00a0formirati komisiju za procjenu \u0161tete i u \u0161to kra\u0107em roku iza\u0107i na lice mjesta. &#8220;O\u010dekujemo tokom ove sedmice da gra\u0111ani prijave \u0161tete u malinjacima, kako bi \u0161to prije iza\u0161li na teren i uvjereili se u realno [&hellip;]\" \/>\n<meta property=\"og:url\" content=\"https:\/\/sandzakpress.net\/arhiva\/despotovic-opstina-formira-komisiju-za-procjenu-stete\/\" \/>\n<meta property=\"og:site_name\" content=\"Sand\u017eak PRESS\" \/>\n<meta property=\"article:published_time\" content=\"2016-05-17T10:36:27+00:00\" \/>\n<meta property=\"og:image\" content=\"https:\/\/sandzakpress.net\/arhiva\/wp-content\/uploads\/2016\/05\/16052016GZS2153-IMG_20160516_113152.jpg\" \/>\n\t<meta property=\"og:image:width\" content=\"800\" \/>\n\t<meta property=\"og:image:height\" content=\"450\" \/>\n\t<meta property=\"og:image:type\" content=\"image\/jpeg\" \/>\n<meta name=\"author\" content=\"Agencija\" \/>\n<meta name=\"twitter:card\" content=\"summary_large_image\" \/>\n<meta name=\"twitter:label1\" content=\"Written by\" \/>\n\t<meta name=\"twitter:data1\" content=\"Agencija\" \/>\n\t<meta name=\"twitter:label2\" content=\"Est. reading time\" \/>\n\t<meta name=\"twitter:data2\" content=\"1 minuta\" \/>\n<script type=\"application\/ld+json\" class=\"yoast-schema-graph\">{\"@context\":\"https:\/\/schema.org\",\"@graph\":[{\"@type\":\"Article\",\"@id\":\"https:\/\/sandzakpress.net\/arhiva\/despotovic-opstina-formira-komisiju-za-procjenu-stete\/#article\",\"isPartOf\":{\"@id\":\"https:\/\/sandzakpress.net\/arhiva\/despotovic-opstina-formira-komisiju-za-procjenu-stete\/\"},\"author\":{\"name\":\"Agencija\",\"@id\":\"https:\/\/sandzakpress.net\/arhiva\/#\/schema\/person\/cb59d7e3ab91ab90dd680ad0305a6185\"},\"headline\":\"Despotovi\u0107: Op\u0161tina formira komisiju za procjenu \u0161tete\",\"datePublished\":\"2016-05-17T10:36:27+00:00\",\"mainEntityOfPage\":{\"@id\":\"https:\/\/sandzakpress.net\/arhiva\/despotovic-opstina-formira-komisiju-za-procjenu-stete\/\"},\"wordCount\":154,\"commentCount\":0,\"publisher\":{\"@id\":\"https:\/\/sandzakpress.net\/arhiva\/#\/schema\/person\/6e72b67d6e51910a1117b3b483ba20bd\"},\"image\":{\"@id\":\"https:\/\/sandzakpress.net\/arhiva\/despotovic-opstina-formira-komisiju-za-procjenu-stete\/#primaryimage\"},\"thumbnailUrl\":\"https:\/\/sandzakpress.net\/arhiva\/wp-content\/uploads\/2016\/05\/16052016GZS2153-IMG_20160516_113152.jpg\",\"articleSection\":[\"Privreda\",\"Prijepolje\",\"NAJNOVIJE\"],\"inLanguage\":\"bs-BA\",\"potentialAction\":[{\"@type\":\"CommentAction\",\"name\":\"Comment\",\"target\":[\"https:\/\/sandzakpress.net\/arhiva\/despotovic-opstina-formira-komisiju-za-procjenu-stete\/#respond\"]}]},{\"@type\":\"WebPage\",\"@id\":\"https:\/\/sandzakpress.net\/arhiva\/despotovic-opstina-formira-komisiju-za-procjenu-stete\/\",\"url\":\"https:\/\/sandzakpress.net\/arhiva\/despotovic-opstina-formira-komisiju-za-procjenu-stete\/\",\"name\":\"Despotovi\u0107: Op\u0161tina formira komisiju za procjenu \u0161tete\",\"isPartOf\":{\"@id\":\"https:\/\/sandzakpress.net\/arhiva\/#website\"},\"primaryImageOfPage\":{\"@id\":\"https:\/\/sandzakpress.net\/arhiva\/despotovic-opstina-formira-komisiju-za-procjenu-stete\/#primaryimage\"},\"image\":{\"@id\":\"https:\/\/sandzakpress.net\/arhiva\/despotovic-opstina-formira-komisiju-za-procjenu-stete\/#primaryimage\"},\"thumbnailUrl\":\"https:\/\/sandzakpress.net\/arhiva\/wp-content\/uploads\/2016\/05\/16052016GZS2153-IMG_20160516_113152.jpg\",\"datePublished\":\"2016-05-17T10:36:27+00:00\",\"breadcrumb\":{\"@id\":\"https:\/\/sandzakpress.net\/arhiva\/despotovic-opstina-formira-komisiju-za-procjenu-stete\/#breadcrumb\"},\"inLanguage\":\"bs-BA\",\"potentialAction\":[{\"@type\":\"ReadAction\",\"target\":[\"https:\/\/sandzakpress.net\/arhiva\/despotovic-opstina-formira-komisiju-za-procjenu-stete\/\"]}]},{\"@type\":\"ImageObject\",\"inLanguage\":\"bs-BA\",\"@id\":\"https:\/\/sandzakpress.net\/arhiva\/despotovic-opstina-formira-komisiju-za-procjenu-stete\/#primaryimage\",\"url\":\"https:\/\/sandzakpress.net\/arhiva\/wp-content\/uploads\/2016\/05\/16052016GZS2153-IMG_20160516_113152.jpg\",\"contentUrl\":\"https:\/\/sandzakpress.net\/arhiva\/wp-content\/uploads\/2016\/05\/16052016GZS2153-IMG_20160516_113152.jpg\",\"width\":800,\"height\":450},{\"@type\":\"BreadcrumbList\",\"@id\":\"https:\/\/sandzakpress.net\/arhiva\/despotovic-opstina-formira-komisiju-za-procjenu-stete\/#breadcrumb\",\"itemListElement\":[{\"@type\":\"ListItem\",\"position\":1,\"name\":\"Home\",\"item\":\"https:\/\/sandzakpress.net\/arhiva\/\"},{\"@type\":\"ListItem\",\"position\":2,\"name\":\"Despotovi\u0107: Op\u0161tina formira komisiju za procjenu \u0161tete\"}]},{\"@type\":\"WebSite\",\"@id\":\"https:\/\/sandzakpress.net\/arhiva\/#website\",\"url\":\"https:\/\/sandzakpress.net\/arhiva\/\",\"name\":\"Sand\u017eak PRESS\",\"description\":\"Prve elektronske novine u Sand\u017eaku\",\"publisher\":{\"@id\":\"https:\/\/sandzakpress.net\/arhiva\/#\/schema\/person\/6e72b67d6e51910a1117b3b483ba20bd\"},\"potentialAction\":[{\"@type\":\"SearchAction\",\"target\":{\"@type\":\"EntryPoint\",\"urlTemplate\":\"https:\/\/sandzakpress.net\/arhiva\/?s={search_term_string}\"},\"query-input\":{\"@type\":\"PropertyValueSpecification\",\"valueRequired\":true,\"valueName\":\"search_term_string\"}}],\"inLanguage\":\"bs-BA\"},{\"@type\":[\"Person\",\"Organization\"],\"@id\":\"https:\/\/sandzakpress.net\/arhiva\/#\/schema\/person\/6e72b67d6e51910a1117b3b483ba20bd\",\"name\":\"Kul\",\"image\":{\"@type\":\"ImageObject\",\"inLanguage\":\"bs-BA\",\"@id\":\"https:\/\/sandzakpress.net\/arhiva\/#\/schema\/person\/image\/\",\"url\":\"https:\/\/secure.gravatar.com\/avatar\/42263f39aa27ac04c43cab85c280eb2e?s=96&d=mm&r=pg\",\"contentUrl\":\"https:\/\/secure.gravatar.com\/avatar\/42263f39aa27ac04c43cab85c280eb2e?s=96&d=mm&r=pg\",\"caption\":\"Kul\"},\"logo\":{\"@id\":\"https:\/\/sandzakpress.net\/arhiva\/#\/schema\/person\/image\/\"}},{\"@type\":\"Person\",\"@id\":\"https:\/\/sandzakpress.net\/arhiva\/#\/schema\/person\/cb59d7e3ab91ab90dd680ad0305a6185\",\"name\":\"Agencija\",\"image\":{\"@type\":\"ImageObject\",\"inLanguage\":\"bs-BA\",\"@id\":\"https:\/\/sandzakpress.net\/arhiva\/#\/schema\/person\/image\/\",\"url\":\"https:\/\/secure.gravatar.com\/avatar\/4b7fafa80a22f0c2afe23966b3961fe0?s=96&d=mm&r=pg\",\"contentUrl\":\"https:\/\/secure.gravatar.com\/avatar\/4b7fafa80a22f0c2afe23966b3961fe0?s=96&d=mm&r=pg\",\"caption\":\"Agencija\"},\"url\":\"https:\/\/sandzakpress.net\/arhiva\/author\/agencija\/\"}]}<\/script>\n<!-- \/ Yoast SEO Premium plugin. -->","yoast_head_json":{"title":"Despotovi\u0107: Op\u0161tina formira komisiju za procjenu \u0161tete","robots":{"index":"index","follow":"follow","max-snippet":"max-snippet:-1","max-image-preview":"max-image-preview:large","max-video-preview":"max-video-preview:-1"},"canonical":"https:\/\/sandzakpress.net\/arhiva\/despotovic-opstina-formira-komisiju-za-procjenu-stete\/","og_locale":"bs_BA","og_type":"article","og_title":"Despotovi\u0107: Op\u0161tina formira komisiju za procjenu \u0161tete","og_description":"Prijepolje &#8211; \u010clan Op\u0161tinskog ve\u0107a zadu\u017een za poljoprivredu, Zoran Despotovi\u0107, izjavio je za Glas zapadne Srbije, da \u0107e op\u0161tina Prijepolje,\u00a0formirati komisiju za procjenu \u0161tete i u \u0161to kra\u0107em roku iza\u0107i na lice mjesta. &#8220;O\u010dekujemo tokom ove sedmice da gra\u0111ani prijave \u0161tete u malinjacima, kako bi \u0161to prije iza\u0161li na teren i uvjereili se u realno [&hellip;]","og_url":"https:\/\/sandzakpress.net\/arhiva\/despotovic-opstina-formira-komisiju-za-procjenu-stete\/","og_site_name":"Sand\u017eak PRESS","article_published_time":"2016-05-17T10:36:27+00:00","og_image":[{"width":800,"height":450,"url":"https:\/\/sandzakpress.net\/arhiva\/wp-content\/uploads\/2016\/05\/16052016GZS2153-IMG_20160516_113152.jpg","type":"image\/jpeg"}],"author":"Agencija","twitter_card":"summary_large_image","twitter_misc":{"Written by":"Agencija","Est. reading time":"1 minuta"},"schema":{"@context":"https:\/\/schema.org","@graph":[{"@type":"Article","@id":"https:\/\/sandzakpress.net\/arhiva\/despotovic-opstina-formira-komisiju-za-procjenu-stete\/#article","isPartOf":{"@id":"https:\/\/sandzakpress.net\/arhiva\/despotovic-opstina-formira-komisiju-za-procjenu-stete\/"},"author":{"name":"Agencija","@id":"https:\/\/sandzakpress.net\/arhiva\/#\/schema\/person\/cb59d7e3ab91ab90dd680ad0305a6185"},"headline":"Despotovi\u0107: Op\u0161tina formira komisiju za procjenu \u0161tete","datePublished":"2016-05-17T10:36:27+00:00","mainEntityOfPage":{"@id":"https:\/\/sandzakpress.net\/arhiva\/despotovic-opstina-formira-komisiju-za-procjenu-stete\/"},"wordCount":154,"commentCount":0,"publisher":{"@id":"https:\/\/sandzakpress.net\/arhiva\/#\/schema\/person\/6e72b67d6e51910a1117b3b483ba20bd"},"image":{"@id":"https:\/\/sandzakpress.net\/arhiva\/despotovic-opstina-formira-komisiju-za-procjenu-stete\/#primaryimage"},"thumbnailUrl":"https:\/\/sandzakpress.net\/arhiva\/wp-content\/uploads\/2016\/05\/16052016GZS2153-IMG_20160516_113152.jpg","articleSection":["Privreda","Prijepolje","NAJNOVIJE"],"inLanguage":"bs-BA","potentialAction":[{"@type":"CommentAction","name":"Comment","target":["https:\/\/sandzakpress.net\/arhiva\/despotovic-opstina-formira-komisiju-za-procjenu-stete\/#respond"]}]},{"@type":"WebPage","@id":"https:\/\/sandzakpress.net\/arhiva\/despotovic-opstina-formira-komisiju-za-procjenu-stete\/","url":"https:\/\/sandzakpress.net\/arhiva\/despotovic-opstina-formira-komisiju-za-procjenu-stete\/","name":"Despotovi\u0107: Op\u0161tina formira komisiju za procjenu \u0161tete","isPartOf":{"@id":"https:\/\/sandzakpress.net\/arhiva\/#website"},"primaryImageOfPage":{"@id":"https:\/\/sandzakpress.net\/arhiva\/despotovic-opstina-formira-komisiju-za-procjenu-stete\/#primaryimage"},"image":{"@id":"https:\/\/sandzakpress.net\/arhiva\/despotovic-opstina-formira-komisiju-za-procjenu-stete\/#primaryimage"},"thumbnailUrl":"https:\/\/sandzakpress.net\/arhiva\/wp-content\/uploads\/2016\/05\/16052016GZS2153-IMG_20160516_113152.jpg","datePublished":"2016-05-17T10:36:27+00:00","breadcrumb":{"@id":"https:\/\/sandzakpress.net\/arhiva\/despotovic-opstina-formira-komisiju-za-procjenu-stete\/#breadcrumb"},"inLanguage":"bs-BA","potentialAction":[{"@type":"ReadAction","target":["https:\/\/sandzakpress.net\/arhiva\/despotovic-opstina-formira-komisiju-za-procjenu-stete\/"]}]},{"@type":"ImageObject","inLanguage":"bs-BA","@id":"https:\/\/sandzakpress.net\/arhiva\/despotovic-opstina-formira-komisiju-za-procjenu-stete\/#primaryimage","url":"https:\/\/sandzakpress.net\/arhiva\/wp-content\/uploads\/2016\/05\/16052016GZS2153-IMG_20160516_113152.jpg","contentUrl":"https:\/\/sandzakpress.net\/arhiva\/wp-content\/uploads\/2016\/05\/16052016GZS2153-IMG_20160516_113152.jpg","width":800,"height":450},{"@type":"BreadcrumbList","@id":"https:\/\/sandzakpress.net\/arhiva\/despotovic-opstina-formira-komisiju-za-procjenu-stete\/#breadcrumb","itemListElement":[{"@type":"ListItem","position":1,"name":"Home","item":"https:\/\/sandzakpress.net\/arhiva\/"},{"@type":"ListItem","position":2,"name":"Despotovi\u0107: Op\u0161tina formira komisiju za procjenu \u0161tete"}]},{"@type":"WebSite","@id":"https:\/\/sandzakpress.net\/arhiva\/#website","url":"https:\/\/sandzakpress.net\/arhiva\/","name":"Sand\u017eak PRESS","description":"Prve elektronske novine u Sand\u017eaku","publisher":{"@id":"https:\/\/sandzakpress.net\/arhiva\/#\/schema\/person\/6e72b67d6e51910a1117b3b483ba20bd"},"potentialAction":[{"@type":"SearchAction","target":{"@type":"EntryPoint","urlTemplate":"https:\/\/sandzakpress.net\/arhiva\/?s={search_term_string}"},"query-input":{"@type":"PropertyValueSpecification","valueRequired":true,"valueName":"search_term_string"}}],"inLanguage":"bs-BA"},{"@type":["Person","Organization"],"@id":"https:\/\/sandzakpress.net\/arhiva\/#\/schema\/person\/6e72b67d6e51910a1117b3b483ba20bd","name":"Kul","image":{"@type":"ImageObject","inLanguage":"bs-BA","@id":"https:\/\/sandzakpress.net\/arhiva\/#\/schema\/person\/image\/","url":"https:\/\/secure.gravatar.com\/avatar\/42263f39aa27ac04c43cab85c280eb2e?s=96&d=mm&r=pg","contentUrl":"https:\/\/secure.gravatar.com\/avatar\/42263f39aa27ac04c43cab85c280eb2e?s=96&d=mm&r=pg","caption":"Kul"},"logo":{"@id":"https:\/\/sandzakpress.net\/arhiva\/#\/schema\/person\/image\/"}},{"@type":"Person","@id":"https:\/\/sandzakpress.net\/arhiva\/#\/schema\/person\/cb59d7e3ab91ab90dd680ad0305a6185","name":"Agencija","image":{"@type":"ImageObject","inLanguage":"bs-BA","@id":"https:\/\/sandzakpress.net\/arhiva\/#\/schema\/person\/image\/","url":"https:\/\/secure.gravatar.com\/avatar\/4b7fafa80a22f0c2afe23966b3961fe0?s=96&d=mm&r=pg","contentUrl":"https:\/\/secure.gravatar.com\/avatar\/4b7fafa80a22f0c2afe23966b3961fe0?s=96&d=mm&r=pg","caption":"Agencija"},"url":"https:\/\/sandzakpress.net\/arhiva\/author\/agencija\/"}]}},"_links":{"self":[{"href":"https:\/\/sandzakpress.net\/arhiva\/wp-json\/wp\/v2\/posts\/160416"}],"collection":[{"href":"https:\/\/sandzakpress.net\/arhiva\/wp-json\/wp\/v2\/posts"}],"about":[{"href":"https:\/\/sandzakpress.net\/arhiva\/wp-json\/wp\/v2\/types\/post"}],"author":[{"embeddable":true,"href":"https:\/\/sandzakpress.net\/arhiva\/wp-json\/wp\/v2\/users\/509"}],"replies":[{"embeddable":true,"href":"https:\/\/sandzakpress.net\/arhiva\/wp-json\/wp\/v2\/comments?post=160416"}],"version-history":[{"count":0,"href":"https:\/\/sandzakpress.net\/arhiva\/wp-json\/wp\/v2\/posts\/160416\/revisions"}],"wp:featuredmedia":[{"embeddable":true,"href":"https:\/\/sandzakpress.net\/arhiva\/wp-json\/wp\/v2\/media\/160419"}],"wp:attachment":[{"href":"https:\/\/sandzakpress.net\/arhiva\/wp-json\/wp\/v2\/media?parent=160416"}],"wp:term":[{"taxonomy":"category","embeddable":true,"href":"https:\/\/sandzakpress.net\/arhiva\/wp-json\/wp\/v2\/categories?post=160416"},{"taxonomy":"post_tag","embeddable":true,"href":"https:\/\/sandzakpress.net\/arhiva\/wp-json\/wp\/v2\/tags?post=160416"}],"curies":[{"name":"wp","href":"https:\/\/api.w.org\/{rel}","templated":true}]}}