{"id":160354,"date":"2016-05-16T14:27:04","date_gmt":"2016-05-16T12:27:04","guid":{"rendered":"https:\/\/sandzakpress.net\/arhiva\/?p=160354"},"modified":"2016-05-16T15:27:25","modified_gmt":"2016-05-16T13:27:25","slug":"u-offenbachu-njemacka-odrzana-tribina-povodom-dana-sandzacke-zastave","status":"publish","type":"post","link":"https:\/\/sandzakpress.net\/arhiva\/u-offenbachu-njemacka-odrzana-tribina-povodom-dana-sandzacke-zastave\/","title":{"rendered":"U Offenbachu (Njema\u010dka) odr\u017eana tribina povodom Dana sand\u017ea\u010dke zastave"},"content":{"rendered":"<p><img decoding=\"async\" src=\"http:\/\/www.bosnjaci.net\/foto\/680_Offenabach_Dan_sandzacke_zastave_15_maj_2016a.jpg\" alt=\"\" \/><\/p>\n<p><strong>Njema\u010dka &#8211; U nedjelju 15. maja 2016. god. u Offenabachu (Njema\u010dka) odr\u017eana je tribina povodom 11. maja &#8211; Dana sand\u017ea\u010dke zastave, u organizaciji Zajednice sand\u017ea\u010dke dijaspore (ZSD). Izlaga\u010di su bili Nedzad Ljaji\u0107, Harun Crnovr\u0161anin i Muzafer Had\u017ei\u0107. <\/strong><\/p>\n<p>Tom prilikom istaknuta je potreba za trajnim ba\u0161tinjenjem bo\u0161nja\u010dkih vjersko-duhovnih, nacionalnih i kulturno tradicionalnih vrijednosti Bo\u0161njaka Sand\u017eaka. Tribina je probudila veliko interesovanje i pa\u017enju prisutnih.<\/p>\n<p>(SANA)<\/p>\n<table border=\"0\" width=\"680\" cellspacing=\"0\" cellpadding=\"5\" align=\"center\" bgcolor=\"Gainsboro\">\n<tbody>\n<tr>\n<td align=\"left\"><center><a href=\"http:\/\/www.bosnjaci.net\/foto\/Offenabach_Dan_sandzacke_zastave_15_maj_2016c.jpg\" rel=\"lightbox\"><img decoding=\"async\" src=\"http:\/\/www.bosnjaci.net\/foto\/680_Offenabach_Dan_sandzacke_zastave_15_maj_2016c.jpg\" alt=\"\" width=\"680\" border=\"0\" \/><\/a><\/center><\/td>\n<\/tr>\n<\/tbody>\n<\/table>\n","protected":false},"excerpt":{"rendered":"<p>Njema\u010dka &#8211; U nedjelju 15. maja 2016. god. u Offenabachu (Njema\u010dka) odr\u017eana je tribina povodom 11. maja &#8211; Dana sand\u017ea\u010dke zastave, u organizaciji Zajednice sand\u017ea\u010dke dijaspore (ZSD). Izlaga\u010di su bili Nedzad Ljaji\u0107, Harun Crnovr\u0161anin i Muzafer Had\u017ei\u0107. Tom prilikom istaknuta je potreba za trajnim ba\u0161tinjenjem bo\u0161nja\u010dkih vjersko-duhovnih, nacionalnih i kulturno tradicionalnih vrijednosti Bo\u0161njaka Sand\u017eaka. Tribina [&hellip;]<\/p>\n","protected":false},"author":83,"featured_media":160356,"comment_status":"open","ping_status":"open","sticky":false,"template":"","format":"standard","meta":{"footnotes":""},"categories":[800,9538,8957],"tags":[],"class_list":{"0":"post-160354","1":"post","2":"type-post","3":"status-publish","4":"format-standard","5":"has-post-thumbnail","7":"category-nacija","8":"category-njemacka-dijaspora-gradovi-vase-vijesti","9":"category-vijesti-dana"},"yoast_head":"<!-- This site is optimized with the Yoast SEO Premium plugin v23.1 (Yoast SEO v24.9) - https:\/\/yoast.com\/wordpress\/plugins\/seo\/ -->\n<title>U Offenbachu (Njema\u010dka) odr\u017eana tribina povodom Dana sand\u017ea\u010dke zastave<\/title>\n<meta name=\"robots\" content=\"index, follow, max-snippet:-1, max-image-preview:large, max-video-preview:-1\" \/>\n<link rel=\"canonical\" href=\"https:\/\/sandzakpress.net\/arhiva\/u-offenbachu-njemacka-odrzana-tribina-povodom-dana-sandzacke-zastave\/\" \/>\n<meta property=\"og:locale\" content=\"bs_BA\" \/>\n<meta property=\"og:type\" content=\"article\" \/>\n<meta property=\"og:title\" content=\"U Offenbachu (Njema\u010dka) odr\u017eana tribina povodom Dana sand\u017ea\u010dke zastave\" \/>\n<meta property=\"og:description\" content=\"Njema\u010dka &#8211; U nedjelju 15. maja 2016. god. u Offenabachu (Njema\u010dka) odr\u017eana je tribina povodom 11. maja &#8211; Dana sand\u017ea\u010dke zastave, u organizaciji Zajednice sand\u017ea\u010dke dijaspore (ZSD). Izlaga\u010di su bili Nedzad Ljaji\u0107, Harun Crnovr\u0161anin i Muzafer Had\u017ei\u0107. Tom prilikom istaknuta je potreba za trajnim ba\u0161tinjenjem bo\u0161nja\u010dkih vjersko-duhovnih, nacionalnih i kulturno tradicionalnih vrijednosti Bo\u0161njaka Sand\u017eaka. Tribina [&hellip;]\" \/>\n<meta property=\"og:url\" content=\"https:\/\/sandzakpress.net\/arhiva\/u-offenbachu-njemacka-odrzana-tribina-povodom-dana-sandzacke-zastave\/\" \/>\n<meta property=\"og:site_name\" content=\"Sand\u017eak PRESS\" \/>\n<meta property=\"article:published_time\" content=\"2016-05-16T12:27:04+00:00\" \/>\n<meta property=\"article:modified_time\" content=\"2016-05-16T13:27:25+00:00\" \/>\n<meta property=\"og:image\" content=\"https:\/\/sandzakpress.net\/arhiva\/wp-content\/uploads\/2016\/05\/680_Offenabach_Dan_sandzacke_zastave_15_maj_2016a.jpg\" \/>\n\t<meta property=\"og:image:width\" content=\"680\" \/>\n\t<meta property=\"og:image:height\" content=\"452\" \/>\n\t<meta property=\"og:image:type\" content=\"image\/jpeg\" \/>\n<meta name=\"author\" content=\"bosniak\" \/>\n<meta name=\"twitter:card\" content=\"summary_large_image\" \/>\n<meta name=\"twitter:label1\" content=\"Written by\" \/>\n\t<meta name=\"twitter:data1\" content=\"bosniak\" \/>\n<script type=\"application\/ld+json\" class=\"yoast-schema-graph\">{\"@context\":\"https:\/\/schema.org\",\"@graph\":[{\"@type\":\"Article\",\"@id\":\"https:\/\/sandzakpress.net\/arhiva\/u-offenbachu-njemacka-odrzana-tribina-povodom-dana-sandzacke-zastave\/#article\",\"isPartOf\":{\"@id\":\"https:\/\/sandzakpress.net\/arhiva\/u-offenbachu-njemacka-odrzana-tribina-povodom-dana-sandzacke-zastave\/\"},\"author\":{\"name\":\"bosniak\",\"@id\":\"https:\/\/sandzakpress.net\/arhiva\/#\/schema\/person\/c8baee722073534b583ea7bdb2e36c02\"},\"headline\":\"U Offenbachu (Njema\u010dka) odr\u017eana tribina povodom Dana sand\u017ea\u010dke zastave\",\"datePublished\":\"2016-05-16T12:27:04+00:00\",\"dateModified\":\"2016-05-16T13:27:25+00:00\",\"mainEntityOfPage\":{\"@id\":\"https:\/\/sandzakpress.net\/arhiva\/u-offenbachu-njemacka-odrzana-tribina-povodom-dana-sandzacke-zastave\/\"},\"wordCount\":89,\"commentCount\":0,\"publisher\":{\"@id\":\"https:\/\/sandzakpress.net\/arhiva\/#\/schema\/person\/6e72b67d6e51910a1117b3b483ba20bd\"},\"image\":{\"@id\":\"https:\/\/sandzakpress.net\/arhiva\/u-offenbachu-njemacka-odrzana-tribina-povodom-dana-sandzacke-zastave\/#primaryimage\"},\"thumbnailUrl\":\"https:\/\/sandzakpress.net\/arhiva\/wp-content\/uploads\/2016\/05\/680_Offenabach_Dan_sandzacke_zastave_15_maj_2016a.jpg\",\"articleSection\":[\"Nacija\",\"Njema\u010dka\",\"VIJESTI DANA\"],\"inLanguage\":\"bs-BA\",\"potentialAction\":[{\"@type\":\"CommentAction\",\"name\":\"Comment\",\"target\":[\"https:\/\/sandzakpress.net\/arhiva\/u-offenbachu-njemacka-odrzana-tribina-povodom-dana-sandzacke-zastave\/#respond\"]}]},{\"@type\":\"WebPage\",\"@id\":\"https:\/\/sandzakpress.net\/arhiva\/u-offenbachu-njemacka-odrzana-tribina-povodom-dana-sandzacke-zastave\/\",\"url\":\"https:\/\/sandzakpress.net\/arhiva\/u-offenbachu-njemacka-odrzana-tribina-povodom-dana-sandzacke-zastave\/\",\"name\":\"U Offenbachu (Njema\u010dka) odr\u017eana tribina povodom Dana sand\u017ea\u010dke zastave\",\"isPartOf\":{\"@id\":\"https:\/\/sandzakpress.net\/arhiva\/#website\"},\"primaryImageOfPage\":{\"@id\":\"https:\/\/sandzakpress.net\/arhiva\/u-offenbachu-njemacka-odrzana-tribina-povodom-dana-sandzacke-zastave\/#primaryimage\"},\"image\":{\"@id\":\"https:\/\/sandzakpress.net\/arhiva\/u-offenbachu-njemacka-odrzana-tribina-povodom-dana-sandzacke-zastave\/#primaryimage\"},\"thumbnailUrl\":\"https:\/\/sandzakpress.net\/arhiva\/wp-content\/uploads\/2016\/05\/680_Offenabach_Dan_sandzacke_zastave_15_maj_2016a.jpg\",\"datePublished\":\"2016-05-16T12:27:04+00:00\",\"dateModified\":\"2016-05-16T13:27:25+00:00\",\"breadcrumb\":{\"@id\":\"https:\/\/sandzakpress.net\/arhiva\/u-offenbachu-njemacka-odrzana-tribina-povodom-dana-sandzacke-zastave\/#breadcrumb\"},\"inLanguage\":\"bs-BA\",\"potentialAction\":[{\"@type\":\"ReadAction\",\"target\":[\"https:\/\/sandzakpress.net\/arhiva\/u-offenbachu-njemacka-odrzana-tribina-povodom-dana-sandzacke-zastave\/\"]}]},{\"@type\":\"ImageObject\",\"inLanguage\":\"bs-BA\",\"@id\":\"https:\/\/sandzakpress.net\/arhiva\/u-offenbachu-njemacka-odrzana-tribina-povodom-dana-sandzacke-zastave\/#primaryimage\",\"url\":\"https:\/\/sandzakpress.net\/arhiva\/wp-content\/uploads\/2016\/05\/680_Offenabach_Dan_sandzacke_zastave_15_maj_2016a.jpg\",\"contentUrl\":\"https:\/\/sandzakpress.net\/arhiva\/wp-content\/uploads\/2016\/05\/680_Offenabach_Dan_sandzacke_zastave_15_maj_2016a.jpg\",\"width\":680,\"height\":452},{\"@type\":\"BreadcrumbList\",\"@id\":\"https:\/\/sandzakpress.net\/arhiva\/u-offenbachu-njemacka-odrzana-tribina-povodom-dana-sandzacke-zastave\/#breadcrumb\",\"itemListElement\":[{\"@type\":\"ListItem\",\"position\":1,\"name\":\"Home\",\"item\":\"https:\/\/sandzakpress.net\/arhiva\/\"},{\"@type\":\"ListItem\",\"position\":2,\"name\":\"U Offenbachu (Njema\u010dka) odr\u017eana tribina povodom Dana sand\u017ea\u010dke zastave\"}]},{\"@type\":\"WebSite\",\"@id\":\"https:\/\/sandzakpress.net\/arhiva\/#website\",\"url\":\"https:\/\/sandzakpress.net\/arhiva\/\",\"name\":\"Sand\u017eak PRESS\",\"description\":\"Prve elektronske novine u Sand\u017eaku\",\"publisher\":{\"@id\":\"https:\/\/sandzakpress.net\/arhiva\/#\/schema\/person\/6e72b67d6e51910a1117b3b483ba20bd\"},\"potentialAction\":[{\"@type\":\"SearchAction\",\"target\":{\"@type\":\"EntryPoint\",\"urlTemplate\":\"https:\/\/sandzakpress.net\/arhiva\/?s={search_term_string}\"},\"query-input\":{\"@type\":\"PropertyValueSpecification\",\"valueRequired\":true,\"valueName\":\"search_term_string\"}}],\"inLanguage\":\"bs-BA\"},{\"@type\":[\"Person\",\"Organization\"],\"@id\":\"https:\/\/sandzakpress.net\/arhiva\/#\/schema\/person\/6e72b67d6e51910a1117b3b483ba20bd\",\"name\":\"Kul\",\"image\":{\"@type\":\"ImageObject\",\"inLanguage\":\"bs-BA\",\"@id\":\"https:\/\/sandzakpress.net\/arhiva\/#\/schema\/person\/image\/\",\"url\":\"https:\/\/secure.gravatar.com\/avatar\/42263f39aa27ac04c43cab85c280eb2e?s=96&d=mm&r=pg\",\"contentUrl\":\"https:\/\/secure.gravatar.com\/avatar\/42263f39aa27ac04c43cab85c280eb2e?s=96&d=mm&r=pg\",\"caption\":\"Kul\"},\"logo\":{\"@id\":\"https:\/\/sandzakpress.net\/arhiva\/#\/schema\/person\/image\/\"}},{\"@type\":\"Person\",\"@id\":\"https:\/\/sandzakpress.net\/arhiva\/#\/schema\/person\/c8baee722073534b583ea7bdb2e36c02\",\"name\":\"bosniak\",\"image\":{\"@type\":\"ImageObject\",\"inLanguage\":\"bs-BA\",\"@id\":\"https:\/\/sandzakpress.net\/arhiva\/#\/schema\/person\/image\/\",\"url\":\"https:\/\/secure.gravatar.com\/avatar\/a04fd330bfe3a36a72a0ad4a6d89fca7?s=96&d=mm&r=pg\",\"contentUrl\":\"https:\/\/secure.gravatar.com\/avatar\/a04fd330bfe3a36a72a0ad4a6d89fca7?s=96&d=mm&r=pg\",\"caption\":\"bosniak\"},\"url\":\"https:\/\/sandzakpress.net\/arhiva\/author\/bosniak\/\"}]}<\/script>\n<!-- \/ Yoast SEO Premium plugin. -->","yoast_head_json":{"title":"U Offenbachu (Njema\u010dka) odr\u017eana tribina povodom Dana sand\u017ea\u010dke zastave","robots":{"index":"index","follow":"follow","max-snippet":"max-snippet:-1","max-image-preview":"max-image-preview:large","max-video-preview":"max-video-preview:-1"},"canonical":"https:\/\/sandzakpress.net\/arhiva\/u-offenbachu-njemacka-odrzana-tribina-povodom-dana-sandzacke-zastave\/","og_locale":"bs_BA","og_type":"article","og_title":"U Offenbachu (Njema\u010dka) odr\u017eana tribina povodom Dana sand\u017ea\u010dke zastave","og_description":"Njema\u010dka &#8211; U nedjelju 15. maja 2016. god. u Offenabachu (Njema\u010dka) odr\u017eana je tribina povodom 11. maja &#8211; Dana sand\u017ea\u010dke zastave, u organizaciji Zajednice sand\u017ea\u010dke dijaspore (ZSD). Izlaga\u010di su bili Nedzad Ljaji\u0107, Harun Crnovr\u0161anin i Muzafer Had\u017ei\u0107. Tom prilikom istaknuta je potreba za trajnim ba\u0161tinjenjem bo\u0161nja\u010dkih vjersko-duhovnih, nacionalnih i kulturno tradicionalnih vrijednosti Bo\u0161njaka Sand\u017eaka. Tribina [&hellip;]","og_url":"https:\/\/sandzakpress.net\/arhiva\/u-offenbachu-njemacka-odrzana-tribina-povodom-dana-sandzacke-zastave\/","og_site_name":"Sand\u017eak PRESS","article_published_time":"2016-05-16T12:27:04+00:00","article_modified_time":"2016-05-16T13:27:25+00:00","og_image":[{"width":680,"height":452,"url":"https:\/\/sandzakpress.net\/arhiva\/wp-content\/uploads\/2016\/05\/680_Offenabach_Dan_sandzacke_zastave_15_maj_2016a.jpg","type":"image\/jpeg"}],"author":"bosniak","twitter_card":"summary_large_image","twitter_misc":{"Written by":"bosniak"},"schema":{"@context":"https:\/\/schema.org","@graph":[{"@type":"Article","@id":"https:\/\/sandzakpress.net\/arhiva\/u-offenbachu-njemacka-odrzana-tribina-povodom-dana-sandzacke-zastave\/#article","isPartOf":{"@id":"https:\/\/sandzakpress.net\/arhiva\/u-offenbachu-njemacka-odrzana-tribina-povodom-dana-sandzacke-zastave\/"},"author":{"name":"bosniak","@id":"https:\/\/sandzakpress.net\/arhiva\/#\/schema\/person\/c8baee722073534b583ea7bdb2e36c02"},"headline":"U Offenbachu (Njema\u010dka) odr\u017eana tribina povodom Dana sand\u017ea\u010dke zastave","datePublished":"2016-05-16T12:27:04+00:00","dateModified":"2016-05-16T13:27:25+00:00","mainEntityOfPage":{"@id":"https:\/\/sandzakpress.net\/arhiva\/u-offenbachu-njemacka-odrzana-tribina-povodom-dana-sandzacke-zastave\/"},"wordCount":89,"commentCount":0,"publisher":{"@id":"https:\/\/sandzakpress.net\/arhiva\/#\/schema\/person\/6e72b67d6e51910a1117b3b483ba20bd"},"image":{"@id":"https:\/\/sandzakpress.net\/arhiva\/u-offenbachu-njemacka-odrzana-tribina-povodom-dana-sandzacke-zastave\/#primaryimage"},"thumbnailUrl":"https:\/\/sandzakpress.net\/arhiva\/wp-content\/uploads\/2016\/05\/680_Offenabach_Dan_sandzacke_zastave_15_maj_2016a.jpg","articleSection":["Nacija","Njema\u010dka","VIJESTI DANA"],"inLanguage":"bs-BA","potentialAction":[{"@type":"CommentAction","name":"Comment","target":["https:\/\/sandzakpress.net\/arhiva\/u-offenbachu-njemacka-odrzana-tribina-povodom-dana-sandzacke-zastave\/#respond"]}]},{"@type":"WebPage","@id":"https:\/\/sandzakpress.net\/arhiva\/u-offenbachu-njemacka-odrzana-tribina-povodom-dana-sandzacke-zastave\/","url":"https:\/\/sandzakpress.net\/arhiva\/u-offenbachu-njemacka-odrzana-tribina-povodom-dana-sandzacke-zastave\/","name":"U Offenbachu (Njema\u010dka) odr\u017eana tribina povodom Dana sand\u017ea\u010dke zastave","isPartOf":{"@id":"https:\/\/sandzakpress.net\/arhiva\/#website"},"primaryImageOfPage":{"@id":"https:\/\/sandzakpress.net\/arhiva\/u-offenbachu-njemacka-odrzana-tribina-povodom-dana-sandzacke-zastave\/#primaryimage"},"image":{"@id":"https:\/\/sandzakpress.net\/arhiva\/u-offenbachu-njemacka-odrzana-tribina-povodom-dana-sandzacke-zastave\/#primaryimage"},"thumbnailUrl":"https:\/\/sandzakpress.net\/arhiva\/wp-content\/uploads\/2016\/05\/680_Offenabach_Dan_sandzacke_zastave_15_maj_2016a.jpg","datePublished":"2016-05-16T12:27:04+00:00","dateModified":"2016-05-16T13:27:25+00:00","breadcrumb":{"@id":"https:\/\/sandzakpress.net\/arhiva\/u-offenbachu-njemacka-odrzana-tribina-povodom-dana-sandzacke-zastave\/#breadcrumb"},"inLanguage":"bs-BA","potentialAction":[{"@type":"ReadAction","target":["https:\/\/sandzakpress.net\/arhiva\/u-offenbachu-njemacka-odrzana-tribina-povodom-dana-sandzacke-zastave\/"]}]},{"@type":"ImageObject","inLanguage":"bs-BA","@id":"https:\/\/sandzakpress.net\/arhiva\/u-offenbachu-njemacka-odrzana-tribina-povodom-dana-sandzacke-zastave\/#primaryimage","url":"https:\/\/sandzakpress.net\/arhiva\/wp-content\/uploads\/2016\/05\/680_Offenabach_Dan_sandzacke_zastave_15_maj_2016a.jpg","contentUrl":"https:\/\/sandzakpress.net\/arhiva\/wp-content\/uploads\/2016\/05\/680_Offenabach_Dan_sandzacke_zastave_15_maj_2016a.jpg","width":680,"height":452},{"@type":"BreadcrumbList","@id":"https:\/\/sandzakpress.net\/arhiva\/u-offenbachu-njemacka-odrzana-tribina-povodom-dana-sandzacke-zastave\/#breadcrumb","itemListElement":[{"@type":"ListItem","position":1,"name":"Home","item":"https:\/\/sandzakpress.net\/arhiva\/"},{"@type":"ListItem","position":2,"name":"U Offenbachu (Njema\u010dka) odr\u017eana tribina povodom Dana sand\u017ea\u010dke zastave"}]},{"@type":"WebSite","@id":"https:\/\/sandzakpress.net\/arhiva\/#website","url":"https:\/\/sandzakpress.net\/arhiva\/","name":"Sand\u017eak PRESS","description":"Prve elektronske novine u Sand\u017eaku","publisher":{"@id":"https:\/\/sandzakpress.net\/arhiva\/#\/schema\/person\/6e72b67d6e51910a1117b3b483ba20bd"},"potentialAction":[{"@type":"SearchAction","target":{"@type":"EntryPoint","urlTemplate":"https:\/\/sandzakpress.net\/arhiva\/?s={search_term_string}"},"query-input":{"@type":"PropertyValueSpecification","valueRequired":true,"valueName":"search_term_string"}}],"inLanguage":"bs-BA"},{"@type":["Person","Organization"],"@id":"https:\/\/sandzakpress.net\/arhiva\/#\/schema\/person\/6e72b67d6e51910a1117b3b483ba20bd","name":"Kul","image":{"@type":"ImageObject","inLanguage":"bs-BA","@id":"https:\/\/sandzakpress.net\/arhiva\/#\/schema\/person\/image\/","url":"https:\/\/secure.gravatar.com\/avatar\/42263f39aa27ac04c43cab85c280eb2e?s=96&d=mm&r=pg","contentUrl":"https:\/\/secure.gravatar.com\/avatar\/42263f39aa27ac04c43cab85c280eb2e?s=96&d=mm&r=pg","caption":"Kul"},"logo":{"@id":"https:\/\/sandzakpress.net\/arhiva\/#\/schema\/person\/image\/"}},{"@type":"Person","@id":"https:\/\/sandzakpress.net\/arhiva\/#\/schema\/person\/c8baee722073534b583ea7bdb2e36c02","name":"bosniak","image":{"@type":"ImageObject","inLanguage":"bs-BA","@id":"https:\/\/sandzakpress.net\/arhiva\/#\/schema\/person\/image\/","url":"https:\/\/secure.gravatar.com\/avatar\/a04fd330bfe3a36a72a0ad4a6d89fca7?s=96&d=mm&r=pg","contentUrl":"https:\/\/secure.gravatar.com\/avatar\/a04fd330bfe3a36a72a0ad4a6d89fca7?s=96&d=mm&r=pg","caption":"bosniak"},"url":"https:\/\/sandzakpress.net\/arhiva\/author\/bosniak\/"}]}},"_links":{"self":[{"href":"https:\/\/sandzakpress.net\/arhiva\/wp-json\/wp\/v2\/posts\/160354"}],"collection":[{"href":"https:\/\/sandzakpress.net\/arhiva\/wp-json\/wp\/v2\/posts"}],"about":[{"href":"https:\/\/sandzakpress.net\/arhiva\/wp-json\/wp\/v2\/types\/post"}],"author":[{"embeddable":true,"href":"https:\/\/sandzakpress.net\/arhiva\/wp-json\/wp\/v2\/users\/83"}],"replies":[{"embeddable":true,"href":"https:\/\/sandzakpress.net\/arhiva\/wp-json\/wp\/v2\/comments?post=160354"}],"version-history":[{"count":0,"href":"https:\/\/sandzakpress.net\/arhiva\/wp-json\/wp\/v2\/posts\/160354\/revisions"}],"wp:featuredmedia":[{"embeddable":true,"href":"https:\/\/sandzakpress.net\/arhiva\/wp-json\/wp\/v2\/media\/160356"}],"wp:attachment":[{"href":"https:\/\/sandzakpress.net\/arhiva\/wp-json\/wp\/v2\/media?parent=160354"}],"wp:term":[{"taxonomy":"category","embeddable":true,"href":"https:\/\/sandzakpress.net\/arhiva\/wp-json\/wp\/v2\/categories?post=160354"},{"taxonomy":"post_tag","embeddable":true,"href":"https:\/\/sandzakpress.net\/arhiva\/wp-json\/wp\/v2\/tags?post=160354"}],"curies":[{"name":"wp","href":"https:\/\/api.w.org\/{rel}","templated":true}]}}