{"id":160100,"date":"2016-05-12T22:56:34","date_gmt":"2016-05-12T20:56:34","guid":{"rendered":"https:\/\/sandzakpress.net\/arhiva\/erdogan-eu-razgovara-s-teroristickim-organizacijama"},"modified":"2016-05-12T22:56:34","modified_gmt":"2016-05-12T20:56:34","slug":"erdogan-eu-razgovara-s-teroristickim-organizacijama","status":"publish","type":"post","link":"https:\/\/sandzakpress.net\/arhiva\/erdogan-eu-razgovara-s-teroristickim-organizacijama\/","title":{"rendered":"Erdogan: EU razgovara s teroristi\u010dkim organizacijama"},"content":{"rendered":"<p><img loading=\"lazy\" decoding=\"async\" class=\"\" src=\"http:\/\/balkans.aljazeera.net\/sites\/staff.balkans.aljazeera.com\/files\/styles\/aljazeera_article_main_image\/public\/erdogan-press-afpgetty-main_2.jpg?itok=fQOelgJU\" width=\"602\" height=\"403\" \/><\/p>\n<p><strong>Turska \u2013 Turski predsjednik je kritizirao Evropsku uniju zbog toga \u0161to \u2018ne razgovara s dr\u017eavom Turskom\u2019.<\/strong><\/p>\n<p>Predsjednik Turske Recep Tayyip Erdogan kritizirao je u \u010detvrtak u Ankari Evropsku uniju zbog, kako je rekao, uzimanja teroristi\u010dkih organizacija za sagovornike, javlja Anadolija.<\/p>\n<p>\u201cAko je Evropska unija spremna spustiti se na nivo razgovora s teroristi\u010dkim organizacijama, umjesto s dr\u017eavom Turskom, nama to nije nikakav problem, jer mi o\u010dima kojima posmatramo teroristi\u010dke organizacije posmatramo i one koji brane njihove teze\u201d, rekao je turski predsjednik.<\/p>\n<p>Isti\u010du\u0107i da Turska nastavlja odlu\u010dnu borbu protiv terorizma, kazao je kako su u toku posljednje pripreme turskih snaga za \u010di\u0161\u0107enje teroristi\u010dkih elemenata u sjevernom pograni\u010dnom pojasu Sirije, sa podru\u010dja sa kojeg su pripadnici oru\u017eane grupe Islamska dr\u017eava Irak i Levant (ISIL) proteklih sedmica ispalili desetke projektila na turski pograni\u010dni grad Kilis.<\/p>\n<p>Dodao je da do sada Turska u tome nije dobila potrebnu podr\u0161ku od saveznika, ni od onih koji u regiji imaju svoje oru\u017eane snage.<\/p>\n<p>Erdogan je zaklju\u010dio da Turska ima pravo da je ne zanimaju oni koje ne zanimaju Kilis, Halep i koji vode, kako je kazao, dvoli\u010dnu politiku o borbi protiv terorizma.<\/p>\n<p><strong>\u2018Crno more postaje rusko jezero\u2019<\/strong><\/p>\n<p>Osvrnuv\u0161i se i na aktuelna politi\u010dka de\u0161avanja u Turskoj, kazao je da \u0107e narod te zemlje prije ili kasnije pred sobom imati novi ustav, izra\u0111en na bazi volje upravo tog naroda, i da \u0107e dobiti i predsjedni\u010dki sistem upravljanja dr\u017eavom.<\/p>\n<p>Turski predsjednik je ocijenio da snage NATO-a nisu dovoljno raspore\u0111ene u Crnom moru i da se ne mogu suprotstaviti ruskom vojnom prisustvu na tom mjestu, prenosi Tanjug.<\/p>\n<p>\u201cRekao sam [generalnom sekretaru NATO-a Jensu Stoltenbergu] da su odsutni u Crnom moru. Ono je gotovo postalo rusko jezero\u201d, istakao je Erdogan na sastanku na\u010delnika General\u0161taba balkanskih nacija u Istanbulu.<\/p>\n<p>Dodao je kako \u0107e od Alijanse tra\u017eiti da rije\u0161i to pitanje na predstoje\u0107em samitu u Var\u0161avi.<\/p>\n<p>\u201cAko ne krenete u akciju, historija nam ne\u0107e oprostiti\u201d, poru\u010dio je Erdogan, dodaju\u0107i kako bi se Bosna i Hercegovina i Makedonija trebale uskoro pridru\u017eiti Alijansi da bi je oja\u010dale.<\/p>\n<p>Izvor: Agencije<\/p>\n<p>Pogledajte vijest na izvornom sajtu:<\/p>\n<p><a href=\"http:\/\/islampress.net\/dijeli\/erdogan-eu-razgovara-s-teroristickim-organizacijama\" target=\"_blank\">Erdogan: EU razgovara s teroristi\u010dkim organizacijama<\/a><\/p>\n","protected":false},"excerpt":{"rendered":"<p>Turska \u2013 Turski predsjednik je kritizirao Evropsku uniju zbog toga \u0161to \u2018ne razgovara s dr\u017eavom Turskom\u2019. Predsjednik Turske Recep Tayyip Erdogan kritizirao je u \u010detvrtak u Ankari Evropsku uniju zbog, kako je rekao, uzimanja teroristi\u010dkih organizacija za sagovornike, javlja Anadolija. \u201cAko je Evropska unija spremna spustiti se na nivo razgovora s teroristi\u010dkim organizacijama, umjesto s [&hellip;]<\/p>\n","protected":false},"author":83,"featured_media":160101,"comment_status":"open","ping_status":"open","sticky":false,"template":"","format":"standard","meta":{"footnotes":""},"categories":[10514],"tags":[10516],"class_list":{"0":"post-160100","1":"post","2":"type-post","3":"status-publish","4":"format-standard","5":"has-post-thumbnail","7":"category-islam-press","8":"tag-islam"},"yoast_head":"<!-- This site is optimized with the Yoast SEO Premium plugin v23.1 (Yoast SEO v24.9) - https:\/\/yoast.com\/wordpress\/plugins\/seo\/ -->\n<title>Erdogan: EU razgovara s teroristi\u010dkim organizacijama<\/title>\n<meta name=\"robots\" content=\"index, follow, max-snippet:-1, max-image-preview:large, max-video-preview:-1\" \/>\n<link rel=\"canonical\" href=\"https:\/\/sandzakpress.net\/arhiva\/erdogan-eu-razgovara-s-teroristickim-organizacijama\/\" \/>\n<meta property=\"og:locale\" content=\"bs_BA\" \/>\n<meta property=\"og:type\" content=\"article\" \/>\n<meta property=\"og:title\" content=\"Erdogan: EU razgovara s teroristi\u010dkim organizacijama\" \/>\n<meta property=\"og:description\" content=\"Turska \u2013 Turski predsjednik je kritizirao Evropsku uniju zbog toga \u0161to \u2018ne razgovara s dr\u017eavom Turskom\u2019. Predsjednik Turske Recep Tayyip Erdogan kritizirao je u \u010detvrtak u Ankari Evropsku uniju zbog, kako je rekao, uzimanja teroristi\u010dkih organizacija za sagovornike, javlja Anadolija. \u201cAko je Evropska unija spremna spustiti se na nivo razgovora s teroristi\u010dkim organizacijama, umjesto s [&hellip;]\" \/>\n<meta property=\"og:url\" content=\"https:\/\/sandzakpress.net\/arhiva\/erdogan-eu-razgovara-s-teroristickim-organizacijama\/\" \/>\n<meta property=\"og:site_name\" content=\"Sand\u017eak PRESS\" \/>\n<meta property=\"article:published_time\" content=\"2016-05-12T20:56:34+00:00\" \/>\n<meta property=\"og:image\" content=\"https:\/\/sandzakpress.net\/arhiva\/wp-content\/uploads\/2016\/05\/erdogan-press-afpgetty-main_2.jpg\" \/>\n\t<meta property=\"og:image:width\" content=\"900\" \/>\n\t<meta property=\"og:image:height\" content=\"602\" \/>\n\t<meta property=\"og:image:type\" content=\"image\/jpeg\" \/>\n<meta name=\"author\" content=\"bosniak\" \/>\n<meta name=\"twitter:card\" content=\"summary_large_image\" \/>\n<meta name=\"twitter:label1\" content=\"Written by\" \/>\n\t<meta name=\"twitter:data1\" content=\"bosniak\" \/>\n\t<meta name=\"twitter:label2\" content=\"Est. reading time\" \/>\n\t<meta name=\"twitter:data2\" content=\"2 minute\" \/>\n<script type=\"application\/ld+json\" class=\"yoast-schema-graph\">{\"@context\":\"https:\/\/schema.org\",\"@graph\":[{\"@type\":\"Article\",\"@id\":\"https:\/\/sandzakpress.net\/arhiva\/erdogan-eu-razgovara-s-teroristickim-organizacijama\/#article\",\"isPartOf\":{\"@id\":\"https:\/\/sandzakpress.net\/arhiva\/erdogan-eu-razgovara-s-teroristickim-organizacijama\/\"},\"author\":{\"name\":\"bosniak\",\"@id\":\"https:\/\/sandzakpress.net\/arhiva\/#\/schema\/person\/c8baee722073534b583ea7bdb2e36c02\"},\"headline\":\"Erdogan: EU razgovara s teroristi\u010dkim organizacijama\",\"datePublished\":\"2016-05-12T20:56:34+00:00\",\"mainEntityOfPage\":{\"@id\":\"https:\/\/sandzakpress.net\/arhiva\/erdogan-eu-razgovara-s-teroristickim-organizacijama\/\"},\"wordCount\":389,\"commentCount\":0,\"publisher\":{\"@id\":\"https:\/\/sandzakpress.net\/arhiva\/#\/schema\/person\/6e72b67d6e51910a1117b3b483ba20bd\"},\"image\":{\"@id\":\"https:\/\/sandzakpress.net\/arhiva\/erdogan-eu-razgovara-s-teroristickim-organizacijama\/#primaryimage\"},\"thumbnailUrl\":\"https:\/\/sandzakpress.net\/arhiva\/wp-content\/uploads\/2016\/05\/erdogan-press-afpgetty-main_2.jpg\",\"keywords\":[\"Islam\"],\"articleSection\":[\"Islam PRESS\"],\"inLanguage\":\"bs-BA\",\"potentialAction\":[{\"@type\":\"CommentAction\",\"name\":\"Comment\",\"target\":[\"https:\/\/sandzakpress.net\/arhiva\/erdogan-eu-razgovara-s-teroristickim-organizacijama\/#respond\"]}]},{\"@type\":\"WebPage\",\"@id\":\"https:\/\/sandzakpress.net\/arhiva\/erdogan-eu-razgovara-s-teroristickim-organizacijama\/\",\"url\":\"https:\/\/sandzakpress.net\/arhiva\/erdogan-eu-razgovara-s-teroristickim-organizacijama\/\",\"name\":\"Erdogan: EU razgovara s teroristi\u010dkim organizacijama\",\"isPartOf\":{\"@id\":\"https:\/\/sandzakpress.net\/arhiva\/#website\"},\"primaryImageOfPage\":{\"@id\":\"https:\/\/sandzakpress.net\/arhiva\/erdogan-eu-razgovara-s-teroristickim-organizacijama\/#primaryimage\"},\"image\":{\"@id\":\"https:\/\/sandzakpress.net\/arhiva\/erdogan-eu-razgovara-s-teroristickim-organizacijama\/#primaryimage\"},\"thumbnailUrl\":\"https:\/\/sandzakpress.net\/arhiva\/wp-content\/uploads\/2016\/05\/erdogan-press-afpgetty-main_2.jpg\",\"datePublished\":\"2016-05-12T20:56:34+00:00\",\"breadcrumb\":{\"@id\":\"https:\/\/sandzakpress.net\/arhiva\/erdogan-eu-razgovara-s-teroristickim-organizacijama\/#breadcrumb\"},\"inLanguage\":\"bs-BA\",\"potentialAction\":[{\"@type\":\"ReadAction\",\"target\":[\"https:\/\/sandzakpress.net\/arhiva\/erdogan-eu-razgovara-s-teroristickim-organizacijama\/\"]}]},{\"@type\":\"ImageObject\",\"inLanguage\":\"bs-BA\",\"@id\":\"https:\/\/sandzakpress.net\/arhiva\/erdogan-eu-razgovara-s-teroristickim-organizacijama\/#primaryimage\",\"url\":\"https:\/\/sandzakpress.net\/arhiva\/wp-content\/uploads\/2016\/05\/erdogan-press-afpgetty-main_2.jpg\",\"contentUrl\":\"https:\/\/sandzakpress.net\/arhiva\/wp-content\/uploads\/2016\/05\/erdogan-press-afpgetty-main_2.jpg\",\"width\":900,\"height\":602},{\"@type\":\"BreadcrumbList\",\"@id\":\"https:\/\/sandzakpress.net\/arhiva\/erdogan-eu-razgovara-s-teroristickim-organizacijama\/#breadcrumb\",\"itemListElement\":[{\"@type\":\"ListItem\",\"position\":1,\"name\":\"Home\",\"item\":\"https:\/\/sandzakpress.net\/arhiva\/\"},{\"@type\":\"ListItem\",\"position\":2,\"name\":\"Erdogan: EU razgovara s teroristi\u010dkim organizacijama\"}]},{\"@type\":\"WebSite\",\"@id\":\"https:\/\/sandzakpress.net\/arhiva\/#website\",\"url\":\"https:\/\/sandzakpress.net\/arhiva\/\",\"name\":\"Sand\u017eak PRESS\",\"description\":\"Prve elektronske novine u Sand\u017eaku\",\"publisher\":{\"@id\":\"https:\/\/sandzakpress.net\/arhiva\/#\/schema\/person\/6e72b67d6e51910a1117b3b483ba20bd\"},\"potentialAction\":[{\"@type\":\"SearchAction\",\"target\":{\"@type\":\"EntryPoint\",\"urlTemplate\":\"https:\/\/sandzakpress.net\/arhiva\/?s={search_term_string}\"},\"query-input\":{\"@type\":\"PropertyValueSpecification\",\"valueRequired\":true,\"valueName\":\"search_term_string\"}}],\"inLanguage\":\"bs-BA\"},{\"@type\":[\"Person\",\"Organization\"],\"@id\":\"https:\/\/sandzakpress.net\/arhiva\/#\/schema\/person\/6e72b67d6e51910a1117b3b483ba20bd\",\"name\":\"Kul\",\"image\":{\"@type\":\"ImageObject\",\"inLanguage\":\"bs-BA\",\"@id\":\"https:\/\/sandzakpress.net\/arhiva\/#\/schema\/person\/image\/\",\"url\":\"https:\/\/secure.gravatar.com\/avatar\/42263f39aa27ac04c43cab85c280eb2e?s=96&d=mm&r=pg\",\"contentUrl\":\"https:\/\/secure.gravatar.com\/avatar\/42263f39aa27ac04c43cab85c280eb2e?s=96&d=mm&r=pg\",\"caption\":\"Kul\"},\"logo\":{\"@id\":\"https:\/\/sandzakpress.net\/arhiva\/#\/schema\/person\/image\/\"}},{\"@type\":\"Person\",\"@id\":\"https:\/\/sandzakpress.net\/arhiva\/#\/schema\/person\/c8baee722073534b583ea7bdb2e36c02\",\"name\":\"bosniak\",\"image\":{\"@type\":\"ImageObject\",\"inLanguage\":\"bs-BA\",\"@id\":\"https:\/\/sandzakpress.net\/arhiva\/#\/schema\/person\/image\/\",\"url\":\"https:\/\/secure.gravatar.com\/avatar\/a04fd330bfe3a36a72a0ad4a6d89fca7?s=96&d=mm&r=pg\",\"contentUrl\":\"https:\/\/secure.gravatar.com\/avatar\/a04fd330bfe3a36a72a0ad4a6d89fca7?s=96&d=mm&r=pg\",\"caption\":\"bosniak\"},\"url\":\"https:\/\/sandzakpress.net\/arhiva\/author\/bosniak\/\"}]}<\/script>\n<!-- \/ Yoast SEO Premium plugin. -->","yoast_head_json":{"title":"Erdogan: EU razgovara s teroristi\u010dkim organizacijama","robots":{"index":"index","follow":"follow","max-snippet":"max-snippet:-1","max-image-preview":"max-image-preview:large","max-video-preview":"max-video-preview:-1"},"canonical":"https:\/\/sandzakpress.net\/arhiva\/erdogan-eu-razgovara-s-teroristickim-organizacijama\/","og_locale":"bs_BA","og_type":"article","og_title":"Erdogan: EU razgovara s teroristi\u010dkim organizacijama","og_description":"Turska \u2013 Turski predsjednik je kritizirao Evropsku uniju zbog toga \u0161to \u2018ne razgovara s dr\u017eavom Turskom\u2019. Predsjednik Turske Recep Tayyip Erdogan kritizirao je u \u010detvrtak u Ankari Evropsku uniju zbog, kako je rekao, uzimanja teroristi\u010dkih organizacija za sagovornike, javlja Anadolija. \u201cAko je Evropska unija spremna spustiti se na nivo razgovora s teroristi\u010dkim organizacijama, umjesto s [&hellip;]","og_url":"https:\/\/sandzakpress.net\/arhiva\/erdogan-eu-razgovara-s-teroristickim-organizacijama\/","og_site_name":"Sand\u017eak PRESS","article_published_time":"2016-05-12T20:56:34+00:00","og_image":[{"width":900,"height":602,"url":"https:\/\/sandzakpress.net\/arhiva\/wp-content\/uploads\/2016\/05\/erdogan-press-afpgetty-main_2.jpg","type":"image\/jpeg"}],"author":"bosniak","twitter_card":"summary_large_image","twitter_misc":{"Written by":"bosniak","Est. reading time":"2 minute"},"schema":{"@context":"https:\/\/schema.org","@graph":[{"@type":"Article","@id":"https:\/\/sandzakpress.net\/arhiva\/erdogan-eu-razgovara-s-teroristickim-organizacijama\/#article","isPartOf":{"@id":"https:\/\/sandzakpress.net\/arhiva\/erdogan-eu-razgovara-s-teroristickim-organizacijama\/"},"author":{"name":"bosniak","@id":"https:\/\/sandzakpress.net\/arhiva\/#\/schema\/person\/c8baee722073534b583ea7bdb2e36c02"},"headline":"Erdogan: EU razgovara s teroristi\u010dkim organizacijama","datePublished":"2016-05-12T20:56:34+00:00","mainEntityOfPage":{"@id":"https:\/\/sandzakpress.net\/arhiva\/erdogan-eu-razgovara-s-teroristickim-organizacijama\/"},"wordCount":389,"commentCount":0,"publisher":{"@id":"https:\/\/sandzakpress.net\/arhiva\/#\/schema\/person\/6e72b67d6e51910a1117b3b483ba20bd"},"image":{"@id":"https:\/\/sandzakpress.net\/arhiva\/erdogan-eu-razgovara-s-teroristickim-organizacijama\/#primaryimage"},"thumbnailUrl":"https:\/\/sandzakpress.net\/arhiva\/wp-content\/uploads\/2016\/05\/erdogan-press-afpgetty-main_2.jpg","keywords":["Islam"],"articleSection":["Islam PRESS"],"inLanguage":"bs-BA","potentialAction":[{"@type":"CommentAction","name":"Comment","target":["https:\/\/sandzakpress.net\/arhiva\/erdogan-eu-razgovara-s-teroristickim-organizacijama\/#respond"]}]},{"@type":"WebPage","@id":"https:\/\/sandzakpress.net\/arhiva\/erdogan-eu-razgovara-s-teroristickim-organizacijama\/","url":"https:\/\/sandzakpress.net\/arhiva\/erdogan-eu-razgovara-s-teroristickim-organizacijama\/","name":"Erdogan: EU razgovara s teroristi\u010dkim organizacijama","isPartOf":{"@id":"https:\/\/sandzakpress.net\/arhiva\/#website"},"primaryImageOfPage":{"@id":"https:\/\/sandzakpress.net\/arhiva\/erdogan-eu-razgovara-s-teroristickim-organizacijama\/#primaryimage"},"image":{"@id":"https:\/\/sandzakpress.net\/arhiva\/erdogan-eu-razgovara-s-teroristickim-organizacijama\/#primaryimage"},"thumbnailUrl":"https:\/\/sandzakpress.net\/arhiva\/wp-content\/uploads\/2016\/05\/erdogan-press-afpgetty-main_2.jpg","datePublished":"2016-05-12T20:56:34+00:00","breadcrumb":{"@id":"https:\/\/sandzakpress.net\/arhiva\/erdogan-eu-razgovara-s-teroristickim-organizacijama\/#breadcrumb"},"inLanguage":"bs-BA","potentialAction":[{"@type":"ReadAction","target":["https:\/\/sandzakpress.net\/arhiva\/erdogan-eu-razgovara-s-teroristickim-organizacijama\/"]}]},{"@type":"ImageObject","inLanguage":"bs-BA","@id":"https:\/\/sandzakpress.net\/arhiva\/erdogan-eu-razgovara-s-teroristickim-organizacijama\/#primaryimage","url":"https:\/\/sandzakpress.net\/arhiva\/wp-content\/uploads\/2016\/05\/erdogan-press-afpgetty-main_2.jpg","contentUrl":"https:\/\/sandzakpress.net\/arhiva\/wp-content\/uploads\/2016\/05\/erdogan-press-afpgetty-main_2.jpg","width":900,"height":602},{"@type":"BreadcrumbList","@id":"https:\/\/sandzakpress.net\/arhiva\/erdogan-eu-razgovara-s-teroristickim-organizacijama\/#breadcrumb","itemListElement":[{"@type":"ListItem","position":1,"name":"Home","item":"https:\/\/sandzakpress.net\/arhiva\/"},{"@type":"ListItem","position":2,"name":"Erdogan: EU razgovara s teroristi\u010dkim organizacijama"}]},{"@type":"WebSite","@id":"https:\/\/sandzakpress.net\/arhiva\/#website","url":"https:\/\/sandzakpress.net\/arhiva\/","name":"Sand\u017eak PRESS","description":"Prve elektronske novine u Sand\u017eaku","publisher":{"@id":"https:\/\/sandzakpress.net\/arhiva\/#\/schema\/person\/6e72b67d6e51910a1117b3b483ba20bd"},"potentialAction":[{"@type":"SearchAction","target":{"@type":"EntryPoint","urlTemplate":"https:\/\/sandzakpress.net\/arhiva\/?s={search_term_string}"},"query-input":{"@type":"PropertyValueSpecification","valueRequired":true,"valueName":"search_term_string"}}],"inLanguage":"bs-BA"},{"@type":["Person","Organization"],"@id":"https:\/\/sandzakpress.net\/arhiva\/#\/schema\/person\/6e72b67d6e51910a1117b3b483ba20bd","name":"Kul","image":{"@type":"ImageObject","inLanguage":"bs-BA","@id":"https:\/\/sandzakpress.net\/arhiva\/#\/schema\/person\/image\/","url":"https:\/\/secure.gravatar.com\/avatar\/42263f39aa27ac04c43cab85c280eb2e?s=96&d=mm&r=pg","contentUrl":"https:\/\/secure.gravatar.com\/avatar\/42263f39aa27ac04c43cab85c280eb2e?s=96&d=mm&r=pg","caption":"Kul"},"logo":{"@id":"https:\/\/sandzakpress.net\/arhiva\/#\/schema\/person\/image\/"}},{"@type":"Person","@id":"https:\/\/sandzakpress.net\/arhiva\/#\/schema\/person\/c8baee722073534b583ea7bdb2e36c02","name":"bosniak","image":{"@type":"ImageObject","inLanguage":"bs-BA","@id":"https:\/\/sandzakpress.net\/arhiva\/#\/schema\/person\/image\/","url":"https:\/\/secure.gravatar.com\/avatar\/a04fd330bfe3a36a72a0ad4a6d89fca7?s=96&d=mm&r=pg","contentUrl":"https:\/\/secure.gravatar.com\/avatar\/a04fd330bfe3a36a72a0ad4a6d89fca7?s=96&d=mm&r=pg","caption":"bosniak"},"url":"https:\/\/sandzakpress.net\/arhiva\/author\/bosniak\/"}]}},"_links":{"self":[{"href":"https:\/\/sandzakpress.net\/arhiva\/wp-json\/wp\/v2\/posts\/160100"}],"collection":[{"href":"https:\/\/sandzakpress.net\/arhiva\/wp-json\/wp\/v2\/posts"}],"about":[{"href":"https:\/\/sandzakpress.net\/arhiva\/wp-json\/wp\/v2\/types\/post"}],"author":[{"embeddable":true,"href":"https:\/\/sandzakpress.net\/arhiva\/wp-json\/wp\/v2\/users\/83"}],"replies":[{"embeddable":true,"href":"https:\/\/sandzakpress.net\/arhiva\/wp-json\/wp\/v2\/comments?post=160100"}],"version-history":[{"count":0,"href":"https:\/\/sandzakpress.net\/arhiva\/wp-json\/wp\/v2\/posts\/160100\/revisions"}],"wp:featuredmedia":[{"embeddable":true,"href":"https:\/\/sandzakpress.net\/arhiva\/wp-json\/wp\/v2\/media\/160101"}],"wp:attachment":[{"href":"https:\/\/sandzakpress.net\/arhiva\/wp-json\/wp\/v2\/media?parent=160100"}],"wp:term":[{"taxonomy":"category","embeddable":true,"href":"https:\/\/sandzakpress.net\/arhiva\/wp-json\/wp\/v2\/categories?post=160100"},{"taxonomy":"post_tag","embeddable":true,"href":"https:\/\/sandzakpress.net\/arhiva\/wp-json\/wp\/v2\/tags?post=160100"}],"curies":[{"name":"wp","href":"https:\/\/api.w.org\/{rel}","templated":true}]}}