{"id":160089,"date":"2016-05-12T23:16:39","date_gmt":"2016-05-12T21:16:39","guid":{"rendered":"https:\/\/sandzakpress.net\/arhiva\/prva-muslimanka-na-celu-parlamenta-njemacke-drzave"},"modified":"2016-05-12T23:16:39","modified_gmt":"2016-05-12T21:16:39","slug":"prva-muslimanka-na-celu-parlamenta-njemacke-drzave","status":"publish","type":"post","link":"https:\/\/sandzakpress.net\/arhiva\/prva-muslimanka-na-celu-parlamenta-njemacke-drzave\/","title":{"rendered":"Prva muslimanka na \u010delu parlamenta njema\u010dke dr\u017eave"},"content":{"rendered":"<p><img loading=\"lazy\" decoding=\"async\" class=\"\" src=\"http:\/\/balkans.aljazeera.net\/sites\/staff.balkans.aljazeera.com\/files\/styles\/aljazeera_article_main_image\/public\/h_52748038.jpg?itok=s0OOt5pC\" alt=\"Stuttgart, Njema\u010dka, Izbori, Turska, Muslimani, Parlament, Predsjednica\" width=\"600\" height=\"400\" \/><\/p>\n<p><strong>Njema\u010dka \u2013 Muhterem Aras izabrana je za predsjednicu parlamenta u saveznoj dr\u017eavi Baden-Wurttemberg.<\/strong><\/p>\n<p>Prva muslimanka izabrana je za predsjednicu parlamenta njema\u010dke savezne dr\u017eave, \u0161to je pozdravljeno kao \u201chistorijski\u201d korak za tu zemlju.<\/p>\n<p>Muhterem Aras, \u010dlanica Stranke zelenih, preuzela je funkciju koja je ranije pripadala antiimigracijskoj partiji.<\/p>\n<p>\u201cDanas smo napisali historiju\u201d, kazala je ona nakon \u0161to je izabrana ve\u0107inom glasova.<\/p>\n<p>Pedesetogodi\u0161nja Aras je kazala da je njena pobjeda poslala poruku \u201cotvorenosti, tolerancije i uspje\u0161ne integracije\u201d, izvijestio je britanski Independent.<\/p>\n<p>Aras je ro\u0111ena u Turskoj, a kao dijete je s roditeljima doselila u grad blizu Stuttgarta. Studirala je ekonomiju prije nego \u0161to je osnovala firmu za porezne savjete.<\/p>\n<p>Politi\u010dku karijeru je zapo\u010dela 1992. godine u lokalnom vije\u0107u Zelenih. Nakon \u0161to je do\u0161la na \u010delo lokalnog odbora stranke, u\u0161la je u parlament dr\u017eave Baden-Wurttemberg.<\/p>\n<p>Otpor AfD-a<\/p>\n<p>Izabrana je za predsjednicu parlamenta glasovima 96 zastupnika i postala prva muslimanka koja je zauzela tu poziciju.<\/p>\n<p>Njen izbor je uslijedio nakon poja\u010danih tenzija vezanih za religiju i imigraciju u Njema\u010dkoj.<\/p>\n<p>\u010clanovi antiimigracijske stranke Alternativa za Njema\u010dku (AfD) odbili su pridru\u017eiti se aplauzu tokom Arasinog inauguracijskog govora, izvijestio je Suddeutsche Zeitung.<\/p>\n<p>Ranije ovog mjeseca, partija je zabilje\u017eila rekordan uspjeh na lokalnim izborima zahvaljuju\u0107i manifestu u kojem su naveli da islam nije kompatibilan sa Ustavom dr\u017eave.<\/p>\n<p>AfD je pozvao na zabranu minareta i burki u Njema\u010dkoj.<\/p>\n<p>Anketa objavljena ranije ove sedmice pokazuje da gotovo dvije tre\u0107ine Nijemaca smatra da islam \u201cne pripada\u201d toj zemlji.<\/p>\n<p>Istra\u017eivanje je pokazalo promjenu stavova Nijemaca u odnosu na islam nakon napada u Parizu i Briselu te dolaska vi\u0161e od 1,1 milion izbjeglica.<\/p>\n<p>Izvor: Agencije<\/p>\n<p>Pogledajte vijest na izvornom sajtu:<\/p>\n<p><a href=\"http:\/\/islampress.net\/dijeli\/prva-muslimanka-na-celu-parlamenta-njemacke-drzave\" target=\"_blank\">Prva muslimanka na \u010delu parlamenta njema\u010dke dr\u017eave<\/a><\/p>\n","protected":false},"excerpt":{"rendered":"<p>Njema\u010dka \u2013 Muhterem Aras izabrana je za predsjednicu parlamenta u saveznoj dr\u017eavi Baden-Wurttemberg. Prva muslimanka izabrana je za predsjednicu parlamenta njema\u010dke savezne dr\u017eave, \u0161to je pozdravljeno kao \u201chistorijski\u201d korak za tu zemlju. Muhterem Aras, \u010dlanica Stranke zelenih, preuzela je funkciju koja je ranije pripadala antiimigracijskoj partiji. \u201cDanas smo napisali historiju\u201d, kazala je ona nakon \u0161to [&hellip;]<\/p>\n","protected":false},"author":83,"featured_media":160090,"comment_status":"open","ping_status":"open","sticky":false,"template":"","format":"standard","meta":{"footnotes":""},"categories":[10514],"tags":[10516],"class_list":{"0":"post-160089","1":"post","2":"type-post","3":"status-publish","4":"format-standard","5":"has-post-thumbnail","7":"category-islam-press","8":"tag-islam"},"yoast_head":"<!-- This site is optimized with the Yoast SEO Premium plugin v23.1 (Yoast SEO v24.9) - https:\/\/yoast.com\/wordpress\/plugins\/seo\/ -->\n<title>Prva muslimanka na \u010delu parlamenta njema\u010dke dr\u017eave<\/title>\n<meta name=\"robots\" content=\"index, follow, max-snippet:-1, max-image-preview:large, max-video-preview:-1\" \/>\n<link rel=\"canonical\" href=\"https:\/\/sandzakpress.net\/arhiva\/prva-muslimanka-na-celu-parlamenta-njemacke-drzave\/\" \/>\n<meta property=\"og:locale\" content=\"bs_BA\" \/>\n<meta property=\"og:type\" content=\"article\" \/>\n<meta property=\"og:title\" content=\"Prva muslimanka na \u010delu parlamenta njema\u010dke dr\u017eave\" \/>\n<meta property=\"og:description\" content=\"Njema\u010dka \u2013 Muhterem Aras izabrana je za predsjednicu parlamenta u saveznoj dr\u017eavi Baden-Wurttemberg. Prva muslimanka izabrana je za predsjednicu parlamenta njema\u010dke savezne dr\u017eave, \u0161to je pozdravljeno kao \u201chistorijski\u201d korak za tu zemlju. Muhterem Aras, \u010dlanica Stranke zelenih, preuzela je funkciju koja je ranije pripadala antiimigracijskoj partiji. \u201cDanas smo napisali historiju\u201d, kazala je ona nakon \u0161to [&hellip;]\" \/>\n<meta property=\"og:url\" content=\"https:\/\/sandzakpress.net\/arhiva\/prva-muslimanka-na-celu-parlamenta-njemacke-drzave\/\" \/>\n<meta property=\"og:site_name\" content=\"Sand\u017eak PRESS\" \/>\n<meta property=\"article:published_time\" content=\"2016-05-12T21:16:39+00:00\" \/>\n<meta property=\"og:image\" content=\"https:\/\/sandzakpress.net\/arhiva\/wp-content\/uploads\/2016\/05\/h_52748038.jpg\" \/>\n\t<meta property=\"og:image:width\" content=\"900\" \/>\n\t<meta property=\"og:image:height\" content=\"600\" \/>\n\t<meta property=\"og:image:type\" content=\"image\/jpeg\" \/>\n<meta name=\"author\" content=\"bosniak\" \/>\n<meta name=\"twitter:card\" content=\"summary_large_image\" \/>\n<meta name=\"twitter:label1\" content=\"Written by\" \/>\n\t<meta name=\"twitter:data1\" content=\"bosniak\" \/>\n\t<meta name=\"twitter:label2\" content=\"Est. reading time\" \/>\n\t<meta name=\"twitter:data2\" content=\"1 minuta\" \/>\n<script type=\"application\/ld+json\" class=\"yoast-schema-graph\">{\"@context\":\"https:\/\/schema.org\",\"@graph\":[{\"@type\":\"Article\",\"@id\":\"https:\/\/sandzakpress.net\/arhiva\/prva-muslimanka-na-celu-parlamenta-njemacke-drzave\/#article\",\"isPartOf\":{\"@id\":\"https:\/\/sandzakpress.net\/arhiva\/prva-muslimanka-na-celu-parlamenta-njemacke-drzave\/\"},\"author\":{\"name\":\"bosniak\",\"@id\":\"https:\/\/sandzakpress.net\/arhiva\/#\/schema\/person\/c8baee722073534b583ea7bdb2e36c02\"},\"headline\":\"Prva muslimanka na \u010delu parlamenta njema\u010dke dr\u017eave\",\"datePublished\":\"2016-05-12T21:16:39+00:00\",\"mainEntityOfPage\":{\"@id\":\"https:\/\/sandzakpress.net\/arhiva\/prva-muslimanka-na-celu-parlamenta-njemacke-drzave\/\"},\"wordCount\":305,\"commentCount\":5,\"publisher\":{\"@id\":\"https:\/\/sandzakpress.net\/arhiva\/#\/schema\/person\/6e72b67d6e51910a1117b3b483ba20bd\"},\"image\":{\"@id\":\"https:\/\/sandzakpress.net\/arhiva\/prva-muslimanka-na-celu-parlamenta-njemacke-drzave\/#primaryimage\"},\"thumbnailUrl\":\"https:\/\/sandzakpress.net\/arhiva\/wp-content\/uploads\/2016\/05\/h_52748038.jpg\",\"keywords\":[\"Islam\"],\"articleSection\":[\"Islam PRESS\"],\"inLanguage\":\"bs-BA\",\"potentialAction\":[{\"@type\":\"CommentAction\",\"name\":\"Comment\",\"target\":[\"https:\/\/sandzakpress.net\/arhiva\/prva-muslimanka-na-celu-parlamenta-njemacke-drzave\/#respond\"]}]},{\"@type\":\"WebPage\",\"@id\":\"https:\/\/sandzakpress.net\/arhiva\/prva-muslimanka-na-celu-parlamenta-njemacke-drzave\/\",\"url\":\"https:\/\/sandzakpress.net\/arhiva\/prva-muslimanka-na-celu-parlamenta-njemacke-drzave\/\",\"name\":\"Prva muslimanka na \u010delu parlamenta njema\u010dke dr\u017eave\",\"isPartOf\":{\"@id\":\"https:\/\/sandzakpress.net\/arhiva\/#website\"},\"primaryImageOfPage\":{\"@id\":\"https:\/\/sandzakpress.net\/arhiva\/prva-muslimanka-na-celu-parlamenta-njemacke-drzave\/#primaryimage\"},\"image\":{\"@id\":\"https:\/\/sandzakpress.net\/arhiva\/prva-muslimanka-na-celu-parlamenta-njemacke-drzave\/#primaryimage\"},\"thumbnailUrl\":\"https:\/\/sandzakpress.net\/arhiva\/wp-content\/uploads\/2016\/05\/h_52748038.jpg\",\"datePublished\":\"2016-05-12T21:16:39+00:00\",\"breadcrumb\":{\"@id\":\"https:\/\/sandzakpress.net\/arhiva\/prva-muslimanka-na-celu-parlamenta-njemacke-drzave\/#breadcrumb\"},\"inLanguage\":\"bs-BA\",\"potentialAction\":[{\"@type\":\"ReadAction\",\"target\":[\"https:\/\/sandzakpress.net\/arhiva\/prva-muslimanka-na-celu-parlamenta-njemacke-drzave\/\"]}]},{\"@type\":\"ImageObject\",\"inLanguage\":\"bs-BA\",\"@id\":\"https:\/\/sandzakpress.net\/arhiva\/prva-muslimanka-na-celu-parlamenta-njemacke-drzave\/#primaryimage\",\"url\":\"https:\/\/sandzakpress.net\/arhiva\/wp-content\/uploads\/2016\/05\/h_52748038.jpg\",\"contentUrl\":\"https:\/\/sandzakpress.net\/arhiva\/wp-content\/uploads\/2016\/05\/h_52748038.jpg\",\"width\":900,\"height\":600},{\"@type\":\"BreadcrumbList\",\"@id\":\"https:\/\/sandzakpress.net\/arhiva\/prva-muslimanka-na-celu-parlamenta-njemacke-drzave\/#breadcrumb\",\"itemListElement\":[{\"@type\":\"ListItem\",\"position\":1,\"name\":\"Home\",\"item\":\"https:\/\/sandzakpress.net\/arhiva\/\"},{\"@type\":\"ListItem\",\"position\":2,\"name\":\"Prva muslimanka na \u010delu parlamenta njema\u010dke dr\u017eave\"}]},{\"@type\":\"WebSite\",\"@id\":\"https:\/\/sandzakpress.net\/arhiva\/#website\",\"url\":\"https:\/\/sandzakpress.net\/arhiva\/\",\"name\":\"Sand\u017eak PRESS\",\"description\":\"Prve elektronske novine u Sand\u017eaku\",\"publisher\":{\"@id\":\"https:\/\/sandzakpress.net\/arhiva\/#\/schema\/person\/6e72b67d6e51910a1117b3b483ba20bd\"},\"potentialAction\":[{\"@type\":\"SearchAction\",\"target\":{\"@type\":\"EntryPoint\",\"urlTemplate\":\"https:\/\/sandzakpress.net\/arhiva\/?s={search_term_string}\"},\"query-input\":{\"@type\":\"PropertyValueSpecification\",\"valueRequired\":true,\"valueName\":\"search_term_string\"}}],\"inLanguage\":\"bs-BA\"},{\"@type\":[\"Person\",\"Organization\"],\"@id\":\"https:\/\/sandzakpress.net\/arhiva\/#\/schema\/person\/6e72b67d6e51910a1117b3b483ba20bd\",\"name\":\"Kul\",\"image\":{\"@type\":\"ImageObject\",\"inLanguage\":\"bs-BA\",\"@id\":\"https:\/\/sandzakpress.net\/arhiva\/#\/schema\/person\/image\/\",\"url\":\"https:\/\/secure.gravatar.com\/avatar\/42263f39aa27ac04c43cab85c280eb2e?s=96&d=mm&r=pg\",\"contentUrl\":\"https:\/\/secure.gravatar.com\/avatar\/42263f39aa27ac04c43cab85c280eb2e?s=96&d=mm&r=pg\",\"caption\":\"Kul\"},\"logo\":{\"@id\":\"https:\/\/sandzakpress.net\/arhiva\/#\/schema\/person\/image\/\"}},{\"@type\":\"Person\",\"@id\":\"https:\/\/sandzakpress.net\/arhiva\/#\/schema\/person\/c8baee722073534b583ea7bdb2e36c02\",\"name\":\"bosniak\",\"image\":{\"@type\":\"ImageObject\",\"inLanguage\":\"bs-BA\",\"@id\":\"https:\/\/sandzakpress.net\/arhiva\/#\/schema\/person\/image\/\",\"url\":\"https:\/\/secure.gravatar.com\/avatar\/a04fd330bfe3a36a72a0ad4a6d89fca7?s=96&d=mm&r=pg\",\"contentUrl\":\"https:\/\/secure.gravatar.com\/avatar\/a04fd330bfe3a36a72a0ad4a6d89fca7?s=96&d=mm&r=pg\",\"caption\":\"bosniak\"},\"url\":\"https:\/\/sandzakpress.net\/arhiva\/author\/bosniak\/\"}]}<\/script>\n<!-- \/ Yoast SEO Premium plugin. -->","yoast_head_json":{"title":"Prva muslimanka na \u010delu parlamenta njema\u010dke dr\u017eave","robots":{"index":"index","follow":"follow","max-snippet":"max-snippet:-1","max-image-preview":"max-image-preview:large","max-video-preview":"max-video-preview:-1"},"canonical":"https:\/\/sandzakpress.net\/arhiva\/prva-muslimanka-na-celu-parlamenta-njemacke-drzave\/","og_locale":"bs_BA","og_type":"article","og_title":"Prva muslimanka na \u010delu parlamenta njema\u010dke dr\u017eave","og_description":"Njema\u010dka \u2013 Muhterem Aras izabrana je za predsjednicu parlamenta u saveznoj dr\u017eavi Baden-Wurttemberg. Prva muslimanka izabrana je za predsjednicu parlamenta njema\u010dke savezne dr\u017eave, \u0161to je pozdravljeno kao \u201chistorijski\u201d korak za tu zemlju. Muhterem Aras, \u010dlanica Stranke zelenih, preuzela je funkciju koja je ranije pripadala antiimigracijskoj partiji. \u201cDanas smo napisali historiju\u201d, kazala je ona nakon \u0161to [&hellip;]","og_url":"https:\/\/sandzakpress.net\/arhiva\/prva-muslimanka-na-celu-parlamenta-njemacke-drzave\/","og_site_name":"Sand\u017eak PRESS","article_published_time":"2016-05-12T21:16:39+00:00","og_image":[{"width":900,"height":600,"url":"https:\/\/sandzakpress.net\/arhiva\/wp-content\/uploads\/2016\/05\/h_52748038.jpg","type":"image\/jpeg"}],"author":"bosniak","twitter_card":"summary_large_image","twitter_misc":{"Written by":"bosniak","Est. reading time":"1 minuta"},"schema":{"@context":"https:\/\/schema.org","@graph":[{"@type":"Article","@id":"https:\/\/sandzakpress.net\/arhiva\/prva-muslimanka-na-celu-parlamenta-njemacke-drzave\/#article","isPartOf":{"@id":"https:\/\/sandzakpress.net\/arhiva\/prva-muslimanka-na-celu-parlamenta-njemacke-drzave\/"},"author":{"name":"bosniak","@id":"https:\/\/sandzakpress.net\/arhiva\/#\/schema\/person\/c8baee722073534b583ea7bdb2e36c02"},"headline":"Prva muslimanka na \u010delu parlamenta njema\u010dke dr\u017eave","datePublished":"2016-05-12T21:16:39+00:00","mainEntityOfPage":{"@id":"https:\/\/sandzakpress.net\/arhiva\/prva-muslimanka-na-celu-parlamenta-njemacke-drzave\/"},"wordCount":305,"commentCount":5,"publisher":{"@id":"https:\/\/sandzakpress.net\/arhiva\/#\/schema\/person\/6e72b67d6e51910a1117b3b483ba20bd"},"image":{"@id":"https:\/\/sandzakpress.net\/arhiva\/prva-muslimanka-na-celu-parlamenta-njemacke-drzave\/#primaryimage"},"thumbnailUrl":"https:\/\/sandzakpress.net\/arhiva\/wp-content\/uploads\/2016\/05\/h_52748038.jpg","keywords":["Islam"],"articleSection":["Islam PRESS"],"inLanguage":"bs-BA","potentialAction":[{"@type":"CommentAction","name":"Comment","target":["https:\/\/sandzakpress.net\/arhiva\/prva-muslimanka-na-celu-parlamenta-njemacke-drzave\/#respond"]}]},{"@type":"WebPage","@id":"https:\/\/sandzakpress.net\/arhiva\/prva-muslimanka-na-celu-parlamenta-njemacke-drzave\/","url":"https:\/\/sandzakpress.net\/arhiva\/prva-muslimanka-na-celu-parlamenta-njemacke-drzave\/","name":"Prva muslimanka na \u010delu parlamenta njema\u010dke dr\u017eave","isPartOf":{"@id":"https:\/\/sandzakpress.net\/arhiva\/#website"},"primaryImageOfPage":{"@id":"https:\/\/sandzakpress.net\/arhiva\/prva-muslimanka-na-celu-parlamenta-njemacke-drzave\/#primaryimage"},"image":{"@id":"https:\/\/sandzakpress.net\/arhiva\/prva-muslimanka-na-celu-parlamenta-njemacke-drzave\/#primaryimage"},"thumbnailUrl":"https:\/\/sandzakpress.net\/arhiva\/wp-content\/uploads\/2016\/05\/h_52748038.jpg","datePublished":"2016-05-12T21:16:39+00:00","breadcrumb":{"@id":"https:\/\/sandzakpress.net\/arhiva\/prva-muslimanka-na-celu-parlamenta-njemacke-drzave\/#breadcrumb"},"inLanguage":"bs-BA","potentialAction":[{"@type":"ReadAction","target":["https:\/\/sandzakpress.net\/arhiva\/prva-muslimanka-na-celu-parlamenta-njemacke-drzave\/"]}]},{"@type":"ImageObject","inLanguage":"bs-BA","@id":"https:\/\/sandzakpress.net\/arhiva\/prva-muslimanka-na-celu-parlamenta-njemacke-drzave\/#primaryimage","url":"https:\/\/sandzakpress.net\/arhiva\/wp-content\/uploads\/2016\/05\/h_52748038.jpg","contentUrl":"https:\/\/sandzakpress.net\/arhiva\/wp-content\/uploads\/2016\/05\/h_52748038.jpg","width":900,"height":600},{"@type":"BreadcrumbList","@id":"https:\/\/sandzakpress.net\/arhiva\/prva-muslimanka-na-celu-parlamenta-njemacke-drzave\/#breadcrumb","itemListElement":[{"@type":"ListItem","position":1,"name":"Home","item":"https:\/\/sandzakpress.net\/arhiva\/"},{"@type":"ListItem","position":2,"name":"Prva muslimanka na \u010delu parlamenta njema\u010dke dr\u017eave"}]},{"@type":"WebSite","@id":"https:\/\/sandzakpress.net\/arhiva\/#website","url":"https:\/\/sandzakpress.net\/arhiva\/","name":"Sand\u017eak PRESS","description":"Prve elektronske novine u Sand\u017eaku","publisher":{"@id":"https:\/\/sandzakpress.net\/arhiva\/#\/schema\/person\/6e72b67d6e51910a1117b3b483ba20bd"},"potentialAction":[{"@type":"SearchAction","target":{"@type":"EntryPoint","urlTemplate":"https:\/\/sandzakpress.net\/arhiva\/?s={search_term_string}"},"query-input":{"@type":"PropertyValueSpecification","valueRequired":true,"valueName":"search_term_string"}}],"inLanguage":"bs-BA"},{"@type":["Person","Organization"],"@id":"https:\/\/sandzakpress.net\/arhiva\/#\/schema\/person\/6e72b67d6e51910a1117b3b483ba20bd","name":"Kul","image":{"@type":"ImageObject","inLanguage":"bs-BA","@id":"https:\/\/sandzakpress.net\/arhiva\/#\/schema\/person\/image\/","url":"https:\/\/secure.gravatar.com\/avatar\/42263f39aa27ac04c43cab85c280eb2e?s=96&d=mm&r=pg","contentUrl":"https:\/\/secure.gravatar.com\/avatar\/42263f39aa27ac04c43cab85c280eb2e?s=96&d=mm&r=pg","caption":"Kul"},"logo":{"@id":"https:\/\/sandzakpress.net\/arhiva\/#\/schema\/person\/image\/"}},{"@type":"Person","@id":"https:\/\/sandzakpress.net\/arhiva\/#\/schema\/person\/c8baee722073534b583ea7bdb2e36c02","name":"bosniak","image":{"@type":"ImageObject","inLanguage":"bs-BA","@id":"https:\/\/sandzakpress.net\/arhiva\/#\/schema\/person\/image\/","url":"https:\/\/secure.gravatar.com\/avatar\/a04fd330bfe3a36a72a0ad4a6d89fca7?s=96&d=mm&r=pg","contentUrl":"https:\/\/secure.gravatar.com\/avatar\/a04fd330bfe3a36a72a0ad4a6d89fca7?s=96&d=mm&r=pg","caption":"bosniak"},"url":"https:\/\/sandzakpress.net\/arhiva\/author\/bosniak\/"}]}},"_links":{"self":[{"href":"https:\/\/sandzakpress.net\/arhiva\/wp-json\/wp\/v2\/posts\/160089"}],"collection":[{"href":"https:\/\/sandzakpress.net\/arhiva\/wp-json\/wp\/v2\/posts"}],"about":[{"href":"https:\/\/sandzakpress.net\/arhiva\/wp-json\/wp\/v2\/types\/post"}],"author":[{"embeddable":true,"href":"https:\/\/sandzakpress.net\/arhiva\/wp-json\/wp\/v2\/users\/83"}],"replies":[{"embeddable":true,"href":"https:\/\/sandzakpress.net\/arhiva\/wp-json\/wp\/v2\/comments?post=160089"}],"version-history":[{"count":0,"href":"https:\/\/sandzakpress.net\/arhiva\/wp-json\/wp\/v2\/posts\/160089\/revisions"}],"wp:featuredmedia":[{"embeddable":true,"href":"https:\/\/sandzakpress.net\/arhiva\/wp-json\/wp\/v2\/media\/160090"}],"wp:attachment":[{"href":"https:\/\/sandzakpress.net\/arhiva\/wp-json\/wp\/v2\/media?parent=160089"}],"wp:term":[{"taxonomy":"category","embeddable":true,"href":"https:\/\/sandzakpress.net\/arhiva\/wp-json\/wp\/v2\/categories?post=160089"},{"taxonomy":"post_tag","embeddable":true,"href":"https:\/\/sandzakpress.net\/arhiva\/wp-json\/wp\/v2\/tags?post=160089"}],"curies":[{"name":"wp","href":"https:\/\/api.w.org\/{rel}","templated":true}]}}