{"id":1600,"date":"2010-01-23T15:56:26","date_gmt":"2010-01-23T14:56:26","guid":{"rendered":"https:\/\/sandzakpress.net\/arhiva\/?p=1600"},"modified":"2010-01-23T15:56:26","modified_gmt":"2010-01-23T14:56:26","slug":"primjetni-pokusaji-indirektne-redefinicije-drzave","status":"publish","type":"post","link":"https:\/\/sandzakpress.net\/arhiva\/primjetni-pokusaji-indirektne-redefinicije-drzave\/","title":{"rendered":"Primjetni poku\u0161aji indirektne redefinicije dr\u017eave"},"content":{"rendered":"<p><strong><a href=\"https:\/\/sandzakpress.net\/arhiva\/wp-content\/uploads\/2010\/01\/rifat.jpg\"><img loading=\"lazy\" decoding=\"async\" class=\"alignleft size-medium wp-image-1601\" title=\"rifat\" src=\"https:\/\/sandzakpress.net\/arhiva\/wp-content\/uploads\/2010\/01\/rifat-300x221.jpg\" alt=\"\" width=\"300\" height=\"221\" \/><\/a>Podgorica \u2013 Uprkos jasnom ustavnom odre\u0111enju Crne Gore kao dr\u017eave suverenih gra\u0111ana i dalje su primjetni poku\u0161aji njene indirektne redefinicije u dr\u017eavu jednog ili, u najboljem, dva naroda, smatra potpredsjednik Skup\u0161tine Rifat Rastoder. <\/strong><\/p>\n<p>On je ocijenio da je nesporna \u010dinjenica da bi se i dr\u017eave sa mnogo ve\u0107im administrativnim i ukupnim potencijalima i trajanjem dr\u017eavnih institucija mogle pohvaliti crnogorskim rezultatima evropskih i evroatlantskih integracija, ali da bi bilo neuputno i nekorektno tajiti da na unutra\u0161njem planu ne cvjetaju ru\u017ee.<\/p>\n<p>Rastoder je kazao da bi bilo neuputno previdjeti neke tendencije naru\u0161avanja samog ustavnog koncepta dru\u0161tva i dr\u017eave, posebno u procesu zakonodavne razrade ustavnih na\u010dela.<\/p>\n<p>\u201cUprkos jasnom ustavnom odre\u0111enju Crne Gore kao dr\u017eave suverenih gra\u0111ana, i dalje su primjetni poku\u0161aji njene indirektne redefinicije u dr\u017eavu jednog ili, u najboljem, dva naroda\u201d, rekao je Rastoder agenciji MINA.<\/p>\n<p>On je ocijenio da je, uz ve\u0107 obavljenu nacionalizaciju imena raznih dr\u017eavnih institucija i organizacija od naziva dr\u017eavne agencije za bezbijednost, preko turisti\u010dke i drugih sli\u010dnih organizacija sve do raznih udru\u017eenja gra\u0111ana tu tendenciju mogu\u0107e prepoznati i u predlozima pojedinih zakona.<\/p>\n<p>Rastoder je kazao da u Predlogu izmjena i dopuna Zakona o manjinskim pravima, uprkos deciznom ustavnom odre\u0111enju, ve\u0107 pojmovi \u201emanjinska prava\u201c pripadnika,( kao pojedinaca), kao i pojam broj\u010dano\u201c manjinski narodi i druge manjinske nacionalne zajednice\u201c, poku\u0161avaju se preimenovati u prava \u201emanjina\u201c, (kao kolektiviteta).<\/p>\n<p>\u201cA broj\u010dano manjinski narodi u nedefinisane nacionalne \u201emanjine\u201c, \u0161to bi indirektno upu\u0107ivalo da je Crna Gora nacionalna a ne dr\u017eava svih njenih gra\u0111ana\u201d, rekao je on.<\/p>\n<p>Prema njegovim rije\u010dima, sli\u010dno je i sa Radnom verzijom izmjena i dopuna Zakona o izboru odbornika i poslanika<\/p>\n<p>\u201cU dijelu poku\u0161aja definisanja rje\u0161enja ustavnog na\u010dela o pravu pripadnika manjinskih naroda i drugih manjinskih nacionalnih zajednica i na takozvanu \u201e autenti\u010dnu zastupljenost u Skup\u0161tini Crne Gore i skup\u0161tinama lokalnih jedinica sa zna\u010dajnijim procentom ovog stanovni\u0161tva\u201d, rekao je Rastoder.<\/p>\n<p>On je ocijenio da sa stanovi\u0161ta tuma\u010denja ustavnih na\u010dela o ljudskim pravima, ni\u0161ta manje diskutabilan nije ni Predlog zakona o teritorijalnoj organizaciji Crne Gore.<\/p>\n<p>Rastoder je kazao da je dosta primjera koji upu\u0107uju da bi se u daljem temeljenju novobnovljene dr\u017eave moralo znatno vi\u0161e pa\u017enje posvetiti i sistemskoj razradi ustavnih na\u010dela o njenom konceptu.<\/p>\n<p>\u201cJer neke od aktuelnih tendencija i nijesu ba\u0161 u prilog jednoj od reprezentativnijih karakteristika Crne Gore \u2013 njenom multivjerskom, multinacionalnom i ukupno multikulturalnom skladu i bogatstvu\u201d, rekao je Rastoder.<\/p>\n<p>On smatra da bi bilo neuputno i nekorektno tajiti da na takozvanom unutra\u0161njem planu ne cvjetaju ru\u017ee i da su brojni jo\u0161 problemi i sve primjetija nesnala\u017eenja u njihovom rje\u0161avanju.<\/p>\n<p>Prema njegovim rije\u010dima, nijesu povoljniji utisci kada je rije\u010d o ostvarivanju ustavnog koncepta ekolo\u0161ke ili dr\u017eave socijalne pravde.<\/p>\n<p>\u201cU ekonomiji ve\u0107 sa prvim znacima globalne krize i smanjenja priliva sredstava od rasprodaje \u201eimanja\u201c pokazalo se da ba\u0161 i nije premnogo u\u010dinjeno na stvarnom oporavku privrede i, pogotovo, na oporavku i formiranju novih odr\u017eivih malih i srednjih privrednih subjekata, \u0161to \u0107e re\u0107i i najsigurnijih bud\u017eetskih izvora\u201d, rekao je Rastoder.<\/p>\n<p>Prema njegovim rije\u010dima, nesporna je \u010dinjenica da bi se i dr\u017eave sa mnogo ve\u0107im administrativnim i ukupnim potencijalima i trajanjem dr\u017eavnih institucija mogle pohvaliti crnogorskim rezultatima evropskih i evroatlantskih integracija.<\/p>\n<p>Prema njegovim rije\u010dima, kruna svega su ukidanje viza za putovanje u zemlje Evropske Unije i poziv za \u010dlanstvo u NATO.<\/p>\n<p>Rastoder je kazao da je formalnopravno i su\u0161tinski, uloga Skup\u0161tine u svim pa i teku\u0107im politi\u010dkim i demoktratskim procesima bila i jeste veoma zna\u010dajna.<\/p>\n<p>On je ocijenio da je Skup\u0161tina, po prirodi stvari, i u minuloj godini bila i jeste mjesto stvaranja osnovnih pretpostavki za tok politi\u010dkih i demokratskh procesa.<\/p>\n<p>\u201c\u010cinila je to u minuloj godini \u010dak i znatno a\u017eurnije i znatno nezavisnije i od Vlade i od svih ostalih nadle\u017enih institucija, nego u nizu prethodnih godina\u201d, rekao je Rastoder.<\/p>\n<p>On je naveo da je konkretnije domete ostvarivanja uloge u ovim procesima, mogu\u0107e posmatrati tek kroz konkretne rezultate ostvarivanja pretpostavljenih ciljeva.<\/p>\n<p>Rastoder smatra da bi se i na primjeru de\u0161avanja tokom pro\u0161le godine moglo zaklju\u010diti da su i u poziciji i opoziciji bez iobzira na sve identitetske i druge razlike, jo\u0161 skloniji trenutnim uzletima.<\/p>\n<p>\u201cIli ta\u010dnije velikim poduhvatima poput kojekakvih revolucija ili prevrata, nego sistematskom i dugoro\u010dnom temeljenju novoobnovljene ku\u0107e, ili po\u0161tovanju i sprovo\u0111enju ustavnih i drugih odgovaraju\u0107ih pravila\u201d, ocijenio je Rastoder.<\/p>\n<p>Izvor: <strong>BosnjackiSavez.org<\/strong><\/p>\n","protected":false},"excerpt":{"rendered":"<p>Podgorica \u2013 Uprkos jasnom ustavnom odre\u0111enju Crne Gore kao dr\u017eave suverenih gra\u0111ana i dalje su primjetni poku\u0161aji njene indirektne redefinicije u dr\u017eavu jednog ili, u najboljem, dva naroda, smatra potpredsjednik Skup\u0161tine Rifat Rastoder. On je ocijenio da je nesporna \u010dinjenica da bi se i dr\u017eave sa mnogo ve\u0107im administrativnim i ukupnim potencijalima i trajanjem dr\u017eavnih [&hellip;]<\/p>\n","protected":false},"author":83,"featured_media":1601,"comment_status":"open","ping_status":"open","sticky":false,"template":"","format":"standard","meta":{"footnotes":""},"categories":[1],"tags":[],"class_list":{"0":"post-1600","1":"post","2":"type-post","3":"status-publish","4":"format-standard","5":"has-post-thumbnail","7":"category-politika"},"yoast_head":"<!-- This site is optimized with the Yoast SEO Premium plugin v23.1 (Yoast SEO v24.9) - https:\/\/yoast.com\/wordpress\/plugins\/seo\/ -->\n<title>Primjetni poku\u0161aji indirektne redefinicije dr\u017eave<\/title>\n<meta name=\"robots\" content=\"index, follow, max-snippet:-1, max-image-preview:large, max-video-preview:-1\" \/>\n<link rel=\"canonical\" href=\"https:\/\/sandzakpress.net\/arhiva\/primjetni-pokusaji-indirektne-redefinicije-drzave\/\" \/>\n<meta property=\"og:locale\" content=\"bs_BA\" \/>\n<meta property=\"og:type\" content=\"article\" \/>\n<meta property=\"og:title\" content=\"Primjetni poku\u0161aji indirektne redefinicije dr\u017eave\" \/>\n<meta property=\"og:description\" content=\"Podgorica \u2013 Uprkos jasnom ustavnom odre\u0111enju Crne Gore kao dr\u017eave suverenih gra\u0111ana i dalje su primjetni poku\u0161aji njene indirektne redefinicije u dr\u017eavu jednog ili, u najboljem, dva naroda, smatra potpredsjednik Skup\u0161tine Rifat Rastoder. On je ocijenio da je nesporna \u010dinjenica da bi se i dr\u017eave sa mnogo ve\u0107im administrativnim i ukupnim potencijalima i trajanjem dr\u017eavnih [&hellip;]\" \/>\n<meta property=\"og:url\" content=\"https:\/\/sandzakpress.net\/arhiva\/primjetni-pokusaji-indirektne-redefinicije-drzave\/\" \/>\n<meta property=\"og:site_name\" content=\"Sand\u017eak PRESS\" \/>\n<meta property=\"article:published_time\" content=\"2010-01-23T14:56:26+00:00\" \/>\n<meta property=\"og:image\" content=\"https:\/\/sandzakpress.net\/arhiva\/wp-content\/uploads\/2010\/01\/rifat.jpg\" \/>\n\t<meta property=\"og:image:width\" content=\"616\" \/>\n\t<meta property=\"og:image:height\" content=\"454\" \/>\n\t<meta property=\"og:image:type\" content=\"image\/jpeg\" \/>\n<meta name=\"author\" content=\"bosniak\" \/>\n<meta name=\"twitter:card\" content=\"summary_large_image\" \/>\n<meta name=\"twitter:label1\" content=\"Written by\" \/>\n\t<meta name=\"twitter:data1\" content=\"bosniak\" \/>\n\t<meta name=\"twitter:label2\" content=\"Est. reading time\" \/>\n\t<meta name=\"twitter:data2\" content=\"4 minute\" \/>\n<script type=\"application\/ld+json\" class=\"yoast-schema-graph\">{\"@context\":\"https:\/\/schema.org\",\"@graph\":[{\"@type\":\"Article\",\"@id\":\"https:\/\/sandzakpress.net\/arhiva\/primjetni-pokusaji-indirektne-redefinicije-drzave\/#article\",\"isPartOf\":{\"@id\":\"https:\/\/sandzakpress.net\/arhiva\/primjetni-pokusaji-indirektne-redefinicije-drzave\/\"},\"author\":{\"name\":\"bosniak\",\"@id\":\"https:\/\/sandzakpress.net\/arhiva\/#\/schema\/person\/c8baee722073534b583ea7bdb2e36c02\"},\"headline\":\"Primjetni poku\u0161aji indirektne redefinicije dr\u017eave\",\"datePublished\":\"2010-01-23T14:56:26+00:00\",\"mainEntityOfPage\":{\"@id\":\"https:\/\/sandzakpress.net\/arhiva\/primjetni-pokusaji-indirektne-redefinicije-drzave\/\"},\"wordCount\":789,\"commentCount\":1,\"publisher\":{\"@id\":\"https:\/\/sandzakpress.net\/arhiva\/#\/schema\/person\/6e72b67d6e51910a1117b3b483ba20bd\"},\"image\":{\"@id\":\"https:\/\/sandzakpress.net\/arhiva\/primjetni-pokusaji-indirektne-redefinicije-drzave\/#primaryimage\"},\"thumbnailUrl\":\"https:\/\/sandzakpress.net\/arhiva\/wp-content\/uploads\/2010\/01\/rifat.jpg\",\"articleSection\":[\"Politika\"],\"inLanguage\":\"bs-BA\",\"potentialAction\":[{\"@type\":\"CommentAction\",\"name\":\"Comment\",\"target\":[\"https:\/\/sandzakpress.net\/arhiva\/primjetni-pokusaji-indirektne-redefinicije-drzave\/#respond\"]}]},{\"@type\":\"WebPage\",\"@id\":\"https:\/\/sandzakpress.net\/arhiva\/primjetni-pokusaji-indirektne-redefinicije-drzave\/\",\"url\":\"https:\/\/sandzakpress.net\/arhiva\/primjetni-pokusaji-indirektne-redefinicije-drzave\/\",\"name\":\"Primjetni poku\u0161aji indirektne redefinicije dr\u017eave\",\"isPartOf\":{\"@id\":\"https:\/\/sandzakpress.net\/arhiva\/#website\"},\"primaryImageOfPage\":{\"@id\":\"https:\/\/sandzakpress.net\/arhiva\/primjetni-pokusaji-indirektne-redefinicije-drzave\/#primaryimage\"},\"image\":{\"@id\":\"https:\/\/sandzakpress.net\/arhiva\/primjetni-pokusaji-indirektne-redefinicije-drzave\/#primaryimage\"},\"thumbnailUrl\":\"https:\/\/sandzakpress.net\/arhiva\/wp-content\/uploads\/2010\/01\/rifat.jpg\",\"datePublished\":\"2010-01-23T14:56:26+00:00\",\"breadcrumb\":{\"@id\":\"https:\/\/sandzakpress.net\/arhiva\/primjetni-pokusaji-indirektne-redefinicije-drzave\/#breadcrumb\"},\"inLanguage\":\"bs-BA\",\"potentialAction\":[{\"@type\":\"ReadAction\",\"target\":[\"https:\/\/sandzakpress.net\/arhiva\/primjetni-pokusaji-indirektne-redefinicije-drzave\/\"]}]},{\"@type\":\"ImageObject\",\"inLanguage\":\"bs-BA\",\"@id\":\"https:\/\/sandzakpress.net\/arhiva\/primjetni-pokusaji-indirektne-redefinicije-drzave\/#primaryimage\",\"url\":\"https:\/\/sandzakpress.net\/arhiva\/wp-content\/uploads\/2010\/01\/rifat.jpg\",\"contentUrl\":\"https:\/\/sandzakpress.net\/arhiva\/wp-content\/uploads\/2010\/01\/rifat.jpg\",\"width\":616,\"height\":454},{\"@type\":\"BreadcrumbList\",\"@id\":\"https:\/\/sandzakpress.net\/arhiva\/primjetni-pokusaji-indirektne-redefinicije-drzave\/#breadcrumb\",\"itemListElement\":[{\"@type\":\"ListItem\",\"position\":1,\"name\":\"Home\",\"item\":\"https:\/\/sandzakpress.net\/arhiva\/\"},{\"@type\":\"ListItem\",\"position\":2,\"name\":\"Primjetni poku\u0161aji indirektne redefinicije dr\u017eave\"}]},{\"@type\":\"WebSite\",\"@id\":\"https:\/\/sandzakpress.net\/arhiva\/#website\",\"url\":\"https:\/\/sandzakpress.net\/arhiva\/\",\"name\":\"Sand\u017eak PRESS\",\"description\":\"Prve elektronske novine u Sand\u017eaku\",\"publisher\":{\"@id\":\"https:\/\/sandzakpress.net\/arhiva\/#\/schema\/person\/6e72b67d6e51910a1117b3b483ba20bd\"},\"potentialAction\":[{\"@type\":\"SearchAction\",\"target\":{\"@type\":\"EntryPoint\",\"urlTemplate\":\"https:\/\/sandzakpress.net\/arhiva\/?s={search_term_string}\"},\"query-input\":{\"@type\":\"PropertyValueSpecification\",\"valueRequired\":true,\"valueName\":\"search_term_string\"}}],\"inLanguage\":\"bs-BA\"},{\"@type\":[\"Person\",\"Organization\"],\"@id\":\"https:\/\/sandzakpress.net\/arhiva\/#\/schema\/person\/6e72b67d6e51910a1117b3b483ba20bd\",\"name\":\"Kul\",\"image\":{\"@type\":\"ImageObject\",\"inLanguage\":\"bs-BA\",\"@id\":\"https:\/\/sandzakpress.net\/arhiva\/#\/schema\/person\/image\/\",\"url\":\"https:\/\/secure.gravatar.com\/avatar\/42263f39aa27ac04c43cab85c280eb2e?s=96&d=mm&r=pg\",\"contentUrl\":\"https:\/\/secure.gravatar.com\/avatar\/42263f39aa27ac04c43cab85c280eb2e?s=96&d=mm&r=pg\",\"caption\":\"Kul\"},\"logo\":{\"@id\":\"https:\/\/sandzakpress.net\/arhiva\/#\/schema\/person\/image\/\"}},{\"@type\":\"Person\",\"@id\":\"https:\/\/sandzakpress.net\/arhiva\/#\/schema\/person\/c8baee722073534b583ea7bdb2e36c02\",\"name\":\"bosniak\",\"image\":{\"@type\":\"ImageObject\",\"inLanguage\":\"bs-BA\",\"@id\":\"https:\/\/sandzakpress.net\/arhiva\/#\/schema\/person\/image\/\",\"url\":\"https:\/\/secure.gravatar.com\/avatar\/a04fd330bfe3a36a72a0ad4a6d89fca7?s=96&d=mm&r=pg\",\"contentUrl\":\"https:\/\/secure.gravatar.com\/avatar\/a04fd330bfe3a36a72a0ad4a6d89fca7?s=96&d=mm&r=pg\",\"caption\":\"bosniak\"},\"url\":\"https:\/\/sandzakpress.net\/arhiva\/author\/bosniak\/\"}]}<\/script>\n<!-- \/ Yoast SEO Premium plugin. -->","yoast_head_json":{"title":"Primjetni poku\u0161aji indirektne redefinicije dr\u017eave","robots":{"index":"index","follow":"follow","max-snippet":"max-snippet:-1","max-image-preview":"max-image-preview:large","max-video-preview":"max-video-preview:-1"},"canonical":"https:\/\/sandzakpress.net\/arhiva\/primjetni-pokusaji-indirektne-redefinicije-drzave\/","og_locale":"bs_BA","og_type":"article","og_title":"Primjetni poku\u0161aji indirektne redefinicije dr\u017eave","og_description":"Podgorica \u2013 Uprkos jasnom ustavnom odre\u0111enju Crne Gore kao dr\u017eave suverenih gra\u0111ana i dalje su primjetni poku\u0161aji njene indirektne redefinicije u dr\u017eavu jednog ili, u najboljem, dva naroda, smatra potpredsjednik Skup\u0161tine Rifat Rastoder. On je ocijenio da je nesporna \u010dinjenica da bi se i dr\u017eave sa mnogo ve\u0107im administrativnim i ukupnim potencijalima i trajanjem dr\u017eavnih [&hellip;]","og_url":"https:\/\/sandzakpress.net\/arhiva\/primjetni-pokusaji-indirektne-redefinicije-drzave\/","og_site_name":"Sand\u017eak PRESS","article_published_time":"2010-01-23T14:56:26+00:00","og_image":[{"width":616,"height":454,"url":"https:\/\/sandzakpress.net\/arhiva\/wp-content\/uploads\/2010\/01\/rifat.jpg","type":"image\/jpeg"}],"author":"bosniak","twitter_card":"summary_large_image","twitter_misc":{"Written by":"bosniak","Est. reading time":"4 minute"},"schema":{"@context":"https:\/\/schema.org","@graph":[{"@type":"Article","@id":"https:\/\/sandzakpress.net\/arhiva\/primjetni-pokusaji-indirektne-redefinicije-drzave\/#article","isPartOf":{"@id":"https:\/\/sandzakpress.net\/arhiva\/primjetni-pokusaji-indirektne-redefinicije-drzave\/"},"author":{"name":"bosniak","@id":"https:\/\/sandzakpress.net\/arhiva\/#\/schema\/person\/c8baee722073534b583ea7bdb2e36c02"},"headline":"Primjetni poku\u0161aji indirektne redefinicije dr\u017eave","datePublished":"2010-01-23T14:56:26+00:00","mainEntityOfPage":{"@id":"https:\/\/sandzakpress.net\/arhiva\/primjetni-pokusaji-indirektne-redefinicije-drzave\/"},"wordCount":789,"commentCount":1,"publisher":{"@id":"https:\/\/sandzakpress.net\/arhiva\/#\/schema\/person\/6e72b67d6e51910a1117b3b483ba20bd"},"image":{"@id":"https:\/\/sandzakpress.net\/arhiva\/primjetni-pokusaji-indirektne-redefinicije-drzave\/#primaryimage"},"thumbnailUrl":"https:\/\/sandzakpress.net\/arhiva\/wp-content\/uploads\/2010\/01\/rifat.jpg","articleSection":["Politika"],"inLanguage":"bs-BA","potentialAction":[{"@type":"CommentAction","name":"Comment","target":["https:\/\/sandzakpress.net\/arhiva\/primjetni-pokusaji-indirektne-redefinicije-drzave\/#respond"]}]},{"@type":"WebPage","@id":"https:\/\/sandzakpress.net\/arhiva\/primjetni-pokusaji-indirektne-redefinicije-drzave\/","url":"https:\/\/sandzakpress.net\/arhiva\/primjetni-pokusaji-indirektne-redefinicije-drzave\/","name":"Primjetni poku\u0161aji indirektne redefinicije dr\u017eave","isPartOf":{"@id":"https:\/\/sandzakpress.net\/arhiva\/#website"},"primaryImageOfPage":{"@id":"https:\/\/sandzakpress.net\/arhiva\/primjetni-pokusaji-indirektne-redefinicije-drzave\/#primaryimage"},"image":{"@id":"https:\/\/sandzakpress.net\/arhiva\/primjetni-pokusaji-indirektne-redefinicije-drzave\/#primaryimage"},"thumbnailUrl":"https:\/\/sandzakpress.net\/arhiva\/wp-content\/uploads\/2010\/01\/rifat.jpg","datePublished":"2010-01-23T14:56:26+00:00","breadcrumb":{"@id":"https:\/\/sandzakpress.net\/arhiva\/primjetni-pokusaji-indirektne-redefinicije-drzave\/#breadcrumb"},"inLanguage":"bs-BA","potentialAction":[{"@type":"ReadAction","target":["https:\/\/sandzakpress.net\/arhiva\/primjetni-pokusaji-indirektne-redefinicije-drzave\/"]}]},{"@type":"ImageObject","inLanguage":"bs-BA","@id":"https:\/\/sandzakpress.net\/arhiva\/primjetni-pokusaji-indirektne-redefinicije-drzave\/#primaryimage","url":"https:\/\/sandzakpress.net\/arhiva\/wp-content\/uploads\/2010\/01\/rifat.jpg","contentUrl":"https:\/\/sandzakpress.net\/arhiva\/wp-content\/uploads\/2010\/01\/rifat.jpg","width":616,"height":454},{"@type":"BreadcrumbList","@id":"https:\/\/sandzakpress.net\/arhiva\/primjetni-pokusaji-indirektne-redefinicije-drzave\/#breadcrumb","itemListElement":[{"@type":"ListItem","position":1,"name":"Home","item":"https:\/\/sandzakpress.net\/arhiva\/"},{"@type":"ListItem","position":2,"name":"Primjetni poku\u0161aji indirektne redefinicije dr\u017eave"}]},{"@type":"WebSite","@id":"https:\/\/sandzakpress.net\/arhiva\/#website","url":"https:\/\/sandzakpress.net\/arhiva\/","name":"Sand\u017eak PRESS","description":"Prve elektronske novine u Sand\u017eaku","publisher":{"@id":"https:\/\/sandzakpress.net\/arhiva\/#\/schema\/person\/6e72b67d6e51910a1117b3b483ba20bd"},"potentialAction":[{"@type":"SearchAction","target":{"@type":"EntryPoint","urlTemplate":"https:\/\/sandzakpress.net\/arhiva\/?s={search_term_string}"},"query-input":{"@type":"PropertyValueSpecification","valueRequired":true,"valueName":"search_term_string"}}],"inLanguage":"bs-BA"},{"@type":["Person","Organization"],"@id":"https:\/\/sandzakpress.net\/arhiva\/#\/schema\/person\/6e72b67d6e51910a1117b3b483ba20bd","name":"Kul","image":{"@type":"ImageObject","inLanguage":"bs-BA","@id":"https:\/\/sandzakpress.net\/arhiva\/#\/schema\/person\/image\/","url":"https:\/\/secure.gravatar.com\/avatar\/42263f39aa27ac04c43cab85c280eb2e?s=96&d=mm&r=pg","contentUrl":"https:\/\/secure.gravatar.com\/avatar\/42263f39aa27ac04c43cab85c280eb2e?s=96&d=mm&r=pg","caption":"Kul"},"logo":{"@id":"https:\/\/sandzakpress.net\/arhiva\/#\/schema\/person\/image\/"}},{"@type":"Person","@id":"https:\/\/sandzakpress.net\/arhiva\/#\/schema\/person\/c8baee722073534b583ea7bdb2e36c02","name":"bosniak","image":{"@type":"ImageObject","inLanguage":"bs-BA","@id":"https:\/\/sandzakpress.net\/arhiva\/#\/schema\/person\/image\/","url":"https:\/\/secure.gravatar.com\/avatar\/a04fd330bfe3a36a72a0ad4a6d89fca7?s=96&d=mm&r=pg","contentUrl":"https:\/\/secure.gravatar.com\/avatar\/a04fd330bfe3a36a72a0ad4a6d89fca7?s=96&d=mm&r=pg","caption":"bosniak"},"url":"https:\/\/sandzakpress.net\/arhiva\/author\/bosniak\/"}]}},"_links":{"self":[{"href":"https:\/\/sandzakpress.net\/arhiva\/wp-json\/wp\/v2\/posts\/1600"}],"collection":[{"href":"https:\/\/sandzakpress.net\/arhiva\/wp-json\/wp\/v2\/posts"}],"about":[{"href":"https:\/\/sandzakpress.net\/arhiva\/wp-json\/wp\/v2\/types\/post"}],"author":[{"embeddable":true,"href":"https:\/\/sandzakpress.net\/arhiva\/wp-json\/wp\/v2\/users\/83"}],"replies":[{"embeddable":true,"href":"https:\/\/sandzakpress.net\/arhiva\/wp-json\/wp\/v2\/comments?post=1600"}],"version-history":[{"count":0,"href":"https:\/\/sandzakpress.net\/arhiva\/wp-json\/wp\/v2\/posts\/1600\/revisions"}],"wp:featuredmedia":[{"embeddable":true,"href":"https:\/\/sandzakpress.net\/arhiva\/wp-json\/wp\/v2\/media\/1601"}],"wp:attachment":[{"href":"https:\/\/sandzakpress.net\/arhiva\/wp-json\/wp\/v2\/media?parent=1600"}],"wp:term":[{"taxonomy":"category","embeddable":true,"href":"https:\/\/sandzakpress.net\/arhiva\/wp-json\/wp\/v2\/categories?post=1600"},{"taxonomy":"post_tag","embeddable":true,"href":"https:\/\/sandzakpress.net\/arhiva\/wp-json\/wp\/v2\/tags?post=1600"}],"curies":[{"name":"wp","href":"https:\/\/api.w.org\/{rel}","templated":true}]}}