{"id":159903,"date":"2016-05-11T11:45:48","date_gmt":"2016-05-11T09:45:48","guid":{"rendered":"https:\/\/sandzakpress.net\/arhiva\/?p=159903"},"modified":"2016-05-11T11:45:48","modified_gmt":"2016-05-11T09:45:48","slug":"rijec-kao-savjet","status":"publish","type":"post","link":"https:\/\/sandzakpress.net\/arhiva\/rijec-kao-savjet\/","title":{"rendered":"Rije\u010d kao savjet"},"content":{"rendered":"<p><img decoding=\"async\" src=\"https:\/\/udruge.gov.hr\/userdocsimages\/\/slike\/shutterstock_184359812%20(1)_cr.jpg?width=1500&amp;height=1000&amp;mode=max\" alt=\"\" \/><\/p>\n<p>Rekli su mi da broj ne zna\u010di ni\u0161ta. Rekli su mi da se tragovi vremena najbolje ogledaju u onome \u0161to je pro\u0161lo. Nikada se nisam sa time slo\u017eila. Za mene je najbolji trag u vremenu \u2013 pobjeda! Pobjeda se ne broji rije\u010dima, pobjedi se ne divi uspjesima, pobjeda se ne bilje\u017ei pismima. Zapamtite da pobjeda je kad stane\u0161 kraj ogledala i vidi\u0161 odraz koji je toliko toga postigao, bez i\u010dije pomo\u0107i. Pobjeda je i kad, bez stida i srama, sa ponosom u o\u010dima, stane\u0161 pred onoga koji te tome nau\u010dio, i u ime Gospodara, ka\u017ee\u0161 mu \u2013 Hvala!<\/p>\n<p>Muamer Zukorli\u0107, jedno ime, jedna li\u010dnost, mnogo rije\u010di i mnogo djela. \u010covjek koji na svom putu gazi trnje postavljeno od strane onih koji ne umiju cijeniti prave vrijednosti, od strane onih koji ne znaju \u0161ta zna\u010di sa\u010duvati bo\u0161nja\u010dku tradiciju, kulturu, i uop\u0107e identitet.<\/p>\n<p>Evo, jo\u0161 malo vremena je ostalo do izbora. Ali \u0161ta i kada pro\u0111e sve, gdje \u0107e biti oni koji su pla\u0107ali glasove, gdje \u0107e biti oni koji su obe\u0107avali, koji su uzimali, a nisu davali? Poznajete li ih? Vidite li u njihovim o\u010dima la\u017e dok vam oblikuju pri\u010du kako bi vas poslali na predizborno spavanje? Bojite li se Allaha \u0161to idete putem sa kog je nepravda odavno satjerana, sa kog je ponos odavno izblijedio?<\/p>\n<p>Ja vas ne prepoznajem! Ovo nije moje vrijeme, ovo nije mjesto za mene.<\/p>\n<p>Svoje vrijeme poklanjam onima koji ga zaslu\u017euju, onima koji znaju da se vrijednost \u010dovjeka ne mjeri graciozno\u0161\u0107u, niti nastupom, ve\u0107 dostojanstvom koje pored svega toga iznese. Moja rije\u010d nije opomena, moja rije\u010d nije pritisak, niti je vjetar da se rasturi i i\u0161\u010dezne. Moja rije\u010d je savjet za one koji dolaze, da odaberu pravi na\u010din uz pomo\u0107 kojeg \u0107e do\u0107i do odre\u0111enog cilja.<\/p>\n<p>Govore\u0107i uop\u0107e o omladini, osvrnu\u0107u se prije svega na na\u0161u omladinu iz Priboja. Znamo kakve ciljeve je postavio na\u0161 lider, Muamer Zukorli\u0107, znamo \u0161ta je podrazumjevao pod sredstvima koja smijemo upotrebiti da bi do\u0161li do tog cilja; znamo i ko su oni koji su sve to izabrali \u2013 to su ljudi, to su na\u0161i o\u010devi, na\u0161e majke, na\u0161a bra\u0107a, i na\u0161e sestre. A znate za\u0161to sam najvi\u0161e ponosna? Jer mogu i\u0107i slobodno ulicom a da se ne pla\u0161im da \u0107e mi neko uprljati obraz, da \u0107e mi neko pogaziti dostojanstvo, da \u0107e me nasamariti ili uvesti u krug spletki i la\u017ei. I opet za\u0161to? Jer sam u\u010dila od najboljeg. Znam da \u0107e omladina iz Priboja prepoznati pravi kvalitet, da ono \u0161to na\u0161 lider posti\u017ee svojim radom i trudom predstavlja temelj na kom se bazira rad budu\u0107ih generacija. I zrno je malo, ali kakvi su mu plodovi?\u00a0 Na\u0161a stranka je mlada, ali ne ostaje li svijet upravo na mladima, ne temelji li se sve na te\u0161kom po\u010detku i na muci \u010diji su plodovi slatki? O tome je na\u0161 lider uvijek govorio, i ova omladina Priboja je svjesna da je odabrala put na kom \u0107e tog istog lidera pratiti i biti mu svestrana podr\u0161ka.<\/p>\n<p>Reko\u0161e \u201eMa kakav bosanski jezik, kakvi Bo\u0161njaci, kakva kultura, kakva tradicija?\u201c Mi dokazujemo kakva. Samo mi mo\u017eemo pokazati da zaista vrijedimo onoliko koliko postignemo. Na\u0161a omladina zna da svaki pravi put kao isku\u0161enja do cilja nudi velika raskr\u0161\u0107a. Na tim mjestima se prepoznaju najja\u010di. Pa nije li nas upravo na\u0161 lider nau\u010dio da nam je snaga najpotrebnija? Nije li nam svojim govorima pokazao da re\u010ditost, obrazovanje, dostojanstvo i tradicija zatvaraju sva du\u0161manska vrata, a otvaraju ona na koja pokucamo. Upravo takva vrata se najte\u017ee otvaraju, ali ono \u0161to je iza njih pripada pobjednicima.<\/p>\n<p>Ponekad, zagledana kroz prozor svoje sobe, oblacima ispisujem tajne du\u0161e. Razum umije da pomuti ideje. No, ni\u0161ta nije bez razloga, bez razmi\u0161ljanja, nema prave odluke. Kada odlu\u010dite da stanete na neki put, taj put postaje samo va\u0161. Svaka odluka koju donesete na tom putu, je va\u0161 izbor, samo va\u0161. Zbog toga je omladina u Priboju prihvatila da ima samo svoj izbor. I ona \u0107e ustrajati. Na\u0161a omladina ne\u0107e dozvoliti no\u017eeve u le\u0111a, ali na\u0161a omladina ne\u0107e nikome ni zabijati no\u017e u le\u0111a. Ova \u0107e omladina jednoga dana svojoj djeci i unu\u010di\u0107ima govoriti o pravim vrijednostima, pokazati na kakav su svijet do\u0161li i kakav svijet treba sebi za \u017eivot da stvore. Ovu \u0107emo omladinu gledati iza zastora koje \u0107e spu\u0161tati iz zavisti. A ona \u0107e opet imati \u0161ta da predstavi. Ne\u0107emo od ove omladine o\u010dekivati razo\u010darenja, kazne, niti la\u017ene radnje, nedozvoljene i prljave, zbog toga \u0161to ova omladina zna da se osloni na islam, na islamske propise, na svoju vjeru i kulturu. Znate za\u0161to \u201eone druge\u201c tla\u010de i o njima ru\u017eno govore? Jer oni ne znaju ko su, jer ne znaju kojim putem da krenu, ne znaju kome da se obrate za savjet. Mene su u\u010dili da je rije\u010d najbolji savjet i najte\u017ei amanet. A moj savjet i moj amanet ostaloj omladini staje u dvije rije\u010di \u2013 Muamer Zukorli\u0107.<\/p>\n<p>Rije\u010d za rje\u010dju, red za redom, re\u010denica za re\u010denicom. U nedogled. Ka\u017eu da najljep\u0161a misao stane u najmanje rije\u010di. Ja se sa tim ne bih slo\u017eila. Onaj koji mnogo misli, mnogo i \u010dini. U svemu tome najva\u017enije je ispravno misliti. Ne zbog nas, ve\u0107 zbog onih koji dolaze poslije nas. Jer, zapamtite, odraz u ogledalu \u0107e re\u0107i sve ono \u0161ti vi pre\u0161utite.\u00a0\u00a0<\/p>\n<p>Autor: Larisa Karaosmanovi\u0107<\/p>\n","protected":false},"excerpt":{"rendered":"<p>Larisa Karaosmanovi\u0107<\/p>\n","protected":false},"author":83,"featured_media":159904,"comment_status":"open","ping_status":"open","sticky":false,"template":"","format":"standard","meta":{"footnotes":""},"categories":[10196,16],"tags":[],"class_list":{"0":"post-159903","1":"post","2":"type-post","3":"status-publish","4":"format-standard","5":"has-post-thumbnail","7":"category-iz-pera-nasih-autora","8":"category-novine"},"yoast_head":"<!-- This site is optimized with the Yoast SEO Premium plugin v23.1 (Yoast SEO v24.9) - https:\/\/yoast.com\/wordpress\/plugins\/seo\/ -->\n<title>Rije\u010d kao savjet<\/title>\n<meta name=\"robots\" content=\"index, follow, max-snippet:-1, max-image-preview:large, max-video-preview:-1\" \/>\n<link rel=\"canonical\" href=\"https:\/\/sandzakpress.net\/arhiva\/rijec-kao-savjet\/\" \/>\n<meta property=\"og:locale\" content=\"bs_BA\" \/>\n<meta property=\"og:type\" content=\"article\" \/>\n<meta property=\"og:title\" content=\"Rije\u010d kao savjet\" \/>\n<meta property=\"og:description\" content=\"Larisa Karaosmanovi\u0107\" \/>\n<meta property=\"og:url\" content=\"https:\/\/sandzakpress.net\/arhiva\/rijec-kao-savjet\/\" \/>\n<meta property=\"og:site_name\" content=\"Sand\u017eak PRESS\" \/>\n<meta property=\"article:published_time\" content=\"2016-05-11T09:45:48+00:00\" \/>\n<meta property=\"og:image\" content=\"https:\/\/sandzakpress.net\/arhiva\/wp-content\/uploads\/2016\/05\/shutterstock_184359812-1_cr.jpg\" \/>\n\t<meta property=\"og:image:width\" content=\"784\" \/>\n\t<meta property=\"og:image:height\" content=\"523\" \/>\n\t<meta property=\"og:image:type\" content=\"image\/jpeg\" \/>\n<meta name=\"author\" content=\"bosniak\" \/>\n<meta name=\"twitter:card\" content=\"summary_large_image\" \/>\n<meta name=\"twitter:label1\" content=\"Written by\" \/>\n\t<meta name=\"twitter:data1\" content=\"bosniak\" \/>\n\t<meta name=\"twitter:label2\" content=\"Est. reading time\" \/>\n\t<meta name=\"twitter:data2\" content=\"5 minuta\" \/>\n<script type=\"application\/ld+json\" class=\"yoast-schema-graph\">{\"@context\":\"https:\/\/schema.org\",\"@graph\":[{\"@type\":\"Article\",\"@id\":\"https:\/\/sandzakpress.net\/arhiva\/rijec-kao-savjet\/#article\",\"isPartOf\":{\"@id\":\"https:\/\/sandzakpress.net\/arhiva\/rijec-kao-savjet\/\"},\"author\":{\"name\":\"bosniak\",\"@id\":\"https:\/\/sandzakpress.net\/arhiva\/#\/schema\/person\/c8baee722073534b583ea7bdb2e36c02\"},\"headline\":\"Rije\u010d kao savjet\",\"datePublished\":\"2016-05-11T09:45:48+00:00\",\"mainEntityOfPage\":{\"@id\":\"https:\/\/sandzakpress.net\/arhiva\/rijec-kao-savjet\/\"},\"wordCount\":966,\"commentCount\":2,\"publisher\":{\"@id\":\"https:\/\/sandzakpress.net\/arhiva\/#\/schema\/person\/6e72b67d6e51910a1117b3b483ba20bd\"},\"image\":{\"@id\":\"https:\/\/sandzakpress.net\/arhiva\/rijec-kao-savjet\/#primaryimage\"},\"thumbnailUrl\":\"https:\/\/sandzakpress.net\/arhiva\/wp-content\/uploads\/2016\/05\/shutterstock_184359812-1_cr.jpg\",\"articleSection\":[\"Iz pera na\u0161ih autora\",\"Novine\"],\"inLanguage\":\"bs-BA\",\"potentialAction\":[{\"@type\":\"CommentAction\",\"name\":\"Comment\",\"target\":[\"https:\/\/sandzakpress.net\/arhiva\/rijec-kao-savjet\/#respond\"]}]},{\"@type\":\"WebPage\",\"@id\":\"https:\/\/sandzakpress.net\/arhiva\/rijec-kao-savjet\/\",\"url\":\"https:\/\/sandzakpress.net\/arhiva\/rijec-kao-savjet\/\",\"name\":\"Rije\u010d kao savjet\",\"isPartOf\":{\"@id\":\"https:\/\/sandzakpress.net\/arhiva\/#website\"},\"primaryImageOfPage\":{\"@id\":\"https:\/\/sandzakpress.net\/arhiva\/rijec-kao-savjet\/#primaryimage\"},\"image\":{\"@id\":\"https:\/\/sandzakpress.net\/arhiva\/rijec-kao-savjet\/#primaryimage\"},\"thumbnailUrl\":\"https:\/\/sandzakpress.net\/arhiva\/wp-content\/uploads\/2016\/05\/shutterstock_184359812-1_cr.jpg\",\"datePublished\":\"2016-05-11T09:45:48+00:00\",\"breadcrumb\":{\"@id\":\"https:\/\/sandzakpress.net\/arhiva\/rijec-kao-savjet\/#breadcrumb\"},\"inLanguage\":\"bs-BA\",\"potentialAction\":[{\"@type\":\"ReadAction\",\"target\":[\"https:\/\/sandzakpress.net\/arhiva\/rijec-kao-savjet\/\"]}]},{\"@type\":\"ImageObject\",\"inLanguage\":\"bs-BA\",\"@id\":\"https:\/\/sandzakpress.net\/arhiva\/rijec-kao-savjet\/#primaryimage\",\"url\":\"https:\/\/sandzakpress.net\/arhiva\/wp-content\/uploads\/2016\/05\/shutterstock_184359812-1_cr.jpg\",\"contentUrl\":\"https:\/\/sandzakpress.net\/arhiva\/wp-content\/uploads\/2016\/05\/shutterstock_184359812-1_cr.jpg\",\"width\":784,\"height\":523},{\"@type\":\"BreadcrumbList\",\"@id\":\"https:\/\/sandzakpress.net\/arhiva\/rijec-kao-savjet\/#breadcrumb\",\"itemListElement\":[{\"@type\":\"ListItem\",\"position\":1,\"name\":\"Home\",\"item\":\"https:\/\/sandzakpress.net\/arhiva\/\"},{\"@type\":\"ListItem\",\"position\":2,\"name\":\"Rije\u010d kao savjet\"}]},{\"@type\":\"WebSite\",\"@id\":\"https:\/\/sandzakpress.net\/arhiva\/#website\",\"url\":\"https:\/\/sandzakpress.net\/arhiva\/\",\"name\":\"Sand\u017eak PRESS\",\"description\":\"Prve elektronske novine u Sand\u017eaku\",\"publisher\":{\"@id\":\"https:\/\/sandzakpress.net\/arhiva\/#\/schema\/person\/6e72b67d6e51910a1117b3b483ba20bd\"},\"potentialAction\":[{\"@type\":\"SearchAction\",\"target\":{\"@type\":\"EntryPoint\",\"urlTemplate\":\"https:\/\/sandzakpress.net\/arhiva\/?s={search_term_string}\"},\"query-input\":{\"@type\":\"PropertyValueSpecification\",\"valueRequired\":true,\"valueName\":\"search_term_string\"}}],\"inLanguage\":\"bs-BA\"},{\"@type\":[\"Person\",\"Organization\"],\"@id\":\"https:\/\/sandzakpress.net\/arhiva\/#\/schema\/person\/6e72b67d6e51910a1117b3b483ba20bd\",\"name\":\"Kul\",\"image\":{\"@type\":\"ImageObject\",\"inLanguage\":\"bs-BA\",\"@id\":\"https:\/\/sandzakpress.net\/arhiva\/#\/schema\/person\/image\/\",\"url\":\"https:\/\/secure.gravatar.com\/avatar\/42263f39aa27ac04c43cab85c280eb2e?s=96&d=mm&r=pg\",\"contentUrl\":\"https:\/\/secure.gravatar.com\/avatar\/42263f39aa27ac04c43cab85c280eb2e?s=96&d=mm&r=pg\",\"caption\":\"Kul\"},\"logo\":{\"@id\":\"https:\/\/sandzakpress.net\/arhiva\/#\/schema\/person\/image\/\"}},{\"@type\":\"Person\",\"@id\":\"https:\/\/sandzakpress.net\/arhiva\/#\/schema\/person\/c8baee722073534b583ea7bdb2e36c02\",\"name\":\"bosniak\",\"image\":{\"@type\":\"ImageObject\",\"inLanguage\":\"bs-BA\",\"@id\":\"https:\/\/sandzakpress.net\/arhiva\/#\/schema\/person\/image\/\",\"url\":\"https:\/\/secure.gravatar.com\/avatar\/a04fd330bfe3a36a72a0ad4a6d89fca7?s=96&d=mm&r=pg\",\"contentUrl\":\"https:\/\/secure.gravatar.com\/avatar\/a04fd330bfe3a36a72a0ad4a6d89fca7?s=96&d=mm&r=pg\",\"caption\":\"bosniak\"},\"url\":\"https:\/\/sandzakpress.net\/arhiva\/author\/bosniak\/\"}]}<\/script>\n<!-- \/ Yoast SEO Premium plugin. -->","yoast_head_json":{"title":"Rije\u010d kao savjet","robots":{"index":"index","follow":"follow","max-snippet":"max-snippet:-1","max-image-preview":"max-image-preview:large","max-video-preview":"max-video-preview:-1"},"canonical":"https:\/\/sandzakpress.net\/arhiva\/rijec-kao-savjet\/","og_locale":"bs_BA","og_type":"article","og_title":"Rije\u010d kao savjet","og_description":"Larisa Karaosmanovi\u0107","og_url":"https:\/\/sandzakpress.net\/arhiva\/rijec-kao-savjet\/","og_site_name":"Sand\u017eak PRESS","article_published_time":"2016-05-11T09:45:48+00:00","og_image":[{"width":784,"height":523,"url":"https:\/\/sandzakpress.net\/arhiva\/wp-content\/uploads\/2016\/05\/shutterstock_184359812-1_cr.jpg","type":"image\/jpeg"}],"author":"bosniak","twitter_card":"summary_large_image","twitter_misc":{"Written by":"bosniak","Est. reading time":"5 minuta"},"schema":{"@context":"https:\/\/schema.org","@graph":[{"@type":"Article","@id":"https:\/\/sandzakpress.net\/arhiva\/rijec-kao-savjet\/#article","isPartOf":{"@id":"https:\/\/sandzakpress.net\/arhiva\/rijec-kao-savjet\/"},"author":{"name":"bosniak","@id":"https:\/\/sandzakpress.net\/arhiva\/#\/schema\/person\/c8baee722073534b583ea7bdb2e36c02"},"headline":"Rije\u010d kao savjet","datePublished":"2016-05-11T09:45:48+00:00","mainEntityOfPage":{"@id":"https:\/\/sandzakpress.net\/arhiva\/rijec-kao-savjet\/"},"wordCount":966,"commentCount":2,"publisher":{"@id":"https:\/\/sandzakpress.net\/arhiva\/#\/schema\/person\/6e72b67d6e51910a1117b3b483ba20bd"},"image":{"@id":"https:\/\/sandzakpress.net\/arhiva\/rijec-kao-savjet\/#primaryimage"},"thumbnailUrl":"https:\/\/sandzakpress.net\/arhiva\/wp-content\/uploads\/2016\/05\/shutterstock_184359812-1_cr.jpg","articleSection":["Iz pera na\u0161ih autora","Novine"],"inLanguage":"bs-BA","potentialAction":[{"@type":"CommentAction","name":"Comment","target":["https:\/\/sandzakpress.net\/arhiva\/rijec-kao-savjet\/#respond"]}]},{"@type":"WebPage","@id":"https:\/\/sandzakpress.net\/arhiva\/rijec-kao-savjet\/","url":"https:\/\/sandzakpress.net\/arhiva\/rijec-kao-savjet\/","name":"Rije\u010d kao savjet","isPartOf":{"@id":"https:\/\/sandzakpress.net\/arhiva\/#website"},"primaryImageOfPage":{"@id":"https:\/\/sandzakpress.net\/arhiva\/rijec-kao-savjet\/#primaryimage"},"image":{"@id":"https:\/\/sandzakpress.net\/arhiva\/rijec-kao-savjet\/#primaryimage"},"thumbnailUrl":"https:\/\/sandzakpress.net\/arhiva\/wp-content\/uploads\/2016\/05\/shutterstock_184359812-1_cr.jpg","datePublished":"2016-05-11T09:45:48+00:00","breadcrumb":{"@id":"https:\/\/sandzakpress.net\/arhiva\/rijec-kao-savjet\/#breadcrumb"},"inLanguage":"bs-BA","potentialAction":[{"@type":"ReadAction","target":["https:\/\/sandzakpress.net\/arhiva\/rijec-kao-savjet\/"]}]},{"@type":"ImageObject","inLanguage":"bs-BA","@id":"https:\/\/sandzakpress.net\/arhiva\/rijec-kao-savjet\/#primaryimage","url":"https:\/\/sandzakpress.net\/arhiva\/wp-content\/uploads\/2016\/05\/shutterstock_184359812-1_cr.jpg","contentUrl":"https:\/\/sandzakpress.net\/arhiva\/wp-content\/uploads\/2016\/05\/shutterstock_184359812-1_cr.jpg","width":784,"height":523},{"@type":"BreadcrumbList","@id":"https:\/\/sandzakpress.net\/arhiva\/rijec-kao-savjet\/#breadcrumb","itemListElement":[{"@type":"ListItem","position":1,"name":"Home","item":"https:\/\/sandzakpress.net\/arhiva\/"},{"@type":"ListItem","position":2,"name":"Rije\u010d kao savjet"}]},{"@type":"WebSite","@id":"https:\/\/sandzakpress.net\/arhiva\/#website","url":"https:\/\/sandzakpress.net\/arhiva\/","name":"Sand\u017eak PRESS","description":"Prve elektronske novine u Sand\u017eaku","publisher":{"@id":"https:\/\/sandzakpress.net\/arhiva\/#\/schema\/person\/6e72b67d6e51910a1117b3b483ba20bd"},"potentialAction":[{"@type":"SearchAction","target":{"@type":"EntryPoint","urlTemplate":"https:\/\/sandzakpress.net\/arhiva\/?s={search_term_string}"},"query-input":{"@type":"PropertyValueSpecification","valueRequired":true,"valueName":"search_term_string"}}],"inLanguage":"bs-BA"},{"@type":["Person","Organization"],"@id":"https:\/\/sandzakpress.net\/arhiva\/#\/schema\/person\/6e72b67d6e51910a1117b3b483ba20bd","name":"Kul","image":{"@type":"ImageObject","inLanguage":"bs-BA","@id":"https:\/\/sandzakpress.net\/arhiva\/#\/schema\/person\/image\/","url":"https:\/\/secure.gravatar.com\/avatar\/42263f39aa27ac04c43cab85c280eb2e?s=96&d=mm&r=pg","contentUrl":"https:\/\/secure.gravatar.com\/avatar\/42263f39aa27ac04c43cab85c280eb2e?s=96&d=mm&r=pg","caption":"Kul"},"logo":{"@id":"https:\/\/sandzakpress.net\/arhiva\/#\/schema\/person\/image\/"}},{"@type":"Person","@id":"https:\/\/sandzakpress.net\/arhiva\/#\/schema\/person\/c8baee722073534b583ea7bdb2e36c02","name":"bosniak","image":{"@type":"ImageObject","inLanguage":"bs-BA","@id":"https:\/\/sandzakpress.net\/arhiva\/#\/schema\/person\/image\/","url":"https:\/\/secure.gravatar.com\/avatar\/a04fd330bfe3a36a72a0ad4a6d89fca7?s=96&d=mm&r=pg","contentUrl":"https:\/\/secure.gravatar.com\/avatar\/a04fd330bfe3a36a72a0ad4a6d89fca7?s=96&d=mm&r=pg","caption":"bosniak"},"url":"https:\/\/sandzakpress.net\/arhiva\/author\/bosniak\/"}]}},"_links":{"self":[{"href":"https:\/\/sandzakpress.net\/arhiva\/wp-json\/wp\/v2\/posts\/159903"}],"collection":[{"href":"https:\/\/sandzakpress.net\/arhiva\/wp-json\/wp\/v2\/posts"}],"about":[{"href":"https:\/\/sandzakpress.net\/arhiva\/wp-json\/wp\/v2\/types\/post"}],"author":[{"embeddable":true,"href":"https:\/\/sandzakpress.net\/arhiva\/wp-json\/wp\/v2\/users\/83"}],"replies":[{"embeddable":true,"href":"https:\/\/sandzakpress.net\/arhiva\/wp-json\/wp\/v2\/comments?post=159903"}],"version-history":[{"count":0,"href":"https:\/\/sandzakpress.net\/arhiva\/wp-json\/wp\/v2\/posts\/159903\/revisions"}],"wp:featuredmedia":[{"embeddable":true,"href":"https:\/\/sandzakpress.net\/arhiva\/wp-json\/wp\/v2\/media\/159904"}],"wp:attachment":[{"href":"https:\/\/sandzakpress.net\/arhiva\/wp-json\/wp\/v2\/media?parent=159903"}],"wp:term":[{"taxonomy":"category","embeddable":true,"href":"https:\/\/sandzakpress.net\/arhiva\/wp-json\/wp\/v2\/categories?post=159903"},{"taxonomy":"post_tag","embeddable":true,"href":"https:\/\/sandzakpress.net\/arhiva\/wp-json\/wp\/v2\/tags?post=159903"}],"curies":[{"name":"wp","href":"https:\/\/api.w.org\/{rel}","templated":true}]}}