{"id":159773,"date":"2016-05-07T19:22:58","date_gmt":"2016-05-07T17:22:58","guid":{"rendered":"https:\/\/sandzakpress.net\/arhiva\/?p=159773"},"modified":"2016-05-07T19:22:58","modified_gmt":"2016-05-07T17:22:58","slug":"ljajic-smijenjuje-mahmutovica-novi-gradonacelnik-nihad-bisevac","status":"publish","type":"post","link":"https:\/\/sandzakpress.net\/arhiva\/ljajic-smijenjuje-mahmutovica-novi-gradonacelnik-nihad-bisevac\/","title":{"rendered":"Ljaji\u0107 smijenjuje Mahmutovi\u0107a!? Novi gradona\u010delnik Nihad Bi\u0161evac?"},"content":{"rendered":"<p><img decoding=\"async\" src=\"http:\/\/glassandzaka.com\/wp-content\/uploads\/2016\/05\/Nihat-Bisevac-500x375.jpg\" alt=\"Nihat Bisevac\" \/><\/p>\n<p><strong>Novi Pazar &#8211; Nihat Bi\u0161evac bi\u0107e najverovatnije novi gradona\u010delnik Novog Pazara re\u010deno je portalu Glas Sand\u017eaka u Sand\u017ea\u010dkoj demokrtaskoj partiji i Sand\u017ea\u010dkoj narodnoj partiji.<\/strong><\/p>\n<p>Prema istim izvorima predsednik Skup\u0161tine Novog Pazara \u00a0bi\u0107e lider SNP-a Mirsad \u0110erlek. Osim funkcije predsednika Skup\u0161tine,\u0110erlek \u0107e \u00a0i dalje \u00a0biti \u00a0direktor Op\u0161te bolnice \u00a0u Novom Pazaru.<\/p>\n<p>Podsetimo,\u00a0Osim Ljaji\u0107eve i \u0110erlekove stranke deo vlasti u Novom Pazaru bi\u0107e i Srpska napredna stranka (SNS), koja je osvojila pet odborni\u010dkih mandata na lokalnim izborima.<\/p>\n<p>Sand\u017ea\u010dka demokrtska partija je na\u00a0\u00a0lokalnim izborima u ovom gradu osvojila je 18 odborni\u010dkih mandata, a Sand\u017ea\u010dka narodna partija\u00a0\u00a0tri, \u0161to zna\u010di da \u0107e sa pet \u00a0SNS- ovih imati stabilnu ve\u0107inu od 26 odbornika.<\/p>\n<p>U opoziciji u ovom gradu bi\u0107e i dalje Stranka demokratske akcije (SDA) Sand\u017eaka sa 11 i Bo\u0161nja\u010dka demokratska zajednica Sand\u017eaka (BDZS) sa 10 odbornika.<\/p>\n<p>(glassandzaka.com)<\/p>\n","protected":false},"excerpt":{"rendered":"<p>Novi Pazar &#8211; Nihat Bi\u0161evac bi\u0107e najverovatnije novi gradona\u010delnik Novog Pazara re\u010deno je portalu Glas Sand\u017eaka u Sand\u017ea\u010dkoj demokrtaskoj partiji i Sand\u017ea\u010dkoj narodnoj partiji. Prema istim izvorima predsednik Skup\u0161tine Novog Pazara \u00a0bi\u0107e lider SNP-a Mirsad \u0110erlek. Osim funkcije predsednika Skup\u0161tine,\u0110erlek \u0107e \u00a0i dalje \u00a0biti \u00a0direktor Op\u0161te bolnice \u00a0u Novom Pazaru. Podsetimo,\u00a0Osim Ljaji\u0107eve i \u0110erlekove stranke [&hellip;]<\/p>\n","protected":false},"author":509,"featured_media":159774,"comment_status":"open","ping_status":"open","sticky":false,"template":"","format":"standard","meta":{"footnotes":""},"categories":[72,1,8957,798],"tags":[],"class_list":{"0":"post-159773","1":"post","2":"type-post","3":"status-publish","4":"format-standard","5":"has-post-thumbnail","7":"category-novi-pazar","8":"category-politika","9":"category-vijesti-dana","10":"category-teme"},"yoast_head":"<!-- This site is optimized with the Yoast SEO Premium plugin v23.1 (Yoast SEO v24.9) - https:\/\/yoast.com\/wordpress\/plugins\/seo\/ -->\n<title>Ljaji\u0107 smijenjuje Mahmutovi\u0107a!? Novi gradona\u010delnik Nihad Bi\u0161evac?<\/title>\n<meta name=\"robots\" content=\"index, follow, max-snippet:-1, max-image-preview:large, max-video-preview:-1\" \/>\n<link rel=\"canonical\" href=\"https:\/\/sandzakpress.net\/arhiva\/ljajic-smijenjuje-mahmutovica-novi-gradonacelnik-nihad-bisevac\/\" \/>\n<meta property=\"og:locale\" content=\"bs_BA\" \/>\n<meta property=\"og:type\" content=\"article\" \/>\n<meta property=\"og:title\" content=\"Ljaji\u0107 smijenjuje Mahmutovi\u0107a!? Novi gradona\u010delnik Nihad Bi\u0161evac?\" \/>\n<meta property=\"og:description\" content=\"Novi Pazar &#8211; Nihat Bi\u0161evac bi\u0107e najverovatnije novi gradona\u010delnik Novog Pazara re\u010deno je portalu Glas Sand\u017eaka u Sand\u017ea\u010dkoj demokrtaskoj partiji i Sand\u017ea\u010dkoj narodnoj partiji. Prema istim izvorima predsednik Skup\u0161tine Novog Pazara \u00a0bi\u0107e lider SNP-a Mirsad \u0110erlek. Osim funkcije predsednika Skup\u0161tine,\u0110erlek \u0107e \u00a0i dalje \u00a0biti \u00a0direktor Op\u0161te bolnice \u00a0u Novom Pazaru. Podsetimo,\u00a0Osim Ljaji\u0107eve i \u0110erlekove stranke [&hellip;]\" \/>\n<meta property=\"og:url\" content=\"https:\/\/sandzakpress.net\/arhiva\/ljajic-smijenjuje-mahmutovica-novi-gradonacelnik-nihad-bisevac\/\" \/>\n<meta property=\"og:site_name\" content=\"Sand\u017eak PRESS\" \/>\n<meta property=\"article:published_time\" content=\"2016-05-07T17:22:58+00:00\" \/>\n<meta property=\"og:image\" content=\"https:\/\/sandzakpress.net\/arhiva\/wp-content\/uploads\/2016\/05\/Nihat-Bisevac-500x375.jpg\" \/>\n\t<meta property=\"og:image:width\" content=\"500\" \/>\n\t<meta property=\"og:image:height\" content=\"375\" \/>\n\t<meta property=\"og:image:type\" content=\"image\/jpeg\" \/>\n<meta name=\"author\" content=\"Agencija\" \/>\n<meta name=\"twitter:card\" content=\"summary_large_image\" \/>\n<meta name=\"twitter:label1\" content=\"Written by\" \/>\n\t<meta name=\"twitter:data1\" content=\"Agencija\" \/>\n\t<meta name=\"twitter:label2\" content=\"Est. reading time\" \/>\n\t<meta name=\"twitter:data2\" content=\"1 minuta\" \/>\n<script type=\"application\/ld+json\" class=\"yoast-schema-graph\">{\"@context\":\"https:\/\/schema.org\",\"@graph\":[{\"@type\":\"Article\",\"@id\":\"https:\/\/sandzakpress.net\/arhiva\/ljajic-smijenjuje-mahmutovica-novi-gradonacelnik-nihad-bisevac\/#article\",\"isPartOf\":{\"@id\":\"https:\/\/sandzakpress.net\/arhiva\/ljajic-smijenjuje-mahmutovica-novi-gradonacelnik-nihad-bisevac\/\"},\"author\":{\"name\":\"Agencija\",\"@id\":\"https:\/\/sandzakpress.net\/arhiva\/#\/schema\/person\/cb59d7e3ab91ab90dd680ad0305a6185\"},\"headline\":\"Ljaji\u0107 smijenjuje Mahmutovi\u0107a!? Novi gradona\u010delnik Nihad Bi\u0161evac?\",\"datePublished\":\"2016-05-07T17:22:58+00:00\",\"mainEntityOfPage\":{\"@id\":\"https:\/\/sandzakpress.net\/arhiva\/ljajic-smijenjuje-mahmutovica-novi-gradonacelnik-nihad-bisevac\/\"},\"wordCount\":171,\"commentCount\":26,\"publisher\":{\"@id\":\"https:\/\/sandzakpress.net\/arhiva\/#\/schema\/person\/6e72b67d6e51910a1117b3b483ba20bd\"},\"image\":{\"@id\":\"https:\/\/sandzakpress.net\/arhiva\/ljajic-smijenjuje-mahmutovica-novi-gradonacelnik-nihad-bisevac\/#primaryimage\"},\"thumbnailUrl\":\"https:\/\/sandzakpress.net\/arhiva\/wp-content\/uploads\/2016\/05\/Nihat-Bisevac-500x375.jpg\",\"articleSection\":[\"Novi Pazar\",\"Politika\",\"VIJESTI DANA\",\"NAJNOVIJE\"],\"inLanguage\":\"bs-BA\",\"potentialAction\":[{\"@type\":\"CommentAction\",\"name\":\"Comment\",\"target\":[\"https:\/\/sandzakpress.net\/arhiva\/ljajic-smijenjuje-mahmutovica-novi-gradonacelnik-nihad-bisevac\/#respond\"]}]},{\"@type\":\"WebPage\",\"@id\":\"https:\/\/sandzakpress.net\/arhiva\/ljajic-smijenjuje-mahmutovica-novi-gradonacelnik-nihad-bisevac\/\",\"url\":\"https:\/\/sandzakpress.net\/arhiva\/ljajic-smijenjuje-mahmutovica-novi-gradonacelnik-nihad-bisevac\/\",\"name\":\"Ljaji\u0107 smijenjuje Mahmutovi\u0107a!? Novi gradona\u010delnik Nihad Bi\u0161evac?\",\"isPartOf\":{\"@id\":\"https:\/\/sandzakpress.net\/arhiva\/#website\"},\"primaryImageOfPage\":{\"@id\":\"https:\/\/sandzakpress.net\/arhiva\/ljajic-smijenjuje-mahmutovica-novi-gradonacelnik-nihad-bisevac\/#primaryimage\"},\"image\":{\"@id\":\"https:\/\/sandzakpress.net\/arhiva\/ljajic-smijenjuje-mahmutovica-novi-gradonacelnik-nihad-bisevac\/#primaryimage\"},\"thumbnailUrl\":\"https:\/\/sandzakpress.net\/arhiva\/wp-content\/uploads\/2016\/05\/Nihat-Bisevac-500x375.jpg\",\"datePublished\":\"2016-05-07T17:22:58+00:00\",\"breadcrumb\":{\"@id\":\"https:\/\/sandzakpress.net\/arhiva\/ljajic-smijenjuje-mahmutovica-novi-gradonacelnik-nihad-bisevac\/#breadcrumb\"},\"inLanguage\":\"bs-BA\",\"potentialAction\":[{\"@type\":\"ReadAction\",\"target\":[\"https:\/\/sandzakpress.net\/arhiva\/ljajic-smijenjuje-mahmutovica-novi-gradonacelnik-nihad-bisevac\/\"]}]},{\"@type\":\"ImageObject\",\"inLanguage\":\"bs-BA\",\"@id\":\"https:\/\/sandzakpress.net\/arhiva\/ljajic-smijenjuje-mahmutovica-novi-gradonacelnik-nihad-bisevac\/#primaryimage\",\"url\":\"https:\/\/sandzakpress.net\/arhiva\/wp-content\/uploads\/2016\/05\/Nihat-Bisevac-500x375.jpg\",\"contentUrl\":\"https:\/\/sandzakpress.net\/arhiva\/wp-content\/uploads\/2016\/05\/Nihat-Bisevac-500x375.jpg\",\"width\":500,\"height\":375},{\"@type\":\"BreadcrumbList\",\"@id\":\"https:\/\/sandzakpress.net\/arhiva\/ljajic-smijenjuje-mahmutovica-novi-gradonacelnik-nihad-bisevac\/#breadcrumb\",\"itemListElement\":[{\"@type\":\"ListItem\",\"position\":1,\"name\":\"Home\",\"item\":\"https:\/\/sandzakpress.net\/arhiva\/\"},{\"@type\":\"ListItem\",\"position\":2,\"name\":\"Ljaji\u0107 smijenjuje Mahmutovi\u0107a!? Novi gradona\u010delnik Nihad Bi\u0161evac?\"}]},{\"@type\":\"WebSite\",\"@id\":\"https:\/\/sandzakpress.net\/arhiva\/#website\",\"url\":\"https:\/\/sandzakpress.net\/arhiva\/\",\"name\":\"Sand\u017eak PRESS\",\"description\":\"Prve elektronske novine u Sand\u017eaku\",\"publisher\":{\"@id\":\"https:\/\/sandzakpress.net\/arhiva\/#\/schema\/person\/6e72b67d6e51910a1117b3b483ba20bd\"},\"potentialAction\":[{\"@type\":\"SearchAction\",\"target\":{\"@type\":\"EntryPoint\",\"urlTemplate\":\"https:\/\/sandzakpress.net\/arhiva\/?s={search_term_string}\"},\"query-input\":{\"@type\":\"PropertyValueSpecification\",\"valueRequired\":true,\"valueName\":\"search_term_string\"}}],\"inLanguage\":\"bs-BA\"},{\"@type\":[\"Person\",\"Organization\"],\"@id\":\"https:\/\/sandzakpress.net\/arhiva\/#\/schema\/person\/6e72b67d6e51910a1117b3b483ba20bd\",\"name\":\"Kul\",\"image\":{\"@type\":\"ImageObject\",\"inLanguage\":\"bs-BA\",\"@id\":\"https:\/\/sandzakpress.net\/arhiva\/#\/schema\/person\/image\/\",\"url\":\"https:\/\/secure.gravatar.com\/avatar\/42263f39aa27ac04c43cab85c280eb2e?s=96&d=mm&r=pg\",\"contentUrl\":\"https:\/\/secure.gravatar.com\/avatar\/42263f39aa27ac04c43cab85c280eb2e?s=96&d=mm&r=pg\",\"caption\":\"Kul\"},\"logo\":{\"@id\":\"https:\/\/sandzakpress.net\/arhiva\/#\/schema\/person\/image\/\"}},{\"@type\":\"Person\",\"@id\":\"https:\/\/sandzakpress.net\/arhiva\/#\/schema\/person\/cb59d7e3ab91ab90dd680ad0305a6185\",\"name\":\"Agencija\",\"image\":{\"@type\":\"ImageObject\",\"inLanguage\":\"bs-BA\",\"@id\":\"https:\/\/sandzakpress.net\/arhiva\/#\/schema\/person\/image\/\",\"url\":\"https:\/\/secure.gravatar.com\/avatar\/4b7fafa80a22f0c2afe23966b3961fe0?s=96&d=mm&r=pg\",\"contentUrl\":\"https:\/\/secure.gravatar.com\/avatar\/4b7fafa80a22f0c2afe23966b3961fe0?s=96&d=mm&r=pg\",\"caption\":\"Agencija\"},\"url\":\"https:\/\/sandzakpress.net\/arhiva\/author\/agencija\/\"}]}<\/script>\n<!-- \/ Yoast SEO Premium plugin. -->","yoast_head_json":{"title":"Ljaji\u0107 smijenjuje Mahmutovi\u0107a!? Novi gradona\u010delnik Nihad Bi\u0161evac?","robots":{"index":"index","follow":"follow","max-snippet":"max-snippet:-1","max-image-preview":"max-image-preview:large","max-video-preview":"max-video-preview:-1"},"canonical":"https:\/\/sandzakpress.net\/arhiva\/ljajic-smijenjuje-mahmutovica-novi-gradonacelnik-nihad-bisevac\/","og_locale":"bs_BA","og_type":"article","og_title":"Ljaji\u0107 smijenjuje Mahmutovi\u0107a!? Novi gradona\u010delnik Nihad Bi\u0161evac?","og_description":"Novi Pazar &#8211; Nihat Bi\u0161evac bi\u0107e najverovatnije novi gradona\u010delnik Novog Pazara re\u010deno je portalu Glas Sand\u017eaka u Sand\u017ea\u010dkoj demokrtaskoj partiji i Sand\u017ea\u010dkoj narodnoj partiji. Prema istim izvorima predsednik Skup\u0161tine Novog Pazara \u00a0bi\u0107e lider SNP-a Mirsad \u0110erlek. Osim funkcije predsednika Skup\u0161tine,\u0110erlek \u0107e \u00a0i dalje \u00a0biti \u00a0direktor Op\u0161te bolnice \u00a0u Novom Pazaru. Podsetimo,\u00a0Osim Ljaji\u0107eve i \u0110erlekove stranke [&hellip;]","og_url":"https:\/\/sandzakpress.net\/arhiva\/ljajic-smijenjuje-mahmutovica-novi-gradonacelnik-nihad-bisevac\/","og_site_name":"Sand\u017eak PRESS","article_published_time":"2016-05-07T17:22:58+00:00","og_image":[{"width":500,"height":375,"url":"https:\/\/sandzakpress.net\/arhiva\/wp-content\/uploads\/2016\/05\/Nihat-Bisevac-500x375.jpg","type":"image\/jpeg"}],"author":"Agencija","twitter_card":"summary_large_image","twitter_misc":{"Written by":"Agencija","Est. reading time":"1 minuta"},"schema":{"@context":"https:\/\/schema.org","@graph":[{"@type":"Article","@id":"https:\/\/sandzakpress.net\/arhiva\/ljajic-smijenjuje-mahmutovica-novi-gradonacelnik-nihad-bisevac\/#article","isPartOf":{"@id":"https:\/\/sandzakpress.net\/arhiva\/ljajic-smijenjuje-mahmutovica-novi-gradonacelnik-nihad-bisevac\/"},"author":{"name":"Agencija","@id":"https:\/\/sandzakpress.net\/arhiva\/#\/schema\/person\/cb59d7e3ab91ab90dd680ad0305a6185"},"headline":"Ljaji\u0107 smijenjuje Mahmutovi\u0107a!? Novi gradona\u010delnik Nihad Bi\u0161evac?","datePublished":"2016-05-07T17:22:58+00:00","mainEntityOfPage":{"@id":"https:\/\/sandzakpress.net\/arhiva\/ljajic-smijenjuje-mahmutovica-novi-gradonacelnik-nihad-bisevac\/"},"wordCount":171,"commentCount":26,"publisher":{"@id":"https:\/\/sandzakpress.net\/arhiva\/#\/schema\/person\/6e72b67d6e51910a1117b3b483ba20bd"},"image":{"@id":"https:\/\/sandzakpress.net\/arhiva\/ljajic-smijenjuje-mahmutovica-novi-gradonacelnik-nihad-bisevac\/#primaryimage"},"thumbnailUrl":"https:\/\/sandzakpress.net\/arhiva\/wp-content\/uploads\/2016\/05\/Nihat-Bisevac-500x375.jpg","articleSection":["Novi Pazar","Politika","VIJESTI DANA","NAJNOVIJE"],"inLanguage":"bs-BA","potentialAction":[{"@type":"CommentAction","name":"Comment","target":["https:\/\/sandzakpress.net\/arhiva\/ljajic-smijenjuje-mahmutovica-novi-gradonacelnik-nihad-bisevac\/#respond"]}]},{"@type":"WebPage","@id":"https:\/\/sandzakpress.net\/arhiva\/ljajic-smijenjuje-mahmutovica-novi-gradonacelnik-nihad-bisevac\/","url":"https:\/\/sandzakpress.net\/arhiva\/ljajic-smijenjuje-mahmutovica-novi-gradonacelnik-nihad-bisevac\/","name":"Ljaji\u0107 smijenjuje Mahmutovi\u0107a!? Novi gradona\u010delnik Nihad Bi\u0161evac?","isPartOf":{"@id":"https:\/\/sandzakpress.net\/arhiva\/#website"},"primaryImageOfPage":{"@id":"https:\/\/sandzakpress.net\/arhiva\/ljajic-smijenjuje-mahmutovica-novi-gradonacelnik-nihad-bisevac\/#primaryimage"},"image":{"@id":"https:\/\/sandzakpress.net\/arhiva\/ljajic-smijenjuje-mahmutovica-novi-gradonacelnik-nihad-bisevac\/#primaryimage"},"thumbnailUrl":"https:\/\/sandzakpress.net\/arhiva\/wp-content\/uploads\/2016\/05\/Nihat-Bisevac-500x375.jpg","datePublished":"2016-05-07T17:22:58+00:00","breadcrumb":{"@id":"https:\/\/sandzakpress.net\/arhiva\/ljajic-smijenjuje-mahmutovica-novi-gradonacelnik-nihad-bisevac\/#breadcrumb"},"inLanguage":"bs-BA","potentialAction":[{"@type":"ReadAction","target":["https:\/\/sandzakpress.net\/arhiva\/ljajic-smijenjuje-mahmutovica-novi-gradonacelnik-nihad-bisevac\/"]}]},{"@type":"ImageObject","inLanguage":"bs-BA","@id":"https:\/\/sandzakpress.net\/arhiva\/ljajic-smijenjuje-mahmutovica-novi-gradonacelnik-nihad-bisevac\/#primaryimage","url":"https:\/\/sandzakpress.net\/arhiva\/wp-content\/uploads\/2016\/05\/Nihat-Bisevac-500x375.jpg","contentUrl":"https:\/\/sandzakpress.net\/arhiva\/wp-content\/uploads\/2016\/05\/Nihat-Bisevac-500x375.jpg","width":500,"height":375},{"@type":"BreadcrumbList","@id":"https:\/\/sandzakpress.net\/arhiva\/ljajic-smijenjuje-mahmutovica-novi-gradonacelnik-nihad-bisevac\/#breadcrumb","itemListElement":[{"@type":"ListItem","position":1,"name":"Home","item":"https:\/\/sandzakpress.net\/arhiva\/"},{"@type":"ListItem","position":2,"name":"Ljaji\u0107 smijenjuje Mahmutovi\u0107a!? Novi gradona\u010delnik Nihad Bi\u0161evac?"}]},{"@type":"WebSite","@id":"https:\/\/sandzakpress.net\/arhiva\/#website","url":"https:\/\/sandzakpress.net\/arhiva\/","name":"Sand\u017eak PRESS","description":"Prve elektronske novine u Sand\u017eaku","publisher":{"@id":"https:\/\/sandzakpress.net\/arhiva\/#\/schema\/person\/6e72b67d6e51910a1117b3b483ba20bd"},"potentialAction":[{"@type":"SearchAction","target":{"@type":"EntryPoint","urlTemplate":"https:\/\/sandzakpress.net\/arhiva\/?s={search_term_string}"},"query-input":{"@type":"PropertyValueSpecification","valueRequired":true,"valueName":"search_term_string"}}],"inLanguage":"bs-BA"},{"@type":["Person","Organization"],"@id":"https:\/\/sandzakpress.net\/arhiva\/#\/schema\/person\/6e72b67d6e51910a1117b3b483ba20bd","name":"Kul","image":{"@type":"ImageObject","inLanguage":"bs-BA","@id":"https:\/\/sandzakpress.net\/arhiva\/#\/schema\/person\/image\/","url":"https:\/\/secure.gravatar.com\/avatar\/42263f39aa27ac04c43cab85c280eb2e?s=96&d=mm&r=pg","contentUrl":"https:\/\/secure.gravatar.com\/avatar\/42263f39aa27ac04c43cab85c280eb2e?s=96&d=mm&r=pg","caption":"Kul"},"logo":{"@id":"https:\/\/sandzakpress.net\/arhiva\/#\/schema\/person\/image\/"}},{"@type":"Person","@id":"https:\/\/sandzakpress.net\/arhiva\/#\/schema\/person\/cb59d7e3ab91ab90dd680ad0305a6185","name":"Agencija","image":{"@type":"ImageObject","inLanguage":"bs-BA","@id":"https:\/\/sandzakpress.net\/arhiva\/#\/schema\/person\/image\/","url":"https:\/\/secure.gravatar.com\/avatar\/4b7fafa80a22f0c2afe23966b3961fe0?s=96&d=mm&r=pg","contentUrl":"https:\/\/secure.gravatar.com\/avatar\/4b7fafa80a22f0c2afe23966b3961fe0?s=96&d=mm&r=pg","caption":"Agencija"},"url":"https:\/\/sandzakpress.net\/arhiva\/author\/agencija\/"}]}},"_links":{"self":[{"href":"https:\/\/sandzakpress.net\/arhiva\/wp-json\/wp\/v2\/posts\/159773"}],"collection":[{"href":"https:\/\/sandzakpress.net\/arhiva\/wp-json\/wp\/v2\/posts"}],"about":[{"href":"https:\/\/sandzakpress.net\/arhiva\/wp-json\/wp\/v2\/types\/post"}],"author":[{"embeddable":true,"href":"https:\/\/sandzakpress.net\/arhiva\/wp-json\/wp\/v2\/users\/509"}],"replies":[{"embeddable":true,"href":"https:\/\/sandzakpress.net\/arhiva\/wp-json\/wp\/v2\/comments?post=159773"}],"version-history":[{"count":0,"href":"https:\/\/sandzakpress.net\/arhiva\/wp-json\/wp\/v2\/posts\/159773\/revisions"}],"wp:featuredmedia":[{"embeddable":true,"href":"https:\/\/sandzakpress.net\/arhiva\/wp-json\/wp\/v2\/media\/159774"}],"wp:attachment":[{"href":"https:\/\/sandzakpress.net\/arhiva\/wp-json\/wp\/v2\/media?parent=159773"}],"wp:term":[{"taxonomy":"category","embeddable":true,"href":"https:\/\/sandzakpress.net\/arhiva\/wp-json\/wp\/v2\/categories?post=159773"},{"taxonomy":"post_tag","embeddable":true,"href":"https:\/\/sandzakpress.net\/arhiva\/wp-json\/wp\/v2\/tags?post=159773"}],"curies":[{"name":"wp","href":"https:\/\/api.w.org\/{rel}","templated":true}]}}