{"id":159738,"date":"2016-05-07T12:32:35","date_gmt":"2016-05-07T10:32:35","guid":{"rendered":"https:\/\/sandzakpress.net\/arhiva\/?p=159738"},"modified":"2016-05-07T12:32:35","modified_gmt":"2016-05-07T10:32:35","slug":"davutoglu-neka-nikad-ne-utihne-glas-sa-dzamije-ferhadije","status":"publish","type":"post","link":"https:\/\/sandzakpress.net\/arhiva\/davutoglu-neka-nikad-ne-utihne-glas-sa-dzamije-ferhadije\/","title":{"rendered":"Davutoglu: Neka nikad ne utihne glas sa d\u017eamije Ferhadije"},"content":{"rendered":"<p><img decoding=\"async\" src=\"http:\/\/www.sandzacke.rs\/wp-content\/uploads\/2016\/05\/davutoglu-ferhadija-640x330.jpg\" alt=\"davutoglu ferhadija\" \/><\/p>\n<p><strong>BiH &#8211; Neka Bog ne dozvoli ponovno pro\u017eivljavanje boli iz devedesetih godina, neka nikada ne utihne glas ezana sa d\u017eamije Ferhadije u Banjaluci, rekao je u subotu uo\u010di polaska u Bosnu i Hercegovinu premijer Turske Ahmet Davutoglu, javlja Anadolu Agency (AA).<\/strong><\/p>\n<p>Davutoglu je govore\u0107i na konferenciji za novinare na aerodromu Esenboga u Ankari, prije polaska u posjetu Bosni i Hercegovini, kazao kako je BiH zemlja koja je svoje nade okrenula prema Turskoj, u smislu unapre\u0111enja postoje\u0107ih dobrih odnosa.<\/p>\n<p>On je kazao kako su stanovnici Bosne i Hercegovine svaki doga\u0111aj koji je zadesio Tursku osjetili u svojim srcima, te rekao:<\/p>\n<p>\u201cKada se ka\u017ee Bosna i Hercegovine, prvo na \u0161to pomislimo jeste velika ljubav koja proizilazi iz na\u0161ih dubokih historijskih veza, a nakon toga i duboka tuga koja se smjestila u na\u0161a srca zbog de\u0161avanja od prije 20 do 25 godina. Tih godina BiH je do\u017eivjela veliku bol te se okrenula prema Turskoj i \u010dekala podr\u0161ku od Turske. Tada sam kao akademski radnik nastojao dati doprinos svojoj bra\u0107i, kao i sa svojim studentima sa kojima smo se trudili formirati bolju budu\u0107nost. Na\u0161e duboko prijateljstvo sa rahmetli Alijom Izetbegovi\u0107em jo\u0161 uvijek kod mene njeguje vrlo sna\u017enu uspomenu\u201d, rekao je Davutoglu.<\/p>\n<p>Davutoglu je tako\u0111er kazao kako tokom ratnih de\u0161avanja i godina genocida nisu ubijani samo ljudi, nego su ru\u0161eni i historijskih spomenici. \u201cOni su na\u0161 historijski pe\u010dat tamo\u201d, rekao je Davutoglu.<\/p>\n<p>\u201cUni\u0161ten je veliki broj spomenika. Nastojanje je bilo takvo da se sravni historija\u201d, istakao je Davutoglu, dodav\u0161i da su pored Ferhadije, tokom rata sru\u0161eni i Alad\u017ea d\u017eamija u Fo\u010di, te Stari most u Mostaru. Prema njegovim rije\u010dima, to su tri najzna\u010dajnija spomenika koja su poru\u0161ena u ratu.<\/p>\n<p>\u201cDanas se otvara dzamija Ferhadija i njeno ponovno podizanje zna\u010di podizanje ostav\u0161tine Sultana Fatiha na Balkanu. Otvorenje ove d\u017eamije zna\u010di mnogo vi\u010de od simboli\u010dnog otvaranja. Molim Boga da ne dozvoli da ponovo do\u0111e do sukoba koji \u0107e uni\u0161titi ovakva sveta mjesta\u201d, rekao je Davutoglu i dodao:<\/p>\n<p>\u201cNo, neka se zna da ako do toga do\u0111e, za razliku od 90-ih, iza Bosne i Hercegovine \u0107e kao planina uvijek stajati dr\u017eava Republika Turska, sa svih njenih 78 miliona stanovnika \u010dija srca kucaju kao jedno.\u201d<\/p>\n<p>Premijer Davutoglu je kazao kako \u0107e u okviru posjete Banja Luci imati i nekoliko bilateralnih sastanaka, te dodao:<\/p>\n<p>\u201cNeka Bog ne dozvoli da se ponovo do\u017eivi takva bol. Neka nikada ne utihne glas ezana sa d\u017eamije Ferhadije u Banja Luci i neka ne dozvoli da ponovo do\u017eivimo tu\u017ene uspomene\u201d.<\/p>\n<p>Premijer Republike Turske Ahmet Davutoglu otputovao je u subotu ujutro u Bosnu i Hercegovinu, kako bi u Banjaluci prisustvovao sve\u010danom otvaranju Ferhat-pa\u0161ine d\u017eamije, javlja Anadolu Agency (AA).<\/p>\n<p>Davutoglua su s aerodroma Esenboga u Ankari ispratili zamjenik premijera Mehmet Simsek, guverner Ankare Mehmet Kiliclar i direktor policije u Ankari Mahmut Karaaslan.<\/p>\n<p>U pratnji Davutoglua su supruga Sare Davutoglu i zamjenici premijera Yalcin Akdogan, Lutfi Elvan i Tugrul Turkes.<\/p>\n<p>Davutoglu \u0107e u subotu, 7. maja, prisustvovati otvorenju obnovljene d\u017eamije Ferhadije, koja je ve\u0107im dijelom obnovljena uz donaciju Turske agencije za me\u0111unarodnu saradnju i razvoj (TIKA).<br \/>Davutoglu bi se istog dana trebao vratiti u Tursku.<\/p>\n<p>Ferhadija je zadu\u017ebina Ferhad-pa\u0161e Sokolovi\u0107a, izgra\u0111ena 1579. godine. Po\u010detkom rata u BiH, 7. maja 1993, minirana je i u potpunosti sru\u0161ena, a teren na kojem se nalazila poravnan je u namjeri da se zatre svaki trag ovoj gra\u0111evini. Ferhadija je predstavljala je jedno od najuspje\u0161nijih arhitektonskih zdanja bosanske arhitekture u vrijeme Osmanlija u 16. stolje\u0107u, a 1950. godine uvr\u0161tena je u kulturnu ba\u0161tinu Bosne i Hercegovine, potom i na listu spomenika svjetske ba\u0161tine pri UNESCO-u.<\/p>\n<p>Bila jedna od 16 d\u017eamija sru\u0161enih u Banjoj Luci tokom rata u BiH od 1992. do 1995. godine. Dan ru\u0161enja Ferhadije, 7. maj, u Bosni i Hercegovini je progla\u0161en Danom d\u017eamija.<\/p>\n<p>(AA)<\/p>\n","protected":false},"excerpt":{"rendered":"<p>BiH &#8211; Neka Bog ne dozvoli ponovno pro\u017eivljavanje boli iz devedesetih godina, neka nikada ne utihne glas ezana sa d\u017eamije Ferhadije u Banjaluci, rekao je u subotu uo\u010di polaska u Bosnu i Hercegovinu premijer Turske Ahmet Davutoglu, javlja Anadolu Agency (AA). Davutoglu je govore\u0107i na konferenciji za novinare na aerodromu Esenboga u Ankari, prije polaska [&hellip;]<\/p>\n","protected":false},"author":83,"featured_media":159755,"comment_status":"open","ping_status":"open","sticky":false,"template":"","format":"standard","meta":{"footnotes":""},"categories":[2860,1,2692],"tags":[],"class_list":{"0":"post-159738","1":"post","2":"type-post","3":"status-publish","4":"format-standard","5":"has-post-thumbnail","7":"category-bosna-i-hercegovina-gradovi","8":"category-politika","9":"category-turska-gradovi"},"yoast_head":"<!-- This site is optimized with the Yoast SEO Premium plugin v23.1 (Yoast SEO v24.9) - https:\/\/yoast.com\/wordpress\/plugins\/seo\/ -->\n<title>Davutoglu: Neka nikad ne utihne glas sa d\u017eamije Ferhadije<\/title>\n<meta name=\"robots\" content=\"index, follow, max-snippet:-1, max-image-preview:large, max-video-preview:-1\" \/>\n<link rel=\"canonical\" href=\"https:\/\/sandzakpress.net\/arhiva\/davutoglu-neka-nikad-ne-utihne-glas-sa-dzamije-ferhadije\/\" \/>\n<meta property=\"og:locale\" content=\"bs_BA\" \/>\n<meta property=\"og:type\" content=\"article\" \/>\n<meta property=\"og:title\" content=\"Davutoglu: Neka nikad ne utihne glas sa d\u017eamije Ferhadije\" \/>\n<meta property=\"og:description\" content=\"BiH &#8211; Neka Bog ne dozvoli ponovno pro\u017eivljavanje boli iz devedesetih godina, neka nikada ne utihne glas ezana sa d\u017eamije Ferhadije u Banjaluci, rekao je u subotu uo\u010di polaska u Bosnu i Hercegovinu premijer Turske Ahmet Davutoglu, javlja Anadolu Agency (AA). Davutoglu je govore\u0107i na konferenciji za novinare na aerodromu Esenboga u Ankari, prije polaska [&hellip;]\" \/>\n<meta property=\"og:url\" content=\"https:\/\/sandzakpress.net\/arhiva\/davutoglu-neka-nikad-ne-utihne-glas-sa-dzamije-ferhadije\/\" \/>\n<meta property=\"og:site_name\" content=\"Sand\u017eak PRESS\" \/>\n<meta property=\"article:published_time\" content=\"2016-05-07T10:32:35+00:00\" \/>\n<meta property=\"og:image\" content=\"https:\/\/sandzakpress.net\/arhiva\/wp-content\/uploads\/2016\/05\/davutoglu-ferhadija-640x330.jpg\" \/>\n\t<meta property=\"og:image:width\" content=\"640\" \/>\n\t<meta property=\"og:image:height\" content=\"330\" \/>\n\t<meta property=\"og:image:type\" content=\"image\/jpeg\" \/>\n<meta name=\"author\" content=\"bosniak\" \/>\n<meta name=\"twitter:card\" content=\"summary_large_image\" \/>\n<meta name=\"twitter:label1\" content=\"Written by\" \/>\n\t<meta name=\"twitter:data1\" content=\"bosniak\" \/>\n\t<meta name=\"twitter:label2\" content=\"Est. reading time\" \/>\n\t<meta name=\"twitter:data2\" content=\"3 minute\" \/>\n<script type=\"application\/ld+json\" class=\"yoast-schema-graph\">{\"@context\":\"https:\/\/schema.org\",\"@graph\":[{\"@type\":\"Article\",\"@id\":\"https:\/\/sandzakpress.net\/arhiva\/davutoglu-neka-nikad-ne-utihne-glas-sa-dzamije-ferhadije\/#article\",\"isPartOf\":{\"@id\":\"https:\/\/sandzakpress.net\/arhiva\/davutoglu-neka-nikad-ne-utihne-glas-sa-dzamije-ferhadije\/\"},\"author\":{\"name\":\"bosniak\",\"@id\":\"https:\/\/sandzakpress.net\/arhiva\/#\/schema\/person\/c8baee722073534b583ea7bdb2e36c02\"},\"headline\":\"Davutoglu: Neka nikad ne utihne glas sa d\u017eamije Ferhadije\",\"datePublished\":\"2016-05-07T10:32:35+00:00\",\"mainEntityOfPage\":{\"@id\":\"https:\/\/sandzakpress.net\/arhiva\/davutoglu-neka-nikad-ne-utihne-glas-sa-dzamije-ferhadije\/\"},\"wordCount\":679,\"commentCount\":35,\"publisher\":{\"@id\":\"https:\/\/sandzakpress.net\/arhiva\/#\/schema\/person\/6e72b67d6e51910a1117b3b483ba20bd\"},\"image\":{\"@id\":\"https:\/\/sandzakpress.net\/arhiva\/davutoglu-neka-nikad-ne-utihne-glas-sa-dzamije-ferhadije\/#primaryimage\"},\"thumbnailUrl\":\"https:\/\/sandzakpress.net\/arhiva\/wp-content\/uploads\/2016\/05\/davutoglu-ferhadija-640x330.jpg\",\"articleSection\":[\"Bosna i Hercegovina\",\"Politika\",\"Turska\"],\"inLanguage\":\"bs-BA\",\"potentialAction\":[{\"@type\":\"CommentAction\",\"name\":\"Comment\",\"target\":[\"https:\/\/sandzakpress.net\/arhiva\/davutoglu-neka-nikad-ne-utihne-glas-sa-dzamije-ferhadije\/#respond\"]}]},{\"@type\":\"WebPage\",\"@id\":\"https:\/\/sandzakpress.net\/arhiva\/davutoglu-neka-nikad-ne-utihne-glas-sa-dzamije-ferhadije\/\",\"url\":\"https:\/\/sandzakpress.net\/arhiva\/davutoglu-neka-nikad-ne-utihne-glas-sa-dzamije-ferhadije\/\",\"name\":\"Davutoglu: Neka nikad ne utihne glas sa d\u017eamije Ferhadije\",\"isPartOf\":{\"@id\":\"https:\/\/sandzakpress.net\/arhiva\/#website\"},\"primaryImageOfPage\":{\"@id\":\"https:\/\/sandzakpress.net\/arhiva\/davutoglu-neka-nikad-ne-utihne-glas-sa-dzamije-ferhadije\/#primaryimage\"},\"image\":{\"@id\":\"https:\/\/sandzakpress.net\/arhiva\/davutoglu-neka-nikad-ne-utihne-glas-sa-dzamije-ferhadije\/#primaryimage\"},\"thumbnailUrl\":\"https:\/\/sandzakpress.net\/arhiva\/wp-content\/uploads\/2016\/05\/davutoglu-ferhadija-640x330.jpg\",\"datePublished\":\"2016-05-07T10:32:35+00:00\",\"breadcrumb\":{\"@id\":\"https:\/\/sandzakpress.net\/arhiva\/davutoglu-neka-nikad-ne-utihne-glas-sa-dzamije-ferhadije\/#breadcrumb\"},\"inLanguage\":\"bs-BA\",\"potentialAction\":[{\"@type\":\"ReadAction\",\"target\":[\"https:\/\/sandzakpress.net\/arhiva\/davutoglu-neka-nikad-ne-utihne-glas-sa-dzamije-ferhadije\/\"]}]},{\"@type\":\"ImageObject\",\"inLanguage\":\"bs-BA\",\"@id\":\"https:\/\/sandzakpress.net\/arhiva\/davutoglu-neka-nikad-ne-utihne-glas-sa-dzamije-ferhadije\/#primaryimage\",\"url\":\"https:\/\/sandzakpress.net\/arhiva\/wp-content\/uploads\/2016\/05\/davutoglu-ferhadija-640x330.jpg\",\"contentUrl\":\"https:\/\/sandzakpress.net\/arhiva\/wp-content\/uploads\/2016\/05\/davutoglu-ferhadija-640x330.jpg\",\"width\":640,\"height\":330},{\"@type\":\"BreadcrumbList\",\"@id\":\"https:\/\/sandzakpress.net\/arhiva\/davutoglu-neka-nikad-ne-utihne-glas-sa-dzamije-ferhadije\/#breadcrumb\",\"itemListElement\":[{\"@type\":\"ListItem\",\"position\":1,\"name\":\"Home\",\"item\":\"https:\/\/sandzakpress.net\/arhiva\/\"},{\"@type\":\"ListItem\",\"position\":2,\"name\":\"Davutoglu: Neka nikad ne utihne glas sa d\u017eamije Ferhadije\"}]},{\"@type\":\"WebSite\",\"@id\":\"https:\/\/sandzakpress.net\/arhiva\/#website\",\"url\":\"https:\/\/sandzakpress.net\/arhiva\/\",\"name\":\"Sand\u017eak PRESS\",\"description\":\"Prve elektronske novine u Sand\u017eaku\",\"publisher\":{\"@id\":\"https:\/\/sandzakpress.net\/arhiva\/#\/schema\/person\/6e72b67d6e51910a1117b3b483ba20bd\"},\"potentialAction\":[{\"@type\":\"SearchAction\",\"target\":{\"@type\":\"EntryPoint\",\"urlTemplate\":\"https:\/\/sandzakpress.net\/arhiva\/?s={search_term_string}\"},\"query-input\":{\"@type\":\"PropertyValueSpecification\",\"valueRequired\":true,\"valueName\":\"search_term_string\"}}],\"inLanguage\":\"bs-BA\"},{\"@type\":[\"Person\",\"Organization\"],\"@id\":\"https:\/\/sandzakpress.net\/arhiva\/#\/schema\/person\/6e72b67d6e51910a1117b3b483ba20bd\",\"name\":\"Kul\",\"image\":{\"@type\":\"ImageObject\",\"inLanguage\":\"bs-BA\",\"@id\":\"https:\/\/sandzakpress.net\/arhiva\/#\/schema\/person\/image\/\",\"url\":\"https:\/\/secure.gravatar.com\/avatar\/42263f39aa27ac04c43cab85c280eb2e?s=96&d=mm&r=pg\",\"contentUrl\":\"https:\/\/secure.gravatar.com\/avatar\/42263f39aa27ac04c43cab85c280eb2e?s=96&d=mm&r=pg\",\"caption\":\"Kul\"},\"logo\":{\"@id\":\"https:\/\/sandzakpress.net\/arhiva\/#\/schema\/person\/image\/\"}},{\"@type\":\"Person\",\"@id\":\"https:\/\/sandzakpress.net\/arhiva\/#\/schema\/person\/c8baee722073534b583ea7bdb2e36c02\",\"name\":\"bosniak\",\"image\":{\"@type\":\"ImageObject\",\"inLanguage\":\"bs-BA\",\"@id\":\"https:\/\/sandzakpress.net\/arhiva\/#\/schema\/person\/image\/\",\"url\":\"https:\/\/secure.gravatar.com\/avatar\/a04fd330bfe3a36a72a0ad4a6d89fca7?s=96&d=mm&r=pg\",\"contentUrl\":\"https:\/\/secure.gravatar.com\/avatar\/a04fd330bfe3a36a72a0ad4a6d89fca7?s=96&d=mm&r=pg\",\"caption\":\"bosniak\"},\"url\":\"https:\/\/sandzakpress.net\/arhiva\/author\/bosniak\/\"}]}<\/script>\n<!-- \/ Yoast SEO Premium plugin. -->","yoast_head_json":{"title":"Davutoglu: Neka nikad ne utihne glas sa d\u017eamije Ferhadije","robots":{"index":"index","follow":"follow","max-snippet":"max-snippet:-1","max-image-preview":"max-image-preview:large","max-video-preview":"max-video-preview:-1"},"canonical":"https:\/\/sandzakpress.net\/arhiva\/davutoglu-neka-nikad-ne-utihne-glas-sa-dzamije-ferhadije\/","og_locale":"bs_BA","og_type":"article","og_title":"Davutoglu: Neka nikad ne utihne glas sa d\u017eamije Ferhadije","og_description":"BiH &#8211; Neka Bog ne dozvoli ponovno pro\u017eivljavanje boli iz devedesetih godina, neka nikada ne utihne glas ezana sa d\u017eamije Ferhadije u Banjaluci, rekao je u subotu uo\u010di polaska u Bosnu i Hercegovinu premijer Turske Ahmet Davutoglu, javlja Anadolu Agency (AA). Davutoglu je govore\u0107i na konferenciji za novinare na aerodromu Esenboga u Ankari, prije polaska [&hellip;]","og_url":"https:\/\/sandzakpress.net\/arhiva\/davutoglu-neka-nikad-ne-utihne-glas-sa-dzamije-ferhadije\/","og_site_name":"Sand\u017eak PRESS","article_published_time":"2016-05-07T10:32:35+00:00","og_image":[{"width":640,"height":330,"url":"https:\/\/sandzakpress.net\/arhiva\/wp-content\/uploads\/2016\/05\/davutoglu-ferhadija-640x330.jpg","type":"image\/jpeg"}],"author":"bosniak","twitter_card":"summary_large_image","twitter_misc":{"Written by":"bosniak","Est. reading time":"3 minute"},"schema":{"@context":"https:\/\/schema.org","@graph":[{"@type":"Article","@id":"https:\/\/sandzakpress.net\/arhiva\/davutoglu-neka-nikad-ne-utihne-glas-sa-dzamije-ferhadije\/#article","isPartOf":{"@id":"https:\/\/sandzakpress.net\/arhiva\/davutoglu-neka-nikad-ne-utihne-glas-sa-dzamije-ferhadije\/"},"author":{"name":"bosniak","@id":"https:\/\/sandzakpress.net\/arhiva\/#\/schema\/person\/c8baee722073534b583ea7bdb2e36c02"},"headline":"Davutoglu: Neka nikad ne utihne glas sa d\u017eamije Ferhadije","datePublished":"2016-05-07T10:32:35+00:00","mainEntityOfPage":{"@id":"https:\/\/sandzakpress.net\/arhiva\/davutoglu-neka-nikad-ne-utihne-glas-sa-dzamije-ferhadije\/"},"wordCount":679,"commentCount":35,"publisher":{"@id":"https:\/\/sandzakpress.net\/arhiva\/#\/schema\/person\/6e72b67d6e51910a1117b3b483ba20bd"},"image":{"@id":"https:\/\/sandzakpress.net\/arhiva\/davutoglu-neka-nikad-ne-utihne-glas-sa-dzamije-ferhadije\/#primaryimage"},"thumbnailUrl":"https:\/\/sandzakpress.net\/arhiva\/wp-content\/uploads\/2016\/05\/davutoglu-ferhadija-640x330.jpg","articleSection":["Bosna i Hercegovina","Politika","Turska"],"inLanguage":"bs-BA","potentialAction":[{"@type":"CommentAction","name":"Comment","target":["https:\/\/sandzakpress.net\/arhiva\/davutoglu-neka-nikad-ne-utihne-glas-sa-dzamije-ferhadije\/#respond"]}]},{"@type":"WebPage","@id":"https:\/\/sandzakpress.net\/arhiva\/davutoglu-neka-nikad-ne-utihne-glas-sa-dzamije-ferhadije\/","url":"https:\/\/sandzakpress.net\/arhiva\/davutoglu-neka-nikad-ne-utihne-glas-sa-dzamije-ferhadije\/","name":"Davutoglu: Neka nikad ne utihne glas sa d\u017eamije Ferhadije","isPartOf":{"@id":"https:\/\/sandzakpress.net\/arhiva\/#website"},"primaryImageOfPage":{"@id":"https:\/\/sandzakpress.net\/arhiva\/davutoglu-neka-nikad-ne-utihne-glas-sa-dzamije-ferhadije\/#primaryimage"},"image":{"@id":"https:\/\/sandzakpress.net\/arhiva\/davutoglu-neka-nikad-ne-utihne-glas-sa-dzamije-ferhadije\/#primaryimage"},"thumbnailUrl":"https:\/\/sandzakpress.net\/arhiva\/wp-content\/uploads\/2016\/05\/davutoglu-ferhadija-640x330.jpg","datePublished":"2016-05-07T10:32:35+00:00","breadcrumb":{"@id":"https:\/\/sandzakpress.net\/arhiva\/davutoglu-neka-nikad-ne-utihne-glas-sa-dzamije-ferhadije\/#breadcrumb"},"inLanguage":"bs-BA","potentialAction":[{"@type":"ReadAction","target":["https:\/\/sandzakpress.net\/arhiva\/davutoglu-neka-nikad-ne-utihne-glas-sa-dzamije-ferhadije\/"]}]},{"@type":"ImageObject","inLanguage":"bs-BA","@id":"https:\/\/sandzakpress.net\/arhiva\/davutoglu-neka-nikad-ne-utihne-glas-sa-dzamije-ferhadije\/#primaryimage","url":"https:\/\/sandzakpress.net\/arhiva\/wp-content\/uploads\/2016\/05\/davutoglu-ferhadija-640x330.jpg","contentUrl":"https:\/\/sandzakpress.net\/arhiva\/wp-content\/uploads\/2016\/05\/davutoglu-ferhadija-640x330.jpg","width":640,"height":330},{"@type":"BreadcrumbList","@id":"https:\/\/sandzakpress.net\/arhiva\/davutoglu-neka-nikad-ne-utihne-glas-sa-dzamije-ferhadije\/#breadcrumb","itemListElement":[{"@type":"ListItem","position":1,"name":"Home","item":"https:\/\/sandzakpress.net\/arhiva\/"},{"@type":"ListItem","position":2,"name":"Davutoglu: Neka nikad ne utihne glas sa d\u017eamije Ferhadije"}]},{"@type":"WebSite","@id":"https:\/\/sandzakpress.net\/arhiva\/#website","url":"https:\/\/sandzakpress.net\/arhiva\/","name":"Sand\u017eak PRESS","description":"Prve elektronske novine u Sand\u017eaku","publisher":{"@id":"https:\/\/sandzakpress.net\/arhiva\/#\/schema\/person\/6e72b67d6e51910a1117b3b483ba20bd"},"potentialAction":[{"@type":"SearchAction","target":{"@type":"EntryPoint","urlTemplate":"https:\/\/sandzakpress.net\/arhiva\/?s={search_term_string}"},"query-input":{"@type":"PropertyValueSpecification","valueRequired":true,"valueName":"search_term_string"}}],"inLanguage":"bs-BA"},{"@type":["Person","Organization"],"@id":"https:\/\/sandzakpress.net\/arhiva\/#\/schema\/person\/6e72b67d6e51910a1117b3b483ba20bd","name":"Kul","image":{"@type":"ImageObject","inLanguage":"bs-BA","@id":"https:\/\/sandzakpress.net\/arhiva\/#\/schema\/person\/image\/","url":"https:\/\/secure.gravatar.com\/avatar\/42263f39aa27ac04c43cab85c280eb2e?s=96&d=mm&r=pg","contentUrl":"https:\/\/secure.gravatar.com\/avatar\/42263f39aa27ac04c43cab85c280eb2e?s=96&d=mm&r=pg","caption":"Kul"},"logo":{"@id":"https:\/\/sandzakpress.net\/arhiva\/#\/schema\/person\/image\/"}},{"@type":"Person","@id":"https:\/\/sandzakpress.net\/arhiva\/#\/schema\/person\/c8baee722073534b583ea7bdb2e36c02","name":"bosniak","image":{"@type":"ImageObject","inLanguage":"bs-BA","@id":"https:\/\/sandzakpress.net\/arhiva\/#\/schema\/person\/image\/","url":"https:\/\/secure.gravatar.com\/avatar\/a04fd330bfe3a36a72a0ad4a6d89fca7?s=96&d=mm&r=pg","contentUrl":"https:\/\/secure.gravatar.com\/avatar\/a04fd330bfe3a36a72a0ad4a6d89fca7?s=96&d=mm&r=pg","caption":"bosniak"},"url":"https:\/\/sandzakpress.net\/arhiva\/author\/bosniak\/"}]}},"_links":{"self":[{"href":"https:\/\/sandzakpress.net\/arhiva\/wp-json\/wp\/v2\/posts\/159738"}],"collection":[{"href":"https:\/\/sandzakpress.net\/arhiva\/wp-json\/wp\/v2\/posts"}],"about":[{"href":"https:\/\/sandzakpress.net\/arhiva\/wp-json\/wp\/v2\/types\/post"}],"author":[{"embeddable":true,"href":"https:\/\/sandzakpress.net\/arhiva\/wp-json\/wp\/v2\/users\/83"}],"replies":[{"embeddable":true,"href":"https:\/\/sandzakpress.net\/arhiva\/wp-json\/wp\/v2\/comments?post=159738"}],"version-history":[{"count":0,"href":"https:\/\/sandzakpress.net\/arhiva\/wp-json\/wp\/v2\/posts\/159738\/revisions"}],"wp:featuredmedia":[{"embeddable":true,"href":"https:\/\/sandzakpress.net\/arhiva\/wp-json\/wp\/v2\/media\/159755"}],"wp:attachment":[{"href":"https:\/\/sandzakpress.net\/arhiva\/wp-json\/wp\/v2\/media?parent=159738"}],"wp:term":[{"taxonomy":"category","embeddable":true,"href":"https:\/\/sandzakpress.net\/arhiva\/wp-json\/wp\/v2\/categories?post=159738"},{"taxonomy":"post_tag","embeddable":true,"href":"https:\/\/sandzakpress.net\/arhiva\/wp-json\/wp\/v2\/tags?post=159738"}],"curies":[{"name":"wp","href":"https:\/\/api.w.org\/{rel}","templated":true}]}}