{"id":159683,"date":"2016-05-04T18:28:33","date_gmt":"2016-05-04T16:28:33","guid":{"rendered":"https:\/\/sandzakpress.net\/arhiva\/?p=159683"},"modified":"2016-05-04T18:28:33","modified_gmt":"2016-05-04T16:28:33","slug":"erdogan-turska-ce-odgovoriti-na-svaki-napad","status":"publish","type":"post","link":"https:\/\/sandzakpress.net\/arhiva\/erdogan-turska-ce-odgovoriti-na-svaki-napad\/","title":{"rendered":"Erdogan: Turska \u0107e odgovoriti na svaki napad"},"content":{"rendered":"<p><img decoding=\"async\" src=\"http:\/\/balkans.aljazeera.net\/sites\/staff.balkans.aljazeera.com\/files\/styles\/aljazeera_article_main_image\/public\/erdogan_ankara_1_aa_main.jpg?itok=6F5d-F5L\" alt=\"\" \/><\/p>\n<p><strong>Turska &#8211; Turski predsjednik Recep Tayyip Erdogan, nakon incidenta tokom rasprave parlamentarne komisije o ustavnim reformama, izjavio je kako zastupnici prokurdske Narodne demokratske stranke nisu dostojni predstavljati narod, javlja Anadolija.<\/strong><\/p>\n<p>Erdogan, koji je u srijedu govorio u Ankari, prokomentirao je nedavni incident tokom rasprave parlamentarne komisije o ustavnim reformama, kao i na\u010din na koji su pojedini mediji o tome izvje\u0161tavali.<\/p>\n<p>&#8220;Vrlo dobro znamo \u010dije su marionete mediji, koji herojima nazivaju \u2018zastupnike\u2019 koji parlamentarnu raspravu napu\u0161taju pjevaju\u0107i himnu teroristi\u010dke organizacije&#8221;, kazao je Erdogan.<\/p>\n<p>Dodao je kako je predsjednik komisije mogao da ne dopusti ulaz medijima na raspravu, kao ni partijskim savjetnicima.<\/p>\n<p><strong>Poruka ISIL-u<\/strong><\/p>\n<p>&#8220;Mogao je obaviti sastanak samo s \u010dlanovima komisije, ali im je ipak to dopustio, uzev\u0161i u obzir njihovu slobodu. Na\u017ealost, oni tu slobodu nisu iskoristili na odgovaraju\u0107i na\u010din&#8221;, rekao je Erdogan te je, aludiraju\u0107i na opozicijsku partiju HDP, rekao da &#8220;nisu dostojni predstavljati narod.&#8221;<\/p>\n<p>U vezi s napadima na polo\u017eaje oru\u017eane grupe Islamska dr\u017eava Irak i Levant u Siriji, Erdogan je kazao kako Turska do sada nije ostala, niti \u0107e u budu\u0107nosti ostati bez odgovora na svaki napad na njenu teritoriju i narod.<\/p>\n<p>&#8220;ISIL je svojim gubicima platio cijenu, posebno nakon napada na Kilis, a ako s tim nastavi, platit \u0107e jo\u0161 ve\u0107u cijenu. Jako dobro znamo kakve se namjere kriju iza provokacija prema na\u0161oj zemlji. Ali, budite sigurni, ne\u0107e uspjeti u tome&#8221;, poru\u010dio je Erdogan.<\/p>\n<p><em>Izvor: Agencije<\/em><\/p>\n","protected":false},"excerpt":{"rendered":"<p>Turska &#8211; Turski predsjednik Recep Tayyip Erdogan, nakon incidenta tokom rasprave parlamentarne komisije o ustavnim reformama, izjavio je kako zastupnici prokurdske Narodne demokratske stranke nisu dostojni predstavljati narod, javlja Anadolija. Erdogan, koji je u srijedu govorio u Ankari, prokomentirao je nedavni incident tokom rasprave parlamentarne komisije o ustavnim reformama, kao i na\u010din na koji su [&hellip;]<\/p>\n","protected":false},"author":83,"featured_media":159690,"comment_status":"open","ping_status":"open","sticky":false,"template":"","format":"standard","meta":{"footnotes":""},"categories":[1,2692,10429],"tags":[],"class_list":{"0":"post-159683","1":"post","2":"type-post","3":"status-publish","4":"format-standard","5":"has-post-thumbnail","7":"category-politika","8":"category-turska-gradovi","9":"category-vazno"},"yoast_head":"<!-- This site is optimized with the Yoast SEO Premium plugin v23.1 (Yoast SEO v24.9) - https:\/\/yoast.com\/wordpress\/plugins\/seo\/ -->\n<title>Erdogan: Turska \u0107e odgovoriti na svaki napad<\/title>\n<meta name=\"robots\" content=\"index, follow, max-snippet:-1, max-image-preview:large, max-video-preview:-1\" \/>\n<link rel=\"canonical\" href=\"https:\/\/sandzakpress.net\/arhiva\/erdogan-turska-ce-odgovoriti-na-svaki-napad\/\" \/>\n<meta property=\"og:locale\" content=\"bs_BA\" \/>\n<meta property=\"og:type\" content=\"article\" \/>\n<meta property=\"og:title\" content=\"Erdogan: Turska \u0107e odgovoriti na svaki napad\" \/>\n<meta property=\"og:description\" content=\"Turska &#8211; Turski predsjednik Recep Tayyip Erdogan, nakon incidenta tokom rasprave parlamentarne komisije o ustavnim reformama, izjavio je kako zastupnici prokurdske Narodne demokratske stranke nisu dostojni predstavljati narod, javlja Anadolija. Erdogan, koji je u srijedu govorio u Ankari, prokomentirao je nedavni incident tokom rasprave parlamentarne komisije o ustavnim reformama, kao i na\u010din na koji su [&hellip;]\" \/>\n<meta property=\"og:url\" content=\"https:\/\/sandzakpress.net\/arhiva\/erdogan-turska-ce-odgovoriti-na-svaki-napad\/\" \/>\n<meta property=\"og:site_name\" content=\"Sand\u017eak PRESS\" \/>\n<meta property=\"article:published_time\" content=\"2016-05-04T16:28:33+00:00\" \/>\n<meta property=\"og:image\" content=\"https:\/\/sandzakpress.net\/arhiva\/wp-content\/uploads\/2016\/05\/erdogan_ankara_1_aa_main.jpg\" \/>\n\t<meta property=\"og:image:width\" content=\"900\" \/>\n\t<meta property=\"og:image:height\" content=\"600\" \/>\n\t<meta property=\"og:image:type\" content=\"image\/jpeg\" \/>\n<meta name=\"author\" content=\"bosniak\" \/>\n<meta name=\"twitter:card\" content=\"summary_large_image\" \/>\n<meta name=\"twitter:label1\" content=\"Written by\" \/>\n\t<meta name=\"twitter:data1\" content=\"bosniak\" \/>\n\t<meta name=\"twitter:label2\" content=\"Est. reading time\" \/>\n\t<meta name=\"twitter:data2\" content=\"1 minuta\" \/>\n<script type=\"application\/ld+json\" class=\"yoast-schema-graph\">{\"@context\":\"https:\/\/schema.org\",\"@graph\":[{\"@type\":\"Article\",\"@id\":\"https:\/\/sandzakpress.net\/arhiva\/erdogan-turska-ce-odgovoriti-na-svaki-napad\/#article\",\"isPartOf\":{\"@id\":\"https:\/\/sandzakpress.net\/arhiva\/erdogan-turska-ce-odgovoriti-na-svaki-napad\/\"},\"author\":{\"name\":\"bosniak\",\"@id\":\"https:\/\/sandzakpress.net\/arhiva\/#\/schema\/person\/c8baee722073534b583ea7bdb2e36c02\"},\"headline\":\"Erdogan: Turska \u0107e odgovoriti na svaki napad\",\"datePublished\":\"2016-05-04T16:28:33+00:00\",\"mainEntityOfPage\":{\"@id\":\"https:\/\/sandzakpress.net\/arhiva\/erdogan-turska-ce-odgovoriti-na-svaki-napad\/\"},\"wordCount\":255,\"commentCount\":6,\"publisher\":{\"@id\":\"https:\/\/sandzakpress.net\/arhiva\/#\/schema\/person\/6e72b67d6e51910a1117b3b483ba20bd\"},\"image\":{\"@id\":\"https:\/\/sandzakpress.net\/arhiva\/erdogan-turska-ce-odgovoriti-na-svaki-napad\/#primaryimage\"},\"thumbnailUrl\":\"https:\/\/sandzakpress.net\/arhiva\/wp-content\/uploads\/2016\/05\/erdogan_ankara_1_aa_main.jpg\",\"articleSection\":[\"Politika\",\"Turska\",\"VA\u017dNO!\"],\"inLanguage\":\"bs-BA\",\"potentialAction\":[{\"@type\":\"CommentAction\",\"name\":\"Comment\",\"target\":[\"https:\/\/sandzakpress.net\/arhiva\/erdogan-turska-ce-odgovoriti-na-svaki-napad\/#respond\"]}]},{\"@type\":\"WebPage\",\"@id\":\"https:\/\/sandzakpress.net\/arhiva\/erdogan-turska-ce-odgovoriti-na-svaki-napad\/\",\"url\":\"https:\/\/sandzakpress.net\/arhiva\/erdogan-turska-ce-odgovoriti-na-svaki-napad\/\",\"name\":\"Erdogan: Turska \u0107e odgovoriti na svaki napad\",\"isPartOf\":{\"@id\":\"https:\/\/sandzakpress.net\/arhiva\/#website\"},\"primaryImageOfPage\":{\"@id\":\"https:\/\/sandzakpress.net\/arhiva\/erdogan-turska-ce-odgovoriti-na-svaki-napad\/#primaryimage\"},\"image\":{\"@id\":\"https:\/\/sandzakpress.net\/arhiva\/erdogan-turska-ce-odgovoriti-na-svaki-napad\/#primaryimage\"},\"thumbnailUrl\":\"https:\/\/sandzakpress.net\/arhiva\/wp-content\/uploads\/2016\/05\/erdogan_ankara_1_aa_main.jpg\",\"datePublished\":\"2016-05-04T16:28:33+00:00\",\"breadcrumb\":{\"@id\":\"https:\/\/sandzakpress.net\/arhiva\/erdogan-turska-ce-odgovoriti-na-svaki-napad\/#breadcrumb\"},\"inLanguage\":\"bs-BA\",\"potentialAction\":[{\"@type\":\"ReadAction\",\"target\":[\"https:\/\/sandzakpress.net\/arhiva\/erdogan-turska-ce-odgovoriti-na-svaki-napad\/\"]}]},{\"@type\":\"ImageObject\",\"inLanguage\":\"bs-BA\",\"@id\":\"https:\/\/sandzakpress.net\/arhiva\/erdogan-turska-ce-odgovoriti-na-svaki-napad\/#primaryimage\",\"url\":\"https:\/\/sandzakpress.net\/arhiva\/wp-content\/uploads\/2016\/05\/erdogan_ankara_1_aa_main.jpg\",\"contentUrl\":\"https:\/\/sandzakpress.net\/arhiva\/wp-content\/uploads\/2016\/05\/erdogan_ankara_1_aa_main.jpg\",\"width\":900,\"height\":600},{\"@type\":\"BreadcrumbList\",\"@id\":\"https:\/\/sandzakpress.net\/arhiva\/erdogan-turska-ce-odgovoriti-na-svaki-napad\/#breadcrumb\",\"itemListElement\":[{\"@type\":\"ListItem\",\"position\":1,\"name\":\"Home\",\"item\":\"https:\/\/sandzakpress.net\/arhiva\/\"},{\"@type\":\"ListItem\",\"position\":2,\"name\":\"Erdogan: Turska \u0107e odgovoriti na svaki napad\"}]},{\"@type\":\"WebSite\",\"@id\":\"https:\/\/sandzakpress.net\/arhiva\/#website\",\"url\":\"https:\/\/sandzakpress.net\/arhiva\/\",\"name\":\"Sand\u017eak PRESS\",\"description\":\"Prve elektronske novine u Sand\u017eaku\",\"publisher\":{\"@id\":\"https:\/\/sandzakpress.net\/arhiva\/#\/schema\/person\/6e72b67d6e51910a1117b3b483ba20bd\"},\"potentialAction\":[{\"@type\":\"SearchAction\",\"target\":{\"@type\":\"EntryPoint\",\"urlTemplate\":\"https:\/\/sandzakpress.net\/arhiva\/?s={search_term_string}\"},\"query-input\":{\"@type\":\"PropertyValueSpecification\",\"valueRequired\":true,\"valueName\":\"search_term_string\"}}],\"inLanguage\":\"bs-BA\"},{\"@type\":[\"Person\",\"Organization\"],\"@id\":\"https:\/\/sandzakpress.net\/arhiva\/#\/schema\/person\/6e72b67d6e51910a1117b3b483ba20bd\",\"name\":\"Kul\",\"image\":{\"@type\":\"ImageObject\",\"inLanguage\":\"bs-BA\",\"@id\":\"https:\/\/sandzakpress.net\/arhiva\/#\/schema\/person\/image\/\",\"url\":\"https:\/\/secure.gravatar.com\/avatar\/42263f39aa27ac04c43cab85c280eb2e?s=96&d=mm&r=pg\",\"contentUrl\":\"https:\/\/secure.gravatar.com\/avatar\/42263f39aa27ac04c43cab85c280eb2e?s=96&d=mm&r=pg\",\"caption\":\"Kul\"},\"logo\":{\"@id\":\"https:\/\/sandzakpress.net\/arhiva\/#\/schema\/person\/image\/\"}},{\"@type\":\"Person\",\"@id\":\"https:\/\/sandzakpress.net\/arhiva\/#\/schema\/person\/c8baee722073534b583ea7bdb2e36c02\",\"name\":\"bosniak\",\"image\":{\"@type\":\"ImageObject\",\"inLanguage\":\"bs-BA\",\"@id\":\"https:\/\/sandzakpress.net\/arhiva\/#\/schema\/person\/image\/\",\"url\":\"https:\/\/secure.gravatar.com\/avatar\/a04fd330bfe3a36a72a0ad4a6d89fca7?s=96&d=mm&r=pg\",\"contentUrl\":\"https:\/\/secure.gravatar.com\/avatar\/a04fd330bfe3a36a72a0ad4a6d89fca7?s=96&d=mm&r=pg\",\"caption\":\"bosniak\"},\"url\":\"https:\/\/sandzakpress.net\/arhiva\/author\/bosniak\/\"}]}<\/script>\n<!-- \/ Yoast SEO Premium plugin. -->","yoast_head_json":{"title":"Erdogan: Turska \u0107e odgovoriti na svaki napad","robots":{"index":"index","follow":"follow","max-snippet":"max-snippet:-1","max-image-preview":"max-image-preview:large","max-video-preview":"max-video-preview:-1"},"canonical":"https:\/\/sandzakpress.net\/arhiva\/erdogan-turska-ce-odgovoriti-na-svaki-napad\/","og_locale":"bs_BA","og_type":"article","og_title":"Erdogan: Turska \u0107e odgovoriti na svaki napad","og_description":"Turska &#8211; Turski predsjednik Recep Tayyip Erdogan, nakon incidenta tokom rasprave parlamentarne komisije o ustavnim reformama, izjavio je kako zastupnici prokurdske Narodne demokratske stranke nisu dostojni predstavljati narod, javlja Anadolija. Erdogan, koji je u srijedu govorio u Ankari, prokomentirao je nedavni incident tokom rasprave parlamentarne komisije o ustavnim reformama, kao i na\u010din na koji su [&hellip;]","og_url":"https:\/\/sandzakpress.net\/arhiva\/erdogan-turska-ce-odgovoriti-na-svaki-napad\/","og_site_name":"Sand\u017eak PRESS","article_published_time":"2016-05-04T16:28:33+00:00","og_image":[{"width":900,"height":600,"url":"https:\/\/sandzakpress.net\/arhiva\/wp-content\/uploads\/2016\/05\/erdogan_ankara_1_aa_main.jpg","type":"image\/jpeg"}],"author":"bosniak","twitter_card":"summary_large_image","twitter_misc":{"Written by":"bosniak","Est. reading time":"1 minuta"},"schema":{"@context":"https:\/\/schema.org","@graph":[{"@type":"Article","@id":"https:\/\/sandzakpress.net\/arhiva\/erdogan-turska-ce-odgovoriti-na-svaki-napad\/#article","isPartOf":{"@id":"https:\/\/sandzakpress.net\/arhiva\/erdogan-turska-ce-odgovoriti-na-svaki-napad\/"},"author":{"name":"bosniak","@id":"https:\/\/sandzakpress.net\/arhiva\/#\/schema\/person\/c8baee722073534b583ea7bdb2e36c02"},"headline":"Erdogan: Turska \u0107e odgovoriti na svaki napad","datePublished":"2016-05-04T16:28:33+00:00","mainEntityOfPage":{"@id":"https:\/\/sandzakpress.net\/arhiva\/erdogan-turska-ce-odgovoriti-na-svaki-napad\/"},"wordCount":255,"commentCount":6,"publisher":{"@id":"https:\/\/sandzakpress.net\/arhiva\/#\/schema\/person\/6e72b67d6e51910a1117b3b483ba20bd"},"image":{"@id":"https:\/\/sandzakpress.net\/arhiva\/erdogan-turska-ce-odgovoriti-na-svaki-napad\/#primaryimage"},"thumbnailUrl":"https:\/\/sandzakpress.net\/arhiva\/wp-content\/uploads\/2016\/05\/erdogan_ankara_1_aa_main.jpg","articleSection":["Politika","Turska","VA\u017dNO!"],"inLanguage":"bs-BA","potentialAction":[{"@type":"CommentAction","name":"Comment","target":["https:\/\/sandzakpress.net\/arhiva\/erdogan-turska-ce-odgovoriti-na-svaki-napad\/#respond"]}]},{"@type":"WebPage","@id":"https:\/\/sandzakpress.net\/arhiva\/erdogan-turska-ce-odgovoriti-na-svaki-napad\/","url":"https:\/\/sandzakpress.net\/arhiva\/erdogan-turska-ce-odgovoriti-na-svaki-napad\/","name":"Erdogan: Turska \u0107e odgovoriti na svaki napad","isPartOf":{"@id":"https:\/\/sandzakpress.net\/arhiva\/#website"},"primaryImageOfPage":{"@id":"https:\/\/sandzakpress.net\/arhiva\/erdogan-turska-ce-odgovoriti-na-svaki-napad\/#primaryimage"},"image":{"@id":"https:\/\/sandzakpress.net\/arhiva\/erdogan-turska-ce-odgovoriti-na-svaki-napad\/#primaryimage"},"thumbnailUrl":"https:\/\/sandzakpress.net\/arhiva\/wp-content\/uploads\/2016\/05\/erdogan_ankara_1_aa_main.jpg","datePublished":"2016-05-04T16:28:33+00:00","breadcrumb":{"@id":"https:\/\/sandzakpress.net\/arhiva\/erdogan-turska-ce-odgovoriti-na-svaki-napad\/#breadcrumb"},"inLanguage":"bs-BA","potentialAction":[{"@type":"ReadAction","target":["https:\/\/sandzakpress.net\/arhiva\/erdogan-turska-ce-odgovoriti-na-svaki-napad\/"]}]},{"@type":"ImageObject","inLanguage":"bs-BA","@id":"https:\/\/sandzakpress.net\/arhiva\/erdogan-turska-ce-odgovoriti-na-svaki-napad\/#primaryimage","url":"https:\/\/sandzakpress.net\/arhiva\/wp-content\/uploads\/2016\/05\/erdogan_ankara_1_aa_main.jpg","contentUrl":"https:\/\/sandzakpress.net\/arhiva\/wp-content\/uploads\/2016\/05\/erdogan_ankara_1_aa_main.jpg","width":900,"height":600},{"@type":"BreadcrumbList","@id":"https:\/\/sandzakpress.net\/arhiva\/erdogan-turska-ce-odgovoriti-na-svaki-napad\/#breadcrumb","itemListElement":[{"@type":"ListItem","position":1,"name":"Home","item":"https:\/\/sandzakpress.net\/arhiva\/"},{"@type":"ListItem","position":2,"name":"Erdogan: Turska \u0107e odgovoriti na svaki napad"}]},{"@type":"WebSite","@id":"https:\/\/sandzakpress.net\/arhiva\/#website","url":"https:\/\/sandzakpress.net\/arhiva\/","name":"Sand\u017eak PRESS","description":"Prve elektronske novine u Sand\u017eaku","publisher":{"@id":"https:\/\/sandzakpress.net\/arhiva\/#\/schema\/person\/6e72b67d6e51910a1117b3b483ba20bd"},"potentialAction":[{"@type":"SearchAction","target":{"@type":"EntryPoint","urlTemplate":"https:\/\/sandzakpress.net\/arhiva\/?s={search_term_string}"},"query-input":{"@type":"PropertyValueSpecification","valueRequired":true,"valueName":"search_term_string"}}],"inLanguage":"bs-BA"},{"@type":["Person","Organization"],"@id":"https:\/\/sandzakpress.net\/arhiva\/#\/schema\/person\/6e72b67d6e51910a1117b3b483ba20bd","name":"Kul","image":{"@type":"ImageObject","inLanguage":"bs-BA","@id":"https:\/\/sandzakpress.net\/arhiva\/#\/schema\/person\/image\/","url":"https:\/\/secure.gravatar.com\/avatar\/42263f39aa27ac04c43cab85c280eb2e?s=96&d=mm&r=pg","contentUrl":"https:\/\/secure.gravatar.com\/avatar\/42263f39aa27ac04c43cab85c280eb2e?s=96&d=mm&r=pg","caption":"Kul"},"logo":{"@id":"https:\/\/sandzakpress.net\/arhiva\/#\/schema\/person\/image\/"}},{"@type":"Person","@id":"https:\/\/sandzakpress.net\/arhiva\/#\/schema\/person\/c8baee722073534b583ea7bdb2e36c02","name":"bosniak","image":{"@type":"ImageObject","inLanguage":"bs-BA","@id":"https:\/\/sandzakpress.net\/arhiva\/#\/schema\/person\/image\/","url":"https:\/\/secure.gravatar.com\/avatar\/a04fd330bfe3a36a72a0ad4a6d89fca7?s=96&d=mm&r=pg","contentUrl":"https:\/\/secure.gravatar.com\/avatar\/a04fd330bfe3a36a72a0ad4a6d89fca7?s=96&d=mm&r=pg","caption":"bosniak"},"url":"https:\/\/sandzakpress.net\/arhiva\/author\/bosniak\/"}]}},"_links":{"self":[{"href":"https:\/\/sandzakpress.net\/arhiva\/wp-json\/wp\/v2\/posts\/159683"}],"collection":[{"href":"https:\/\/sandzakpress.net\/arhiva\/wp-json\/wp\/v2\/posts"}],"about":[{"href":"https:\/\/sandzakpress.net\/arhiva\/wp-json\/wp\/v2\/types\/post"}],"author":[{"embeddable":true,"href":"https:\/\/sandzakpress.net\/arhiva\/wp-json\/wp\/v2\/users\/83"}],"replies":[{"embeddable":true,"href":"https:\/\/sandzakpress.net\/arhiva\/wp-json\/wp\/v2\/comments?post=159683"}],"version-history":[{"count":0,"href":"https:\/\/sandzakpress.net\/arhiva\/wp-json\/wp\/v2\/posts\/159683\/revisions"}],"wp:featuredmedia":[{"embeddable":true,"href":"https:\/\/sandzakpress.net\/arhiva\/wp-json\/wp\/v2\/media\/159690"}],"wp:attachment":[{"href":"https:\/\/sandzakpress.net\/arhiva\/wp-json\/wp\/v2\/media?parent=159683"}],"wp:term":[{"taxonomy":"category","embeddable":true,"href":"https:\/\/sandzakpress.net\/arhiva\/wp-json\/wp\/v2\/categories?post=159683"},{"taxonomy":"post_tag","embeddable":true,"href":"https:\/\/sandzakpress.net\/arhiva\/wp-json\/wp\/v2\/tags?post=159683"}],"curies":[{"name":"wp","href":"https:\/\/api.w.org\/{rel}","templated":true}]}}