{"id":159591,"date":"2016-05-01T18:18:55","date_gmt":"2016-05-01T16:18:55","guid":{"rendered":"https:\/\/sandzakpress.net\/arhiva\/?p=159591"},"modified":"2016-05-01T18:22:42","modified_gmt":"2016-05-01T16:22:42","slug":"ljajic-napao-vucica-dopustio-je-zukorlicu-da-ojaca","status":"publish","type":"post","link":"https:\/\/sandzakpress.net\/arhiva\/ljajic-napao-vucica-dopustio-je-zukorlicu-da-ojaca\/","title":{"rendered":"Ljaji\u0107 napao Vu\u010di\u0107a &#8211; Dopustio je Zukorli\u0107u da oja\u010da"},"content":{"rendered":"<p><img decoding=\"async\" src=\"http:\/\/static.rs.n1info.com\/Picture\/69212\/jpeg\/Vucic-i-Ljajic\" alt=\"\" \/><\/p>\n<p><strong>Sand\u017eak &#8211; Izbori koji su odr\u017eani prije sedam dana pokazali da je Muamer Zukorli\u0107 najzna\u010dajniji politi\u010dki faktor u Sand\u017eaku obzirom da je na Parlamentarnim izborima dobio preko 32.000 glasova podr\u0161ke \u0161to je za dvije hiljade vi\u0161e od Sulejmana Ugljanina i Rasima Ljaji\u0107a.<\/strong><\/p>\n<p>\u00a0U strahu od ja\u010danja Zukorli\u0107a i njegovog u\u010de\u0161\u0107a u Vladi, Ljaji\u0107 poku\u0161ava za svoj izborni neuspjeh okriviti Aleksandra Vu\u010di\u0107a.\u00a0Ljaji\u0107 je preko\u00a0portala Glaspazara\u00a0koji je pod kontrolom njegovog poslu\u0161nika Elvedina Mavri\u0107a, poru\u010dio da\u00a0su Vu\u010di\u0107evi ljudi, mimo protokola i dogovora, na zavr\u0161nom mitingu intonirali himnu &#8220;Bo\u017ee pravde&#8221; i na taj na\u010din uticali na slabljenje SDP-a.<\/p>\n<p>Ljaji\u0107 se nakon izbornog rezultata na\u0161ao u nebranom gro\u017e\u0111u obzirom da je Vu\u010di\u0107u samo iz Novog Pazara obe\u0107ao oko 30.000 i na osnovu toga za\u00a0svoj SDPS dobio 10 mandata na listi SNS-a. Izbori, me\u0111utim, pokazali druga\u010dije\u00a0SDPS je u svim sand\u017ea\u010dkim gradovima zajedno dobio jedva 30.000 glasova iako se u dva najve\u0107a grada nalazio na vlasti.\u00a0<\/p>\n<p>Rasim Ljaji\u0107 je u vi\u0161e navrata tokom predizborne kampanje izjavio da ako osvoji manje od 50%, ne\u0107e vi\u0161e biti ministar u Vladi u Srbije. Ako je vjerovati posljednjim informacijama Ljaji\u0107 \u0107e prvi put posle 16 godina ostati bez ministarskog mjesta.\u00a0<\/p>\n<p><img loading=\"lazy\" decoding=\"async\" class=\"aligncenter size-full wp-image-159592\" src=\"https:\/\/sandzakpress.net\/arhiva\/wp-content\/uploads\/2016\/05\/1517513_912754342070841_2546450606561059681_n.jpg\" alt=\"1517513_912754342070841_2546450606561059681_n\" width=\"455\" height=\"604\" \/><br \/><em><strong>\u00a0 \u00a0 \u00a0 \u00a0 \u00a0 \u00a0 \u00a0 \u00a0 \u00a0 \u00a0 \u00a0 \u00a0 \u00a0 \u00a0 \u00a0 \u00a0 \u00a0 \u00a0 \u00a0 \u00a0 \u00a0 \u00a0 \u00a0 \u00a0 \u00a0 \u00a0 \u00a0 \u00a0 \u00a0 \u00a0 \u00a0 \u00a0 \u00a0 \u00a0Foto: Elvedin Mavri\u0107 i Rasim Ljaji\u0107<\/strong><\/em><\/p>\n","protected":false},"excerpt":{"rendered":"<p>Sand\u017eak &#8211; Izbori koji su odr\u017eani prije sedam dana pokazali da je Muamer Zukorli\u0107 najzna\u010dajniji politi\u010dki faktor u Sand\u017eaku obzirom da je na Parlamentarnim izborima dobio preko 32.000 glasova podr\u0161ke \u0161to je za dvije hiljade vi\u0161e od Sulejmana Ugljanina i Rasima Ljaji\u0107a. \u00a0U strahu od ja\u010danja Zukorli\u0107a i njegovog u\u010de\u0161\u0107a u Vladi, Ljaji\u0107 poku\u0161ava za [&hellip;]<\/p>\n","protected":false},"author":83,"featured_media":159593,"comment_status":"open","ping_status":"open","sticky":false,"template":"","format":"standard","meta":{"footnotes":""},"categories":[72,1,52,327,392,393,394,8957],"tags":[],"class_list":{"0":"post-159591","1":"post","2":"type-post","3":"status-publish","4":"format-standard","5":"has-post-thumbnail","7":"category-novi-pazar","8":"category-politika","9":"category-sjenica","10":"category-tutin","11":"category-prijepolje_","12":"category-priboj","13":"category-nova-varos","14":"category-vijesti-dana"},"yoast_head":"<!-- This site is optimized with the Yoast SEO Premium plugin v23.1 (Yoast SEO v24.9) - https:\/\/yoast.com\/wordpress\/plugins\/seo\/ -->\n<title>Ljaji\u0107 napao Vu\u010di\u0107a - Dopustio je Zukorli\u0107u da oja\u010da<\/title>\n<meta name=\"robots\" content=\"index, follow, max-snippet:-1, max-image-preview:large, max-video-preview:-1\" \/>\n<link rel=\"canonical\" href=\"https:\/\/sandzakpress.net\/arhiva\/ljajic-napao-vucica-dopustio-je-zukorlicu-da-ojaca\/\" \/>\n<meta property=\"og:locale\" content=\"bs_BA\" \/>\n<meta property=\"og:type\" content=\"article\" \/>\n<meta property=\"og:title\" content=\"Ljaji\u0107 napao Vu\u010di\u0107a - Dopustio je Zukorli\u0107u da oja\u010da\" \/>\n<meta property=\"og:description\" content=\"Sand\u017eak &#8211; Izbori koji su odr\u017eani prije sedam dana pokazali da je Muamer Zukorli\u0107 najzna\u010dajniji politi\u010dki faktor u Sand\u017eaku obzirom da je na Parlamentarnim izborima dobio preko 32.000 glasova podr\u0161ke \u0161to je za dvije hiljade vi\u0161e od Sulejmana Ugljanina i Rasima Ljaji\u0107a. \u00a0U strahu od ja\u010danja Zukorli\u0107a i njegovog u\u010de\u0161\u0107a u Vladi, Ljaji\u0107 poku\u0161ava za [&hellip;]\" \/>\n<meta property=\"og:url\" content=\"https:\/\/sandzakpress.net\/arhiva\/ljajic-napao-vucica-dopustio-je-zukorlicu-da-ojaca\/\" \/>\n<meta property=\"og:site_name\" content=\"Sand\u017eak PRESS\" \/>\n<meta property=\"article:published_time\" content=\"2016-05-01T16:18:55+00:00\" \/>\n<meta property=\"article:modified_time\" content=\"2016-05-01T16:22:42+00:00\" \/>\n<meta property=\"og:image\" content=\"https:\/\/sandzakpress.net\/arhiva\/wp-content\/uploads\/2016\/05\/Vucic-i-Ljajic.jpg\" \/>\n\t<meta property=\"og:image:width\" content=\"940\" \/>\n\t<meta property=\"og:image:height\" content=\"528\" \/>\n\t<meta property=\"og:image:type\" content=\"image\/jpeg\" \/>\n<meta name=\"author\" content=\"bosniak\" \/>\n<meta name=\"twitter:card\" content=\"summary_large_image\" \/>\n<meta name=\"twitter:label1\" content=\"Written by\" \/>\n\t<meta name=\"twitter:data1\" content=\"bosniak\" \/>\n\t<meta name=\"twitter:label2\" content=\"Est. reading time\" \/>\n\t<meta name=\"twitter:data2\" content=\"1 minuta\" \/>\n<script type=\"application\/ld+json\" class=\"yoast-schema-graph\">{\"@context\":\"https:\/\/schema.org\",\"@graph\":[{\"@type\":\"Article\",\"@id\":\"https:\/\/sandzakpress.net\/arhiva\/ljajic-napao-vucica-dopustio-je-zukorlicu-da-ojaca\/#article\",\"isPartOf\":{\"@id\":\"https:\/\/sandzakpress.net\/arhiva\/ljajic-napao-vucica-dopustio-je-zukorlicu-da-ojaca\/\"},\"author\":{\"name\":\"bosniak\",\"@id\":\"https:\/\/sandzakpress.net\/arhiva\/#\/schema\/person\/c8baee722073534b583ea7bdb2e36c02\"},\"headline\":\"Ljaji\u0107 napao Vu\u010di\u0107a &#8211; Dopustio je Zukorli\u0107u da oja\u010da\",\"datePublished\":\"2016-05-01T16:18:55+00:00\",\"dateModified\":\"2016-05-01T16:22:42+00:00\",\"mainEntityOfPage\":{\"@id\":\"https:\/\/sandzakpress.net\/arhiva\/ljajic-napao-vucica-dopustio-je-zukorlicu-da-ojaca\/\"},\"wordCount\":244,\"commentCount\":95,\"publisher\":{\"@id\":\"https:\/\/sandzakpress.net\/arhiva\/#\/schema\/person\/6e72b67d6e51910a1117b3b483ba20bd\"},\"image\":{\"@id\":\"https:\/\/sandzakpress.net\/arhiva\/ljajic-napao-vucica-dopustio-je-zukorlicu-da-ojaca\/#primaryimage\"},\"thumbnailUrl\":\"https:\/\/sandzakpress.net\/arhiva\/wp-content\/uploads\/2016\/05\/Vucic-i-Ljajic.jpg\",\"articleSection\":[\"Novi Pazar\",\"Politika\",\"Sjenica\",\"Tutin\",\"Prijepolje\",\"Priboj\",\"Nova Varo\u0161\",\"VIJESTI DANA\"],\"inLanguage\":\"bs-BA\",\"potentialAction\":[{\"@type\":\"CommentAction\",\"name\":\"Comment\",\"target\":[\"https:\/\/sandzakpress.net\/arhiva\/ljajic-napao-vucica-dopustio-je-zukorlicu-da-ojaca\/#respond\"]}]},{\"@type\":\"WebPage\",\"@id\":\"https:\/\/sandzakpress.net\/arhiva\/ljajic-napao-vucica-dopustio-je-zukorlicu-da-ojaca\/\",\"url\":\"https:\/\/sandzakpress.net\/arhiva\/ljajic-napao-vucica-dopustio-je-zukorlicu-da-ojaca\/\",\"name\":\"Ljaji\u0107 napao Vu\u010di\u0107a - Dopustio je Zukorli\u0107u da oja\u010da\",\"isPartOf\":{\"@id\":\"https:\/\/sandzakpress.net\/arhiva\/#website\"},\"primaryImageOfPage\":{\"@id\":\"https:\/\/sandzakpress.net\/arhiva\/ljajic-napao-vucica-dopustio-je-zukorlicu-da-ojaca\/#primaryimage\"},\"image\":{\"@id\":\"https:\/\/sandzakpress.net\/arhiva\/ljajic-napao-vucica-dopustio-je-zukorlicu-da-ojaca\/#primaryimage\"},\"thumbnailUrl\":\"https:\/\/sandzakpress.net\/arhiva\/wp-content\/uploads\/2016\/05\/Vucic-i-Ljajic.jpg\",\"datePublished\":\"2016-05-01T16:18:55+00:00\",\"dateModified\":\"2016-05-01T16:22:42+00:00\",\"breadcrumb\":{\"@id\":\"https:\/\/sandzakpress.net\/arhiva\/ljajic-napao-vucica-dopustio-je-zukorlicu-da-ojaca\/#breadcrumb\"},\"inLanguage\":\"bs-BA\",\"potentialAction\":[{\"@type\":\"ReadAction\",\"target\":[\"https:\/\/sandzakpress.net\/arhiva\/ljajic-napao-vucica-dopustio-je-zukorlicu-da-ojaca\/\"]}]},{\"@type\":\"ImageObject\",\"inLanguage\":\"bs-BA\",\"@id\":\"https:\/\/sandzakpress.net\/arhiva\/ljajic-napao-vucica-dopustio-je-zukorlicu-da-ojaca\/#primaryimage\",\"url\":\"https:\/\/sandzakpress.net\/arhiva\/wp-content\/uploads\/2016\/05\/Vucic-i-Ljajic.jpg\",\"contentUrl\":\"https:\/\/sandzakpress.net\/arhiva\/wp-content\/uploads\/2016\/05\/Vucic-i-Ljajic.jpg\",\"width\":940,\"height\":528},{\"@type\":\"BreadcrumbList\",\"@id\":\"https:\/\/sandzakpress.net\/arhiva\/ljajic-napao-vucica-dopustio-je-zukorlicu-da-ojaca\/#breadcrumb\",\"itemListElement\":[{\"@type\":\"ListItem\",\"position\":1,\"name\":\"Home\",\"item\":\"https:\/\/sandzakpress.net\/arhiva\/\"},{\"@type\":\"ListItem\",\"position\":2,\"name\":\"Ljaji\u0107 napao Vu\u010di\u0107a &#8211; Dopustio je Zukorli\u0107u da oja\u010da\"}]},{\"@type\":\"WebSite\",\"@id\":\"https:\/\/sandzakpress.net\/arhiva\/#website\",\"url\":\"https:\/\/sandzakpress.net\/arhiva\/\",\"name\":\"Sand\u017eak PRESS\",\"description\":\"Prve elektronske novine u Sand\u017eaku\",\"publisher\":{\"@id\":\"https:\/\/sandzakpress.net\/arhiva\/#\/schema\/person\/6e72b67d6e51910a1117b3b483ba20bd\"},\"potentialAction\":[{\"@type\":\"SearchAction\",\"target\":{\"@type\":\"EntryPoint\",\"urlTemplate\":\"https:\/\/sandzakpress.net\/arhiva\/?s={search_term_string}\"},\"query-input\":{\"@type\":\"PropertyValueSpecification\",\"valueRequired\":true,\"valueName\":\"search_term_string\"}}],\"inLanguage\":\"bs-BA\"},{\"@type\":[\"Person\",\"Organization\"],\"@id\":\"https:\/\/sandzakpress.net\/arhiva\/#\/schema\/person\/6e72b67d6e51910a1117b3b483ba20bd\",\"name\":\"Kul\",\"image\":{\"@type\":\"ImageObject\",\"inLanguage\":\"bs-BA\",\"@id\":\"https:\/\/sandzakpress.net\/arhiva\/#\/schema\/person\/image\/\",\"url\":\"https:\/\/secure.gravatar.com\/avatar\/42263f39aa27ac04c43cab85c280eb2e?s=96&d=mm&r=pg\",\"contentUrl\":\"https:\/\/secure.gravatar.com\/avatar\/42263f39aa27ac04c43cab85c280eb2e?s=96&d=mm&r=pg\",\"caption\":\"Kul\"},\"logo\":{\"@id\":\"https:\/\/sandzakpress.net\/arhiva\/#\/schema\/person\/image\/\"}},{\"@type\":\"Person\",\"@id\":\"https:\/\/sandzakpress.net\/arhiva\/#\/schema\/person\/c8baee722073534b583ea7bdb2e36c02\",\"name\":\"bosniak\",\"image\":{\"@type\":\"ImageObject\",\"inLanguage\":\"bs-BA\",\"@id\":\"https:\/\/sandzakpress.net\/arhiva\/#\/schema\/person\/image\/\",\"url\":\"https:\/\/secure.gravatar.com\/avatar\/a04fd330bfe3a36a72a0ad4a6d89fca7?s=96&d=mm&r=pg\",\"contentUrl\":\"https:\/\/secure.gravatar.com\/avatar\/a04fd330bfe3a36a72a0ad4a6d89fca7?s=96&d=mm&r=pg\",\"caption\":\"bosniak\"},\"url\":\"https:\/\/sandzakpress.net\/arhiva\/author\/bosniak\/\"}]}<\/script>\n<!-- \/ Yoast SEO Premium plugin. -->","yoast_head_json":{"title":"Ljaji\u0107 napao Vu\u010di\u0107a - Dopustio je Zukorli\u0107u da oja\u010da","robots":{"index":"index","follow":"follow","max-snippet":"max-snippet:-1","max-image-preview":"max-image-preview:large","max-video-preview":"max-video-preview:-1"},"canonical":"https:\/\/sandzakpress.net\/arhiva\/ljajic-napao-vucica-dopustio-je-zukorlicu-da-ojaca\/","og_locale":"bs_BA","og_type":"article","og_title":"Ljaji\u0107 napao Vu\u010di\u0107a - Dopustio je Zukorli\u0107u da oja\u010da","og_description":"Sand\u017eak &#8211; Izbori koji su odr\u017eani prije sedam dana pokazali da je Muamer Zukorli\u0107 najzna\u010dajniji politi\u010dki faktor u Sand\u017eaku obzirom da je na Parlamentarnim izborima dobio preko 32.000 glasova podr\u0161ke \u0161to je za dvije hiljade vi\u0161e od Sulejmana Ugljanina i Rasima Ljaji\u0107a. \u00a0U strahu od ja\u010danja Zukorli\u0107a i njegovog u\u010de\u0161\u0107a u Vladi, Ljaji\u0107 poku\u0161ava za [&hellip;]","og_url":"https:\/\/sandzakpress.net\/arhiva\/ljajic-napao-vucica-dopustio-je-zukorlicu-da-ojaca\/","og_site_name":"Sand\u017eak PRESS","article_published_time":"2016-05-01T16:18:55+00:00","article_modified_time":"2016-05-01T16:22:42+00:00","og_image":[{"width":940,"height":528,"url":"https:\/\/sandzakpress.net\/arhiva\/wp-content\/uploads\/2016\/05\/Vucic-i-Ljajic.jpg","type":"image\/jpeg"}],"author":"bosniak","twitter_card":"summary_large_image","twitter_misc":{"Written by":"bosniak","Est. reading time":"1 minuta"},"schema":{"@context":"https:\/\/schema.org","@graph":[{"@type":"Article","@id":"https:\/\/sandzakpress.net\/arhiva\/ljajic-napao-vucica-dopustio-je-zukorlicu-da-ojaca\/#article","isPartOf":{"@id":"https:\/\/sandzakpress.net\/arhiva\/ljajic-napao-vucica-dopustio-je-zukorlicu-da-ojaca\/"},"author":{"name":"bosniak","@id":"https:\/\/sandzakpress.net\/arhiva\/#\/schema\/person\/c8baee722073534b583ea7bdb2e36c02"},"headline":"Ljaji\u0107 napao Vu\u010di\u0107a &#8211; Dopustio je Zukorli\u0107u da oja\u010da","datePublished":"2016-05-01T16:18:55+00:00","dateModified":"2016-05-01T16:22:42+00:00","mainEntityOfPage":{"@id":"https:\/\/sandzakpress.net\/arhiva\/ljajic-napao-vucica-dopustio-je-zukorlicu-da-ojaca\/"},"wordCount":244,"commentCount":95,"publisher":{"@id":"https:\/\/sandzakpress.net\/arhiva\/#\/schema\/person\/6e72b67d6e51910a1117b3b483ba20bd"},"image":{"@id":"https:\/\/sandzakpress.net\/arhiva\/ljajic-napao-vucica-dopustio-je-zukorlicu-da-ojaca\/#primaryimage"},"thumbnailUrl":"https:\/\/sandzakpress.net\/arhiva\/wp-content\/uploads\/2016\/05\/Vucic-i-Ljajic.jpg","articleSection":["Novi Pazar","Politika","Sjenica","Tutin","Prijepolje","Priboj","Nova Varo\u0161","VIJESTI DANA"],"inLanguage":"bs-BA","potentialAction":[{"@type":"CommentAction","name":"Comment","target":["https:\/\/sandzakpress.net\/arhiva\/ljajic-napao-vucica-dopustio-je-zukorlicu-da-ojaca\/#respond"]}]},{"@type":"WebPage","@id":"https:\/\/sandzakpress.net\/arhiva\/ljajic-napao-vucica-dopustio-je-zukorlicu-da-ojaca\/","url":"https:\/\/sandzakpress.net\/arhiva\/ljajic-napao-vucica-dopustio-je-zukorlicu-da-ojaca\/","name":"Ljaji\u0107 napao Vu\u010di\u0107a - Dopustio je Zukorli\u0107u da oja\u010da","isPartOf":{"@id":"https:\/\/sandzakpress.net\/arhiva\/#website"},"primaryImageOfPage":{"@id":"https:\/\/sandzakpress.net\/arhiva\/ljajic-napao-vucica-dopustio-je-zukorlicu-da-ojaca\/#primaryimage"},"image":{"@id":"https:\/\/sandzakpress.net\/arhiva\/ljajic-napao-vucica-dopustio-je-zukorlicu-da-ojaca\/#primaryimage"},"thumbnailUrl":"https:\/\/sandzakpress.net\/arhiva\/wp-content\/uploads\/2016\/05\/Vucic-i-Ljajic.jpg","datePublished":"2016-05-01T16:18:55+00:00","dateModified":"2016-05-01T16:22:42+00:00","breadcrumb":{"@id":"https:\/\/sandzakpress.net\/arhiva\/ljajic-napao-vucica-dopustio-je-zukorlicu-da-ojaca\/#breadcrumb"},"inLanguage":"bs-BA","potentialAction":[{"@type":"ReadAction","target":["https:\/\/sandzakpress.net\/arhiva\/ljajic-napao-vucica-dopustio-je-zukorlicu-da-ojaca\/"]}]},{"@type":"ImageObject","inLanguage":"bs-BA","@id":"https:\/\/sandzakpress.net\/arhiva\/ljajic-napao-vucica-dopustio-je-zukorlicu-da-ojaca\/#primaryimage","url":"https:\/\/sandzakpress.net\/arhiva\/wp-content\/uploads\/2016\/05\/Vucic-i-Ljajic.jpg","contentUrl":"https:\/\/sandzakpress.net\/arhiva\/wp-content\/uploads\/2016\/05\/Vucic-i-Ljajic.jpg","width":940,"height":528},{"@type":"BreadcrumbList","@id":"https:\/\/sandzakpress.net\/arhiva\/ljajic-napao-vucica-dopustio-je-zukorlicu-da-ojaca\/#breadcrumb","itemListElement":[{"@type":"ListItem","position":1,"name":"Home","item":"https:\/\/sandzakpress.net\/arhiva\/"},{"@type":"ListItem","position":2,"name":"Ljaji\u0107 napao Vu\u010di\u0107a &#8211; Dopustio je Zukorli\u0107u da oja\u010da"}]},{"@type":"WebSite","@id":"https:\/\/sandzakpress.net\/arhiva\/#website","url":"https:\/\/sandzakpress.net\/arhiva\/","name":"Sand\u017eak PRESS","description":"Prve elektronske novine u Sand\u017eaku","publisher":{"@id":"https:\/\/sandzakpress.net\/arhiva\/#\/schema\/person\/6e72b67d6e51910a1117b3b483ba20bd"},"potentialAction":[{"@type":"SearchAction","target":{"@type":"EntryPoint","urlTemplate":"https:\/\/sandzakpress.net\/arhiva\/?s={search_term_string}"},"query-input":{"@type":"PropertyValueSpecification","valueRequired":true,"valueName":"search_term_string"}}],"inLanguage":"bs-BA"},{"@type":["Person","Organization"],"@id":"https:\/\/sandzakpress.net\/arhiva\/#\/schema\/person\/6e72b67d6e51910a1117b3b483ba20bd","name":"Kul","image":{"@type":"ImageObject","inLanguage":"bs-BA","@id":"https:\/\/sandzakpress.net\/arhiva\/#\/schema\/person\/image\/","url":"https:\/\/secure.gravatar.com\/avatar\/42263f39aa27ac04c43cab85c280eb2e?s=96&d=mm&r=pg","contentUrl":"https:\/\/secure.gravatar.com\/avatar\/42263f39aa27ac04c43cab85c280eb2e?s=96&d=mm&r=pg","caption":"Kul"},"logo":{"@id":"https:\/\/sandzakpress.net\/arhiva\/#\/schema\/person\/image\/"}},{"@type":"Person","@id":"https:\/\/sandzakpress.net\/arhiva\/#\/schema\/person\/c8baee722073534b583ea7bdb2e36c02","name":"bosniak","image":{"@type":"ImageObject","inLanguage":"bs-BA","@id":"https:\/\/sandzakpress.net\/arhiva\/#\/schema\/person\/image\/","url":"https:\/\/secure.gravatar.com\/avatar\/a04fd330bfe3a36a72a0ad4a6d89fca7?s=96&d=mm&r=pg","contentUrl":"https:\/\/secure.gravatar.com\/avatar\/a04fd330bfe3a36a72a0ad4a6d89fca7?s=96&d=mm&r=pg","caption":"bosniak"},"url":"https:\/\/sandzakpress.net\/arhiva\/author\/bosniak\/"}]}},"_links":{"self":[{"href":"https:\/\/sandzakpress.net\/arhiva\/wp-json\/wp\/v2\/posts\/159591"}],"collection":[{"href":"https:\/\/sandzakpress.net\/arhiva\/wp-json\/wp\/v2\/posts"}],"about":[{"href":"https:\/\/sandzakpress.net\/arhiva\/wp-json\/wp\/v2\/types\/post"}],"author":[{"embeddable":true,"href":"https:\/\/sandzakpress.net\/arhiva\/wp-json\/wp\/v2\/users\/83"}],"replies":[{"embeddable":true,"href":"https:\/\/sandzakpress.net\/arhiva\/wp-json\/wp\/v2\/comments?post=159591"}],"version-history":[{"count":0,"href":"https:\/\/sandzakpress.net\/arhiva\/wp-json\/wp\/v2\/posts\/159591\/revisions"}],"wp:featuredmedia":[{"embeddable":true,"href":"https:\/\/sandzakpress.net\/arhiva\/wp-json\/wp\/v2\/media\/159593"}],"wp:attachment":[{"href":"https:\/\/sandzakpress.net\/arhiva\/wp-json\/wp\/v2\/media?parent=159591"}],"wp:term":[{"taxonomy":"category","embeddable":true,"href":"https:\/\/sandzakpress.net\/arhiva\/wp-json\/wp\/v2\/categories?post=159591"},{"taxonomy":"post_tag","embeddable":true,"href":"https:\/\/sandzakpress.net\/arhiva\/wp-json\/wp\/v2\/tags?post=159591"}],"curies":[{"name":"wp","href":"https:\/\/api.w.org\/{rel}","templated":true}]}}