{"id":159365,"date":"2016-04-21T21:53:48","date_gmt":"2016-04-21T19:53:48","guid":{"rendered":"https:\/\/sandzakpress.net\/arhiva\/?p=159365"},"modified":"2016-04-22T11:52:19","modified_gmt":"2016-04-22T09:52:19","slug":"sarajevo-podrska-listi-muamer-zukorlic-za-pomirenje","status":"publish","type":"post","link":"https:\/\/sandzakpress.net\/arhiva\/sarajevo-podrska-listi-muamer-zukorlic-za-pomirenje\/","title":{"rendered":"Sarajevo: Podr\u0161ka listi \u201eMuamer Zukorli\u0107 Za pomirenje\u201c"},"content":{"rendered":"<p><strong><img loading=\"lazy\" decoding=\"async\" class=\"alignnone size-large wp-image-159364\" src=\"https:\/\/sandzakpress.net\/arhiva\/wp-content\/uploads\/2016\/04\/DSCN1609-Copy-616x340.jpg\" alt=\"DSCN1609 - Copy\" width=\"600\" height=\"331\" srcset=\"https:\/\/sandzakpress.net\/arhiva\/wp-content\/uploads\/2016\/04\/DSCN1609-Copy-616x340.jpg 616w, https:\/\/sandzakpress.net\/arhiva\/wp-content\/uploads\/2016\/04\/DSCN1609-Copy-768x424.jpg 768w, https:\/\/sandzakpress.net\/arhiva\/wp-content\/uploads\/2016\/04\/DSCN1609-Copy-1400x773.jpg 1400w\" sizes=\"(max-width: 600px) 100vw, 600px\" \/>BiH \u2013 Bo\u0161njaci iz Sarajeva uputili su podr\u0161ku listi \u201eMuamer Zukorli\u0107 Za pomirenje\u201c Bo\u0161nja\u010dke demokratske zajednice Sand\u017eaka na izborima koji \u0107e biti odr\u017eani 24. aprila 2016. godine u Republici Srbiji.<\/strong><\/p>\n<p><img loading=\"lazy\" decoding=\"async\" class=\"alignnone size-large wp-image-159363\" src=\"https:\/\/sandzakpress.net\/arhiva\/wp-content\/uploads\/2016\/04\/DSCN1602-616x462.jpg\" alt=\"DSCN1602\" width=\"600\" height=\"450\" srcset=\"https:\/\/sandzakpress.net\/arhiva\/wp-content\/uploads\/2016\/04\/DSCN1602-616x462.jpg 616w, https:\/\/sandzakpress.net\/arhiva\/wp-content\/uploads\/2016\/04\/DSCN1602-768x576.jpg 768w, https:\/\/sandzakpress.net\/arhiva\/wp-content\/uploads\/2016\/04\/DSCN1602-1400x1050.jpg 1400w\" sizes=\"(max-width: 600px) 100vw, 600px\" \/> <img loading=\"lazy\" decoding=\"async\" class=\"alignnone size-large wp-image-159362\" src=\"https:\/\/sandzakpress.net\/arhiva\/wp-content\/uploads\/2016\/04\/DSCN1598-616x462.jpg\" alt=\"DSCN1598\" width=\"600\" height=\"450\" srcset=\"https:\/\/sandzakpress.net\/arhiva\/wp-content\/uploads\/2016\/04\/DSCN1598-616x462.jpg 616w, https:\/\/sandzakpress.net\/arhiva\/wp-content\/uploads\/2016\/04\/DSCN1598-768x576.jpg 768w, https:\/\/sandzakpress.net\/arhiva\/wp-content\/uploads\/2016\/04\/DSCN1598-1400x1050.jpg 1400w\" sizes=\"(max-width: 600px) 100vw, 600px\" \/><\/p>\n<p>(Sand\u017eak PRESS)<\/p>\n","protected":false},"excerpt":{"rendered":"<p>BiH \u2013 Bo\u0161njaci iz Sarajeva uputili su podr\u0161ku listi \u201eMuamer Zukorli\u0107 Za pomirenje\u201c Bo\u0161nja\u010dke demokratske zajednice Sand\u017eaka na izborima koji \u0107e biti odr\u017eani 24. aprila 2016. godine u Republici Srbiji. (Sand\u017eak PRESS)<\/p>\n","protected":false},"author":501,"featured_media":159366,"comment_status":"open","ping_status":"open","sticky":false,"template":"","format":"standard","meta":{"footnotes":""},"categories":[2860,1,8957],"tags":[10204,10223],"class_list":{"0":"post-159365","1":"post","2":"type-post","3":"status-publish","4":"format-standard","5":"has-post-thumbnail","7":"category-bosna-i-hercegovina-gradovi","8":"category-politika","9":"category-vijesti-dana","10":"tag-muftija-muamer-zukorlic","11":"tag-bdz"},"yoast_head":"<!-- This site is optimized with the Yoast SEO Premium plugin v23.1 (Yoast SEO v24.9) - https:\/\/yoast.com\/wordpress\/plugins\/seo\/ -->\n<title>Sarajevo: Podr\u0161ka listi \u201eMuamer Zukorli\u0107 Za pomirenje\u201c<\/title>\n<meta name=\"robots\" content=\"index, follow, max-snippet:-1, max-image-preview:large, max-video-preview:-1\" \/>\n<link rel=\"canonical\" href=\"https:\/\/sandzakpress.net\/arhiva\/sarajevo-podrska-listi-muamer-zukorlic-za-pomirenje\/\" \/>\n<meta property=\"og:locale\" content=\"bs_BA\" \/>\n<meta property=\"og:type\" content=\"article\" \/>\n<meta property=\"og:title\" content=\"Sarajevo: Podr\u0161ka listi \u201eMuamer Zukorli\u0107 Za pomirenje\u201c\" \/>\n<meta property=\"og:description\" content=\"BiH \u2013 Bo\u0161njaci iz Sarajeva uputili su podr\u0161ku listi \u201eMuamer Zukorli\u0107 Za pomirenje\u201c Bo\u0161nja\u010dke demokratske zajednice Sand\u017eaka na izborima koji \u0107e biti odr\u017eani 24. aprila 2016. godine u Republici Srbiji. (Sand\u017eak PRESS)\" \/>\n<meta property=\"og:url\" content=\"https:\/\/sandzakpress.net\/arhiva\/sarajevo-podrska-listi-muamer-zukorlic-za-pomirenje\/\" \/>\n<meta property=\"og:site_name\" content=\"Sand\u017eak PRESS\" \/>\n<meta property=\"article:published_time\" content=\"2016-04-21T19:53:48+00:00\" \/>\n<meta property=\"article:modified_time\" content=\"2016-04-22T09:52:19+00:00\" \/>\n<meta property=\"og:image\" content=\"https:\/\/sandzakpress.net\/arhiva\/wp-content\/uploads\/2016\/04\/DSCN1609-Copy-616x340-1.jpg\" \/>\n\t<meta property=\"og:image:width\" content=\"616\" \/>\n\t<meta property=\"og:image:height\" content=\"340\" \/>\n\t<meta property=\"og:image:type\" content=\"image\/jpeg\" \/>\n<meta name=\"author\" content=\"SM\" \/>\n<meta name=\"twitter:card\" content=\"summary_large_image\" \/>\n<meta name=\"twitter:label1\" content=\"Written by\" \/>\n\t<meta name=\"twitter:data1\" content=\"SM\" \/>\n<script type=\"application\/ld+json\" class=\"yoast-schema-graph\">{\"@context\":\"https:\/\/schema.org\",\"@graph\":[{\"@type\":\"Article\",\"@id\":\"https:\/\/sandzakpress.net\/arhiva\/sarajevo-podrska-listi-muamer-zukorlic-za-pomirenje\/#article\",\"isPartOf\":{\"@id\":\"https:\/\/sandzakpress.net\/arhiva\/sarajevo-podrska-listi-muamer-zukorlic-za-pomirenje\/\"},\"author\":{\"name\":\"SM\",\"@id\":\"https:\/\/sandzakpress.net\/arhiva\/#\/schema\/person\/32f63b6bc693126333e4b1d8cccb52ac\"},\"headline\":\"Sarajevo: Podr\u0161ka listi \u201eMuamer Zukorli\u0107 Za pomirenje\u201c\",\"datePublished\":\"2016-04-21T19:53:48+00:00\",\"dateModified\":\"2016-04-22T09:52:19+00:00\",\"mainEntityOfPage\":{\"@id\":\"https:\/\/sandzakpress.net\/arhiva\/sarajevo-podrska-listi-muamer-zukorlic-za-pomirenje\/\"},\"wordCount\":44,\"commentCount\":8,\"publisher\":{\"@id\":\"https:\/\/sandzakpress.net\/arhiva\/#\/schema\/person\/6e72b67d6e51910a1117b3b483ba20bd\"},\"image\":{\"@id\":\"https:\/\/sandzakpress.net\/arhiva\/sarajevo-podrska-listi-muamer-zukorlic-za-pomirenje\/#primaryimage\"},\"thumbnailUrl\":\"https:\/\/sandzakpress.net\/arhiva\/wp-content\/uploads\/2016\/04\/DSCN1609-Copy-616x340-1.jpg\",\"keywords\":[\"muftija Muamer Zukorli\u0107\",\"BDZ\"],\"articleSection\":[\"Bosna i Hercegovina\",\"Politika\",\"VIJESTI DANA\"],\"inLanguage\":\"bs-BA\",\"potentialAction\":[{\"@type\":\"CommentAction\",\"name\":\"Comment\",\"target\":[\"https:\/\/sandzakpress.net\/arhiva\/sarajevo-podrska-listi-muamer-zukorlic-za-pomirenje\/#respond\"]}]},{\"@type\":\"WebPage\",\"@id\":\"https:\/\/sandzakpress.net\/arhiva\/sarajevo-podrska-listi-muamer-zukorlic-za-pomirenje\/\",\"url\":\"https:\/\/sandzakpress.net\/arhiva\/sarajevo-podrska-listi-muamer-zukorlic-za-pomirenje\/\",\"name\":\"Sarajevo: Podr\u0161ka listi \u201eMuamer Zukorli\u0107 Za pomirenje\u201c\",\"isPartOf\":{\"@id\":\"https:\/\/sandzakpress.net\/arhiva\/#website\"},\"primaryImageOfPage\":{\"@id\":\"https:\/\/sandzakpress.net\/arhiva\/sarajevo-podrska-listi-muamer-zukorlic-za-pomirenje\/#primaryimage\"},\"image\":{\"@id\":\"https:\/\/sandzakpress.net\/arhiva\/sarajevo-podrska-listi-muamer-zukorlic-za-pomirenje\/#primaryimage\"},\"thumbnailUrl\":\"https:\/\/sandzakpress.net\/arhiva\/wp-content\/uploads\/2016\/04\/DSCN1609-Copy-616x340-1.jpg\",\"datePublished\":\"2016-04-21T19:53:48+00:00\",\"dateModified\":\"2016-04-22T09:52:19+00:00\",\"breadcrumb\":{\"@id\":\"https:\/\/sandzakpress.net\/arhiva\/sarajevo-podrska-listi-muamer-zukorlic-za-pomirenje\/#breadcrumb\"},\"inLanguage\":\"bs-BA\",\"potentialAction\":[{\"@type\":\"ReadAction\",\"target\":[\"https:\/\/sandzakpress.net\/arhiva\/sarajevo-podrska-listi-muamer-zukorlic-za-pomirenje\/\"]}]},{\"@type\":\"ImageObject\",\"inLanguage\":\"bs-BA\",\"@id\":\"https:\/\/sandzakpress.net\/arhiva\/sarajevo-podrska-listi-muamer-zukorlic-za-pomirenje\/#primaryimage\",\"url\":\"https:\/\/sandzakpress.net\/arhiva\/wp-content\/uploads\/2016\/04\/DSCN1609-Copy-616x340-1.jpg\",\"contentUrl\":\"https:\/\/sandzakpress.net\/arhiva\/wp-content\/uploads\/2016\/04\/DSCN1609-Copy-616x340-1.jpg\",\"width\":616,\"height\":340},{\"@type\":\"BreadcrumbList\",\"@id\":\"https:\/\/sandzakpress.net\/arhiva\/sarajevo-podrska-listi-muamer-zukorlic-za-pomirenje\/#breadcrumb\",\"itemListElement\":[{\"@type\":\"ListItem\",\"position\":1,\"name\":\"Home\",\"item\":\"https:\/\/sandzakpress.net\/arhiva\/\"},{\"@type\":\"ListItem\",\"position\":2,\"name\":\"Sarajevo: Podr\u0161ka listi \u201eMuamer Zukorli\u0107 Za pomirenje\u201c\"}]},{\"@type\":\"WebSite\",\"@id\":\"https:\/\/sandzakpress.net\/arhiva\/#website\",\"url\":\"https:\/\/sandzakpress.net\/arhiva\/\",\"name\":\"Sand\u017eak PRESS\",\"description\":\"Prve elektronske novine u Sand\u017eaku\",\"publisher\":{\"@id\":\"https:\/\/sandzakpress.net\/arhiva\/#\/schema\/person\/6e72b67d6e51910a1117b3b483ba20bd\"},\"potentialAction\":[{\"@type\":\"SearchAction\",\"target\":{\"@type\":\"EntryPoint\",\"urlTemplate\":\"https:\/\/sandzakpress.net\/arhiva\/?s={search_term_string}\"},\"query-input\":{\"@type\":\"PropertyValueSpecification\",\"valueRequired\":true,\"valueName\":\"search_term_string\"}}],\"inLanguage\":\"bs-BA\"},{\"@type\":[\"Person\",\"Organization\"],\"@id\":\"https:\/\/sandzakpress.net\/arhiva\/#\/schema\/person\/6e72b67d6e51910a1117b3b483ba20bd\",\"name\":\"Kul\",\"image\":{\"@type\":\"ImageObject\",\"inLanguage\":\"bs-BA\",\"@id\":\"https:\/\/sandzakpress.net\/arhiva\/#\/schema\/person\/image\/\",\"url\":\"https:\/\/secure.gravatar.com\/avatar\/42263f39aa27ac04c43cab85c280eb2e?s=96&d=mm&r=pg\",\"contentUrl\":\"https:\/\/secure.gravatar.com\/avatar\/42263f39aa27ac04c43cab85c280eb2e?s=96&d=mm&r=pg\",\"caption\":\"Kul\"},\"logo\":{\"@id\":\"https:\/\/sandzakpress.net\/arhiva\/#\/schema\/person\/image\/\"}},{\"@type\":\"Person\",\"@id\":\"https:\/\/sandzakpress.net\/arhiva\/#\/schema\/person\/32f63b6bc693126333e4b1d8cccb52ac\",\"name\":\"SM\",\"image\":{\"@type\":\"ImageObject\",\"inLanguage\":\"bs-BA\",\"@id\":\"https:\/\/sandzakpress.net\/arhiva\/#\/schema\/person\/image\/\",\"url\":\"https:\/\/secure.gravatar.com\/avatar\/e06a45a606f1dee973ded6565c9e653e?s=96&d=mm&r=pg\",\"contentUrl\":\"https:\/\/secure.gravatar.com\/avatar\/e06a45a606f1dee973ded6565c9e653e?s=96&d=mm&r=pg\",\"caption\":\"SM\"},\"url\":\"https:\/\/sandzakpress.net\/arhiva\/author\/sandzakmedia\/\"}]}<\/script>\n<!-- \/ Yoast SEO Premium plugin. -->","yoast_head_json":{"title":"Sarajevo: Podr\u0161ka listi \u201eMuamer Zukorli\u0107 Za pomirenje\u201c","robots":{"index":"index","follow":"follow","max-snippet":"max-snippet:-1","max-image-preview":"max-image-preview:large","max-video-preview":"max-video-preview:-1"},"canonical":"https:\/\/sandzakpress.net\/arhiva\/sarajevo-podrska-listi-muamer-zukorlic-za-pomirenje\/","og_locale":"bs_BA","og_type":"article","og_title":"Sarajevo: Podr\u0161ka listi \u201eMuamer Zukorli\u0107 Za pomirenje\u201c","og_description":"BiH \u2013 Bo\u0161njaci iz Sarajeva uputili su podr\u0161ku listi \u201eMuamer Zukorli\u0107 Za pomirenje\u201c Bo\u0161nja\u010dke demokratske zajednice Sand\u017eaka na izborima koji \u0107e biti odr\u017eani 24. aprila 2016. godine u Republici Srbiji. (Sand\u017eak PRESS)","og_url":"https:\/\/sandzakpress.net\/arhiva\/sarajevo-podrska-listi-muamer-zukorlic-za-pomirenje\/","og_site_name":"Sand\u017eak PRESS","article_published_time":"2016-04-21T19:53:48+00:00","article_modified_time":"2016-04-22T09:52:19+00:00","og_image":[{"width":616,"height":340,"url":"https:\/\/sandzakpress.net\/arhiva\/wp-content\/uploads\/2016\/04\/DSCN1609-Copy-616x340-1.jpg","type":"image\/jpeg"}],"author":"SM","twitter_card":"summary_large_image","twitter_misc":{"Written by":"SM"},"schema":{"@context":"https:\/\/schema.org","@graph":[{"@type":"Article","@id":"https:\/\/sandzakpress.net\/arhiva\/sarajevo-podrska-listi-muamer-zukorlic-za-pomirenje\/#article","isPartOf":{"@id":"https:\/\/sandzakpress.net\/arhiva\/sarajevo-podrska-listi-muamer-zukorlic-za-pomirenje\/"},"author":{"name":"SM","@id":"https:\/\/sandzakpress.net\/arhiva\/#\/schema\/person\/32f63b6bc693126333e4b1d8cccb52ac"},"headline":"Sarajevo: Podr\u0161ka listi \u201eMuamer Zukorli\u0107 Za pomirenje\u201c","datePublished":"2016-04-21T19:53:48+00:00","dateModified":"2016-04-22T09:52:19+00:00","mainEntityOfPage":{"@id":"https:\/\/sandzakpress.net\/arhiva\/sarajevo-podrska-listi-muamer-zukorlic-za-pomirenje\/"},"wordCount":44,"commentCount":8,"publisher":{"@id":"https:\/\/sandzakpress.net\/arhiva\/#\/schema\/person\/6e72b67d6e51910a1117b3b483ba20bd"},"image":{"@id":"https:\/\/sandzakpress.net\/arhiva\/sarajevo-podrska-listi-muamer-zukorlic-za-pomirenje\/#primaryimage"},"thumbnailUrl":"https:\/\/sandzakpress.net\/arhiva\/wp-content\/uploads\/2016\/04\/DSCN1609-Copy-616x340-1.jpg","keywords":["muftija Muamer Zukorli\u0107","BDZ"],"articleSection":["Bosna i Hercegovina","Politika","VIJESTI DANA"],"inLanguage":"bs-BA","potentialAction":[{"@type":"CommentAction","name":"Comment","target":["https:\/\/sandzakpress.net\/arhiva\/sarajevo-podrska-listi-muamer-zukorlic-za-pomirenje\/#respond"]}]},{"@type":"WebPage","@id":"https:\/\/sandzakpress.net\/arhiva\/sarajevo-podrska-listi-muamer-zukorlic-za-pomirenje\/","url":"https:\/\/sandzakpress.net\/arhiva\/sarajevo-podrska-listi-muamer-zukorlic-za-pomirenje\/","name":"Sarajevo: Podr\u0161ka listi \u201eMuamer Zukorli\u0107 Za pomirenje\u201c","isPartOf":{"@id":"https:\/\/sandzakpress.net\/arhiva\/#website"},"primaryImageOfPage":{"@id":"https:\/\/sandzakpress.net\/arhiva\/sarajevo-podrska-listi-muamer-zukorlic-za-pomirenje\/#primaryimage"},"image":{"@id":"https:\/\/sandzakpress.net\/arhiva\/sarajevo-podrska-listi-muamer-zukorlic-za-pomirenje\/#primaryimage"},"thumbnailUrl":"https:\/\/sandzakpress.net\/arhiva\/wp-content\/uploads\/2016\/04\/DSCN1609-Copy-616x340-1.jpg","datePublished":"2016-04-21T19:53:48+00:00","dateModified":"2016-04-22T09:52:19+00:00","breadcrumb":{"@id":"https:\/\/sandzakpress.net\/arhiva\/sarajevo-podrska-listi-muamer-zukorlic-za-pomirenje\/#breadcrumb"},"inLanguage":"bs-BA","potentialAction":[{"@type":"ReadAction","target":["https:\/\/sandzakpress.net\/arhiva\/sarajevo-podrska-listi-muamer-zukorlic-za-pomirenje\/"]}]},{"@type":"ImageObject","inLanguage":"bs-BA","@id":"https:\/\/sandzakpress.net\/arhiva\/sarajevo-podrska-listi-muamer-zukorlic-za-pomirenje\/#primaryimage","url":"https:\/\/sandzakpress.net\/arhiva\/wp-content\/uploads\/2016\/04\/DSCN1609-Copy-616x340-1.jpg","contentUrl":"https:\/\/sandzakpress.net\/arhiva\/wp-content\/uploads\/2016\/04\/DSCN1609-Copy-616x340-1.jpg","width":616,"height":340},{"@type":"BreadcrumbList","@id":"https:\/\/sandzakpress.net\/arhiva\/sarajevo-podrska-listi-muamer-zukorlic-za-pomirenje\/#breadcrumb","itemListElement":[{"@type":"ListItem","position":1,"name":"Home","item":"https:\/\/sandzakpress.net\/arhiva\/"},{"@type":"ListItem","position":2,"name":"Sarajevo: Podr\u0161ka listi \u201eMuamer Zukorli\u0107 Za pomirenje\u201c"}]},{"@type":"WebSite","@id":"https:\/\/sandzakpress.net\/arhiva\/#website","url":"https:\/\/sandzakpress.net\/arhiva\/","name":"Sand\u017eak PRESS","description":"Prve elektronske novine u Sand\u017eaku","publisher":{"@id":"https:\/\/sandzakpress.net\/arhiva\/#\/schema\/person\/6e72b67d6e51910a1117b3b483ba20bd"},"potentialAction":[{"@type":"SearchAction","target":{"@type":"EntryPoint","urlTemplate":"https:\/\/sandzakpress.net\/arhiva\/?s={search_term_string}"},"query-input":{"@type":"PropertyValueSpecification","valueRequired":true,"valueName":"search_term_string"}}],"inLanguage":"bs-BA"},{"@type":["Person","Organization"],"@id":"https:\/\/sandzakpress.net\/arhiva\/#\/schema\/person\/6e72b67d6e51910a1117b3b483ba20bd","name":"Kul","image":{"@type":"ImageObject","inLanguage":"bs-BA","@id":"https:\/\/sandzakpress.net\/arhiva\/#\/schema\/person\/image\/","url":"https:\/\/secure.gravatar.com\/avatar\/42263f39aa27ac04c43cab85c280eb2e?s=96&d=mm&r=pg","contentUrl":"https:\/\/secure.gravatar.com\/avatar\/42263f39aa27ac04c43cab85c280eb2e?s=96&d=mm&r=pg","caption":"Kul"},"logo":{"@id":"https:\/\/sandzakpress.net\/arhiva\/#\/schema\/person\/image\/"}},{"@type":"Person","@id":"https:\/\/sandzakpress.net\/arhiva\/#\/schema\/person\/32f63b6bc693126333e4b1d8cccb52ac","name":"SM","image":{"@type":"ImageObject","inLanguage":"bs-BA","@id":"https:\/\/sandzakpress.net\/arhiva\/#\/schema\/person\/image\/","url":"https:\/\/secure.gravatar.com\/avatar\/e06a45a606f1dee973ded6565c9e653e?s=96&d=mm&r=pg","contentUrl":"https:\/\/secure.gravatar.com\/avatar\/e06a45a606f1dee973ded6565c9e653e?s=96&d=mm&r=pg","caption":"SM"},"url":"https:\/\/sandzakpress.net\/arhiva\/author\/sandzakmedia\/"}]}},"_links":{"self":[{"href":"https:\/\/sandzakpress.net\/arhiva\/wp-json\/wp\/v2\/posts\/159365"}],"collection":[{"href":"https:\/\/sandzakpress.net\/arhiva\/wp-json\/wp\/v2\/posts"}],"about":[{"href":"https:\/\/sandzakpress.net\/arhiva\/wp-json\/wp\/v2\/types\/post"}],"author":[{"embeddable":true,"href":"https:\/\/sandzakpress.net\/arhiva\/wp-json\/wp\/v2\/users\/501"}],"replies":[{"embeddable":true,"href":"https:\/\/sandzakpress.net\/arhiva\/wp-json\/wp\/v2\/comments?post=159365"}],"version-history":[{"count":0,"href":"https:\/\/sandzakpress.net\/arhiva\/wp-json\/wp\/v2\/posts\/159365\/revisions"}],"wp:featuredmedia":[{"embeddable":true,"href":"https:\/\/sandzakpress.net\/arhiva\/wp-json\/wp\/v2\/media\/159366"}],"wp:attachment":[{"href":"https:\/\/sandzakpress.net\/arhiva\/wp-json\/wp\/v2\/media?parent=159365"}],"wp:term":[{"taxonomy":"category","embeddable":true,"href":"https:\/\/sandzakpress.net\/arhiva\/wp-json\/wp\/v2\/categories?post=159365"},{"taxonomy":"post_tag","embeddable":true,"href":"https:\/\/sandzakpress.net\/arhiva\/wp-json\/wp\/v2\/tags?post=159365"}],"curies":[{"name":"wp","href":"https:\/\/api.w.org\/{rel}","templated":true}]}}