{"id":158934,"date":"2016-04-14T20:23:30","date_gmt":"2016-04-14T18:23:30","guid":{"rendered":"https:\/\/sandzakpress.net\/arhiva\/?p=158934"},"modified":"2016-04-14T22:49:25","modified_gmt":"2016-04-14T20:49:25","slug":"zukorlic-predstavio-ideju-pomirenja-u-presevu","status":"publish","type":"post","link":"https:\/\/sandzakpress.net\/arhiva\/zukorlic-predstavio-ideju-pomirenja-u-presevu\/","title":{"rendered":"Zukorli\u0107 predstavio listu &#8220;Za pomirenje&#8221; u Pre\u0161evu"},"content":{"rendered":"<p><img loading=\"lazy\" decoding=\"async\" class=\"aligncenter size-full wp-image-158938\" src=\"https:\/\/sandzakpress.net\/arhiva\/wp-content\/uploads\/2016\/04\/4-9.jpg\" alt=\"4\" width=\"600\" height=\"450\" \/><\/p>\n<p><strong>Kosovo &#8211; U amfiteatru televizije Pre\u0161evo nosilac liste Za pomirenje Muamer Zukorli\u0107 je predstavljaju\u0107i svoj program. On je tom priliko rekao gra\u0111anima Pre\u0161eva da \u0107e kao nosilac liste na predstoje\u0107im izborima za zastupati kako bosnja\u010dke interese, tako i albanske. Zahvalio se na povjerenju koje su mu ukazali na izborima za predsjedni\u010dke izbore.<\/strong><\/p>\n<p>&#8220;Ja ne molim za glasove, ne otimam glasove, ne poni\u017eavam se za glasove. Ako mi date povjerenje i u velikom broju glasate za\u00a0mene bi\u0107e mi te\u017ee a vama lak\u0161e, ali ako u malom broju glasate\u00a0meni \u0107e biti lak\u0161e, vama te\u017ee&#8221;- istakao Zukorli\u0107 i dodaje da \u0107e se u svakom slu\u010daju boriti za gra\u0111ane Pre\u0161eva, ali ako dobije ozbiljan broj glasova, ka\u017ee, da \u0107e imati ve\u0107u obavezu ali i ve\u0107i legitimitet da brani njihova prava.<\/p>\n<p>Zukorli\u0107 je kazao je da \u0107e se boriti za otvaranje i slobodu granica jer je to cilj EU. On je\u00a0pozvao gra\u0111ane Pre\u0161eva da mu se obrate za bilo koji problem, isti\u010du\u0107i da koncept koji nudi pomirenje\u00a0i stabilizacija odnosa\u00a0izme\u0111u naroda.<br \/>&#8220;Pomirenje uslov opstanka i i energije kojom trebamo i\u0107i naprijed&#8221; kazao je Zukorli\u0107.<\/p>\n<p>Na kraju se zahvalio svim prisutnima uz poruku da glasaju za one kojima bi povjerili dijete na \u010duvanje, \u00a0zavr\u0161io je Zukorlic i tom prilikom podijelio \u0161tampani program stranke.<\/p>\n<p> <img loading=\"lazy\" decoding=\"async\" class=\"aligncenter size-full wp-image-158936\" src=\"https:\/\/sandzakpress.net\/arhiva\/wp-content\/uploads\/2016\/04\/2-15.jpg\" alt=\"2\" width=\"808\" height=\"533\" srcset=\"https:\/\/sandzakpress.net\/arhiva\/wp-content\/uploads\/2016\/04\/2-15.jpg 808w, https:\/\/sandzakpress.net\/arhiva\/wp-content\/uploads\/2016\/04\/2-15-768x507.jpg 768w, https:\/\/sandzakpress.net\/arhiva\/wp-content\/uploads\/2016\/04\/2-15-616x406.jpg 616w\" sizes=\"(max-width: 808px) 100vw, 808px\" \/> <img loading=\"lazy\" decoding=\"async\" class=\"aligncenter size-full wp-image-158937\" src=\"https:\/\/sandzakpress.net\/arhiva\/wp-content\/uploads\/2016\/04\/3-13.jpg\" alt=\"3\" width=\"600\" height=\"450\" \/><\/p>\n<p>SANA &#8211; A.\u0160aboti\u0107<\/p>\n","protected":false},"excerpt":{"rendered":"<p>Kosovo &#8211; U amfiteatru televizije Pre\u0161evo nosilac liste Za pomirenje Muamer Zukorli\u0107 je predstavljaju\u0107i svoj program. On je tom priliko rekao gra\u0111anima Pre\u0161eva da \u0107e kao nosilac liste na predstoje\u0107im izborima za zastupati kako bosnja\u010dke interese, tako i albanske. Zahvalio se na povjerenju koje su mu ukazali na izborima za predsjedni\u010dke izbore. &#8220;Ja ne molim [&hellip;]<\/p>\n","protected":false},"author":83,"featured_media":158938,"comment_status":"open","ping_status":"open","sticky":false,"template":"","format":"standard","meta":{"footnotes":""},"categories":[2690,1,8957,16],"tags":[10204,10223],"class_list":{"0":"post-158934","1":"post","2":"type-post","3":"status-publish","4":"format-standard","5":"has-post-thumbnail","7":"category-kosovo-gradovi","8":"category-politika","9":"category-vijesti-dana","10":"category-novine","11":"tag-muftija-muamer-zukorlic","12":"tag-bdz"},"yoast_head":"<!-- This site is optimized with the Yoast SEO Premium plugin v23.1 (Yoast SEO v24.9) - https:\/\/yoast.com\/wordpress\/plugins\/seo\/ -->\n<title>Zukorli\u0107 predstavio listu &quot;Za pomirenje&quot; u Pre\u0161evu<\/title>\n<meta name=\"robots\" content=\"index, follow, max-snippet:-1, max-image-preview:large, max-video-preview:-1\" \/>\n<link rel=\"canonical\" href=\"https:\/\/sandzakpress.net\/arhiva\/zukorlic-predstavio-ideju-pomirenja-u-presevu\/\" \/>\n<meta property=\"og:locale\" content=\"bs_BA\" \/>\n<meta property=\"og:type\" content=\"article\" \/>\n<meta property=\"og:title\" content=\"Zukorli\u0107 predstavio listu &quot;Za pomirenje&quot; u Pre\u0161evu\" \/>\n<meta property=\"og:description\" content=\"Kosovo &#8211; U amfiteatru televizije Pre\u0161evo nosilac liste Za pomirenje Muamer Zukorli\u0107 je predstavljaju\u0107i svoj program. On je tom priliko rekao gra\u0111anima Pre\u0161eva da \u0107e kao nosilac liste na predstoje\u0107im izborima za zastupati kako bosnja\u010dke interese, tako i albanske. Zahvalio se na povjerenju koje su mu ukazali na izborima za predsjedni\u010dke izbore. &#8220;Ja ne molim [&hellip;]\" \/>\n<meta property=\"og:url\" content=\"https:\/\/sandzakpress.net\/arhiva\/zukorlic-predstavio-ideju-pomirenja-u-presevu\/\" \/>\n<meta property=\"og:site_name\" content=\"Sand\u017eak PRESS\" \/>\n<meta property=\"article:published_time\" content=\"2016-04-14T18:23:30+00:00\" \/>\n<meta property=\"article:modified_time\" content=\"2016-04-14T20:49:25+00:00\" \/>\n<meta property=\"og:image\" content=\"https:\/\/sandzakpress.net\/arhiva\/wp-content\/uploads\/2016\/04\/4-9.jpg\" \/>\n\t<meta property=\"og:image:width\" content=\"600\" \/>\n\t<meta property=\"og:image:height\" content=\"450\" \/>\n\t<meta property=\"og:image:type\" content=\"image\/jpeg\" \/>\n<meta name=\"author\" content=\"bosniak\" \/>\n<meta name=\"twitter:card\" content=\"summary_large_image\" \/>\n<meta name=\"twitter:label1\" content=\"Written by\" \/>\n\t<meta name=\"twitter:data1\" content=\"bosniak\" \/>\n\t<meta name=\"twitter:label2\" content=\"Est. reading time\" \/>\n\t<meta name=\"twitter:data2\" content=\"1 minuta\" \/>\n<script type=\"application\/ld+json\" class=\"yoast-schema-graph\">{\"@context\":\"https:\/\/schema.org\",\"@graph\":[{\"@type\":\"Article\",\"@id\":\"https:\/\/sandzakpress.net\/arhiva\/zukorlic-predstavio-ideju-pomirenja-u-presevu\/#article\",\"isPartOf\":{\"@id\":\"https:\/\/sandzakpress.net\/arhiva\/zukorlic-predstavio-ideju-pomirenja-u-presevu\/\"},\"author\":{\"name\":\"bosniak\",\"@id\":\"https:\/\/sandzakpress.net\/arhiva\/#\/schema\/person\/c8baee722073534b583ea7bdb2e36c02\"},\"headline\":\"Zukorli\u0107 predstavio listu &#8220;Za pomirenje&#8221; u Pre\u0161evu\",\"datePublished\":\"2016-04-14T18:23:30+00:00\",\"dateModified\":\"2016-04-14T20:49:25+00:00\",\"mainEntityOfPage\":{\"@id\":\"https:\/\/sandzakpress.net\/arhiva\/zukorlic-predstavio-ideju-pomirenja-u-presevu\/\"},\"wordCount\":250,\"commentCount\":15,\"publisher\":{\"@id\":\"https:\/\/sandzakpress.net\/arhiva\/#\/schema\/person\/6e72b67d6e51910a1117b3b483ba20bd\"},\"image\":{\"@id\":\"https:\/\/sandzakpress.net\/arhiva\/zukorlic-predstavio-ideju-pomirenja-u-presevu\/#primaryimage\"},\"thumbnailUrl\":\"https:\/\/sandzakpress.net\/arhiva\/wp-content\/uploads\/2016\/04\/4-9.jpg\",\"keywords\":[\"muftija Muamer Zukorli\u0107\",\"BDZ\"],\"articleSection\":[\"Kosovo\",\"Politika\",\"VIJESTI DANA\",\"Novine\"],\"inLanguage\":\"bs-BA\",\"potentialAction\":[{\"@type\":\"CommentAction\",\"name\":\"Comment\",\"target\":[\"https:\/\/sandzakpress.net\/arhiva\/zukorlic-predstavio-ideju-pomirenja-u-presevu\/#respond\"]}]},{\"@type\":\"WebPage\",\"@id\":\"https:\/\/sandzakpress.net\/arhiva\/zukorlic-predstavio-ideju-pomirenja-u-presevu\/\",\"url\":\"https:\/\/sandzakpress.net\/arhiva\/zukorlic-predstavio-ideju-pomirenja-u-presevu\/\",\"name\":\"Zukorli\u0107 predstavio listu \\\"Za pomirenje\\\" u Pre\u0161evu\",\"isPartOf\":{\"@id\":\"https:\/\/sandzakpress.net\/arhiva\/#website\"},\"primaryImageOfPage\":{\"@id\":\"https:\/\/sandzakpress.net\/arhiva\/zukorlic-predstavio-ideju-pomirenja-u-presevu\/#primaryimage\"},\"image\":{\"@id\":\"https:\/\/sandzakpress.net\/arhiva\/zukorlic-predstavio-ideju-pomirenja-u-presevu\/#primaryimage\"},\"thumbnailUrl\":\"https:\/\/sandzakpress.net\/arhiva\/wp-content\/uploads\/2016\/04\/4-9.jpg\",\"datePublished\":\"2016-04-14T18:23:30+00:00\",\"dateModified\":\"2016-04-14T20:49:25+00:00\",\"breadcrumb\":{\"@id\":\"https:\/\/sandzakpress.net\/arhiva\/zukorlic-predstavio-ideju-pomirenja-u-presevu\/#breadcrumb\"},\"inLanguage\":\"bs-BA\",\"potentialAction\":[{\"@type\":\"ReadAction\",\"target\":[\"https:\/\/sandzakpress.net\/arhiva\/zukorlic-predstavio-ideju-pomirenja-u-presevu\/\"]}]},{\"@type\":\"ImageObject\",\"inLanguage\":\"bs-BA\",\"@id\":\"https:\/\/sandzakpress.net\/arhiva\/zukorlic-predstavio-ideju-pomirenja-u-presevu\/#primaryimage\",\"url\":\"https:\/\/sandzakpress.net\/arhiva\/wp-content\/uploads\/2016\/04\/4-9.jpg\",\"contentUrl\":\"https:\/\/sandzakpress.net\/arhiva\/wp-content\/uploads\/2016\/04\/4-9.jpg\",\"width\":600,\"height\":450},{\"@type\":\"BreadcrumbList\",\"@id\":\"https:\/\/sandzakpress.net\/arhiva\/zukorlic-predstavio-ideju-pomirenja-u-presevu\/#breadcrumb\",\"itemListElement\":[{\"@type\":\"ListItem\",\"position\":1,\"name\":\"Home\",\"item\":\"https:\/\/sandzakpress.net\/arhiva\/\"},{\"@type\":\"ListItem\",\"position\":2,\"name\":\"Zukorli\u0107 predstavio listu &#8220;Za pomirenje&#8221; u Pre\u0161evu\"}]},{\"@type\":\"WebSite\",\"@id\":\"https:\/\/sandzakpress.net\/arhiva\/#website\",\"url\":\"https:\/\/sandzakpress.net\/arhiva\/\",\"name\":\"Sand\u017eak PRESS\",\"description\":\"Prve elektronske novine u Sand\u017eaku\",\"publisher\":{\"@id\":\"https:\/\/sandzakpress.net\/arhiva\/#\/schema\/person\/6e72b67d6e51910a1117b3b483ba20bd\"},\"potentialAction\":[{\"@type\":\"SearchAction\",\"target\":{\"@type\":\"EntryPoint\",\"urlTemplate\":\"https:\/\/sandzakpress.net\/arhiva\/?s={search_term_string}\"},\"query-input\":{\"@type\":\"PropertyValueSpecification\",\"valueRequired\":true,\"valueName\":\"search_term_string\"}}],\"inLanguage\":\"bs-BA\"},{\"@type\":[\"Person\",\"Organization\"],\"@id\":\"https:\/\/sandzakpress.net\/arhiva\/#\/schema\/person\/6e72b67d6e51910a1117b3b483ba20bd\",\"name\":\"Kul\",\"image\":{\"@type\":\"ImageObject\",\"inLanguage\":\"bs-BA\",\"@id\":\"https:\/\/sandzakpress.net\/arhiva\/#\/schema\/person\/image\/\",\"url\":\"https:\/\/secure.gravatar.com\/avatar\/42263f39aa27ac04c43cab85c280eb2e?s=96&d=mm&r=pg\",\"contentUrl\":\"https:\/\/secure.gravatar.com\/avatar\/42263f39aa27ac04c43cab85c280eb2e?s=96&d=mm&r=pg\",\"caption\":\"Kul\"},\"logo\":{\"@id\":\"https:\/\/sandzakpress.net\/arhiva\/#\/schema\/person\/image\/\"}},{\"@type\":\"Person\",\"@id\":\"https:\/\/sandzakpress.net\/arhiva\/#\/schema\/person\/c8baee722073534b583ea7bdb2e36c02\",\"name\":\"bosniak\",\"image\":{\"@type\":\"ImageObject\",\"inLanguage\":\"bs-BA\",\"@id\":\"https:\/\/sandzakpress.net\/arhiva\/#\/schema\/person\/image\/\",\"url\":\"https:\/\/secure.gravatar.com\/avatar\/a04fd330bfe3a36a72a0ad4a6d89fca7?s=96&d=mm&r=pg\",\"contentUrl\":\"https:\/\/secure.gravatar.com\/avatar\/a04fd330bfe3a36a72a0ad4a6d89fca7?s=96&d=mm&r=pg\",\"caption\":\"bosniak\"},\"url\":\"https:\/\/sandzakpress.net\/arhiva\/author\/bosniak\/\"}]}<\/script>\n<!-- \/ Yoast SEO Premium plugin. -->","yoast_head_json":{"title":"Zukorli\u0107 predstavio listu \"Za pomirenje\" u Pre\u0161evu","robots":{"index":"index","follow":"follow","max-snippet":"max-snippet:-1","max-image-preview":"max-image-preview:large","max-video-preview":"max-video-preview:-1"},"canonical":"https:\/\/sandzakpress.net\/arhiva\/zukorlic-predstavio-ideju-pomirenja-u-presevu\/","og_locale":"bs_BA","og_type":"article","og_title":"Zukorli\u0107 predstavio listu \"Za pomirenje\" u Pre\u0161evu","og_description":"Kosovo &#8211; U amfiteatru televizije Pre\u0161evo nosilac liste Za pomirenje Muamer Zukorli\u0107 je predstavljaju\u0107i svoj program. On je tom priliko rekao gra\u0111anima Pre\u0161eva da \u0107e kao nosilac liste na predstoje\u0107im izborima za zastupati kako bosnja\u010dke interese, tako i albanske. Zahvalio se na povjerenju koje su mu ukazali na izborima za predsjedni\u010dke izbore. &#8220;Ja ne molim [&hellip;]","og_url":"https:\/\/sandzakpress.net\/arhiva\/zukorlic-predstavio-ideju-pomirenja-u-presevu\/","og_site_name":"Sand\u017eak PRESS","article_published_time":"2016-04-14T18:23:30+00:00","article_modified_time":"2016-04-14T20:49:25+00:00","og_image":[{"width":600,"height":450,"url":"https:\/\/sandzakpress.net\/arhiva\/wp-content\/uploads\/2016\/04\/4-9.jpg","type":"image\/jpeg"}],"author":"bosniak","twitter_card":"summary_large_image","twitter_misc":{"Written by":"bosniak","Est. reading time":"1 minuta"},"schema":{"@context":"https:\/\/schema.org","@graph":[{"@type":"Article","@id":"https:\/\/sandzakpress.net\/arhiva\/zukorlic-predstavio-ideju-pomirenja-u-presevu\/#article","isPartOf":{"@id":"https:\/\/sandzakpress.net\/arhiva\/zukorlic-predstavio-ideju-pomirenja-u-presevu\/"},"author":{"name":"bosniak","@id":"https:\/\/sandzakpress.net\/arhiva\/#\/schema\/person\/c8baee722073534b583ea7bdb2e36c02"},"headline":"Zukorli\u0107 predstavio listu &#8220;Za pomirenje&#8221; u Pre\u0161evu","datePublished":"2016-04-14T18:23:30+00:00","dateModified":"2016-04-14T20:49:25+00:00","mainEntityOfPage":{"@id":"https:\/\/sandzakpress.net\/arhiva\/zukorlic-predstavio-ideju-pomirenja-u-presevu\/"},"wordCount":250,"commentCount":15,"publisher":{"@id":"https:\/\/sandzakpress.net\/arhiva\/#\/schema\/person\/6e72b67d6e51910a1117b3b483ba20bd"},"image":{"@id":"https:\/\/sandzakpress.net\/arhiva\/zukorlic-predstavio-ideju-pomirenja-u-presevu\/#primaryimage"},"thumbnailUrl":"https:\/\/sandzakpress.net\/arhiva\/wp-content\/uploads\/2016\/04\/4-9.jpg","keywords":["muftija Muamer Zukorli\u0107","BDZ"],"articleSection":["Kosovo","Politika","VIJESTI DANA","Novine"],"inLanguage":"bs-BA","potentialAction":[{"@type":"CommentAction","name":"Comment","target":["https:\/\/sandzakpress.net\/arhiva\/zukorlic-predstavio-ideju-pomirenja-u-presevu\/#respond"]}]},{"@type":"WebPage","@id":"https:\/\/sandzakpress.net\/arhiva\/zukorlic-predstavio-ideju-pomirenja-u-presevu\/","url":"https:\/\/sandzakpress.net\/arhiva\/zukorlic-predstavio-ideju-pomirenja-u-presevu\/","name":"Zukorli\u0107 predstavio listu \"Za pomirenje\" u Pre\u0161evu","isPartOf":{"@id":"https:\/\/sandzakpress.net\/arhiva\/#website"},"primaryImageOfPage":{"@id":"https:\/\/sandzakpress.net\/arhiva\/zukorlic-predstavio-ideju-pomirenja-u-presevu\/#primaryimage"},"image":{"@id":"https:\/\/sandzakpress.net\/arhiva\/zukorlic-predstavio-ideju-pomirenja-u-presevu\/#primaryimage"},"thumbnailUrl":"https:\/\/sandzakpress.net\/arhiva\/wp-content\/uploads\/2016\/04\/4-9.jpg","datePublished":"2016-04-14T18:23:30+00:00","dateModified":"2016-04-14T20:49:25+00:00","breadcrumb":{"@id":"https:\/\/sandzakpress.net\/arhiva\/zukorlic-predstavio-ideju-pomirenja-u-presevu\/#breadcrumb"},"inLanguage":"bs-BA","potentialAction":[{"@type":"ReadAction","target":["https:\/\/sandzakpress.net\/arhiva\/zukorlic-predstavio-ideju-pomirenja-u-presevu\/"]}]},{"@type":"ImageObject","inLanguage":"bs-BA","@id":"https:\/\/sandzakpress.net\/arhiva\/zukorlic-predstavio-ideju-pomirenja-u-presevu\/#primaryimage","url":"https:\/\/sandzakpress.net\/arhiva\/wp-content\/uploads\/2016\/04\/4-9.jpg","contentUrl":"https:\/\/sandzakpress.net\/arhiva\/wp-content\/uploads\/2016\/04\/4-9.jpg","width":600,"height":450},{"@type":"BreadcrumbList","@id":"https:\/\/sandzakpress.net\/arhiva\/zukorlic-predstavio-ideju-pomirenja-u-presevu\/#breadcrumb","itemListElement":[{"@type":"ListItem","position":1,"name":"Home","item":"https:\/\/sandzakpress.net\/arhiva\/"},{"@type":"ListItem","position":2,"name":"Zukorli\u0107 predstavio listu &#8220;Za pomirenje&#8221; u Pre\u0161evu"}]},{"@type":"WebSite","@id":"https:\/\/sandzakpress.net\/arhiva\/#website","url":"https:\/\/sandzakpress.net\/arhiva\/","name":"Sand\u017eak PRESS","description":"Prve elektronske novine u Sand\u017eaku","publisher":{"@id":"https:\/\/sandzakpress.net\/arhiva\/#\/schema\/person\/6e72b67d6e51910a1117b3b483ba20bd"},"potentialAction":[{"@type":"SearchAction","target":{"@type":"EntryPoint","urlTemplate":"https:\/\/sandzakpress.net\/arhiva\/?s={search_term_string}"},"query-input":{"@type":"PropertyValueSpecification","valueRequired":true,"valueName":"search_term_string"}}],"inLanguage":"bs-BA"},{"@type":["Person","Organization"],"@id":"https:\/\/sandzakpress.net\/arhiva\/#\/schema\/person\/6e72b67d6e51910a1117b3b483ba20bd","name":"Kul","image":{"@type":"ImageObject","inLanguage":"bs-BA","@id":"https:\/\/sandzakpress.net\/arhiva\/#\/schema\/person\/image\/","url":"https:\/\/secure.gravatar.com\/avatar\/42263f39aa27ac04c43cab85c280eb2e?s=96&d=mm&r=pg","contentUrl":"https:\/\/secure.gravatar.com\/avatar\/42263f39aa27ac04c43cab85c280eb2e?s=96&d=mm&r=pg","caption":"Kul"},"logo":{"@id":"https:\/\/sandzakpress.net\/arhiva\/#\/schema\/person\/image\/"}},{"@type":"Person","@id":"https:\/\/sandzakpress.net\/arhiva\/#\/schema\/person\/c8baee722073534b583ea7bdb2e36c02","name":"bosniak","image":{"@type":"ImageObject","inLanguage":"bs-BA","@id":"https:\/\/sandzakpress.net\/arhiva\/#\/schema\/person\/image\/","url":"https:\/\/secure.gravatar.com\/avatar\/a04fd330bfe3a36a72a0ad4a6d89fca7?s=96&d=mm&r=pg","contentUrl":"https:\/\/secure.gravatar.com\/avatar\/a04fd330bfe3a36a72a0ad4a6d89fca7?s=96&d=mm&r=pg","caption":"bosniak"},"url":"https:\/\/sandzakpress.net\/arhiva\/author\/bosniak\/"}]}},"_links":{"self":[{"href":"https:\/\/sandzakpress.net\/arhiva\/wp-json\/wp\/v2\/posts\/158934"}],"collection":[{"href":"https:\/\/sandzakpress.net\/arhiva\/wp-json\/wp\/v2\/posts"}],"about":[{"href":"https:\/\/sandzakpress.net\/arhiva\/wp-json\/wp\/v2\/types\/post"}],"author":[{"embeddable":true,"href":"https:\/\/sandzakpress.net\/arhiva\/wp-json\/wp\/v2\/users\/83"}],"replies":[{"embeddable":true,"href":"https:\/\/sandzakpress.net\/arhiva\/wp-json\/wp\/v2\/comments?post=158934"}],"version-history":[{"count":0,"href":"https:\/\/sandzakpress.net\/arhiva\/wp-json\/wp\/v2\/posts\/158934\/revisions"}],"wp:featuredmedia":[{"embeddable":true,"href":"https:\/\/sandzakpress.net\/arhiva\/wp-json\/wp\/v2\/media\/158938"}],"wp:attachment":[{"href":"https:\/\/sandzakpress.net\/arhiva\/wp-json\/wp\/v2\/media?parent=158934"}],"wp:term":[{"taxonomy":"category","embeddable":true,"href":"https:\/\/sandzakpress.net\/arhiva\/wp-json\/wp\/v2\/categories?post=158934"},{"taxonomy":"post_tag","embeddable":true,"href":"https:\/\/sandzakpress.net\/arhiva\/wp-json\/wp\/v2\/tags?post=158934"}],"curies":[{"name":"wp","href":"https:\/\/api.w.org\/{rel}","templated":true}]}}