{"id":158708,"date":"2016-04-10T12:37:02","date_gmt":"2016-04-10T10:37:02","guid":{"rendered":"https:\/\/sandzakpress.net\/arhiva\/dr-ceric-na-konferenciji-u-becu-ako-podijele-mostar-po-etnickim-linijama-i-cijelu-bosnu-ce-podijeliti"},"modified":"2016-04-10T12:37:02","modified_gmt":"2016-04-10T10:37:02","slug":"dr-ceric-na-konferenciji-u-becu-ako-podijele-mostar-po-etnickim-linijama-i-cijelu-bosnu-ce-podijeliti","status":"publish","type":"post","link":"https:\/\/sandzakpress.net\/arhiva\/dr-ceric-na-konferenciji-u-becu-ako-podijele-mostar-po-etnickim-linijama-i-cijelu-bosnu-ce-podijeliti\/","title":{"rendered":"Dr. Ceri\u0107 na konferenciji u Be\u010du: Ako podijele Mostar po etni\u010dkim linijama i cijelu Bosnu \u0107e podijeliti"},"content":{"rendered":"<p style=\"text-align: justify\"><strong><a href=\"http:\/\/bosnapress.net\/wp-content\/uploads\/2016\/04\/12923129_1725068761104702_1446426384714966400_n-600x450.jpg\"><img loading=\"lazy\" decoding=\"async\" class=\"alignnone size-full wp-image-177027\" src=\"http:\/\/bosnapress.net\/wp-content\/uploads\/2016\/04\/12923129_1725068761104702_1446426384714966400_n-600x450.jpg\" alt=\"12923129_1725068761104702_1446426384714966400_n-600x450\" width=\"600\" height=\"450\" \/><\/a>Austrija, BiH \u2013 Na poziv direktora Be\u010dke Diplomatske Akademije Hansa Winklera ju\u010der je dr. Mustafa Ceri\u0107, reisu-l-ulema emeritus i predsjednik Svjetskog bo\u0161nja\u010dkog kongresa u\u010destvovao na konferenciji u Be\u010du u organizaciji Be\u010dke Diplomatske Akademije, Instituta za Strate\u0161ki Dijalog i Klub 3 o temi: \u201cLokomotiva za kooperaciju u Centralnoj Europi i Balkanu\u201d sa posebnim osvrtom na prognanike sa Istoka, opasnost od radikalizma i ektremizma te potrebe za zajedni\u010dki rad na miru i sigurnosti.<\/strong><\/p>\n<p style=\"text-align: justify\">Zapis svjedo\u010denja reisuleme emeritusa dr. Mustafe Ceri\u0107a na Konferenciji o tome \u0161ta Bo\u0161njaci misle, \u010dega se boje i \u010demu se nadaju u Bosni i Evropi pro\u010ditajte u kompletnom izlaganju koje objavljujemo:<\/p>\n<p style=\"text-align: justify\">Mustafa Ceri\u0107<\/p>\n<p style=\"text-align: justify\">Gospodine predsjedavaju\u0107i,<\/p>\n<p style=\"text-align: justify\">Dame i gospodo,<\/p>\n<p style=\"text-align: justify\">Selam \/ Shalom \/ Dobar dan,<\/p>\n<p style=\"text-align: justify\">Hvala vam \u0161to ste mi dali priliku da govorim na ovoj konferenciji\u00a0 u Be\u010du.<\/p>\n<p style=\"text-align: justify\"><strong>I<\/strong><\/p>\n<p style=\"text-align: justify\">Ja sam musliman. I ponosim se time. \u0160tavi\u0161e, ja sam musliman po profesiji muftijskog odijela. Da, tako je, gotovo davadeset godina obna\u0161ao sam u\u017enost reisu-l-uleme i vrhovnog muftije u Bosni i Hercegovini. Oslobo\u0111en sam du\u017enosti, ali ne i muftijske misije.\u00a0\u017delim naglasiti da ja nisam imigrant. Bio sam emigrant u Americi. Osamdesetih godina pro\u0161log stolje\u0107a imao sam lijepo iskustvo u\u00a0\u010cikagu. Doista,\u00a0\u010cikago je je moj tip grada, my kind of town. Dvoje moje djece je ro\u0111eno u tom gradu. Ali nisam htio ostati u Chicagu. Vratio sam se ili \u201cmigrirao\u201d sam u Evropu. Vratio sam se u zemlju mojih predaka, u moju domovinu Bosnu. Nikad nisam ni pomislio da bih mogao ostati bespomo\u0107an, besku\u0107an, bez zemlje i bez dr\u017eave dok nisam\u00a0\u010duo politi\u010dara u mom okru\u017eenju kako ka\u017ee:\u00a0\u201cNemojte da mislite da ne\u0107ete Bosnu i Hercegovinu odvesti u pakao, a muslimanski narod mo\u017eda u nestanak\u201d<a href=\"https:\/\/mail.google.com\/mail\/u\/0\/#m_5069980237944651782__ftn1\">[1]<\/a>. Ova genocidna izjava \u00a0me potaklo da mislim da ljudi nisu ro\u0111eni bespomo\u0107ni, besku\u0107ni, bezemlja\u0161i i bezdr\u017eavotvorni ve\u0107\u00a0ih takvim u\u010dine bezdu\u0161ni, bezumni, bezosje\u0107ajni, besavjesni ljudi. Dakle, talas prognanika<a href=\"https:\/\/mail.google.com\/mail\/u\/0\/#m_5069980237944651782__ftn2\">[2]<\/a>\u00a0sa Istaka prema Europi, \u00a0koji je ovih dana bez presedana, nije uzrok za ne\u010diju zabrinutost. To je zapravo posljedica ne\u010dijeg nemara da obrati pa\u017enju na \u00a0bezume ljude koji nemaju osje\u0107aja za ljudska prava.<\/p>\n<p style=\"text-align: justify\"><strong>II<\/strong><\/p>\n<p style=\"text-align: justify\">Ja sam Bosanac. I ponosim se time isto tako. Moji preci su\u00a0<em>Dobri Bo\u0161njani<\/em>, Bo\u0161njaci. Oni su usvojili vjeru islam u 15. stolje\u0107u. Prije toga prakticirali su neku vrstu kr\u0161\u0107anstva ili hri\u0161\u0107anstva. Imali su svoju nezavisnu\u00a0<em>Crkvu bosansku<\/em>, koju su i rimokatoli\u010dka i pravoslavna crkvena hijerarhija smatrali hereti\u010dkom. Nepotrebno je nagla\u0161avati da nijedna od tri ibrahimovske tradicije: judaizam, kr\u0161\u0107anstvo i islam nisu nastale u Europi. Sve su migrirale u Evropu. Evropa ih je usvojila u razli\u010ditim periodima u historiji i pod razli\u010ditim historijskim okolnostima sa razl\u010di\u010ditom toplinom ili hladno\u0107om. Naravno, Evropa je imala svoju doma\u0107u religiju ili religije, ali su one vremenom zamijenjene sa imigrantskim \u00a0religijma sa Istoka. No, mo\u017ee li religija biti imigrant? Mo\u017ee li ideja biti uljez? Mo\u017ee li kultura biti stranac? Mo\u017ee li pjesma biti otrovan glas?<\/p>\n<p style=\"text-align: justify\"><strong>III<\/strong><\/p>\n<p style=\"text-align: justify\">Itekako, od Sokrata do Isusa neobi\u010dna ideja i nova vjera su progla\u0161avani otrovnim kao otrovne zmije; Sokrat je popio otrov, kako bi oslobodio Atenjane od svojih neobi\u010dnih ideja; Isus je, prema kr\u0161\u0107anskom vjerovanju<a href=\"https:\/\/mail.google.com\/mail\/u\/0\/#m_5069980237944651782__ftn3\">[3]<\/a>, bio izlo\u017een na raspe\u0107e kako bi svojom\u00a0\u017ertvom oslobodio\u010dovje\u010danstvo od grijeha; od Copernicusa do Martin Luthera Kinga nove ideje i istinska uvjerenja platili su visoku cijenu radi slobode mi\u0161ljenja i ljudskih prava; od Marxa do Hitlera bauk kru\u017ei Evropom \u2013 bauk komunizma i fa\u0161izma, bauk radikalizma i ekstremizma, bauk \u0161ovinizma i nacionalizma, bauk fanatizma i mitomanije, bauk separatizma i terorizma; od Holokausta do Genocida Evropa se jo\u0161 uvijek mu\u010di da ustanovi \u0161ta je Zaratustra rekao starom svecu u \u0161umi? Je li Bog mrtav<a href=\"https:\/\/mail.google.com\/mail\/u\/0\/#m_5069980237944651782__ftn4\">[4]<\/a>? Evropa jo\u0161 nije sigurna da li je Bog\u00a0\u017eiv. Ili izgleda kao da Bog nije ni mrtav ni\u017eiv. Evropa se nalazi izme\u0111u toga, izme\u0111u svoje izgubljene vjere u Boga i svoje potrage za ljudskom du\u0161om, izme\u0111u svoje otvorene umjetnosti i zatvorene kulture, izme\u0111u svoje posljednje pjesme i svog prvog velikog praska (Big Bang). I ja se nalazim izme\u0111u dvoga, izme\u0111u straha i nade. Bojim se da se moja vjera proglasi kao novi bauk koji kru\u017ei Europom \u2013 bauk islama sa ili bez imigranata sa Istoka. Me\u0111utim, nada u meni je ja\u010da od straha. Mo\u017eda sam naivan, ali ne mogu odustati da mislim da\u00a0\u0107e iz ovog straha, iz ove fpobije, Evropa iza\u0107i ja\u010da u svojoj posve\u0107enosti demokraciji i ljudskim pravima, vladavini prava i po\u0161tovanju ljudskog\u00a0\u017eivota, socijalnoj pravdi, miru i sigurnosti, posve\u0107ena na\u010delu da svaka osoba ima pravo da bude ono \u0161to jest i da\u00a0\u017eivi onako kako\u00a0\u017eeli.<\/p>\n<p style=\"text-align: justify\"><strong>IV<\/strong><\/p>\n<p style=\"text-align: justify\">Ja sam Evropljanin. I ponosim se time bez obzira na sve. Ja pripadam istom mjerom velikom muslimanskom filozofu Abu Hamidu Muhammadu al-Ghazaliju (u. 1111) i velikom evropskom filozofu Ren\u00e9 Descartes-u (u.1650). Ili, takore\u0107i, obojica pripadaju meni, jer su vjerovali da um mo\u017ee na\u0107i izvjesnu istinu u matematici.<\/p>\n<p style=\"text-align: justify\"><strong>V<\/strong><\/p>\n<p style=\"text-align: justify\">A sada mi dozvolite da s vama podijelim ne\u0161to o\u00a0\u010demu mo\u017eete poslije razmisliti. Kao \u0161to znate, danas je petak, dan u sedmici u kojem je za mene Sveta molitva (d\u017euma-namaz), kao \u0161to je to za katolike Sveta misa nedeljom i kao \u0161to je to za Jevreje Sveti \u0161abat subotom. Organizator ove konferencije nije du\u017ean da ima na umu raspored muslimanskih molitvi. Moja du\u017enost je bila da podsjetim organizatora da me ne zaspore\u0111uje da govorim u vrijeme moje molitve potkom. Siguran sam da se organizator ne bi protivio mom zahtjevu. Ali, ja nisam tra\u017eio ovu uslugu. Rizikovao sam da danas propustim moj kolektivni redovni namaz, \u00a0molitvu petkom<a href=\"https:\/\/mail.google.com\/mail\/u\/0\/#m_5069980237944651782__ftn5\">[5]<\/a>. Mo\u017eda\u00a0\u0107ete pitati za\u0161to sam pristao na ovu vrstu gri\u017enje savjesti, jer moja savjest nije mirna ako nisam u miru s Bogom.<\/p>\n<p style=\"text-align: justify\"><strong>VI<\/strong><\/p>\n<p style=\"text-align: justify\">Ali, koga briga moj mir s Bogom dok sam u miru s europskim kom\u0161ijama? To je ono \u0161to sam pomislio danas. Htio sam da Vam poka\u017eem koliko je za mene va\u017eno va\u0161e mi\u0161ljenje o meni kao muslimanu iz Bosne. Mislio sam da\u00a0\u017eelite da me vidite na ovaj na\u010din. Zbog toga sam se pobojao da tra\u017eim uslugu da mi se osigura vrijeme za moju dana\u0161nju molitvu u jednoj od mnogih d\u017eamija u Be\u010du. Nemojte da vas to uznemirava. Niste vi ni\u0161ta krivi zbog toga. Kriv sam ja. Kriv sam, ali sam i sam sebi sudija danas. Ne\u00a0\u017eelim vi\u0161e slu\u0161ati ni\u010diji sud o meni, o mojoj vjeri, o mojoj kulturi, o mojoj etici i moralu. Toga sam se dovoljno naslu\u0161ao, svakodnevno od svih koji znaju i koji ne znaju o\u00a0\u010demu pri\u010daju. Jednostavno se bojim bilo \u0161ta re\u0107i. Bojim se da ne proma\u0161im temu. Bojim se da budem optu\u017een za samo-obranu, za samo-pobunu, za samo-obmanu, za samo-sudbinu\u2026<\/p>\n<p style=\"text-align: justify\"><strong>VII<\/strong><\/p>\n<p style=\"text-align: justify\">Molim vas, dopustite mi da budem iskren i da ka\u017eem da zavidim svom jevrejskom prijatelju, rabinu, koji mo\u017ee da ka\u017ee Evropi kako se osje\u0107a naspram anti-semitizma. Ja nemam tu privilegije da ka\u017eem kako se osje\u0107am naspram anti-islamizma ili islamofobiji u Evropi i na Balkanu, iako toga u zadnje vrijeme ima vi\u0161e nego anti-semitizma ili bar jednako tako. Umjesto toga moja doma\u0107a zada\u0107a je da govorim o islamskom:<em>ekstremizmu, fanatizmu, fundamentalizmu, d\u017eihadizmu, halifizmu, isilizmu, dai\u0161izmu, suicidizmu, vehabizmu, selefizmu, terorizmu..<\/em>. Mo\u017eete mi vjerovati ako vam ka\u017eem da nemam ni\u0161ta novo da pridodam va\u0161im ve\u0107\u00a0pohranjenim informacijama o svim ovim pitanjima.\u00a0\u010cini se da je cijeli kosmos pun dnevnih obi\u010dnih, specijalnih i dru\u0161tvenih medijskih izvje\u0161taja o neizrecivim zlo\u010dinima po\u010dinjenim u ime islama, iako niko ta\u010dno ne zna ko su njihovi po\u010dinioci. Ili svi znaju ta\u010dno ko su, ali se niko ne usu\u0111uje da javno govori o njihovom stvarnom identitetu. To su oni koji terori\u0161u savjest\u00a0\u010dovje\u010danstva ve\u0107\u00a0mnogo godina i,\u00a0\u010dini se, da\u00a0\u0107e to i dalje\u00a0\u010diniti mnogo godina. Bez obzira \u0161ta bih rekao \u00a0u osudi i ogradi od nasilja u ime moje vjere, to nije dovoljno, jer to ne mogu zaustaviti. Prema tome, moja izjava je irelevantna. Me\u0111utim, dozvolite mi da se ipak izjasnim kao svjedo\u010danstvo o pan-evropeizmu jednog muslimana iz Bosne. Dozvolite mi da ka\u017eem svoju rije\u010d\u00a0o nedavnim teroristi\u010dkim napadima u Briselu.<\/p>\n<p style=\"text-align: justify\"><strong>VIII<\/strong><\/p>\n<p style=\"text-align: justify\">Zaista, teroristi\u010dki napadi izvr\u0161eni 22. marta, 2016. godine u Briselu, glavnom gradu Evropske unije, na aerodromu i u metrou \u0161okirali su cijeli svijet.\u00a0Najte\u017ee je porodicama i prijateljima nastradalih. Njima izra\u017eavam\u00a0svoje duboko i iskreno sau\u010de\u0161\u0107e. Mi u Bosni najbolje znamo kako se osje\u0107aju. Samo oni koji su iskusili teror mogu istinski suosje\u0107ati sa\u00a0\u017ertvama terorizma.<\/p>\n<p style=\"text-align: justify\"><strong>IX<\/strong><\/p>\n<p style=\"text-align: justify\">Zbog straha da ne pogrije\u0161im, sustezao sam se od te\u0161kih i osjetljivih pitanja u vezi fenomena tzv. ISIL-a. Ili sam\u00a0\u017eelio da izbjegnem mogu\u0107nost da me pogre\u0161no shvate oni koji me prate ili oni koji gledaju dalje od mog rada. Ali, vi\u0161e ne mogu da \u0161utim. Moram da postavim ovi nekoliko te\u0161kih pitanja. Je li mogu\u0107e da niko ne zna ko je ISIL? Odakle je? Ko ga je osmislio? Ko ga je vojno osposobio? Ko se krije iza ISIL-ove maske? Ko je odlu\u010dio da ubija sve redom na Istoku i na Zapadu? U ime i protiv islama? Ko se poigrava sa sudbinom\u00a0\u010dovje\u010danstva?<\/p>\n<p style=\"text-align: justify\"><strong>X<\/strong><\/p>\n<p style=\"text-align: justify\">Nije planeta Zemlja Mars. Niti su ISIL-ovci Marsovci. Oni su zemaljski zlodjelnici, koji \u0161ire strah me\u0111u ljudima i narodima, koji izgone ljude iz njihovih domova da tra\u017ee spas na poljima pod \u0161atorima. Sedam miliona Sirijaca je prognano iz toplih domova da se pate na otvorenom u ovim hladnim zimskim danima i no\u0107ima. Je li moralo do\u0107i do invazije na Irak? Je li se morala dogoditi Sirija? Je li kriza u Jemenu samo po\u010detak ili kraj ne\u010dega? Zna li iko to \u0161to svi znaju? Ovo je velika zavjera protiv islama i muslimana na Istoku i na Zapadu!<\/p>\n<p style=\"text-align: justify\"><strong>XI<\/strong><\/p>\n<p style=\"text-align: justify\">Nikad dosada nisam vjerovao u teorije zavjere. Ali, otkad su se desili napadi u Briselu, sve mi se promijenilo. Sve mi je,\u00a0\u010dini mi se, postalo jasno. Ovome zlu nema kraja zato \u0161to niko ne\u0107e da se vrati na po\u010detak. Koji je stra\u0161an isto kao i kraj. A kraj mo\u017ee biti da se pusti da zlo pobijedi. Ili da se zlo porazi. Kako to misli\u0161, pitate me? Pa tako da dobro kona\u010dno progovori jasno i glasno jednim glasom i ujedinjenom akcijom svih koji znaju odakle zlo dolazi. Zar ne vidite da je zlo glasnije i djelotvornije od dobra. To je ono \u0161to me najvi\u0161e pla\u0161i. Da se pusti da zlo pobijedi. Kako to misli\u0161, pitate? Pa, mislim da biste mogli biti u isku\u0161enju da prihvatite ISIL-ovu pri\u010du o Islamu i muslimanima kao \u0161to se to sada \u0161iri po cijelom svijetu. Mo\u017eda\u00a0\u0107ete imati dojam da su oni, ISIL, ti koji se bore za\u00a0\u010dast Islama i slobodu muslimana. Sve dok se ne shvati i ne prihvati da pri\u010da o ISIL-u nije pri\u010da o Islamu, nego anti-islamska kampanja, i da ova kampanja ISIL-a o ISIL-u ne osloba\u0111a muslimane, nego ih porobljava, ne\u0107e se mo\u0107i stati u kraj nasilju koje ovih dana razara Istok i Zapad.<\/p>\n<p style=\"text-align: justify\"><strong>XII<\/strong><\/p>\n<p style=\"text-align: justify\">Nisam op\u010daran evropskom istorijom. Niti joj i\u0161ta dugujem, posebno nakon srpskog genocida nad mojim narodom u Bosni. Ali, Evropa je moj dom. Svi Evropljani su moji sugra\u0111ani, moje kom\u0161ije. Njihov mir i sugurnost su i moj mir i sigurnost. Njihov strah i patnja su i moj strah i patnja. Odgojen sam da volim svoju vjeru a da po\u0161tujem tu\u0111u. Nikad nisam\u00a0\u010duo ni od svoje majke i ni od svog oca da treba da mrzim drugog i druga\u010dijeg od sebe. Nikad od svog hod\u017ee nisam\u00a0\u010duo ru\u017enu rije\u010d\u00a0o kom\u0161ijama druge vjere, a posebno ne o onima koji dijele s nama sli\u010dne poglede i zato ih mi, muslimani, po\u0161tujemo kao vlasnike knjige,\u00a0<em>Ahl al-Kut\u0101b<\/em>. Dakle, pri\u010da o islamu od Isila nanosi te\u017eak bol na du\u0161i. Ne znamo kako da se od te pri\u010de branimo? Ne znamo kako da kom\u0161ijama i prijateljima objasnimo da to \u0161to oni pri\u010daju na svojim forumima je prije svega protiv nas muslimana i na\u0161e vjere islama. To je protiv na\u0161ih islamskih vrijednosti; to je protiv vrijednosti Evrope:\u00a0vrijednost\u00a0\u017eivota, vrijednost vjere, vrijednost slobode, vrijednost imovine i vrijednost\u00a0\u010dasti.<\/p>\n<p style=\"text-align: justify\"><strong>A sada, da se vratim na pitanje moog muslimanskg statusa u Evropi, mog bosanskog slu\u010daja na Balkanu i na moje budu\u0107nost u mojoj dr\u017eavi Bosni.<\/strong><\/p>\n<p style=\"text-align: justify\"><strong>XIII<\/strong><\/p>\n<p style=\"text-align: justify\">Nadam se da je Evropa shvatila da je do\u0161ao kraj ignorisanja potrebe da se islam institucionalizira u smislu da se javni vjerski i kulturni rad muslimana u Evropi reguli\u0161e adekvatnim zakonima i propisima. Muslimani u Europi ne mogu vi\u0161e biti grupa izvan zakona (<em>outlaws<\/em>) zbog njihove vejere. Vrijeme je da se shvati da muslimani u Europi nisu spodobe (<em>ghosts<\/em>) zbog njihove vjere, ve\u0107\u00a0da su doma\u0107ini (<em>hosts<\/em>) zbog njihovih patriotskih prava i obaveza. Do\u0161lo je vrijeme da se ozbiljno razmili o osnivanju doma\u0107eg evropskog muslimanskog univerziteta gdje bi druga i tre\u0107a generacija mladih evropskih muslimana mogli biti osposobljeni da preuzmu odgovornost za svoju vjeru i kulturu u kontekstu ukupnog evropskog civilizacijskog koda. Dokle god mladi evropski muslimani budu ovisili, dok god budu ovisnici o vanjskim smjernicama za svoj vjerski odgoj i obrazovanje, mi\u00a0\u0107emo biti u opasnosti od mogu\u0107ih ekstremnih i radikalnih ideja. Evropski muslimani su odrasli i dovoljno su sazreli da nemaju potrebu za bilo kakvim paternalizmom bilo vjerskim ili politi\u010dkim, pod uvjetom da se ovdje u Evropi ne osje\u0107aju kao zlodusi, ve\u0107\u00a0kao doma\u0107ini sa patriotskim pravima i du\u017enostima. Ovaj osje\u0107aj doma\u0107ina umjesto zloduha je ostvariv putem odgoja i obrazovanja kao klju\u010dnog faktora za borbu protiv vjerskog i politi\u010dkog radikalizma, ekstremizma i terorizma. Vjerujem da je Evropa u stanju da prevazi\u0111e strah od iskrivljene slike islama. Ako se ja ne bojim kao musliman za\u0161to biste se bojali kr\u0161\u0107ani, jevreji, budisti, ateisti, agnostici, itd. Zar ne vidite da ISIL zastra\u0161uje i ubija muslimane prije bilo koga drugog?<\/p>\n<p style=\"text-align: justify\"><strong>XIV<\/strong><\/p>\n<p style=\"text-align: justify\">\u0160to se ti\u010de mog slu\u010daj na Balkanu, imam jednu\u00a0\u017ealbu. Znam da je bolje sanjati nego\u00a0\u017ealiti se. Nau\u010dio sam to od velikog sanjara, velikog Martin Luther Kinga, koji je znao da niko ne\u0107e slu\u0161ati njegovu\u00a0\u017ealbu. Stoga, nikada nije rekao: \u201cJa imam\u00a0\u017ealbu\u201d. On govorio: \u201cJa imam san\u201d. Na\u017ealost, moj san je izblijedio nakon mnogo lo\u0161ijeg argumenta nego presude Me\u0111unarodnog krivi\u010dnog suda za biv\u0161u Jugoslaviju (MKSJ) zato \u0161to je oslobodio srpskog politi\u010dakog optu\u017eenika \u00a0Vojislava \u0160e\u0161elja svih optu\u017ebi protiv njega, kao i ta\u010dki za zlo\u010dine protiv\u00a0\u010dovje\u010dnosti: progona, deportacije, nehumanih djela, i \u0161est ratnih zlo\u010dina, ubistva, mu\u010denje, okrutno postupanje, bezobzirno razaranje sela, uni\u0161tavanje ili hotimi\u010dno nano\u0161enje \u0161tete ustanovama namijenjenim religiji ili obrazovanju, i plja\u010dkanje javne ili privatne imovine. Umjesto toga, Sudija Antonetti je osudio Tu\u017eila\u0161tvo MKSJ za konfuziju i nesposobnost. U svoje opravdanje za osloba\u0111aju\u0107u presudu, ve\u0107inski dio Tribunala je\u00a0\u010dak predlo\u017eio da su ratno-hu\u0161ka\u010dki govori \u0160e\u0161elja koji pozivaju na istrebljenje Hrvata \u201cnapravljeni u kontekstu sukoba koji su trebali da pove\u0107aju moral vojnika, a ne kao poziv da se neko istrijebi\u201d. Zar nije za\u00a0\u017ertve genocida na Balkanu stra\u0161no\u00a0\u010duti takvo opravdanje krivi\u010dnog nasilja od najvi\u0161eg svijetskog suda pravde?\u00a0\u017drtve su mislile da\u00a0\u0107e im, ako ni\u0161ta drugo, slijepi i gluhi posmatra\u010di u Evropi priznati njihovu bol. \u201cNa kraju, pamtiti\u00a0\u0107emo ne rije\u010di na\u0161ih du\u0161mana, ve\u0107\u00a0\u0161utnju na\u0161ih prijatelja\u201d, kako je Martin Luther King istinito sro\u010dio. U tom kontekstu i zbog mog du\u0161evnog mira, danas imam samo jednu poruku za Evropu. Molim vas, ne dozvolite sebi da dva put budete prevareni tako da ne vjerujete svojim o\u010dima, nego da prihvatite da vam oni govore la\u017ei, da se poigravaju sa va\u0161im du\u0161ama i srcima, da dobivaju nagradu za svoj genocidni zlo\u010din. I kao \u0161to nardno mudrost ka\u017ee:\u00a0\u201cMudar\u00a0\u010dovjek ne\u0107e dozvoliti da ga zmija dva puta ujede iz iste jame\u201c.<\/p>\n<p style=\"text-align: justify\"><strong>XV<\/strong><\/p>\n<p style=\"text-align: justify\">Na kraju, moram da podijelim sa vama moj veliki strah, mo\u017eda ve\u0107i od svih mojih strahova. Nisam siguran da vam mogu sve re\u0107i, ali ako spomenem ime Mostar, mo\u017eete pretpostaviti \u0161ta je u pitanju. Mostar je jedan od najljep\u0161ih gradova u Bosni i Hercegovini. Ljudi svih vjera i nacija u Mostaru su najsimpati\u010dniji. Na\u017ealost, rat ga je u\u010dinio ru\u017enim. Sam simbol grada, Stari most, po kojem je grad Mostar dobio ime, je bio uni\u0161ten. Ipak, popravljen je i jednako je lijep kao i ranije. Me\u0111utim, rane na ljudskim du\u0161ama su ostale. One se tako\u0111er moraju lije\u010diti i izlije\u010diti. Ne podjelama ve\u0107\u00a0povezivanjem pokidanih veza, ve\u0107\u00a0mostom dobre ljudske volje koja uvijek postoji u du\u0161i ljudi koji su otvorenog uma. Moj strah je da bi se Neretvom mogao podijeliti Mostar, \u0161to bi bio po\u010detak kraja mog naroda u tom gradu i \u0161ire. Ali, ne samo u Mostaru. Ako se Mostar podijeli po etni\u010dkim i religijskim linijama, cijela se Bosna mo\u017ee tako podijeliti. A to bi bio kraj mog bo\u0161nja\u010dkog naroda. To je bila prijetnja koju smo\u00a0\u010duli od Radovana Karad\u017ei\u0107a na po\u010detku genocida, koje se zaista dogodio unato\u010d\u00a0obe\u0107anju \u201cNikad vi\u0161e\u201d. Nadam se da ovaj put ne\u0107mo biti nemarni. Ne\u0107emo dozvoliti izdaju Mostar i Bosne i Hercegovine u cjelini. Mislite \u0161to god ho\u0107ete, ali jedno je ta\u010dno: Bosna je velika mogu\u0107nost za multietni\u010dku i multikulturalnu Evropu. Bosanska dr\u017eava i bosansko dru\u0161tvo su minijatura dr\u017eave i dru\u0161tva Evropske unije. Politi\u010dki izazovi u Bosni su isti kao i izazovi cijele Evrope, a to je \u00a0jedinstvo dr\u017eave i dru\u0161tva u razli\u010ditosti uz stalni napor na pomirenju. To nije lahko, ali nema drugog puta osim da to i svi zajedno uradimo, jer ni slabi ni agresivni ne\u0107e naslijediti zemlju, ve\u0107\u00a0oni koji su kooperativni. Stoga, vjerujem da Bosna ne treba dalje\u00a0\u010dekati, nego \u0161to je prije mogu\u0107e treba postati punopravni\u00a0\u010dlan europske velike porodice. Na kraju krajeva, Bosna zaslu\u017euje da\u00a0\u017eivi u miru i sigurnosti, kao punopravna\u00a0\u010dlanica programa NATO-a za mir i sigurnost u jugoisto\u010dnoj Evropi i na Balkanu, podru\u010dje koje je turbulentno kao i uvijek, ali je zasad mirno kao \u0161to i mora biti.<\/p>\n<p style=\"text-align: justify\"><a href=\"https:\/\/mail.google.com\/mail\/u\/0\/#m_5069980237944651782__ftnref1\">[1]<\/a>\u00a0Radovan Karad\u017ei\u0107\u00a0govore\u0107i na bosanskom parlamentu, u no\u0107i 14-15 oktobar 1991. godine o opasnosti za gra\u0111ane Bosne i Hercegovine, od kojih su ve\u0107ina Bo\u0161njaci muslimanske vjere, ako se odlu\u010de za referendum o bosanskoj samostalnosti jer je komunisti\u010dka Jugoslavija bila\u00a0 pred kolapsom nakon \u0161to se raspao komunisti\u010dki blok na \u010delu sa\u00a0Sovjetskim Savezom.<\/p>\n<p style=\"text-align: justify\">[2]\u00a0Prognanik nije isto \u0161to i izbjeglica, koji bje\u017ei. Prognanik je onaj kojeg\u00a0 neko progoni, kojeg neko tjera da napusti svoj dom, svoju domovinu. Sirijski prognanici bje\u017ee, ali ne zato \u0161to im je Europa dra\u017ea od Sirije, ve\u0107\u00a0zato \u0161to ih progone iz njihovog doma, iz njihove domove oni koji nemaju ni du\u0161i ni srce. Oni tra\u017ee\u00a0uto\u010di\u0161te od progonitelja. Oni su, dakle, prognanici,\u00a0<em>expelees<\/em>, oni nisu bjegunci,\u00a0\u00a0<em>fugitives<\/em>.<\/p>\n<p style=\"text-align: justify\"><a href=\"https:\/\/mail.google.com\/mail\/u\/0\/#m_5069980237944651782__ftnref3\">[3]<\/a>\u00a0Muslimani vjeruju da Isa sin Merjemin nije bio razapet, ve\u0107\u00a0da se to ljudima samo pri\u010dinilo:\u00a0\u201c<em>Nisu ga ni ubili ni razapeli, ve\u0107\u00a0im se pri\u010dinilo\u2026 ve\u0107\u00a0ga je\u00a0 Allah uzdigao Sebi\u2026<\/em>\u201c\u00a0\u00a0(Kur\u2019an, 4:157-158).<\/p>\n<p style=\"text-align: justify\"><a href=\"https:\/\/mail.google.com\/mail\/u\/0\/#m_5069980237944651782__ftnref4\">[4]<\/a>\u00a0Aluzija na aluziju u knjizi\u00a0\u201cTako je govorio Zaratrustra\u201d od Fridriha Ni\u010dea, koji na po\u010detku knjige pod naslovom\u201cZaratrustrin predgovor\u201d\u00a0ka\u017ee:\u00a0\u201cA \u0161ta to radi svetac u \u0161umi?\u201d pita\u0161e Zaratustra. Svetac odgovori: \u201cPravim pjesme i pjevam ih, i prave\u0107i pjesme smijem se, pla\u010dem, i gun\u0111am tako hvalim Boga. Pjevanjem<strong>,\u00a0<\/strong>smijehom, pla\u010dem i gun\u0111anjem hvalim Boga, koji je moj Bog\u2026 A kad ostade Zaratustra sam, ovako je govorio u svome srcu: \u201cDa li je to mogu\u0107no! Ovaj stari svetac u svojoj \u0161umi jo\u0161 ni\u0161ta ne zna o tom, da je Bog mrtav!\u201d. Ova Ni\u010deova fraza napravila je veliki zaokret u Europi u vezi s vejerom u Bogu na na\u010din da se ima utisak da\u00a0\u010dovjek mo\u017ee da\u017eivi kao da Boga nema.<\/p>\n<p style=\"text-align: justify\"><a href=\"https:\/\/mail.google.com\/mail\/u\/0\/#m_5069980237944651782__ftnref5\">[5]<\/a>\u00a0Iskiristio sam status,\u00a0<em>rukhsu<\/em>, musafira u Be\u010du, kojem d\u017euma-namaz nje obavezna, ali je bolje za njega da klanja d\u017eumu-namaz u d\u017eamiji, tj., u d\u017eematu.<\/p>\n<p style=\"text-align: justify\"><a href=\"http:\/\/sbk.eu.com\/wp-content\/uploads\/2016\/04\/12963924_1725068867771358_3288690462251114224_n.jpg\" rel=\"attachment wp-att-9256\"><img loading=\"lazy\" decoding=\"async\" class=\"alignleft size-large wp-image-9256\" src=\"http:\/\/sbk.eu.com\/wp-content\/uploads\/2016\/04\/12963924_1725068867771358_3288690462251114224_n-600x450.jpg\" alt=\"12963924_1725068867771358_3288690462251114224_n\" width=\"600\" height=\"450\" \/><\/a><a href=\"http:\/\/sbk.eu.com\/wp-content\/uploads\/2016\/04\/12963798_1725068804438031_6579778152894541866_n.jpg\" rel=\"attachment wp-att-9255\"><img loading=\"lazy\" decoding=\"async\" class=\"alignleft size-large wp-image-9255\" src=\"http:\/\/sbk.eu.com\/wp-content\/uploads\/2016\/04\/12963798_1725068804438031_6579778152894541866_n-600x450.jpg\" alt=\"12963798_1725068804438031_6579778152894541866_n\" width=\"600\" height=\"450\" \/><\/a><a href=\"http:\/\/sbk.eu.com\/wp-content\/uploads\/2016\/04\/12936533_1725068947771350_7002108678274447406_n.jpg\" rel=\"attachment wp-att-9254\"><img loading=\"lazy\" decoding=\"async\" class=\"size-large wp-image-9254\" src=\"http:\/\/sbk.eu.com\/wp-content\/uploads\/2016\/04\/12936533_1725068947771350_7002108678274447406_n-600x450.jpg\" alt=\"12936533_1725068947771350_7002108678274447406_n\" width=\"600\" height=\"450\" \/><\/a><\/p>\n<p>Pogledajte vijest na izvornom sajtu:<\/p>\n<p><a href=\"http:\/\/bosnapress.net\/dr-ceric-na-konferenciji-u-becu-ako-podijele-mostar-po-etnickim-linijama-i-cijelu-bosnu-ce-podijeliti\/\" target=\"_blank\">Dr. Ceri\u0107 na konferenciji u Be\u010du: Ako podijele Mostar po etni\u010dkim linijama i cijelu Bosnu \u0107e podijeliti<\/a><\/p>\n","protected":false},"excerpt":{"rendered":"<p>Austrija, BiH \u2013 Na poziv direktora Be\u010dke Diplomatske Akademije Hansa Winklera ju\u010der je dr. Mustafa Ceri\u0107, reisu-l-ulema emeritus i predsjednik Svjetskog bo\u0161nja\u010dkog kongresa u\u010destvovao na konferenciji u Be\u010du u organizaciji Be\u010dke Diplomatske Akademije, Instituta za Strate\u0161ki Dijalog i Klub 3 o temi: \u201cLokomotiva za kooperaciju u Centralnoj Europi i Balkanu\u201d sa posebnim osvrtom na prognanike [&hellip;]<\/p>\n","protected":false},"author":83,"featured_media":158710,"comment_status":"open","ping_status":"open","sticky":false,"template":"","format":"standard","meta":{"footnotes":""},"categories":[10513],"tags":[10466],"class_list":{"0":"post-158708","1":"post","2":"type-post","3":"status-publish","4":"format-standard","5":"has-post-thumbnail","7":"category-bosna-press","8":"tag-bosna-i-hercegovina"},"yoast_head":"<!-- This site is optimized with the Yoast SEO Premium plugin v23.1 (Yoast SEO v24.9) - https:\/\/yoast.com\/wordpress\/plugins\/seo\/ -->\n<title>Dr. Ceri\u0107 na konferenciji u Be\u010du: Ako podijele Mostar po etni\u010dkim linijama i cijelu Bosnu \u0107e podijeliti<\/title>\n<meta name=\"robots\" content=\"index, follow, max-snippet:-1, max-image-preview:large, max-video-preview:-1\" \/>\n<link rel=\"canonical\" href=\"https:\/\/sandzakpress.net\/arhiva\/dr-ceric-na-konferenciji-u-becu-ako-podijele-mostar-po-etnickim-linijama-i-cijelu-bosnu-ce-podijeliti\/\" \/>\n<meta property=\"og:locale\" content=\"bs_BA\" \/>\n<meta property=\"og:type\" content=\"article\" \/>\n<meta property=\"og:title\" content=\"Dr. Ceri\u0107 na konferenciji u Be\u010du: Ako podijele Mostar po etni\u010dkim linijama i cijelu Bosnu \u0107e podijeliti\" \/>\n<meta property=\"og:description\" content=\"Austrija, BiH \u2013 Na poziv direktora Be\u010dke Diplomatske Akademije Hansa Winklera ju\u010der je dr. Mustafa Ceri\u0107, reisu-l-ulema emeritus i predsjednik Svjetskog bo\u0161nja\u010dkog kongresa u\u010destvovao na konferenciji u Be\u010du u organizaciji Be\u010dke Diplomatske Akademije, Instituta za Strate\u0161ki Dijalog i Klub 3 o temi: \u201cLokomotiva za kooperaciju u Centralnoj Europi i Balkanu\u201d sa posebnim osvrtom na prognanike [&hellip;]\" \/>\n<meta property=\"og:url\" content=\"https:\/\/sandzakpress.net\/arhiva\/dr-ceric-na-konferenciji-u-becu-ako-podijele-mostar-po-etnickim-linijama-i-cijelu-bosnu-ce-podijeliti\/\" \/>\n<meta property=\"og:site_name\" content=\"Sand\u017eak PRESS\" \/>\n<meta property=\"article:published_time\" content=\"2016-04-10T10:37:02+00:00\" \/>\n<meta property=\"og:image\" content=\"https:\/\/sandzakpress.net\/arhiva\/wp-content\/uploads\/2016\/04\/12923129_1725068761104702_1446426384714966400_n-600x450-1.jpg\" \/>\n\t<meta property=\"og:image:width\" content=\"600\" \/>\n\t<meta property=\"og:image:height\" content=\"450\" \/>\n\t<meta property=\"og:image:type\" content=\"image\/jpeg\" \/>\n<meta name=\"author\" content=\"bosniak\" \/>\n<meta name=\"twitter:card\" content=\"summary_large_image\" \/>\n<meta name=\"twitter:label1\" content=\"Written by\" \/>\n\t<meta name=\"twitter:data1\" content=\"bosniak\" \/>\n\t<meta name=\"twitter:label2\" content=\"Est. reading time\" \/>\n\t<meta name=\"twitter:data2\" content=\"18 minuta\" \/>\n<script type=\"application\/ld+json\" class=\"yoast-schema-graph\">{\"@context\":\"https:\/\/schema.org\",\"@graph\":[{\"@type\":\"Article\",\"@id\":\"https:\/\/sandzakpress.net\/arhiva\/dr-ceric-na-konferenciji-u-becu-ako-podijele-mostar-po-etnickim-linijama-i-cijelu-bosnu-ce-podijeliti\/#article\",\"isPartOf\":{\"@id\":\"https:\/\/sandzakpress.net\/arhiva\/dr-ceric-na-konferenciji-u-becu-ako-podijele-mostar-po-etnickim-linijama-i-cijelu-bosnu-ce-podijeliti\/\"},\"author\":{\"name\":\"bosniak\",\"@id\":\"https:\/\/sandzakpress.net\/arhiva\/#\/schema\/person\/c8baee722073534b583ea7bdb2e36c02\"},\"headline\":\"Dr. Ceri\u0107 na konferenciji u Be\u010du: Ako podijele Mostar po etni\u010dkim linijama i cijelu Bosnu \u0107e podijeliti\",\"datePublished\":\"2016-04-10T10:37:02+00:00\",\"mainEntityOfPage\":{\"@id\":\"https:\/\/sandzakpress.net\/arhiva\/dr-ceric-na-konferenciji-u-becu-ako-podijele-mostar-po-etnickim-linijama-i-cijelu-bosnu-ce-podijeliti\/\"},\"wordCount\":3567,\"commentCount\":24,\"publisher\":{\"@id\":\"https:\/\/sandzakpress.net\/arhiva\/#\/schema\/person\/6e72b67d6e51910a1117b3b483ba20bd\"},\"image\":{\"@id\":\"https:\/\/sandzakpress.net\/arhiva\/dr-ceric-na-konferenciji-u-becu-ako-podijele-mostar-po-etnickim-linijama-i-cijelu-bosnu-ce-podijeliti\/#primaryimage\"},\"thumbnailUrl\":\"https:\/\/sandzakpress.net\/arhiva\/wp-content\/uploads\/2016\/04\/12923129_1725068761104702_1446426384714966400_n-600x450-1.jpg\",\"keywords\":[\"Bosna i Hercegovina\"],\"articleSection\":[\"Bosna PRESS\"],\"inLanguage\":\"bs-BA\",\"potentialAction\":[{\"@type\":\"CommentAction\",\"name\":\"Comment\",\"target\":[\"https:\/\/sandzakpress.net\/arhiva\/dr-ceric-na-konferenciji-u-becu-ako-podijele-mostar-po-etnickim-linijama-i-cijelu-bosnu-ce-podijeliti\/#respond\"]}]},{\"@type\":\"WebPage\",\"@id\":\"https:\/\/sandzakpress.net\/arhiva\/dr-ceric-na-konferenciji-u-becu-ako-podijele-mostar-po-etnickim-linijama-i-cijelu-bosnu-ce-podijeliti\/\",\"url\":\"https:\/\/sandzakpress.net\/arhiva\/dr-ceric-na-konferenciji-u-becu-ako-podijele-mostar-po-etnickim-linijama-i-cijelu-bosnu-ce-podijeliti\/\",\"name\":\"Dr. Ceri\u0107 na konferenciji u Be\u010du: Ako podijele Mostar po etni\u010dkim linijama i cijelu Bosnu \u0107e podijeliti\",\"isPartOf\":{\"@id\":\"https:\/\/sandzakpress.net\/arhiva\/#website\"},\"primaryImageOfPage\":{\"@id\":\"https:\/\/sandzakpress.net\/arhiva\/dr-ceric-na-konferenciji-u-becu-ako-podijele-mostar-po-etnickim-linijama-i-cijelu-bosnu-ce-podijeliti\/#primaryimage\"},\"image\":{\"@id\":\"https:\/\/sandzakpress.net\/arhiva\/dr-ceric-na-konferenciji-u-becu-ako-podijele-mostar-po-etnickim-linijama-i-cijelu-bosnu-ce-podijeliti\/#primaryimage\"},\"thumbnailUrl\":\"https:\/\/sandzakpress.net\/arhiva\/wp-content\/uploads\/2016\/04\/12923129_1725068761104702_1446426384714966400_n-600x450-1.jpg\",\"datePublished\":\"2016-04-10T10:37:02+00:00\",\"breadcrumb\":{\"@id\":\"https:\/\/sandzakpress.net\/arhiva\/dr-ceric-na-konferenciji-u-becu-ako-podijele-mostar-po-etnickim-linijama-i-cijelu-bosnu-ce-podijeliti\/#breadcrumb\"},\"inLanguage\":\"bs-BA\",\"potentialAction\":[{\"@type\":\"ReadAction\",\"target\":[\"https:\/\/sandzakpress.net\/arhiva\/dr-ceric-na-konferenciji-u-becu-ako-podijele-mostar-po-etnickim-linijama-i-cijelu-bosnu-ce-podijeliti\/\"]}]},{\"@type\":\"ImageObject\",\"inLanguage\":\"bs-BA\",\"@id\":\"https:\/\/sandzakpress.net\/arhiva\/dr-ceric-na-konferenciji-u-becu-ako-podijele-mostar-po-etnickim-linijama-i-cijelu-bosnu-ce-podijeliti\/#primaryimage\",\"url\":\"https:\/\/sandzakpress.net\/arhiva\/wp-content\/uploads\/2016\/04\/12923129_1725068761104702_1446426384714966400_n-600x450-1.jpg\",\"contentUrl\":\"https:\/\/sandzakpress.net\/arhiva\/wp-content\/uploads\/2016\/04\/12923129_1725068761104702_1446426384714966400_n-600x450-1.jpg\",\"width\":600,\"height\":450},{\"@type\":\"BreadcrumbList\",\"@id\":\"https:\/\/sandzakpress.net\/arhiva\/dr-ceric-na-konferenciji-u-becu-ako-podijele-mostar-po-etnickim-linijama-i-cijelu-bosnu-ce-podijeliti\/#breadcrumb\",\"itemListElement\":[{\"@type\":\"ListItem\",\"position\":1,\"name\":\"Home\",\"item\":\"https:\/\/sandzakpress.net\/arhiva\/\"},{\"@type\":\"ListItem\",\"position\":2,\"name\":\"Dr. Ceri\u0107 na konferenciji u Be\u010du: Ako podijele Mostar po etni\u010dkim linijama i cijelu Bosnu \u0107e podijeliti\"}]},{\"@type\":\"WebSite\",\"@id\":\"https:\/\/sandzakpress.net\/arhiva\/#website\",\"url\":\"https:\/\/sandzakpress.net\/arhiva\/\",\"name\":\"Sand\u017eak PRESS\",\"description\":\"Prve elektronske novine u Sand\u017eaku\",\"publisher\":{\"@id\":\"https:\/\/sandzakpress.net\/arhiva\/#\/schema\/person\/6e72b67d6e51910a1117b3b483ba20bd\"},\"potentialAction\":[{\"@type\":\"SearchAction\",\"target\":{\"@type\":\"EntryPoint\",\"urlTemplate\":\"https:\/\/sandzakpress.net\/arhiva\/?s={search_term_string}\"},\"query-input\":{\"@type\":\"PropertyValueSpecification\",\"valueRequired\":true,\"valueName\":\"search_term_string\"}}],\"inLanguage\":\"bs-BA\"},{\"@type\":[\"Person\",\"Organization\"],\"@id\":\"https:\/\/sandzakpress.net\/arhiva\/#\/schema\/person\/6e72b67d6e51910a1117b3b483ba20bd\",\"name\":\"Kul\",\"image\":{\"@type\":\"ImageObject\",\"inLanguage\":\"bs-BA\",\"@id\":\"https:\/\/sandzakpress.net\/arhiva\/#\/schema\/person\/image\/\",\"url\":\"https:\/\/secure.gravatar.com\/avatar\/42263f39aa27ac04c43cab85c280eb2e?s=96&d=mm&r=pg\",\"contentUrl\":\"https:\/\/secure.gravatar.com\/avatar\/42263f39aa27ac04c43cab85c280eb2e?s=96&d=mm&r=pg\",\"caption\":\"Kul\"},\"logo\":{\"@id\":\"https:\/\/sandzakpress.net\/arhiva\/#\/schema\/person\/image\/\"}},{\"@type\":\"Person\",\"@id\":\"https:\/\/sandzakpress.net\/arhiva\/#\/schema\/person\/c8baee722073534b583ea7bdb2e36c02\",\"name\":\"bosniak\",\"image\":{\"@type\":\"ImageObject\",\"inLanguage\":\"bs-BA\",\"@id\":\"https:\/\/sandzakpress.net\/arhiva\/#\/schema\/person\/image\/\",\"url\":\"https:\/\/secure.gravatar.com\/avatar\/a04fd330bfe3a36a72a0ad4a6d89fca7?s=96&d=mm&r=pg\",\"contentUrl\":\"https:\/\/secure.gravatar.com\/avatar\/a04fd330bfe3a36a72a0ad4a6d89fca7?s=96&d=mm&r=pg\",\"caption\":\"bosniak\"},\"url\":\"https:\/\/sandzakpress.net\/arhiva\/author\/bosniak\/\"}]}<\/script>\n<!-- \/ Yoast SEO Premium plugin. -->","yoast_head_json":{"title":"Dr. Ceri\u0107 na konferenciji u Be\u010du: Ako podijele Mostar po etni\u010dkim linijama i cijelu Bosnu \u0107e podijeliti","robots":{"index":"index","follow":"follow","max-snippet":"max-snippet:-1","max-image-preview":"max-image-preview:large","max-video-preview":"max-video-preview:-1"},"canonical":"https:\/\/sandzakpress.net\/arhiva\/dr-ceric-na-konferenciji-u-becu-ako-podijele-mostar-po-etnickim-linijama-i-cijelu-bosnu-ce-podijeliti\/","og_locale":"bs_BA","og_type":"article","og_title":"Dr. Ceri\u0107 na konferenciji u Be\u010du: Ako podijele Mostar po etni\u010dkim linijama i cijelu Bosnu \u0107e podijeliti","og_description":"Austrija, BiH \u2013 Na poziv direktora Be\u010dke Diplomatske Akademije Hansa Winklera ju\u010der je dr. Mustafa Ceri\u0107, reisu-l-ulema emeritus i predsjednik Svjetskog bo\u0161nja\u010dkog kongresa u\u010destvovao na konferenciji u Be\u010du u organizaciji Be\u010dke Diplomatske Akademije, Instituta za Strate\u0161ki Dijalog i Klub 3 o temi: \u201cLokomotiva za kooperaciju u Centralnoj Europi i Balkanu\u201d sa posebnim osvrtom na prognanike [&hellip;]","og_url":"https:\/\/sandzakpress.net\/arhiva\/dr-ceric-na-konferenciji-u-becu-ako-podijele-mostar-po-etnickim-linijama-i-cijelu-bosnu-ce-podijeliti\/","og_site_name":"Sand\u017eak PRESS","article_published_time":"2016-04-10T10:37:02+00:00","og_image":[{"width":600,"height":450,"url":"https:\/\/sandzakpress.net\/arhiva\/wp-content\/uploads\/2016\/04\/12923129_1725068761104702_1446426384714966400_n-600x450-1.jpg","type":"image\/jpeg"}],"author":"bosniak","twitter_card":"summary_large_image","twitter_misc":{"Written by":"bosniak","Est. reading time":"18 minuta"},"schema":{"@context":"https:\/\/schema.org","@graph":[{"@type":"Article","@id":"https:\/\/sandzakpress.net\/arhiva\/dr-ceric-na-konferenciji-u-becu-ako-podijele-mostar-po-etnickim-linijama-i-cijelu-bosnu-ce-podijeliti\/#article","isPartOf":{"@id":"https:\/\/sandzakpress.net\/arhiva\/dr-ceric-na-konferenciji-u-becu-ako-podijele-mostar-po-etnickim-linijama-i-cijelu-bosnu-ce-podijeliti\/"},"author":{"name":"bosniak","@id":"https:\/\/sandzakpress.net\/arhiva\/#\/schema\/person\/c8baee722073534b583ea7bdb2e36c02"},"headline":"Dr. Ceri\u0107 na konferenciji u Be\u010du: Ako podijele Mostar po etni\u010dkim linijama i cijelu Bosnu \u0107e podijeliti","datePublished":"2016-04-10T10:37:02+00:00","mainEntityOfPage":{"@id":"https:\/\/sandzakpress.net\/arhiva\/dr-ceric-na-konferenciji-u-becu-ako-podijele-mostar-po-etnickim-linijama-i-cijelu-bosnu-ce-podijeliti\/"},"wordCount":3567,"commentCount":24,"publisher":{"@id":"https:\/\/sandzakpress.net\/arhiva\/#\/schema\/person\/6e72b67d6e51910a1117b3b483ba20bd"},"image":{"@id":"https:\/\/sandzakpress.net\/arhiva\/dr-ceric-na-konferenciji-u-becu-ako-podijele-mostar-po-etnickim-linijama-i-cijelu-bosnu-ce-podijeliti\/#primaryimage"},"thumbnailUrl":"https:\/\/sandzakpress.net\/arhiva\/wp-content\/uploads\/2016\/04\/12923129_1725068761104702_1446426384714966400_n-600x450-1.jpg","keywords":["Bosna i Hercegovina"],"articleSection":["Bosna PRESS"],"inLanguage":"bs-BA","potentialAction":[{"@type":"CommentAction","name":"Comment","target":["https:\/\/sandzakpress.net\/arhiva\/dr-ceric-na-konferenciji-u-becu-ako-podijele-mostar-po-etnickim-linijama-i-cijelu-bosnu-ce-podijeliti\/#respond"]}]},{"@type":"WebPage","@id":"https:\/\/sandzakpress.net\/arhiva\/dr-ceric-na-konferenciji-u-becu-ako-podijele-mostar-po-etnickim-linijama-i-cijelu-bosnu-ce-podijeliti\/","url":"https:\/\/sandzakpress.net\/arhiva\/dr-ceric-na-konferenciji-u-becu-ako-podijele-mostar-po-etnickim-linijama-i-cijelu-bosnu-ce-podijeliti\/","name":"Dr. Ceri\u0107 na konferenciji u Be\u010du: Ako podijele Mostar po etni\u010dkim linijama i cijelu Bosnu \u0107e podijeliti","isPartOf":{"@id":"https:\/\/sandzakpress.net\/arhiva\/#website"},"primaryImageOfPage":{"@id":"https:\/\/sandzakpress.net\/arhiva\/dr-ceric-na-konferenciji-u-becu-ako-podijele-mostar-po-etnickim-linijama-i-cijelu-bosnu-ce-podijeliti\/#primaryimage"},"image":{"@id":"https:\/\/sandzakpress.net\/arhiva\/dr-ceric-na-konferenciji-u-becu-ako-podijele-mostar-po-etnickim-linijama-i-cijelu-bosnu-ce-podijeliti\/#primaryimage"},"thumbnailUrl":"https:\/\/sandzakpress.net\/arhiva\/wp-content\/uploads\/2016\/04\/12923129_1725068761104702_1446426384714966400_n-600x450-1.jpg","datePublished":"2016-04-10T10:37:02+00:00","breadcrumb":{"@id":"https:\/\/sandzakpress.net\/arhiva\/dr-ceric-na-konferenciji-u-becu-ako-podijele-mostar-po-etnickim-linijama-i-cijelu-bosnu-ce-podijeliti\/#breadcrumb"},"inLanguage":"bs-BA","potentialAction":[{"@type":"ReadAction","target":["https:\/\/sandzakpress.net\/arhiva\/dr-ceric-na-konferenciji-u-becu-ako-podijele-mostar-po-etnickim-linijama-i-cijelu-bosnu-ce-podijeliti\/"]}]},{"@type":"ImageObject","inLanguage":"bs-BA","@id":"https:\/\/sandzakpress.net\/arhiva\/dr-ceric-na-konferenciji-u-becu-ako-podijele-mostar-po-etnickim-linijama-i-cijelu-bosnu-ce-podijeliti\/#primaryimage","url":"https:\/\/sandzakpress.net\/arhiva\/wp-content\/uploads\/2016\/04\/12923129_1725068761104702_1446426384714966400_n-600x450-1.jpg","contentUrl":"https:\/\/sandzakpress.net\/arhiva\/wp-content\/uploads\/2016\/04\/12923129_1725068761104702_1446426384714966400_n-600x450-1.jpg","width":600,"height":450},{"@type":"BreadcrumbList","@id":"https:\/\/sandzakpress.net\/arhiva\/dr-ceric-na-konferenciji-u-becu-ako-podijele-mostar-po-etnickim-linijama-i-cijelu-bosnu-ce-podijeliti\/#breadcrumb","itemListElement":[{"@type":"ListItem","position":1,"name":"Home","item":"https:\/\/sandzakpress.net\/arhiva\/"},{"@type":"ListItem","position":2,"name":"Dr. Ceri\u0107 na konferenciji u Be\u010du: Ako podijele Mostar po etni\u010dkim linijama i cijelu Bosnu \u0107e podijeliti"}]},{"@type":"WebSite","@id":"https:\/\/sandzakpress.net\/arhiva\/#website","url":"https:\/\/sandzakpress.net\/arhiva\/","name":"Sand\u017eak PRESS","description":"Prve elektronske novine u Sand\u017eaku","publisher":{"@id":"https:\/\/sandzakpress.net\/arhiva\/#\/schema\/person\/6e72b67d6e51910a1117b3b483ba20bd"},"potentialAction":[{"@type":"SearchAction","target":{"@type":"EntryPoint","urlTemplate":"https:\/\/sandzakpress.net\/arhiva\/?s={search_term_string}"},"query-input":{"@type":"PropertyValueSpecification","valueRequired":true,"valueName":"search_term_string"}}],"inLanguage":"bs-BA"},{"@type":["Person","Organization"],"@id":"https:\/\/sandzakpress.net\/arhiva\/#\/schema\/person\/6e72b67d6e51910a1117b3b483ba20bd","name":"Kul","image":{"@type":"ImageObject","inLanguage":"bs-BA","@id":"https:\/\/sandzakpress.net\/arhiva\/#\/schema\/person\/image\/","url":"https:\/\/secure.gravatar.com\/avatar\/42263f39aa27ac04c43cab85c280eb2e?s=96&d=mm&r=pg","contentUrl":"https:\/\/secure.gravatar.com\/avatar\/42263f39aa27ac04c43cab85c280eb2e?s=96&d=mm&r=pg","caption":"Kul"},"logo":{"@id":"https:\/\/sandzakpress.net\/arhiva\/#\/schema\/person\/image\/"}},{"@type":"Person","@id":"https:\/\/sandzakpress.net\/arhiva\/#\/schema\/person\/c8baee722073534b583ea7bdb2e36c02","name":"bosniak","image":{"@type":"ImageObject","inLanguage":"bs-BA","@id":"https:\/\/sandzakpress.net\/arhiva\/#\/schema\/person\/image\/","url":"https:\/\/secure.gravatar.com\/avatar\/a04fd330bfe3a36a72a0ad4a6d89fca7?s=96&d=mm&r=pg","contentUrl":"https:\/\/secure.gravatar.com\/avatar\/a04fd330bfe3a36a72a0ad4a6d89fca7?s=96&d=mm&r=pg","caption":"bosniak"},"url":"https:\/\/sandzakpress.net\/arhiva\/author\/bosniak\/"}]}},"_links":{"self":[{"href":"https:\/\/sandzakpress.net\/arhiva\/wp-json\/wp\/v2\/posts\/158708"}],"collection":[{"href":"https:\/\/sandzakpress.net\/arhiva\/wp-json\/wp\/v2\/posts"}],"about":[{"href":"https:\/\/sandzakpress.net\/arhiva\/wp-json\/wp\/v2\/types\/post"}],"author":[{"embeddable":true,"href":"https:\/\/sandzakpress.net\/arhiva\/wp-json\/wp\/v2\/users\/83"}],"replies":[{"embeddable":true,"href":"https:\/\/sandzakpress.net\/arhiva\/wp-json\/wp\/v2\/comments?post=158708"}],"version-history":[{"count":0,"href":"https:\/\/sandzakpress.net\/arhiva\/wp-json\/wp\/v2\/posts\/158708\/revisions"}],"wp:featuredmedia":[{"embeddable":true,"href":"https:\/\/sandzakpress.net\/arhiva\/wp-json\/wp\/v2\/media\/158710"}],"wp:attachment":[{"href":"https:\/\/sandzakpress.net\/arhiva\/wp-json\/wp\/v2\/media?parent=158708"}],"wp:term":[{"taxonomy":"category","embeddable":true,"href":"https:\/\/sandzakpress.net\/arhiva\/wp-json\/wp\/v2\/categories?post=158708"},{"taxonomy":"post_tag","embeddable":true,"href":"https:\/\/sandzakpress.net\/arhiva\/wp-json\/wp\/v2\/tags?post=158708"}],"curies":[{"name":"wp","href":"https:\/\/api.w.org\/{rel}","templated":true}]}}