{"id":158555,"date":"2016-04-07T14:46:43","date_gmt":"2016-04-07T12:46:43","guid":{"rendered":"https:\/\/sandzakpress.net\/arhiva\/?p=158555"},"modified":"2016-04-07T14:46:43","modified_gmt":"2016-04-07T12:46:43","slug":"tutinci-ne-zele-kamenolom-u-gnjili","status":"publish","type":"post","link":"https:\/\/sandzakpress.net\/arhiva\/tutinci-ne-zele-kamenolom-u-gnjili\/","title":{"rendered":"Tutinci ne \u017eele kamenolom u Gnjili"},"content":{"rendered":"<div class=\"itemIntroText\"><img decoding=\"async\" src=\"http:\/\/www.rtvnp.rs\/media\/k2\/items\/cache\/ead1e65d2dc2556e37f31f408c8cc1df_L.jpg\" alt=\"Ne \u017eele kamenolom u Gnjili\" \/><\/div>\n<div class=\"itemIntroText\"><strong>Tutin &#8211; Mje\u0161tani koji su se okupili iz brojnih sela u op\u0161tini Tutin protestovali su, nezadovoljni po\u010detkom rada kamenoloma u mjestu Gnjila, na magistralnom putu Tutin-Mehov Kr\u0161.<\/strong><\/div>\n<div class=\"itemFullText\">\n<p>Oni od nadlje\u017enih u Op\u0161tinskoj upravi Tutin tra\u017ee da se obustavi izgradnja kamenoloma, koja prema njihovim rije\u010dima prijeti da ugrozi sve \u0161to su godinama stvarali.<\/p>\n<p>Prema navodima okupljenih mje\u0161tana, radnici AD Novi Pazar put ve\u0107 su po\u010deli sa radovima na bu\u0161enju i pripremama za miniranje i otvaranje kamenoloma na putu kod hotela \u201cIdeal\u201d.<\/p>\n<p>Gra\u0111ani od vlasti u Tutinu tra\u017ee da se process obustavi, i da se prestane sa dijeljenjem op\u0161tinskog zemlji\u0161ta u te svrhe.<\/p>\n<p>Bez ikakvih konsultacija o otvaranju kamenoloma, mje\u0161tani strahuju da \u0107e biti uni\u0161tena poljoprivreda, vo\u0107njaci, p\u010delinjaci, rijeka Vidrenjak i sve ono \u0161to su godinama stvarali.<\/p>\n<p>Peticijom koju je potpisalo 436 mje\u0161tana sela Draga, \u0160piljani, Biohane, Bregovi i Gnjila tra\u017ei se od predsjednika op\u0161tine Tutin \u0160emsudina Ku\u010devi\u0107a da se izgradnja kamenoloma hitno obustavi.<\/p>\n<p>Ukoliko ne bude odgovora, nezadovoljni mje\u0161tani prijete da \u0107e se za pomo\u0107 obratiti svim nadlje\u017enim ustanovama u zemlji.<\/p>\n<p>TV Novi Pazar je danas u vi\u0161e navrata poku\u0161avala da dobije odgovor od nadlje\u017enih u op\u0161tinskoj upravi u Tutinu, ali odgovora nije bilo.<\/p>\n<p>Nakon \u0161to su nas sa jednog broja preusmeravali na drugi, i tako redom, re\u010deno nam je da oni u op\u0161tini nemaju pojma i da nisu upoznati sa pri\u010dom.<\/p>\n<p>(Rtvnp)<\/p>\n<\/div>\n","protected":false},"excerpt":{"rendered":"<p>Tutin &#8211; Mje\u0161tani koji su se okupili iz brojnih sela u op\u0161tini Tutin protestovali su, nezadovoljni po\u010detkom rada kamenoloma u mjestu Gnjila, na magistralnom putu Tutin-Mehov Kr\u0161. Oni od nadlje\u017enih u Op\u0161tinskoj upravi Tutin tra\u017ee da se obustavi izgradnja kamenoloma, koja prema njihovim rije\u010dima prijeti da ugrozi sve \u0161to su godinama stvarali. Prema navodima okupljenih [&hellip;]<\/p>\n","protected":false},"author":83,"featured_media":158560,"comment_status":"open","ping_status":"open","sticky":false,"template":"","format":"standard","meta":{"footnotes":""},"categories":[327,5,10429],"tags":[],"class_list":{"0":"post-158555","1":"post","2":"type-post","3":"status-publish","4":"format-standard","5":"has-post-thumbnail","7":"category-tutin","8":"category-drustvo","9":"category-vazno"},"yoast_head":"<!-- This site is optimized with the Yoast SEO Premium plugin v23.1 (Yoast SEO v24.9) - https:\/\/yoast.com\/wordpress\/plugins\/seo\/ -->\n<title>Tutinci ne \u017eele kamenolom u Gnjili<\/title>\n<meta name=\"robots\" content=\"index, follow, max-snippet:-1, max-image-preview:large, max-video-preview:-1\" \/>\n<link rel=\"canonical\" href=\"https:\/\/sandzakpress.net\/arhiva\/tutinci-ne-zele-kamenolom-u-gnjili\/\" \/>\n<meta property=\"og:locale\" content=\"bs_BA\" \/>\n<meta property=\"og:type\" content=\"article\" \/>\n<meta property=\"og:title\" content=\"Tutinci ne \u017eele kamenolom u Gnjili\" \/>\n<meta property=\"og:description\" content=\"Tutin &#8211; Mje\u0161tani koji su se okupili iz brojnih sela u op\u0161tini Tutin protestovali su, nezadovoljni po\u010detkom rada kamenoloma u mjestu Gnjila, na magistralnom putu Tutin-Mehov Kr\u0161. Oni od nadlje\u017enih u Op\u0161tinskoj upravi Tutin tra\u017ee da se obustavi izgradnja kamenoloma, koja prema njihovim rije\u010dima prijeti da ugrozi sve \u0161to su godinama stvarali. Prema navodima okupljenih [&hellip;]\" \/>\n<meta property=\"og:url\" content=\"https:\/\/sandzakpress.net\/arhiva\/tutinci-ne-zele-kamenolom-u-gnjili\/\" \/>\n<meta property=\"og:site_name\" content=\"Sand\u017eak PRESS\" \/>\n<meta property=\"article:published_time\" content=\"2016-04-07T12:46:43+00:00\" \/>\n<meta property=\"og:image\" content=\"https:\/\/sandzakpress.net\/arhiva\/wp-content\/uploads\/2016\/04\/ead1e65d2dc2556e37f31f408c8cc1df_L.jpg\" \/>\n\t<meta property=\"og:image:width\" content=\"600\" \/>\n\t<meta property=\"og:image:height\" content=\"338\" \/>\n\t<meta property=\"og:image:type\" content=\"image\/jpeg\" \/>\n<meta name=\"author\" content=\"bosniak\" \/>\n<meta name=\"twitter:card\" content=\"summary_large_image\" \/>\n<meta name=\"twitter:label1\" content=\"Written by\" \/>\n\t<meta name=\"twitter:data1\" content=\"bosniak\" \/>\n\t<meta name=\"twitter:label2\" content=\"Est. reading time\" \/>\n\t<meta name=\"twitter:data2\" content=\"1 minuta\" \/>\n<script type=\"application\/ld+json\" class=\"yoast-schema-graph\">{\"@context\":\"https:\/\/schema.org\",\"@graph\":[{\"@type\":\"Article\",\"@id\":\"https:\/\/sandzakpress.net\/arhiva\/tutinci-ne-zele-kamenolom-u-gnjili\/#article\",\"isPartOf\":{\"@id\":\"https:\/\/sandzakpress.net\/arhiva\/tutinci-ne-zele-kamenolom-u-gnjili\/\"},\"author\":{\"name\":\"bosniak\",\"@id\":\"https:\/\/sandzakpress.net\/arhiva\/#\/schema\/person\/c8baee722073534b583ea7bdb2e36c02\"},\"headline\":\"Tutinci ne \u017eele kamenolom u Gnjili\",\"datePublished\":\"2016-04-07T12:46:43+00:00\",\"mainEntityOfPage\":{\"@id\":\"https:\/\/sandzakpress.net\/arhiva\/tutinci-ne-zele-kamenolom-u-gnjili\/\"},\"wordCount\":259,\"commentCount\":1,\"publisher\":{\"@id\":\"https:\/\/sandzakpress.net\/arhiva\/#\/schema\/person\/6e72b67d6e51910a1117b3b483ba20bd\"},\"image\":{\"@id\":\"https:\/\/sandzakpress.net\/arhiva\/tutinci-ne-zele-kamenolom-u-gnjili\/#primaryimage\"},\"thumbnailUrl\":\"https:\/\/sandzakpress.net\/arhiva\/wp-content\/uploads\/2016\/04\/ead1e65d2dc2556e37f31f408c8cc1df_L.jpg\",\"articleSection\":[\"Tutin\",\"Dru\u0161tvo\",\"VA\u017dNO!\"],\"inLanguage\":\"bs-BA\",\"potentialAction\":[{\"@type\":\"CommentAction\",\"name\":\"Comment\",\"target\":[\"https:\/\/sandzakpress.net\/arhiva\/tutinci-ne-zele-kamenolom-u-gnjili\/#respond\"]}]},{\"@type\":\"WebPage\",\"@id\":\"https:\/\/sandzakpress.net\/arhiva\/tutinci-ne-zele-kamenolom-u-gnjili\/\",\"url\":\"https:\/\/sandzakpress.net\/arhiva\/tutinci-ne-zele-kamenolom-u-gnjili\/\",\"name\":\"Tutinci ne \u017eele kamenolom u Gnjili\",\"isPartOf\":{\"@id\":\"https:\/\/sandzakpress.net\/arhiva\/#website\"},\"primaryImageOfPage\":{\"@id\":\"https:\/\/sandzakpress.net\/arhiva\/tutinci-ne-zele-kamenolom-u-gnjili\/#primaryimage\"},\"image\":{\"@id\":\"https:\/\/sandzakpress.net\/arhiva\/tutinci-ne-zele-kamenolom-u-gnjili\/#primaryimage\"},\"thumbnailUrl\":\"https:\/\/sandzakpress.net\/arhiva\/wp-content\/uploads\/2016\/04\/ead1e65d2dc2556e37f31f408c8cc1df_L.jpg\",\"datePublished\":\"2016-04-07T12:46:43+00:00\",\"breadcrumb\":{\"@id\":\"https:\/\/sandzakpress.net\/arhiva\/tutinci-ne-zele-kamenolom-u-gnjili\/#breadcrumb\"},\"inLanguage\":\"bs-BA\",\"potentialAction\":[{\"@type\":\"ReadAction\",\"target\":[\"https:\/\/sandzakpress.net\/arhiva\/tutinci-ne-zele-kamenolom-u-gnjili\/\"]}]},{\"@type\":\"ImageObject\",\"inLanguage\":\"bs-BA\",\"@id\":\"https:\/\/sandzakpress.net\/arhiva\/tutinci-ne-zele-kamenolom-u-gnjili\/#primaryimage\",\"url\":\"https:\/\/sandzakpress.net\/arhiva\/wp-content\/uploads\/2016\/04\/ead1e65d2dc2556e37f31f408c8cc1df_L.jpg\",\"contentUrl\":\"https:\/\/sandzakpress.net\/arhiva\/wp-content\/uploads\/2016\/04\/ead1e65d2dc2556e37f31f408c8cc1df_L.jpg\",\"width\":600,\"height\":338},{\"@type\":\"BreadcrumbList\",\"@id\":\"https:\/\/sandzakpress.net\/arhiva\/tutinci-ne-zele-kamenolom-u-gnjili\/#breadcrumb\",\"itemListElement\":[{\"@type\":\"ListItem\",\"position\":1,\"name\":\"Home\",\"item\":\"https:\/\/sandzakpress.net\/arhiva\/\"},{\"@type\":\"ListItem\",\"position\":2,\"name\":\"Tutinci ne \u017eele kamenolom u Gnjili\"}]},{\"@type\":\"WebSite\",\"@id\":\"https:\/\/sandzakpress.net\/arhiva\/#website\",\"url\":\"https:\/\/sandzakpress.net\/arhiva\/\",\"name\":\"Sand\u017eak PRESS\",\"description\":\"Prve elektronske novine u Sand\u017eaku\",\"publisher\":{\"@id\":\"https:\/\/sandzakpress.net\/arhiva\/#\/schema\/person\/6e72b67d6e51910a1117b3b483ba20bd\"},\"potentialAction\":[{\"@type\":\"SearchAction\",\"target\":{\"@type\":\"EntryPoint\",\"urlTemplate\":\"https:\/\/sandzakpress.net\/arhiva\/?s={search_term_string}\"},\"query-input\":{\"@type\":\"PropertyValueSpecification\",\"valueRequired\":true,\"valueName\":\"search_term_string\"}}],\"inLanguage\":\"bs-BA\"},{\"@type\":[\"Person\",\"Organization\"],\"@id\":\"https:\/\/sandzakpress.net\/arhiva\/#\/schema\/person\/6e72b67d6e51910a1117b3b483ba20bd\",\"name\":\"Kul\",\"image\":{\"@type\":\"ImageObject\",\"inLanguage\":\"bs-BA\",\"@id\":\"https:\/\/sandzakpress.net\/arhiva\/#\/schema\/person\/image\/\",\"url\":\"https:\/\/secure.gravatar.com\/avatar\/42263f39aa27ac04c43cab85c280eb2e?s=96&d=mm&r=pg\",\"contentUrl\":\"https:\/\/secure.gravatar.com\/avatar\/42263f39aa27ac04c43cab85c280eb2e?s=96&d=mm&r=pg\",\"caption\":\"Kul\"},\"logo\":{\"@id\":\"https:\/\/sandzakpress.net\/arhiva\/#\/schema\/person\/image\/\"}},{\"@type\":\"Person\",\"@id\":\"https:\/\/sandzakpress.net\/arhiva\/#\/schema\/person\/c8baee722073534b583ea7bdb2e36c02\",\"name\":\"bosniak\",\"image\":{\"@type\":\"ImageObject\",\"inLanguage\":\"bs-BA\",\"@id\":\"https:\/\/sandzakpress.net\/arhiva\/#\/schema\/person\/image\/\",\"url\":\"https:\/\/secure.gravatar.com\/avatar\/a04fd330bfe3a36a72a0ad4a6d89fca7?s=96&d=mm&r=pg\",\"contentUrl\":\"https:\/\/secure.gravatar.com\/avatar\/a04fd330bfe3a36a72a0ad4a6d89fca7?s=96&d=mm&r=pg\",\"caption\":\"bosniak\"},\"url\":\"https:\/\/sandzakpress.net\/arhiva\/author\/bosniak\/\"}]}<\/script>\n<!-- \/ Yoast SEO Premium plugin. -->","yoast_head_json":{"title":"Tutinci ne \u017eele kamenolom u Gnjili","robots":{"index":"index","follow":"follow","max-snippet":"max-snippet:-1","max-image-preview":"max-image-preview:large","max-video-preview":"max-video-preview:-1"},"canonical":"https:\/\/sandzakpress.net\/arhiva\/tutinci-ne-zele-kamenolom-u-gnjili\/","og_locale":"bs_BA","og_type":"article","og_title":"Tutinci ne \u017eele kamenolom u Gnjili","og_description":"Tutin &#8211; Mje\u0161tani koji su se okupili iz brojnih sela u op\u0161tini Tutin protestovali su, nezadovoljni po\u010detkom rada kamenoloma u mjestu Gnjila, na magistralnom putu Tutin-Mehov Kr\u0161. Oni od nadlje\u017enih u Op\u0161tinskoj upravi Tutin tra\u017ee da se obustavi izgradnja kamenoloma, koja prema njihovim rije\u010dima prijeti da ugrozi sve \u0161to su godinama stvarali. Prema navodima okupljenih [&hellip;]","og_url":"https:\/\/sandzakpress.net\/arhiva\/tutinci-ne-zele-kamenolom-u-gnjili\/","og_site_name":"Sand\u017eak PRESS","article_published_time":"2016-04-07T12:46:43+00:00","og_image":[{"width":600,"height":338,"url":"https:\/\/sandzakpress.net\/arhiva\/wp-content\/uploads\/2016\/04\/ead1e65d2dc2556e37f31f408c8cc1df_L.jpg","type":"image\/jpeg"}],"author":"bosniak","twitter_card":"summary_large_image","twitter_misc":{"Written by":"bosniak","Est. reading time":"1 minuta"},"schema":{"@context":"https:\/\/schema.org","@graph":[{"@type":"Article","@id":"https:\/\/sandzakpress.net\/arhiva\/tutinci-ne-zele-kamenolom-u-gnjili\/#article","isPartOf":{"@id":"https:\/\/sandzakpress.net\/arhiva\/tutinci-ne-zele-kamenolom-u-gnjili\/"},"author":{"name":"bosniak","@id":"https:\/\/sandzakpress.net\/arhiva\/#\/schema\/person\/c8baee722073534b583ea7bdb2e36c02"},"headline":"Tutinci ne \u017eele kamenolom u Gnjili","datePublished":"2016-04-07T12:46:43+00:00","mainEntityOfPage":{"@id":"https:\/\/sandzakpress.net\/arhiva\/tutinci-ne-zele-kamenolom-u-gnjili\/"},"wordCount":259,"commentCount":1,"publisher":{"@id":"https:\/\/sandzakpress.net\/arhiva\/#\/schema\/person\/6e72b67d6e51910a1117b3b483ba20bd"},"image":{"@id":"https:\/\/sandzakpress.net\/arhiva\/tutinci-ne-zele-kamenolom-u-gnjili\/#primaryimage"},"thumbnailUrl":"https:\/\/sandzakpress.net\/arhiva\/wp-content\/uploads\/2016\/04\/ead1e65d2dc2556e37f31f408c8cc1df_L.jpg","articleSection":["Tutin","Dru\u0161tvo","VA\u017dNO!"],"inLanguage":"bs-BA","potentialAction":[{"@type":"CommentAction","name":"Comment","target":["https:\/\/sandzakpress.net\/arhiva\/tutinci-ne-zele-kamenolom-u-gnjili\/#respond"]}]},{"@type":"WebPage","@id":"https:\/\/sandzakpress.net\/arhiva\/tutinci-ne-zele-kamenolom-u-gnjili\/","url":"https:\/\/sandzakpress.net\/arhiva\/tutinci-ne-zele-kamenolom-u-gnjili\/","name":"Tutinci ne \u017eele kamenolom u Gnjili","isPartOf":{"@id":"https:\/\/sandzakpress.net\/arhiva\/#website"},"primaryImageOfPage":{"@id":"https:\/\/sandzakpress.net\/arhiva\/tutinci-ne-zele-kamenolom-u-gnjili\/#primaryimage"},"image":{"@id":"https:\/\/sandzakpress.net\/arhiva\/tutinci-ne-zele-kamenolom-u-gnjili\/#primaryimage"},"thumbnailUrl":"https:\/\/sandzakpress.net\/arhiva\/wp-content\/uploads\/2016\/04\/ead1e65d2dc2556e37f31f408c8cc1df_L.jpg","datePublished":"2016-04-07T12:46:43+00:00","breadcrumb":{"@id":"https:\/\/sandzakpress.net\/arhiva\/tutinci-ne-zele-kamenolom-u-gnjili\/#breadcrumb"},"inLanguage":"bs-BA","potentialAction":[{"@type":"ReadAction","target":["https:\/\/sandzakpress.net\/arhiva\/tutinci-ne-zele-kamenolom-u-gnjili\/"]}]},{"@type":"ImageObject","inLanguage":"bs-BA","@id":"https:\/\/sandzakpress.net\/arhiva\/tutinci-ne-zele-kamenolom-u-gnjili\/#primaryimage","url":"https:\/\/sandzakpress.net\/arhiva\/wp-content\/uploads\/2016\/04\/ead1e65d2dc2556e37f31f408c8cc1df_L.jpg","contentUrl":"https:\/\/sandzakpress.net\/arhiva\/wp-content\/uploads\/2016\/04\/ead1e65d2dc2556e37f31f408c8cc1df_L.jpg","width":600,"height":338},{"@type":"BreadcrumbList","@id":"https:\/\/sandzakpress.net\/arhiva\/tutinci-ne-zele-kamenolom-u-gnjili\/#breadcrumb","itemListElement":[{"@type":"ListItem","position":1,"name":"Home","item":"https:\/\/sandzakpress.net\/arhiva\/"},{"@type":"ListItem","position":2,"name":"Tutinci ne \u017eele kamenolom u Gnjili"}]},{"@type":"WebSite","@id":"https:\/\/sandzakpress.net\/arhiva\/#website","url":"https:\/\/sandzakpress.net\/arhiva\/","name":"Sand\u017eak PRESS","description":"Prve elektronske novine u Sand\u017eaku","publisher":{"@id":"https:\/\/sandzakpress.net\/arhiva\/#\/schema\/person\/6e72b67d6e51910a1117b3b483ba20bd"},"potentialAction":[{"@type":"SearchAction","target":{"@type":"EntryPoint","urlTemplate":"https:\/\/sandzakpress.net\/arhiva\/?s={search_term_string}"},"query-input":{"@type":"PropertyValueSpecification","valueRequired":true,"valueName":"search_term_string"}}],"inLanguage":"bs-BA"},{"@type":["Person","Organization"],"@id":"https:\/\/sandzakpress.net\/arhiva\/#\/schema\/person\/6e72b67d6e51910a1117b3b483ba20bd","name":"Kul","image":{"@type":"ImageObject","inLanguage":"bs-BA","@id":"https:\/\/sandzakpress.net\/arhiva\/#\/schema\/person\/image\/","url":"https:\/\/secure.gravatar.com\/avatar\/42263f39aa27ac04c43cab85c280eb2e?s=96&d=mm&r=pg","contentUrl":"https:\/\/secure.gravatar.com\/avatar\/42263f39aa27ac04c43cab85c280eb2e?s=96&d=mm&r=pg","caption":"Kul"},"logo":{"@id":"https:\/\/sandzakpress.net\/arhiva\/#\/schema\/person\/image\/"}},{"@type":"Person","@id":"https:\/\/sandzakpress.net\/arhiva\/#\/schema\/person\/c8baee722073534b583ea7bdb2e36c02","name":"bosniak","image":{"@type":"ImageObject","inLanguage":"bs-BA","@id":"https:\/\/sandzakpress.net\/arhiva\/#\/schema\/person\/image\/","url":"https:\/\/secure.gravatar.com\/avatar\/a04fd330bfe3a36a72a0ad4a6d89fca7?s=96&d=mm&r=pg","contentUrl":"https:\/\/secure.gravatar.com\/avatar\/a04fd330bfe3a36a72a0ad4a6d89fca7?s=96&d=mm&r=pg","caption":"bosniak"},"url":"https:\/\/sandzakpress.net\/arhiva\/author\/bosniak\/"}]}},"_links":{"self":[{"href":"https:\/\/sandzakpress.net\/arhiva\/wp-json\/wp\/v2\/posts\/158555"}],"collection":[{"href":"https:\/\/sandzakpress.net\/arhiva\/wp-json\/wp\/v2\/posts"}],"about":[{"href":"https:\/\/sandzakpress.net\/arhiva\/wp-json\/wp\/v2\/types\/post"}],"author":[{"embeddable":true,"href":"https:\/\/sandzakpress.net\/arhiva\/wp-json\/wp\/v2\/users\/83"}],"replies":[{"embeddable":true,"href":"https:\/\/sandzakpress.net\/arhiva\/wp-json\/wp\/v2\/comments?post=158555"}],"version-history":[{"count":0,"href":"https:\/\/sandzakpress.net\/arhiva\/wp-json\/wp\/v2\/posts\/158555\/revisions"}],"wp:featuredmedia":[{"embeddable":true,"href":"https:\/\/sandzakpress.net\/arhiva\/wp-json\/wp\/v2\/media\/158560"}],"wp:attachment":[{"href":"https:\/\/sandzakpress.net\/arhiva\/wp-json\/wp\/v2\/media?parent=158555"}],"wp:term":[{"taxonomy":"category","embeddable":true,"href":"https:\/\/sandzakpress.net\/arhiva\/wp-json\/wp\/v2\/categories?post=158555"},{"taxonomy":"post_tag","embeddable":true,"href":"https:\/\/sandzakpress.net\/arhiva\/wp-json\/wp\/v2\/tags?post=158555"}],"curies":[{"name":"wp","href":"https:\/\/api.w.org\/{rel}","templated":true}]}}