{"id":158541,"date":"2016-04-07T13:04:49","date_gmt":"2016-04-07T11:04:49","guid":{"rendered":"https:\/\/sandzakpress.net\/arhiva\/?p=158541"},"modified":"2016-04-07T13:04:49","modified_gmt":"2016-04-07T11:04:49","slug":"rasim-ljajic-je-posljednji-milosevicev-izvrsilac-kulturocida-nad-bosnjacima","status":"publish","type":"post","link":"https:\/\/sandzakpress.net\/arhiva\/rasim-ljajic-je-posljednji-milosevicev-izvrsilac-kulturocida-nad-bosnjacima\/","title":{"rendered":"Rasim Ljaji\u0107 je posljednji Milo\u0161evi\u0107ev izvr\u0161ilac kulturocida nad Bo\u0161njacima"},"content":{"rendered":"<div id=\":1s8\" class=\"ii gt m153eafc4db6472e1 adP adO\">\n<div id=\":1sc\" class=\"a3s\">\n<div dir=\"ltr\">\n<div class=\"gmail_quote\">\n<div><img loading=\"lazy\" decoding=\"async\" class=\"aligncenter size-full wp-image-136140\" src=\"https:\/\/sandzakpress.net\/arhiva\/wp-content\/uploads\/2015\/09\/asmir-bihorac.jpg\" alt=\"asmir bihorac\" width=\"589\" height=\"395\" \/>Kakav je \u010diji odnos prema narodu i njegovom kulturno-historijskom blagu pokazala nam je, izme\u0111u ostalog, i predizborna kampanja u Sand\u017eaku. Dok su jedni odustajali od izrade plakata i novac namijenjen u te svrhe preusmjeravali na narodne kuhinje, drugi su bu\u0161ilicama bu\u0161ili historijske spomenike, novopazarski bedem, tvr\u0111avu koja ima dvostruki status dr\u017eavne za\u0161tite i druge. A \u0161to je jo\u0161 nehumanije i apsurdnije to je radila stranka na vlasti, ona koja je najvi\u0161e zadu\u017eena da to blago \u010duva.<\/div>\n<div>Po kr\u0161enju ovih pravila i propisa u cijeloj dr\u017eavi, prednja\u010dio je Novi Pazar, zbog nesavjesnog Rasima Ljaji\u0107a koji je svoje ime na ogromnim plakatima, najve\u0107ih mogu\u0107ih dimenzija izrade, postavio bu\u0161enjem bedema iz osmanskog doba. Sve su druge stranke osudile ovaj nesavjesni Ljaji\u0107ev \u010din, pa i Zavod za za\u0161titu spomenika kulture u Kraljevu, te su i srbijanski portali kriti\u010dki pisali o tome.<\/div>\n<div><img decoding=\"async\" src=\"http:\/\/ocdn.eu\/images\/pulscms\/YjY7MDMsMzE0LDAsMCwxOzAzLDFkNiwwLDAsMTswYywxZDc0Y2I0MTcwNTk1MDQzNjYyOWNhYmQ2MDZmNTBmNiwxLDAsNiww\/a6cc9d6a28cc1a35101d9dfc94fd1691.jpeg\" alt=\"Rasim Ljaji\u0107\nna tvr\u0111avi\niz 18. veka\" \/><\/div>\n<div>\u00a0<\/div>\n<div>Bo\u0161nja\u010dki narod se gnu\u0161a njegovog licemjerstva nastupaju\u0107i, tobo\u017ee, pod sloganom &#8221;Za evropski Novi Pazar&#8221;, a rade\u0107i stvari za koje se u svim civiliziranim zemljama povla\u010di krivi\u010dna odgovornost. Zato se u javnosti mo\u017ee \u010duti da Milo\u0161evi\u0107 ima posljednjeg izvr\u0161ioca kulturocida nad Bo\u0161njacima u liku i djelu onoga ko isto sprovodi gotovo dva desetlje\u0107a.\u00a0<\/div>\n<div>\u00a0<\/div>\n<div>Umjesto najavljenog &#8216;evropskog Novog Pazara&#8217;, na\u0161 grad je po broju siroma\u0161nih i nezaposlenih, nerealiziranih projekata, neobezbijedjenih investicija zapravo najmanje evropski a skrnavljanjem njegovih obilje\u017eja u bojazni smo i zbog nestanka njegovog imena po kome je prepoznatljiv.<\/div>\n<div><img decoding=\"async\" src=\"http:\/\/ocdn.eu\/images\/pulscms\/ODY7MDMsMzE0LDAsMCwxOzAzLDFkNiwwLDAsMTswYywxZDc0Y2I0MTcwNTk1MDQzNjYyOWNhYmQ2MDZmNTBmNiwxLDAsNiww\/81915274f7fd7445db7fb3a0b3a2ed5f.jpeg\" alt=\"Ku\u0107a u staroj novopazarskoj \u010dar\u0161iji\" \/><\/div>\n<div>\u00a0<\/div>\n<div>Do 24. aprila, i posljednji izdisaji samovolje trenutnih vlastodr\u017eaca do\u017eivjet \u0107e krah dolaskom autenti\u010dnih predstavnika bo\u0161nja\u010dkog naroda u duhu pomirenja za koje se zala\u017ee Bo\u0161nja\u010dka demokratska zajednica Sand\u017eaka sa nosiocem liste Muamerom Zukorli\u0107em.<\/div>\n<div>\u00a0<\/div>\n<div>\u00a0<\/div>\n<div>Asmir Bihorac,\u00a0potpresjednik BKZ u Luksemburgu<\/div>\n<div>\n<div>Gesendet von myMail f\u00fcr iOS<\/p>\n<div class=\"yj6qo\">\u00a0<\/div>\n<\/div>\n<\/div>\n<\/div>\n<\/div>\n<\/div>\n<\/div>\n<div id=\":u1\" class=\"hq gt\">\u00a0<\/div>\n","protected":false},"excerpt":{"rendered":"<p>Asmir Bihorac<\/p>\n","protected":false},"author":83,"featured_media":136140,"comment_status":"open","ping_status":"open","sticky":false,"template":"","format":"standard","meta":{"footnotes":""},"categories":[72,10196],"tags":[],"class_list":{"0":"post-158541","1":"post","2":"type-post","3":"status-publish","4":"format-standard","5":"has-post-thumbnail","7":"category-novi-pazar","8":"category-iz-pera-nasih-autora"},"yoast_head":"<!-- This site is optimized with the Yoast SEO Premium plugin v23.1 (Yoast SEO v24.9) - https:\/\/yoast.com\/wordpress\/plugins\/seo\/ -->\n<title>Rasim Ljaji\u0107 je posljednji Milo\u0161evi\u0107ev izvr\u0161ilac kulturocida nad Bo\u0161njacima<\/title>\n<meta name=\"robots\" content=\"index, follow, max-snippet:-1, max-image-preview:large, max-video-preview:-1\" \/>\n<link rel=\"canonical\" href=\"https:\/\/sandzakpress.net\/arhiva\/rasim-ljajic-je-posljednji-milosevicev-izvrsilac-kulturocida-nad-bosnjacima\/\" \/>\n<meta property=\"og:locale\" content=\"bs_BA\" \/>\n<meta property=\"og:type\" content=\"article\" \/>\n<meta property=\"og:title\" content=\"Rasim Ljaji\u0107 je posljednji Milo\u0161evi\u0107ev izvr\u0161ilac kulturocida nad Bo\u0161njacima\" \/>\n<meta property=\"og:description\" content=\"Asmir Bihorac\" \/>\n<meta property=\"og:url\" content=\"https:\/\/sandzakpress.net\/arhiva\/rasim-ljajic-je-posljednji-milosevicev-izvrsilac-kulturocida-nad-bosnjacima\/\" \/>\n<meta property=\"og:site_name\" content=\"Sand\u017eak PRESS\" \/>\n<meta property=\"article:published_time\" content=\"2016-04-07T11:04:49+00:00\" \/>\n<meta property=\"og:image\" content=\"https:\/\/sandzakpress.net\/arhiva\/wp-content\/uploads\/2015\/09\/asmir-bihorac.jpg\" \/>\n\t<meta property=\"og:image:width\" content=\"589\" \/>\n\t<meta property=\"og:image:height\" content=\"395\" \/>\n\t<meta property=\"og:image:type\" content=\"image\/jpeg\" \/>\n<meta name=\"author\" content=\"bosniak\" \/>\n<meta name=\"twitter:card\" content=\"summary_large_image\" \/>\n<meta name=\"twitter:label1\" content=\"Written by\" \/>\n\t<meta name=\"twitter:data1\" content=\"bosniak\" \/>\n\t<meta name=\"twitter:label2\" content=\"Est. reading time\" \/>\n\t<meta name=\"twitter:data2\" content=\"2 minute\" \/>\n<script type=\"application\/ld+json\" class=\"yoast-schema-graph\">{\"@context\":\"https:\/\/schema.org\",\"@graph\":[{\"@type\":\"Article\",\"@id\":\"https:\/\/sandzakpress.net\/arhiva\/rasim-ljajic-je-posljednji-milosevicev-izvrsilac-kulturocida-nad-bosnjacima\/#article\",\"isPartOf\":{\"@id\":\"https:\/\/sandzakpress.net\/arhiva\/rasim-ljajic-je-posljednji-milosevicev-izvrsilac-kulturocida-nad-bosnjacima\/\"},\"author\":{\"name\":\"bosniak\",\"@id\":\"https:\/\/sandzakpress.net\/arhiva\/#\/schema\/person\/c8baee722073534b583ea7bdb2e36c02\"},\"headline\":\"Rasim Ljaji\u0107 je posljednji Milo\u0161evi\u0107ev izvr\u0161ilac kulturocida nad Bo\u0161njacima\",\"datePublished\":\"2016-04-07T11:04:49+00:00\",\"mainEntityOfPage\":{\"@id\":\"https:\/\/sandzakpress.net\/arhiva\/rasim-ljajic-je-posljednji-milosevicev-izvrsilac-kulturocida-nad-bosnjacima\/\"},\"wordCount\":326,\"commentCount\":14,\"publisher\":{\"@id\":\"https:\/\/sandzakpress.net\/arhiva\/#\/schema\/person\/6e72b67d6e51910a1117b3b483ba20bd\"},\"image\":{\"@id\":\"https:\/\/sandzakpress.net\/arhiva\/rasim-ljajic-je-posljednji-milosevicev-izvrsilac-kulturocida-nad-bosnjacima\/#primaryimage\"},\"thumbnailUrl\":\"https:\/\/sandzakpress.net\/arhiva\/wp-content\/uploads\/2015\/09\/asmir-bihorac.jpg\",\"articleSection\":[\"Novi Pazar\",\"Iz pera na\u0161ih autora\"],\"inLanguage\":\"bs-BA\",\"potentialAction\":[{\"@type\":\"CommentAction\",\"name\":\"Comment\",\"target\":[\"https:\/\/sandzakpress.net\/arhiva\/rasim-ljajic-je-posljednji-milosevicev-izvrsilac-kulturocida-nad-bosnjacima\/#respond\"]}]},{\"@type\":\"WebPage\",\"@id\":\"https:\/\/sandzakpress.net\/arhiva\/rasim-ljajic-je-posljednji-milosevicev-izvrsilac-kulturocida-nad-bosnjacima\/\",\"url\":\"https:\/\/sandzakpress.net\/arhiva\/rasim-ljajic-je-posljednji-milosevicev-izvrsilac-kulturocida-nad-bosnjacima\/\",\"name\":\"Rasim Ljaji\u0107 je posljednji Milo\u0161evi\u0107ev izvr\u0161ilac kulturocida nad Bo\u0161njacima\",\"isPartOf\":{\"@id\":\"https:\/\/sandzakpress.net\/arhiva\/#website\"},\"primaryImageOfPage\":{\"@id\":\"https:\/\/sandzakpress.net\/arhiva\/rasim-ljajic-je-posljednji-milosevicev-izvrsilac-kulturocida-nad-bosnjacima\/#primaryimage\"},\"image\":{\"@id\":\"https:\/\/sandzakpress.net\/arhiva\/rasim-ljajic-je-posljednji-milosevicev-izvrsilac-kulturocida-nad-bosnjacima\/#primaryimage\"},\"thumbnailUrl\":\"https:\/\/sandzakpress.net\/arhiva\/wp-content\/uploads\/2015\/09\/asmir-bihorac.jpg\",\"datePublished\":\"2016-04-07T11:04:49+00:00\",\"breadcrumb\":{\"@id\":\"https:\/\/sandzakpress.net\/arhiva\/rasim-ljajic-je-posljednji-milosevicev-izvrsilac-kulturocida-nad-bosnjacima\/#breadcrumb\"},\"inLanguage\":\"bs-BA\",\"potentialAction\":[{\"@type\":\"ReadAction\",\"target\":[\"https:\/\/sandzakpress.net\/arhiva\/rasim-ljajic-je-posljednji-milosevicev-izvrsilac-kulturocida-nad-bosnjacima\/\"]}]},{\"@type\":\"ImageObject\",\"inLanguage\":\"bs-BA\",\"@id\":\"https:\/\/sandzakpress.net\/arhiva\/rasim-ljajic-je-posljednji-milosevicev-izvrsilac-kulturocida-nad-bosnjacima\/#primaryimage\",\"url\":\"https:\/\/sandzakpress.net\/arhiva\/wp-content\/uploads\/2015\/09\/asmir-bihorac.jpg\",\"contentUrl\":\"https:\/\/sandzakpress.net\/arhiva\/wp-content\/uploads\/2015\/09\/asmir-bihorac.jpg\",\"width\":589,\"height\":395},{\"@type\":\"BreadcrumbList\",\"@id\":\"https:\/\/sandzakpress.net\/arhiva\/rasim-ljajic-je-posljednji-milosevicev-izvrsilac-kulturocida-nad-bosnjacima\/#breadcrumb\",\"itemListElement\":[{\"@type\":\"ListItem\",\"position\":1,\"name\":\"Home\",\"item\":\"https:\/\/sandzakpress.net\/arhiva\/\"},{\"@type\":\"ListItem\",\"position\":2,\"name\":\"Rasim Ljaji\u0107 je posljednji Milo\u0161evi\u0107ev izvr\u0161ilac kulturocida nad Bo\u0161njacima\"}]},{\"@type\":\"WebSite\",\"@id\":\"https:\/\/sandzakpress.net\/arhiva\/#website\",\"url\":\"https:\/\/sandzakpress.net\/arhiva\/\",\"name\":\"Sand\u017eak PRESS\",\"description\":\"Prve elektronske novine u Sand\u017eaku\",\"publisher\":{\"@id\":\"https:\/\/sandzakpress.net\/arhiva\/#\/schema\/person\/6e72b67d6e51910a1117b3b483ba20bd\"},\"potentialAction\":[{\"@type\":\"SearchAction\",\"target\":{\"@type\":\"EntryPoint\",\"urlTemplate\":\"https:\/\/sandzakpress.net\/arhiva\/?s={search_term_string}\"},\"query-input\":{\"@type\":\"PropertyValueSpecification\",\"valueRequired\":true,\"valueName\":\"search_term_string\"}}],\"inLanguage\":\"bs-BA\"},{\"@type\":[\"Person\",\"Organization\"],\"@id\":\"https:\/\/sandzakpress.net\/arhiva\/#\/schema\/person\/6e72b67d6e51910a1117b3b483ba20bd\",\"name\":\"Kul\",\"image\":{\"@type\":\"ImageObject\",\"inLanguage\":\"bs-BA\",\"@id\":\"https:\/\/sandzakpress.net\/arhiva\/#\/schema\/person\/image\/\",\"url\":\"https:\/\/secure.gravatar.com\/avatar\/42263f39aa27ac04c43cab85c280eb2e?s=96&d=mm&r=pg\",\"contentUrl\":\"https:\/\/secure.gravatar.com\/avatar\/42263f39aa27ac04c43cab85c280eb2e?s=96&d=mm&r=pg\",\"caption\":\"Kul\"},\"logo\":{\"@id\":\"https:\/\/sandzakpress.net\/arhiva\/#\/schema\/person\/image\/\"}},{\"@type\":\"Person\",\"@id\":\"https:\/\/sandzakpress.net\/arhiva\/#\/schema\/person\/c8baee722073534b583ea7bdb2e36c02\",\"name\":\"bosniak\",\"image\":{\"@type\":\"ImageObject\",\"inLanguage\":\"bs-BA\",\"@id\":\"https:\/\/sandzakpress.net\/arhiva\/#\/schema\/person\/image\/\",\"url\":\"https:\/\/secure.gravatar.com\/avatar\/a04fd330bfe3a36a72a0ad4a6d89fca7?s=96&d=mm&r=pg\",\"contentUrl\":\"https:\/\/secure.gravatar.com\/avatar\/a04fd330bfe3a36a72a0ad4a6d89fca7?s=96&d=mm&r=pg\",\"caption\":\"bosniak\"},\"url\":\"https:\/\/sandzakpress.net\/arhiva\/author\/bosniak\/\"}]}<\/script>\n<!-- \/ Yoast SEO Premium plugin. -->","yoast_head_json":{"title":"Rasim Ljaji\u0107 je posljednji Milo\u0161evi\u0107ev izvr\u0161ilac kulturocida nad Bo\u0161njacima","robots":{"index":"index","follow":"follow","max-snippet":"max-snippet:-1","max-image-preview":"max-image-preview:large","max-video-preview":"max-video-preview:-1"},"canonical":"https:\/\/sandzakpress.net\/arhiva\/rasim-ljajic-je-posljednji-milosevicev-izvrsilac-kulturocida-nad-bosnjacima\/","og_locale":"bs_BA","og_type":"article","og_title":"Rasim Ljaji\u0107 je posljednji Milo\u0161evi\u0107ev izvr\u0161ilac kulturocida nad Bo\u0161njacima","og_description":"Asmir Bihorac","og_url":"https:\/\/sandzakpress.net\/arhiva\/rasim-ljajic-je-posljednji-milosevicev-izvrsilac-kulturocida-nad-bosnjacima\/","og_site_name":"Sand\u017eak PRESS","article_published_time":"2016-04-07T11:04:49+00:00","og_image":[{"width":589,"height":395,"url":"https:\/\/sandzakpress.net\/arhiva\/wp-content\/uploads\/2015\/09\/asmir-bihorac.jpg","type":"image\/jpeg"}],"author":"bosniak","twitter_card":"summary_large_image","twitter_misc":{"Written by":"bosniak","Est. reading time":"2 minute"},"schema":{"@context":"https:\/\/schema.org","@graph":[{"@type":"Article","@id":"https:\/\/sandzakpress.net\/arhiva\/rasim-ljajic-je-posljednji-milosevicev-izvrsilac-kulturocida-nad-bosnjacima\/#article","isPartOf":{"@id":"https:\/\/sandzakpress.net\/arhiva\/rasim-ljajic-je-posljednji-milosevicev-izvrsilac-kulturocida-nad-bosnjacima\/"},"author":{"name":"bosniak","@id":"https:\/\/sandzakpress.net\/arhiva\/#\/schema\/person\/c8baee722073534b583ea7bdb2e36c02"},"headline":"Rasim Ljaji\u0107 je posljednji Milo\u0161evi\u0107ev izvr\u0161ilac kulturocida nad Bo\u0161njacima","datePublished":"2016-04-07T11:04:49+00:00","mainEntityOfPage":{"@id":"https:\/\/sandzakpress.net\/arhiva\/rasim-ljajic-je-posljednji-milosevicev-izvrsilac-kulturocida-nad-bosnjacima\/"},"wordCount":326,"commentCount":14,"publisher":{"@id":"https:\/\/sandzakpress.net\/arhiva\/#\/schema\/person\/6e72b67d6e51910a1117b3b483ba20bd"},"image":{"@id":"https:\/\/sandzakpress.net\/arhiva\/rasim-ljajic-je-posljednji-milosevicev-izvrsilac-kulturocida-nad-bosnjacima\/#primaryimage"},"thumbnailUrl":"https:\/\/sandzakpress.net\/arhiva\/wp-content\/uploads\/2015\/09\/asmir-bihorac.jpg","articleSection":["Novi Pazar","Iz pera na\u0161ih autora"],"inLanguage":"bs-BA","potentialAction":[{"@type":"CommentAction","name":"Comment","target":["https:\/\/sandzakpress.net\/arhiva\/rasim-ljajic-je-posljednji-milosevicev-izvrsilac-kulturocida-nad-bosnjacima\/#respond"]}]},{"@type":"WebPage","@id":"https:\/\/sandzakpress.net\/arhiva\/rasim-ljajic-je-posljednji-milosevicev-izvrsilac-kulturocida-nad-bosnjacima\/","url":"https:\/\/sandzakpress.net\/arhiva\/rasim-ljajic-je-posljednji-milosevicev-izvrsilac-kulturocida-nad-bosnjacima\/","name":"Rasim Ljaji\u0107 je posljednji Milo\u0161evi\u0107ev izvr\u0161ilac kulturocida nad Bo\u0161njacima","isPartOf":{"@id":"https:\/\/sandzakpress.net\/arhiva\/#website"},"primaryImageOfPage":{"@id":"https:\/\/sandzakpress.net\/arhiva\/rasim-ljajic-je-posljednji-milosevicev-izvrsilac-kulturocida-nad-bosnjacima\/#primaryimage"},"image":{"@id":"https:\/\/sandzakpress.net\/arhiva\/rasim-ljajic-je-posljednji-milosevicev-izvrsilac-kulturocida-nad-bosnjacima\/#primaryimage"},"thumbnailUrl":"https:\/\/sandzakpress.net\/arhiva\/wp-content\/uploads\/2015\/09\/asmir-bihorac.jpg","datePublished":"2016-04-07T11:04:49+00:00","breadcrumb":{"@id":"https:\/\/sandzakpress.net\/arhiva\/rasim-ljajic-je-posljednji-milosevicev-izvrsilac-kulturocida-nad-bosnjacima\/#breadcrumb"},"inLanguage":"bs-BA","potentialAction":[{"@type":"ReadAction","target":["https:\/\/sandzakpress.net\/arhiva\/rasim-ljajic-je-posljednji-milosevicev-izvrsilac-kulturocida-nad-bosnjacima\/"]}]},{"@type":"ImageObject","inLanguage":"bs-BA","@id":"https:\/\/sandzakpress.net\/arhiva\/rasim-ljajic-je-posljednji-milosevicev-izvrsilac-kulturocida-nad-bosnjacima\/#primaryimage","url":"https:\/\/sandzakpress.net\/arhiva\/wp-content\/uploads\/2015\/09\/asmir-bihorac.jpg","contentUrl":"https:\/\/sandzakpress.net\/arhiva\/wp-content\/uploads\/2015\/09\/asmir-bihorac.jpg","width":589,"height":395},{"@type":"BreadcrumbList","@id":"https:\/\/sandzakpress.net\/arhiva\/rasim-ljajic-je-posljednji-milosevicev-izvrsilac-kulturocida-nad-bosnjacima\/#breadcrumb","itemListElement":[{"@type":"ListItem","position":1,"name":"Home","item":"https:\/\/sandzakpress.net\/arhiva\/"},{"@type":"ListItem","position":2,"name":"Rasim Ljaji\u0107 je posljednji Milo\u0161evi\u0107ev izvr\u0161ilac kulturocida nad Bo\u0161njacima"}]},{"@type":"WebSite","@id":"https:\/\/sandzakpress.net\/arhiva\/#website","url":"https:\/\/sandzakpress.net\/arhiva\/","name":"Sand\u017eak PRESS","description":"Prve elektronske novine u Sand\u017eaku","publisher":{"@id":"https:\/\/sandzakpress.net\/arhiva\/#\/schema\/person\/6e72b67d6e51910a1117b3b483ba20bd"},"potentialAction":[{"@type":"SearchAction","target":{"@type":"EntryPoint","urlTemplate":"https:\/\/sandzakpress.net\/arhiva\/?s={search_term_string}"},"query-input":{"@type":"PropertyValueSpecification","valueRequired":true,"valueName":"search_term_string"}}],"inLanguage":"bs-BA"},{"@type":["Person","Organization"],"@id":"https:\/\/sandzakpress.net\/arhiva\/#\/schema\/person\/6e72b67d6e51910a1117b3b483ba20bd","name":"Kul","image":{"@type":"ImageObject","inLanguage":"bs-BA","@id":"https:\/\/sandzakpress.net\/arhiva\/#\/schema\/person\/image\/","url":"https:\/\/secure.gravatar.com\/avatar\/42263f39aa27ac04c43cab85c280eb2e?s=96&d=mm&r=pg","contentUrl":"https:\/\/secure.gravatar.com\/avatar\/42263f39aa27ac04c43cab85c280eb2e?s=96&d=mm&r=pg","caption":"Kul"},"logo":{"@id":"https:\/\/sandzakpress.net\/arhiva\/#\/schema\/person\/image\/"}},{"@type":"Person","@id":"https:\/\/sandzakpress.net\/arhiva\/#\/schema\/person\/c8baee722073534b583ea7bdb2e36c02","name":"bosniak","image":{"@type":"ImageObject","inLanguage":"bs-BA","@id":"https:\/\/sandzakpress.net\/arhiva\/#\/schema\/person\/image\/","url":"https:\/\/secure.gravatar.com\/avatar\/a04fd330bfe3a36a72a0ad4a6d89fca7?s=96&d=mm&r=pg","contentUrl":"https:\/\/secure.gravatar.com\/avatar\/a04fd330bfe3a36a72a0ad4a6d89fca7?s=96&d=mm&r=pg","caption":"bosniak"},"url":"https:\/\/sandzakpress.net\/arhiva\/author\/bosniak\/"}]}},"_links":{"self":[{"href":"https:\/\/sandzakpress.net\/arhiva\/wp-json\/wp\/v2\/posts\/158541"}],"collection":[{"href":"https:\/\/sandzakpress.net\/arhiva\/wp-json\/wp\/v2\/posts"}],"about":[{"href":"https:\/\/sandzakpress.net\/arhiva\/wp-json\/wp\/v2\/types\/post"}],"author":[{"embeddable":true,"href":"https:\/\/sandzakpress.net\/arhiva\/wp-json\/wp\/v2\/users\/83"}],"replies":[{"embeddable":true,"href":"https:\/\/sandzakpress.net\/arhiva\/wp-json\/wp\/v2\/comments?post=158541"}],"version-history":[{"count":0,"href":"https:\/\/sandzakpress.net\/arhiva\/wp-json\/wp\/v2\/posts\/158541\/revisions"}],"wp:featuredmedia":[{"embeddable":true,"href":"https:\/\/sandzakpress.net\/arhiva\/wp-json\/wp\/v2\/media\/136140"}],"wp:attachment":[{"href":"https:\/\/sandzakpress.net\/arhiva\/wp-json\/wp\/v2\/media?parent=158541"}],"wp:term":[{"taxonomy":"category","embeddable":true,"href":"https:\/\/sandzakpress.net\/arhiva\/wp-json\/wp\/v2\/categories?post=158541"},{"taxonomy":"post_tag","embeddable":true,"href":"https:\/\/sandzakpress.net\/arhiva\/wp-json\/wp\/v2\/tags?post=158541"}],"curies":[{"name":"wp","href":"https:\/\/api.w.org\/{rel}","templated":true}]}}