{"id":158415,"date":"2016-04-04T10:58:30","date_gmt":"2016-04-04T08:58:30","guid":{"rendered":"https:\/\/sandzakpress.net\/arhiva\/krvavi-bajram-1992-godine-bijeljina-je-bila-proba-za-rat-u-bih"},"modified":"2016-04-04T10:58:30","modified_gmt":"2016-04-04T08:58:30","slug":"krvavi-bajram-1992-godine-bijeljina-je-bila-proba-za-rat-u-bih","status":"publish","type":"post","link":"https:\/\/sandzakpress.net\/arhiva\/krvavi-bajram-1992-godine-bijeljina-je-bila-proba-za-rat-u-bih\/","title":{"rendered":"Krvavi bajram 1992. godine: Bijeljina je bila proba za rat u BiH"},"content":{"rendered":"<div class=\"uvod uvod-clanka hidden-xs\" style=\"text-align: justify\"><strong><a href=\"http:\/\/bosnapress.net\/wp-content\/uploads\/2016\/04\/photo-drustvo-politika_feljton-Albanac_01_u_892624465.jpg\"><img loading=\"lazy\" decoding=\"async\" class=\"alignnone size-large wp-image-176671\" src=\"http:\/\/bosnapress.net\/wp-content\/uploads\/2016\/04\/photo-drustvo-politika_feljton-Albanac_01_u_892624465-616x337.jpg\" alt=\"photo-drustvo-politika_feljton-Albanac_01_u_892624465\" width=\"600\" height=\"328\" \/><\/a>Bijeljina \u2013 Na prvi dan Ramazanskog bajrama, 4. aprila 1992. godine, u vrijeme dok agresija na Bosnu i Hercegovinu jo\u0161 uvijek nije bila zvani\u010dno po\u010dela, u Bijeljinu je u\u0161la srbijanska paravojna jedinica \u201cArkanovi tigrovi\u201d, koji su ubili 48 civila razli\u010ditih nacionalnosti, od kojih su ne\u010dija tijela danima le\u017eala na ulicama.<\/strong><\/div>\n<p style=\"text-align: justify\">\n<p style=\"text-align: justify\">U razgovoru za Anadolu Agency (AA), trojica uglednih Bo\u0161njaka sa ovih prostora, prisje\u0107aju se okupacije Bijeljine, koja je poznata i kao \u201ckrvavi Bajram\u201d. Sva trojica su saglasni da je \u201cBijeljina bila generalna proba za rat koji \u0107e ubrzo uslijediti i da se ta proba, kao poruka, odigravala pred kamerama\u201d.<\/p>\n<p>\u201cRat me zatekao kao maloljetnog dje\u010daka od 15 godina. Vrlo dobro se sje\u0107am tih momenata jer sam bio u\u010denik prvog razreda Srednje elektrotehni\u010dke \u0161kole u Bijeljini. Tog dana, utorak na srijedu, boravili smo u \u0161koli i vidjeli su se ve\u0107 napetost i naoru\u017eana lica na ulicama Bijeljine. Bile su to paravojne formacije, \u010detnici koji su od prilike ve\u0107 pripremili taj svoj ratni ples koji su na kraju iskalili istjerav\u0161i prvo ljude iz Atik d\u017eamije, a onda krenuv\u0161i u svoj krvavi pir po bijeljinskim ulicama. Iako je bio Bajram, mi nismo imali priliku da se radujemo. Taj je strah prevladao radost i mi smo jednostavno i\u0161\u010dekivali \u0161ta \u0107e se desiti\u201d, prisje\u0107a se stanovnik Janje, Samir Ba\u0107evac, danas delegat u Vije\u0107u naroda Republike Srpske.<\/p>\n<p>Tog dana, 4. aprila, isti\u010de Ba\u0107evac, ispred policijske stanice u Janji do\u0161ao je \u017deljko Ra\u017enatovi\u0107 Arkan, i poru\u010dio gra\u0111anima da predaju oru\u017eje, pa ne\u0107e biti zlo\u010dina i da \u0107e biti mirni.<\/p>\n<p>\u201cGra\u0111ani su, naravno, bili primorani da polo\u017ee oru\u017eje, a nakon toga su po\u010dela privo\u0111enja, odvo\u0111enja u stanicu policije, posebno onih koji su bili aktivisti na neki na\u010din u poku\u0161aju odbrane Bijeljine i Janje, a desila su se i prva ubistva. Krizni \u0161tab SDS-a (Srpske demokratske stranke, op.a) je iznio podatak o 40 ubijenih lica, od toga je vi\u0161e od polovine bilo \u017eena i djece. Taj dan u Bijeljinu su stigle delegacije iz Sarajeva koje su zatekle jo\u0161 uvijek krvave ulice i le\u0161eve na ulicama, a bolni\u010dki i prostor mrtva\u010dnice bili su puni le\u0161eva. Me\u0111u njima je bilo i pripadnika srpske nacionalnosti koji su se zatekli na mjestima, a te paravojne formacije nisu birale, ubijali su sve redom, pa su poslije iznosili tvrdnje da su Srbi ubijeni od Bo\u0161njaka\u201d, navodi Ba\u0107evac, dodaju\u0107i da je situacija bila u\u017easna.<\/p>\n<p>Strah i slike bijeljinskih ulica, brzo su odjeknuli svijetom, ali na fotografije u\u017easa me\u0111unarodna zajednica nije reagirala.<\/p>\n<p>\u201cDakle, jedan u\u017eas i strah koji je odjeknuo i same fotografije Rona Haviva koje su oti\u0161le u svijet, \u0161utanje mrtve \u017eene i i\u017eivljavanje nad djecom u podrumima, izvo\u0111enje djece i strijeljanje pred kamerama i fotoaparatima bila je generalna proba rata. Bijeljina je neki prikaz ili proba kako \u0107e reagirati me\u0111unarodna zajednica. Kada je u Bijeljini pro\u0161lo sve kako su zamislili, onda se krenulo dalje prema Zvorniku i drugim gradovima Podrinja\u201d, isti\u010de Ba\u0107evac.<\/p>\n<div class=\"slika\" style=\"text-align: justify\">\n<div class=\"openFullscreen\"><\/div>\n<p><img decoding=\"async\" src=\"http:\/\/static.klix.ba\/media\/images\/vijesti\/160404027.2_xl.jpg\" alt=\"Samir Ba\u0107evac (Foto: Anadolija)\" \/><\/p>\n<div class=\"potpis\">Samir Ba\u0107evac (Foto: Anadolija)<\/div>\n<\/div>\n<p style=\"text-align: justify\">\n<p>Jusuf Trbi\u0107, predsjednik Bo\u0161nja\u010dke zajednice kulture Preporod, koji je u to vrijeme bio direktor Radio Bijeljine i Semberskih novina, nagla\u0161ava da je tih dana po\u010deo kraj \u017eivota za ljude njegove generacije. Bijeljina je bila pod potpunom kontrolom SDS-a, a ranije, 19. septembra 1991. u ovom je gradu progla\u0161ena SAO (srpska autonomna oblast). Svi Bo\u0161njaci, navodi Trbi\u0107, bili su istjerani iz Skup\u0161tine op\u0161tine, a formirana je i srpska policija, kao i srpska teritorijalna odbrana. Narod po selima bio je naoru\u017ean, a oko Bijeljine su 64 srpskih sela i Trbi\u0107 se sje\u0107a da su bili potpuno opkoljeni tom teritorijom, uz jedinice biv\u0161e Jugoslovenske narodne armije koje su do\u0161le kao ispomo\u0107.<\/p>\n<p>\u201cU Bijeljini je prije rata \u017eivjelo 22.500 Bo\u0161njaka, a danas ih ima izme\u0111u pet i 6.000. To su mahom upla\u0161eni, stariji ljudi, koji dotrajavaju. Do referenduma za nezavisnost Bosne i Hercegovine (1. marta 1992., op.a), ne samo da je formirana ta nova srpska dr\u017eava, nego je formirana i srpska policija, a prekinute su sve veze sa Bosnom i Hercegovinom, formirana je slu\u017eba platnog prometa i ta teritorija je potpuno sklopljena sa Srbijom. Dakle, sve je bilo zavr\u0161eno, a mi smo sve to znali, gledali i pitali smo se dokle \u0107e to tako i\u0107i i ho\u0107e li neko reagirati\u201d, navodi Trbi\u0107 u razgovoru za AA.<\/p>\n<p>Kobnog dana, sje\u0107a se Trbi\u0107, do\u0161li su Arkanovci, koji su imali zadatak napraviti generalnu probu rata, te pokazati Srbima kako je to lako raditi, ali i Bo\u0161njacima i ostalim \u0161ta ih \u010deka. Kao ugledan stanovnik zajednice, Trbi\u0107 je me\u0111u prvima, 2. aprila u 16 sati, odveden u Arkanov \u0161tab.<\/p>\n<p>\u201cTamo sam maltretiran cijelu no\u0107 i ako vam ka\u017eem da na sebi nisam imao ni milimetar bijele ko\u017ee, mo\u017eete pretpostaviti kako je to izgledalo. Na njihovu \u017ealost, uspio sam da se sakrijem i nakon mjesec i po iza\u0161ao sam iz Bijeljine. To njihovo \u2018osloba\u0111anje\u2019, koje i danas slave neke bitange iz bijeljinske bora\u010dke organizacije, jer samo bitange mogu slaviti ubijanje civila, nastavljeno je do samog kraja 1995. Oni koji su \u2018oslobodili\u2019 Bijeljinu, nastavili su do kraja rata da je \u2018osloba\u0111aju\u2019 i pri tome su pobili stotine ljudi, hiljade su odveli u logor na prinudni rad. Protjerali su 35.000 Bo\u0161njaka. Oplja\u010dkali su sve redom. Bilo je mnogo silovanja i poni\u017eavanja, a sru\u0161ene su i sve d\u017eamije koje vjerovatno nisu napadale Srbe, ali je njihova krivica bila druge prirode\u201d, isti\u010de Trbi\u0107, koji je aktivan u pisanju i objavljivanju tekstova i knjiga o ratnim zlo\u010dinima u ovom gradu i okolini.<\/p>\n<p>Emir Musli, novinar i predsjednik Med\u017elisa Islamske zajednice Bijeljina, diplomirao je knji\u017eevnost u Sarajevu 13. marta 1992. godine i vratio se ku\u0107i, da ramazan provede sa porodicom, ne slute\u0107i \u0161ta \u0107e se dvije sedmice poslije desiti.<\/p>\n<p>\u201cSve ono \u0161to se de\u0161avalo prvih dana aprila u Bijeljini i ono \u0161to se de\u0161avalo do kraja agresije nema sudski epilog. Ve\u0107ina ljudi koji su odgovorni za tada\u0161nja de\u0161avanja nisu izvedeni pred lice pravde. Ono \u0161to se desilo, po\u010delo je 30. marta 1992. ta\u010dno na 27. no\u0107 ramazana i zavr\u0161ilo se do 4. aprila. Na\u017ealost, ponavljam, sudski epilog ni\u0161ta nije do\u017eivjelo, a budu\u0107i da ratni zlo\u010dini ne zastarijevaju, nadam se da \u0107e do\u0107i i do toga. Postoje imena ljudi koji su bili u kriznom \u0161tabu i imena onih koji su pozvali te paravojne snage\u201d, rekao je Musli.<\/p>\n<p>Musli je na kraju razgovora za AA naveo da je 48 zvani\u010dan broj ubijenih tog dana, a ovaj je podatak preuzeo i Hag, iako se zna da je ubijeno vi\u0161e od stotinu civila, \u010dija su tijela ba\u010dena u rijeku Drinu.<\/p>\n<p style=\"text-align: justify\">(Anadolija)<\/p>\n<p>Pogledajte vijest na izvornom sajtu:<\/p>\n<p><a href=\"http:\/\/bosnapress.net\/krvavi-bajram-1992-godine-bijeljina-je-bila-proba-za-rat-u-bih\/\" target=\"_blank\">Krvavi bajram 1992. godine: Bijeljina je bila proba za rat u BiH<\/a><\/p>\n","protected":false},"excerpt":{"rendered":"<p>Bijeljina \u2013 Na prvi dan Ramazanskog bajrama, 4. aprila 1992. godine, u vrijeme dok agresija na Bosnu i Hercegovinu jo\u0161 uvijek nije bila zvani\u010dno po\u010dela, u Bijeljinu je u\u0161la srbijanska paravojna jedinica \u201cArkanovi tigrovi\u201d, koji su ubili 48 civila razli\u010ditih nacionalnosti, od kojih su ne\u010dija tijela danima le\u017eala na ulicama. U razgovoru za Anadolu Agency [&hellip;]<\/p>\n","protected":false},"author":83,"featured_media":158417,"comment_status":"open","ping_status":"open","sticky":false,"template":"","format":"standard","meta":{"footnotes":""},"categories":[10513],"tags":[10466],"class_list":{"0":"post-158415","1":"post","2":"type-post","3":"status-publish","4":"format-standard","5":"has-post-thumbnail","7":"category-bosna-press","8":"tag-bosna-i-hercegovina"},"yoast_head":"<!-- This site is optimized with the Yoast SEO Premium plugin v23.1 (Yoast SEO v24.9) - https:\/\/yoast.com\/wordpress\/plugins\/seo\/ -->\n<title>Krvavi bajram 1992. godine: Bijeljina je bila proba za rat u BiH<\/title>\n<meta name=\"robots\" content=\"index, follow, max-snippet:-1, max-image-preview:large, max-video-preview:-1\" \/>\n<link rel=\"canonical\" href=\"https:\/\/sandzakpress.net\/arhiva\/krvavi-bajram-1992-godine-bijeljina-je-bila-proba-za-rat-u-bih\/\" \/>\n<meta property=\"og:locale\" content=\"bs_BA\" \/>\n<meta property=\"og:type\" content=\"article\" \/>\n<meta property=\"og:title\" content=\"Krvavi bajram 1992. godine: Bijeljina je bila proba za rat u BiH\" \/>\n<meta property=\"og:description\" content=\"Bijeljina \u2013 Na prvi dan Ramazanskog bajrama, 4. aprila 1992. godine, u vrijeme dok agresija na Bosnu i Hercegovinu jo\u0161 uvijek nije bila zvani\u010dno po\u010dela, u Bijeljinu je u\u0161la srbijanska paravojna jedinica \u201cArkanovi tigrovi\u201d, koji su ubili 48 civila razli\u010ditih nacionalnosti, od kojih su ne\u010dija tijela danima le\u017eala na ulicama. U razgovoru za Anadolu Agency [&hellip;]\" \/>\n<meta property=\"og:url\" content=\"https:\/\/sandzakpress.net\/arhiva\/krvavi-bajram-1992-godine-bijeljina-je-bila-proba-za-rat-u-bih\/\" \/>\n<meta property=\"og:site_name\" content=\"Sand\u017eak PRESS\" \/>\n<meta property=\"article:published_time\" content=\"2016-04-04T08:58:30+00:00\" \/>\n<meta property=\"og:image\" content=\"https:\/\/sandzakpress.net\/arhiva\/wp-content\/uploads\/2016\/04\/photo-drustvo-politika_feljton-Albanac_01_u_892624465-616x337-1.jpg\" \/>\n\t<meta property=\"og:image:width\" content=\"616\" \/>\n\t<meta property=\"og:image:height\" content=\"337\" \/>\n\t<meta property=\"og:image:type\" content=\"image\/jpeg\" \/>\n<meta name=\"author\" content=\"bosniak\" \/>\n<meta name=\"twitter:card\" content=\"summary_large_image\" \/>\n<meta name=\"twitter:label1\" content=\"Written by\" \/>\n\t<meta name=\"twitter:data1\" content=\"bosniak\" \/>\n\t<meta name=\"twitter:label2\" content=\"Est. reading time\" \/>\n\t<meta name=\"twitter:data2\" content=\"6 minuta\" \/>\n<script type=\"application\/ld+json\" class=\"yoast-schema-graph\">{\"@context\":\"https:\/\/schema.org\",\"@graph\":[{\"@type\":\"Article\",\"@id\":\"https:\/\/sandzakpress.net\/arhiva\/krvavi-bajram-1992-godine-bijeljina-je-bila-proba-za-rat-u-bih\/#article\",\"isPartOf\":{\"@id\":\"https:\/\/sandzakpress.net\/arhiva\/krvavi-bajram-1992-godine-bijeljina-je-bila-proba-za-rat-u-bih\/\"},\"author\":{\"name\":\"bosniak\",\"@id\":\"https:\/\/sandzakpress.net\/arhiva\/#\/schema\/person\/c8baee722073534b583ea7bdb2e36c02\"},\"headline\":\"Krvavi bajram 1992. godine: Bijeljina je bila proba za rat u BiH\",\"datePublished\":\"2016-04-04T08:58:30+00:00\",\"mainEntityOfPage\":{\"@id\":\"https:\/\/sandzakpress.net\/arhiva\/krvavi-bajram-1992-godine-bijeljina-je-bila-proba-za-rat-u-bih\/\"},\"wordCount\":1184,\"commentCount\":14,\"publisher\":{\"@id\":\"https:\/\/sandzakpress.net\/arhiva\/#\/schema\/person\/6e72b67d6e51910a1117b3b483ba20bd\"},\"image\":{\"@id\":\"https:\/\/sandzakpress.net\/arhiva\/krvavi-bajram-1992-godine-bijeljina-je-bila-proba-za-rat-u-bih\/#primaryimage\"},\"thumbnailUrl\":\"https:\/\/sandzakpress.net\/arhiva\/wp-content\/uploads\/2016\/04\/photo-drustvo-politika_feljton-Albanac_01_u_892624465-616x337-1.jpg\",\"keywords\":[\"Bosna i Hercegovina\"],\"articleSection\":[\"Bosna PRESS\"],\"inLanguage\":\"bs-BA\",\"potentialAction\":[{\"@type\":\"CommentAction\",\"name\":\"Comment\",\"target\":[\"https:\/\/sandzakpress.net\/arhiva\/krvavi-bajram-1992-godine-bijeljina-je-bila-proba-za-rat-u-bih\/#respond\"]}]},{\"@type\":\"WebPage\",\"@id\":\"https:\/\/sandzakpress.net\/arhiva\/krvavi-bajram-1992-godine-bijeljina-je-bila-proba-za-rat-u-bih\/\",\"url\":\"https:\/\/sandzakpress.net\/arhiva\/krvavi-bajram-1992-godine-bijeljina-je-bila-proba-za-rat-u-bih\/\",\"name\":\"Krvavi bajram 1992. godine: Bijeljina je bila proba za rat u BiH\",\"isPartOf\":{\"@id\":\"https:\/\/sandzakpress.net\/arhiva\/#website\"},\"primaryImageOfPage\":{\"@id\":\"https:\/\/sandzakpress.net\/arhiva\/krvavi-bajram-1992-godine-bijeljina-je-bila-proba-za-rat-u-bih\/#primaryimage\"},\"image\":{\"@id\":\"https:\/\/sandzakpress.net\/arhiva\/krvavi-bajram-1992-godine-bijeljina-je-bila-proba-za-rat-u-bih\/#primaryimage\"},\"thumbnailUrl\":\"https:\/\/sandzakpress.net\/arhiva\/wp-content\/uploads\/2016\/04\/photo-drustvo-politika_feljton-Albanac_01_u_892624465-616x337-1.jpg\",\"datePublished\":\"2016-04-04T08:58:30+00:00\",\"breadcrumb\":{\"@id\":\"https:\/\/sandzakpress.net\/arhiva\/krvavi-bajram-1992-godine-bijeljina-je-bila-proba-za-rat-u-bih\/#breadcrumb\"},\"inLanguage\":\"bs-BA\",\"potentialAction\":[{\"@type\":\"ReadAction\",\"target\":[\"https:\/\/sandzakpress.net\/arhiva\/krvavi-bajram-1992-godine-bijeljina-je-bila-proba-za-rat-u-bih\/\"]}]},{\"@type\":\"ImageObject\",\"inLanguage\":\"bs-BA\",\"@id\":\"https:\/\/sandzakpress.net\/arhiva\/krvavi-bajram-1992-godine-bijeljina-je-bila-proba-za-rat-u-bih\/#primaryimage\",\"url\":\"https:\/\/sandzakpress.net\/arhiva\/wp-content\/uploads\/2016\/04\/photo-drustvo-politika_feljton-Albanac_01_u_892624465-616x337-1.jpg\",\"contentUrl\":\"https:\/\/sandzakpress.net\/arhiva\/wp-content\/uploads\/2016\/04\/photo-drustvo-politika_feljton-Albanac_01_u_892624465-616x337-1.jpg\",\"width\":616,\"height\":337},{\"@type\":\"BreadcrumbList\",\"@id\":\"https:\/\/sandzakpress.net\/arhiva\/krvavi-bajram-1992-godine-bijeljina-je-bila-proba-za-rat-u-bih\/#breadcrumb\",\"itemListElement\":[{\"@type\":\"ListItem\",\"position\":1,\"name\":\"Home\",\"item\":\"https:\/\/sandzakpress.net\/arhiva\/\"},{\"@type\":\"ListItem\",\"position\":2,\"name\":\"Krvavi bajram 1992. godine: Bijeljina je bila proba za rat u BiH\"}]},{\"@type\":\"WebSite\",\"@id\":\"https:\/\/sandzakpress.net\/arhiva\/#website\",\"url\":\"https:\/\/sandzakpress.net\/arhiva\/\",\"name\":\"Sand\u017eak PRESS\",\"description\":\"Prve elektronske novine u Sand\u017eaku\",\"publisher\":{\"@id\":\"https:\/\/sandzakpress.net\/arhiva\/#\/schema\/person\/6e72b67d6e51910a1117b3b483ba20bd\"},\"potentialAction\":[{\"@type\":\"SearchAction\",\"target\":{\"@type\":\"EntryPoint\",\"urlTemplate\":\"https:\/\/sandzakpress.net\/arhiva\/?s={search_term_string}\"},\"query-input\":{\"@type\":\"PropertyValueSpecification\",\"valueRequired\":true,\"valueName\":\"search_term_string\"}}],\"inLanguage\":\"bs-BA\"},{\"@type\":[\"Person\",\"Organization\"],\"@id\":\"https:\/\/sandzakpress.net\/arhiva\/#\/schema\/person\/6e72b67d6e51910a1117b3b483ba20bd\",\"name\":\"Kul\",\"image\":{\"@type\":\"ImageObject\",\"inLanguage\":\"bs-BA\",\"@id\":\"https:\/\/sandzakpress.net\/arhiva\/#\/schema\/person\/image\/\",\"url\":\"https:\/\/secure.gravatar.com\/avatar\/42263f39aa27ac04c43cab85c280eb2e?s=96&d=mm&r=pg\",\"contentUrl\":\"https:\/\/secure.gravatar.com\/avatar\/42263f39aa27ac04c43cab85c280eb2e?s=96&d=mm&r=pg\",\"caption\":\"Kul\"},\"logo\":{\"@id\":\"https:\/\/sandzakpress.net\/arhiva\/#\/schema\/person\/image\/\"}},{\"@type\":\"Person\",\"@id\":\"https:\/\/sandzakpress.net\/arhiva\/#\/schema\/person\/c8baee722073534b583ea7bdb2e36c02\",\"name\":\"bosniak\",\"image\":{\"@type\":\"ImageObject\",\"inLanguage\":\"bs-BA\",\"@id\":\"https:\/\/sandzakpress.net\/arhiva\/#\/schema\/person\/image\/\",\"url\":\"https:\/\/secure.gravatar.com\/avatar\/a04fd330bfe3a36a72a0ad4a6d89fca7?s=96&d=mm&r=pg\",\"contentUrl\":\"https:\/\/secure.gravatar.com\/avatar\/a04fd330bfe3a36a72a0ad4a6d89fca7?s=96&d=mm&r=pg\",\"caption\":\"bosniak\"},\"url\":\"https:\/\/sandzakpress.net\/arhiva\/author\/bosniak\/\"}]}<\/script>\n<!-- \/ Yoast SEO Premium plugin. -->","yoast_head_json":{"title":"Krvavi bajram 1992. godine: Bijeljina je bila proba za rat u BiH","robots":{"index":"index","follow":"follow","max-snippet":"max-snippet:-1","max-image-preview":"max-image-preview:large","max-video-preview":"max-video-preview:-1"},"canonical":"https:\/\/sandzakpress.net\/arhiva\/krvavi-bajram-1992-godine-bijeljina-je-bila-proba-za-rat-u-bih\/","og_locale":"bs_BA","og_type":"article","og_title":"Krvavi bajram 1992. godine: Bijeljina je bila proba za rat u BiH","og_description":"Bijeljina \u2013 Na prvi dan Ramazanskog bajrama, 4. aprila 1992. godine, u vrijeme dok agresija na Bosnu i Hercegovinu jo\u0161 uvijek nije bila zvani\u010dno po\u010dela, u Bijeljinu je u\u0161la srbijanska paravojna jedinica \u201cArkanovi tigrovi\u201d, koji su ubili 48 civila razli\u010ditih nacionalnosti, od kojih su ne\u010dija tijela danima le\u017eala na ulicama. U razgovoru za Anadolu Agency [&hellip;]","og_url":"https:\/\/sandzakpress.net\/arhiva\/krvavi-bajram-1992-godine-bijeljina-je-bila-proba-za-rat-u-bih\/","og_site_name":"Sand\u017eak PRESS","article_published_time":"2016-04-04T08:58:30+00:00","og_image":[{"width":616,"height":337,"url":"https:\/\/sandzakpress.net\/arhiva\/wp-content\/uploads\/2016\/04\/photo-drustvo-politika_feljton-Albanac_01_u_892624465-616x337-1.jpg","type":"image\/jpeg"}],"author":"bosniak","twitter_card":"summary_large_image","twitter_misc":{"Written by":"bosniak","Est. reading time":"6 minuta"},"schema":{"@context":"https:\/\/schema.org","@graph":[{"@type":"Article","@id":"https:\/\/sandzakpress.net\/arhiva\/krvavi-bajram-1992-godine-bijeljina-je-bila-proba-za-rat-u-bih\/#article","isPartOf":{"@id":"https:\/\/sandzakpress.net\/arhiva\/krvavi-bajram-1992-godine-bijeljina-je-bila-proba-za-rat-u-bih\/"},"author":{"name":"bosniak","@id":"https:\/\/sandzakpress.net\/arhiva\/#\/schema\/person\/c8baee722073534b583ea7bdb2e36c02"},"headline":"Krvavi bajram 1992. godine: Bijeljina je bila proba za rat u BiH","datePublished":"2016-04-04T08:58:30+00:00","mainEntityOfPage":{"@id":"https:\/\/sandzakpress.net\/arhiva\/krvavi-bajram-1992-godine-bijeljina-je-bila-proba-za-rat-u-bih\/"},"wordCount":1184,"commentCount":14,"publisher":{"@id":"https:\/\/sandzakpress.net\/arhiva\/#\/schema\/person\/6e72b67d6e51910a1117b3b483ba20bd"},"image":{"@id":"https:\/\/sandzakpress.net\/arhiva\/krvavi-bajram-1992-godine-bijeljina-je-bila-proba-za-rat-u-bih\/#primaryimage"},"thumbnailUrl":"https:\/\/sandzakpress.net\/arhiva\/wp-content\/uploads\/2016\/04\/photo-drustvo-politika_feljton-Albanac_01_u_892624465-616x337-1.jpg","keywords":["Bosna i Hercegovina"],"articleSection":["Bosna PRESS"],"inLanguage":"bs-BA","potentialAction":[{"@type":"CommentAction","name":"Comment","target":["https:\/\/sandzakpress.net\/arhiva\/krvavi-bajram-1992-godine-bijeljina-je-bila-proba-za-rat-u-bih\/#respond"]}]},{"@type":"WebPage","@id":"https:\/\/sandzakpress.net\/arhiva\/krvavi-bajram-1992-godine-bijeljina-je-bila-proba-za-rat-u-bih\/","url":"https:\/\/sandzakpress.net\/arhiva\/krvavi-bajram-1992-godine-bijeljina-je-bila-proba-za-rat-u-bih\/","name":"Krvavi bajram 1992. godine: Bijeljina je bila proba za rat u BiH","isPartOf":{"@id":"https:\/\/sandzakpress.net\/arhiva\/#website"},"primaryImageOfPage":{"@id":"https:\/\/sandzakpress.net\/arhiva\/krvavi-bajram-1992-godine-bijeljina-je-bila-proba-za-rat-u-bih\/#primaryimage"},"image":{"@id":"https:\/\/sandzakpress.net\/arhiva\/krvavi-bajram-1992-godine-bijeljina-je-bila-proba-za-rat-u-bih\/#primaryimage"},"thumbnailUrl":"https:\/\/sandzakpress.net\/arhiva\/wp-content\/uploads\/2016\/04\/photo-drustvo-politika_feljton-Albanac_01_u_892624465-616x337-1.jpg","datePublished":"2016-04-04T08:58:30+00:00","breadcrumb":{"@id":"https:\/\/sandzakpress.net\/arhiva\/krvavi-bajram-1992-godine-bijeljina-je-bila-proba-za-rat-u-bih\/#breadcrumb"},"inLanguage":"bs-BA","potentialAction":[{"@type":"ReadAction","target":["https:\/\/sandzakpress.net\/arhiva\/krvavi-bajram-1992-godine-bijeljina-je-bila-proba-za-rat-u-bih\/"]}]},{"@type":"ImageObject","inLanguage":"bs-BA","@id":"https:\/\/sandzakpress.net\/arhiva\/krvavi-bajram-1992-godine-bijeljina-je-bila-proba-za-rat-u-bih\/#primaryimage","url":"https:\/\/sandzakpress.net\/arhiva\/wp-content\/uploads\/2016\/04\/photo-drustvo-politika_feljton-Albanac_01_u_892624465-616x337-1.jpg","contentUrl":"https:\/\/sandzakpress.net\/arhiva\/wp-content\/uploads\/2016\/04\/photo-drustvo-politika_feljton-Albanac_01_u_892624465-616x337-1.jpg","width":616,"height":337},{"@type":"BreadcrumbList","@id":"https:\/\/sandzakpress.net\/arhiva\/krvavi-bajram-1992-godine-bijeljina-je-bila-proba-za-rat-u-bih\/#breadcrumb","itemListElement":[{"@type":"ListItem","position":1,"name":"Home","item":"https:\/\/sandzakpress.net\/arhiva\/"},{"@type":"ListItem","position":2,"name":"Krvavi bajram 1992. godine: Bijeljina je bila proba za rat u BiH"}]},{"@type":"WebSite","@id":"https:\/\/sandzakpress.net\/arhiva\/#website","url":"https:\/\/sandzakpress.net\/arhiva\/","name":"Sand\u017eak PRESS","description":"Prve elektronske novine u Sand\u017eaku","publisher":{"@id":"https:\/\/sandzakpress.net\/arhiva\/#\/schema\/person\/6e72b67d6e51910a1117b3b483ba20bd"},"potentialAction":[{"@type":"SearchAction","target":{"@type":"EntryPoint","urlTemplate":"https:\/\/sandzakpress.net\/arhiva\/?s={search_term_string}"},"query-input":{"@type":"PropertyValueSpecification","valueRequired":true,"valueName":"search_term_string"}}],"inLanguage":"bs-BA"},{"@type":["Person","Organization"],"@id":"https:\/\/sandzakpress.net\/arhiva\/#\/schema\/person\/6e72b67d6e51910a1117b3b483ba20bd","name":"Kul","image":{"@type":"ImageObject","inLanguage":"bs-BA","@id":"https:\/\/sandzakpress.net\/arhiva\/#\/schema\/person\/image\/","url":"https:\/\/secure.gravatar.com\/avatar\/42263f39aa27ac04c43cab85c280eb2e?s=96&d=mm&r=pg","contentUrl":"https:\/\/secure.gravatar.com\/avatar\/42263f39aa27ac04c43cab85c280eb2e?s=96&d=mm&r=pg","caption":"Kul"},"logo":{"@id":"https:\/\/sandzakpress.net\/arhiva\/#\/schema\/person\/image\/"}},{"@type":"Person","@id":"https:\/\/sandzakpress.net\/arhiva\/#\/schema\/person\/c8baee722073534b583ea7bdb2e36c02","name":"bosniak","image":{"@type":"ImageObject","inLanguage":"bs-BA","@id":"https:\/\/sandzakpress.net\/arhiva\/#\/schema\/person\/image\/","url":"https:\/\/secure.gravatar.com\/avatar\/a04fd330bfe3a36a72a0ad4a6d89fca7?s=96&d=mm&r=pg","contentUrl":"https:\/\/secure.gravatar.com\/avatar\/a04fd330bfe3a36a72a0ad4a6d89fca7?s=96&d=mm&r=pg","caption":"bosniak"},"url":"https:\/\/sandzakpress.net\/arhiva\/author\/bosniak\/"}]}},"_links":{"self":[{"href":"https:\/\/sandzakpress.net\/arhiva\/wp-json\/wp\/v2\/posts\/158415"}],"collection":[{"href":"https:\/\/sandzakpress.net\/arhiva\/wp-json\/wp\/v2\/posts"}],"about":[{"href":"https:\/\/sandzakpress.net\/arhiva\/wp-json\/wp\/v2\/types\/post"}],"author":[{"embeddable":true,"href":"https:\/\/sandzakpress.net\/arhiva\/wp-json\/wp\/v2\/users\/83"}],"replies":[{"embeddable":true,"href":"https:\/\/sandzakpress.net\/arhiva\/wp-json\/wp\/v2\/comments?post=158415"}],"version-history":[{"count":0,"href":"https:\/\/sandzakpress.net\/arhiva\/wp-json\/wp\/v2\/posts\/158415\/revisions"}],"wp:featuredmedia":[{"embeddable":true,"href":"https:\/\/sandzakpress.net\/arhiva\/wp-json\/wp\/v2\/media\/158417"}],"wp:attachment":[{"href":"https:\/\/sandzakpress.net\/arhiva\/wp-json\/wp\/v2\/media?parent=158415"}],"wp:term":[{"taxonomy":"category","embeddable":true,"href":"https:\/\/sandzakpress.net\/arhiva\/wp-json\/wp\/v2\/categories?post=158415"},{"taxonomy":"post_tag","embeddable":true,"href":"https:\/\/sandzakpress.net\/arhiva\/wp-json\/wp\/v2\/tags?post=158415"}],"curies":[{"name":"wp","href":"https:\/\/api.w.org\/{rel}","templated":true}]}}