{"id":158404,"date":"2016-04-03T17:17:03","date_gmt":"2016-04-03T15:17:03","guid":{"rendered":"https:\/\/sandzakpress.net\/arhiva\/?p=158404"},"modified":"2016-04-03T20:35:13","modified_gmt":"2016-04-03T18:35:13","slug":"muftija-dudic-na-tribini-u-frankfurtu","status":"publish","type":"post","link":"https:\/\/sandzakpress.net\/arhiva\/muftija-dudic-na-tribini-u-frankfurtu\/","title":{"rendered":"Muftija Dudi\u0107 na tribini u Frankfurtu"},"content":{"rendered":"<p><img loading=\"lazy\" decoding=\"async\" class=\"alignnone size-full wp-image-31945\" src=\"http:\/\/mesihat.org\/wp-content\/uploads\/2016\/04\/a83f2d79f8e51d763a81f273a46b0ce061f3306cb1e5f20be7f6fee833a4806d-1.jpg\" sizes=\"(max-width: 779px) 100vw, 779px\" srcset=\"http:\/\/mesihat.org\/wp-content\/uploads\/2016\/04\/a83f2d79f8e51d763a81f273a46b0ce061f3306cb1e5f20be7f6fee833a4806d-1-491x300.jpg 491w, http:\/\/mesihat.org\/wp-content\/uploads\/2016\/04\/a83f2d79f8e51d763a81f273a46b0ce061f3306cb1e5f20be7f6fee833a4806d-1-768x469.jpg 768w, http:\/\/mesihat.org\/wp-content\/uploads\/2016\/04\/a83f2d79f8e51d763a81f273a46b0ce061f3306cb1e5f20be7f6fee833a4806d-1.jpg 779w\" alt=\"a83f2d79f8e51d763a81f273a46b0ce061f3306cb1e5f20be7f6fee833a4806d\" width=\"779\" height=\"476\" \/><\/p>\n<p><strong>Njema\u010dka &#8211; Predsjednik Me\u0161ihata muftija dr. Mevlud ef. Dudi\u0107 ju\u010der je, 02.04.2016. godine, odr\u017eao predavanje na temu: \u201cStanje muslimana u Sand\u017eaku\u201d. Tribina je odr\u017eana\u00a0u Fe\u0161enhajmu (Frankfurt, Njema\u010dka) u hotelu \u201eSej Sand\u017eak\u201c.<\/strong><\/p>\n<p>Na tribini su prisustvovali predstavnici bo\u0161nja\u010dkih organizacija i udru\u017eenja iz Njema\u010dke i Francuske.<\/p>\n<p>&nbsp;<\/p>\n<p><a class=\"cb-lightbox\" href=\"http:\/\/mesihat.org\/wp-content\/uploads\/2016\/04\/94af3c96e3205d22f2ee0044b5463d004434d5fa3e0df5e2da24a736832882b4.jpg\" rel=\"attachment wp-att-31937\"><img loading=\"lazy\" decoding=\"async\" class=\"alignnone size-large wp-image-31937\" src=\"http:\/\/mesihat.org\/wp-content\/uploads\/2016\/04\/94af3c96e3205d22f2ee0044b5463d004434d5fa3e0df5e2da24a736832882b4-904x600.jpg\" sizes=\"(max-width: 750px) 100vw, 750px\" srcset=\"http:\/\/mesihat.org\/wp-content\/uploads\/2016\/04\/94af3c96e3205d22f2ee0044b5463d004434d5fa3e0df5e2da24a736832882b4-452x300.jpg 452w, http:\/\/mesihat.org\/wp-content\/uploads\/2016\/04\/94af3c96e3205d22f2ee0044b5463d004434d5fa3e0df5e2da24a736832882b4-768x510.jpg 768w, http:\/\/mesihat.org\/wp-content\/uploads\/2016\/04\/94af3c96e3205d22f2ee0044b5463d004434d5fa3e0df5e2da24a736832882b4-904x600.jpg 904w, http:\/\/mesihat.org\/wp-content\/uploads\/2016\/04\/94af3c96e3205d22f2ee0044b5463d004434d5fa3e0df5e2da24a736832882b4.jpg 1280w\" alt=\"94af3c96e3205d22f2ee0044b5463d004434d5fa3e0df5e2da24a736832882b4\" width=\"750\" height=\"498\" \/><\/a><a class=\"cb-lightbox\" href=\"http:\/\/mesihat.org\/wp-content\/uploads\/2016\/04\/647a9faf16d63352599cf409e58f8b27bed60bc3fd57787a8c65ebf92e801977.jpg\" rel=\"attachment wp-att-31938\"><img loading=\"lazy\" decoding=\"async\" class=\"alignnone size-large wp-image-31938\" src=\"http:\/\/mesihat.org\/wp-content\/uploads\/2016\/04\/647a9faf16d63352599cf409e58f8b27bed60bc3fd57787a8c65ebf92e801977-904x600.jpg\" sizes=\"(max-width: 750px) 100vw, 750px\" srcset=\"http:\/\/mesihat.org\/wp-content\/uploads\/2016\/04\/647a9faf16d63352599cf409e58f8b27bed60bc3fd57787a8c65ebf92e801977-452x300.jpg 452w, http:\/\/mesihat.org\/wp-content\/uploads\/2016\/04\/647a9faf16d63352599cf409e58f8b27bed60bc3fd57787a8c65ebf92e801977-768x510.jpg 768w, http:\/\/mesihat.org\/wp-content\/uploads\/2016\/04\/647a9faf16d63352599cf409e58f8b27bed60bc3fd57787a8c65ebf92e801977-904x600.jpg 904w, http:\/\/mesihat.org\/wp-content\/uploads\/2016\/04\/647a9faf16d63352599cf409e58f8b27bed60bc3fd57787a8c65ebf92e801977.jpg 1280w\" alt=\"647a9faf16d63352599cf409e58f8b27bed60bc3fd57787a8c65ebf92e801977\" width=\"750\" height=\"498\" \/><\/a><a class=\"cb-lightbox\" href=\"http:\/\/mesihat.org\/wp-content\/uploads\/2016\/04\/faf18b071afe30bcba1d1792b9c15f1d421e943b0eb873e00a330e5b25655b0c.jpg\" rel=\"attachment wp-att-31939\"><img loading=\"lazy\" decoding=\"async\" class=\"alignnone size-large wp-image-31939\" src=\"http:\/\/mesihat.org\/wp-content\/uploads\/2016\/04\/faf18b071afe30bcba1d1792b9c15f1d421e943b0eb873e00a330e5b25655b0c-904x600.jpg\" sizes=\"(max-width: 750px) 100vw, 750px\" srcset=\"http:\/\/mesihat.org\/wp-content\/uploads\/2016\/04\/faf18b071afe30bcba1d1792b9c15f1d421e943b0eb873e00a330e5b25655b0c-452x300.jpg 452w, http:\/\/mesihat.org\/wp-content\/uploads\/2016\/04\/faf18b071afe30bcba1d1792b9c15f1d421e943b0eb873e00a330e5b25655b0c-768x510.jpg 768w, http:\/\/mesihat.org\/wp-content\/uploads\/2016\/04\/faf18b071afe30bcba1d1792b9c15f1d421e943b0eb873e00a330e5b25655b0c-904x600.jpg 904w, http:\/\/mesihat.org\/wp-content\/uploads\/2016\/04\/faf18b071afe30bcba1d1792b9c15f1d421e943b0eb873e00a330e5b25655b0c.jpg 1280w\" alt=\"faf18b071afe30bcba1d1792b9c15f1d421e943b0eb873e00a330e5b25655b0c\" width=\"750\" height=\"498\" \/><\/a><a class=\"cb-lightbox\" href=\"http:\/\/mesihat.org\/wp-content\/uploads\/2016\/04\/36d10bf8bb599125d5d7d2b0834f290c529a55de4da11713c6170ddefcbb854f.jpg\" rel=\"attachment wp-att-31940\"><img loading=\"lazy\" decoding=\"async\" class=\"alignnone size-large wp-image-31940\" src=\"http:\/\/mesihat.org\/wp-content\/uploads\/2016\/04\/36d10bf8bb599125d5d7d2b0834f290c529a55de4da11713c6170ddefcbb854f-904x600.jpg\" sizes=\"(max-width: 750px) 100vw, 750px\" srcset=\"http:\/\/mesihat.org\/wp-content\/uploads\/2016\/04\/36d10bf8bb599125d5d7d2b0834f290c529a55de4da11713c6170ddefcbb854f-452x300.jpg 452w, http:\/\/mesihat.org\/wp-content\/uploads\/2016\/04\/36d10bf8bb599125d5d7d2b0834f290c529a55de4da11713c6170ddefcbb854f-768x510.jpg 768w, http:\/\/mesihat.org\/wp-content\/uploads\/2016\/04\/36d10bf8bb599125d5d7d2b0834f290c529a55de4da11713c6170ddefcbb854f-904x600.jpg 904w, http:\/\/mesihat.org\/wp-content\/uploads\/2016\/04\/36d10bf8bb599125d5d7d2b0834f290c529a55de4da11713c6170ddefcbb854f.jpg 1280w\" alt=\"36d10bf8bb599125d5d7d2b0834f290c529a55de4da11713c6170ddefcbb854f\" width=\"750\" height=\"498\" \/><\/a><\/p>\n","protected":false},"excerpt":{"rendered":"<p>Njema\u010dka &#8211; Predsjednik Me\u0161ihata muftija dr. Mevlud ef. Dudi\u0107 ju\u010der je, 02.04.2016. godine, odr\u017eao predavanje na temu: \u201cStanje muslimana u Sand\u017eaku\u201d. Tribina je odr\u017eana\u00a0u Fe\u0161enhajmu (Frankfurt, Njema\u010dka) u hotelu \u201eSej Sand\u017eak\u201c. Na tribini su prisustvovali predstavnici bo\u0161nja\u010dkih organizacija i udru\u017eenja iz Njema\u010dke i Francuske. &nbsp;<\/p>\n","protected":false},"author":83,"featured_media":158405,"comment_status":"open","ping_status":"open","sticky":false,"template":"","format":"standard","meta":{"footnotes":""},"categories":[800,9538,8957],"tags":[],"class_list":{"0":"post-158404","1":"post","2":"type-post","3":"status-publish","4":"format-standard","5":"has-post-thumbnail","7":"category-nacija","8":"category-njemacka-dijaspora-gradovi-vase-vijesti","9":"category-vijesti-dana"},"yoast_head":"<!-- This site is optimized with the Yoast SEO Premium plugin v23.1 (Yoast SEO v24.9) - https:\/\/yoast.com\/wordpress\/plugins\/seo\/ -->\n<title>Muftija Dudi\u0107 na tribini u Frankfurtu<\/title>\n<meta name=\"robots\" content=\"index, follow, max-snippet:-1, max-image-preview:large, max-video-preview:-1\" \/>\n<link rel=\"canonical\" href=\"https:\/\/sandzakpress.net\/arhiva\/muftija-dudic-na-tribini-u-frankfurtu\/\" \/>\n<meta property=\"og:locale\" content=\"bs_BA\" \/>\n<meta property=\"og:type\" content=\"article\" \/>\n<meta property=\"og:title\" content=\"Muftija Dudi\u0107 na tribini u Frankfurtu\" \/>\n<meta property=\"og:description\" content=\"Njema\u010dka &#8211; Predsjednik Me\u0161ihata muftija dr. Mevlud ef. Dudi\u0107 ju\u010der je, 02.04.2016. godine, odr\u017eao predavanje na temu: \u201cStanje muslimana u Sand\u017eaku\u201d. Tribina je odr\u017eana\u00a0u Fe\u0161enhajmu (Frankfurt, Njema\u010dka) u hotelu \u201eSej Sand\u017eak\u201c. Na tribini su prisustvovali predstavnici bo\u0161nja\u010dkih organizacija i udru\u017eenja iz Njema\u010dke i Francuske. &nbsp;\" \/>\n<meta property=\"og:url\" content=\"https:\/\/sandzakpress.net\/arhiva\/muftija-dudic-na-tribini-u-frankfurtu\/\" \/>\n<meta property=\"og:site_name\" content=\"Sand\u017eak PRESS\" \/>\n<meta property=\"article:published_time\" content=\"2016-04-03T15:17:03+00:00\" \/>\n<meta property=\"article:modified_time\" content=\"2016-04-03T18:35:13+00:00\" \/>\n<meta property=\"og:image\" content=\"https:\/\/sandzakpress.net\/arhiva\/wp-content\/uploads\/2016\/04\/a83f2d79f8e51d763a81f273a46b0ce061f3306cb1e5f20be7f6fee833a4806d-1.jpg\" \/>\n\t<meta property=\"og:image:width\" content=\"779\" \/>\n\t<meta property=\"og:image:height\" content=\"476\" \/>\n\t<meta property=\"og:image:type\" content=\"image\/jpeg\" \/>\n<meta name=\"author\" content=\"bosniak\" \/>\n<meta name=\"twitter:card\" content=\"summary_large_image\" \/>\n<meta name=\"twitter:label1\" content=\"Written by\" \/>\n\t<meta name=\"twitter:data1\" content=\"bosniak\" \/>\n<script type=\"application\/ld+json\" class=\"yoast-schema-graph\">{\"@context\":\"https:\/\/schema.org\",\"@graph\":[{\"@type\":\"Article\",\"@id\":\"https:\/\/sandzakpress.net\/arhiva\/muftija-dudic-na-tribini-u-frankfurtu\/#article\",\"isPartOf\":{\"@id\":\"https:\/\/sandzakpress.net\/arhiva\/muftija-dudic-na-tribini-u-frankfurtu\/\"},\"author\":{\"name\":\"bosniak\",\"@id\":\"https:\/\/sandzakpress.net\/arhiva\/#\/schema\/person\/c8baee722073534b583ea7bdb2e36c02\"},\"headline\":\"Muftija Dudi\u0107 na tribini u Frankfurtu\",\"datePublished\":\"2016-04-03T15:17:03+00:00\",\"dateModified\":\"2016-04-03T18:35:13+00:00\",\"mainEntityOfPage\":{\"@id\":\"https:\/\/sandzakpress.net\/arhiva\/muftija-dudic-na-tribini-u-frankfurtu\/\"},\"wordCount\":64,\"commentCount\":6,\"publisher\":{\"@id\":\"https:\/\/sandzakpress.net\/arhiva\/#\/schema\/person\/6e72b67d6e51910a1117b3b483ba20bd\"},\"image\":{\"@id\":\"https:\/\/sandzakpress.net\/arhiva\/muftija-dudic-na-tribini-u-frankfurtu\/#primaryimage\"},\"thumbnailUrl\":\"https:\/\/sandzakpress.net\/arhiva\/wp-content\/uploads\/2016\/04\/a83f2d79f8e51d763a81f273a46b0ce061f3306cb1e5f20be7f6fee833a4806d-1.jpg\",\"articleSection\":[\"Nacija\",\"Njema\u010dka\",\"VIJESTI DANA\"],\"inLanguage\":\"bs-BA\",\"potentialAction\":[{\"@type\":\"CommentAction\",\"name\":\"Comment\",\"target\":[\"https:\/\/sandzakpress.net\/arhiva\/muftija-dudic-na-tribini-u-frankfurtu\/#respond\"]}]},{\"@type\":\"WebPage\",\"@id\":\"https:\/\/sandzakpress.net\/arhiva\/muftija-dudic-na-tribini-u-frankfurtu\/\",\"url\":\"https:\/\/sandzakpress.net\/arhiva\/muftija-dudic-na-tribini-u-frankfurtu\/\",\"name\":\"Muftija Dudi\u0107 na tribini u Frankfurtu\",\"isPartOf\":{\"@id\":\"https:\/\/sandzakpress.net\/arhiva\/#website\"},\"primaryImageOfPage\":{\"@id\":\"https:\/\/sandzakpress.net\/arhiva\/muftija-dudic-na-tribini-u-frankfurtu\/#primaryimage\"},\"image\":{\"@id\":\"https:\/\/sandzakpress.net\/arhiva\/muftija-dudic-na-tribini-u-frankfurtu\/#primaryimage\"},\"thumbnailUrl\":\"https:\/\/sandzakpress.net\/arhiva\/wp-content\/uploads\/2016\/04\/a83f2d79f8e51d763a81f273a46b0ce061f3306cb1e5f20be7f6fee833a4806d-1.jpg\",\"datePublished\":\"2016-04-03T15:17:03+00:00\",\"dateModified\":\"2016-04-03T18:35:13+00:00\",\"breadcrumb\":{\"@id\":\"https:\/\/sandzakpress.net\/arhiva\/muftija-dudic-na-tribini-u-frankfurtu\/#breadcrumb\"},\"inLanguage\":\"bs-BA\",\"potentialAction\":[{\"@type\":\"ReadAction\",\"target\":[\"https:\/\/sandzakpress.net\/arhiva\/muftija-dudic-na-tribini-u-frankfurtu\/\"]}]},{\"@type\":\"ImageObject\",\"inLanguage\":\"bs-BA\",\"@id\":\"https:\/\/sandzakpress.net\/arhiva\/muftija-dudic-na-tribini-u-frankfurtu\/#primaryimage\",\"url\":\"https:\/\/sandzakpress.net\/arhiva\/wp-content\/uploads\/2016\/04\/a83f2d79f8e51d763a81f273a46b0ce061f3306cb1e5f20be7f6fee833a4806d-1.jpg\",\"contentUrl\":\"https:\/\/sandzakpress.net\/arhiva\/wp-content\/uploads\/2016\/04\/a83f2d79f8e51d763a81f273a46b0ce061f3306cb1e5f20be7f6fee833a4806d-1.jpg\",\"width\":779,\"height\":476},{\"@type\":\"BreadcrumbList\",\"@id\":\"https:\/\/sandzakpress.net\/arhiva\/muftija-dudic-na-tribini-u-frankfurtu\/#breadcrumb\",\"itemListElement\":[{\"@type\":\"ListItem\",\"position\":1,\"name\":\"Home\",\"item\":\"https:\/\/sandzakpress.net\/arhiva\/\"},{\"@type\":\"ListItem\",\"position\":2,\"name\":\"Muftija Dudi\u0107 na tribini u Frankfurtu\"}]},{\"@type\":\"WebSite\",\"@id\":\"https:\/\/sandzakpress.net\/arhiva\/#website\",\"url\":\"https:\/\/sandzakpress.net\/arhiva\/\",\"name\":\"Sand\u017eak PRESS\",\"description\":\"Prve elektronske novine u Sand\u017eaku\",\"publisher\":{\"@id\":\"https:\/\/sandzakpress.net\/arhiva\/#\/schema\/person\/6e72b67d6e51910a1117b3b483ba20bd\"},\"potentialAction\":[{\"@type\":\"SearchAction\",\"target\":{\"@type\":\"EntryPoint\",\"urlTemplate\":\"https:\/\/sandzakpress.net\/arhiva\/?s={search_term_string}\"},\"query-input\":{\"@type\":\"PropertyValueSpecification\",\"valueRequired\":true,\"valueName\":\"search_term_string\"}}],\"inLanguage\":\"bs-BA\"},{\"@type\":[\"Person\",\"Organization\"],\"@id\":\"https:\/\/sandzakpress.net\/arhiva\/#\/schema\/person\/6e72b67d6e51910a1117b3b483ba20bd\",\"name\":\"Kul\",\"image\":{\"@type\":\"ImageObject\",\"inLanguage\":\"bs-BA\",\"@id\":\"https:\/\/sandzakpress.net\/arhiva\/#\/schema\/person\/image\/\",\"url\":\"https:\/\/secure.gravatar.com\/avatar\/42263f39aa27ac04c43cab85c280eb2e?s=96&d=mm&r=pg\",\"contentUrl\":\"https:\/\/secure.gravatar.com\/avatar\/42263f39aa27ac04c43cab85c280eb2e?s=96&d=mm&r=pg\",\"caption\":\"Kul\"},\"logo\":{\"@id\":\"https:\/\/sandzakpress.net\/arhiva\/#\/schema\/person\/image\/\"}},{\"@type\":\"Person\",\"@id\":\"https:\/\/sandzakpress.net\/arhiva\/#\/schema\/person\/c8baee722073534b583ea7bdb2e36c02\",\"name\":\"bosniak\",\"image\":{\"@type\":\"ImageObject\",\"inLanguage\":\"bs-BA\",\"@id\":\"https:\/\/sandzakpress.net\/arhiva\/#\/schema\/person\/image\/\",\"url\":\"https:\/\/secure.gravatar.com\/avatar\/a04fd330bfe3a36a72a0ad4a6d89fca7?s=96&d=mm&r=pg\",\"contentUrl\":\"https:\/\/secure.gravatar.com\/avatar\/a04fd330bfe3a36a72a0ad4a6d89fca7?s=96&d=mm&r=pg\",\"caption\":\"bosniak\"},\"url\":\"https:\/\/sandzakpress.net\/arhiva\/author\/bosniak\/\"}]}<\/script>\n<!-- \/ Yoast SEO Premium plugin. -->","yoast_head_json":{"title":"Muftija Dudi\u0107 na tribini u Frankfurtu","robots":{"index":"index","follow":"follow","max-snippet":"max-snippet:-1","max-image-preview":"max-image-preview:large","max-video-preview":"max-video-preview:-1"},"canonical":"https:\/\/sandzakpress.net\/arhiva\/muftija-dudic-na-tribini-u-frankfurtu\/","og_locale":"bs_BA","og_type":"article","og_title":"Muftija Dudi\u0107 na tribini u Frankfurtu","og_description":"Njema\u010dka &#8211; Predsjednik Me\u0161ihata muftija dr. Mevlud ef. Dudi\u0107 ju\u010der je, 02.04.2016. godine, odr\u017eao predavanje na temu: \u201cStanje muslimana u Sand\u017eaku\u201d. Tribina je odr\u017eana\u00a0u Fe\u0161enhajmu (Frankfurt, Njema\u010dka) u hotelu \u201eSej Sand\u017eak\u201c. Na tribini su prisustvovali predstavnici bo\u0161nja\u010dkih organizacija i udru\u017eenja iz Njema\u010dke i Francuske. &nbsp;","og_url":"https:\/\/sandzakpress.net\/arhiva\/muftija-dudic-na-tribini-u-frankfurtu\/","og_site_name":"Sand\u017eak PRESS","article_published_time":"2016-04-03T15:17:03+00:00","article_modified_time":"2016-04-03T18:35:13+00:00","og_image":[{"width":779,"height":476,"url":"https:\/\/sandzakpress.net\/arhiva\/wp-content\/uploads\/2016\/04\/a83f2d79f8e51d763a81f273a46b0ce061f3306cb1e5f20be7f6fee833a4806d-1.jpg","type":"image\/jpeg"}],"author":"bosniak","twitter_card":"summary_large_image","twitter_misc":{"Written by":"bosniak"},"schema":{"@context":"https:\/\/schema.org","@graph":[{"@type":"Article","@id":"https:\/\/sandzakpress.net\/arhiva\/muftija-dudic-na-tribini-u-frankfurtu\/#article","isPartOf":{"@id":"https:\/\/sandzakpress.net\/arhiva\/muftija-dudic-na-tribini-u-frankfurtu\/"},"author":{"name":"bosniak","@id":"https:\/\/sandzakpress.net\/arhiva\/#\/schema\/person\/c8baee722073534b583ea7bdb2e36c02"},"headline":"Muftija Dudi\u0107 na tribini u Frankfurtu","datePublished":"2016-04-03T15:17:03+00:00","dateModified":"2016-04-03T18:35:13+00:00","mainEntityOfPage":{"@id":"https:\/\/sandzakpress.net\/arhiva\/muftija-dudic-na-tribini-u-frankfurtu\/"},"wordCount":64,"commentCount":6,"publisher":{"@id":"https:\/\/sandzakpress.net\/arhiva\/#\/schema\/person\/6e72b67d6e51910a1117b3b483ba20bd"},"image":{"@id":"https:\/\/sandzakpress.net\/arhiva\/muftija-dudic-na-tribini-u-frankfurtu\/#primaryimage"},"thumbnailUrl":"https:\/\/sandzakpress.net\/arhiva\/wp-content\/uploads\/2016\/04\/a83f2d79f8e51d763a81f273a46b0ce061f3306cb1e5f20be7f6fee833a4806d-1.jpg","articleSection":["Nacija","Njema\u010dka","VIJESTI DANA"],"inLanguage":"bs-BA","potentialAction":[{"@type":"CommentAction","name":"Comment","target":["https:\/\/sandzakpress.net\/arhiva\/muftija-dudic-na-tribini-u-frankfurtu\/#respond"]}]},{"@type":"WebPage","@id":"https:\/\/sandzakpress.net\/arhiva\/muftija-dudic-na-tribini-u-frankfurtu\/","url":"https:\/\/sandzakpress.net\/arhiva\/muftija-dudic-na-tribini-u-frankfurtu\/","name":"Muftija Dudi\u0107 na tribini u Frankfurtu","isPartOf":{"@id":"https:\/\/sandzakpress.net\/arhiva\/#website"},"primaryImageOfPage":{"@id":"https:\/\/sandzakpress.net\/arhiva\/muftija-dudic-na-tribini-u-frankfurtu\/#primaryimage"},"image":{"@id":"https:\/\/sandzakpress.net\/arhiva\/muftija-dudic-na-tribini-u-frankfurtu\/#primaryimage"},"thumbnailUrl":"https:\/\/sandzakpress.net\/arhiva\/wp-content\/uploads\/2016\/04\/a83f2d79f8e51d763a81f273a46b0ce061f3306cb1e5f20be7f6fee833a4806d-1.jpg","datePublished":"2016-04-03T15:17:03+00:00","dateModified":"2016-04-03T18:35:13+00:00","breadcrumb":{"@id":"https:\/\/sandzakpress.net\/arhiva\/muftija-dudic-na-tribini-u-frankfurtu\/#breadcrumb"},"inLanguage":"bs-BA","potentialAction":[{"@type":"ReadAction","target":["https:\/\/sandzakpress.net\/arhiva\/muftija-dudic-na-tribini-u-frankfurtu\/"]}]},{"@type":"ImageObject","inLanguage":"bs-BA","@id":"https:\/\/sandzakpress.net\/arhiva\/muftija-dudic-na-tribini-u-frankfurtu\/#primaryimage","url":"https:\/\/sandzakpress.net\/arhiva\/wp-content\/uploads\/2016\/04\/a83f2d79f8e51d763a81f273a46b0ce061f3306cb1e5f20be7f6fee833a4806d-1.jpg","contentUrl":"https:\/\/sandzakpress.net\/arhiva\/wp-content\/uploads\/2016\/04\/a83f2d79f8e51d763a81f273a46b0ce061f3306cb1e5f20be7f6fee833a4806d-1.jpg","width":779,"height":476},{"@type":"BreadcrumbList","@id":"https:\/\/sandzakpress.net\/arhiva\/muftija-dudic-na-tribini-u-frankfurtu\/#breadcrumb","itemListElement":[{"@type":"ListItem","position":1,"name":"Home","item":"https:\/\/sandzakpress.net\/arhiva\/"},{"@type":"ListItem","position":2,"name":"Muftija Dudi\u0107 na tribini u Frankfurtu"}]},{"@type":"WebSite","@id":"https:\/\/sandzakpress.net\/arhiva\/#website","url":"https:\/\/sandzakpress.net\/arhiva\/","name":"Sand\u017eak PRESS","description":"Prve elektronske novine u Sand\u017eaku","publisher":{"@id":"https:\/\/sandzakpress.net\/arhiva\/#\/schema\/person\/6e72b67d6e51910a1117b3b483ba20bd"},"potentialAction":[{"@type":"SearchAction","target":{"@type":"EntryPoint","urlTemplate":"https:\/\/sandzakpress.net\/arhiva\/?s={search_term_string}"},"query-input":{"@type":"PropertyValueSpecification","valueRequired":true,"valueName":"search_term_string"}}],"inLanguage":"bs-BA"},{"@type":["Person","Organization"],"@id":"https:\/\/sandzakpress.net\/arhiva\/#\/schema\/person\/6e72b67d6e51910a1117b3b483ba20bd","name":"Kul","image":{"@type":"ImageObject","inLanguage":"bs-BA","@id":"https:\/\/sandzakpress.net\/arhiva\/#\/schema\/person\/image\/","url":"https:\/\/secure.gravatar.com\/avatar\/42263f39aa27ac04c43cab85c280eb2e?s=96&d=mm&r=pg","contentUrl":"https:\/\/secure.gravatar.com\/avatar\/42263f39aa27ac04c43cab85c280eb2e?s=96&d=mm&r=pg","caption":"Kul"},"logo":{"@id":"https:\/\/sandzakpress.net\/arhiva\/#\/schema\/person\/image\/"}},{"@type":"Person","@id":"https:\/\/sandzakpress.net\/arhiva\/#\/schema\/person\/c8baee722073534b583ea7bdb2e36c02","name":"bosniak","image":{"@type":"ImageObject","inLanguage":"bs-BA","@id":"https:\/\/sandzakpress.net\/arhiva\/#\/schema\/person\/image\/","url":"https:\/\/secure.gravatar.com\/avatar\/a04fd330bfe3a36a72a0ad4a6d89fca7?s=96&d=mm&r=pg","contentUrl":"https:\/\/secure.gravatar.com\/avatar\/a04fd330bfe3a36a72a0ad4a6d89fca7?s=96&d=mm&r=pg","caption":"bosniak"},"url":"https:\/\/sandzakpress.net\/arhiva\/author\/bosniak\/"}]}},"_links":{"self":[{"href":"https:\/\/sandzakpress.net\/arhiva\/wp-json\/wp\/v2\/posts\/158404"}],"collection":[{"href":"https:\/\/sandzakpress.net\/arhiva\/wp-json\/wp\/v2\/posts"}],"about":[{"href":"https:\/\/sandzakpress.net\/arhiva\/wp-json\/wp\/v2\/types\/post"}],"author":[{"embeddable":true,"href":"https:\/\/sandzakpress.net\/arhiva\/wp-json\/wp\/v2\/users\/83"}],"replies":[{"embeddable":true,"href":"https:\/\/sandzakpress.net\/arhiva\/wp-json\/wp\/v2\/comments?post=158404"}],"version-history":[{"count":0,"href":"https:\/\/sandzakpress.net\/arhiva\/wp-json\/wp\/v2\/posts\/158404\/revisions"}],"wp:featuredmedia":[{"embeddable":true,"href":"https:\/\/sandzakpress.net\/arhiva\/wp-json\/wp\/v2\/media\/158405"}],"wp:attachment":[{"href":"https:\/\/sandzakpress.net\/arhiva\/wp-json\/wp\/v2\/media?parent=158404"}],"wp:term":[{"taxonomy":"category","embeddable":true,"href":"https:\/\/sandzakpress.net\/arhiva\/wp-json\/wp\/v2\/categories?post=158404"},{"taxonomy":"post_tag","embeddable":true,"href":"https:\/\/sandzakpress.net\/arhiva\/wp-json\/wp\/v2\/tags?post=158404"}],"curies":[{"name":"wp","href":"https:\/\/api.w.org\/{rel}","templated":true}]}}