{"id":157992,"date":"2016-03-26T13:01:35","date_gmt":"2016-03-26T12:01:35","guid":{"rendered":"https:\/\/sandzakpress.net\/arhiva\/?p=157992"},"modified":"2016-03-26T13:01:35","modified_gmt":"2016-03-26T12:01:35","slug":"pogledajte-reportazu-o-fk-sandzak-iz-dortmunda","status":"publish","type":"post","link":"https:\/\/sandzakpress.net\/arhiva\/pogledajte-reportazu-o-fk-sandzak-iz-dortmunda\/","title":{"rendered":"Pogledajte reporta\u017eu o FK Sand\u017eak iz Dortmunda"},"content":{"rendered":"<p><strong>Njema\u010dka &#8211; U okviru IKC Sand\u017eak djeluje i FC Sand\u017eak iz Dortmunda. Prethodnog vikenda imali smo prilike pratiti njihov me\u010d protiv prvoplasirane ekipe u ligi u kojoj igraju, koju su na svom terenu dobili sa 2:0<\/strong><\/p>\n<div class=\"youtube-embed\" data-video_id=\"aXllxQ0IWzM\"><iframe loading=\"lazy\" title=\"U sklopu IKC Sand\u017eak djeluje i FK SAND\u017dAK IZ Dortmunda\" width=\"696\" height=\"522\" src=\"https:\/\/www.youtube.com\/embed\/aXllxQ0IWzM?feature=oembed&#038;enablejsapi=1\" frameborder=\"0\" allow=\"accelerometer; autoplay; encrypted-media; gyroscope; picture-in-picture\" allowfullscreen><\/iframe><\/div>\n<p>Sport je, isti\u010du, jo\u0161 jedan na\u010din da se Bo\u0161njaci dru\u017ee i podr\u017ee jedni druge. Razgovarali smo sa igra\u010dima ovog kluba koji isti\u010du da su uslovi u klubu na zavidnom nivou.<\/p>\n<p>A trener ovog kluba je Mirsad Guti\u0107 iz Vitomirice koji je svojevremeno imao zapa\u017eenu fudbalsku karijeru u Njema\u010dkoj. Poznat po tome \u0161to je postigao gol protiv Bajern Minhena u DFB Pokal njema\u010dkom kupu. On isti\u010de da je zadovoljan momcima i da su tu da se dru\u017ee prije svega i da kroz sport \u0161ire pozitivnu energiju.<\/p>\n<p>Predsjednik IKC Sand\u017eak gospodin Nusret Bali\u0107 podr\u0161ka je momcima svakog kola. Nusret je ubje\u0111en da momci mogu mnogo vi\u0161e od gradske lige.<\/p>\n<p>Obzirom da su u samom vrhu tabele ne bi bilo iznena\u0111enje da idu\u0107e godine zaigraju u vi\u0161em rangu. Bratsvo i me\u0111usobna podr\u0161ka ne iziskuje niti jednog trenutka, \u0161to se da primjetiti i na terenu. Sretni \u0161to su dobili mogu\u0107nost, ovi momci zahvalni su svima koji ih podr\u017eavaju. Dok su god skupa, isti\u010du, bratstvo i jedinstvo bi\u0107e klju\u010d njihovog uspjeha.<\/p>\n<p>SANA &#8211; H.\u0160.<\/p>\n","protected":false},"excerpt":{"rendered":"<p>Njema\u010dka &#8211; U okviru IKC Sand\u017eak djeluje i FC Sand\u017eak iz Dortmunda. Prethodnog vikenda imali smo prilike pratiti njihov me\u010d protiv prvoplasirane ekipe u ligi u kojoj igraju, koju su na svom terenu dobili sa 2:0 Sport je, isti\u010du, jo\u0161 jedan na\u010din da se Bo\u0161njaci dru\u017ee i podr\u017ee jedni druge. Razgovarali smo sa igra\u010dima ovog [&hellip;]<\/p>\n","protected":false},"author":83,"featured_media":158006,"comment_status":"open","ping_status":"open","sticky":false,"template":"","format":"standard","meta":{"footnotes":""},"categories":[9538,13,10429],"tags":[],"class_list":{"0":"post-157992","1":"post","2":"type-post","3":"status-publish","4":"format-standard","5":"has-post-thumbnail","7":"category-njemacka-dijaspora-gradovi-vase-vijesti","8":"category-sport","9":"category-vazno"},"yoast_head":"<!-- This site is optimized with the Yoast SEO Premium plugin v23.1 (Yoast SEO v24.9) - https:\/\/yoast.com\/wordpress\/plugins\/seo\/ -->\n<title>Pogledajte reporta\u017eu o FK Sand\u017eak iz Dortmunda<\/title>\n<meta name=\"robots\" content=\"index, follow, max-snippet:-1, max-image-preview:large, max-video-preview:-1\" \/>\n<link rel=\"canonical\" href=\"https:\/\/sandzakpress.net\/arhiva\/pogledajte-reportazu-o-fk-sandzak-iz-dortmunda\/\" \/>\n<meta property=\"og:locale\" content=\"bs_BA\" \/>\n<meta property=\"og:type\" content=\"article\" \/>\n<meta property=\"og:title\" content=\"Pogledajte reporta\u017eu o FK Sand\u017eak iz Dortmunda\" \/>\n<meta property=\"og:description\" content=\"Njema\u010dka &#8211; U okviru IKC Sand\u017eak djeluje i FC Sand\u017eak iz Dortmunda. Prethodnog vikenda imali smo prilike pratiti njihov me\u010d protiv prvoplasirane ekipe u ligi u kojoj igraju, koju su na svom terenu dobili sa 2:0 Sport je, isti\u010du, jo\u0161 jedan na\u010din da se Bo\u0161njaci dru\u017ee i podr\u017ee jedni druge. Razgovarali smo sa igra\u010dima ovog [&hellip;]\" \/>\n<meta property=\"og:url\" content=\"https:\/\/sandzakpress.net\/arhiva\/pogledajte-reportazu-o-fk-sandzak-iz-dortmunda\/\" \/>\n<meta property=\"og:site_name\" content=\"Sand\u017eak PRESS\" \/>\n<meta property=\"article:published_time\" content=\"2016-03-26T12:01:35+00:00\" \/>\n<meta property=\"og:image\" content=\"https:\/\/sandzakpress.net\/arhiva\/wp-content\/uploads\/2016\/03\/0-36.jpg\" \/>\n\t<meta property=\"og:image:width\" content=\"480\" \/>\n\t<meta property=\"og:image:height\" content=\"360\" \/>\n\t<meta property=\"og:image:type\" content=\"image\/jpeg\" \/>\n<meta name=\"author\" content=\"bosniak\" \/>\n<meta name=\"twitter:card\" content=\"summary_large_image\" \/>\n<meta name=\"twitter:label1\" content=\"Written by\" \/>\n\t<meta name=\"twitter:data1\" content=\"bosniak\" \/>\n\t<meta name=\"twitter:label2\" content=\"Est. reading time\" \/>\n\t<meta name=\"twitter:data2\" content=\"1 minuta\" \/>\n<script type=\"application\/ld+json\" class=\"yoast-schema-graph\">{\"@context\":\"https:\/\/schema.org\",\"@graph\":[{\"@type\":\"Article\",\"@id\":\"https:\/\/sandzakpress.net\/arhiva\/pogledajte-reportazu-o-fk-sandzak-iz-dortmunda\/#article\",\"isPartOf\":{\"@id\":\"https:\/\/sandzakpress.net\/arhiva\/pogledajte-reportazu-o-fk-sandzak-iz-dortmunda\/\"},\"author\":{\"name\":\"bosniak\",\"@id\":\"https:\/\/sandzakpress.net\/arhiva\/#\/schema\/person\/c8baee722073534b583ea7bdb2e36c02\"},\"headline\":\"Pogledajte reporta\u017eu o FK Sand\u017eak iz Dortmunda\",\"datePublished\":\"2016-03-26T12:01:35+00:00\",\"mainEntityOfPage\":{\"@id\":\"https:\/\/sandzakpress.net\/arhiva\/pogledajte-reportazu-o-fk-sandzak-iz-dortmunda\/\"},\"wordCount\":249,\"commentCount\":0,\"publisher\":{\"@id\":\"https:\/\/sandzakpress.net\/arhiva\/#\/schema\/person\/6e72b67d6e51910a1117b3b483ba20bd\"},\"image\":{\"@id\":\"https:\/\/sandzakpress.net\/arhiva\/pogledajte-reportazu-o-fk-sandzak-iz-dortmunda\/#primaryimage\"},\"thumbnailUrl\":\"https:\/\/sandzakpress.net\/arhiva\/wp-content\/uploads\/2016\/03\/0-36.jpg\",\"articleSection\":[\"Njema\u010dka\",\"Sport\",\"VA\u017dNO!\"],\"inLanguage\":\"bs-BA\",\"potentialAction\":[{\"@type\":\"CommentAction\",\"name\":\"Comment\",\"target\":[\"https:\/\/sandzakpress.net\/arhiva\/pogledajte-reportazu-o-fk-sandzak-iz-dortmunda\/#respond\"]}]},{\"@type\":\"WebPage\",\"@id\":\"https:\/\/sandzakpress.net\/arhiva\/pogledajte-reportazu-o-fk-sandzak-iz-dortmunda\/\",\"url\":\"https:\/\/sandzakpress.net\/arhiva\/pogledajte-reportazu-o-fk-sandzak-iz-dortmunda\/\",\"name\":\"Pogledajte reporta\u017eu o FK Sand\u017eak iz Dortmunda\",\"isPartOf\":{\"@id\":\"https:\/\/sandzakpress.net\/arhiva\/#website\"},\"primaryImageOfPage\":{\"@id\":\"https:\/\/sandzakpress.net\/arhiva\/pogledajte-reportazu-o-fk-sandzak-iz-dortmunda\/#primaryimage\"},\"image\":{\"@id\":\"https:\/\/sandzakpress.net\/arhiva\/pogledajte-reportazu-o-fk-sandzak-iz-dortmunda\/#primaryimage\"},\"thumbnailUrl\":\"https:\/\/sandzakpress.net\/arhiva\/wp-content\/uploads\/2016\/03\/0-36.jpg\",\"datePublished\":\"2016-03-26T12:01:35+00:00\",\"breadcrumb\":{\"@id\":\"https:\/\/sandzakpress.net\/arhiva\/pogledajte-reportazu-o-fk-sandzak-iz-dortmunda\/#breadcrumb\"},\"inLanguage\":\"bs-BA\",\"potentialAction\":[{\"@type\":\"ReadAction\",\"target\":[\"https:\/\/sandzakpress.net\/arhiva\/pogledajte-reportazu-o-fk-sandzak-iz-dortmunda\/\"]}]},{\"@type\":\"ImageObject\",\"inLanguage\":\"bs-BA\",\"@id\":\"https:\/\/sandzakpress.net\/arhiva\/pogledajte-reportazu-o-fk-sandzak-iz-dortmunda\/#primaryimage\",\"url\":\"https:\/\/sandzakpress.net\/arhiva\/wp-content\/uploads\/2016\/03\/0-36.jpg\",\"contentUrl\":\"https:\/\/sandzakpress.net\/arhiva\/wp-content\/uploads\/2016\/03\/0-36.jpg\",\"width\":480,\"height\":360},{\"@type\":\"BreadcrumbList\",\"@id\":\"https:\/\/sandzakpress.net\/arhiva\/pogledajte-reportazu-o-fk-sandzak-iz-dortmunda\/#breadcrumb\",\"itemListElement\":[{\"@type\":\"ListItem\",\"position\":1,\"name\":\"Home\",\"item\":\"https:\/\/sandzakpress.net\/arhiva\/\"},{\"@type\":\"ListItem\",\"position\":2,\"name\":\"Pogledajte reporta\u017eu o FK Sand\u017eak iz Dortmunda\"}]},{\"@type\":\"WebSite\",\"@id\":\"https:\/\/sandzakpress.net\/arhiva\/#website\",\"url\":\"https:\/\/sandzakpress.net\/arhiva\/\",\"name\":\"Sand\u017eak PRESS\",\"description\":\"Prve elektronske novine u Sand\u017eaku\",\"publisher\":{\"@id\":\"https:\/\/sandzakpress.net\/arhiva\/#\/schema\/person\/6e72b67d6e51910a1117b3b483ba20bd\"},\"potentialAction\":[{\"@type\":\"SearchAction\",\"target\":{\"@type\":\"EntryPoint\",\"urlTemplate\":\"https:\/\/sandzakpress.net\/arhiva\/?s={search_term_string}\"},\"query-input\":{\"@type\":\"PropertyValueSpecification\",\"valueRequired\":true,\"valueName\":\"search_term_string\"}}],\"inLanguage\":\"bs-BA\"},{\"@type\":[\"Person\",\"Organization\"],\"@id\":\"https:\/\/sandzakpress.net\/arhiva\/#\/schema\/person\/6e72b67d6e51910a1117b3b483ba20bd\",\"name\":\"Kul\",\"image\":{\"@type\":\"ImageObject\",\"inLanguage\":\"bs-BA\",\"@id\":\"https:\/\/sandzakpress.net\/arhiva\/#\/schema\/person\/image\/\",\"url\":\"https:\/\/secure.gravatar.com\/avatar\/42263f39aa27ac04c43cab85c280eb2e?s=96&d=mm&r=pg\",\"contentUrl\":\"https:\/\/secure.gravatar.com\/avatar\/42263f39aa27ac04c43cab85c280eb2e?s=96&d=mm&r=pg\",\"caption\":\"Kul\"},\"logo\":{\"@id\":\"https:\/\/sandzakpress.net\/arhiva\/#\/schema\/person\/image\/\"}},{\"@type\":\"Person\",\"@id\":\"https:\/\/sandzakpress.net\/arhiva\/#\/schema\/person\/c8baee722073534b583ea7bdb2e36c02\",\"name\":\"bosniak\",\"image\":{\"@type\":\"ImageObject\",\"inLanguage\":\"bs-BA\",\"@id\":\"https:\/\/sandzakpress.net\/arhiva\/#\/schema\/person\/image\/\",\"url\":\"https:\/\/secure.gravatar.com\/avatar\/a04fd330bfe3a36a72a0ad4a6d89fca7?s=96&d=mm&r=pg\",\"contentUrl\":\"https:\/\/secure.gravatar.com\/avatar\/a04fd330bfe3a36a72a0ad4a6d89fca7?s=96&d=mm&r=pg\",\"caption\":\"bosniak\"},\"url\":\"https:\/\/sandzakpress.net\/arhiva\/author\/bosniak\/\"}]}<\/script>\n<!-- \/ Yoast SEO Premium plugin. -->","yoast_head_json":{"title":"Pogledajte reporta\u017eu o FK Sand\u017eak iz Dortmunda","robots":{"index":"index","follow":"follow","max-snippet":"max-snippet:-1","max-image-preview":"max-image-preview:large","max-video-preview":"max-video-preview:-1"},"canonical":"https:\/\/sandzakpress.net\/arhiva\/pogledajte-reportazu-o-fk-sandzak-iz-dortmunda\/","og_locale":"bs_BA","og_type":"article","og_title":"Pogledajte reporta\u017eu o FK Sand\u017eak iz Dortmunda","og_description":"Njema\u010dka &#8211; U okviru IKC Sand\u017eak djeluje i FC Sand\u017eak iz Dortmunda. Prethodnog vikenda imali smo prilike pratiti njihov me\u010d protiv prvoplasirane ekipe u ligi u kojoj igraju, koju su na svom terenu dobili sa 2:0 Sport je, isti\u010du, jo\u0161 jedan na\u010din da se Bo\u0161njaci dru\u017ee i podr\u017ee jedni druge. Razgovarali smo sa igra\u010dima ovog [&hellip;]","og_url":"https:\/\/sandzakpress.net\/arhiva\/pogledajte-reportazu-o-fk-sandzak-iz-dortmunda\/","og_site_name":"Sand\u017eak PRESS","article_published_time":"2016-03-26T12:01:35+00:00","og_image":[{"width":480,"height":360,"url":"https:\/\/sandzakpress.net\/arhiva\/wp-content\/uploads\/2016\/03\/0-36.jpg","type":"image\/jpeg"}],"author":"bosniak","twitter_card":"summary_large_image","twitter_misc":{"Written by":"bosniak","Est. reading time":"1 minuta"},"schema":{"@context":"https:\/\/schema.org","@graph":[{"@type":"Article","@id":"https:\/\/sandzakpress.net\/arhiva\/pogledajte-reportazu-o-fk-sandzak-iz-dortmunda\/#article","isPartOf":{"@id":"https:\/\/sandzakpress.net\/arhiva\/pogledajte-reportazu-o-fk-sandzak-iz-dortmunda\/"},"author":{"name":"bosniak","@id":"https:\/\/sandzakpress.net\/arhiva\/#\/schema\/person\/c8baee722073534b583ea7bdb2e36c02"},"headline":"Pogledajte reporta\u017eu o FK Sand\u017eak iz Dortmunda","datePublished":"2016-03-26T12:01:35+00:00","mainEntityOfPage":{"@id":"https:\/\/sandzakpress.net\/arhiva\/pogledajte-reportazu-o-fk-sandzak-iz-dortmunda\/"},"wordCount":249,"commentCount":0,"publisher":{"@id":"https:\/\/sandzakpress.net\/arhiva\/#\/schema\/person\/6e72b67d6e51910a1117b3b483ba20bd"},"image":{"@id":"https:\/\/sandzakpress.net\/arhiva\/pogledajte-reportazu-o-fk-sandzak-iz-dortmunda\/#primaryimage"},"thumbnailUrl":"https:\/\/sandzakpress.net\/arhiva\/wp-content\/uploads\/2016\/03\/0-36.jpg","articleSection":["Njema\u010dka","Sport","VA\u017dNO!"],"inLanguage":"bs-BA","potentialAction":[{"@type":"CommentAction","name":"Comment","target":["https:\/\/sandzakpress.net\/arhiva\/pogledajte-reportazu-o-fk-sandzak-iz-dortmunda\/#respond"]}]},{"@type":"WebPage","@id":"https:\/\/sandzakpress.net\/arhiva\/pogledajte-reportazu-o-fk-sandzak-iz-dortmunda\/","url":"https:\/\/sandzakpress.net\/arhiva\/pogledajte-reportazu-o-fk-sandzak-iz-dortmunda\/","name":"Pogledajte reporta\u017eu o FK Sand\u017eak iz Dortmunda","isPartOf":{"@id":"https:\/\/sandzakpress.net\/arhiva\/#website"},"primaryImageOfPage":{"@id":"https:\/\/sandzakpress.net\/arhiva\/pogledajte-reportazu-o-fk-sandzak-iz-dortmunda\/#primaryimage"},"image":{"@id":"https:\/\/sandzakpress.net\/arhiva\/pogledajte-reportazu-o-fk-sandzak-iz-dortmunda\/#primaryimage"},"thumbnailUrl":"https:\/\/sandzakpress.net\/arhiva\/wp-content\/uploads\/2016\/03\/0-36.jpg","datePublished":"2016-03-26T12:01:35+00:00","breadcrumb":{"@id":"https:\/\/sandzakpress.net\/arhiva\/pogledajte-reportazu-o-fk-sandzak-iz-dortmunda\/#breadcrumb"},"inLanguage":"bs-BA","potentialAction":[{"@type":"ReadAction","target":["https:\/\/sandzakpress.net\/arhiva\/pogledajte-reportazu-o-fk-sandzak-iz-dortmunda\/"]}]},{"@type":"ImageObject","inLanguage":"bs-BA","@id":"https:\/\/sandzakpress.net\/arhiva\/pogledajte-reportazu-o-fk-sandzak-iz-dortmunda\/#primaryimage","url":"https:\/\/sandzakpress.net\/arhiva\/wp-content\/uploads\/2016\/03\/0-36.jpg","contentUrl":"https:\/\/sandzakpress.net\/arhiva\/wp-content\/uploads\/2016\/03\/0-36.jpg","width":480,"height":360},{"@type":"BreadcrumbList","@id":"https:\/\/sandzakpress.net\/arhiva\/pogledajte-reportazu-o-fk-sandzak-iz-dortmunda\/#breadcrumb","itemListElement":[{"@type":"ListItem","position":1,"name":"Home","item":"https:\/\/sandzakpress.net\/arhiva\/"},{"@type":"ListItem","position":2,"name":"Pogledajte reporta\u017eu o FK Sand\u017eak iz Dortmunda"}]},{"@type":"WebSite","@id":"https:\/\/sandzakpress.net\/arhiva\/#website","url":"https:\/\/sandzakpress.net\/arhiva\/","name":"Sand\u017eak PRESS","description":"Prve elektronske novine u Sand\u017eaku","publisher":{"@id":"https:\/\/sandzakpress.net\/arhiva\/#\/schema\/person\/6e72b67d6e51910a1117b3b483ba20bd"},"potentialAction":[{"@type":"SearchAction","target":{"@type":"EntryPoint","urlTemplate":"https:\/\/sandzakpress.net\/arhiva\/?s={search_term_string}"},"query-input":{"@type":"PropertyValueSpecification","valueRequired":true,"valueName":"search_term_string"}}],"inLanguage":"bs-BA"},{"@type":["Person","Organization"],"@id":"https:\/\/sandzakpress.net\/arhiva\/#\/schema\/person\/6e72b67d6e51910a1117b3b483ba20bd","name":"Kul","image":{"@type":"ImageObject","inLanguage":"bs-BA","@id":"https:\/\/sandzakpress.net\/arhiva\/#\/schema\/person\/image\/","url":"https:\/\/secure.gravatar.com\/avatar\/42263f39aa27ac04c43cab85c280eb2e?s=96&d=mm&r=pg","contentUrl":"https:\/\/secure.gravatar.com\/avatar\/42263f39aa27ac04c43cab85c280eb2e?s=96&d=mm&r=pg","caption":"Kul"},"logo":{"@id":"https:\/\/sandzakpress.net\/arhiva\/#\/schema\/person\/image\/"}},{"@type":"Person","@id":"https:\/\/sandzakpress.net\/arhiva\/#\/schema\/person\/c8baee722073534b583ea7bdb2e36c02","name":"bosniak","image":{"@type":"ImageObject","inLanguage":"bs-BA","@id":"https:\/\/sandzakpress.net\/arhiva\/#\/schema\/person\/image\/","url":"https:\/\/secure.gravatar.com\/avatar\/a04fd330bfe3a36a72a0ad4a6d89fca7?s=96&d=mm&r=pg","contentUrl":"https:\/\/secure.gravatar.com\/avatar\/a04fd330bfe3a36a72a0ad4a6d89fca7?s=96&d=mm&r=pg","caption":"bosniak"},"url":"https:\/\/sandzakpress.net\/arhiva\/author\/bosniak\/"}]}},"_links":{"self":[{"href":"https:\/\/sandzakpress.net\/arhiva\/wp-json\/wp\/v2\/posts\/157992"}],"collection":[{"href":"https:\/\/sandzakpress.net\/arhiva\/wp-json\/wp\/v2\/posts"}],"about":[{"href":"https:\/\/sandzakpress.net\/arhiva\/wp-json\/wp\/v2\/types\/post"}],"author":[{"embeddable":true,"href":"https:\/\/sandzakpress.net\/arhiva\/wp-json\/wp\/v2\/users\/83"}],"replies":[{"embeddable":true,"href":"https:\/\/sandzakpress.net\/arhiva\/wp-json\/wp\/v2\/comments?post=157992"}],"version-history":[{"count":0,"href":"https:\/\/sandzakpress.net\/arhiva\/wp-json\/wp\/v2\/posts\/157992\/revisions"}],"wp:featuredmedia":[{"embeddable":true,"href":"https:\/\/sandzakpress.net\/arhiva\/wp-json\/wp\/v2\/media\/158006"}],"wp:attachment":[{"href":"https:\/\/sandzakpress.net\/arhiva\/wp-json\/wp\/v2\/media?parent=157992"}],"wp:term":[{"taxonomy":"category","embeddable":true,"href":"https:\/\/sandzakpress.net\/arhiva\/wp-json\/wp\/v2\/categories?post=157992"},{"taxonomy":"post_tag","embeddable":true,"href":"https:\/\/sandzakpress.net\/arhiva\/wp-json\/wp\/v2\/tags?post=157992"}],"curies":[{"name":"wp","href":"https:\/\/api.w.org\/{rel}","templated":true}]}}