{"id":15787,"date":"2011-05-03T12:56:47","date_gmt":"2011-05-03T10:56:47","guid":{"rendered":"https:\/\/sandzakpress.net\/arhiva\/?p=15787"},"modified":"2011-05-03T12:56:47","modified_gmt":"2011-05-03T10:56:47","slug":"reisu-l-ulema-urucio-priznanje-akademiku-ganicu","status":"publish","type":"post","link":"https:\/\/sandzakpress.net\/arhiva\/reisu-l-ulema-urucio-priznanje-akademiku-ganicu\/","title":{"rendered":"Reisu-l-ulema uru\u010dio priznanje akademiku Gani\u0107u"},"content":{"rendered":"<p><strong><a href=\"https:\/\/sandzakpress.net\/arhiva\/wp-content\/uploads\/2011\/05\/priznanje_ceric-ganic_2.maj_2011.jpg\"><img loading=\"lazy\" decoding=\"async\" class=\"alignleft size-medium wp-image-15788\" title=\"priznanje_ceric-ganic_2.maj_2011\" src=\"https:\/\/sandzakpress.net\/arhiva\/wp-content\/uploads\/2011\/05\/priznanje_ceric-ganic_2.maj_2011-300x276.jpg\" alt=\"\" width=\"300\" height=\"276\" \/><\/a>BiH &#8211; Reisu-l-ulema dr. Mustafa Ceri\u0107 uru\u010dio je priznanje<em> <\/em><em><strong><em>\u201eAlem bosanskog gazije\u201c<\/em> <\/strong><\/em>akademiku Ejupu Gani\u0107u. Priznanje je uru\u010deno na sve\u010danosti koja je ve\u010deras, 02. maja 2011. godine, odr\u017eana u Domu Oru\u017eanih snaga Bosne i Hercegovine u Sarajevu u prisustvu najvi\u0161ih predstavnika Islamske zajednice, dru\u0161tvenih i javnih li\u010dnosti i predstavnika diplomatskog kora.<\/strong><\/p>\n<p>Priznanje\u00a0<em><strong>\u201eAlem bosanskog gazije\u201c <\/strong><\/em>dodijeljeno je akademiku Ejupu Gani\u0107u zbog njegova doprinosa odbrani slobode i nezavisnosti dr\u017eave Bosne i Hercegovine, kontinuiranog rada za dobrobit Bosne i Hercegovine, bo\u0161nja\u010dkog naroda i doprinosa razvoju nauke i obrazovanja.<\/p>\n<p>Rijaset Islamske zajednice na sjednici odr\u017eanoj 16. marta 2011. godine donio je odluku o ustanovljenju priznanja<em><strong>\u201eAlem bosanskog gazije&#8221; <\/strong><\/em>te da prvi nosilac ovog priznanja bude akademik Ejup Gani\u0107. Ovo priznanje se dodjeljuje osobama koje svojim ustrajnim i nepokolebljivim djelovanjem rade za dobrobit bo\u0161nja\u010dkog naroda, muslimana i dr\u017eave Bosne i Hercegovine.<\/p>\n<p><em><strong>\u201eAlem bosanskog gazije\u201c <\/strong><\/em>sastoji se od reljefno ura\u0111ene stilizirane znakovne forme Islamske zajednice u BiH s kaligrafskim ispisom u crnom emajlu i dragim kamenom smaragdom u sredini i predstavlja autorski rad Mehmeda Ak\u0161amije, profesora na Akademiji likovnih umjetnosti u Sarajevu.<br \/>\nAkademik Ejup Gani\u0107 se zahvalio na uru\u010denom priznanju te naglasio da je to jedan od najzna\u010dajnijih doga\u0111aja u njegovom \u017eivotu, a posebno zahvaljuju\u0107i \u010dinjenici da mu je ovo priznanje uru\u010dio Rijaset Islamske zajednice u Bosni i Hercegovini. Akademik Gani\u0107 je tako\u0111er dodao da \u0107e ovo priznanje ujedno biti i njegovo podsje\u0107anje na to da svoj uspjeh mjeri onoliko koliko \u0107e od njega koristi imati njegov narod i njegova dr\u017eava.<\/p>\n<p>U programu sve\u010danosti nastupili su hafiz Mensur Malki\u0107, scenski ansambl Iskre predvo\u0111en maestrom Emirom Nuhanovi\u0107em, sopranistica Lejla Jusi\u0107, u\u010denici Prve bo\u0161nja\u010dke gimnazije iz Sarajeva i Belma Ple\u0107an u\u010denica medrese Osman ef. Red\u017eovi\u0107 iz Gra\u010danice kod Viskog.<br \/>\nU nastavku prenosimo integralni tekst obra\u0107anja reisu-l-uleme dr. Mustafe Ceri\u0107a na sve\u010danosti dodjele priznanja \u201eAlem bosanskog gazije\u201c.<\/p>\n<table border=\"0\" cellspacing=\"0\" cellpadding=\"5\" width=\"300\" align=\"right\" bgcolor=\"Gainsboro\">\n<tbody>\n<tr>\n<td align=\"left\"><span style=\"color: black;\"><img decoding=\"async\" src=\"http:\/\/www.bosnjaci.net\/foto\/300_Alem_bosanskog_gazije_54.jpg\" border=\"0\" alt=\"\" width=\"300\" \/><\/span><\/td>\n<\/tr>\n<\/tbody>\n<\/table>\n<p><strong>U nastavku LAUDACIJA Reisu-l-uleme dr. Mustafe Ceri\u0107a, povodom dodjele nagrade\u00a0<em><strong>\u201eAlem bosanskog gazije sa zlatnim nitima\u201c<\/strong><\/em> akademiku Ejupu Gani\u0107u<\/strong><\/p>\n<p><strong>AKADEMIK GANI\u0106 NAM JE SA\u010cUVAO I LICE I OBRAZ<\/strong><br \/>\n\u0639\u0646 \u0623\u0646\u0633 \u0631\u0636\u064a \u0627\u0644\u0644\u0647 \u0639\u0646\u0647 \u060c \u0642\u0627\u0644 : \u0645\u0631 \u0628\u0627\u0644\u0646\u0628\u064a \u0635\u0644\u0649 \u0627\u0644\u0644\u0647 \u0639\u0644\u064a\u0647 \u0648\u0622\u0644\u0647 \u0648\u0633\u0644\u0645 \u0631\u062c\u0644 \u060c \u0641\u0642\u0627\u0644 \u0631\u062c\u0644 : \u0625\u0646\u064a \u0644\u0623\u062d\u0628\u0647 \u0641\u064a \u0627\u0644\u0644\u0647 \u0639\u0632 \u0648\u062c\u0644 . \u0641\u0642\u0627\u0644 \u0627\u0644\u0646\u0628\u064a \u0635\u0644\u0649 \u0627\u0644\u0644\u0647 \u0639\u0644\u064a\u0647 \u0648\u0622\u0644\u0647 \u0648\u0633\u0644\u0645 : &#8221; \u0623\u0623\u0639\u0644\u0645\u062a\u0647 \u061f &#8221; \u0642\u0627\u0644 : \u0644\u0627 . \u0642\u0627\u0644 : &#8221; \u0641\u0623\u0639\u0644\u0645\u0647 &#8221; .<br \/>\nU hadisu od Enesa, r.a., prenosi se da je neko rekao: &#8211;\u00a0<em>Ja volim ovog \u010dovjeka<\/em>, na \u0161to ga je Allahov Poslanik Muhammed, a.s., upitao: &#8211;\u00a0<em>A da li on to zna? \u2013 Ne, on to ne zna! \u2013 Eh, onda mu ka\u017ei da zna \u2013 <\/em>re\u010de Allahov Poslanik.<\/p>\n<p>Inspirisani ovim hadisom, Rijaset Islamske zajednice u Bosni i Hercegovini je odlu\u010dio da ba\u0161 na ovaj dan, drugi maj, obznani ovome gradu i cijelome svijetu, da je Ejup Gani\u0107 zaslu\u017eio na\u0161u zahvalnost i na\u0161e priznanje:\u00a0<em><strong>Alem bosanskog gazije sa zlatnim nitima, <\/strong><\/em>autorsko djelo poznatog slikara i profesora na Akademiji likovnih umjetnosti u Sarajevu Mehmeda Ak\u0161amije, zato \u0161to smo uvjereni da nema istinskog bosanskog patriote koji ne cijeni i ne po\u0161tuje Ejupa Gani\u0107a kao \u010dovjeka koji je 2. maja, 1992. god. pokazao cijelome svijetu kako se voli svoj narod, kako se brani svoja zemlja i kako se \u0161titi suverenitet svoje dr\u017eave.<\/p>\n<p>Nema borca i patriote u ovoj zemlji koji nije odahnuo kad je Tim Vorkmen (Tim Workman), vi\u0161i okru\u017eni sudija Gradskog suda u Vesmisteru (Westminster), 27. jula 2010. god. rekao: &#8211;\u00a0<em>Zaklju\u010dio sam da ne postoji valjano opravdanje da se pokrene postupak protiv Gani\u0107a. Optu\u017eeni se stoga osloba\u0111a! <\/em><\/p>\n<p><strong>Simbol ljudske i moralne veli\u010dine<\/strong><br \/>\nDugo smo \u010dekali, vi\u0161e od jednog stolje\u0107a, da nam se ka\u017ee, i to ba\u0161 u Londonu, \u201eda ne postoji valjano opravdanje da se pokre\u0107u postupci protiv muslimana Bo\u0161njaka zbog njihove vjere i nacije i zbog njihovog prava da imaju dr\u017eavu koja \u0107e po\u0161tivati njihovu slobodu i \u0161tititi njihovo pravo na \u017eivot, vjeru, imetak i \u010dast.\u201c<\/p>\n<p>Dugo smo \u010dekali da \u010dujemo, i to ba\u0161 u Vesmisteru, da se ka\u017ee: \u201eOptu\u017eeni Bo\u0161njaci muslimani se osloba\u0111aju od la\u017enih optu\u017ebi Beograda\u201c. I, hvala Bogu, do\u010dekali smo da danas slobodno i ponosno u ovom slobodnom i ponosnom gradu Sarajevu nagradimo ne samo jednu osobu, ve\u0107 da podignemo simbol ljudske i moralne veli\u010dine svih onih koji su branili ovu voljenu zemlju izuzetnih kulturnih i civilizacijskih vrijednosti. Otuda je i nadahnu\u0107e za\u00a0<em><strong>Alem bosanskog gazije<\/strong><\/em>, kojeg Islamska zajednica u Bosni i Hercegovini prvi puta dodjeljuje, da bude zauvijek izraz visokog morala bosanskog patriote.<\/p>\n<p><em>Vjera, sloboda, du\u017enost, \u010dast, domovina, dr\u017eava <\/em>su rije\u010di koje nam odre\u0111uju \u0161ta nam valja biti, \u0161ta mo\u017eemo biti i \u0161ta \u0107emo, ako Bog da, biti, a to je da, poput bosanskog gazije, o\u017eivljavamo vjeru ako nam se vjera ubija, da na\u0111emo hrabrost ako nam se hrabrost izgubi, da njegujemo mudrost ako nam se mudrost ho\u0107e da otme, da imamo nadu ako nam nadu ho\u0107e da uzmu.<\/p>\n<p>Neki \u0107e mo\u017eda re\u0107i da su to samo rije\u010di, samo parole, samo prazne fraze. A oni koji su pretjerano pedantni, cinici i oni koji u svemo \u0161to mi radimo vide provokaciju zato \u0161to im smeta na\u0161a sloboda i \u010dast, kao i oni koji imaju ojkofobiju, strah od vlastitog doma, i oni koji prihvataju samocenzuru \u2013 oni \u0107e mo\u017eda poku\u0161ati da nam te rije\u010di obezvrijede te da ih i one koji ih upotrebljavaju izvrgnu ruglu i podsmjehu.<\/p>\n<p>Me\u0111utim, za nas su to rije\u010di koje \u010dine temelj na\u0161eg karaktera. To su rije\u010di koje nam ukazuju na na\u0161u individualnu i kolektivnu ulogu u za\u0161titi i odbrani temeljnih prava svakog \u010dovjeka od kojih je pravo na dom, domovinu i dr\u017eavu jedno od najva\u017enijih prava. Zato nas rije\u010di \u2013<em> vjera, sloboda, du\u017enost, \u010dast, domovina i dr\u017eava <\/em>\u2013 \u010dine dovoljno sna\u017enim da znamo kad smo slabi, dovoljno hrabrim da se suo\u010dimo sa samim sobom kad nas je strah. Te rije\u010di u\u010de nas da budemo ponosni i nepopustljivi u slu\u010daju poraza, ali i skromni i otmjeni u slu\u010daju pobjede; one nam ne smiju biti zamjena za akciju, niti nam smiju slu\u017eiti kao put do lagodnosti, ve\u0107 treba da nas hrabre da se suo\u010dimo sa te\u0161kim izazovima za narod i dr\u017eavu; da u\u010dimo kako treba ustati u odbranu na\u0161e slobode i \u010dasti, ali i kako treba razumjeti one koji ne mogu odmah ustati; da svako od nas prvo ovlada sobom prije nego pomisli da vlada drugima; da svako od nas bude skroman tako da se sje\u0107a jednostavnosti istinske ljudske veli\u010dine te da svako od nas bude otvoren za pravu mudrost kojom se osvjetljava put za bolje sutra.<\/p>\n<p style=\"text-align: center;\"><img decoding=\"async\" class=\"aligncenter\" src=\"http:\/\/www.rijaset.ba\/images\/stories\/1aktuelnosti\/priznanje-ganic_maj_2011-1.jpg\" alt=\"priznanje-ganic_maj_2011-1\" \/><br \/>\n<strong>Za nas muslimane Bo\u0161njake ne postoji sveta zemlja osim ove na\u0161e svete zemlje Bosne i Hercegovine<\/strong><br \/>\nOve rije\u010di \u2013\u00a0<em>vjera, sloboda, du\u017enost, \u010dast, domovina i dr\u017eava <\/em>\u2013 treba da nam sna\u017ee volju, treba da u nama o\u017eive hrabrost umjesto straha, treba da nam pobude apetit za te\u017eak izazov umjesto \u017eelje za lahkim poslom. Te rije\u010di treba da su nam na umu i da nas u\u010de kako da budemo istinski patriote i pravi doma\u0107ini u svom domu, u svojoj domovini i u svojoj dr\u017eavi. Niko nam to pravo ne mo\u017ee osporiti i niko nas vi\u0161e ne smije proganjati iz vlastitog doma, iz vlastite domovine i iz vlastite dr\u017eave. Europa i svijet moraju shvatiti i nas prihvatiti onakve kakvi smo \u2013 muslimani Bo\u0161njaci, koji ni na koji na\u010din nisu zaslu\u017eili da se nad njima izvr\u0161i genocid kao \u0161to ni Jevreji nisu zaslu\u017eili holokaust. Sa te\u0161kim posljedicama za cijeli svijet Europa je priznala svoj grijeh prema Jevrejima i omugu\u0107ila im da se vra\u0107aju u Svetu zemlju. Za nas muslimane Bo\u0161njake ne postoji sveta zemlja osim ove na\u0161e svete zemlje Bosne i Hercegovine i zato mi nemamo kud i\u0107i, niti nas Europa mo\u017ee tamo negdje smjestiti. Mi ovdje ostajemo sa svim na\u0161im pravima i obavezama kao Europljani, uklju\u010duju\u0107i i pravo na dom, domovinu i dr\u017eavu, koja \u0107e nas \u0161tititi od progona i genocida. Osloba\u0111anje akademika Ejupa Gani\u0107a u Londonu je dobar znak da je Europa ne\u0161to nau\u010dila i da je kona\u010dno shvatila da smo mi odlu\u010dni da u svom domu, domovini i dr\u017eavi \u017eivimo slobodno i ponosno, kao i sve druge nacije na Balkanu i u Europi.<\/p>\n<p>Akademik Ejup Gani\u0107 je vlastitim primjerom pokazao 2. maja, 1992. god. karakter bosanskog patriote, kao bosanskog gazije, koji se ne predaje i kad drugi misle da je poraz neminovan, koji je na\u0161ao hrabrosti i kad su neki padali u o\u010daj, koji je imao mudrosti i kad se neki nisu sna\u0161li u svijetu gluposti, koji je ostao isti i kad nam je svima iz Londona donio pobjedu.<\/p>\n<p><strong>Suo\u010davanje sa najve\u0107im izazovom za na\u0161 narod i na\u0161u dr\u017eavu u proteklom stolje\u0107u<\/strong><br \/>\nAkademik Ejup Gani\u0107 je mogao, ali nije, izabrati lagodni \u017eivot negdje drugdje a ne do\u0107i u Sarajevo i suo\u010diti se sa najve\u0107im izazovom za na\u0161 narod i na\u0161u dr\u017eavu u proteklom stolje\u0107u. Zato je zaslu\u017eio da bude nagra\u0111en uz podsje\u0107anje na ovu va\u017enu moralnu i patriotsku poruku uglednog bo\u0161nja\u010dkog intelektualca i obnovitelja bo\u0161nja\u010dke nacionalne svijesti profesora Ferida Muhi\u0107a koji ka\u017ee: &#8211;\u00a0<em>Moramo vratiti ono na\u0161e kraljevsko lice koje je u nama sa\u010duvano, lice koje je naviklo da pra\u0161ta ali ne sve, lice koje je naviklo da pomogne ali ne svakome, lice onoga koji je navikao da vi\u0161e voli nego da mrzi, lice koje je naviklo da bude hrabro a ne stra\u0161ivo. To lice moramo vratiti! Bi\u0107e svega samo neka nam se sa\u010duva na\u0161e lice i na\u0161 obraz. <\/em><\/p>\n<p>Akademik Ejup Gani\u0107 nam je, doista, sa\u010duvao i lice i obraz. Stoga, \u010dini mi \u010dast da se zahvalim akademiku Ejupu Gani\u0107u i njegovoj porodici \u0161to su prihvatili da nose i pronose glas i ponos\u00a0<em><strong>Bosanskog gazije <\/strong><\/em>kao oli\u010denje hrabrosti i mudrosti Bo\u0161njaka, koji voli \u017eivot, slobodu i \u010dast kao dar Bo\u017eji.<\/p>\n<p>Izvor: <strong>Bosnjaci.net<\/strong><\/p>\n","protected":false},"excerpt":{"rendered":"<p>BiH &#8211; Reisu-l-ulema dr. Mustafa Ceri\u0107 uru\u010dio je priznanje \u201eAlem bosanskog gazije\u201c akademiku Ejupu Gani\u0107u. Priznanje je uru\u010deno na sve\u010danosti koja je ve\u010deras, 02. maja 2011. godine, odr\u017eana u Domu Oru\u017eanih snaga Bosne i Hercegovine u Sarajevu u prisustvu najvi\u0161ih predstavnika Islamske zajednice, dru\u0161tvenih i javnih li\u010dnosti i predstavnika diplomatskog kora. Priznanje\u00a0\u201eAlem bosanskog gazije\u201c dodijeljeno [&hellip;]<\/p>\n","protected":false},"author":83,"featured_media":15788,"comment_status":"open","ping_status":"open","sticky":false,"template":"","format":"standard","meta":{"footnotes":""},"categories":[800,2860],"tags":[],"class_list":{"0":"post-15787","1":"post","2":"type-post","3":"status-publish","4":"format-standard","5":"has-post-thumbnail","7":"category-nacija","8":"category-bosna-i-hercegovina-gradovi"},"yoast_head":"<!-- This site is optimized with the Yoast SEO Premium plugin v23.1 (Yoast SEO v24.9) - https:\/\/yoast.com\/wordpress\/plugins\/seo\/ -->\n<title>Reisu-l-ulema uru\u010dio priznanje akademiku Gani\u0107u<\/title>\n<meta name=\"robots\" content=\"index, follow, max-snippet:-1, max-image-preview:large, max-video-preview:-1\" \/>\n<link rel=\"canonical\" href=\"https:\/\/sandzakpress.net\/arhiva\/reisu-l-ulema-urucio-priznanje-akademiku-ganicu\/\" \/>\n<meta property=\"og:locale\" content=\"bs_BA\" \/>\n<meta property=\"og:type\" content=\"article\" \/>\n<meta property=\"og:title\" content=\"Reisu-l-ulema uru\u010dio priznanje akademiku Gani\u0107u\" \/>\n<meta property=\"og:description\" content=\"BiH &#8211; Reisu-l-ulema dr. Mustafa Ceri\u0107 uru\u010dio je priznanje \u201eAlem bosanskog gazije\u201c akademiku Ejupu Gani\u0107u. Priznanje je uru\u010deno na sve\u010danosti koja je ve\u010deras, 02. maja 2011. godine, odr\u017eana u Domu Oru\u017eanih snaga Bosne i Hercegovine u Sarajevu u prisustvu najvi\u0161ih predstavnika Islamske zajednice, dru\u0161tvenih i javnih li\u010dnosti i predstavnika diplomatskog kora. Priznanje\u00a0\u201eAlem bosanskog gazije\u201c dodijeljeno [&hellip;]\" \/>\n<meta property=\"og:url\" content=\"https:\/\/sandzakpress.net\/arhiva\/reisu-l-ulema-urucio-priznanje-akademiku-ganicu\/\" \/>\n<meta property=\"og:site_name\" content=\"Sand\u017eak PRESS\" \/>\n<meta property=\"article:published_time\" content=\"2011-05-03T10:56:47+00:00\" \/>\n<meta property=\"og:image\" content=\"https:\/\/sandzakpress.net\/arhiva\/wp-content\/uploads\/2011\/05\/priznanje_ceric-ganic_2.maj_2011.jpg\" \/>\n\t<meta property=\"og:image:width\" content=\"494\" \/>\n\t<meta property=\"og:image:height\" content=\"456\" \/>\n\t<meta property=\"og:image:type\" content=\"image\/jpeg\" \/>\n<meta name=\"author\" content=\"bosniak\" \/>\n<meta name=\"twitter:card\" content=\"summary_large_image\" \/>\n<meta name=\"twitter:label1\" content=\"Written by\" \/>\n\t<meta name=\"twitter:data1\" content=\"bosniak\" \/>\n\t<meta name=\"twitter:label2\" content=\"Est. reading time\" \/>\n\t<meta name=\"twitter:data2\" content=\"9 minuta\" \/>\n<script type=\"application\/ld+json\" class=\"yoast-schema-graph\">{\"@context\":\"https:\/\/schema.org\",\"@graph\":[{\"@type\":\"Article\",\"@id\":\"https:\/\/sandzakpress.net\/arhiva\/reisu-l-ulema-urucio-priznanje-akademiku-ganicu\/#article\",\"isPartOf\":{\"@id\":\"https:\/\/sandzakpress.net\/arhiva\/reisu-l-ulema-urucio-priznanje-akademiku-ganicu\/\"},\"author\":{\"name\":\"bosniak\",\"@id\":\"https:\/\/sandzakpress.net\/arhiva\/#\/schema\/person\/c8baee722073534b583ea7bdb2e36c02\"},\"headline\":\"Reisu-l-ulema uru\u010dio priznanje akademiku Gani\u0107u\",\"datePublished\":\"2011-05-03T10:56:47+00:00\",\"mainEntityOfPage\":{\"@id\":\"https:\/\/sandzakpress.net\/arhiva\/reisu-l-ulema-urucio-priznanje-akademiku-ganicu\/\"},\"wordCount\":1715,\"commentCount\":4,\"publisher\":{\"@id\":\"https:\/\/sandzakpress.net\/arhiva\/#\/schema\/person\/6e72b67d6e51910a1117b3b483ba20bd\"},\"image\":{\"@id\":\"https:\/\/sandzakpress.net\/arhiva\/reisu-l-ulema-urucio-priznanje-akademiku-ganicu\/#primaryimage\"},\"thumbnailUrl\":\"https:\/\/sandzakpress.net\/arhiva\/wp-content\/uploads\/2011\/05\/priznanje_ceric-ganic_2.maj_2011.jpg\",\"articleSection\":[\"Nacija\",\"Bosna i Hercegovina\"],\"inLanguage\":\"bs-BA\",\"potentialAction\":[{\"@type\":\"CommentAction\",\"name\":\"Comment\",\"target\":[\"https:\/\/sandzakpress.net\/arhiva\/reisu-l-ulema-urucio-priznanje-akademiku-ganicu\/#respond\"]}]},{\"@type\":\"WebPage\",\"@id\":\"https:\/\/sandzakpress.net\/arhiva\/reisu-l-ulema-urucio-priznanje-akademiku-ganicu\/\",\"url\":\"https:\/\/sandzakpress.net\/arhiva\/reisu-l-ulema-urucio-priznanje-akademiku-ganicu\/\",\"name\":\"Reisu-l-ulema uru\u010dio priznanje akademiku Gani\u0107u\",\"isPartOf\":{\"@id\":\"https:\/\/sandzakpress.net\/arhiva\/#website\"},\"primaryImageOfPage\":{\"@id\":\"https:\/\/sandzakpress.net\/arhiva\/reisu-l-ulema-urucio-priznanje-akademiku-ganicu\/#primaryimage\"},\"image\":{\"@id\":\"https:\/\/sandzakpress.net\/arhiva\/reisu-l-ulema-urucio-priznanje-akademiku-ganicu\/#primaryimage\"},\"thumbnailUrl\":\"https:\/\/sandzakpress.net\/arhiva\/wp-content\/uploads\/2011\/05\/priznanje_ceric-ganic_2.maj_2011.jpg\",\"datePublished\":\"2011-05-03T10:56:47+00:00\",\"breadcrumb\":{\"@id\":\"https:\/\/sandzakpress.net\/arhiva\/reisu-l-ulema-urucio-priznanje-akademiku-ganicu\/#breadcrumb\"},\"inLanguage\":\"bs-BA\",\"potentialAction\":[{\"@type\":\"ReadAction\",\"target\":[\"https:\/\/sandzakpress.net\/arhiva\/reisu-l-ulema-urucio-priznanje-akademiku-ganicu\/\"]}]},{\"@type\":\"ImageObject\",\"inLanguage\":\"bs-BA\",\"@id\":\"https:\/\/sandzakpress.net\/arhiva\/reisu-l-ulema-urucio-priznanje-akademiku-ganicu\/#primaryimage\",\"url\":\"https:\/\/sandzakpress.net\/arhiva\/wp-content\/uploads\/2011\/05\/priznanje_ceric-ganic_2.maj_2011.jpg\",\"contentUrl\":\"https:\/\/sandzakpress.net\/arhiva\/wp-content\/uploads\/2011\/05\/priznanje_ceric-ganic_2.maj_2011.jpg\",\"width\":494,\"height\":456},{\"@type\":\"BreadcrumbList\",\"@id\":\"https:\/\/sandzakpress.net\/arhiva\/reisu-l-ulema-urucio-priznanje-akademiku-ganicu\/#breadcrumb\",\"itemListElement\":[{\"@type\":\"ListItem\",\"position\":1,\"name\":\"Home\",\"item\":\"https:\/\/sandzakpress.net\/arhiva\/\"},{\"@type\":\"ListItem\",\"position\":2,\"name\":\"Reisu-l-ulema uru\u010dio priznanje akademiku Gani\u0107u\"}]},{\"@type\":\"WebSite\",\"@id\":\"https:\/\/sandzakpress.net\/arhiva\/#website\",\"url\":\"https:\/\/sandzakpress.net\/arhiva\/\",\"name\":\"Sand\u017eak PRESS\",\"description\":\"Prve elektronske novine u Sand\u017eaku\",\"publisher\":{\"@id\":\"https:\/\/sandzakpress.net\/arhiva\/#\/schema\/person\/6e72b67d6e51910a1117b3b483ba20bd\"},\"potentialAction\":[{\"@type\":\"SearchAction\",\"target\":{\"@type\":\"EntryPoint\",\"urlTemplate\":\"https:\/\/sandzakpress.net\/arhiva\/?s={search_term_string}\"},\"query-input\":{\"@type\":\"PropertyValueSpecification\",\"valueRequired\":true,\"valueName\":\"search_term_string\"}}],\"inLanguage\":\"bs-BA\"},{\"@type\":[\"Person\",\"Organization\"],\"@id\":\"https:\/\/sandzakpress.net\/arhiva\/#\/schema\/person\/6e72b67d6e51910a1117b3b483ba20bd\",\"name\":\"Kul\",\"image\":{\"@type\":\"ImageObject\",\"inLanguage\":\"bs-BA\",\"@id\":\"https:\/\/sandzakpress.net\/arhiva\/#\/schema\/person\/image\/\",\"url\":\"https:\/\/secure.gravatar.com\/avatar\/42263f39aa27ac04c43cab85c280eb2e?s=96&d=mm&r=pg\",\"contentUrl\":\"https:\/\/secure.gravatar.com\/avatar\/42263f39aa27ac04c43cab85c280eb2e?s=96&d=mm&r=pg\",\"caption\":\"Kul\"},\"logo\":{\"@id\":\"https:\/\/sandzakpress.net\/arhiva\/#\/schema\/person\/image\/\"}},{\"@type\":\"Person\",\"@id\":\"https:\/\/sandzakpress.net\/arhiva\/#\/schema\/person\/c8baee722073534b583ea7bdb2e36c02\",\"name\":\"bosniak\",\"image\":{\"@type\":\"ImageObject\",\"inLanguage\":\"bs-BA\",\"@id\":\"https:\/\/sandzakpress.net\/arhiva\/#\/schema\/person\/image\/\",\"url\":\"https:\/\/secure.gravatar.com\/avatar\/a04fd330bfe3a36a72a0ad4a6d89fca7?s=96&d=mm&r=pg\",\"contentUrl\":\"https:\/\/secure.gravatar.com\/avatar\/a04fd330bfe3a36a72a0ad4a6d89fca7?s=96&d=mm&r=pg\",\"caption\":\"bosniak\"},\"url\":\"https:\/\/sandzakpress.net\/arhiva\/author\/bosniak\/\"}]}<\/script>\n<!-- \/ Yoast SEO Premium plugin. -->","yoast_head_json":{"title":"Reisu-l-ulema uru\u010dio priznanje akademiku Gani\u0107u","robots":{"index":"index","follow":"follow","max-snippet":"max-snippet:-1","max-image-preview":"max-image-preview:large","max-video-preview":"max-video-preview:-1"},"canonical":"https:\/\/sandzakpress.net\/arhiva\/reisu-l-ulema-urucio-priznanje-akademiku-ganicu\/","og_locale":"bs_BA","og_type":"article","og_title":"Reisu-l-ulema uru\u010dio priznanje akademiku Gani\u0107u","og_description":"BiH &#8211; Reisu-l-ulema dr. Mustafa Ceri\u0107 uru\u010dio je priznanje \u201eAlem bosanskog gazije\u201c akademiku Ejupu Gani\u0107u. Priznanje je uru\u010deno na sve\u010danosti koja je ve\u010deras, 02. maja 2011. godine, odr\u017eana u Domu Oru\u017eanih snaga Bosne i Hercegovine u Sarajevu u prisustvu najvi\u0161ih predstavnika Islamske zajednice, dru\u0161tvenih i javnih li\u010dnosti i predstavnika diplomatskog kora. Priznanje\u00a0\u201eAlem bosanskog gazije\u201c dodijeljeno [&hellip;]","og_url":"https:\/\/sandzakpress.net\/arhiva\/reisu-l-ulema-urucio-priznanje-akademiku-ganicu\/","og_site_name":"Sand\u017eak PRESS","article_published_time":"2011-05-03T10:56:47+00:00","og_image":[{"width":494,"height":456,"url":"https:\/\/sandzakpress.net\/arhiva\/wp-content\/uploads\/2011\/05\/priznanje_ceric-ganic_2.maj_2011.jpg","type":"image\/jpeg"}],"author":"bosniak","twitter_card":"summary_large_image","twitter_misc":{"Written by":"bosniak","Est. reading time":"9 minuta"},"schema":{"@context":"https:\/\/schema.org","@graph":[{"@type":"Article","@id":"https:\/\/sandzakpress.net\/arhiva\/reisu-l-ulema-urucio-priznanje-akademiku-ganicu\/#article","isPartOf":{"@id":"https:\/\/sandzakpress.net\/arhiva\/reisu-l-ulema-urucio-priznanje-akademiku-ganicu\/"},"author":{"name":"bosniak","@id":"https:\/\/sandzakpress.net\/arhiva\/#\/schema\/person\/c8baee722073534b583ea7bdb2e36c02"},"headline":"Reisu-l-ulema uru\u010dio priznanje akademiku Gani\u0107u","datePublished":"2011-05-03T10:56:47+00:00","mainEntityOfPage":{"@id":"https:\/\/sandzakpress.net\/arhiva\/reisu-l-ulema-urucio-priznanje-akademiku-ganicu\/"},"wordCount":1715,"commentCount":4,"publisher":{"@id":"https:\/\/sandzakpress.net\/arhiva\/#\/schema\/person\/6e72b67d6e51910a1117b3b483ba20bd"},"image":{"@id":"https:\/\/sandzakpress.net\/arhiva\/reisu-l-ulema-urucio-priznanje-akademiku-ganicu\/#primaryimage"},"thumbnailUrl":"https:\/\/sandzakpress.net\/arhiva\/wp-content\/uploads\/2011\/05\/priznanje_ceric-ganic_2.maj_2011.jpg","articleSection":["Nacija","Bosna i Hercegovina"],"inLanguage":"bs-BA","potentialAction":[{"@type":"CommentAction","name":"Comment","target":["https:\/\/sandzakpress.net\/arhiva\/reisu-l-ulema-urucio-priznanje-akademiku-ganicu\/#respond"]}]},{"@type":"WebPage","@id":"https:\/\/sandzakpress.net\/arhiva\/reisu-l-ulema-urucio-priznanje-akademiku-ganicu\/","url":"https:\/\/sandzakpress.net\/arhiva\/reisu-l-ulema-urucio-priznanje-akademiku-ganicu\/","name":"Reisu-l-ulema uru\u010dio priznanje akademiku Gani\u0107u","isPartOf":{"@id":"https:\/\/sandzakpress.net\/arhiva\/#website"},"primaryImageOfPage":{"@id":"https:\/\/sandzakpress.net\/arhiva\/reisu-l-ulema-urucio-priznanje-akademiku-ganicu\/#primaryimage"},"image":{"@id":"https:\/\/sandzakpress.net\/arhiva\/reisu-l-ulema-urucio-priznanje-akademiku-ganicu\/#primaryimage"},"thumbnailUrl":"https:\/\/sandzakpress.net\/arhiva\/wp-content\/uploads\/2011\/05\/priznanje_ceric-ganic_2.maj_2011.jpg","datePublished":"2011-05-03T10:56:47+00:00","breadcrumb":{"@id":"https:\/\/sandzakpress.net\/arhiva\/reisu-l-ulema-urucio-priznanje-akademiku-ganicu\/#breadcrumb"},"inLanguage":"bs-BA","potentialAction":[{"@type":"ReadAction","target":["https:\/\/sandzakpress.net\/arhiva\/reisu-l-ulema-urucio-priznanje-akademiku-ganicu\/"]}]},{"@type":"ImageObject","inLanguage":"bs-BA","@id":"https:\/\/sandzakpress.net\/arhiva\/reisu-l-ulema-urucio-priznanje-akademiku-ganicu\/#primaryimage","url":"https:\/\/sandzakpress.net\/arhiva\/wp-content\/uploads\/2011\/05\/priznanje_ceric-ganic_2.maj_2011.jpg","contentUrl":"https:\/\/sandzakpress.net\/arhiva\/wp-content\/uploads\/2011\/05\/priznanje_ceric-ganic_2.maj_2011.jpg","width":494,"height":456},{"@type":"BreadcrumbList","@id":"https:\/\/sandzakpress.net\/arhiva\/reisu-l-ulema-urucio-priznanje-akademiku-ganicu\/#breadcrumb","itemListElement":[{"@type":"ListItem","position":1,"name":"Home","item":"https:\/\/sandzakpress.net\/arhiva\/"},{"@type":"ListItem","position":2,"name":"Reisu-l-ulema uru\u010dio priznanje akademiku Gani\u0107u"}]},{"@type":"WebSite","@id":"https:\/\/sandzakpress.net\/arhiva\/#website","url":"https:\/\/sandzakpress.net\/arhiva\/","name":"Sand\u017eak PRESS","description":"Prve elektronske novine u Sand\u017eaku","publisher":{"@id":"https:\/\/sandzakpress.net\/arhiva\/#\/schema\/person\/6e72b67d6e51910a1117b3b483ba20bd"},"potentialAction":[{"@type":"SearchAction","target":{"@type":"EntryPoint","urlTemplate":"https:\/\/sandzakpress.net\/arhiva\/?s={search_term_string}"},"query-input":{"@type":"PropertyValueSpecification","valueRequired":true,"valueName":"search_term_string"}}],"inLanguage":"bs-BA"},{"@type":["Person","Organization"],"@id":"https:\/\/sandzakpress.net\/arhiva\/#\/schema\/person\/6e72b67d6e51910a1117b3b483ba20bd","name":"Kul","image":{"@type":"ImageObject","inLanguage":"bs-BA","@id":"https:\/\/sandzakpress.net\/arhiva\/#\/schema\/person\/image\/","url":"https:\/\/secure.gravatar.com\/avatar\/42263f39aa27ac04c43cab85c280eb2e?s=96&d=mm&r=pg","contentUrl":"https:\/\/secure.gravatar.com\/avatar\/42263f39aa27ac04c43cab85c280eb2e?s=96&d=mm&r=pg","caption":"Kul"},"logo":{"@id":"https:\/\/sandzakpress.net\/arhiva\/#\/schema\/person\/image\/"}},{"@type":"Person","@id":"https:\/\/sandzakpress.net\/arhiva\/#\/schema\/person\/c8baee722073534b583ea7bdb2e36c02","name":"bosniak","image":{"@type":"ImageObject","inLanguage":"bs-BA","@id":"https:\/\/sandzakpress.net\/arhiva\/#\/schema\/person\/image\/","url":"https:\/\/secure.gravatar.com\/avatar\/a04fd330bfe3a36a72a0ad4a6d89fca7?s=96&d=mm&r=pg","contentUrl":"https:\/\/secure.gravatar.com\/avatar\/a04fd330bfe3a36a72a0ad4a6d89fca7?s=96&d=mm&r=pg","caption":"bosniak"},"url":"https:\/\/sandzakpress.net\/arhiva\/author\/bosniak\/"}]}},"_links":{"self":[{"href":"https:\/\/sandzakpress.net\/arhiva\/wp-json\/wp\/v2\/posts\/15787"}],"collection":[{"href":"https:\/\/sandzakpress.net\/arhiva\/wp-json\/wp\/v2\/posts"}],"about":[{"href":"https:\/\/sandzakpress.net\/arhiva\/wp-json\/wp\/v2\/types\/post"}],"author":[{"embeddable":true,"href":"https:\/\/sandzakpress.net\/arhiva\/wp-json\/wp\/v2\/users\/83"}],"replies":[{"embeddable":true,"href":"https:\/\/sandzakpress.net\/arhiva\/wp-json\/wp\/v2\/comments?post=15787"}],"version-history":[{"count":0,"href":"https:\/\/sandzakpress.net\/arhiva\/wp-json\/wp\/v2\/posts\/15787\/revisions"}],"wp:featuredmedia":[{"embeddable":true,"href":"https:\/\/sandzakpress.net\/arhiva\/wp-json\/wp\/v2\/media\/15788"}],"wp:attachment":[{"href":"https:\/\/sandzakpress.net\/arhiva\/wp-json\/wp\/v2\/media?parent=15787"}],"wp:term":[{"taxonomy":"category","embeddable":true,"href":"https:\/\/sandzakpress.net\/arhiva\/wp-json\/wp\/v2\/categories?post=15787"},{"taxonomy":"post_tag","embeddable":true,"href":"https:\/\/sandzakpress.net\/arhiva\/wp-json\/wp\/v2\/tags?post=15787"}],"curies":[{"name":"wp","href":"https:\/\/api.w.org\/{rel}","templated":true}]}}