{"id":157848,"date":"2016-03-24T16:16:23","date_gmt":"2016-03-24T15:16:23","guid":{"rendered":"https:\/\/sandzakpress.net\/arhiva\/?p=157848"},"modified":"2016-03-24T16:27:10","modified_gmt":"2016-03-24T15:27:10","slug":"radovan-karadzic-osuden-na-40-godina-zatvora","status":"publish","type":"post","link":"https:\/\/sandzakpress.net\/arhiva\/radovan-karadzic-osuden-na-40-godina-zatvora\/","title":{"rendered":"Radovan Karad\u017ei\u0107 osu\u0111en na 40 godina zatvora"},"content":{"rendered":"<p style=\"text-align: justify;\"><strong><img loading=\"lazy\" decoding=\"async\" class=\"alignnone size-large wp-image-157849\" src=\"https:\/\/sandzakpress.net\/arhiva\/wp-content\/uploads\/2016\/03\/karadzic-radovan-icty-ajb-main_3-616x411.jpg\" alt=\"karadzic-radovan-icty-ajb-main_3\" width=\"600\" height=\"400\" srcset=\"https:\/\/sandzakpress.net\/arhiva\/wp-content\/uploads\/2016\/03\/karadzic-radovan-icty-ajb-main_3-616x411.jpg 616w, https:\/\/sandzakpress.net\/arhiva\/wp-content\/uploads\/2016\/03\/karadzic-radovan-icty-ajb-main_3.jpg 757w\" sizes=\"(max-width: 600px) 100vw, 600px\" \/><\/strong><\/p>\n<p style=\"text-align: justify;\"><strong>BiH, Holandija &#8211; Karad\u017ei\u0107 je progla\u0161en krivim za sve ta\u010dke optu\u017enice osim za ta\u010dku 1 (genocid u Bratuncu, Fo\u010di, Klju\u010du, Prijedoru, Sanskom Mostu, Vlasenici i Zvorniku). Utvr\u0111eno je da je direktno odgovoran za genocid u Srebrenici a progla\u0161en je krivim i za udru\u017eeni zlo\u010dina\u010dki poduhvat tokom opsade Sarajeva.<\/strong><\/p>\n<div class=\"clanakTekst\" style=\"text-align: justify;\">\n<div class=\"tekst clanak_vijesti\">\n<p>&#8220;Iz razloga sa\u017eeto iznesenih u toku ovog zasjedanja Pretresno vije\u0107e je, po\u0161to je saslu\u0161alo sve dokaze koje je iznijelo Tu\u017eila\u0161tvo i Odbrana, utvrdilo da Vi, Radovane Karad\u017ei\u0107u niste krivi po ta\u010dki 1 (genocid), a da ste krivi po sljede\u0107im ta\u010dkama optu\u017enice: ta\u010dka 2 (genocid u Srebrenici), ta\u010dka 3 (progon kao zlo\u010din protiv \u010dovje\u010dnosti), ta\u010dka 4 (istrebljenje kao zlo\u010din protiv \u010dovje\u010dnosti), ta\u010dka 5 (ubistvo kao zlo\u010din protiv \u010dovje\u010dnosti), ta\u010dka 6 (ubistvo kao kr\u0161enje zakona ili obi\u010daja ratovanja), ta\u010dka 7 (deportacija kao zlo\u010din protiv \u010dovje\u010dnosti), ta\u010dka 8 (nehumana djela, prisilno premje\u0161tanje kao zlo\u010din protiv \u010dovje\u010dnosti), ta\u010dka 9 (\u0161irenje terora kao kr\u0161enje zakona ili obi\u010daja ratovanja), ta\u010dka 10 (protivpravni napadi na civile kao kr\u0161enje zakona ili obi\u010daja ratovanja) i ta\u010dka 11 (uzimanje talaca kao kr\u0161enje zakona ili obi\u010daja ratovanja)&#8221;, rekao je sudija O-Gon Kwon.<b>&#8220;Pretresno vije\u0107e osu\u0111uje Vas Radovane Karad\u017ei\u0107u na jedinstvenu kaznu od 40 godina zatvora&#8221;.<\/b><\/p>\n<p>Optu\u017eeni se nalazi u pritvoru od 21. jula 2008. godine, i u skladu sa pravilom 101c Pravilnika ima pravo da mu se vrijeme koje je dosad proveo u pritvoru ura\u010duna u izdr\u017eavanje kazne. U skladu sa pravilom 103c optu\u017eeni \u0107e ostati u pritvoru sve dok se ne privede kraju organizovanje njegovog transfera u dr\u017eavu u kojoj \u0107e izdr\u017eavati kaznu.<\/p>\n<p>Prvi dio presude odnosio se na <b>zlo\u010dine u 20 op\u0107ina<\/b>. Od marta 1992. godine, kako je rekao, srpske snage su preuzele vlast i tokom tog perioda imale su &#8220;organiziran i jasan nacrt zlo\u010dina&#8221; protiv nesrpskog stanovni\u0161tva.<\/p>\n<p>&#8220;Veliki broj civila nesrba je premje\u0161ten i prognan iz svojih domova&#8221;, rekao je sudija O-Gon Kwon. Vije\u0107e zaklju\u010duje da su \u017ertve morali napustiti domove zbog napada srpskih snaga. Civili maltretirani, mu\u010deni tokom zato\u010denja u logorima, a veliki broj \u017eena je silovan u preko 50 logora i mjesta zato\u010denja na podru\u010dju ovih 20 op\u0107ina, rekao je Kwon.<\/p>\n<p><strong>Zlo\u010dini u Prijedoru i drugih \u0161est op\u0107ina nemaju karakter genocida<\/strong><\/p>\n<p>Sudsko vije\u0107e je zaklju\u010dilo da su zlo\u010dini po\u010dinjeni u sedam op\u0107ina ali da u tim <b>op\u0107inama nije po\u010dinjen genocid<\/b>. Nametnuti uvjeti u Bratuncu, Fo\u010di, Klju\u010du, Prijedoru, Sanskom Mostu, Vlasenici i Zvorniku, iako te\u0161ki, nisu imali za cilj da dovedu do djelimi\u010dnog ili potpunog uni\u0161tenja kao i da <b>nije postojala genocidna namjera<\/b>. Ipak, u sedam op\u0107ina (Bratunac, Fo\u010da, Klju\u010d, Prijedor, Sanski Most, Vlasenica i Zvornik) postojao je udru\u017eeni zlo\u010dina\u010dki poduhvat koji je bio pa\u017eljivo planiran.<\/p>\n<p>Civili opsjednutog Sarajevo su bili direktna meta Sarajevsko-romanijskog korpusa. Pretresno vije\u0107e je zaklju\u010dilo da je<b> Karad\u017ei\u0107 odgovoran za sve zlo\u010dine po\u010dinjene nad civilima opsjednutog Sarajeva osim u tri slu\u010daja<\/b>. Pretresno vije\u0107e je uvjereno da su jedinice Sarajevsko-romanijeskog korpusa hotimi\u010dno otvarale vatru po Sarajevu ili su koristile prekomjernu vatru. Ga\u0111ane su bolnice, ulice i pijace, a kori\u0161tene su modifikovane bombe koje nisu bile dovoljno ispitane. Vije\u0107e zaklju\u010duje da je snajperskom vatrom cilj jedinica VRS-a bilo civilno stanovni\u0161tvo.<\/p>\n<p>Ipak. vije\u0107e je prihvatilo da su ponekad bosanske snage ga\u0111ale vojnike UN-a ali i teritorije pod svojom kontrolom \u0161to je tvrdila Karad\u017ei\u0107eva odbrana.<\/p>\n<p><strong>Opsada Sarajeva bila udru\u017eeni zlo\u010dina\u010dki poduhvat<\/strong><\/p>\n<p>Pretresno vije\u0107e je zaklju\u010dilo da je opsada Sarajeva bila udru\u017eeni zlo\u010dina\u010dki poduhvat koji su bili pod kontrolom Vojske RS-a i politi\u010dkog rukovodstva RS-a (Kraji\u0161nik, Plav\u0161i\u0107 i Mladi\u0107).<\/p>\n<p>Dragomir Milo\u0161evi\u0107, Gali\u0107, Kraji\u0161nik, Koljevi\u0107, Karad\u017ei\u0107 i Mladi\u0107 po\u010dinili su udru\u017eeni zlo\u010dina\u010dki poduhvat prilikom opsade Sarajeva. <b>Karad\u017ei\u0107 je podr\u017eavao Mladi\u0107ev stav prema opsadi Sarajeva a i sam je li\u010dno odobravao napade i produ\u017eavanje opsade<\/b>. S obzirom da je imao kontrolu nad vojskom, smatra se da je imao punu odgovornost u strate\u0161kom i operativnom smislu. Dosljedno je bio obavje\u0161tavan o svim napadima i zlo\u010dinima. Karad\u017ei\u0107 je poricao odgovornost Sarajevsko-romanijskog korpusa i optu\u017eivao snage bh. muslimana pri \u010demu je odbio kazniti odgovorne za zlo\u010dine. Sve vrijeme nije u\u010dinjen niti jedan poku\u0161aj da se kazne vojnici odgovorni za <strong>ubijanje civila.<\/strong><\/p>\n<\/div>\n<div class=\"tekst clanak_vijesti\">\n<p><strong>Karad\u017ei\u0107 kriv za uzimanje talaca<\/strong><\/p>\n<p>Vije\u0107e je zaklju\u010dio da je postojao udru\u017eeni zlo\u010dina\u010dki poduhvat, \u010diji je \u010dlan bio Karad\u017ei\u0107, s ciljem uzimanja posmatra\u010da za taoce da bi se zaustavili NATO napadi.<\/p>\n<p>&#8220;Ne samo da je Karad\u017ei\u0107 imao namjeru da zarobi pripadnike UN-a, ve\u0107 je namjeravao i da im prijeti kako bi se sprovele namjere \u010dlanova udru\u017eenog zlo\u010dina\u010dkog podhvata&#8221;, rekao je Kwon.<\/p>\n<p>Prelaze\u0107i na ta\u010dku koja Karad\u017ei\u0107a tereti za uzimanje talaca, Kwon je rekao da su snage VRS-a zarobile neke posmatra\u010de Ujedinjenih Nacija 1995. godine, uprkos \u010dinjenici da su imali zakonsku za\u0161titu. Vije\u0107e je odbacilo Karad\u017ei\u0107ev stav da su snage VRS-a imale pravo da zarobe posmatra\u010de, jer su ni bili &#8220;borci na suprotnoj strani&#8221;. Vije\u0107e je zaklju\u010dilo da posmatra\u010di UN-a nisu bili dio sukoba i da zarobljeni posmatra\u010di nisu bili aktivni u\u010desnici sukoba.<\/p>\n<p><b>Karad\u017ei\u0107 je direktno odobrio da se taoci rasporede kao \u017eivi \u0161tit<\/b> kod meta za koje se o\u010dekivalo da budu bombardovane.<\/p>\n<p>Vije\u0107e je utvrdilo da je najkasnije u martu 1995. Karad\u017ei\u0107 s Mladi\u0107em osmislio plan da se bosanski muslimani uklone iz Srebrenice. Iz \u010dinjenice da je uspostavio strukturu koja je trebala planove provesti, Vije\u0107e zaklju\u010duje da je i Karad\u017ei\u0107 bio dio UZP-a. Tako\u0111er, on je dobijao informacije od visokih vojnih zvani\u010dnika u vrijeme trajanja egzekucija.<\/p>\n<p>Optu\u017eeni je dobijao redovne pismene izvje\u0161taje uklju\u010duju\u0107i borbene izvje\u0161taje iz kojih se vide akcije VRS-a.<\/p>\n<p><strong>Karad\u017ei\u0107 kriv za genocid u Srebrenici<\/strong><\/p>\n<p>Vije\u0107e ne sumnja da je Karad\u017ei\u0107 znao da hiljade zato\u010denika dr\u017ee snage VRS-a oko Srebrenice i da je to zna\u010dajan procent bo\u0161nja\u010dke populacije Srebrenice.<\/p>\n<p>&#8220;Optu\u017eeni se slo\u017eio i nije zaustavio ubistva od 13. do 17. jula. On je naredio da se prebace u Zvornik, gdje su izvr\u0161ena ubistva&#8221;, rekao je Kwon.<\/p>\n<p>Oko 20 sati 13. jula razgovaralo se o sudbini zarobljenih Srebreni\u010dana. Vije\u0107e podsje\u0107a da su Beara i Deronji\u0107 raspravljali gdje zato\u010denike treba pobiti. Iz toga je jasno da je bila donijeta odluka da se oni trebaju pobiti, a Deronji\u0107 se pozvao na autoritet Karad\u017ei\u0107a kada je uvjeravao Bearu da se egzekucije trebaju izvr\u0161iti.<\/p>\n<p>Optu\u017eeni ne samo da nije sprije\u010dio egzekucije ve\u0107 je li\u010dno naredio da zato\u010denici budu premje\u0161teni nakon \u010dega su ubijeni. Nakon toga bio je potpuno upoznat sa de\u0161avanjima na terenu.<\/p>\n<p>Karad\u017ei\u0107 je prije hap\u0161enja bio <b>najtra\u017eeniji svjetski bjegunac<\/b>, ratni zlo\u010dinac i prvi predsjednik samoprogla\u0161ene Srpske Republike BiH, kasnije Republike Srpske Radovanu Karad\u017ei\u0107u.<\/p>\n<p>Podsje\u0107amo, tokom su\u0111enja Karad\u017ei\u0107 se branio sam, uz nekoliko pravnih savjetnika koji su mu asistirali. Nekoliko puta je tra\u017eio da se su\u0111enje ponovi, \u0161to je Sud odbijao, a optu\u017ebe koje mu se stavljaju na teret otvoreno je negirao, govore\u0107i kako bi on umjesto \u0161to mu se sudi trebao biti nagra\u0111en zbog napora koji je u\u010dinio u ratu da se sprije\u010di ve\u0107e krvoproli\u0107e.<\/p>\n<p>Tokom su\u0111enja ukupno je <b>saslu\u0161ano 586 svjedoka<\/b>, i to 337 Tu\u017eila\u0161tva, 248 odbrane i jedan svjedok Pretresnog vije\u0107a.<\/p>\n<p>Dana\u0161nja presuda Radovanu Karad\u017ei\u0107u definitivno je najzna\u010dajnija od kada postoji Me\u0111unarodni krivi\u010dni sud za biv\u0161u Jugoslaviju, \u0161to je nedavno potvrdio i glavni tu\u017eilac Ha\u0161kog tribunala Serge Bramertz.<\/p>\n<\/div>\n<div class=\"clearfix\">\u00a0(klix)<\/div>\n<\/div>\n","protected":false},"excerpt":{"rendered":"<p>BiH, Holandija &#8211; Karad\u017ei\u0107 je progla\u0161en krivim za sve ta\u010dke optu\u017enice osim za ta\u010dku 1 (genocid u Bratuncu, Fo\u010di, Klju\u010du, Prijedoru, Sanskom Mostu, Vlasenici i Zvorniku). Utvr\u0111eno je da je direktno odgovoran za genocid u Srebrenici a progla\u0161en je krivim i za udru\u017eeni zlo\u010dina\u010dki poduhvat tokom opsade Sarajeva. &#8220;Iz razloga sa\u017eeto iznesenih u toku ovog [&hellip;]<\/p>\n","protected":false},"author":501,"featured_media":157851,"comment_status":"open","ping_status":"open","sticky":false,"template":"","format":"standard","meta":{"footnotes":""},"categories":[2860,9545,8957],"tags":[],"class_list":{"0":"post-157848","1":"post","2":"type-post","3":"status-publish","4":"format-standard","5":"has-post-thumbnail","7":"category-bosna-i-hercegovina-gradovi","8":"category-holandija-dijaspora-gradovi-vase-vijesti","9":"category-vijesti-dana"},"yoast_head":"<!-- This site is optimized with the Yoast SEO Premium plugin v23.1 (Yoast SEO v24.9) - https:\/\/yoast.com\/wordpress\/plugins\/seo\/ -->\n<title>Radovan Karad\u017ei\u0107 osu\u0111en na 40 godina zatvora<\/title>\n<meta name=\"robots\" content=\"index, follow, max-snippet:-1, max-image-preview:large, max-video-preview:-1\" \/>\n<link rel=\"canonical\" href=\"https:\/\/sandzakpress.net\/arhiva\/radovan-karadzic-osuden-na-40-godina-zatvora\/\" \/>\n<meta property=\"og:locale\" content=\"bs_BA\" \/>\n<meta property=\"og:type\" content=\"article\" \/>\n<meta property=\"og:title\" content=\"Radovan Karad\u017ei\u0107 osu\u0111en na 40 godina zatvora\" \/>\n<meta property=\"og:description\" content=\"BiH, Holandija &#8211; Karad\u017ei\u0107 je progla\u0161en krivim za sve ta\u010dke optu\u017enice osim za ta\u010dku 1 (genocid u Bratuncu, Fo\u010di, Klju\u010du, Prijedoru, Sanskom Mostu, Vlasenici i Zvorniku). Utvr\u0111eno je da je direktno odgovoran za genocid u Srebrenici a progla\u0161en je krivim i za udru\u017eeni zlo\u010dina\u010dki poduhvat tokom opsade Sarajeva. &#8220;Iz razloga sa\u017eeto iznesenih u toku ovog [&hellip;]\" \/>\n<meta property=\"og:url\" content=\"https:\/\/sandzakpress.net\/arhiva\/radovan-karadzic-osuden-na-40-godina-zatvora\/\" \/>\n<meta property=\"og:site_name\" content=\"Sand\u017eak PRESS\" \/>\n<meta property=\"article:published_time\" content=\"2016-03-24T15:16:23+00:00\" \/>\n<meta property=\"article:modified_time\" content=\"2016-03-24T15:27:10+00:00\" \/>\n<meta property=\"og:image\" content=\"https:\/\/sandzakpress.net\/arhiva\/wp-content\/uploads\/2016\/03\/karadzic-radovan-icty-ajb-main_3-616x411-1.jpg\" \/>\n\t<meta property=\"og:image:width\" content=\"616\" \/>\n\t<meta property=\"og:image:height\" content=\"411\" \/>\n\t<meta property=\"og:image:type\" content=\"image\/jpeg\" \/>\n<meta name=\"author\" content=\"SM\" \/>\n<meta name=\"twitter:card\" content=\"summary_large_image\" \/>\n<meta name=\"twitter:label1\" content=\"Written by\" \/>\n\t<meta name=\"twitter:data1\" content=\"SM\" \/>\n\t<meta name=\"twitter:label2\" content=\"Est. reading time\" \/>\n\t<meta name=\"twitter:data2\" content=\"7 minuta\" \/>\n<script type=\"application\/ld+json\" class=\"yoast-schema-graph\">{\"@context\":\"https:\/\/schema.org\",\"@graph\":[{\"@type\":\"Article\",\"@id\":\"https:\/\/sandzakpress.net\/arhiva\/radovan-karadzic-osuden-na-40-godina-zatvora\/#article\",\"isPartOf\":{\"@id\":\"https:\/\/sandzakpress.net\/arhiva\/radovan-karadzic-osuden-na-40-godina-zatvora\/\"},\"author\":{\"name\":\"SM\",\"@id\":\"https:\/\/sandzakpress.net\/arhiva\/#\/schema\/person\/32f63b6bc693126333e4b1d8cccb52ac\"},\"headline\":\"Radovan Karad\u017ei\u0107 osu\u0111en na 40 godina zatvora\",\"datePublished\":\"2016-03-24T15:16:23+00:00\",\"dateModified\":\"2016-03-24T15:27:10+00:00\",\"mainEntityOfPage\":{\"@id\":\"https:\/\/sandzakpress.net\/arhiva\/radovan-karadzic-osuden-na-40-godina-zatvora\/\"},\"wordCount\":1368,\"commentCount\":70,\"publisher\":{\"@id\":\"https:\/\/sandzakpress.net\/arhiva\/#\/schema\/person\/6e72b67d6e51910a1117b3b483ba20bd\"},\"image\":{\"@id\":\"https:\/\/sandzakpress.net\/arhiva\/radovan-karadzic-osuden-na-40-godina-zatvora\/#primaryimage\"},\"thumbnailUrl\":\"https:\/\/sandzakpress.net\/arhiva\/wp-content\/uploads\/2016\/03\/karadzic-radovan-icty-ajb-main_3-616x411-1.jpg\",\"articleSection\":[\"Bosna i Hercegovina\",\"Holandija\",\"VIJESTI DANA\"],\"inLanguage\":\"bs-BA\",\"potentialAction\":[{\"@type\":\"CommentAction\",\"name\":\"Comment\",\"target\":[\"https:\/\/sandzakpress.net\/arhiva\/radovan-karadzic-osuden-na-40-godina-zatvora\/#respond\"]}]},{\"@type\":\"WebPage\",\"@id\":\"https:\/\/sandzakpress.net\/arhiva\/radovan-karadzic-osuden-na-40-godina-zatvora\/\",\"url\":\"https:\/\/sandzakpress.net\/arhiva\/radovan-karadzic-osuden-na-40-godina-zatvora\/\",\"name\":\"Radovan Karad\u017ei\u0107 osu\u0111en na 40 godina zatvora\",\"isPartOf\":{\"@id\":\"https:\/\/sandzakpress.net\/arhiva\/#website\"},\"primaryImageOfPage\":{\"@id\":\"https:\/\/sandzakpress.net\/arhiva\/radovan-karadzic-osuden-na-40-godina-zatvora\/#primaryimage\"},\"image\":{\"@id\":\"https:\/\/sandzakpress.net\/arhiva\/radovan-karadzic-osuden-na-40-godina-zatvora\/#primaryimage\"},\"thumbnailUrl\":\"https:\/\/sandzakpress.net\/arhiva\/wp-content\/uploads\/2016\/03\/karadzic-radovan-icty-ajb-main_3-616x411-1.jpg\",\"datePublished\":\"2016-03-24T15:16:23+00:00\",\"dateModified\":\"2016-03-24T15:27:10+00:00\",\"breadcrumb\":{\"@id\":\"https:\/\/sandzakpress.net\/arhiva\/radovan-karadzic-osuden-na-40-godina-zatvora\/#breadcrumb\"},\"inLanguage\":\"bs-BA\",\"potentialAction\":[{\"@type\":\"ReadAction\",\"target\":[\"https:\/\/sandzakpress.net\/arhiva\/radovan-karadzic-osuden-na-40-godina-zatvora\/\"]}]},{\"@type\":\"ImageObject\",\"inLanguage\":\"bs-BA\",\"@id\":\"https:\/\/sandzakpress.net\/arhiva\/radovan-karadzic-osuden-na-40-godina-zatvora\/#primaryimage\",\"url\":\"https:\/\/sandzakpress.net\/arhiva\/wp-content\/uploads\/2016\/03\/karadzic-radovan-icty-ajb-main_3-616x411-1.jpg\",\"contentUrl\":\"https:\/\/sandzakpress.net\/arhiva\/wp-content\/uploads\/2016\/03\/karadzic-radovan-icty-ajb-main_3-616x411-1.jpg\",\"width\":616,\"height\":411},{\"@type\":\"BreadcrumbList\",\"@id\":\"https:\/\/sandzakpress.net\/arhiva\/radovan-karadzic-osuden-na-40-godina-zatvora\/#breadcrumb\",\"itemListElement\":[{\"@type\":\"ListItem\",\"position\":1,\"name\":\"Home\",\"item\":\"https:\/\/sandzakpress.net\/arhiva\/\"},{\"@type\":\"ListItem\",\"position\":2,\"name\":\"Radovan Karad\u017ei\u0107 osu\u0111en na 40 godina zatvora\"}]},{\"@type\":\"WebSite\",\"@id\":\"https:\/\/sandzakpress.net\/arhiva\/#website\",\"url\":\"https:\/\/sandzakpress.net\/arhiva\/\",\"name\":\"Sand\u017eak PRESS\",\"description\":\"Prve elektronske novine u Sand\u017eaku\",\"publisher\":{\"@id\":\"https:\/\/sandzakpress.net\/arhiva\/#\/schema\/person\/6e72b67d6e51910a1117b3b483ba20bd\"},\"potentialAction\":[{\"@type\":\"SearchAction\",\"target\":{\"@type\":\"EntryPoint\",\"urlTemplate\":\"https:\/\/sandzakpress.net\/arhiva\/?s={search_term_string}\"},\"query-input\":{\"@type\":\"PropertyValueSpecification\",\"valueRequired\":true,\"valueName\":\"search_term_string\"}}],\"inLanguage\":\"bs-BA\"},{\"@type\":[\"Person\",\"Organization\"],\"@id\":\"https:\/\/sandzakpress.net\/arhiva\/#\/schema\/person\/6e72b67d6e51910a1117b3b483ba20bd\",\"name\":\"Kul\",\"image\":{\"@type\":\"ImageObject\",\"inLanguage\":\"bs-BA\",\"@id\":\"https:\/\/sandzakpress.net\/arhiva\/#\/schema\/person\/image\/\",\"url\":\"https:\/\/secure.gravatar.com\/avatar\/42263f39aa27ac04c43cab85c280eb2e?s=96&d=mm&r=pg\",\"contentUrl\":\"https:\/\/secure.gravatar.com\/avatar\/42263f39aa27ac04c43cab85c280eb2e?s=96&d=mm&r=pg\",\"caption\":\"Kul\"},\"logo\":{\"@id\":\"https:\/\/sandzakpress.net\/arhiva\/#\/schema\/person\/image\/\"}},{\"@type\":\"Person\",\"@id\":\"https:\/\/sandzakpress.net\/arhiva\/#\/schema\/person\/32f63b6bc693126333e4b1d8cccb52ac\",\"name\":\"SM\",\"image\":{\"@type\":\"ImageObject\",\"inLanguage\":\"bs-BA\",\"@id\":\"https:\/\/sandzakpress.net\/arhiva\/#\/schema\/person\/image\/\",\"url\":\"https:\/\/secure.gravatar.com\/avatar\/e06a45a606f1dee973ded6565c9e653e?s=96&d=mm&r=pg\",\"contentUrl\":\"https:\/\/secure.gravatar.com\/avatar\/e06a45a606f1dee973ded6565c9e653e?s=96&d=mm&r=pg\",\"caption\":\"SM\"},\"url\":\"https:\/\/sandzakpress.net\/arhiva\/author\/sandzakmedia\/\"}]}<\/script>\n<!-- \/ Yoast SEO Premium plugin. -->","yoast_head_json":{"title":"Radovan Karad\u017ei\u0107 osu\u0111en na 40 godina zatvora","robots":{"index":"index","follow":"follow","max-snippet":"max-snippet:-1","max-image-preview":"max-image-preview:large","max-video-preview":"max-video-preview:-1"},"canonical":"https:\/\/sandzakpress.net\/arhiva\/radovan-karadzic-osuden-na-40-godina-zatvora\/","og_locale":"bs_BA","og_type":"article","og_title":"Radovan Karad\u017ei\u0107 osu\u0111en na 40 godina zatvora","og_description":"BiH, Holandija &#8211; Karad\u017ei\u0107 je progla\u0161en krivim za sve ta\u010dke optu\u017enice osim za ta\u010dku 1 (genocid u Bratuncu, Fo\u010di, Klju\u010du, Prijedoru, Sanskom Mostu, Vlasenici i Zvorniku). Utvr\u0111eno je da je direktno odgovoran za genocid u Srebrenici a progla\u0161en je krivim i za udru\u017eeni zlo\u010dina\u010dki poduhvat tokom opsade Sarajeva. &#8220;Iz razloga sa\u017eeto iznesenih u toku ovog [&hellip;]","og_url":"https:\/\/sandzakpress.net\/arhiva\/radovan-karadzic-osuden-na-40-godina-zatvora\/","og_site_name":"Sand\u017eak PRESS","article_published_time":"2016-03-24T15:16:23+00:00","article_modified_time":"2016-03-24T15:27:10+00:00","og_image":[{"width":616,"height":411,"url":"https:\/\/sandzakpress.net\/arhiva\/wp-content\/uploads\/2016\/03\/karadzic-radovan-icty-ajb-main_3-616x411-1.jpg","type":"image\/jpeg"}],"author":"SM","twitter_card":"summary_large_image","twitter_misc":{"Written by":"SM","Est. reading time":"7 minuta"},"schema":{"@context":"https:\/\/schema.org","@graph":[{"@type":"Article","@id":"https:\/\/sandzakpress.net\/arhiva\/radovan-karadzic-osuden-na-40-godina-zatvora\/#article","isPartOf":{"@id":"https:\/\/sandzakpress.net\/arhiva\/radovan-karadzic-osuden-na-40-godina-zatvora\/"},"author":{"name":"SM","@id":"https:\/\/sandzakpress.net\/arhiva\/#\/schema\/person\/32f63b6bc693126333e4b1d8cccb52ac"},"headline":"Radovan Karad\u017ei\u0107 osu\u0111en na 40 godina zatvora","datePublished":"2016-03-24T15:16:23+00:00","dateModified":"2016-03-24T15:27:10+00:00","mainEntityOfPage":{"@id":"https:\/\/sandzakpress.net\/arhiva\/radovan-karadzic-osuden-na-40-godina-zatvora\/"},"wordCount":1368,"commentCount":70,"publisher":{"@id":"https:\/\/sandzakpress.net\/arhiva\/#\/schema\/person\/6e72b67d6e51910a1117b3b483ba20bd"},"image":{"@id":"https:\/\/sandzakpress.net\/arhiva\/radovan-karadzic-osuden-na-40-godina-zatvora\/#primaryimage"},"thumbnailUrl":"https:\/\/sandzakpress.net\/arhiva\/wp-content\/uploads\/2016\/03\/karadzic-radovan-icty-ajb-main_3-616x411-1.jpg","articleSection":["Bosna i Hercegovina","Holandija","VIJESTI DANA"],"inLanguage":"bs-BA","potentialAction":[{"@type":"CommentAction","name":"Comment","target":["https:\/\/sandzakpress.net\/arhiva\/radovan-karadzic-osuden-na-40-godina-zatvora\/#respond"]}]},{"@type":"WebPage","@id":"https:\/\/sandzakpress.net\/arhiva\/radovan-karadzic-osuden-na-40-godina-zatvora\/","url":"https:\/\/sandzakpress.net\/arhiva\/radovan-karadzic-osuden-na-40-godina-zatvora\/","name":"Radovan Karad\u017ei\u0107 osu\u0111en na 40 godina zatvora","isPartOf":{"@id":"https:\/\/sandzakpress.net\/arhiva\/#website"},"primaryImageOfPage":{"@id":"https:\/\/sandzakpress.net\/arhiva\/radovan-karadzic-osuden-na-40-godina-zatvora\/#primaryimage"},"image":{"@id":"https:\/\/sandzakpress.net\/arhiva\/radovan-karadzic-osuden-na-40-godina-zatvora\/#primaryimage"},"thumbnailUrl":"https:\/\/sandzakpress.net\/arhiva\/wp-content\/uploads\/2016\/03\/karadzic-radovan-icty-ajb-main_3-616x411-1.jpg","datePublished":"2016-03-24T15:16:23+00:00","dateModified":"2016-03-24T15:27:10+00:00","breadcrumb":{"@id":"https:\/\/sandzakpress.net\/arhiva\/radovan-karadzic-osuden-na-40-godina-zatvora\/#breadcrumb"},"inLanguage":"bs-BA","potentialAction":[{"@type":"ReadAction","target":["https:\/\/sandzakpress.net\/arhiva\/radovan-karadzic-osuden-na-40-godina-zatvora\/"]}]},{"@type":"ImageObject","inLanguage":"bs-BA","@id":"https:\/\/sandzakpress.net\/arhiva\/radovan-karadzic-osuden-na-40-godina-zatvora\/#primaryimage","url":"https:\/\/sandzakpress.net\/arhiva\/wp-content\/uploads\/2016\/03\/karadzic-radovan-icty-ajb-main_3-616x411-1.jpg","contentUrl":"https:\/\/sandzakpress.net\/arhiva\/wp-content\/uploads\/2016\/03\/karadzic-radovan-icty-ajb-main_3-616x411-1.jpg","width":616,"height":411},{"@type":"BreadcrumbList","@id":"https:\/\/sandzakpress.net\/arhiva\/radovan-karadzic-osuden-na-40-godina-zatvora\/#breadcrumb","itemListElement":[{"@type":"ListItem","position":1,"name":"Home","item":"https:\/\/sandzakpress.net\/arhiva\/"},{"@type":"ListItem","position":2,"name":"Radovan Karad\u017ei\u0107 osu\u0111en na 40 godina zatvora"}]},{"@type":"WebSite","@id":"https:\/\/sandzakpress.net\/arhiva\/#website","url":"https:\/\/sandzakpress.net\/arhiva\/","name":"Sand\u017eak PRESS","description":"Prve elektronske novine u Sand\u017eaku","publisher":{"@id":"https:\/\/sandzakpress.net\/arhiva\/#\/schema\/person\/6e72b67d6e51910a1117b3b483ba20bd"},"potentialAction":[{"@type":"SearchAction","target":{"@type":"EntryPoint","urlTemplate":"https:\/\/sandzakpress.net\/arhiva\/?s={search_term_string}"},"query-input":{"@type":"PropertyValueSpecification","valueRequired":true,"valueName":"search_term_string"}}],"inLanguage":"bs-BA"},{"@type":["Person","Organization"],"@id":"https:\/\/sandzakpress.net\/arhiva\/#\/schema\/person\/6e72b67d6e51910a1117b3b483ba20bd","name":"Kul","image":{"@type":"ImageObject","inLanguage":"bs-BA","@id":"https:\/\/sandzakpress.net\/arhiva\/#\/schema\/person\/image\/","url":"https:\/\/secure.gravatar.com\/avatar\/42263f39aa27ac04c43cab85c280eb2e?s=96&d=mm&r=pg","contentUrl":"https:\/\/secure.gravatar.com\/avatar\/42263f39aa27ac04c43cab85c280eb2e?s=96&d=mm&r=pg","caption":"Kul"},"logo":{"@id":"https:\/\/sandzakpress.net\/arhiva\/#\/schema\/person\/image\/"}},{"@type":"Person","@id":"https:\/\/sandzakpress.net\/arhiva\/#\/schema\/person\/32f63b6bc693126333e4b1d8cccb52ac","name":"SM","image":{"@type":"ImageObject","inLanguage":"bs-BA","@id":"https:\/\/sandzakpress.net\/arhiva\/#\/schema\/person\/image\/","url":"https:\/\/secure.gravatar.com\/avatar\/e06a45a606f1dee973ded6565c9e653e?s=96&d=mm&r=pg","contentUrl":"https:\/\/secure.gravatar.com\/avatar\/e06a45a606f1dee973ded6565c9e653e?s=96&d=mm&r=pg","caption":"SM"},"url":"https:\/\/sandzakpress.net\/arhiva\/author\/sandzakmedia\/"}]}},"_links":{"self":[{"href":"https:\/\/sandzakpress.net\/arhiva\/wp-json\/wp\/v2\/posts\/157848"}],"collection":[{"href":"https:\/\/sandzakpress.net\/arhiva\/wp-json\/wp\/v2\/posts"}],"about":[{"href":"https:\/\/sandzakpress.net\/arhiva\/wp-json\/wp\/v2\/types\/post"}],"author":[{"embeddable":true,"href":"https:\/\/sandzakpress.net\/arhiva\/wp-json\/wp\/v2\/users\/501"}],"replies":[{"embeddable":true,"href":"https:\/\/sandzakpress.net\/arhiva\/wp-json\/wp\/v2\/comments?post=157848"}],"version-history":[{"count":0,"href":"https:\/\/sandzakpress.net\/arhiva\/wp-json\/wp\/v2\/posts\/157848\/revisions"}],"wp:featuredmedia":[{"embeddable":true,"href":"https:\/\/sandzakpress.net\/arhiva\/wp-json\/wp\/v2\/media\/157851"}],"wp:attachment":[{"href":"https:\/\/sandzakpress.net\/arhiva\/wp-json\/wp\/v2\/media?parent=157848"}],"wp:term":[{"taxonomy":"category","embeddable":true,"href":"https:\/\/sandzakpress.net\/arhiva\/wp-json\/wp\/v2\/categories?post=157848"},{"taxonomy":"post_tag","embeddable":true,"href":"https:\/\/sandzakpress.net\/arhiva\/wp-json\/wp\/v2\/tags?post=157848"}],"curies":[{"name":"wp","href":"https:\/\/api.w.org\/{rel}","templated":true}]}}