{"id":15777,"date":"2011-05-02T20:13:32","date_gmt":"2011-05-02T18:13:32","guid":{"rendered":"https:\/\/sandzakpress.net\/arhiva\/?p=15777"},"modified":"2011-05-03T13:19:40","modified_gmt":"2011-05-03T11:19:40","slug":"ubijen-osama-bin-laden","status":"publish","type":"post","link":"https:\/\/sandzakpress.net\/arhiva\/ubijen-osama-bin-laden\/","title":{"rendered":"Ubijen Osama bin Laden?"},"content":{"rendered":"<p><strong><a href=\"https:\/\/sandzakpress.net\/arhiva\/wp-content\/uploads\/2011\/05\/9f7380a2189d6565c2092ef11d7c5057.jpg\"><img loading=\"lazy\" decoding=\"async\" class=\"alignleft size-full wp-image-15778\" src=\"https:\/\/sandzakpress.net\/arhiva\/wp-content\/uploads\/2011\/05\/9f7380a2189d6565c2092ef11d7c5057.jpg\" alt=\"\" width=\"180\" height=\"220\" \/><\/a>SAD,\u00a0 Pakistan &#8211; Vo\u0111a najzloglasnije teroristi\u010dke organizacije al Kaide, ubijen je u  Pakistanu, objavio je ameri\u010dki predsjednik Barack Obama. Ubile su ga  ameri\u010dke snage koje su navodno u posjedu njegovog tijela.<\/strong><\/p>\n<p>Vlasti SAD-a su potvrdile da su Osamu bin Ladena, i \u010dlanove njegove  porodice, ubile ameri\u010dke vojne snage na jednom imanju nedaleko \u00a0od  pakistanskog grada Islamabada. Kako javlja CNN, vlasti SAD-a imaju  tijelo najtra\u017eenijeg svjetskog bjegunca. Ostali detalji oko njegove  smrti jo\u0161 nisu poznati.<\/p>\n<p>\u201eBin Laden nije muslimanski \u010delnik\u201c<br \/>\nVijest je objavio sam predsjednik Obama u  kratkom obra\u0107anju naciji iz Bijele ku\u0107e. SAD sa saveznicima traga za bin  Ladenom od kraja 2001., otkako je nestao u Afganistanu. Predsjednik  Obama je u svom saop\u0107enju\u00a0 rekao da bin Laden nije bio muslimanski  \u010delnik, ve\u0107 &#8220;masovni ubojica muslimana&#8221;. U kratkoj izjavi ameri\u010dki  predsjednik je napomenuo da je Osama bin Laden lociran uz pomo\u0107  pakistanske obavje\u0161tajne slu\u017ebe. Bildunterschrift: Vijest o smrti vo\u0111e  Al Kaide saop\u0107io je ameri\u010dki predsjednik Barack Obama<\/p>\n<p>Bin Laden je broj jedan na top listi najtra\u017eenijih bjegunaca  ameri\u010dkih vlasti. Kao osniva\u010da i vo\u0111u al Kaide, organizacije koja stoji  iza napada 11. septembra 2001. na tornjeve blizance Svjetskog trgova\u010dkog  centra i Pentagon, SAD ga smatraju odgovornim za smrt vi\u0161e od 3.000  ljudi samo u tom napadu, kao i za brojne druge napade i zlodjela \u0161irom  svijeta.<\/p>\n<p>BBC navodi kako je smrt bin Ladena velik udarac za teroristi\u010dku  mre\u017eu, no i kako bi ona mogla dovesti do napada iz osvete. Na prve  informacije o ovom doga\u0111aju\u00a0 gra\u0111ani su se po\u010deli okupljati ispred  Bijele ku\u0107e, usklikuju\u0107i &#8216;USA, USA.&#8217;<\/p>\n<p>Na internetu kru\u017ee navodi o fotomonta\u017ei tijela Bin Ladenove fotografije :<\/p>\n<p><a href=\"https:\/\/sandzakpress.net\/arhiva\/wp-content\/uploads\/2011\/05\/binladenmontaza.jpg\"><img loading=\"lazy\" decoding=\"async\" class=\"aligncenter size-full wp-image-15784\" title=\"binladenmontaza\" src=\"https:\/\/sandzakpress.net\/arhiva\/wp-content\/uploads\/2011\/05\/binladenmontaza.jpg\" alt=\"\" width=\"400\" height=\"170\" \/><\/a><\/p>\n<p>Izvor: <strong>IslamBosna.ba<\/strong><\/p>\n","protected":false},"excerpt":{"rendered":"<p>SAD,\u00a0 Pakistan &#8211; Vo\u0111a najzloglasnije teroristi\u010dke organizacije al Kaide, ubijen je u Pakistanu, objavio je ameri\u010dki predsjednik Barack Obama. Ubile su ga ameri\u010dke snage koje su navodno u posjedu njegovog tijela. Vlasti SAD-a su potvrdile da su Osamu bin Ladena, i \u010dlanove njegove porodice, ubile ameri\u010dke vojne snage na jednom imanju nedaleko \u00a0od pakistanskog grada [&hellip;]<\/p>\n","protected":false},"author":13,"featured_media":15778,"comment_status":"closed","ping_status":"open","sticky":false,"template":"","format":"standard","meta":{"footnotes":""},"categories":[9],"tags":[],"class_list":{"0":"post-15777","1":"post","2":"type-post","3":"status-publish","4":"format-standard","5":"has-post-thumbnail","7":"category-svijet"},"yoast_head":"<!-- This site is optimized with the Yoast SEO Premium plugin v23.1 (Yoast SEO v24.9) - https:\/\/yoast.com\/wordpress\/plugins\/seo\/ -->\n<title>Ubijen Osama bin Laden?<\/title>\n<meta name=\"robots\" content=\"index, follow, max-snippet:-1, max-image-preview:large, max-video-preview:-1\" \/>\n<link rel=\"canonical\" href=\"https:\/\/sandzakpress.net\/arhiva\/ubijen-osama-bin-laden\/\" \/>\n<meta property=\"og:locale\" content=\"bs_BA\" \/>\n<meta property=\"og:type\" content=\"article\" \/>\n<meta property=\"og:title\" content=\"Ubijen Osama bin Laden?\" \/>\n<meta property=\"og:description\" content=\"SAD,\u00a0 Pakistan &#8211; Vo\u0111a najzloglasnije teroristi\u010dke organizacije al Kaide, ubijen je u Pakistanu, objavio je ameri\u010dki predsjednik Barack Obama. Ubile su ga ameri\u010dke snage koje su navodno u posjedu njegovog tijela. Vlasti SAD-a su potvrdile da su Osamu bin Ladena, i \u010dlanove njegove porodice, ubile ameri\u010dke vojne snage na jednom imanju nedaleko \u00a0od pakistanskog grada [&hellip;]\" \/>\n<meta property=\"og:url\" content=\"https:\/\/sandzakpress.net\/arhiva\/ubijen-osama-bin-laden\/\" \/>\n<meta property=\"og:site_name\" content=\"Sand\u017eak PRESS\" \/>\n<meta property=\"article:published_time\" content=\"2011-05-02T18:13:32+00:00\" \/>\n<meta property=\"article:modified_time\" content=\"2011-05-03T11:19:40+00:00\" \/>\n<meta property=\"og:image\" content=\"https:\/\/sandzakpress.net\/arhiva\/wp-content\/uploads\/2011\/05\/9f7380a2189d6565c2092ef11d7c5057.jpg\" \/>\n\t<meta property=\"og:image:width\" content=\"180\" \/>\n\t<meta property=\"og:image:height\" content=\"220\" \/>\n\t<meta property=\"og:image:type\" content=\"image\/jpeg\" \/>\n<meta name=\"twitter:card\" content=\"summary_large_image\" \/>\n<meta name=\"twitter:label1\" content=\"Written by\" \/>\n\t<meta name=\"twitter:data1\" content=\"\" \/>\n\t<meta name=\"twitter:label2\" content=\"Est. reading time\" \/>\n\t<meta name=\"twitter:data2\" content=\"1 minuta\" \/>\n<script type=\"application\/ld+json\" class=\"yoast-schema-graph\">{\"@context\":\"https:\/\/schema.org\",\"@graph\":[{\"@type\":\"Article\",\"@id\":\"https:\/\/sandzakpress.net\/arhiva\/ubijen-osama-bin-laden\/#article\",\"isPartOf\":{\"@id\":\"https:\/\/sandzakpress.net\/arhiva\/ubijen-osama-bin-laden\/\"},\"author\":{\"name\":\"\",\"@id\":\"\"},\"headline\":\"Ubijen Osama bin Laden?\",\"datePublished\":\"2011-05-02T18:13:32+00:00\",\"dateModified\":\"2011-05-03T11:19:40+00:00\",\"mainEntityOfPage\":{\"@id\":\"https:\/\/sandzakpress.net\/arhiva\/ubijen-osama-bin-laden\/\"},\"wordCount\":297,\"publisher\":{\"@id\":\"https:\/\/sandzakpress.net\/arhiva\/#\/schema\/person\/6e72b67d6e51910a1117b3b483ba20bd\"},\"image\":{\"@id\":\"https:\/\/sandzakpress.net\/arhiva\/ubijen-osama-bin-laden\/#primaryimage\"},\"thumbnailUrl\":\"https:\/\/sandzakpress.net\/arhiva\/wp-content\/uploads\/2011\/05\/9f7380a2189d6565c2092ef11d7c5057.jpg\",\"articleSection\":[\"Svijet\"],\"inLanguage\":\"bs-BA\"},{\"@type\":\"WebPage\",\"@id\":\"https:\/\/sandzakpress.net\/arhiva\/ubijen-osama-bin-laden\/\",\"url\":\"https:\/\/sandzakpress.net\/arhiva\/ubijen-osama-bin-laden\/\",\"name\":\"Ubijen Osama bin Laden?\",\"isPartOf\":{\"@id\":\"https:\/\/sandzakpress.net\/arhiva\/#website\"},\"primaryImageOfPage\":{\"@id\":\"https:\/\/sandzakpress.net\/arhiva\/ubijen-osama-bin-laden\/#primaryimage\"},\"image\":{\"@id\":\"https:\/\/sandzakpress.net\/arhiva\/ubijen-osama-bin-laden\/#primaryimage\"},\"thumbnailUrl\":\"https:\/\/sandzakpress.net\/arhiva\/wp-content\/uploads\/2011\/05\/9f7380a2189d6565c2092ef11d7c5057.jpg\",\"datePublished\":\"2011-05-02T18:13:32+00:00\",\"dateModified\":\"2011-05-03T11:19:40+00:00\",\"breadcrumb\":{\"@id\":\"https:\/\/sandzakpress.net\/arhiva\/ubijen-osama-bin-laden\/#breadcrumb\"},\"inLanguage\":\"bs-BA\",\"potentialAction\":[{\"@type\":\"ReadAction\",\"target\":[\"https:\/\/sandzakpress.net\/arhiva\/ubijen-osama-bin-laden\/\"]}]},{\"@type\":\"ImageObject\",\"inLanguage\":\"bs-BA\",\"@id\":\"https:\/\/sandzakpress.net\/arhiva\/ubijen-osama-bin-laden\/#primaryimage\",\"url\":\"https:\/\/sandzakpress.net\/arhiva\/wp-content\/uploads\/2011\/05\/9f7380a2189d6565c2092ef11d7c5057.jpg\",\"contentUrl\":\"https:\/\/sandzakpress.net\/arhiva\/wp-content\/uploads\/2011\/05\/9f7380a2189d6565c2092ef11d7c5057.jpg\",\"width\":180,\"height\":220},{\"@type\":\"BreadcrumbList\",\"@id\":\"https:\/\/sandzakpress.net\/arhiva\/ubijen-osama-bin-laden\/#breadcrumb\",\"itemListElement\":[{\"@type\":\"ListItem\",\"position\":1,\"name\":\"Home\",\"item\":\"https:\/\/sandzakpress.net\/arhiva\/\"},{\"@type\":\"ListItem\",\"position\":2,\"name\":\"Ubijen Osama bin Laden?\"}]},{\"@type\":\"WebSite\",\"@id\":\"https:\/\/sandzakpress.net\/arhiva\/#website\",\"url\":\"https:\/\/sandzakpress.net\/arhiva\/\",\"name\":\"Sand\u017eak PRESS\",\"description\":\"Prve elektronske novine u Sand\u017eaku\",\"publisher\":{\"@id\":\"https:\/\/sandzakpress.net\/arhiva\/#\/schema\/person\/6e72b67d6e51910a1117b3b483ba20bd\"},\"potentialAction\":[{\"@type\":\"SearchAction\",\"target\":{\"@type\":\"EntryPoint\",\"urlTemplate\":\"https:\/\/sandzakpress.net\/arhiva\/?s={search_term_string}\"},\"query-input\":{\"@type\":\"PropertyValueSpecification\",\"valueRequired\":true,\"valueName\":\"search_term_string\"}}],\"inLanguage\":\"bs-BA\"},{\"@type\":[\"Person\",\"Organization\"],\"@id\":\"https:\/\/sandzakpress.net\/arhiva\/#\/schema\/person\/6e72b67d6e51910a1117b3b483ba20bd\",\"name\":\"Kul\",\"image\":{\"@type\":\"ImageObject\",\"inLanguage\":\"bs-BA\",\"@id\":\"https:\/\/sandzakpress.net\/arhiva\/#\/schema\/person\/image\/\",\"url\":\"https:\/\/secure.gravatar.com\/avatar\/42263f39aa27ac04c43cab85c280eb2e?s=96&d=mm&r=pg\",\"contentUrl\":\"https:\/\/secure.gravatar.com\/avatar\/42263f39aa27ac04c43cab85c280eb2e?s=96&d=mm&r=pg\",\"caption\":\"Kul\"},\"logo\":{\"@id\":\"https:\/\/sandzakpress.net\/arhiva\/#\/schema\/person\/image\/\"}},{\"@type\":\"Person\",\"@id\":\"\",\"url\":\"https:\/\/sandzakpress.net\/arhiva\/author\/\"}]}<\/script>\n<!-- \/ Yoast SEO Premium plugin. -->","yoast_head_json":{"title":"Ubijen Osama bin Laden?","robots":{"index":"index","follow":"follow","max-snippet":"max-snippet:-1","max-image-preview":"max-image-preview:large","max-video-preview":"max-video-preview:-1"},"canonical":"https:\/\/sandzakpress.net\/arhiva\/ubijen-osama-bin-laden\/","og_locale":"bs_BA","og_type":"article","og_title":"Ubijen Osama bin Laden?","og_description":"SAD,\u00a0 Pakistan &#8211; Vo\u0111a najzloglasnije teroristi\u010dke organizacije al Kaide, ubijen je u Pakistanu, objavio je ameri\u010dki predsjednik Barack Obama. Ubile su ga ameri\u010dke snage koje su navodno u posjedu njegovog tijela. Vlasti SAD-a su potvrdile da su Osamu bin Ladena, i \u010dlanove njegove porodice, ubile ameri\u010dke vojne snage na jednom imanju nedaleko \u00a0od pakistanskog grada [&hellip;]","og_url":"https:\/\/sandzakpress.net\/arhiva\/ubijen-osama-bin-laden\/","og_site_name":"Sand\u017eak PRESS","article_published_time":"2011-05-02T18:13:32+00:00","article_modified_time":"2011-05-03T11:19:40+00:00","og_image":[{"width":180,"height":220,"url":"https:\/\/sandzakpress.net\/arhiva\/wp-content\/uploads\/2011\/05\/9f7380a2189d6565c2092ef11d7c5057.jpg","type":"image\/jpeg"}],"twitter_card":"summary_large_image","twitter_misc":{"Written by":"","Est. reading time":"1 minuta"},"schema":{"@context":"https:\/\/schema.org","@graph":[{"@type":"Article","@id":"https:\/\/sandzakpress.net\/arhiva\/ubijen-osama-bin-laden\/#article","isPartOf":{"@id":"https:\/\/sandzakpress.net\/arhiva\/ubijen-osama-bin-laden\/"},"author":{"name":"","@id":""},"headline":"Ubijen Osama bin Laden?","datePublished":"2011-05-02T18:13:32+00:00","dateModified":"2011-05-03T11:19:40+00:00","mainEntityOfPage":{"@id":"https:\/\/sandzakpress.net\/arhiva\/ubijen-osama-bin-laden\/"},"wordCount":297,"publisher":{"@id":"https:\/\/sandzakpress.net\/arhiva\/#\/schema\/person\/6e72b67d6e51910a1117b3b483ba20bd"},"image":{"@id":"https:\/\/sandzakpress.net\/arhiva\/ubijen-osama-bin-laden\/#primaryimage"},"thumbnailUrl":"https:\/\/sandzakpress.net\/arhiva\/wp-content\/uploads\/2011\/05\/9f7380a2189d6565c2092ef11d7c5057.jpg","articleSection":["Svijet"],"inLanguage":"bs-BA"},{"@type":"WebPage","@id":"https:\/\/sandzakpress.net\/arhiva\/ubijen-osama-bin-laden\/","url":"https:\/\/sandzakpress.net\/arhiva\/ubijen-osama-bin-laden\/","name":"Ubijen Osama bin Laden?","isPartOf":{"@id":"https:\/\/sandzakpress.net\/arhiva\/#website"},"primaryImageOfPage":{"@id":"https:\/\/sandzakpress.net\/arhiva\/ubijen-osama-bin-laden\/#primaryimage"},"image":{"@id":"https:\/\/sandzakpress.net\/arhiva\/ubijen-osama-bin-laden\/#primaryimage"},"thumbnailUrl":"https:\/\/sandzakpress.net\/arhiva\/wp-content\/uploads\/2011\/05\/9f7380a2189d6565c2092ef11d7c5057.jpg","datePublished":"2011-05-02T18:13:32+00:00","dateModified":"2011-05-03T11:19:40+00:00","breadcrumb":{"@id":"https:\/\/sandzakpress.net\/arhiva\/ubijen-osama-bin-laden\/#breadcrumb"},"inLanguage":"bs-BA","potentialAction":[{"@type":"ReadAction","target":["https:\/\/sandzakpress.net\/arhiva\/ubijen-osama-bin-laden\/"]}]},{"@type":"ImageObject","inLanguage":"bs-BA","@id":"https:\/\/sandzakpress.net\/arhiva\/ubijen-osama-bin-laden\/#primaryimage","url":"https:\/\/sandzakpress.net\/arhiva\/wp-content\/uploads\/2011\/05\/9f7380a2189d6565c2092ef11d7c5057.jpg","contentUrl":"https:\/\/sandzakpress.net\/arhiva\/wp-content\/uploads\/2011\/05\/9f7380a2189d6565c2092ef11d7c5057.jpg","width":180,"height":220},{"@type":"BreadcrumbList","@id":"https:\/\/sandzakpress.net\/arhiva\/ubijen-osama-bin-laden\/#breadcrumb","itemListElement":[{"@type":"ListItem","position":1,"name":"Home","item":"https:\/\/sandzakpress.net\/arhiva\/"},{"@type":"ListItem","position":2,"name":"Ubijen Osama bin Laden?"}]},{"@type":"WebSite","@id":"https:\/\/sandzakpress.net\/arhiva\/#website","url":"https:\/\/sandzakpress.net\/arhiva\/","name":"Sand\u017eak PRESS","description":"Prve elektronske novine u Sand\u017eaku","publisher":{"@id":"https:\/\/sandzakpress.net\/arhiva\/#\/schema\/person\/6e72b67d6e51910a1117b3b483ba20bd"},"potentialAction":[{"@type":"SearchAction","target":{"@type":"EntryPoint","urlTemplate":"https:\/\/sandzakpress.net\/arhiva\/?s={search_term_string}"},"query-input":{"@type":"PropertyValueSpecification","valueRequired":true,"valueName":"search_term_string"}}],"inLanguage":"bs-BA"},{"@type":["Person","Organization"],"@id":"https:\/\/sandzakpress.net\/arhiva\/#\/schema\/person\/6e72b67d6e51910a1117b3b483ba20bd","name":"Kul","image":{"@type":"ImageObject","inLanguage":"bs-BA","@id":"https:\/\/sandzakpress.net\/arhiva\/#\/schema\/person\/image\/","url":"https:\/\/secure.gravatar.com\/avatar\/42263f39aa27ac04c43cab85c280eb2e?s=96&d=mm&r=pg","contentUrl":"https:\/\/secure.gravatar.com\/avatar\/42263f39aa27ac04c43cab85c280eb2e?s=96&d=mm&r=pg","caption":"Kul"},"logo":{"@id":"https:\/\/sandzakpress.net\/arhiva\/#\/schema\/person\/image\/"}},{"@type":"Person","@id":"","url":"https:\/\/sandzakpress.net\/arhiva\/author\/"}]}},"_links":{"self":[{"href":"https:\/\/sandzakpress.net\/arhiva\/wp-json\/wp\/v2\/posts\/15777"}],"collection":[{"href":"https:\/\/sandzakpress.net\/arhiva\/wp-json\/wp\/v2\/posts"}],"about":[{"href":"https:\/\/sandzakpress.net\/arhiva\/wp-json\/wp\/v2\/types\/post"}],"author":[{"embeddable":true,"href":"https:\/\/sandzakpress.net\/arhiva\/wp-json\/wp\/v2\/users\/13"}],"replies":[{"embeddable":true,"href":"https:\/\/sandzakpress.net\/arhiva\/wp-json\/wp\/v2\/comments?post=15777"}],"version-history":[{"count":0,"href":"https:\/\/sandzakpress.net\/arhiva\/wp-json\/wp\/v2\/posts\/15777\/revisions"}],"wp:featuredmedia":[{"embeddable":true,"href":"https:\/\/sandzakpress.net\/arhiva\/wp-json\/wp\/v2\/media\/15778"}],"wp:attachment":[{"href":"https:\/\/sandzakpress.net\/arhiva\/wp-json\/wp\/v2\/media?parent=15777"}],"wp:term":[{"taxonomy":"category","embeddable":true,"href":"https:\/\/sandzakpress.net\/arhiva\/wp-json\/wp\/v2\/categories?post=15777"},{"taxonomy":"post_tag","embeddable":true,"href":"https:\/\/sandzakpress.net\/arhiva\/wp-json\/wp\/v2\/tags?post=15777"}],"curies":[{"name":"wp","href":"https:\/\/api.w.org\/{rel}","templated":true}]}}