{"id":157674,"date":"2016-03-21T21:05:38","date_gmt":"2016-03-21T20:05:38","guid":{"rendered":"https:\/\/sandzakpress.net\/arhiva\/sta-mi-se-desilo-kada-sam-blokirao-facebook-i-internet-dva-dana"},"modified":"2016-03-21T21:05:38","modified_gmt":"2016-03-21T20:05:38","slug":"sta-mi-se-desilo-kada-sam-blokirao-facebook-i-internet-dva-dana","status":"publish","type":"post","link":"https:\/\/sandzakpress.net\/arhiva\/sta-mi-se-desilo-kada-sam-blokirao-facebook-i-internet-dva-dana\/","title":{"rendered":"\u0160ta mi se desilo kada sam blokirao Facebook i internet dva dana?"},"content":{"rendered":"<div class=\"itemHeader\">\n<div class=\"itemIntroText\"><strong><img loading=\"lazy\" decoding=\"async\" class=\"aligncenter\" src=\"http:\/\/www.akos.ba\/media\/k2\/items\/cache\/982152ea480f958a71dd0535d1a2a0b5_XL.jpg\" alt=\"\u0160ta mi se desilo kada sam blokirao Facebook i internet dva dana?\" width=\"614\" height=\"410\" \/><\/strong><\/div>\n<div class=\"itemIntroText\"><\/div>\n<div class=\"itemIntroText\"><strong>Mo\u017eete provesti veliki dio \u017eivota gube\u0107i vrijeme na dru\u0161tvenim mre\u017eama, a onda na kraju saznati da ste mogli u\u010dinili mnogo vi\u0161e sa svojim vremenom\u2026.<\/strong><\/div>\n<\/div>\n<div class=\"horizontal\"><\/div>\n<p>Ne pretjerujem! To je ekvivalent 21. stolje\u0107a. Patiti se u fabrikama sa dosadnim poslovima, rasipati slobodno vrijeme na dru\u0161tvenim mre\u017eama, te postati previ\u0161e bolestan i slab da mo\u017ee\u0161 u\u017eivati u \u017eivotu kada jednom bude\u0161 u penziji.<\/p>\n<p>Zapravo, mislim da je ovo realna opasnost. Kad se osvrnem na to koliko sam vremena potro\u0161io na bezumnom surfanju internetom bude mi muka.<\/p>\n<p>Za mnoge ljude, dru\u0161tveni mediji i internet su postali na\u010din da pobjegnu od stvarnosti, te ga koriste kad god do\u017eive neugodne trenutke. Ta mogu\u0107nost odlaska online i izlazak iz trenutne stvarnosti zna\u010di da mo\u017eete uvijek bje\u017eati, ali nikad nigdje ne sti\u0107i. Va\u0161 \u017eivot i ljudi oko vas nikada ne\u0107e morati trpiti va\u0161u punu pa\u017enju. A to \u0107e vas ko\u0161tati na duge staze: tro\u0161ite dragocjeno vrijeme i energiju \u2013 u kona\u010dnici, tro\u0161ite svoj \u017eivot.<br \/>\nZbog toga \u0161to sam se zasitio odugovla\u010denja, toga da nikada nemam isplaniran slobodan vikend i uvijek malo vremena za svoj dru\u0161tveni \u017eivot, odlu\u010dio sam da mi je potrebno da za\u0161titim svoje vrijeme i energiju od samog sebe: Instalirao sam softver koji omogu\u0107uje da zaklju\u010dam pristup web stranicama odre\u0111enu koli\u010dinu vremena. <em>(Postoji nekoliko opcija, za sve operativne sisteme \u2013 prona\u0111ite ih na Google-u)<\/em><\/p>\n<p>Blokirao sam te web stranice jedan \u010ditav vikend i osjetio sam da sam svoj \u017eivot vratio samom sebi. Kakvo olak\u0161anje! U jednom trenutku sam preba\u010den natrag u ovdje i sada. Odjednom, moja pa\u017enja nije bila razbacana na sve strane: Nisam mislio o tome \u0161ta se doga\u0111a na dru\u0161tvenim mre\u017eama i o onim beskorisnim informacijama koje sam mogao istra\u017eivati online. \u0160okiralo me koliko sam energije i fokusa gubio na tako nebitne stvari!<\/p>\n<p>Iako sam osje\u0107ao \u017eelju da uzmem dozu dru\u0161tvenih medija u ponedjeljak ujutro kada je internet blok istekao, to je bio najbolji vikend koji sam imao ve\u0107 dugo vremena. Mnogo toga sam u\u010dinio, bio sam odmoran i opu\u0161ten, proveo sam vrijeme \u0161etaju\u0107i, posjetio sam svoju porodicu i imao vremena da razmislim o svom \u017eivotu. Bilo je tako ugodno, smisleno i nezaboravno, mnogo bolje od svih dana koje sam proveo izgubljen u beskona\u010dnom prostoru interneta.<\/p>\n<p>Da li mislite da pretjerujem? Onda sami poku\u0161ajte. Barem jedan vikend.<\/p>\n<p><strong>Za Akos.ba preveo:<\/strong> Jasmin Mujaki\u0107<\/p>\n<p>Izvor: <strong>akos.ba<\/strong><\/p>\n<p>Pogledajte vijest na izvornom sajtu:<\/p>\n<p><a href=\"http:\/\/islampress.net\/dijeli\/sta-mi-se-desilo-kada-sam-blokirao-facebook-i-internet-dva-dana\" target=\"_blank\">\u0160ta mi se desilo kada sam blokirao Facebook i internet dva dana?<\/a><\/p>\n","protected":false},"excerpt":{"rendered":"<p>Mo\u017eete provesti veliki dio \u017eivota gube\u0107i vrijeme na dru\u0161tvenim mre\u017eama, a onda na kraju saznati da ste mogli u\u010dinili mnogo vi\u0161e sa svojim vremenom\u2026. Ne pretjerujem! To je ekvivalent 21. stolje\u0107a. Patiti se u fabrikama sa dosadnim poslovima, rasipati slobodno vrijeme na dru\u0161tvenim mre\u017eama, te postati previ\u0161e bolestan i slab da mo\u017ee\u0161 u\u017eivati u \u017eivotu [&hellip;]<\/p>\n","protected":false},"author":83,"featured_media":157676,"comment_status":"open","ping_status":"open","sticky":false,"template":"","format":"standard","meta":{"footnotes":""},"categories":[10514],"tags":[10516],"class_list":{"0":"post-157674","1":"post","2":"type-post","3":"status-publish","4":"format-standard","5":"has-post-thumbnail","7":"category-islam-press","8":"tag-islam"},"yoast_head":"<!-- This site is optimized with the Yoast SEO Premium plugin v23.1 (Yoast SEO v24.9) - https:\/\/yoast.com\/wordpress\/plugins\/seo\/ -->\n<title>\u0160ta mi se desilo kada sam blokirao Facebook i internet dva dana?<\/title>\n<meta name=\"robots\" content=\"index, follow, max-snippet:-1, max-image-preview:large, max-video-preview:-1\" \/>\n<link rel=\"canonical\" href=\"https:\/\/sandzakpress.net\/arhiva\/sta-mi-se-desilo-kada-sam-blokirao-facebook-i-internet-dva-dana\/\" \/>\n<meta property=\"og:locale\" content=\"bs_BA\" \/>\n<meta property=\"og:type\" content=\"article\" \/>\n<meta property=\"og:title\" content=\"\u0160ta mi se desilo kada sam blokirao Facebook i internet dva dana?\" \/>\n<meta property=\"og:description\" content=\"Mo\u017eete provesti veliki dio \u017eivota gube\u0107i vrijeme na dru\u0161tvenim mre\u017eama, a onda na kraju saznati da ste mogli u\u010dinili mnogo vi\u0161e sa svojim vremenom\u2026. Ne pretjerujem! To je ekvivalent 21. stolje\u0107a. Patiti se u fabrikama sa dosadnim poslovima, rasipati slobodno vrijeme na dru\u0161tvenim mre\u017eama, te postati previ\u0161e bolestan i slab da mo\u017ee\u0161 u\u017eivati u \u017eivotu [&hellip;]\" \/>\n<meta property=\"og:url\" content=\"https:\/\/sandzakpress.net\/arhiva\/sta-mi-se-desilo-kada-sam-blokirao-facebook-i-internet-dva-dana\/\" \/>\n<meta property=\"og:site_name\" content=\"Sand\u017eak PRESS\" \/>\n<meta property=\"article:published_time\" content=\"2016-03-21T20:05:38+00:00\" \/>\n<meta property=\"og:image\" content=\"https:\/\/sandzakpress.net\/arhiva\/wp-content\/uploads\/2016\/03\/982152ea480f958a71dd0535d1a2a0b5_XL-1.jpg\" \/>\n\t<meta property=\"og:image:width\" content=\"900\" \/>\n\t<meta property=\"og:image:height\" content=\"601\" \/>\n\t<meta property=\"og:image:type\" content=\"image\/jpeg\" \/>\n<meta name=\"author\" content=\"bosniak\" \/>\n<meta name=\"twitter:card\" content=\"summary_large_image\" \/>\n<meta name=\"twitter:label1\" content=\"Written by\" \/>\n\t<meta name=\"twitter:data1\" content=\"bosniak\" \/>\n\t<meta name=\"twitter:label2\" content=\"Est. reading time\" \/>\n\t<meta name=\"twitter:data2\" content=\"2 minute\" \/>\n<script type=\"application\/ld+json\" class=\"yoast-schema-graph\">{\"@context\":\"https:\/\/schema.org\",\"@graph\":[{\"@type\":\"Article\",\"@id\":\"https:\/\/sandzakpress.net\/arhiva\/sta-mi-se-desilo-kada-sam-blokirao-facebook-i-internet-dva-dana\/#article\",\"isPartOf\":{\"@id\":\"https:\/\/sandzakpress.net\/arhiva\/sta-mi-se-desilo-kada-sam-blokirao-facebook-i-internet-dva-dana\/\"},\"author\":{\"name\":\"bosniak\",\"@id\":\"https:\/\/sandzakpress.net\/arhiva\/#\/schema\/person\/c8baee722073534b583ea7bdb2e36c02\"},\"headline\":\"\u0160ta mi se desilo kada sam blokirao Facebook i internet dva dana?\",\"datePublished\":\"2016-03-21T20:05:38+00:00\",\"mainEntityOfPage\":{\"@id\":\"https:\/\/sandzakpress.net\/arhiva\/sta-mi-se-desilo-kada-sam-blokirao-facebook-i-internet-dva-dana\/\"},\"wordCount\":459,\"commentCount\":0,\"publisher\":{\"@id\":\"https:\/\/sandzakpress.net\/arhiva\/#\/schema\/person\/6e72b67d6e51910a1117b3b483ba20bd\"},\"image\":{\"@id\":\"https:\/\/sandzakpress.net\/arhiva\/sta-mi-se-desilo-kada-sam-blokirao-facebook-i-internet-dva-dana\/#primaryimage\"},\"thumbnailUrl\":\"https:\/\/sandzakpress.net\/arhiva\/wp-content\/uploads\/2016\/03\/982152ea480f958a71dd0535d1a2a0b5_XL-1.jpg\",\"keywords\":[\"Islam\"],\"articleSection\":[\"Islam PRESS\"],\"inLanguage\":\"bs-BA\",\"potentialAction\":[{\"@type\":\"CommentAction\",\"name\":\"Comment\",\"target\":[\"https:\/\/sandzakpress.net\/arhiva\/sta-mi-se-desilo-kada-sam-blokirao-facebook-i-internet-dva-dana\/#respond\"]}]},{\"@type\":\"WebPage\",\"@id\":\"https:\/\/sandzakpress.net\/arhiva\/sta-mi-se-desilo-kada-sam-blokirao-facebook-i-internet-dva-dana\/\",\"url\":\"https:\/\/sandzakpress.net\/arhiva\/sta-mi-se-desilo-kada-sam-blokirao-facebook-i-internet-dva-dana\/\",\"name\":\"\u0160ta mi se desilo kada sam blokirao Facebook i internet dva dana?\",\"isPartOf\":{\"@id\":\"https:\/\/sandzakpress.net\/arhiva\/#website\"},\"primaryImageOfPage\":{\"@id\":\"https:\/\/sandzakpress.net\/arhiva\/sta-mi-se-desilo-kada-sam-blokirao-facebook-i-internet-dva-dana\/#primaryimage\"},\"image\":{\"@id\":\"https:\/\/sandzakpress.net\/arhiva\/sta-mi-se-desilo-kada-sam-blokirao-facebook-i-internet-dva-dana\/#primaryimage\"},\"thumbnailUrl\":\"https:\/\/sandzakpress.net\/arhiva\/wp-content\/uploads\/2016\/03\/982152ea480f958a71dd0535d1a2a0b5_XL-1.jpg\",\"datePublished\":\"2016-03-21T20:05:38+00:00\",\"breadcrumb\":{\"@id\":\"https:\/\/sandzakpress.net\/arhiva\/sta-mi-se-desilo-kada-sam-blokirao-facebook-i-internet-dva-dana\/#breadcrumb\"},\"inLanguage\":\"bs-BA\",\"potentialAction\":[{\"@type\":\"ReadAction\",\"target\":[\"https:\/\/sandzakpress.net\/arhiva\/sta-mi-se-desilo-kada-sam-blokirao-facebook-i-internet-dva-dana\/\"]}]},{\"@type\":\"ImageObject\",\"inLanguage\":\"bs-BA\",\"@id\":\"https:\/\/sandzakpress.net\/arhiva\/sta-mi-se-desilo-kada-sam-blokirao-facebook-i-internet-dva-dana\/#primaryimage\",\"url\":\"https:\/\/sandzakpress.net\/arhiva\/wp-content\/uploads\/2016\/03\/982152ea480f958a71dd0535d1a2a0b5_XL-1.jpg\",\"contentUrl\":\"https:\/\/sandzakpress.net\/arhiva\/wp-content\/uploads\/2016\/03\/982152ea480f958a71dd0535d1a2a0b5_XL-1.jpg\",\"width\":900,\"height\":601},{\"@type\":\"BreadcrumbList\",\"@id\":\"https:\/\/sandzakpress.net\/arhiva\/sta-mi-se-desilo-kada-sam-blokirao-facebook-i-internet-dva-dana\/#breadcrumb\",\"itemListElement\":[{\"@type\":\"ListItem\",\"position\":1,\"name\":\"Home\",\"item\":\"https:\/\/sandzakpress.net\/arhiva\/\"},{\"@type\":\"ListItem\",\"position\":2,\"name\":\"\u0160ta mi se desilo kada sam blokirao Facebook i internet dva dana?\"}]},{\"@type\":\"WebSite\",\"@id\":\"https:\/\/sandzakpress.net\/arhiva\/#website\",\"url\":\"https:\/\/sandzakpress.net\/arhiva\/\",\"name\":\"Sand\u017eak PRESS\",\"description\":\"Prve elektronske novine u Sand\u017eaku\",\"publisher\":{\"@id\":\"https:\/\/sandzakpress.net\/arhiva\/#\/schema\/person\/6e72b67d6e51910a1117b3b483ba20bd\"},\"potentialAction\":[{\"@type\":\"SearchAction\",\"target\":{\"@type\":\"EntryPoint\",\"urlTemplate\":\"https:\/\/sandzakpress.net\/arhiva\/?s={search_term_string}\"},\"query-input\":{\"@type\":\"PropertyValueSpecification\",\"valueRequired\":true,\"valueName\":\"search_term_string\"}}],\"inLanguage\":\"bs-BA\"},{\"@type\":[\"Person\",\"Organization\"],\"@id\":\"https:\/\/sandzakpress.net\/arhiva\/#\/schema\/person\/6e72b67d6e51910a1117b3b483ba20bd\",\"name\":\"Kul\",\"image\":{\"@type\":\"ImageObject\",\"inLanguage\":\"bs-BA\",\"@id\":\"https:\/\/sandzakpress.net\/arhiva\/#\/schema\/person\/image\/\",\"url\":\"https:\/\/secure.gravatar.com\/avatar\/42263f39aa27ac04c43cab85c280eb2e?s=96&d=mm&r=pg\",\"contentUrl\":\"https:\/\/secure.gravatar.com\/avatar\/42263f39aa27ac04c43cab85c280eb2e?s=96&d=mm&r=pg\",\"caption\":\"Kul\"},\"logo\":{\"@id\":\"https:\/\/sandzakpress.net\/arhiva\/#\/schema\/person\/image\/\"}},{\"@type\":\"Person\",\"@id\":\"https:\/\/sandzakpress.net\/arhiva\/#\/schema\/person\/c8baee722073534b583ea7bdb2e36c02\",\"name\":\"bosniak\",\"image\":{\"@type\":\"ImageObject\",\"inLanguage\":\"bs-BA\",\"@id\":\"https:\/\/sandzakpress.net\/arhiva\/#\/schema\/person\/image\/\",\"url\":\"https:\/\/secure.gravatar.com\/avatar\/a04fd330bfe3a36a72a0ad4a6d89fca7?s=96&d=mm&r=pg\",\"contentUrl\":\"https:\/\/secure.gravatar.com\/avatar\/a04fd330bfe3a36a72a0ad4a6d89fca7?s=96&d=mm&r=pg\",\"caption\":\"bosniak\"},\"url\":\"https:\/\/sandzakpress.net\/arhiva\/author\/bosniak\/\"}]}<\/script>\n<!-- \/ Yoast SEO Premium plugin. -->","yoast_head_json":{"title":"\u0160ta mi se desilo kada sam blokirao Facebook i internet dva dana?","robots":{"index":"index","follow":"follow","max-snippet":"max-snippet:-1","max-image-preview":"max-image-preview:large","max-video-preview":"max-video-preview:-1"},"canonical":"https:\/\/sandzakpress.net\/arhiva\/sta-mi-se-desilo-kada-sam-blokirao-facebook-i-internet-dva-dana\/","og_locale":"bs_BA","og_type":"article","og_title":"\u0160ta mi se desilo kada sam blokirao Facebook i internet dva dana?","og_description":"Mo\u017eete provesti veliki dio \u017eivota gube\u0107i vrijeme na dru\u0161tvenim mre\u017eama, a onda na kraju saznati da ste mogli u\u010dinili mnogo vi\u0161e sa svojim vremenom\u2026. Ne pretjerujem! To je ekvivalent 21. stolje\u0107a. Patiti se u fabrikama sa dosadnim poslovima, rasipati slobodno vrijeme na dru\u0161tvenim mre\u017eama, te postati previ\u0161e bolestan i slab da mo\u017ee\u0161 u\u017eivati u \u017eivotu [&hellip;]","og_url":"https:\/\/sandzakpress.net\/arhiva\/sta-mi-se-desilo-kada-sam-blokirao-facebook-i-internet-dva-dana\/","og_site_name":"Sand\u017eak PRESS","article_published_time":"2016-03-21T20:05:38+00:00","og_image":[{"width":900,"height":601,"url":"https:\/\/sandzakpress.net\/arhiva\/wp-content\/uploads\/2016\/03\/982152ea480f958a71dd0535d1a2a0b5_XL-1.jpg","type":"image\/jpeg"}],"author":"bosniak","twitter_card":"summary_large_image","twitter_misc":{"Written by":"bosniak","Est. reading time":"2 minute"},"schema":{"@context":"https:\/\/schema.org","@graph":[{"@type":"Article","@id":"https:\/\/sandzakpress.net\/arhiva\/sta-mi-se-desilo-kada-sam-blokirao-facebook-i-internet-dva-dana\/#article","isPartOf":{"@id":"https:\/\/sandzakpress.net\/arhiva\/sta-mi-se-desilo-kada-sam-blokirao-facebook-i-internet-dva-dana\/"},"author":{"name":"bosniak","@id":"https:\/\/sandzakpress.net\/arhiva\/#\/schema\/person\/c8baee722073534b583ea7bdb2e36c02"},"headline":"\u0160ta mi se desilo kada sam blokirao Facebook i internet dva dana?","datePublished":"2016-03-21T20:05:38+00:00","mainEntityOfPage":{"@id":"https:\/\/sandzakpress.net\/arhiva\/sta-mi-se-desilo-kada-sam-blokirao-facebook-i-internet-dva-dana\/"},"wordCount":459,"commentCount":0,"publisher":{"@id":"https:\/\/sandzakpress.net\/arhiva\/#\/schema\/person\/6e72b67d6e51910a1117b3b483ba20bd"},"image":{"@id":"https:\/\/sandzakpress.net\/arhiva\/sta-mi-se-desilo-kada-sam-blokirao-facebook-i-internet-dva-dana\/#primaryimage"},"thumbnailUrl":"https:\/\/sandzakpress.net\/arhiva\/wp-content\/uploads\/2016\/03\/982152ea480f958a71dd0535d1a2a0b5_XL-1.jpg","keywords":["Islam"],"articleSection":["Islam PRESS"],"inLanguage":"bs-BA","potentialAction":[{"@type":"CommentAction","name":"Comment","target":["https:\/\/sandzakpress.net\/arhiva\/sta-mi-se-desilo-kada-sam-blokirao-facebook-i-internet-dva-dana\/#respond"]}]},{"@type":"WebPage","@id":"https:\/\/sandzakpress.net\/arhiva\/sta-mi-se-desilo-kada-sam-blokirao-facebook-i-internet-dva-dana\/","url":"https:\/\/sandzakpress.net\/arhiva\/sta-mi-se-desilo-kada-sam-blokirao-facebook-i-internet-dva-dana\/","name":"\u0160ta mi se desilo kada sam blokirao Facebook i internet dva dana?","isPartOf":{"@id":"https:\/\/sandzakpress.net\/arhiva\/#website"},"primaryImageOfPage":{"@id":"https:\/\/sandzakpress.net\/arhiva\/sta-mi-se-desilo-kada-sam-blokirao-facebook-i-internet-dva-dana\/#primaryimage"},"image":{"@id":"https:\/\/sandzakpress.net\/arhiva\/sta-mi-se-desilo-kada-sam-blokirao-facebook-i-internet-dva-dana\/#primaryimage"},"thumbnailUrl":"https:\/\/sandzakpress.net\/arhiva\/wp-content\/uploads\/2016\/03\/982152ea480f958a71dd0535d1a2a0b5_XL-1.jpg","datePublished":"2016-03-21T20:05:38+00:00","breadcrumb":{"@id":"https:\/\/sandzakpress.net\/arhiva\/sta-mi-se-desilo-kada-sam-blokirao-facebook-i-internet-dva-dana\/#breadcrumb"},"inLanguage":"bs-BA","potentialAction":[{"@type":"ReadAction","target":["https:\/\/sandzakpress.net\/arhiva\/sta-mi-se-desilo-kada-sam-blokirao-facebook-i-internet-dva-dana\/"]}]},{"@type":"ImageObject","inLanguage":"bs-BA","@id":"https:\/\/sandzakpress.net\/arhiva\/sta-mi-se-desilo-kada-sam-blokirao-facebook-i-internet-dva-dana\/#primaryimage","url":"https:\/\/sandzakpress.net\/arhiva\/wp-content\/uploads\/2016\/03\/982152ea480f958a71dd0535d1a2a0b5_XL-1.jpg","contentUrl":"https:\/\/sandzakpress.net\/arhiva\/wp-content\/uploads\/2016\/03\/982152ea480f958a71dd0535d1a2a0b5_XL-1.jpg","width":900,"height":601},{"@type":"BreadcrumbList","@id":"https:\/\/sandzakpress.net\/arhiva\/sta-mi-se-desilo-kada-sam-blokirao-facebook-i-internet-dva-dana\/#breadcrumb","itemListElement":[{"@type":"ListItem","position":1,"name":"Home","item":"https:\/\/sandzakpress.net\/arhiva\/"},{"@type":"ListItem","position":2,"name":"\u0160ta mi se desilo kada sam blokirao Facebook i internet dva dana?"}]},{"@type":"WebSite","@id":"https:\/\/sandzakpress.net\/arhiva\/#website","url":"https:\/\/sandzakpress.net\/arhiva\/","name":"Sand\u017eak PRESS","description":"Prve elektronske novine u Sand\u017eaku","publisher":{"@id":"https:\/\/sandzakpress.net\/arhiva\/#\/schema\/person\/6e72b67d6e51910a1117b3b483ba20bd"},"potentialAction":[{"@type":"SearchAction","target":{"@type":"EntryPoint","urlTemplate":"https:\/\/sandzakpress.net\/arhiva\/?s={search_term_string}"},"query-input":{"@type":"PropertyValueSpecification","valueRequired":true,"valueName":"search_term_string"}}],"inLanguage":"bs-BA"},{"@type":["Person","Organization"],"@id":"https:\/\/sandzakpress.net\/arhiva\/#\/schema\/person\/6e72b67d6e51910a1117b3b483ba20bd","name":"Kul","image":{"@type":"ImageObject","inLanguage":"bs-BA","@id":"https:\/\/sandzakpress.net\/arhiva\/#\/schema\/person\/image\/","url":"https:\/\/secure.gravatar.com\/avatar\/42263f39aa27ac04c43cab85c280eb2e?s=96&d=mm&r=pg","contentUrl":"https:\/\/secure.gravatar.com\/avatar\/42263f39aa27ac04c43cab85c280eb2e?s=96&d=mm&r=pg","caption":"Kul"},"logo":{"@id":"https:\/\/sandzakpress.net\/arhiva\/#\/schema\/person\/image\/"}},{"@type":"Person","@id":"https:\/\/sandzakpress.net\/arhiva\/#\/schema\/person\/c8baee722073534b583ea7bdb2e36c02","name":"bosniak","image":{"@type":"ImageObject","inLanguage":"bs-BA","@id":"https:\/\/sandzakpress.net\/arhiva\/#\/schema\/person\/image\/","url":"https:\/\/secure.gravatar.com\/avatar\/a04fd330bfe3a36a72a0ad4a6d89fca7?s=96&d=mm&r=pg","contentUrl":"https:\/\/secure.gravatar.com\/avatar\/a04fd330bfe3a36a72a0ad4a6d89fca7?s=96&d=mm&r=pg","caption":"bosniak"},"url":"https:\/\/sandzakpress.net\/arhiva\/author\/bosniak\/"}]}},"_links":{"self":[{"href":"https:\/\/sandzakpress.net\/arhiva\/wp-json\/wp\/v2\/posts\/157674"}],"collection":[{"href":"https:\/\/sandzakpress.net\/arhiva\/wp-json\/wp\/v2\/posts"}],"about":[{"href":"https:\/\/sandzakpress.net\/arhiva\/wp-json\/wp\/v2\/types\/post"}],"author":[{"embeddable":true,"href":"https:\/\/sandzakpress.net\/arhiva\/wp-json\/wp\/v2\/users\/83"}],"replies":[{"embeddable":true,"href":"https:\/\/sandzakpress.net\/arhiva\/wp-json\/wp\/v2\/comments?post=157674"}],"version-history":[{"count":0,"href":"https:\/\/sandzakpress.net\/arhiva\/wp-json\/wp\/v2\/posts\/157674\/revisions"}],"wp:featuredmedia":[{"embeddable":true,"href":"https:\/\/sandzakpress.net\/arhiva\/wp-json\/wp\/v2\/media\/157676"}],"wp:attachment":[{"href":"https:\/\/sandzakpress.net\/arhiva\/wp-json\/wp\/v2\/media?parent=157674"}],"wp:term":[{"taxonomy":"category","embeddable":true,"href":"https:\/\/sandzakpress.net\/arhiva\/wp-json\/wp\/v2\/categories?post=157674"},{"taxonomy":"post_tag","embeddable":true,"href":"https:\/\/sandzakpress.net\/arhiva\/wp-json\/wp\/v2\/tags?post=157674"}],"curies":[{"name":"wp","href":"https:\/\/api.w.org\/{rel}","templated":true}]}}