{"id":157549,"date":"2016-03-20T11:28:38","date_gmt":"2016-03-20T10:28:38","guid":{"rendered":"https:\/\/sandzakpress.net\/arhiva\/?p=157549"},"modified":"2016-03-20T17:02:44","modified_gmt":"2016-03-20T16:02:44","slug":"za-koga-ce-sandzak-glasati-pogledajte-parlamentrane-liste-na-predstojecim-izborima","status":"publish","type":"post","link":"https:\/\/sandzakpress.net\/arhiva\/za-koga-ce-sandzak-glasati-pogledajte-parlamentrane-liste-na-predstojecim-izborima\/","title":{"rendered":"Za koga \u0107e Sand\u017eak glasati? Pogledajte parlamentarne liste na predstoje\u0107im izborima"},"content":{"rendered":"<p><img loading=\"lazy\" decoding=\"async\" class=\"aligncenter size-large wp-image-157550\" src=\"https:\/\/sandzakpress.net\/arhiva\/wp-content\/uploads\/2016\/03\/12747991_10153310369306697_2189331979832407957_o-1-616x224.jpg\" alt=\"12747991_10153310369306697_2189331979832407957_o\" width=\"600\" height=\"218\" srcset=\"https:\/\/sandzakpress.net\/arhiva\/wp-content\/uploads\/2016\/03\/12747991_10153310369306697_2189331979832407957_o-1-616x224.jpg 616w, https:\/\/sandzakpress.net\/arhiva\/wp-content\/uploads\/2016\/03\/12747991_10153310369306697_2189331979832407957_o-1-768x279.jpg 768w, https:\/\/sandzakpress.net\/arhiva\/wp-content\/uploads\/2016\/03\/12747991_10153310369306697_2189331979832407957_o-1-1400x509.jpg 1400w, https:\/\/sandzakpress.net\/arhiva\/wp-content\/uploads\/2016\/03\/12747991_10153310369306697_2189331979832407957_o-1.jpg 1791w\" sizes=\"(max-width: 600px) 100vw, 600px\" \/><\/p>\n<h4><strong><span style=\"color: #ff0000;\">Pod (1) &#8211; ALEKSANDAR VU\u010cI\u0106 &#8211; SRBIJA POBJE\u0110UJE<\/span><\/strong><\/h4>\n<p><strong>2. Rasim Ljaji\u0107<\/strong><br \/><strong>40. Muamer Ba\u010devac<\/strong><\/p>\n<h4><strong><span style=\"color: #ff0000;\">Pod (8) &#8211;\u00a0MUAMER ZUKORLI\u0106 &#8211; BDZ SAND\u017dAKA &#8211; ZA POMIRENJE<\/span><\/strong><\/h4>\n<p><strong>1.Muamer Zukorli\u0107<\/strong><br \/><strong>2.Jahja Fehratovi\u0107<\/strong><br \/><strong>3.Misala Pramenkovi\u0107<\/strong><br \/><strong>4.Samir Tandir<\/strong><br \/><strong>5.Zaim Red\u017eepovi\u0107<\/strong><br \/><strong>6.Amela Zorani\u0107<\/strong><br \/><strong>7.Admir Muratovi\u0107<\/strong><br \/><strong>8.Fadil Nik\u0161i\u0107<\/strong><br \/><strong>9.Atifa \u0160al\u0458i\u0107<\/strong><br \/><strong>10.Fahrudin Alagi\u0107<\/strong><br \/><strong>11.Kujtim Sadriu<\/strong><br \/><strong>12.Sabira Had\u017eiavdi\u0107<\/strong><br \/><strong>13.Jusuf Nukovi\u0107<\/strong><br \/><strong>14.Edin Ze\u0107irovi\u0107<\/strong><br \/><strong>15.Jasmina Nik\u0161i\u0107<\/strong><\/p>\n<p><a href=\"http:\/\/www.rik.parlament.gov.rs\/izbori-za-narodne-poslanike-2016-izborne-liste.php\">(ostale pogledajte ovdje)<\/a><\/p>\n<h4><strong><span style=\"color: #ff0000;\">Pod (10) &#8211;\u00a0SDA Sand\u017eaka &#8211; dr. Sulejman Ugljanin<\/span><\/strong><\/h4>\n<p><strong>1.Sulejman Ugljanin<\/strong><br \/><strong>2.Enis Imamovi\u0107<\/strong><br \/><strong>3.Minela Kalender<\/strong><br \/><strong>4.Bajro Gegi\u0107<\/strong><br \/><strong>5.Muhedin Fijuljanin<\/strong><br \/><strong>6.Selma D\u017einovi\u0107<\/strong><br \/><strong>7.\u0415dib Kajevi\u0107<\/strong><br \/><strong>8.Emir A\u0161\u0107eri\u0107<\/strong><br \/><strong>9.Selma Pluncevi\u0107<\/strong><br \/><strong>10.\u0160emsudin Ku\u010devi\u0107<\/strong><br \/><strong>11.Simbad \u0106elovi\u0107<\/strong><br \/><strong>12.Sabina Dazdarevi\u0107<\/strong><br \/><strong>13.Eldin Jejna<\/strong><br \/><strong>14.Mustafa Balti\u0107<\/strong><br \/><strong>15.Majida Hasanagi\u0107<\/strong><\/p>\n<p><a href=\"http:\/\/www.rik.parlament.gov.rs\/izbori-za-narodne-poslanike-2016-izborne-liste.php\">(ostale pogledajte ovdje)<\/a><\/p>\n","protected":false},"excerpt":{"rendered":"<p>Pod (1) &#8211; ALEKSANDAR VU\u010cI\u0106 &#8211; SRBIJA POBJE\u0110UJE 2. Rasim Ljaji\u010740. Muamer Ba\u010devac Pod (8) &#8211;\u00a0MUAMER ZUKORLI\u0106 &#8211; BDZ SAND\u017dAKA &#8211; ZA POMIRENJE 1.Muamer Zukorli\u01072.Jahja Fehratovi\u01073.Misala Pramenkovi\u01074.Samir Tandir5.Zaim Red\u017eepovi\u01076.Amela Zorani\u01077.Admir Muratovi\u01078.Fadil Nik\u0161i\u01079.Atifa \u0160al\u0458i\u010710.Fahrudin Alagi\u010711.Kujtim Sadriu12.Sabira Had\u017eiavdi\u010713.Jusuf Nukovi\u010714.Edin Ze\u0107irovi\u010715.Jasmina Nik\u0161i\u0107 (ostale pogledajte ovdje) Pod (10) &#8211;\u00a0SDA Sand\u017eaka &#8211; dr. Sulejman Ugljanin 1.Sulejman Ugljanin2.Enis Imamovi\u01073.Minela Kalender4.Bajro Gegi\u01075.Muhedin [&hellip;]<\/p>\n","protected":false},"author":83,"featured_media":157551,"comment_status":"open","ping_status":"open","sticky":false,"template":"","format":"standard","meta":{"footnotes":""},"categories":[72,9538,1,52,9539,9550,327,392,9544,393,9543,10175,394,10176,9548,9545,9549,8957],"tags":[10204,10223,10255,10257],"class_list":{"0":"post-157549","1":"post","2":"type-post","3":"status-publish","4":"format-standard","5":"has-post-thumbnail","7":"category-novi-pazar","8":"category-njemacka-dijaspora-gradovi-vase-vijesti","9":"category-politika","10":"category-sjenica","11":"category-austrija-dijaspora-gradovi-vase-vijesti","12":"category-francuska-dijaspora-gradovi-vase-vijesti","13":"category-tutin","14":"category-prijepolje_","15":"category-svicarska-dijaspora-gradovi-vase-vijesti","16":"category-priboj","17":"category-svedska-dijaspora-gradovi-vase-vijesti","18":"category-danska-dijaspora-gradovi-vase-vijesti","19":"category-nova-varos","20":"category-norveska-dijaspora-gradovi-vase-vijesti","21":"category-belgija-dijaspora-gradovi-vase-vijesti","22":"category-holandija-dijaspora-gradovi-vase-vijesti","23":"category-luxemburg","24":"category-vijesti-dana","25":"tag-muftija-muamer-zukorlic","26":"tag-bdz","27":"tag-sda","28":"tag-sdp"},"yoast_head":"<!-- This site is optimized with the Yoast SEO Premium plugin v23.1 (Yoast SEO v24.9) - https:\/\/yoast.com\/wordpress\/plugins\/seo\/ -->\n<title>Za koga \u0107e Sand\u017eak glasati? Pogledajte parlamentarne liste na predstoje\u0107im izborima<\/title>\n<meta name=\"robots\" content=\"index, follow, max-snippet:-1, max-image-preview:large, max-video-preview:-1\" \/>\n<link rel=\"canonical\" href=\"https:\/\/sandzakpress.net\/arhiva\/za-koga-ce-sandzak-glasati-pogledajte-parlamentrane-liste-na-predstojecim-izborima\/\" \/>\n<meta property=\"og:locale\" content=\"bs_BA\" \/>\n<meta property=\"og:type\" content=\"article\" \/>\n<meta property=\"og:title\" content=\"Za koga \u0107e Sand\u017eak glasati? Pogledajte parlamentarne liste na predstoje\u0107im izborima\" \/>\n<meta property=\"og:description\" content=\"Pod (1) &#8211; ALEKSANDAR VU\u010cI\u0106 &#8211; SRBIJA POBJE\u0110UJE 2. Rasim Ljaji\u010740. Muamer Ba\u010devac Pod (8) &#8211;\u00a0MUAMER ZUKORLI\u0106 &#8211; BDZ SAND\u017dAKA &#8211; ZA POMIRENJE 1.Muamer Zukorli\u01072.Jahja Fehratovi\u01073.Misala Pramenkovi\u01074.Samir Tandir5.Zaim Red\u017eepovi\u01076.Amela Zorani\u01077.Admir Muratovi\u01078.Fadil Nik\u0161i\u01079.Atifa \u0160al\u0458i\u010710.Fahrudin Alagi\u010711.Kujtim Sadriu12.Sabira Had\u017eiavdi\u010713.Jusuf Nukovi\u010714.Edin Ze\u0107irovi\u010715.Jasmina Nik\u0161i\u0107 (ostale pogledajte ovdje) Pod (10) &#8211;\u00a0SDA Sand\u017eaka &#8211; dr. Sulejman Ugljanin 1.Sulejman Ugljanin2.Enis Imamovi\u01073.Minela Kalender4.Bajro Gegi\u01075.Muhedin [&hellip;]\" \/>\n<meta property=\"og:url\" content=\"https:\/\/sandzakpress.net\/arhiva\/za-koga-ce-sandzak-glasati-pogledajte-parlamentrane-liste-na-predstojecim-izborima\/\" \/>\n<meta property=\"og:site_name\" content=\"Sand\u017eak PRESS\" \/>\n<meta property=\"article:published_time\" content=\"2016-03-20T10:28:38+00:00\" \/>\n<meta property=\"article:modified_time\" content=\"2016-03-20T16:02:44+00:00\" \/>\n<meta property=\"og:image\" content=\"https:\/\/sandzakpress.net\/arhiva\/wp-content\/uploads\/2016\/03\/12747991_10153310369306697_2189331979832407957_o-1-616x224-1.jpg\" \/>\n\t<meta property=\"og:image:width\" content=\"616\" \/>\n\t<meta property=\"og:image:height\" content=\"224\" \/>\n\t<meta property=\"og:image:type\" content=\"image\/jpeg\" \/>\n<meta name=\"author\" content=\"bosniak\" \/>\n<meta name=\"twitter:card\" content=\"summary_large_image\" \/>\n<meta name=\"twitter:label1\" content=\"Written by\" \/>\n\t<meta name=\"twitter:data1\" content=\"bosniak\" \/>\n\t<meta name=\"twitter:label2\" content=\"Est. reading time\" \/>\n\t<meta name=\"twitter:data2\" content=\"1 minuta\" \/>\n<script type=\"application\/ld+json\" class=\"yoast-schema-graph\">{\"@context\":\"https:\/\/schema.org\",\"@graph\":[{\"@type\":\"Article\",\"@id\":\"https:\/\/sandzakpress.net\/arhiva\/za-koga-ce-sandzak-glasati-pogledajte-parlamentrane-liste-na-predstojecim-izborima\/#article\",\"isPartOf\":{\"@id\":\"https:\/\/sandzakpress.net\/arhiva\/za-koga-ce-sandzak-glasati-pogledajte-parlamentrane-liste-na-predstojecim-izborima\/\"},\"author\":{\"name\":\"bosniak\",\"@id\":\"https:\/\/sandzakpress.net\/arhiva\/#\/schema\/person\/c8baee722073534b583ea7bdb2e36c02\"},\"headline\":\"Za koga \u0107e Sand\u017eak glasati? Pogledajte parlamentarne liste na predstoje\u0107im izborima\",\"datePublished\":\"2016-03-20T10:28:38+00:00\",\"dateModified\":\"2016-03-20T16:02:44+00:00\",\"mainEntityOfPage\":{\"@id\":\"https:\/\/sandzakpress.net\/arhiva\/za-koga-ce-sandzak-glasati-pogledajte-parlamentrane-liste-na-predstojecim-izborima\/\"},\"wordCount\":148,\"commentCount\":39,\"publisher\":{\"@id\":\"https:\/\/sandzakpress.net\/arhiva\/#\/schema\/person\/6e72b67d6e51910a1117b3b483ba20bd\"},\"image\":{\"@id\":\"https:\/\/sandzakpress.net\/arhiva\/za-koga-ce-sandzak-glasati-pogledajte-parlamentrane-liste-na-predstojecim-izborima\/#primaryimage\"},\"thumbnailUrl\":\"https:\/\/sandzakpress.net\/arhiva\/wp-content\/uploads\/2016\/03\/12747991_10153310369306697_2189331979832407957_o-1-616x224-1.jpg\",\"keywords\":[\"muftija Muamer Zukorli\u0107\",\"BDZ\",\"SDA\",\"SDPS\"],\"articleSection\":[\"Novi Pazar\",\"Njema\u010dka\",\"Politika\",\"Sjenica\",\"Austrija\",\"Francuska\",\"Tutin\",\"Prijepolje\",\"\u0160vicarska\",\"Priboj\",\"\u0160vedska\",\"Danska\",\"Nova Varo\u0161\",\"Norve\u0161ka\",\"Belgija\",\"Holandija\",\"Luksemburg\",\"VIJESTI DANA\"],\"inLanguage\":\"bs-BA\",\"potentialAction\":[{\"@type\":\"CommentAction\",\"name\":\"Comment\",\"target\":[\"https:\/\/sandzakpress.net\/arhiva\/za-koga-ce-sandzak-glasati-pogledajte-parlamentrane-liste-na-predstojecim-izborima\/#respond\"]}]},{\"@type\":\"WebPage\",\"@id\":\"https:\/\/sandzakpress.net\/arhiva\/za-koga-ce-sandzak-glasati-pogledajte-parlamentrane-liste-na-predstojecim-izborima\/\",\"url\":\"https:\/\/sandzakpress.net\/arhiva\/za-koga-ce-sandzak-glasati-pogledajte-parlamentrane-liste-na-predstojecim-izborima\/\",\"name\":\"Za koga \u0107e Sand\u017eak glasati? Pogledajte parlamentarne liste na predstoje\u0107im izborima\",\"isPartOf\":{\"@id\":\"https:\/\/sandzakpress.net\/arhiva\/#website\"},\"primaryImageOfPage\":{\"@id\":\"https:\/\/sandzakpress.net\/arhiva\/za-koga-ce-sandzak-glasati-pogledajte-parlamentrane-liste-na-predstojecim-izborima\/#primaryimage\"},\"image\":{\"@id\":\"https:\/\/sandzakpress.net\/arhiva\/za-koga-ce-sandzak-glasati-pogledajte-parlamentrane-liste-na-predstojecim-izborima\/#primaryimage\"},\"thumbnailUrl\":\"https:\/\/sandzakpress.net\/arhiva\/wp-content\/uploads\/2016\/03\/12747991_10153310369306697_2189331979832407957_o-1-616x224-1.jpg\",\"datePublished\":\"2016-03-20T10:28:38+00:00\",\"dateModified\":\"2016-03-20T16:02:44+00:00\",\"breadcrumb\":{\"@id\":\"https:\/\/sandzakpress.net\/arhiva\/za-koga-ce-sandzak-glasati-pogledajte-parlamentrane-liste-na-predstojecim-izborima\/#breadcrumb\"},\"inLanguage\":\"bs-BA\",\"potentialAction\":[{\"@type\":\"ReadAction\",\"target\":[\"https:\/\/sandzakpress.net\/arhiva\/za-koga-ce-sandzak-glasati-pogledajte-parlamentrane-liste-na-predstojecim-izborima\/\"]}]},{\"@type\":\"ImageObject\",\"inLanguage\":\"bs-BA\",\"@id\":\"https:\/\/sandzakpress.net\/arhiva\/za-koga-ce-sandzak-glasati-pogledajte-parlamentrane-liste-na-predstojecim-izborima\/#primaryimage\",\"url\":\"https:\/\/sandzakpress.net\/arhiva\/wp-content\/uploads\/2016\/03\/12747991_10153310369306697_2189331979832407957_o-1-616x224-1.jpg\",\"contentUrl\":\"https:\/\/sandzakpress.net\/arhiva\/wp-content\/uploads\/2016\/03\/12747991_10153310369306697_2189331979832407957_o-1-616x224-1.jpg\",\"width\":616,\"height\":224},{\"@type\":\"BreadcrumbList\",\"@id\":\"https:\/\/sandzakpress.net\/arhiva\/za-koga-ce-sandzak-glasati-pogledajte-parlamentrane-liste-na-predstojecim-izborima\/#breadcrumb\",\"itemListElement\":[{\"@type\":\"ListItem\",\"position\":1,\"name\":\"Home\",\"item\":\"https:\/\/sandzakpress.net\/arhiva\/\"},{\"@type\":\"ListItem\",\"position\":2,\"name\":\"Za koga \u0107e Sand\u017eak glasati? Pogledajte parlamentarne liste na predstoje\u0107im izborima\"}]},{\"@type\":\"WebSite\",\"@id\":\"https:\/\/sandzakpress.net\/arhiva\/#website\",\"url\":\"https:\/\/sandzakpress.net\/arhiva\/\",\"name\":\"Sand\u017eak PRESS\",\"description\":\"Prve elektronske novine u Sand\u017eaku\",\"publisher\":{\"@id\":\"https:\/\/sandzakpress.net\/arhiva\/#\/schema\/person\/6e72b67d6e51910a1117b3b483ba20bd\"},\"potentialAction\":[{\"@type\":\"SearchAction\",\"target\":{\"@type\":\"EntryPoint\",\"urlTemplate\":\"https:\/\/sandzakpress.net\/arhiva\/?s={search_term_string}\"},\"query-input\":{\"@type\":\"PropertyValueSpecification\",\"valueRequired\":true,\"valueName\":\"search_term_string\"}}],\"inLanguage\":\"bs-BA\"},{\"@type\":[\"Person\",\"Organization\"],\"@id\":\"https:\/\/sandzakpress.net\/arhiva\/#\/schema\/person\/6e72b67d6e51910a1117b3b483ba20bd\",\"name\":\"Kul\",\"image\":{\"@type\":\"ImageObject\",\"inLanguage\":\"bs-BA\",\"@id\":\"https:\/\/sandzakpress.net\/arhiva\/#\/schema\/person\/image\/\",\"url\":\"https:\/\/secure.gravatar.com\/avatar\/42263f39aa27ac04c43cab85c280eb2e?s=96&d=mm&r=pg\",\"contentUrl\":\"https:\/\/secure.gravatar.com\/avatar\/42263f39aa27ac04c43cab85c280eb2e?s=96&d=mm&r=pg\",\"caption\":\"Kul\"},\"logo\":{\"@id\":\"https:\/\/sandzakpress.net\/arhiva\/#\/schema\/person\/image\/\"}},{\"@type\":\"Person\",\"@id\":\"https:\/\/sandzakpress.net\/arhiva\/#\/schema\/person\/c8baee722073534b583ea7bdb2e36c02\",\"name\":\"bosniak\",\"image\":{\"@type\":\"ImageObject\",\"inLanguage\":\"bs-BA\",\"@id\":\"https:\/\/sandzakpress.net\/arhiva\/#\/schema\/person\/image\/\",\"url\":\"https:\/\/secure.gravatar.com\/avatar\/a04fd330bfe3a36a72a0ad4a6d89fca7?s=96&d=mm&r=pg\",\"contentUrl\":\"https:\/\/secure.gravatar.com\/avatar\/a04fd330bfe3a36a72a0ad4a6d89fca7?s=96&d=mm&r=pg\",\"caption\":\"bosniak\"},\"url\":\"https:\/\/sandzakpress.net\/arhiva\/author\/bosniak\/\"}]}<\/script>\n<!-- \/ Yoast SEO Premium plugin. -->","yoast_head_json":{"title":"Za koga \u0107e Sand\u017eak glasati? Pogledajte parlamentarne liste na predstoje\u0107im izborima","robots":{"index":"index","follow":"follow","max-snippet":"max-snippet:-1","max-image-preview":"max-image-preview:large","max-video-preview":"max-video-preview:-1"},"canonical":"https:\/\/sandzakpress.net\/arhiva\/za-koga-ce-sandzak-glasati-pogledajte-parlamentrane-liste-na-predstojecim-izborima\/","og_locale":"bs_BA","og_type":"article","og_title":"Za koga \u0107e Sand\u017eak glasati? Pogledajte parlamentarne liste na predstoje\u0107im izborima","og_description":"Pod (1) &#8211; ALEKSANDAR VU\u010cI\u0106 &#8211; SRBIJA POBJE\u0110UJE 2. Rasim Ljaji\u010740. Muamer Ba\u010devac Pod (8) &#8211;\u00a0MUAMER ZUKORLI\u0106 &#8211; BDZ SAND\u017dAKA &#8211; ZA POMIRENJE 1.Muamer Zukorli\u01072.Jahja Fehratovi\u01073.Misala Pramenkovi\u01074.Samir Tandir5.Zaim Red\u017eepovi\u01076.Amela Zorani\u01077.Admir Muratovi\u01078.Fadil Nik\u0161i\u01079.Atifa \u0160al\u0458i\u010710.Fahrudin Alagi\u010711.Kujtim Sadriu12.Sabira Had\u017eiavdi\u010713.Jusuf Nukovi\u010714.Edin Ze\u0107irovi\u010715.Jasmina Nik\u0161i\u0107 (ostale pogledajte ovdje) Pod (10) &#8211;\u00a0SDA Sand\u017eaka &#8211; dr. Sulejman Ugljanin 1.Sulejman Ugljanin2.Enis Imamovi\u01073.Minela Kalender4.Bajro Gegi\u01075.Muhedin [&hellip;]","og_url":"https:\/\/sandzakpress.net\/arhiva\/za-koga-ce-sandzak-glasati-pogledajte-parlamentrane-liste-na-predstojecim-izborima\/","og_site_name":"Sand\u017eak PRESS","article_published_time":"2016-03-20T10:28:38+00:00","article_modified_time":"2016-03-20T16:02:44+00:00","og_image":[{"width":616,"height":224,"url":"https:\/\/sandzakpress.net\/arhiva\/wp-content\/uploads\/2016\/03\/12747991_10153310369306697_2189331979832407957_o-1-616x224-1.jpg","type":"image\/jpeg"}],"author":"bosniak","twitter_card":"summary_large_image","twitter_misc":{"Written by":"bosniak","Est. reading time":"1 minuta"},"schema":{"@context":"https:\/\/schema.org","@graph":[{"@type":"Article","@id":"https:\/\/sandzakpress.net\/arhiva\/za-koga-ce-sandzak-glasati-pogledajte-parlamentrane-liste-na-predstojecim-izborima\/#article","isPartOf":{"@id":"https:\/\/sandzakpress.net\/arhiva\/za-koga-ce-sandzak-glasati-pogledajte-parlamentrane-liste-na-predstojecim-izborima\/"},"author":{"name":"bosniak","@id":"https:\/\/sandzakpress.net\/arhiva\/#\/schema\/person\/c8baee722073534b583ea7bdb2e36c02"},"headline":"Za koga \u0107e Sand\u017eak glasati? Pogledajte parlamentarne liste na predstoje\u0107im izborima","datePublished":"2016-03-20T10:28:38+00:00","dateModified":"2016-03-20T16:02:44+00:00","mainEntityOfPage":{"@id":"https:\/\/sandzakpress.net\/arhiva\/za-koga-ce-sandzak-glasati-pogledajte-parlamentrane-liste-na-predstojecim-izborima\/"},"wordCount":148,"commentCount":39,"publisher":{"@id":"https:\/\/sandzakpress.net\/arhiva\/#\/schema\/person\/6e72b67d6e51910a1117b3b483ba20bd"},"image":{"@id":"https:\/\/sandzakpress.net\/arhiva\/za-koga-ce-sandzak-glasati-pogledajte-parlamentrane-liste-na-predstojecim-izborima\/#primaryimage"},"thumbnailUrl":"https:\/\/sandzakpress.net\/arhiva\/wp-content\/uploads\/2016\/03\/12747991_10153310369306697_2189331979832407957_o-1-616x224-1.jpg","keywords":["muftija Muamer Zukorli\u0107","BDZ","SDA","SDPS"],"articleSection":["Novi Pazar","Njema\u010dka","Politika","Sjenica","Austrija","Francuska","Tutin","Prijepolje","\u0160vicarska","Priboj","\u0160vedska","Danska","Nova Varo\u0161","Norve\u0161ka","Belgija","Holandija","Luksemburg","VIJESTI DANA"],"inLanguage":"bs-BA","potentialAction":[{"@type":"CommentAction","name":"Comment","target":["https:\/\/sandzakpress.net\/arhiva\/za-koga-ce-sandzak-glasati-pogledajte-parlamentrane-liste-na-predstojecim-izborima\/#respond"]}]},{"@type":"WebPage","@id":"https:\/\/sandzakpress.net\/arhiva\/za-koga-ce-sandzak-glasati-pogledajte-parlamentrane-liste-na-predstojecim-izborima\/","url":"https:\/\/sandzakpress.net\/arhiva\/za-koga-ce-sandzak-glasati-pogledajte-parlamentrane-liste-na-predstojecim-izborima\/","name":"Za koga \u0107e Sand\u017eak glasati? Pogledajte parlamentarne liste na predstoje\u0107im izborima","isPartOf":{"@id":"https:\/\/sandzakpress.net\/arhiva\/#website"},"primaryImageOfPage":{"@id":"https:\/\/sandzakpress.net\/arhiva\/za-koga-ce-sandzak-glasati-pogledajte-parlamentrane-liste-na-predstojecim-izborima\/#primaryimage"},"image":{"@id":"https:\/\/sandzakpress.net\/arhiva\/za-koga-ce-sandzak-glasati-pogledajte-parlamentrane-liste-na-predstojecim-izborima\/#primaryimage"},"thumbnailUrl":"https:\/\/sandzakpress.net\/arhiva\/wp-content\/uploads\/2016\/03\/12747991_10153310369306697_2189331979832407957_o-1-616x224-1.jpg","datePublished":"2016-03-20T10:28:38+00:00","dateModified":"2016-03-20T16:02:44+00:00","breadcrumb":{"@id":"https:\/\/sandzakpress.net\/arhiva\/za-koga-ce-sandzak-glasati-pogledajte-parlamentrane-liste-na-predstojecim-izborima\/#breadcrumb"},"inLanguage":"bs-BA","potentialAction":[{"@type":"ReadAction","target":["https:\/\/sandzakpress.net\/arhiva\/za-koga-ce-sandzak-glasati-pogledajte-parlamentrane-liste-na-predstojecim-izborima\/"]}]},{"@type":"ImageObject","inLanguage":"bs-BA","@id":"https:\/\/sandzakpress.net\/arhiva\/za-koga-ce-sandzak-glasati-pogledajte-parlamentrane-liste-na-predstojecim-izborima\/#primaryimage","url":"https:\/\/sandzakpress.net\/arhiva\/wp-content\/uploads\/2016\/03\/12747991_10153310369306697_2189331979832407957_o-1-616x224-1.jpg","contentUrl":"https:\/\/sandzakpress.net\/arhiva\/wp-content\/uploads\/2016\/03\/12747991_10153310369306697_2189331979832407957_o-1-616x224-1.jpg","width":616,"height":224},{"@type":"BreadcrumbList","@id":"https:\/\/sandzakpress.net\/arhiva\/za-koga-ce-sandzak-glasati-pogledajte-parlamentrane-liste-na-predstojecim-izborima\/#breadcrumb","itemListElement":[{"@type":"ListItem","position":1,"name":"Home","item":"https:\/\/sandzakpress.net\/arhiva\/"},{"@type":"ListItem","position":2,"name":"Za koga \u0107e Sand\u017eak glasati? Pogledajte parlamentarne liste na predstoje\u0107im izborima"}]},{"@type":"WebSite","@id":"https:\/\/sandzakpress.net\/arhiva\/#website","url":"https:\/\/sandzakpress.net\/arhiva\/","name":"Sand\u017eak PRESS","description":"Prve elektronske novine u Sand\u017eaku","publisher":{"@id":"https:\/\/sandzakpress.net\/arhiva\/#\/schema\/person\/6e72b67d6e51910a1117b3b483ba20bd"},"potentialAction":[{"@type":"SearchAction","target":{"@type":"EntryPoint","urlTemplate":"https:\/\/sandzakpress.net\/arhiva\/?s={search_term_string}"},"query-input":{"@type":"PropertyValueSpecification","valueRequired":true,"valueName":"search_term_string"}}],"inLanguage":"bs-BA"},{"@type":["Person","Organization"],"@id":"https:\/\/sandzakpress.net\/arhiva\/#\/schema\/person\/6e72b67d6e51910a1117b3b483ba20bd","name":"Kul","image":{"@type":"ImageObject","inLanguage":"bs-BA","@id":"https:\/\/sandzakpress.net\/arhiva\/#\/schema\/person\/image\/","url":"https:\/\/secure.gravatar.com\/avatar\/42263f39aa27ac04c43cab85c280eb2e?s=96&d=mm&r=pg","contentUrl":"https:\/\/secure.gravatar.com\/avatar\/42263f39aa27ac04c43cab85c280eb2e?s=96&d=mm&r=pg","caption":"Kul"},"logo":{"@id":"https:\/\/sandzakpress.net\/arhiva\/#\/schema\/person\/image\/"}},{"@type":"Person","@id":"https:\/\/sandzakpress.net\/arhiva\/#\/schema\/person\/c8baee722073534b583ea7bdb2e36c02","name":"bosniak","image":{"@type":"ImageObject","inLanguage":"bs-BA","@id":"https:\/\/sandzakpress.net\/arhiva\/#\/schema\/person\/image\/","url":"https:\/\/secure.gravatar.com\/avatar\/a04fd330bfe3a36a72a0ad4a6d89fca7?s=96&d=mm&r=pg","contentUrl":"https:\/\/secure.gravatar.com\/avatar\/a04fd330bfe3a36a72a0ad4a6d89fca7?s=96&d=mm&r=pg","caption":"bosniak"},"url":"https:\/\/sandzakpress.net\/arhiva\/author\/bosniak\/"}]}},"_links":{"self":[{"href":"https:\/\/sandzakpress.net\/arhiva\/wp-json\/wp\/v2\/posts\/157549"}],"collection":[{"href":"https:\/\/sandzakpress.net\/arhiva\/wp-json\/wp\/v2\/posts"}],"about":[{"href":"https:\/\/sandzakpress.net\/arhiva\/wp-json\/wp\/v2\/types\/post"}],"author":[{"embeddable":true,"href":"https:\/\/sandzakpress.net\/arhiva\/wp-json\/wp\/v2\/users\/83"}],"replies":[{"embeddable":true,"href":"https:\/\/sandzakpress.net\/arhiva\/wp-json\/wp\/v2\/comments?post=157549"}],"version-history":[{"count":0,"href":"https:\/\/sandzakpress.net\/arhiva\/wp-json\/wp\/v2\/posts\/157549\/revisions"}],"wp:featuredmedia":[{"embeddable":true,"href":"https:\/\/sandzakpress.net\/arhiva\/wp-json\/wp\/v2\/media\/157551"}],"wp:attachment":[{"href":"https:\/\/sandzakpress.net\/arhiva\/wp-json\/wp\/v2\/media?parent=157549"}],"wp:term":[{"taxonomy":"category","embeddable":true,"href":"https:\/\/sandzakpress.net\/arhiva\/wp-json\/wp\/v2\/categories?post=157549"},{"taxonomy":"post_tag","embeddable":true,"href":"https:\/\/sandzakpress.net\/arhiva\/wp-json\/wp\/v2\/tags?post=157549"}],"curies":[{"name":"wp","href":"https:\/\/api.w.org\/{rel}","templated":true}]}}