{"id":157115,"date":"2016-03-14T14:09:33","date_gmt":"2016-03-14T13:09:33","guid":{"rendered":"https:\/\/sandzakpress.net\/arhiva\/?p=157115"},"modified":"2016-03-14T14:10:13","modified_gmt":"2016-03-14T13:10:13","slug":"muftija-muamer-ef-zukorlic-podnio-ostavku-na-funkciju-muftije-sandzackog","status":"publish","type":"post","link":"https:\/\/sandzakpress.net\/arhiva\/muftija-muamer-ef-zukorlic-podnio-ostavku-na-funkciju-muftije-sandzackog\/","title":{"rendered":"Muftija Muamer ef. Zukorli\u0107 podnio ostavku na funkciju muftije sand\u017ea\u010dkog"},"content":{"rendered":"<p><strong><img loading=\"lazy\" decoding=\"async\" class=\"aligncenter size-full wp-image-157116\" src=\"https:\/\/sandzakpress.net\/arhiva\/wp-content\/uploads\/2016\/03\/2-10.jpg\" alt=\"2\" width=\"1000\" height=\"696\" srcset=\"https:\/\/sandzakpress.net\/arhiva\/wp-content\/uploads\/2016\/03\/2-10.jpg 1000w, https:\/\/sandzakpress.net\/arhiva\/wp-content\/uploads\/2016\/03\/2-10-768x535.jpg 768w, https:\/\/sandzakpress.net\/arhiva\/wp-content\/uploads\/2016\/03\/2-10-616x429.jpg 616w\" sizes=\"(max-width: 1000px) 100vw, 1000px\" \/>Novi Pazar &#8211; Na danas (14.03.2016. godine) odr\u017eanoj vanrednoj sjednici Me\u0161ihata IZ-e u Srbiji dosada\u0161nji muftija sand\u017ea\u010dki Muamer ef. Zukorli\u0107 podnio ostavku na tu funkciju, zbog kako navodi bojazni da bi njegov politi\u010dki anga\u017eman negativno uticao na Islamsku zajednicu.<span id=\"more-31567\"><\/span><\/strong><\/p>\n<p>\u201cMoja odluka je done\u0161ena, prevashodno sa namjerom da\u00a0 kona\u010dno stavim ta\u010dku na poku\u0161ajima da se moj ulazak u politiku iskoristi protiv Islamske zajednice, odnosno na njenu \u0161tetu\u201c- isti\u010de Zukorli\u0107.<\/p>\n<p>Prije odluke za povla\u010denje sa funkcije muftije sand\u017ea\u010dkog Zukorli\u0107 ka\u017ee da je imao sastanak sa reisu-l-ulemom Husein ef. Kavazovi\u0107em u Sarajevu i da se nakon konsultacije sa njim odlu\u010dio na ovaj korak.<\/p>\n<p>\u201e\u017delio sam da potpuno podvu\u010dem crtu izme\u0111u onoga \u0161to su moje bile dosada\u0161nje vjerske aktivnosti na poziciji muftije i onoga \u0161to ve\u0107 jesu i \u0161to \u0107e biti politi\u010dke aktivnosti kao nosioca liste \u201eMuamer Zukorli\u0107\u00a0&#8211; ZA POMIRENJE&#8221;<\/p>\n<p>Zukorli\u0107 se zahvalio svima onima koji su mu u proteklom periodu pru\u017eali podr\u0161ku u radu:<\/p>\n<p>\u201eU tom pogledu \u017eelim se zahvaliti svim \u010dlanovima Me\u0161ihata na punom razumijevanju, svim saradnicima u Me\u0161ihatu, Muftijstvu, svim upo\u0161ljenicima Islamske zajednice\u00a0 i svima onima koji su bili vezani za Islamsku zajednicu koji su pomagali da protekle 23 godine obavljam veoma va\u017ene poslove u IZ-i\u201c \u2013 isti\u010de Zukorli\u0107.<\/p>\n<p>Na najodgovornijim funkcijama u Islamskoj zajednici Muamer ef. Zukorli\u0107 proveo je 23 godine, sa li\u010dnim anga\u017emanom i postignutim rezultatima ova Islamska zajednica dostigla je nivo kakav bi \u017eeljele mnoge druge zajednice na Balkanu i \u0161ire.<\/p>\n<p>SANA- A. \u0160aboti\u0107<\/p>\n","protected":false},"excerpt":{"rendered":"<p>Novi Pazar &#8211; Na danas (14.03.2016. godine) odr\u017eanoj vanrednoj sjednici Me\u0161ihata IZ-e u Srbiji dosada\u0161nji muftija sand\u017ea\u010dki Muamer ef. Zukorli\u0107 podnio ostavku na tu funkciju, zbog kako navodi bojazni da bi njegov politi\u010dki anga\u017eman negativno uticao na Islamsku zajednicu. \u201cMoja odluka je done\u0161ena, prevashodno sa namjerom da\u00a0 kona\u010dno stavim ta\u010dku na poku\u0161ajima da se moj [&hellip;]<\/p>\n","protected":false},"author":83,"featured_media":157116,"comment_status":"open","ping_status":"open","sticky":false,"template":"","format":"standard","meta":{"footnotes":""},"categories":[72,800,8957],"tags":[10204],"class_list":{"0":"post-157115","1":"post","2":"type-post","3":"status-publish","4":"format-standard","5":"has-post-thumbnail","7":"category-novi-pazar","8":"category-nacija","9":"category-vijesti-dana","10":"tag-muftija-muamer-zukorlic"},"yoast_head":"<!-- This site is optimized with the Yoast SEO Premium plugin v23.1 (Yoast SEO v24.9) - https:\/\/yoast.com\/wordpress\/plugins\/seo\/ -->\n<title>Muftija Muamer ef. Zukorli\u0107 podnio ostavku na funkciju muftije sand\u017ea\u010dkog<\/title>\n<meta name=\"robots\" content=\"index, follow, max-snippet:-1, max-image-preview:large, max-video-preview:-1\" \/>\n<link rel=\"canonical\" href=\"https:\/\/sandzakpress.net\/arhiva\/muftija-muamer-ef-zukorlic-podnio-ostavku-na-funkciju-muftije-sandzackog\/\" \/>\n<meta property=\"og:locale\" content=\"bs_BA\" \/>\n<meta property=\"og:type\" content=\"article\" \/>\n<meta property=\"og:title\" content=\"Muftija Muamer ef. Zukorli\u0107 podnio ostavku na funkciju muftije sand\u017ea\u010dkog\" \/>\n<meta property=\"og:description\" content=\"Novi Pazar &#8211; Na danas (14.03.2016. godine) odr\u017eanoj vanrednoj sjednici Me\u0161ihata IZ-e u Srbiji dosada\u0161nji muftija sand\u017ea\u010dki Muamer ef. Zukorli\u0107 podnio ostavku na tu funkciju, zbog kako navodi bojazni da bi njegov politi\u010dki anga\u017eman negativno uticao na Islamsku zajednicu. \u201cMoja odluka je done\u0161ena, prevashodno sa namjerom da\u00a0 kona\u010dno stavim ta\u010dku na poku\u0161ajima da se moj [&hellip;]\" \/>\n<meta property=\"og:url\" content=\"https:\/\/sandzakpress.net\/arhiva\/muftija-muamer-ef-zukorlic-podnio-ostavku-na-funkciju-muftije-sandzackog\/\" \/>\n<meta property=\"og:site_name\" content=\"Sand\u017eak PRESS\" \/>\n<meta property=\"article:published_time\" content=\"2016-03-14T13:09:33+00:00\" \/>\n<meta property=\"article:modified_time\" content=\"2016-03-14T13:10:13+00:00\" \/>\n<meta property=\"og:image\" content=\"https:\/\/sandzakpress.net\/arhiva\/wp-content\/uploads\/2016\/03\/2-10.jpg\" \/>\n\t<meta property=\"og:image:width\" content=\"1000\" \/>\n\t<meta property=\"og:image:height\" content=\"696\" \/>\n\t<meta property=\"og:image:type\" content=\"image\/jpeg\" \/>\n<meta name=\"author\" content=\"bosniak\" \/>\n<meta name=\"twitter:card\" content=\"summary_large_image\" \/>\n<meta name=\"twitter:label1\" content=\"Written by\" \/>\n\t<meta name=\"twitter:data1\" content=\"bosniak\" \/>\n\t<meta name=\"twitter:label2\" content=\"Est. reading time\" \/>\n\t<meta name=\"twitter:data2\" content=\"1 minuta\" \/>\n<script type=\"application\/ld+json\" class=\"yoast-schema-graph\">{\"@context\":\"https:\/\/schema.org\",\"@graph\":[{\"@type\":\"Article\",\"@id\":\"https:\/\/sandzakpress.net\/arhiva\/muftija-muamer-ef-zukorlic-podnio-ostavku-na-funkciju-muftije-sandzackog\/#article\",\"isPartOf\":{\"@id\":\"https:\/\/sandzakpress.net\/arhiva\/muftija-muamer-ef-zukorlic-podnio-ostavku-na-funkciju-muftije-sandzackog\/\"},\"author\":{\"name\":\"bosniak\",\"@id\":\"https:\/\/sandzakpress.net\/arhiva\/#\/schema\/person\/c8baee722073534b583ea7bdb2e36c02\"},\"headline\":\"Muftija Muamer ef. Zukorli\u0107 podnio ostavku na funkciju muftije sand\u017ea\u010dkog\",\"datePublished\":\"2016-03-14T13:09:33+00:00\",\"dateModified\":\"2016-03-14T13:10:13+00:00\",\"mainEntityOfPage\":{\"@id\":\"https:\/\/sandzakpress.net\/arhiva\/muftija-muamer-ef-zukorlic-podnio-ostavku-na-funkciju-muftije-sandzackog\/\"},\"wordCount\":277,\"commentCount\":49,\"publisher\":{\"@id\":\"https:\/\/sandzakpress.net\/arhiva\/#\/schema\/person\/6e72b67d6e51910a1117b3b483ba20bd\"},\"image\":{\"@id\":\"https:\/\/sandzakpress.net\/arhiva\/muftija-muamer-ef-zukorlic-podnio-ostavku-na-funkciju-muftije-sandzackog\/#primaryimage\"},\"thumbnailUrl\":\"https:\/\/sandzakpress.net\/arhiva\/wp-content\/uploads\/2016\/03\/2-10.jpg\",\"keywords\":[\"muftija Muamer Zukorli\u0107\"],\"articleSection\":[\"Novi Pazar\",\"Nacija\",\"VIJESTI DANA\"],\"inLanguage\":\"bs-BA\",\"potentialAction\":[{\"@type\":\"CommentAction\",\"name\":\"Comment\",\"target\":[\"https:\/\/sandzakpress.net\/arhiva\/muftija-muamer-ef-zukorlic-podnio-ostavku-na-funkciju-muftije-sandzackog\/#respond\"]}]},{\"@type\":\"WebPage\",\"@id\":\"https:\/\/sandzakpress.net\/arhiva\/muftija-muamer-ef-zukorlic-podnio-ostavku-na-funkciju-muftije-sandzackog\/\",\"url\":\"https:\/\/sandzakpress.net\/arhiva\/muftija-muamer-ef-zukorlic-podnio-ostavku-na-funkciju-muftije-sandzackog\/\",\"name\":\"Muftija Muamer ef. Zukorli\u0107 podnio ostavku na funkciju muftije sand\u017ea\u010dkog\",\"isPartOf\":{\"@id\":\"https:\/\/sandzakpress.net\/arhiva\/#website\"},\"primaryImageOfPage\":{\"@id\":\"https:\/\/sandzakpress.net\/arhiva\/muftija-muamer-ef-zukorlic-podnio-ostavku-na-funkciju-muftije-sandzackog\/#primaryimage\"},\"image\":{\"@id\":\"https:\/\/sandzakpress.net\/arhiva\/muftija-muamer-ef-zukorlic-podnio-ostavku-na-funkciju-muftije-sandzackog\/#primaryimage\"},\"thumbnailUrl\":\"https:\/\/sandzakpress.net\/arhiva\/wp-content\/uploads\/2016\/03\/2-10.jpg\",\"datePublished\":\"2016-03-14T13:09:33+00:00\",\"dateModified\":\"2016-03-14T13:10:13+00:00\",\"breadcrumb\":{\"@id\":\"https:\/\/sandzakpress.net\/arhiva\/muftija-muamer-ef-zukorlic-podnio-ostavku-na-funkciju-muftije-sandzackog\/#breadcrumb\"},\"inLanguage\":\"bs-BA\",\"potentialAction\":[{\"@type\":\"ReadAction\",\"target\":[\"https:\/\/sandzakpress.net\/arhiva\/muftija-muamer-ef-zukorlic-podnio-ostavku-na-funkciju-muftije-sandzackog\/\"]}]},{\"@type\":\"ImageObject\",\"inLanguage\":\"bs-BA\",\"@id\":\"https:\/\/sandzakpress.net\/arhiva\/muftija-muamer-ef-zukorlic-podnio-ostavku-na-funkciju-muftije-sandzackog\/#primaryimage\",\"url\":\"https:\/\/sandzakpress.net\/arhiva\/wp-content\/uploads\/2016\/03\/2-10.jpg\",\"contentUrl\":\"https:\/\/sandzakpress.net\/arhiva\/wp-content\/uploads\/2016\/03\/2-10.jpg\",\"width\":1000,\"height\":696},{\"@type\":\"BreadcrumbList\",\"@id\":\"https:\/\/sandzakpress.net\/arhiva\/muftija-muamer-ef-zukorlic-podnio-ostavku-na-funkciju-muftije-sandzackog\/#breadcrumb\",\"itemListElement\":[{\"@type\":\"ListItem\",\"position\":1,\"name\":\"Home\",\"item\":\"https:\/\/sandzakpress.net\/arhiva\/\"},{\"@type\":\"ListItem\",\"position\":2,\"name\":\"Muftija Muamer ef. Zukorli\u0107 podnio ostavku na funkciju muftije sand\u017ea\u010dkog\"}]},{\"@type\":\"WebSite\",\"@id\":\"https:\/\/sandzakpress.net\/arhiva\/#website\",\"url\":\"https:\/\/sandzakpress.net\/arhiva\/\",\"name\":\"Sand\u017eak PRESS\",\"description\":\"Prve elektronske novine u Sand\u017eaku\",\"publisher\":{\"@id\":\"https:\/\/sandzakpress.net\/arhiva\/#\/schema\/person\/6e72b67d6e51910a1117b3b483ba20bd\"},\"potentialAction\":[{\"@type\":\"SearchAction\",\"target\":{\"@type\":\"EntryPoint\",\"urlTemplate\":\"https:\/\/sandzakpress.net\/arhiva\/?s={search_term_string}\"},\"query-input\":{\"@type\":\"PropertyValueSpecification\",\"valueRequired\":true,\"valueName\":\"search_term_string\"}}],\"inLanguage\":\"bs-BA\"},{\"@type\":[\"Person\",\"Organization\"],\"@id\":\"https:\/\/sandzakpress.net\/arhiva\/#\/schema\/person\/6e72b67d6e51910a1117b3b483ba20bd\",\"name\":\"Kul\",\"image\":{\"@type\":\"ImageObject\",\"inLanguage\":\"bs-BA\",\"@id\":\"https:\/\/sandzakpress.net\/arhiva\/#\/schema\/person\/image\/\",\"url\":\"https:\/\/secure.gravatar.com\/avatar\/42263f39aa27ac04c43cab85c280eb2e?s=96&d=mm&r=pg\",\"contentUrl\":\"https:\/\/secure.gravatar.com\/avatar\/42263f39aa27ac04c43cab85c280eb2e?s=96&d=mm&r=pg\",\"caption\":\"Kul\"},\"logo\":{\"@id\":\"https:\/\/sandzakpress.net\/arhiva\/#\/schema\/person\/image\/\"}},{\"@type\":\"Person\",\"@id\":\"https:\/\/sandzakpress.net\/arhiva\/#\/schema\/person\/c8baee722073534b583ea7bdb2e36c02\",\"name\":\"bosniak\",\"image\":{\"@type\":\"ImageObject\",\"inLanguage\":\"bs-BA\",\"@id\":\"https:\/\/sandzakpress.net\/arhiva\/#\/schema\/person\/image\/\",\"url\":\"https:\/\/secure.gravatar.com\/avatar\/a04fd330bfe3a36a72a0ad4a6d89fca7?s=96&d=mm&r=pg\",\"contentUrl\":\"https:\/\/secure.gravatar.com\/avatar\/a04fd330bfe3a36a72a0ad4a6d89fca7?s=96&d=mm&r=pg\",\"caption\":\"bosniak\"},\"url\":\"https:\/\/sandzakpress.net\/arhiva\/author\/bosniak\/\"}]}<\/script>\n<!-- \/ Yoast SEO Premium plugin. -->","yoast_head_json":{"title":"Muftija Muamer ef. Zukorli\u0107 podnio ostavku na funkciju muftije sand\u017ea\u010dkog","robots":{"index":"index","follow":"follow","max-snippet":"max-snippet:-1","max-image-preview":"max-image-preview:large","max-video-preview":"max-video-preview:-1"},"canonical":"https:\/\/sandzakpress.net\/arhiva\/muftija-muamer-ef-zukorlic-podnio-ostavku-na-funkciju-muftije-sandzackog\/","og_locale":"bs_BA","og_type":"article","og_title":"Muftija Muamer ef. Zukorli\u0107 podnio ostavku na funkciju muftije sand\u017ea\u010dkog","og_description":"Novi Pazar &#8211; Na danas (14.03.2016. godine) odr\u017eanoj vanrednoj sjednici Me\u0161ihata IZ-e u Srbiji dosada\u0161nji muftija sand\u017ea\u010dki Muamer ef. Zukorli\u0107 podnio ostavku na tu funkciju, zbog kako navodi bojazni da bi njegov politi\u010dki anga\u017eman negativno uticao na Islamsku zajednicu. \u201cMoja odluka je done\u0161ena, prevashodno sa namjerom da\u00a0 kona\u010dno stavim ta\u010dku na poku\u0161ajima da se moj [&hellip;]","og_url":"https:\/\/sandzakpress.net\/arhiva\/muftija-muamer-ef-zukorlic-podnio-ostavku-na-funkciju-muftije-sandzackog\/","og_site_name":"Sand\u017eak PRESS","article_published_time":"2016-03-14T13:09:33+00:00","article_modified_time":"2016-03-14T13:10:13+00:00","og_image":[{"width":1000,"height":696,"url":"https:\/\/sandzakpress.net\/arhiva\/wp-content\/uploads\/2016\/03\/2-10.jpg","type":"image\/jpeg"}],"author":"bosniak","twitter_card":"summary_large_image","twitter_misc":{"Written by":"bosniak","Est. reading time":"1 minuta"},"schema":{"@context":"https:\/\/schema.org","@graph":[{"@type":"Article","@id":"https:\/\/sandzakpress.net\/arhiva\/muftija-muamer-ef-zukorlic-podnio-ostavku-na-funkciju-muftije-sandzackog\/#article","isPartOf":{"@id":"https:\/\/sandzakpress.net\/arhiva\/muftija-muamer-ef-zukorlic-podnio-ostavku-na-funkciju-muftije-sandzackog\/"},"author":{"name":"bosniak","@id":"https:\/\/sandzakpress.net\/arhiva\/#\/schema\/person\/c8baee722073534b583ea7bdb2e36c02"},"headline":"Muftija Muamer ef. Zukorli\u0107 podnio ostavku na funkciju muftije sand\u017ea\u010dkog","datePublished":"2016-03-14T13:09:33+00:00","dateModified":"2016-03-14T13:10:13+00:00","mainEntityOfPage":{"@id":"https:\/\/sandzakpress.net\/arhiva\/muftija-muamer-ef-zukorlic-podnio-ostavku-na-funkciju-muftije-sandzackog\/"},"wordCount":277,"commentCount":49,"publisher":{"@id":"https:\/\/sandzakpress.net\/arhiva\/#\/schema\/person\/6e72b67d6e51910a1117b3b483ba20bd"},"image":{"@id":"https:\/\/sandzakpress.net\/arhiva\/muftija-muamer-ef-zukorlic-podnio-ostavku-na-funkciju-muftije-sandzackog\/#primaryimage"},"thumbnailUrl":"https:\/\/sandzakpress.net\/arhiva\/wp-content\/uploads\/2016\/03\/2-10.jpg","keywords":["muftija Muamer Zukorli\u0107"],"articleSection":["Novi Pazar","Nacija","VIJESTI DANA"],"inLanguage":"bs-BA","potentialAction":[{"@type":"CommentAction","name":"Comment","target":["https:\/\/sandzakpress.net\/arhiva\/muftija-muamer-ef-zukorlic-podnio-ostavku-na-funkciju-muftije-sandzackog\/#respond"]}]},{"@type":"WebPage","@id":"https:\/\/sandzakpress.net\/arhiva\/muftija-muamer-ef-zukorlic-podnio-ostavku-na-funkciju-muftije-sandzackog\/","url":"https:\/\/sandzakpress.net\/arhiva\/muftija-muamer-ef-zukorlic-podnio-ostavku-na-funkciju-muftije-sandzackog\/","name":"Muftija Muamer ef. Zukorli\u0107 podnio ostavku na funkciju muftije sand\u017ea\u010dkog","isPartOf":{"@id":"https:\/\/sandzakpress.net\/arhiva\/#website"},"primaryImageOfPage":{"@id":"https:\/\/sandzakpress.net\/arhiva\/muftija-muamer-ef-zukorlic-podnio-ostavku-na-funkciju-muftije-sandzackog\/#primaryimage"},"image":{"@id":"https:\/\/sandzakpress.net\/arhiva\/muftija-muamer-ef-zukorlic-podnio-ostavku-na-funkciju-muftije-sandzackog\/#primaryimage"},"thumbnailUrl":"https:\/\/sandzakpress.net\/arhiva\/wp-content\/uploads\/2016\/03\/2-10.jpg","datePublished":"2016-03-14T13:09:33+00:00","dateModified":"2016-03-14T13:10:13+00:00","breadcrumb":{"@id":"https:\/\/sandzakpress.net\/arhiva\/muftija-muamer-ef-zukorlic-podnio-ostavku-na-funkciju-muftije-sandzackog\/#breadcrumb"},"inLanguage":"bs-BA","potentialAction":[{"@type":"ReadAction","target":["https:\/\/sandzakpress.net\/arhiva\/muftija-muamer-ef-zukorlic-podnio-ostavku-na-funkciju-muftije-sandzackog\/"]}]},{"@type":"ImageObject","inLanguage":"bs-BA","@id":"https:\/\/sandzakpress.net\/arhiva\/muftija-muamer-ef-zukorlic-podnio-ostavku-na-funkciju-muftije-sandzackog\/#primaryimage","url":"https:\/\/sandzakpress.net\/arhiva\/wp-content\/uploads\/2016\/03\/2-10.jpg","contentUrl":"https:\/\/sandzakpress.net\/arhiva\/wp-content\/uploads\/2016\/03\/2-10.jpg","width":1000,"height":696},{"@type":"BreadcrumbList","@id":"https:\/\/sandzakpress.net\/arhiva\/muftija-muamer-ef-zukorlic-podnio-ostavku-na-funkciju-muftije-sandzackog\/#breadcrumb","itemListElement":[{"@type":"ListItem","position":1,"name":"Home","item":"https:\/\/sandzakpress.net\/arhiva\/"},{"@type":"ListItem","position":2,"name":"Muftija Muamer ef. Zukorli\u0107 podnio ostavku na funkciju muftije sand\u017ea\u010dkog"}]},{"@type":"WebSite","@id":"https:\/\/sandzakpress.net\/arhiva\/#website","url":"https:\/\/sandzakpress.net\/arhiva\/","name":"Sand\u017eak PRESS","description":"Prve elektronske novine u Sand\u017eaku","publisher":{"@id":"https:\/\/sandzakpress.net\/arhiva\/#\/schema\/person\/6e72b67d6e51910a1117b3b483ba20bd"},"potentialAction":[{"@type":"SearchAction","target":{"@type":"EntryPoint","urlTemplate":"https:\/\/sandzakpress.net\/arhiva\/?s={search_term_string}"},"query-input":{"@type":"PropertyValueSpecification","valueRequired":true,"valueName":"search_term_string"}}],"inLanguage":"bs-BA"},{"@type":["Person","Organization"],"@id":"https:\/\/sandzakpress.net\/arhiva\/#\/schema\/person\/6e72b67d6e51910a1117b3b483ba20bd","name":"Kul","image":{"@type":"ImageObject","inLanguage":"bs-BA","@id":"https:\/\/sandzakpress.net\/arhiva\/#\/schema\/person\/image\/","url":"https:\/\/secure.gravatar.com\/avatar\/42263f39aa27ac04c43cab85c280eb2e?s=96&d=mm&r=pg","contentUrl":"https:\/\/secure.gravatar.com\/avatar\/42263f39aa27ac04c43cab85c280eb2e?s=96&d=mm&r=pg","caption":"Kul"},"logo":{"@id":"https:\/\/sandzakpress.net\/arhiva\/#\/schema\/person\/image\/"}},{"@type":"Person","@id":"https:\/\/sandzakpress.net\/arhiva\/#\/schema\/person\/c8baee722073534b583ea7bdb2e36c02","name":"bosniak","image":{"@type":"ImageObject","inLanguage":"bs-BA","@id":"https:\/\/sandzakpress.net\/arhiva\/#\/schema\/person\/image\/","url":"https:\/\/secure.gravatar.com\/avatar\/a04fd330bfe3a36a72a0ad4a6d89fca7?s=96&d=mm&r=pg","contentUrl":"https:\/\/secure.gravatar.com\/avatar\/a04fd330bfe3a36a72a0ad4a6d89fca7?s=96&d=mm&r=pg","caption":"bosniak"},"url":"https:\/\/sandzakpress.net\/arhiva\/author\/bosniak\/"}]}},"_links":{"self":[{"href":"https:\/\/sandzakpress.net\/arhiva\/wp-json\/wp\/v2\/posts\/157115"}],"collection":[{"href":"https:\/\/sandzakpress.net\/arhiva\/wp-json\/wp\/v2\/posts"}],"about":[{"href":"https:\/\/sandzakpress.net\/arhiva\/wp-json\/wp\/v2\/types\/post"}],"author":[{"embeddable":true,"href":"https:\/\/sandzakpress.net\/arhiva\/wp-json\/wp\/v2\/users\/83"}],"replies":[{"embeddable":true,"href":"https:\/\/sandzakpress.net\/arhiva\/wp-json\/wp\/v2\/comments?post=157115"}],"version-history":[{"count":0,"href":"https:\/\/sandzakpress.net\/arhiva\/wp-json\/wp\/v2\/posts\/157115\/revisions"}],"wp:featuredmedia":[{"embeddable":true,"href":"https:\/\/sandzakpress.net\/arhiva\/wp-json\/wp\/v2\/media\/157116"}],"wp:attachment":[{"href":"https:\/\/sandzakpress.net\/arhiva\/wp-json\/wp\/v2\/media?parent=157115"}],"wp:term":[{"taxonomy":"category","embeddable":true,"href":"https:\/\/sandzakpress.net\/arhiva\/wp-json\/wp\/v2\/categories?post=157115"},{"taxonomy":"post_tag","embeddable":true,"href":"https:\/\/sandzakpress.net\/arhiva\/wp-json\/wp\/v2\/tags?post=157115"}],"curies":[{"name":"wp","href":"https:\/\/api.w.org\/{rel}","templated":true}]}}