{"id":157078,"date":"2016-03-13T22:40:22","date_gmt":"2016-03-13T21:40:22","guid":{"rendered":"https:\/\/sandzakpress.net\/arhiva\/izvinjenje-ravnogorskog-pokreta-svaki-ucesnik-skupa-licno-odgovara-za-svoje-postupke"},"modified":"2016-03-13T22:40:22","modified_gmt":"2016-03-13T21:40:22","slug":"izvinjenje-ravnogorskog-pokreta-svaki-ucesnik-skupa-licno-odgovara-za-svoje-postupke","status":"publish","type":"post","link":"https:\/\/sandzakpress.net\/arhiva\/izvinjenje-ravnogorskog-pokreta-svaki-ucesnik-skupa-licno-odgovara-za-svoje-postupke\/","title":{"rendered":"Izvinjenje Ravnogorskog pokreta: Svaki u\u010desnik skupa li\u010dno odgovara za svoje postupke"},"content":{"rendered":"<p style=\"text-align: justify\"><strong><a href=\"http:\/\/bosnapress.net\/wp-content\/uploads\/2016\/03\/b_160313080.jpg\"><img loading=\"lazy\" decoding=\"async\" class=\"alignnone size-large wp-image-174916\" src=\"http:\/\/bosnapress.net\/wp-content\/uploads\/2016\/03\/b_160313080-616x412.jpg\" alt=\"b_160313080\" width=\"600\" height=\"401\" \/><\/a>Vi\u0161egrad \u2013 Povodom dana\u0161njeg napada na novinare u Vi\u0161egradu oglasio se Ravnogorski pokret Vi\u0161egrad.<\/strong><\/p>\n<p style=\"text-align: justify\">\u201cVe\u0107 20 godina Ravnogorski Pokret Otad\u017ebine Srpske \u2018Op\u0161tinski odbor Vi\u0161egrad\u2019 organizuje pomen i parastos povodom hap\u0161enja generala Mihajlovi\u0107a kao i pogibije njegovih pratilaca oficira Vasiljevi\u0107a, Kova\u010da i Majstorovi\u0107a 13. marta 1946 godine. Nikad se nije desio ni najmanji incident prilikom okupljanja na Trgu palih boraca u Vi\u0161egradu i obavljanje vjerskog obreda u Manastiru Svetog Nikolaja u Dobrunskoj Rijeci\u201d, navodi se u saop\u0161tenju.<\/p>\n<p>Isti\u010du da su godinama bile prisutne brojne televizije iz regiona i nikada se nije desio bilo kakav incident.<\/p>\n<p>\u201cOvaj put novinari Federalne televizije su se blagovremeno najavili i pitali da li mogu da prisustvuju skupu. Re\u010deno im je da je skup javni i otvorenog tipa i da su godinama bile prisutne novinarske ekipe raznih medija. Pomenuti incident u kome nisu bili svjedoci organizatori skupa desio se van prostora Kompleksa Dra\u017eevina na magistralnom putu Vi\u0161egrad \u2013 Priboj. U to vrijeme ve\u0107ina u\u010desnika i organizatori su prisustvavali parastotsu 600 metara od mjesta doga\u0111aja. Prilikom prijave javnog skupa koji je obavljen po zakonu navedeno je da svaki u\u010desnik skupa li\u010dno odgovara za svoje postupke i eventualno kr\u0161enje javnog reda i mira. Ravnogorski Pokret Vi\u0161egrad se izvinjava novinarima FTV i N1 na neugodnostima koje su do\u017eivjeli\u201d, zaklju\u010duje se u saop\u0161tenju.<\/p>\n<p style=\"text-align: justify\">\/klix\/<\/p>\n<p>Pogledajte vijest na izvornom sajtu:<\/p>\n<p><a href=\"http:\/\/bosnapress.net\/izvinjenje-ravnogorskog-pokreta-svaki-ucesnik-skupa-licno-odgovara-za-svoje-postupke\/\" target=\"_blank\">Izvinjenje Ravnogorskog pokreta: Svaki u\u010desnik skupa li\u010dno odgovara za svoje postupke<\/a><\/p>\n","protected":false},"excerpt":{"rendered":"<p>Vi\u0161egrad \u2013 Povodom dana\u0161njeg napada na novinare u Vi\u0161egradu oglasio se Ravnogorski pokret Vi\u0161egrad. \u201cVe\u0107 20 godina Ravnogorski Pokret Otad\u017ebine Srpske \u2018Op\u0161tinski odbor Vi\u0161egrad\u2019 organizuje pomen i parastos povodom hap\u0161enja generala Mihajlovi\u0107a kao i pogibije njegovih pratilaca oficira Vasiljevi\u0107a, Kova\u010da i Majstorovi\u0107a 13. marta 1946 godine. Nikad se nije desio ni najmanji incident prilikom okupljanja [&hellip;]<\/p>\n","protected":false},"author":83,"featured_media":157080,"comment_status":"open","ping_status":"open","sticky":false,"template":"","format":"standard","meta":{"footnotes":""},"categories":[10513],"tags":[10466],"class_list":{"0":"post-157078","1":"post","2":"type-post","3":"status-publish","4":"format-standard","5":"has-post-thumbnail","7":"category-bosna-press","8":"tag-bosna-i-hercegovina"},"yoast_head":"<!-- This site is optimized with the Yoast SEO Premium plugin v23.1 (Yoast SEO v24.9) - https:\/\/yoast.com\/wordpress\/plugins\/seo\/ -->\n<title>Izvinjenje Ravnogorskog pokreta: Svaki u\u010desnik skupa li\u010dno odgovara za svoje postupke<\/title>\n<meta name=\"robots\" content=\"index, follow, max-snippet:-1, max-image-preview:large, max-video-preview:-1\" \/>\n<link rel=\"canonical\" href=\"https:\/\/sandzakpress.net\/arhiva\/izvinjenje-ravnogorskog-pokreta-svaki-ucesnik-skupa-licno-odgovara-za-svoje-postupke\/\" \/>\n<meta property=\"og:locale\" content=\"bs_BA\" \/>\n<meta property=\"og:type\" content=\"article\" \/>\n<meta property=\"og:title\" content=\"Izvinjenje Ravnogorskog pokreta: Svaki u\u010desnik skupa li\u010dno odgovara za svoje postupke\" \/>\n<meta property=\"og:description\" content=\"Vi\u0161egrad \u2013 Povodom dana\u0161njeg napada na novinare u Vi\u0161egradu oglasio se Ravnogorski pokret Vi\u0161egrad. \u201cVe\u0107 20 godina Ravnogorski Pokret Otad\u017ebine Srpske \u2018Op\u0161tinski odbor Vi\u0161egrad\u2019 organizuje pomen i parastos povodom hap\u0161enja generala Mihajlovi\u0107a kao i pogibije njegovih pratilaca oficira Vasiljevi\u0107a, Kova\u010da i Majstorovi\u0107a 13. marta 1946 godine. Nikad se nije desio ni najmanji incident prilikom okupljanja [&hellip;]\" \/>\n<meta property=\"og:url\" content=\"https:\/\/sandzakpress.net\/arhiva\/izvinjenje-ravnogorskog-pokreta-svaki-ucesnik-skupa-licno-odgovara-za-svoje-postupke\/\" \/>\n<meta property=\"og:site_name\" content=\"Sand\u017eak PRESS\" \/>\n<meta property=\"article:published_time\" content=\"2016-03-13T21:40:22+00:00\" \/>\n<meta property=\"og:image\" content=\"https:\/\/sandzakpress.net\/arhiva\/wp-content\/uploads\/2016\/03\/b_160313080-616x412-1.jpg\" \/>\n\t<meta property=\"og:image:width\" content=\"616\" \/>\n\t<meta property=\"og:image:height\" content=\"412\" \/>\n\t<meta property=\"og:image:type\" content=\"image\/jpeg\" \/>\n<meta name=\"author\" content=\"bosniak\" \/>\n<meta name=\"twitter:card\" content=\"summary_large_image\" \/>\n<meta name=\"twitter:label1\" content=\"Written by\" \/>\n\t<meta name=\"twitter:data1\" content=\"bosniak\" \/>\n\t<meta name=\"twitter:label2\" content=\"Est. reading time\" \/>\n\t<meta name=\"twitter:data2\" content=\"1 minuta\" \/>\n<script type=\"application\/ld+json\" class=\"yoast-schema-graph\">{\"@context\":\"https:\/\/schema.org\",\"@graph\":[{\"@type\":\"Article\",\"@id\":\"https:\/\/sandzakpress.net\/arhiva\/izvinjenje-ravnogorskog-pokreta-svaki-ucesnik-skupa-licno-odgovara-za-svoje-postupke\/#article\",\"isPartOf\":{\"@id\":\"https:\/\/sandzakpress.net\/arhiva\/izvinjenje-ravnogorskog-pokreta-svaki-ucesnik-skupa-licno-odgovara-za-svoje-postupke\/\"},\"author\":{\"name\":\"bosniak\",\"@id\":\"https:\/\/sandzakpress.net\/arhiva\/#\/schema\/person\/c8baee722073534b583ea7bdb2e36c02\"},\"headline\":\"Izvinjenje Ravnogorskog pokreta: Svaki u\u010desnik skupa li\u010dno odgovara za svoje postupke\",\"datePublished\":\"2016-03-13T21:40:22+00:00\",\"mainEntityOfPage\":{\"@id\":\"https:\/\/sandzakpress.net\/arhiva\/izvinjenje-ravnogorskog-pokreta-svaki-ucesnik-skupa-licno-odgovara-za-svoje-postupke\/\"},\"wordCount\":266,\"commentCount\":6,\"publisher\":{\"@id\":\"https:\/\/sandzakpress.net\/arhiva\/#\/schema\/person\/6e72b67d6e51910a1117b3b483ba20bd\"},\"image\":{\"@id\":\"https:\/\/sandzakpress.net\/arhiva\/izvinjenje-ravnogorskog-pokreta-svaki-ucesnik-skupa-licno-odgovara-za-svoje-postupke\/#primaryimage\"},\"thumbnailUrl\":\"https:\/\/sandzakpress.net\/arhiva\/wp-content\/uploads\/2016\/03\/b_160313080-616x412-1.jpg\",\"keywords\":[\"Bosna i Hercegovina\"],\"articleSection\":[\"Bosna PRESS\"],\"inLanguage\":\"bs-BA\",\"potentialAction\":[{\"@type\":\"CommentAction\",\"name\":\"Comment\",\"target\":[\"https:\/\/sandzakpress.net\/arhiva\/izvinjenje-ravnogorskog-pokreta-svaki-ucesnik-skupa-licno-odgovara-za-svoje-postupke\/#respond\"]}]},{\"@type\":\"WebPage\",\"@id\":\"https:\/\/sandzakpress.net\/arhiva\/izvinjenje-ravnogorskog-pokreta-svaki-ucesnik-skupa-licno-odgovara-za-svoje-postupke\/\",\"url\":\"https:\/\/sandzakpress.net\/arhiva\/izvinjenje-ravnogorskog-pokreta-svaki-ucesnik-skupa-licno-odgovara-za-svoje-postupke\/\",\"name\":\"Izvinjenje Ravnogorskog pokreta: Svaki u\u010desnik skupa li\u010dno odgovara za svoje postupke\",\"isPartOf\":{\"@id\":\"https:\/\/sandzakpress.net\/arhiva\/#website\"},\"primaryImageOfPage\":{\"@id\":\"https:\/\/sandzakpress.net\/arhiva\/izvinjenje-ravnogorskog-pokreta-svaki-ucesnik-skupa-licno-odgovara-za-svoje-postupke\/#primaryimage\"},\"image\":{\"@id\":\"https:\/\/sandzakpress.net\/arhiva\/izvinjenje-ravnogorskog-pokreta-svaki-ucesnik-skupa-licno-odgovara-za-svoje-postupke\/#primaryimage\"},\"thumbnailUrl\":\"https:\/\/sandzakpress.net\/arhiva\/wp-content\/uploads\/2016\/03\/b_160313080-616x412-1.jpg\",\"datePublished\":\"2016-03-13T21:40:22+00:00\",\"breadcrumb\":{\"@id\":\"https:\/\/sandzakpress.net\/arhiva\/izvinjenje-ravnogorskog-pokreta-svaki-ucesnik-skupa-licno-odgovara-za-svoje-postupke\/#breadcrumb\"},\"inLanguage\":\"bs-BA\",\"potentialAction\":[{\"@type\":\"ReadAction\",\"target\":[\"https:\/\/sandzakpress.net\/arhiva\/izvinjenje-ravnogorskog-pokreta-svaki-ucesnik-skupa-licno-odgovara-za-svoje-postupke\/\"]}]},{\"@type\":\"ImageObject\",\"inLanguage\":\"bs-BA\",\"@id\":\"https:\/\/sandzakpress.net\/arhiva\/izvinjenje-ravnogorskog-pokreta-svaki-ucesnik-skupa-licno-odgovara-za-svoje-postupke\/#primaryimage\",\"url\":\"https:\/\/sandzakpress.net\/arhiva\/wp-content\/uploads\/2016\/03\/b_160313080-616x412-1.jpg\",\"contentUrl\":\"https:\/\/sandzakpress.net\/arhiva\/wp-content\/uploads\/2016\/03\/b_160313080-616x412-1.jpg\",\"width\":616,\"height\":412},{\"@type\":\"BreadcrumbList\",\"@id\":\"https:\/\/sandzakpress.net\/arhiva\/izvinjenje-ravnogorskog-pokreta-svaki-ucesnik-skupa-licno-odgovara-za-svoje-postupke\/#breadcrumb\",\"itemListElement\":[{\"@type\":\"ListItem\",\"position\":1,\"name\":\"Home\",\"item\":\"https:\/\/sandzakpress.net\/arhiva\/\"},{\"@type\":\"ListItem\",\"position\":2,\"name\":\"Izvinjenje Ravnogorskog pokreta: Svaki u\u010desnik skupa li\u010dno odgovara za svoje postupke\"}]},{\"@type\":\"WebSite\",\"@id\":\"https:\/\/sandzakpress.net\/arhiva\/#website\",\"url\":\"https:\/\/sandzakpress.net\/arhiva\/\",\"name\":\"Sand\u017eak PRESS\",\"description\":\"Prve elektronske novine u Sand\u017eaku\",\"publisher\":{\"@id\":\"https:\/\/sandzakpress.net\/arhiva\/#\/schema\/person\/6e72b67d6e51910a1117b3b483ba20bd\"},\"potentialAction\":[{\"@type\":\"SearchAction\",\"target\":{\"@type\":\"EntryPoint\",\"urlTemplate\":\"https:\/\/sandzakpress.net\/arhiva\/?s={search_term_string}\"},\"query-input\":{\"@type\":\"PropertyValueSpecification\",\"valueRequired\":true,\"valueName\":\"search_term_string\"}}],\"inLanguage\":\"bs-BA\"},{\"@type\":[\"Person\",\"Organization\"],\"@id\":\"https:\/\/sandzakpress.net\/arhiva\/#\/schema\/person\/6e72b67d6e51910a1117b3b483ba20bd\",\"name\":\"Kul\",\"image\":{\"@type\":\"ImageObject\",\"inLanguage\":\"bs-BA\",\"@id\":\"https:\/\/sandzakpress.net\/arhiva\/#\/schema\/person\/image\/\",\"url\":\"https:\/\/secure.gravatar.com\/avatar\/42263f39aa27ac04c43cab85c280eb2e?s=96&d=mm&r=pg\",\"contentUrl\":\"https:\/\/secure.gravatar.com\/avatar\/42263f39aa27ac04c43cab85c280eb2e?s=96&d=mm&r=pg\",\"caption\":\"Kul\"},\"logo\":{\"@id\":\"https:\/\/sandzakpress.net\/arhiva\/#\/schema\/person\/image\/\"}},{\"@type\":\"Person\",\"@id\":\"https:\/\/sandzakpress.net\/arhiva\/#\/schema\/person\/c8baee722073534b583ea7bdb2e36c02\",\"name\":\"bosniak\",\"image\":{\"@type\":\"ImageObject\",\"inLanguage\":\"bs-BA\",\"@id\":\"https:\/\/sandzakpress.net\/arhiva\/#\/schema\/person\/image\/\",\"url\":\"https:\/\/secure.gravatar.com\/avatar\/a04fd330bfe3a36a72a0ad4a6d89fca7?s=96&d=mm&r=pg\",\"contentUrl\":\"https:\/\/secure.gravatar.com\/avatar\/a04fd330bfe3a36a72a0ad4a6d89fca7?s=96&d=mm&r=pg\",\"caption\":\"bosniak\"},\"url\":\"https:\/\/sandzakpress.net\/arhiva\/author\/bosniak\/\"}]}<\/script>\n<!-- \/ Yoast SEO Premium plugin. -->","yoast_head_json":{"title":"Izvinjenje Ravnogorskog pokreta: Svaki u\u010desnik skupa li\u010dno odgovara za svoje postupke","robots":{"index":"index","follow":"follow","max-snippet":"max-snippet:-1","max-image-preview":"max-image-preview:large","max-video-preview":"max-video-preview:-1"},"canonical":"https:\/\/sandzakpress.net\/arhiva\/izvinjenje-ravnogorskog-pokreta-svaki-ucesnik-skupa-licno-odgovara-za-svoje-postupke\/","og_locale":"bs_BA","og_type":"article","og_title":"Izvinjenje Ravnogorskog pokreta: Svaki u\u010desnik skupa li\u010dno odgovara za svoje postupke","og_description":"Vi\u0161egrad \u2013 Povodom dana\u0161njeg napada na novinare u Vi\u0161egradu oglasio se Ravnogorski pokret Vi\u0161egrad. \u201cVe\u0107 20 godina Ravnogorski Pokret Otad\u017ebine Srpske \u2018Op\u0161tinski odbor Vi\u0161egrad\u2019 organizuje pomen i parastos povodom hap\u0161enja generala Mihajlovi\u0107a kao i pogibije njegovih pratilaca oficira Vasiljevi\u0107a, Kova\u010da i Majstorovi\u0107a 13. marta 1946 godine. Nikad se nije desio ni najmanji incident prilikom okupljanja [&hellip;]","og_url":"https:\/\/sandzakpress.net\/arhiva\/izvinjenje-ravnogorskog-pokreta-svaki-ucesnik-skupa-licno-odgovara-za-svoje-postupke\/","og_site_name":"Sand\u017eak PRESS","article_published_time":"2016-03-13T21:40:22+00:00","og_image":[{"width":616,"height":412,"url":"https:\/\/sandzakpress.net\/arhiva\/wp-content\/uploads\/2016\/03\/b_160313080-616x412-1.jpg","type":"image\/jpeg"}],"author":"bosniak","twitter_card":"summary_large_image","twitter_misc":{"Written by":"bosniak","Est. reading time":"1 minuta"},"schema":{"@context":"https:\/\/schema.org","@graph":[{"@type":"Article","@id":"https:\/\/sandzakpress.net\/arhiva\/izvinjenje-ravnogorskog-pokreta-svaki-ucesnik-skupa-licno-odgovara-za-svoje-postupke\/#article","isPartOf":{"@id":"https:\/\/sandzakpress.net\/arhiva\/izvinjenje-ravnogorskog-pokreta-svaki-ucesnik-skupa-licno-odgovara-za-svoje-postupke\/"},"author":{"name":"bosniak","@id":"https:\/\/sandzakpress.net\/arhiva\/#\/schema\/person\/c8baee722073534b583ea7bdb2e36c02"},"headline":"Izvinjenje Ravnogorskog pokreta: Svaki u\u010desnik skupa li\u010dno odgovara za svoje postupke","datePublished":"2016-03-13T21:40:22+00:00","mainEntityOfPage":{"@id":"https:\/\/sandzakpress.net\/arhiva\/izvinjenje-ravnogorskog-pokreta-svaki-ucesnik-skupa-licno-odgovara-za-svoje-postupke\/"},"wordCount":266,"commentCount":6,"publisher":{"@id":"https:\/\/sandzakpress.net\/arhiva\/#\/schema\/person\/6e72b67d6e51910a1117b3b483ba20bd"},"image":{"@id":"https:\/\/sandzakpress.net\/arhiva\/izvinjenje-ravnogorskog-pokreta-svaki-ucesnik-skupa-licno-odgovara-za-svoje-postupke\/#primaryimage"},"thumbnailUrl":"https:\/\/sandzakpress.net\/arhiva\/wp-content\/uploads\/2016\/03\/b_160313080-616x412-1.jpg","keywords":["Bosna i Hercegovina"],"articleSection":["Bosna PRESS"],"inLanguage":"bs-BA","potentialAction":[{"@type":"CommentAction","name":"Comment","target":["https:\/\/sandzakpress.net\/arhiva\/izvinjenje-ravnogorskog-pokreta-svaki-ucesnik-skupa-licno-odgovara-za-svoje-postupke\/#respond"]}]},{"@type":"WebPage","@id":"https:\/\/sandzakpress.net\/arhiva\/izvinjenje-ravnogorskog-pokreta-svaki-ucesnik-skupa-licno-odgovara-za-svoje-postupke\/","url":"https:\/\/sandzakpress.net\/arhiva\/izvinjenje-ravnogorskog-pokreta-svaki-ucesnik-skupa-licno-odgovara-za-svoje-postupke\/","name":"Izvinjenje Ravnogorskog pokreta: Svaki u\u010desnik skupa li\u010dno odgovara za svoje postupke","isPartOf":{"@id":"https:\/\/sandzakpress.net\/arhiva\/#website"},"primaryImageOfPage":{"@id":"https:\/\/sandzakpress.net\/arhiva\/izvinjenje-ravnogorskog-pokreta-svaki-ucesnik-skupa-licno-odgovara-za-svoje-postupke\/#primaryimage"},"image":{"@id":"https:\/\/sandzakpress.net\/arhiva\/izvinjenje-ravnogorskog-pokreta-svaki-ucesnik-skupa-licno-odgovara-za-svoje-postupke\/#primaryimage"},"thumbnailUrl":"https:\/\/sandzakpress.net\/arhiva\/wp-content\/uploads\/2016\/03\/b_160313080-616x412-1.jpg","datePublished":"2016-03-13T21:40:22+00:00","breadcrumb":{"@id":"https:\/\/sandzakpress.net\/arhiva\/izvinjenje-ravnogorskog-pokreta-svaki-ucesnik-skupa-licno-odgovara-za-svoje-postupke\/#breadcrumb"},"inLanguage":"bs-BA","potentialAction":[{"@type":"ReadAction","target":["https:\/\/sandzakpress.net\/arhiva\/izvinjenje-ravnogorskog-pokreta-svaki-ucesnik-skupa-licno-odgovara-za-svoje-postupke\/"]}]},{"@type":"ImageObject","inLanguage":"bs-BA","@id":"https:\/\/sandzakpress.net\/arhiva\/izvinjenje-ravnogorskog-pokreta-svaki-ucesnik-skupa-licno-odgovara-za-svoje-postupke\/#primaryimage","url":"https:\/\/sandzakpress.net\/arhiva\/wp-content\/uploads\/2016\/03\/b_160313080-616x412-1.jpg","contentUrl":"https:\/\/sandzakpress.net\/arhiva\/wp-content\/uploads\/2016\/03\/b_160313080-616x412-1.jpg","width":616,"height":412},{"@type":"BreadcrumbList","@id":"https:\/\/sandzakpress.net\/arhiva\/izvinjenje-ravnogorskog-pokreta-svaki-ucesnik-skupa-licno-odgovara-za-svoje-postupke\/#breadcrumb","itemListElement":[{"@type":"ListItem","position":1,"name":"Home","item":"https:\/\/sandzakpress.net\/arhiva\/"},{"@type":"ListItem","position":2,"name":"Izvinjenje Ravnogorskog pokreta: Svaki u\u010desnik skupa li\u010dno odgovara za svoje postupke"}]},{"@type":"WebSite","@id":"https:\/\/sandzakpress.net\/arhiva\/#website","url":"https:\/\/sandzakpress.net\/arhiva\/","name":"Sand\u017eak PRESS","description":"Prve elektronske novine u Sand\u017eaku","publisher":{"@id":"https:\/\/sandzakpress.net\/arhiva\/#\/schema\/person\/6e72b67d6e51910a1117b3b483ba20bd"},"potentialAction":[{"@type":"SearchAction","target":{"@type":"EntryPoint","urlTemplate":"https:\/\/sandzakpress.net\/arhiva\/?s={search_term_string}"},"query-input":{"@type":"PropertyValueSpecification","valueRequired":true,"valueName":"search_term_string"}}],"inLanguage":"bs-BA"},{"@type":["Person","Organization"],"@id":"https:\/\/sandzakpress.net\/arhiva\/#\/schema\/person\/6e72b67d6e51910a1117b3b483ba20bd","name":"Kul","image":{"@type":"ImageObject","inLanguage":"bs-BA","@id":"https:\/\/sandzakpress.net\/arhiva\/#\/schema\/person\/image\/","url":"https:\/\/secure.gravatar.com\/avatar\/42263f39aa27ac04c43cab85c280eb2e?s=96&d=mm&r=pg","contentUrl":"https:\/\/secure.gravatar.com\/avatar\/42263f39aa27ac04c43cab85c280eb2e?s=96&d=mm&r=pg","caption":"Kul"},"logo":{"@id":"https:\/\/sandzakpress.net\/arhiva\/#\/schema\/person\/image\/"}},{"@type":"Person","@id":"https:\/\/sandzakpress.net\/arhiva\/#\/schema\/person\/c8baee722073534b583ea7bdb2e36c02","name":"bosniak","image":{"@type":"ImageObject","inLanguage":"bs-BA","@id":"https:\/\/sandzakpress.net\/arhiva\/#\/schema\/person\/image\/","url":"https:\/\/secure.gravatar.com\/avatar\/a04fd330bfe3a36a72a0ad4a6d89fca7?s=96&d=mm&r=pg","contentUrl":"https:\/\/secure.gravatar.com\/avatar\/a04fd330bfe3a36a72a0ad4a6d89fca7?s=96&d=mm&r=pg","caption":"bosniak"},"url":"https:\/\/sandzakpress.net\/arhiva\/author\/bosniak\/"}]}},"_links":{"self":[{"href":"https:\/\/sandzakpress.net\/arhiva\/wp-json\/wp\/v2\/posts\/157078"}],"collection":[{"href":"https:\/\/sandzakpress.net\/arhiva\/wp-json\/wp\/v2\/posts"}],"about":[{"href":"https:\/\/sandzakpress.net\/arhiva\/wp-json\/wp\/v2\/types\/post"}],"author":[{"embeddable":true,"href":"https:\/\/sandzakpress.net\/arhiva\/wp-json\/wp\/v2\/users\/83"}],"replies":[{"embeddable":true,"href":"https:\/\/sandzakpress.net\/arhiva\/wp-json\/wp\/v2\/comments?post=157078"}],"version-history":[{"count":0,"href":"https:\/\/sandzakpress.net\/arhiva\/wp-json\/wp\/v2\/posts\/157078\/revisions"}],"wp:featuredmedia":[{"embeddable":true,"href":"https:\/\/sandzakpress.net\/arhiva\/wp-json\/wp\/v2\/media\/157080"}],"wp:attachment":[{"href":"https:\/\/sandzakpress.net\/arhiva\/wp-json\/wp\/v2\/media?parent=157078"}],"wp:term":[{"taxonomy":"category","embeddable":true,"href":"https:\/\/sandzakpress.net\/arhiva\/wp-json\/wp\/v2\/categories?post=157078"},{"taxonomy":"post_tag","embeddable":true,"href":"https:\/\/sandzakpress.net\/arhiva\/wp-json\/wp\/v2\/tags?post=157078"}],"curies":[{"name":"wp","href":"https:\/\/api.w.org\/{rel}","templated":true}]}}