{"id":156675,"date":"2016-03-08T11:11:17","date_gmt":"2016-03-08T10:11:17","guid":{"rendered":"https:\/\/sandzakpress.net\/arhiva\/?p=156675"},"modified":"2016-03-08T14:34:33","modified_gmt":"2016-03-08T13:34:33","slug":"sjednica-unije-studenata-islamskih-fakulteta-odrzana-na-fis-u","status":"publish","type":"post","link":"https:\/\/sandzakpress.net\/arhiva\/sjednica-unije-studenata-islamskih-fakulteta-odrzana-na-fis-u\/","title":{"rendered":"Sjednica Unije studenata islamskih fakulteta odr\u017eana na FIS-u"},"content":{"rendered":"<p><img loading=\"lazy\" decoding=\"async\" class=\"\" src=\"http:\/\/mesihat.org\/wp-content\/uploads\/2016\/03\/image-26573f00cb908af3f01a96a8c07d376eb53fdf414c109b49f79521206e52db96-V-533x300.jpg\" alt=\"image-26573f00cb908af3f01a96a8c07d376eb53fdf414c109b49f79521206e52db96-V\" width=\"556\" height=\"313\" \/><\/p>\n<p><strong>Novi Pazar &#8211; Novi Pazar je bio doma\u0107in sjednice Unije studenata islamskih fakulteta od 05.03.-06.03.2016 godine . Unije koja obuhvata \u010detiri islamska fakulteta iz Biha\u0107a, Zenice, Sarajeva i Novog Pazara. Studenti iz Novog Pazara su pokazali da su pravi doma\u0107ini jer epicentar jedinstva ovih dana je bio u prijestolnici Sand\u017eaka.<span id=\"more-31457\"><\/span><span id=\"more-3395\"><\/span><\/strong><\/p>\n<p>Prvog dana studenti su prisustvovali Me\u0111unarodnoj konferenciji na kojoj su prisustvovali predstavnici islamskih zajednica regiona i svijeta. Tako\u0111er studenti su imali sastanak sa muftijom sand\u017ea\u010dkim Muamer ef. Zukorli\u0107em koji je dragocjene, tople i zlata vrijedne savjete uputio studentima.<br \/>Tako\u0111er predsjednik Me\u0161ihata IZ-e \u00a0u Srbiji Mevlud ef.Dudi\u0107 je po\u017eelio dobrodo\u0161licu i izrazio zadovoljstvo \u0161to su gosti u Novom Pazaru, nakon toga sastali su se sa pomo\u0107nikom muftije sand\u017ea\u010dkog za Ju\u017eni Sand\u017eak hafizom Abdurahmanom Kujevi\u0107em, koji je upoznao studente sa stanjem islama i bo\u0161nja\u0161tva u Ju\u017enom Sand\u017eaku i institucijama koje je porobila IZ-a \u00a0u CG.<br \/>Sjednici Unije na Fakultetu za islamske studije prisustvovao je dekan fakulteta dr.Enver Gici\u0107 koji je istakao da su Krajina i Sand\u017eak bedemi Bo\u0161njaka jer ako oni padnu pada i centar, nas duhovni centar Sarajevo.<br \/>Na sjednici su razmatrani projekti koje \u0107e Unija u budu\u0107nosti relizovati,\u00a0 neki od njih bi\u0107e s ciljem ja\u010danja svijesti omladine o nepokolebljivoj sponi koja ve\u017ee Sand\u017eak i Bosnu, jer mladi ljudi su nada na\u0161ih institucija i moraju ustrajati u borbi za zajedni\u010dkim vjerskim i nacionalnim identitetom.<\/p>\n<p><img loading=\"lazy\" decoding=\"async\" class=\"alignleft size-full wp-image-3397\" src=\"http:\/\/fis.edu.rs\/wp-content\/uploads\/2016\/03\/image-c4bc9582c80648cc5d7f3e19d0318caccc9a9e744ddd3746cc8ea20270e38cb6-V.jpg\" sizes=\"(max-width: 1000px) 100vw, 1000px\" srcset=\"http:\/\/fis.edu.rs\/wp-content\/uploads\/2016\/03\/image-c4bc9582c80648cc5d7f3e19d0318caccc9a9e744ddd3746cc8ea20270e38cb6-V-300x169.jpg 300w, http:\/\/fis.edu.rs\/wp-content\/uploads\/2016\/03\/image-c4bc9582c80648cc5d7f3e19d0318caccc9a9e744ddd3746cc8ea20270e38cb6-V-768x432.jpg 768w, http:\/\/fis.edu.rs\/wp-content\/uploads\/2016\/03\/image-c4bc9582c80648cc5d7f3e19d0318caccc9a9e744ddd3746cc8ea20270e38cb6-V-640x360.jpg 640w, http:\/\/fis.edu.rs\/wp-content\/uploads\/2016\/03\/image-c4bc9582c80648cc5d7f3e19d0318caccc9a9e744ddd3746cc8ea20270e38cb6-V.jpg 1000w\" alt=\"image-c4bc9582c80648cc5d7f3e19d0318caccc9a9e744ddd3746cc8ea20270e38cb6-V\" width=\"1000\" height=\"563\" \/><img loading=\"lazy\" decoding=\"async\" class=\"alignleft size-full wp-image-3399\" src=\"http:\/\/fis.edu.rs\/wp-content\/uploads\/2016\/03\/image-d15cedfcce0bcb9636294143c3a954b1a3cb3a47a0115ffc22f51438d2e10b3f-V-1.jpg\" sizes=\"(max-width: 1000px) 100vw, 1000px\" srcset=\"http:\/\/fis.edu.rs\/wp-content\/uploads\/2016\/03\/image-d15cedfcce0bcb9636294143c3a954b1a3cb3a47a0115ffc22f51438d2e10b3f-V-1-300x157.jpg 300w, http:\/\/fis.edu.rs\/wp-content\/uploads\/2016\/03\/image-d15cedfcce0bcb9636294143c3a954b1a3cb3a47a0115ffc22f51438d2e10b3f-V-1-768x401.jpg 768w, http:\/\/fis.edu.rs\/wp-content\/uploads\/2016\/03\/image-d15cedfcce0bcb9636294143c3a954b1a3cb3a47a0115ffc22f51438d2e10b3f-V-1-640x334.jpg 640w, http:\/\/fis.edu.rs\/wp-content\/uploads\/2016\/03\/image-d15cedfcce0bcb9636294143c3a954b1a3cb3a47a0115ffc22f51438d2e10b3f-V-1.jpg 1000w\" alt=\"image-d15cedfcce0bcb9636294143c3a954b1a3cb3a47a0115ffc22f51438d2e10b3f-V (1)\" width=\"1000\" height=\"522\" \/><img loading=\"lazy\" decoding=\"async\" class=\"alignleft size-full wp-image-3400\" src=\"http:\/\/fis.edu.rs\/wp-content\/uploads\/2016\/03\/image-d022d506c7c274c5c78a159378253be84ea4a3b90355cf096707b6b575a8e135-V-Copy.jpg\" sizes=\"(max-width: 1000px) 100vw, 1000px\" srcset=\"http:\/\/fis.edu.rs\/wp-content\/uploads\/2016\/03\/image-d022d506c7c274c5c78a159378253be84ea4a3b90355cf096707b6b575a8e135-V-Copy-300x169.jpg 300w, http:\/\/fis.edu.rs\/wp-content\/uploads\/2016\/03\/image-d022d506c7c274c5c78a159378253be84ea4a3b90355cf096707b6b575a8e135-V-Copy-768x432.jpg 768w, http:\/\/fis.edu.rs\/wp-content\/uploads\/2016\/03\/image-d022d506c7c274c5c78a159378253be84ea4a3b90355cf096707b6b575a8e135-V-Copy-640x360.jpg 640w, http:\/\/fis.edu.rs\/wp-content\/uploads\/2016\/03\/image-d022d506c7c274c5c78a159378253be84ea4a3b90355cf096707b6b575a8e135-V-Copy.jpg 1000w\" alt=\"image-d022d506c7c274c5c78a159378253be84ea4a3b90355cf096707b6b575a8e135-V - Copy\" width=\"1000\" height=\"563\" \/><img loading=\"lazy\" decoding=\"async\" class=\"alignleft size-full wp-image-3398\" src=\"http:\/\/fis.edu.rs\/wp-content\/uploads\/2016\/03\/image-c72f67d0f10709d457773d9005c5e8aea6a249de9bc4cc3c80c462a9ce2e2a0d-V-1-Copy.jpg\" sizes=\"(max-width: 1000px) 100vw, 1000px\" srcset=\"http:\/\/fis.edu.rs\/wp-content\/uploads\/2016\/03\/image-c72f67d0f10709d457773d9005c5e8aea6a249de9bc4cc3c80c462a9ce2e2a0d-V-1-Copy-300x187.jpg 300w, http:\/\/fis.edu.rs\/wp-content\/uploads\/2016\/03\/image-c72f67d0f10709d457773d9005c5e8aea6a249de9bc4cc3c80c462a9ce2e2a0d-V-1-Copy-768x478.jpg 768w, http:\/\/fis.edu.rs\/wp-content\/uploads\/2016\/03\/image-c72f67d0f10709d457773d9005c5e8aea6a249de9bc4cc3c80c462a9ce2e2a0d-V-1-Copy-640x399.jpg 640w, http:\/\/fis.edu.rs\/wp-content\/uploads\/2016\/03\/image-c72f67d0f10709d457773d9005c5e8aea6a249de9bc4cc3c80c462a9ce2e2a0d-V-1-Copy.jpg 1000w\" alt=\"image-c72f67d0f10709d457773d9005c5e8aea6a249de9bc4cc3c80c462a9ce2e2a0d-V (1) - Copy\" width=\"1000\" height=\"623\" \/><\/p>\n","protected":false},"excerpt":{"rendered":"<p>Novi Pazar &#8211; Novi Pazar je bio doma\u0107in sjednice Unije studenata islamskih fakulteta od 05.03.-06.03.2016 godine . Unije koja obuhvata \u010detiri islamska fakulteta iz Biha\u0107a, Zenice, Sarajeva i Novog Pazara. Studenti iz Novog Pazara su pokazali da su pravi doma\u0107ini jer epicentar jedinstva ovih dana je bio u prijestolnici Sand\u017eaka. Prvog dana studenti su prisustvovali [&hellip;]<\/p>\n","protected":false},"author":83,"featured_media":156679,"comment_status":"open","ping_status":"open","sticky":false,"template":"","format":"standard","meta":{"footnotes":""},"categories":[72,802,8957],"tags":[],"class_list":{"0":"post-156675","1":"post","2":"type-post","3":"status-publish","4":"format-standard","5":"has-post-thumbnail","7":"category-novi-pazar","8":"category-islamska_zajednica","9":"category-vijesti-dana"},"yoast_head":"<!-- This site is optimized with the Yoast SEO Premium plugin v23.1 (Yoast SEO v24.9) - https:\/\/yoast.com\/wordpress\/plugins\/seo\/ -->\n<title>Sjednica Unije studenata islamskih fakulteta odr\u017eana na FIS-u<\/title>\n<meta name=\"robots\" content=\"index, follow, max-snippet:-1, max-image-preview:large, max-video-preview:-1\" \/>\n<link rel=\"canonical\" href=\"https:\/\/sandzakpress.net\/arhiva\/sjednica-unije-studenata-islamskih-fakulteta-odrzana-na-fis-u\/\" \/>\n<meta property=\"og:locale\" content=\"bs_BA\" \/>\n<meta property=\"og:type\" content=\"article\" \/>\n<meta property=\"og:title\" content=\"Sjednica Unije studenata islamskih fakulteta odr\u017eana na FIS-u\" \/>\n<meta property=\"og:description\" content=\"Novi Pazar &#8211; Novi Pazar je bio doma\u0107in sjednice Unije studenata islamskih fakulteta od 05.03.-06.03.2016 godine . Unije koja obuhvata \u010detiri islamska fakulteta iz Biha\u0107a, Zenice, Sarajeva i Novog Pazara. Studenti iz Novog Pazara su pokazali da su pravi doma\u0107ini jer epicentar jedinstva ovih dana je bio u prijestolnici Sand\u017eaka. Prvog dana studenti su prisustvovali [&hellip;]\" \/>\n<meta property=\"og:url\" content=\"https:\/\/sandzakpress.net\/arhiva\/sjednica-unije-studenata-islamskih-fakulteta-odrzana-na-fis-u\/\" \/>\n<meta property=\"og:site_name\" content=\"Sand\u017eak PRESS\" \/>\n<meta property=\"article:published_time\" content=\"2016-03-08T10:11:17+00:00\" \/>\n<meta property=\"article:modified_time\" content=\"2016-03-08T13:34:33+00:00\" \/>\n<meta property=\"og:image\" content=\"https:\/\/sandzakpress.net\/arhiva\/wp-content\/uploads\/2016\/03\/image-26573f00cb908af3f01a96a8c07d376eb53fdf414c109b49f79521206e52db96-V-533x300.jpg\" \/>\n\t<meta property=\"og:image:width\" content=\"533\" \/>\n\t<meta property=\"og:image:height\" content=\"300\" \/>\n\t<meta property=\"og:image:type\" content=\"image\/jpeg\" \/>\n<meta name=\"author\" content=\"bosniak\" \/>\n<meta name=\"twitter:card\" content=\"summary_large_image\" \/>\n<meta name=\"twitter:label1\" content=\"Written by\" \/>\n\t<meta name=\"twitter:data1\" content=\"bosniak\" \/>\n\t<meta name=\"twitter:label2\" content=\"Est. reading time\" \/>\n\t<meta name=\"twitter:data2\" content=\"1 minuta\" \/>\n<script type=\"application\/ld+json\" class=\"yoast-schema-graph\">{\"@context\":\"https:\/\/schema.org\",\"@graph\":[{\"@type\":\"Article\",\"@id\":\"https:\/\/sandzakpress.net\/arhiva\/sjednica-unije-studenata-islamskih-fakulteta-odrzana-na-fis-u\/#article\",\"isPartOf\":{\"@id\":\"https:\/\/sandzakpress.net\/arhiva\/sjednica-unije-studenata-islamskih-fakulteta-odrzana-na-fis-u\/\"},\"author\":{\"name\":\"bosniak\",\"@id\":\"https:\/\/sandzakpress.net\/arhiva\/#\/schema\/person\/c8baee722073534b583ea7bdb2e36c02\"},\"headline\":\"Sjednica Unije studenata islamskih fakulteta odr\u017eana na FIS-u\",\"datePublished\":\"2016-03-08T10:11:17+00:00\",\"dateModified\":\"2016-03-08T13:34:33+00:00\",\"mainEntityOfPage\":{\"@id\":\"https:\/\/sandzakpress.net\/arhiva\/sjednica-unije-studenata-islamskih-fakulteta-odrzana-na-fis-u\/\"},\"wordCount\":265,\"commentCount\":0,\"publisher\":{\"@id\":\"https:\/\/sandzakpress.net\/arhiva\/#\/schema\/person\/6e72b67d6e51910a1117b3b483ba20bd\"},\"image\":{\"@id\":\"https:\/\/sandzakpress.net\/arhiva\/sjednica-unije-studenata-islamskih-fakulteta-odrzana-na-fis-u\/#primaryimage\"},\"thumbnailUrl\":\"https:\/\/sandzakpress.net\/arhiva\/wp-content\/uploads\/2016\/03\/image-26573f00cb908af3f01a96a8c07d376eb53fdf414c109b49f79521206e52db96-V-533x300.jpg\",\"articleSection\":[\"Novi Pazar\",\"Islamska zajednica\",\"VIJESTI DANA\"],\"inLanguage\":\"bs-BA\",\"potentialAction\":[{\"@type\":\"CommentAction\",\"name\":\"Comment\",\"target\":[\"https:\/\/sandzakpress.net\/arhiva\/sjednica-unije-studenata-islamskih-fakulteta-odrzana-na-fis-u\/#respond\"]}]},{\"@type\":\"WebPage\",\"@id\":\"https:\/\/sandzakpress.net\/arhiva\/sjednica-unije-studenata-islamskih-fakulteta-odrzana-na-fis-u\/\",\"url\":\"https:\/\/sandzakpress.net\/arhiva\/sjednica-unije-studenata-islamskih-fakulteta-odrzana-na-fis-u\/\",\"name\":\"Sjednica Unije studenata islamskih fakulteta odr\u017eana na FIS-u\",\"isPartOf\":{\"@id\":\"https:\/\/sandzakpress.net\/arhiva\/#website\"},\"primaryImageOfPage\":{\"@id\":\"https:\/\/sandzakpress.net\/arhiva\/sjednica-unije-studenata-islamskih-fakulteta-odrzana-na-fis-u\/#primaryimage\"},\"image\":{\"@id\":\"https:\/\/sandzakpress.net\/arhiva\/sjednica-unije-studenata-islamskih-fakulteta-odrzana-na-fis-u\/#primaryimage\"},\"thumbnailUrl\":\"https:\/\/sandzakpress.net\/arhiva\/wp-content\/uploads\/2016\/03\/image-26573f00cb908af3f01a96a8c07d376eb53fdf414c109b49f79521206e52db96-V-533x300.jpg\",\"datePublished\":\"2016-03-08T10:11:17+00:00\",\"dateModified\":\"2016-03-08T13:34:33+00:00\",\"breadcrumb\":{\"@id\":\"https:\/\/sandzakpress.net\/arhiva\/sjednica-unije-studenata-islamskih-fakulteta-odrzana-na-fis-u\/#breadcrumb\"},\"inLanguage\":\"bs-BA\",\"potentialAction\":[{\"@type\":\"ReadAction\",\"target\":[\"https:\/\/sandzakpress.net\/arhiva\/sjednica-unije-studenata-islamskih-fakulteta-odrzana-na-fis-u\/\"]}]},{\"@type\":\"ImageObject\",\"inLanguage\":\"bs-BA\",\"@id\":\"https:\/\/sandzakpress.net\/arhiva\/sjednica-unije-studenata-islamskih-fakulteta-odrzana-na-fis-u\/#primaryimage\",\"url\":\"https:\/\/sandzakpress.net\/arhiva\/wp-content\/uploads\/2016\/03\/image-26573f00cb908af3f01a96a8c07d376eb53fdf414c109b49f79521206e52db96-V-533x300.jpg\",\"contentUrl\":\"https:\/\/sandzakpress.net\/arhiva\/wp-content\/uploads\/2016\/03\/image-26573f00cb908af3f01a96a8c07d376eb53fdf414c109b49f79521206e52db96-V-533x300.jpg\",\"width\":533,\"height\":300},{\"@type\":\"BreadcrumbList\",\"@id\":\"https:\/\/sandzakpress.net\/arhiva\/sjednica-unije-studenata-islamskih-fakulteta-odrzana-na-fis-u\/#breadcrumb\",\"itemListElement\":[{\"@type\":\"ListItem\",\"position\":1,\"name\":\"Home\",\"item\":\"https:\/\/sandzakpress.net\/arhiva\/\"},{\"@type\":\"ListItem\",\"position\":2,\"name\":\"Sjednica Unije studenata islamskih fakulteta odr\u017eana na FIS-u\"}]},{\"@type\":\"WebSite\",\"@id\":\"https:\/\/sandzakpress.net\/arhiva\/#website\",\"url\":\"https:\/\/sandzakpress.net\/arhiva\/\",\"name\":\"Sand\u017eak PRESS\",\"description\":\"Prve elektronske novine u Sand\u017eaku\",\"publisher\":{\"@id\":\"https:\/\/sandzakpress.net\/arhiva\/#\/schema\/person\/6e72b67d6e51910a1117b3b483ba20bd\"},\"potentialAction\":[{\"@type\":\"SearchAction\",\"target\":{\"@type\":\"EntryPoint\",\"urlTemplate\":\"https:\/\/sandzakpress.net\/arhiva\/?s={search_term_string}\"},\"query-input\":{\"@type\":\"PropertyValueSpecification\",\"valueRequired\":true,\"valueName\":\"search_term_string\"}}],\"inLanguage\":\"bs-BA\"},{\"@type\":[\"Person\",\"Organization\"],\"@id\":\"https:\/\/sandzakpress.net\/arhiva\/#\/schema\/person\/6e72b67d6e51910a1117b3b483ba20bd\",\"name\":\"Kul\",\"image\":{\"@type\":\"ImageObject\",\"inLanguage\":\"bs-BA\",\"@id\":\"https:\/\/sandzakpress.net\/arhiva\/#\/schema\/person\/image\/\",\"url\":\"https:\/\/secure.gravatar.com\/avatar\/42263f39aa27ac04c43cab85c280eb2e?s=96&d=mm&r=pg\",\"contentUrl\":\"https:\/\/secure.gravatar.com\/avatar\/42263f39aa27ac04c43cab85c280eb2e?s=96&d=mm&r=pg\",\"caption\":\"Kul\"},\"logo\":{\"@id\":\"https:\/\/sandzakpress.net\/arhiva\/#\/schema\/person\/image\/\"}},{\"@type\":\"Person\",\"@id\":\"https:\/\/sandzakpress.net\/arhiva\/#\/schema\/person\/c8baee722073534b583ea7bdb2e36c02\",\"name\":\"bosniak\",\"image\":{\"@type\":\"ImageObject\",\"inLanguage\":\"bs-BA\",\"@id\":\"https:\/\/sandzakpress.net\/arhiva\/#\/schema\/person\/image\/\",\"url\":\"https:\/\/secure.gravatar.com\/avatar\/a04fd330bfe3a36a72a0ad4a6d89fca7?s=96&d=mm&r=pg\",\"contentUrl\":\"https:\/\/secure.gravatar.com\/avatar\/a04fd330bfe3a36a72a0ad4a6d89fca7?s=96&d=mm&r=pg\",\"caption\":\"bosniak\"},\"url\":\"https:\/\/sandzakpress.net\/arhiva\/author\/bosniak\/\"}]}<\/script>\n<!-- \/ Yoast SEO Premium plugin. -->","yoast_head_json":{"title":"Sjednica Unije studenata islamskih fakulteta odr\u017eana na FIS-u","robots":{"index":"index","follow":"follow","max-snippet":"max-snippet:-1","max-image-preview":"max-image-preview:large","max-video-preview":"max-video-preview:-1"},"canonical":"https:\/\/sandzakpress.net\/arhiva\/sjednica-unije-studenata-islamskih-fakulteta-odrzana-na-fis-u\/","og_locale":"bs_BA","og_type":"article","og_title":"Sjednica Unije studenata islamskih fakulteta odr\u017eana na FIS-u","og_description":"Novi Pazar &#8211; Novi Pazar je bio doma\u0107in sjednice Unije studenata islamskih fakulteta od 05.03.-06.03.2016 godine . Unije koja obuhvata \u010detiri islamska fakulteta iz Biha\u0107a, Zenice, Sarajeva i Novog Pazara. Studenti iz Novog Pazara su pokazali da su pravi doma\u0107ini jer epicentar jedinstva ovih dana je bio u prijestolnici Sand\u017eaka. Prvog dana studenti su prisustvovali [&hellip;]","og_url":"https:\/\/sandzakpress.net\/arhiva\/sjednica-unije-studenata-islamskih-fakulteta-odrzana-na-fis-u\/","og_site_name":"Sand\u017eak PRESS","article_published_time":"2016-03-08T10:11:17+00:00","article_modified_time":"2016-03-08T13:34:33+00:00","og_image":[{"width":533,"height":300,"url":"https:\/\/sandzakpress.net\/arhiva\/wp-content\/uploads\/2016\/03\/image-26573f00cb908af3f01a96a8c07d376eb53fdf414c109b49f79521206e52db96-V-533x300.jpg","type":"image\/jpeg"}],"author":"bosniak","twitter_card":"summary_large_image","twitter_misc":{"Written by":"bosniak","Est. reading time":"1 minuta"},"schema":{"@context":"https:\/\/schema.org","@graph":[{"@type":"Article","@id":"https:\/\/sandzakpress.net\/arhiva\/sjednica-unije-studenata-islamskih-fakulteta-odrzana-na-fis-u\/#article","isPartOf":{"@id":"https:\/\/sandzakpress.net\/arhiva\/sjednica-unije-studenata-islamskih-fakulteta-odrzana-na-fis-u\/"},"author":{"name":"bosniak","@id":"https:\/\/sandzakpress.net\/arhiva\/#\/schema\/person\/c8baee722073534b583ea7bdb2e36c02"},"headline":"Sjednica Unije studenata islamskih fakulteta odr\u017eana na FIS-u","datePublished":"2016-03-08T10:11:17+00:00","dateModified":"2016-03-08T13:34:33+00:00","mainEntityOfPage":{"@id":"https:\/\/sandzakpress.net\/arhiva\/sjednica-unije-studenata-islamskih-fakulteta-odrzana-na-fis-u\/"},"wordCount":265,"commentCount":0,"publisher":{"@id":"https:\/\/sandzakpress.net\/arhiva\/#\/schema\/person\/6e72b67d6e51910a1117b3b483ba20bd"},"image":{"@id":"https:\/\/sandzakpress.net\/arhiva\/sjednica-unije-studenata-islamskih-fakulteta-odrzana-na-fis-u\/#primaryimage"},"thumbnailUrl":"https:\/\/sandzakpress.net\/arhiva\/wp-content\/uploads\/2016\/03\/image-26573f00cb908af3f01a96a8c07d376eb53fdf414c109b49f79521206e52db96-V-533x300.jpg","articleSection":["Novi Pazar","Islamska zajednica","VIJESTI DANA"],"inLanguage":"bs-BA","potentialAction":[{"@type":"CommentAction","name":"Comment","target":["https:\/\/sandzakpress.net\/arhiva\/sjednica-unije-studenata-islamskih-fakulteta-odrzana-na-fis-u\/#respond"]}]},{"@type":"WebPage","@id":"https:\/\/sandzakpress.net\/arhiva\/sjednica-unije-studenata-islamskih-fakulteta-odrzana-na-fis-u\/","url":"https:\/\/sandzakpress.net\/arhiva\/sjednica-unije-studenata-islamskih-fakulteta-odrzana-na-fis-u\/","name":"Sjednica Unije studenata islamskih fakulteta odr\u017eana na FIS-u","isPartOf":{"@id":"https:\/\/sandzakpress.net\/arhiva\/#website"},"primaryImageOfPage":{"@id":"https:\/\/sandzakpress.net\/arhiva\/sjednica-unije-studenata-islamskih-fakulteta-odrzana-na-fis-u\/#primaryimage"},"image":{"@id":"https:\/\/sandzakpress.net\/arhiva\/sjednica-unije-studenata-islamskih-fakulteta-odrzana-na-fis-u\/#primaryimage"},"thumbnailUrl":"https:\/\/sandzakpress.net\/arhiva\/wp-content\/uploads\/2016\/03\/image-26573f00cb908af3f01a96a8c07d376eb53fdf414c109b49f79521206e52db96-V-533x300.jpg","datePublished":"2016-03-08T10:11:17+00:00","dateModified":"2016-03-08T13:34:33+00:00","breadcrumb":{"@id":"https:\/\/sandzakpress.net\/arhiva\/sjednica-unije-studenata-islamskih-fakulteta-odrzana-na-fis-u\/#breadcrumb"},"inLanguage":"bs-BA","potentialAction":[{"@type":"ReadAction","target":["https:\/\/sandzakpress.net\/arhiva\/sjednica-unije-studenata-islamskih-fakulteta-odrzana-na-fis-u\/"]}]},{"@type":"ImageObject","inLanguage":"bs-BA","@id":"https:\/\/sandzakpress.net\/arhiva\/sjednica-unije-studenata-islamskih-fakulteta-odrzana-na-fis-u\/#primaryimage","url":"https:\/\/sandzakpress.net\/arhiva\/wp-content\/uploads\/2016\/03\/image-26573f00cb908af3f01a96a8c07d376eb53fdf414c109b49f79521206e52db96-V-533x300.jpg","contentUrl":"https:\/\/sandzakpress.net\/arhiva\/wp-content\/uploads\/2016\/03\/image-26573f00cb908af3f01a96a8c07d376eb53fdf414c109b49f79521206e52db96-V-533x300.jpg","width":533,"height":300},{"@type":"BreadcrumbList","@id":"https:\/\/sandzakpress.net\/arhiva\/sjednica-unije-studenata-islamskih-fakulteta-odrzana-na-fis-u\/#breadcrumb","itemListElement":[{"@type":"ListItem","position":1,"name":"Home","item":"https:\/\/sandzakpress.net\/arhiva\/"},{"@type":"ListItem","position":2,"name":"Sjednica Unije studenata islamskih fakulteta odr\u017eana na FIS-u"}]},{"@type":"WebSite","@id":"https:\/\/sandzakpress.net\/arhiva\/#website","url":"https:\/\/sandzakpress.net\/arhiva\/","name":"Sand\u017eak PRESS","description":"Prve elektronske novine u Sand\u017eaku","publisher":{"@id":"https:\/\/sandzakpress.net\/arhiva\/#\/schema\/person\/6e72b67d6e51910a1117b3b483ba20bd"},"potentialAction":[{"@type":"SearchAction","target":{"@type":"EntryPoint","urlTemplate":"https:\/\/sandzakpress.net\/arhiva\/?s={search_term_string}"},"query-input":{"@type":"PropertyValueSpecification","valueRequired":true,"valueName":"search_term_string"}}],"inLanguage":"bs-BA"},{"@type":["Person","Organization"],"@id":"https:\/\/sandzakpress.net\/arhiva\/#\/schema\/person\/6e72b67d6e51910a1117b3b483ba20bd","name":"Kul","image":{"@type":"ImageObject","inLanguage":"bs-BA","@id":"https:\/\/sandzakpress.net\/arhiva\/#\/schema\/person\/image\/","url":"https:\/\/secure.gravatar.com\/avatar\/42263f39aa27ac04c43cab85c280eb2e?s=96&d=mm&r=pg","contentUrl":"https:\/\/secure.gravatar.com\/avatar\/42263f39aa27ac04c43cab85c280eb2e?s=96&d=mm&r=pg","caption":"Kul"},"logo":{"@id":"https:\/\/sandzakpress.net\/arhiva\/#\/schema\/person\/image\/"}},{"@type":"Person","@id":"https:\/\/sandzakpress.net\/arhiva\/#\/schema\/person\/c8baee722073534b583ea7bdb2e36c02","name":"bosniak","image":{"@type":"ImageObject","inLanguage":"bs-BA","@id":"https:\/\/sandzakpress.net\/arhiva\/#\/schema\/person\/image\/","url":"https:\/\/secure.gravatar.com\/avatar\/a04fd330bfe3a36a72a0ad4a6d89fca7?s=96&d=mm&r=pg","contentUrl":"https:\/\/secure.gravatar.com\/avatar\/a04fd330bfe3a36a72a0ad4a6d89fca7?s=96&d=mm&r=pg","caption":"bosniak"},"url":"https:\/\/sandzakpress.net\/arhiva\/author\/bosniak\/"}]}},"_links":{"self":[{"href":"https:\/\/sandzakpress.net\/arhiva\/wp-json\/wp\/v2\/posts\/156675"}],"collection":[{"href":"https:\/\/sandzakpress.net\/arhiva\/wp-json\/wp\/v2\/posts"}],"about":[{"href":"https:\/\/sandzakpress.net\/arhiva\/wp-json\/wp\/v2\/types\/post"}],"author":[{"embeddable":true,"href":"https:\/\/sandzakpress.net\/arhiva\/wp-json\/wp\/v2\/users\/83"}],"replies":[{"embeddable":true,"href":"https:\/\/sandzakpress.net\/arhiva\/wp-json\/wp\/v2\/comments?post=156675"}],"version-history":[{"count":0,"href":"https:\/\/sandzakpress.net\/arhiva\/wp-json\/wp\/v2\/posts\/156675\/revisions"}],"wp:featuredmedia":[{"embeddable":true,"href":"https:\/\/sandzakpress.net\/arhiva\/wp-json\/wp\/v2\/media\/156679"}],"wp:attachment":[{"href":"https:\/\/sandzakpress.net\/arhiva\/wp-json\/wp\/v2\/media?parent=156675"}],"wp:term":[{"taxonomy":"category","embeddable":true,"href":"https:\/\/sandzakpress.net\/arhiva\/wp-json\/wp\/v2\/categories?post=156675"},{"taxonomy":"post_tag","embeddable":true,"href":"https:\/\/sandzakpress.net\/arhiva\/wp-json\/wp\/v2\/tags?post=156675"}],"curies":[{"name":"wp","href":"https:\/\/api.w.org\/{rel}","templated":true}]}}