{"id":156294,"date":"2016-03-03T13:00:26","date_gmt":"2016-03-03T12:00:26","guid":{"rendered":"https:\/\/sandzakpress.net\/arhiva\/islamofobija-ftv-a-edvin-omerovic-sin-zlatnog-ljiljana-dobio-otkaz-na-medunarodnom-aerodroma-tuzla"},"modified":"2016-03-03T13:00:26","modified_gmt":"2016-03-03T12:00:26","slug":"islamofobija-ftv-a-edvin-omerovic-sin-zlatnog-ljiljana-dobio-otkaz-na-medunarodnom-aerodroma-tuzla","status":"publish","type":"post","link":"https:\/\/sandzakpress.net\/arhiva\/islamofobija-ftv-a-edvin-omerovic-sin-zlatnog-ljiljana-dobio-otkaz-na-medunarodnom-aerodroma-tuzla\/","title":{"rendered":"Islamofobija FTV-a: Edvin Omerovi\u0107, sin zlatnog ljiljana, dobio otkaz na Me\u0111unarodnom aerodroma Tuzla"},"content":{"rendered":"<p style=\"text-align: justify\"><strong><a href=\"http:\/\/bosnapress.net\/wp-content\/uploads\/2016\/03\/edvin-omerovic-uposlenik-aerodroma.jpg\"><img loading=\"lazy\" decoding=\"async\" class=\"alignnone size-large wp-image-173734\" src=\"http:\/\/bosnapress.net\/wp-content\/uploads\/2016\/03\/edvin-omerovic-uposlenik-aerodroma-616x340.jpg\" alt=\"edvin-omerovic-uposlenik-aerodroma\" width=\"600\" height=\"331\" \/><\/a>Sarajevo \u2013 U\u00a0ponedeljak, 1. marta na Federalnoj televiziji je emitovano novo izdanje emisije \u201cMre\u017ea\u201d.<\/strong><\/p>\n<p style=\"text-align: justify\">Jedna od tema je bila i \u201cPostizborna podjela plijena u TK\u201d, \u0161to je, sigurno, odli\u010dna tema za istra\u017eiti, jer se proteklih mjeseci stotine gra\u0111ana koji su konkurisali za posao na Me\u0111unarodnom aerodromu Tuzla \u017ealilo da nije po\u0161tovana konkursna procedura, te da je presudan faktor bio \u201cstrana\u010dka podobnost\u201d.<\/p>\n<p style=\"text-align: justify\">Ipak, odli\u010danu temu je u mnogome pokvario novinar Omer Hasanovi\u0107.<\/p>\n<p style=\"text-align: justify\">On je umjesto istra\u017eivanja korupcije i nepotizma \u201cokrenuo\u201d temu na zapo\u0161ljavanje jedne osobe, koju je okarakterisao kao pripadnika selefijske zajednice, jer ima bradu i zbog navodnih saznanja da je ta osoba tra\u017eila otvaranje mesd\u017eida u zgradi Aerodroma.<\/p>\n<p style=\"text-align: justify\">Omer Hasanovi\u0107 je iskoristio iskrenost i naivnost Edvina Hasanovi\u0107a, koji je govorio o poslovima koje radi na aerodromu, te \u201cpriznao\u201d da obavlja molitvu na radnom mjestu.<\/p>\n<blockquote>\n<p><em>Novinar je isjekao njegove izjave, te ih \u201cupakovao\u201d onako kako je ve\u0107 ranije zamislio svoj prilog.<\/em><br \/>\n<em>Novinar Hasanovi\u0107 nije rekao da bi Edvin Omerovi\u0107 mogao oteti avion i sru\u0161iti ga, ali je svojim prilogom \u017eelio da to pomisli svako ko ga pogleda.<\/em><br \/>\n<em><strong>\u201cU njegovim rukama je sigurnost aviona i stotina putnika koji putuju sa aerdoroma\u201d<\/strong> \u2013 rije\u010di su novinara Omera Hasanovi\u0107a.<\/em><\/p>\n<p><em>\u2014 Kompletno izdanje emisije \u201cMre\u017ea\u201d pogledajte <strong><a href=\"http:\/\/www.federalna.ba\/bhs\/vijest\/158559\/01032016\" target=\"_blank\">OVDJE<\/a><\/strong>\u00a0(prilog pogledajte od 12.20 min)<\/em><\/p>\n<\/blockquote>\n<p style=\"text-align: justify\">Recept \u201cskadandalozno\u201d, koji je upotrebio njegov prethodnik na FTV-u, i vjerovatno uzor, Avdo Avdi\u0107, novinar Omer Hasanovi\u0107 koristi u svakom prilogu.<br \/>\nAvdo Avdi\u0107 je ne\u0161to kasnije svoje \u201cskandalozno\u201d dobro naplatio, a \u010dini se da isto \u017eeli i Omer Hasanovi\u0107.<\/p>\n<blockquote>\n<p><em>\u00a0Odmah ujutro nakon \u0161to je emitovan prilog na FTV-u u emisiji \u201cMre\u017ea\u201d Edvin Omerovi\u0107 je dobio otkaz.<\/em><br \/>\n<em>Ovu informaciju je objavio portal SAFF, koji je jo\u0161 u prijepodnevnim satima dobio pismo Edvina Omerovi\u0107a.<\/em><\/p>\n<\/blockquote>\n<p style=\"text-align: justify\"><strong>U nastavku prenosimo pisanje portala SAFF, odnosno pismo Edvina Omerovi\u0107a\u2026<\/strong><\/p>\n<p style=\"text-align: justify\"><strong>Edvin Omerovi\u0107, mladi\u0107 kojem je Federalna televizija ugrozila budu\u0107nost u emisiji Mre\u017ea, poslao je na adresu Saffa reakciju na pona\u0161anje novinara Omera Hasanovi\u0107a i na klevetni\u010dki prilog u emisiji Mre\u017ea. U nastavku prenosimo Omerovi\u0107evo pismo \u2013 reakciju u cjelosti.<\/strong><\/p>\n<p style=\"text-align: justify\"><strong>Bismillahi rrahmani rrahim<\/strong><\/p>\n<p style=\"text-align: justify\">Pi\u0161em vam iz jednog razloga, a on je, da vam se zahvalim na tome \u0161to ste osudili javni lin\u010d, koji je u no\u0107i 1. marta 2016. godine, Federalna televizija(novinari Omer Hasanovi\u0107 i Elma Kazagi\u0107) izvr\u0161ila nad mojom li\u010dno\u0161\u0107u(Edvin Omerovi\u0107) i nad li\u010dno\u0161\u0107u gospodina Refika Osmanovi\u0107a.<\/p>\n<p style=\"text-align: justify\">Objasniti \u0107u vam kako i na koji na\u010din sam obavio razgovor sa novinarom Omerom Hasanovi\u0107em.<\/p>\n<p style=\"text-align: justify\">Bilo je devet sati nedjeljno jutro, 28. februara 2016. godine, kada su mi na vrata stana pokucali novinari Omer Hasanovi\u0107 i snimatelj, uposlenici Federalne televizije. Prije nego li su u\u0161li u stan u kojem \u017eivim, sa svojom suprugom i na\u0161im \u010detiri mjeseca starim sinom, oni su se predstavili i rekli zbog \u010dega su do\u0161li,tj. da provjere da li sam na legalan na\u010din zaposlen na MAT-u, \u201cMe\u0111unarodnom aerodromu Tuzla\u201d! \u010cuv\u0161i razlog zbog kojeg su do\u0161li, pustio sam ih u stan kako bih odgovorio na pitanja koja \u0107e mi postaviti, nadaju\u0107i se da \u0107e biti korektni. Moj razgovor sa gospodinom Omerom je trajao nekih 15 minuta, cijelo vrijeme sniman, da bi ga oni kreirali po svojoj volji i u emisiji \u201cMre\u017ea\u201d prikazali i sveli na samo jednu minutu. Da budem iskren nisam ni o\u010dekivao da \u0107e cijeli na\u0161 razgovor pustiti u javnost, ali da \u0107e biti korektniji to svakako jesam. Novinar Omer Hasanovi\u0107 mi je u jednom trenutku postavio pitanje da li sam obavljao molitvu na radnom mjestu, na \u0161ta sam odgovorio da jesam, da sam pitao poslovo\u0111u da li mogu da obavim namaz, i ako mogu gdje? Na \u0161to mi je poslovo\u0111a odgovorio da mogu, da je to moje pravo, zakonom garantovano i dao mi je klju\u010d od jedne prostorije u kojoj sam obavio prve svoje namaze na poslu, prvog radnog dana. Taj moj odgovor novinar Hasanovi\u0107 je iskoristio i izrezao, i od njega kreirao situaciju kakvu je \u017eelio. On(novinar Hasanovi\u0107) je od nekog dobio informaciju da smo Refik i ja tra\u017eili da se na MAT-u otvori mesd\u017eid kako bi obavljali molitve, na \u0161to sam se ja nasmijao i odgovorio da takvo ne\u0161to nikad nismo tra\u017eili, \u0161to mu mogu potvrditi poslovo\u0111e. Njemu takav odgovor nije odgovarao, pa je moj odgovor na njegovo pitanje o namazu vje\u0161to iskoristio, time tvrde\u0107i da je to odgovor na njegovo pitanje o mesd\u017eidu, \u0161to se jasno vidi na kratkom isje\u010dku iz emisije \u201cMre\u017ea\u201d. Za\u0161to nismo \u010duli njegovo pitanje prije mog odgovora?! Za\u0161to je isjekao pitanje prije mog odgovora? Novinar Hasanovi\u0107 je iskoristio moje gostoprimstvo i razgovor koji je vodio sa mnom, te na Refika i mene bacio veliku ljagu. Ja sam ve\u0107 sutradan, 29. februara 2016. godine, dobio otkaz na MAT-u, moram re\u0107i da razumijem situaciju u kojoj se na\u0161ao menad\u017ement MAT-a i da ni njima nije lahko i da sam s razumijevanjem prihvatio otkaz, ipak se radi o preduze\u0107u koje pred sobom ima blistavu budu\u0107nost ako BOG da, ne \u017eelim da budem ko\u010dnica njihovog napretka, ako se ve\u0107 takvim smatram. Ne zamjerujem im ni\u0161ta, prema meni su bili korektni do zadnjeg dana, i hvala im na svemu.<\/p>\n<p style=\"text-align: justify\">Moj otac je dobitnik \u201cZlatnog lijljana\u201d, penzionisani je oficir, brigadir po \u010dinu, komandant jedne od najboljih brigada koje je ova zemlja imala, 206. Vite\u0161ke brdske brigade, Zvornik. \u010covjek koji se danas bori sa karcinomom kostiju, \u010dovjek koji tri puta u sedmici ide na hemodijalizu. \u010covjek koji se borio da bi njegova djeca imala blistavu budu\u0107nost, ne samo njegova nego sva djeca BiH, danas je do\u010dekao da mu sin dobije otkaz na poslu jer je musliman. Ja sam zahvaljuju\u0107i svome ocu zaposlen na MAT-u, ne to nije bila nikakva \u0161tela, namje\u0161taljka, ili kako god ve\u0107 da se zove, nego je to bio prioritet pri zapo\u0161ljavanju, kao \u0161to su i djeca \u0161ehida, RVI, demobilisanih boraca bila, \u0161to je navedeno u konkursu. Kome smeta to \u0161to sam musliman, gdje su svi ti borci za ljudska prava, gdje su svi ti koji se bore za prava boraca i njihovih porodica, zar treba da umremo u mukama, za\u0161to ja nemam pravo na egzistenciju, nisam nikada po\u010dinio nikakvo krivi\u010dno djelo, protiv mene se ne vodi sudski proces, moji papiri iz MUP-a i suda su uredno dostavljeni na MAT, uredno pla\u0107amo RTV taksu, poreze dr\u017eavi. Zbog \u010dega sam neprihvatljiv? Zato \u0161to obavljam namaz pet puta na dan, zato \u0161to imam bradu, \u0161ta sam uradio da bih bio izop\u010den u BH-a dru\u0161tvu, da ne mogu da se zaposlim, je li treba da radim protiv muslimana kako bih \u017eivio lijepo, je li u tome su\u0161tina \u017eivota u ovoj dr\u017eavi? Ko se bori za na\u0161a prava? Zbog \u010dega sam ja opasan po dru\u0161tvo, za putnike na aerodromu, zbog \u010dega se u mene sumnja, zar moram da budem nezaposlen zato jer sam musliman i \u0161to se dru\u017eim sa \u201cbradatim\u201d ljudima? Gdje je moje pravo na \u017eivot, ako pravo na \u017eivot imaju ubice, silovatelji, dileri?<\/p>\n<p style=\"text-align: justify\">\n(SAFF)<\/p>\n<p>Pogledajte vijest na izvornom sajtu:<\/p>\n<p><a href=\"http:\/\/bosnapress.net\/islamofobija-ftv-a-edvin-omerovic-sin-zlatnog-ljiljana-dobio-otkaz-na-medunarodnom-aerodroma-tuzla\/\" target=\"_blank\">Islamofobija FTV-a: Edvin Omerovi\u0107, sin zlatnog ljiljana, dobio otkaz na Me\u0111unarodnom aerodroma Tuzla<\/a><\/p>\n","protected":false},"excerpt":{"rendered":"<p>Sarajevo \u2013 U\u00a0ponedeljak, 1. marta na Federalnoj televiziji je emitovano novo izdanje emisije \u201cMre\u017ea\u201d. Jedna od tema je bila i \u201cPostizborna podjela plijena u TK\u201d, \u0161to je, sigurno, odli\u010dna tema za istra\u017eiti, jer se proteklih mjeseci stotine gra\u0111ana koji su konkurisali za posao na Me\u0111unarodnom aerodromu Tuzla \u017ealilo da nije po\u0161tovana konkursna procedura, te da [&hellip;]<\/p>\n","protected":false},"author":83,"featured_media":156296,"comment_status":"open","ping_status":"open","sticky":false,"template":"","format":"standard","meta":{"footnotes":""},"categories":[10513],"tags":[10466],"class_list":{"0":"post-156294","1":"post","2":"type-post","3":"status-publish","4":"format-standard","5":"has-post-thumbnail","7":"category-bosna-press","8":"tag-bosna-i-hercegovina"},"yoast_head":"<!-- This site is optimized with the Yoast SEO Premium plugin v23.1 (Yoast SEO v24.9) - https:\/\/yoast.com\/wordpress\/plugins\/seo\/ -->\n<title>Islamofobija FTV-a: Edvin Omerovi\u0107, sin zlatnog ljiljana, dobio otkaz na Me\u0111unarodnom aerodroma Tuzla<\/title>\n<meta name=\"robots\" content=\"index, follow, max-snippet:-1, max-image-preview:large, max-video-preview:-1\" \/>\n<link rel=\"canonical\" href=\"https:\/\/sandzakpress.net\/arhiva\/islamofobija-ftv-a-edvin-omerovic-sin-zlatnog-ljiljana-dobio-otkaz-na-medunarodnom-aerodroma-tuzla\/\" \/>\n<meta property=\"og:locale\" content=\"bs_BA\" \/>\n<meta property=\"og:type\" content=\"article\" \/>\n<meta property=\"og:title\" content=\"Islamofobija FTV-a: Edvin Omerovi\u0107, sin zlatnog ljiljana, dobio otkaz na Me\u0111unarodnom aerodroma Tuzla\" \/>\n<meta property=\"og:description\" content=\"Sarajevo \u2013 U\u00a0ponedeljak, 1. marta na Federalnoj televiziji je emitovano novo izdanje emisije \u201cMre\u017ea\u201d. Jedna od tema je bila i \u201cPostizborna podjela plijena u TK\u201d, \u0161to je, sigurno, odli\u010dna tema za istra\u017eiti, jer se proteklih mjeseci stotine gra\u0111ana koji su konkurisali za posao na Me\u0111unarodnom aerodromu Tuzla \u017ealilo da nije po\u0161tovana konkursna procedura, te da [&hellip;]\" \/>\n<meta property=\"og:url\" content=\"https:\/\/sandzakpress.net\/arhiva\/islamofobija-ftv-a-edvin-omerovic-sin-zlatnog-ljiljana-dobio-otkaz-na-medunarodnom-aerodroma-tuzla\/\" \/>\n<meta property=\"og:site_name\" content=\"Sand\u017eak PRESS\" \/>\n<meta property=\"article:published_time\" content=\"2016-03-03T12:00:26+00:00\" \/>\n<meta property=\"og:image\" content=\"https:\/\/sandzakpress.net\/arhiva\/wp-content\/uploads\/2016\/03\/edvin-omerovic-uposlenik-aerodroma-616x340-1.jpg\" \/>\n\t<meta property=\"og:image:width\" content=\"616\" \/>\n\t<meta property=\"og:image:height\" content=\"340\" \/>\n\t<meta property=\"og:image:type\" content=\"image\/jpeg\" \/>\n<meta name=\"author\" content=\"bosniak\" \/>\n<meta name=\"twitter:card\" content=\"summary_large_image\" \/>\n<meta name=\"twitter:label1\" content=\"Written by\" \/>\n\t<meta name=\"twitter:data1\" content=\"bosniak\" \/>\n\t<meta name=\"twitter:label2\" content=\"Est. reading time\" \/>\n\t<meta name=\"twitter:data2\" content=\"6 minuta\" \/>\n<script type=\"application\/ld+json\" class=\"yoast-schema-graph\">{\"@context\":\"https:\/\/schema.org\",\"@graph\":[{\"@type\":\"Article\",\"@id\":\"https:\/\/sandzakpress.net\/arhiva\/islamofobija-ftv-a-edvin-omerovic-sin-zlatnog-ljiljana-dobio-otkaz-na-medunarodnom-aerodroma-tuzla\/#article\",\"isPartOf\":{\"@id\":\"https:\/\/sandzakpress.net\/arhiva\/islamofobija-ftv-a-edvin-omerovic-sin-zlatnog-ljiljana-dobio-otkaz-na-medunarodnom-aerodroma-tuzla\/\"},\"author\":{\"name\":\"bosniak\",\"@id\":\"https:\/\/sandzakpress.net\/arhiva\/#\/schema\/person\/c8baee722073534b583ea7bdb2e36c02\"},\"headline\":\"Islamofobija FTV-a: Edvin Omerovi\u0107, sin zlatnog ljiljana, dobio otkaz na Me\u0111unarodnom aerodroma Tuzla\",\"datePublished\":\"2016-03-03T12:00:26+00:00\",\"mainEntityOfPage\":{\"@id\":\"https:\/\/sandzakpress.net\/arhiva\/islamofobija-ftv-a-edvin-omerovic-sin-zlatnog-ljiljana-dobio-otkaz-na-medunarodnom-aerodroma-tuzla\/\"},\"wordCount\":1228,\"commentCount\":0,\"publisher\":{\"@id\":\"https:\/\/sandzakpress.net\/arhiva\/#\/schema\/person\/6e72b67d6e51910a1117b3b483ba20bd\"},\"image\":{\"@id\":\"https:\/\/sandzakpress.net\/arhiva\/islamofobija-ftv-a-edvin-omerovic-sin-zlatnog-ljiljana-dobio-otkaz-na-medunarodnom-aerodroma-tuzla\/#primaryimage\"},\"thumbnailUrl\":\"https:\/\/sandzakpress.net\/arhiva\/wp-content\/uploads\/2016\/03\/edvin-omerovic-uposlenik-aerodroma-616x340-1.jpg\",\"keywords\":[\"Bosna i Hercegovina\"],\"articleSection\":[\"Bosna PRESS\"],\"inLanguage\":\"bs-BA\",\"potentialAction\":[{\"@type\":\"CommentAction\",\"name\":\"Comment\",\"target\":[\"https:\/\/sandzakpress.net\/arhiva\/islamofobija-ftv-a-edvin-omerovic-sin-zlatnog-ljiljana-dobio-otkaz-na-medunarodnom-aerodroma-tuzla\/#respond\"]}]},{\"@type\":\"WebPage\",\"@id\":\"https:\/\/sandzakpress.net\/arhiva\/islamofobija-ftv-a-edvin-omerovic-sin-zlatnog-ljiljana-dobio-otkaz-na-medunarodnom-aerodroma-tuzla\/\",\"url\":\"https:\/\/sandzakpress.net\/arhiva\/islamofobija-ftv-a-edvin-omerovic-sin-zlatnog-ljiljana-dobio-otkaz-na-medunarodnom-aerodroma-tuzla\/\",\"name\":\"Islamofobija FTV-a: Edvin Omerovi\u0107, sin zlatnog ljiljana, dobio otkaz na Me\u0111unarodnom aerodroma Tuzla\",\"isPartOf\":{\"@id\":\"https:\/\/sandzakpress.net\/arhiva\/#website\"},\"primaryImageOfPage\":{\"@id\":\"https:\/\/sandzakpress.net\/arhiva\/islamofobija-ftv-a-edvin-omerovic-sin-zlatnog-ljiljana-dobio-otkaz-na-medunarodnom-aerodroma-tuzla\/#primaryimage\"},\"image\":{\"@id\":\"https:\/\/sandzakpress.net\/arhiva\/islamofobija-ftv-a-edvin-omerovic-sin-zlatnog-ljiljana-dobio-otkaz-na-medunarodnom-aerodroma-tuzla\/#primaryimage\"},\"thumbnailUrl\":\"https:\/\/sandzakpress.net\/arhiva\/wp-content\/uploads\/2016\/03\/edvin-omerovic-uposlenik-aerodroma-616x340-1.jpg\",\"datePublished\":\"2016-03-03T12:00:26+00:00\",\"breadcrumb\":{\"@id\":\"https:\/\/sandzakpress.net\/arhiva\/islamofobija-ftv-a-edvin-omerovic-sin-zlatnog-ljiljana-dobio-otkaz-na-medunarodnom-aerodroma-tuzla\/#breadcrumb\"},\"inLanguage\":\"bs-BA\",\"potentialAction\":[{\"@type\":\"ReadAction\",\"target\":[\"https:\/\/sandzakpress.net\/arhiva\/islamofobija-ftv-a-edvin-omerovic-sin-zlatnog-ljiljana-dobio-otkaz-na-medunarodnom-aerodroma-tuzla\/\"]}]},{\"@type\":\"ImageObject\",\"inLanguage\":\"bs-BA\",\"@id\":\"https:\/\/sandzakpress.net\/arhiva\/islamofobija-ftv-a-edvin-omerovic-sin-zlatnog-ljiljana-dobio-otkaz-na-medunarodnom-aerodroma-tuzla\/#primaryimage\",\"url\":\"https:\/\/sandzakpress.net\/arhiva\/wp-content\/uploads\/2016\/03\/edvin-omerovic-uposlenik-aerodroma-616x340-1.jpg\",\"contentUrl\":\"https:\/\/sandzakpress.net\/arhiva\/wp-content\/uploads\/2016\/03\/edvin-omerovic-uposlenik-aerodroma-616x340-1.jpg\",\"width\":616,\"height\":340},{\"@type\":\"BreadcrumbList\",\"@id\":\"https:\/\/sandzakpress.net\/arhiva\/islamofobija-ftv-a-edvin-omerovic-sin-zlatnog-ljiljana-dobio-otkaz-na-medunarodnom-aerodroma-tuzla\/#breadcrumb\",\"itemListElement\":[{\"@type\":\"ListItem\",\"position\":1,\"name\":\"Home\",\"item\":\"https:\/\/sandzakpress.net\/arhiva\/\"},{\"@type\":\"ListItem\",\"position\":2,\"name\":\"Islamofobija FTV-a: Edvin Omerovi\u0107, sin zlatnog ljiljana, dobio otkaz na Me\u0111unarodnom aerodroma Tuzla\"}]},{\"@type\":\"WebSite\",\"@id\":\"https:\/\/sandzakpress.net\/arhiva\/#website\",\"url\":\"https:\/\/sandzakpress.net\/arhiva\/\",\"name\":\"Sand\u017eak PRESS\",\"description\":\"Prve elektronske novine u Sand\u017eaku\",\"publisher\":{\"@id\":\"https:\/\/sandzakpress.net\/arhiva\/#\/schema\/person\/6e72b67d6e51910a1117b3b483ba20bd\"},\"potentialAction\":[{\"@type\":\"SearchAction\",\"target\":{\"@type\":\"EntryPoint\",\"urlTemplate\":\"https:\/\/sandzakpress.net\/arhiva\/?s={search_term_string}\"},\"query-input\":{\"@type\":\"PropertyValueSpecification\",\"valueRequired\":true,\"valueName\":\"search_term_string\"}}],\"inLanguage\":\"bs-BA\"},{\"@type\":[\"Person\",\"Organization\"],\"@id\":\"https:\/\/sandzakpress.net\/arhiva\/#\/schema\/person\/6e72b67d6e51910a1117b3b483ba20bd\",\"name\":\"Kul\",\"image\":{\"@type\":\"ImageObject\",\"inLanguage\":\"bs-BA\",\"@id\":\"https:\/\/sandzakpress.net\/arhiva\/#\/schema\/person\/image\/\",\"url\":\"https:\/\/secure.gravatar.com\/avatar\/42263f39aa27ac04c43cab85c280eb2e?s=96&d=mm&r=pg\",\"contentUrl\":\"https:\/\/secure.gravatar.com\/avatar\/42263f39aa27ac04c43cab85c280eb2e?s=96&d=mm&r=pg\",\"caption\":\"Kul\"},\"logo\":{\"@id\":\"https:\/\/sandzakpress.net\/arhiva\/#\/schema\/person\/image\/\"}},{\"@type\":\"Person\",\"@id\":\"https:\/\/sandzakpress.net\/arhiva\/#\/schema\/person\/c8baee722073534b583ea7bdb2e36c02\",\"name\":\"bosniak\",\"image\":{\"@type\":\"ImageObject\",\"inLanguage\":\"bs-BA\",\"@id\":\"https:\/\/sandzakpress.net\/arhiva\/#\/schema\/person\/image\/\",\"url\":\"https:\/\/secure.gravatar.com\/avatar\/a04fd330bfe3a36a72a0ad4a6d89fca7?s=96&d=mm&r=pg\",\"contentUrl\":\"https:\/\/secure.gravatar.com\/avatar\/a04fd330bfe3a36a72a0ad4a6d89fca7?s=96&d=mm&r=pg\",\"caption\":\"bosniak\"},\"url\":\"https:\/\/sandzakpress.net\/arhiva\/author\/bosniak\/\"}]}<\/script>\n<!-- \/ Yoast SEO Premium plugin. -->","yoast_head_json":{"title":"Islamofobija FTV-a: Edvin Omerovi\u0107, sin zlatnog ljiljana, dobio otkaz na Me\u0111unarodnom aerodroma Tuzla","robots":{"index":"index","follow":"follow","max-snippet":"max-snippet:-1","max-image-preview":"max-image-preview:large","max-video-preview":"max-video-preview:-1"},"canonical":"https:\/\/sandzakpress.net\/arhiva\/islamofobija-ftv-a-edvin-omerovic-sin-zlatnog-ljiljana-dobio-otkaz-na-medunarodnom-aerodroma-tuzla\/","og_locale":"bs_BA","og_type":"article","og_title":"Islamofobija FTV-a: Edvin Omerovi\u0107, sin zlatnog ljiljana, dobio otkaz na Me\u0111unarodnom aerodroma Tuzla","og_description":"Sarajevo \u2013 U\u00a0ponedeljak, 1. marta na Federalnoj televiziji je emitovano novo izdanje emisije \u201cMre\u017ea\u201d. Jedna od tema je bila i \u201cPostizborna podjela plijena u TK\u201d, \u0161to je, sigurno, odli\u010dna tema za istra\u017eiti, jer se proteklih mjeseci stotine gra\u0111ana koji su konkurisali za posao na Me\u0111unarodnom aerodromu Tuzla \u017ealilo da nije po\u0161tovana konkursna procedura, te da [&hellip;]","og_url":"https:\/\/sandzakpress.net\/arhiva\/islamofobija-ftv-a-edvin-omerovic-sin-zlatnog-ljiljana-dobio-otkaz-na-medunarodnom-aerodroma-tuzla\/","og_site_name":"Sand\u017eak PRESS","article_published_time":"2016-03-03T12:00:26+00:00","og_image":[{"width":616,"height":340,"url":"https:\/\/sandzakpress.net\/arhiva\/wp-content\/uploads\/2016\/03\/edvin-omerovic-uposlenik-aerodroma-616x340-1.jpg","type":"image\/jpeg"}],"author":"bosniak","twitter_card":"summary_large_image","twitter_misc":{"Written by":"bosniak","Est. reading time":"6 minuta"},"schema":{"@context":"https:\/\/schema.org","@graph":[{"@type":"Article","@id":"https:\/\/sandzakpress.net\/arhiva\/islamofobija-ftv-a-edvin-omerovic-sin-zlatnog-ljiljana-dobio-otkaz-na-medunarodnom-aerodroma-tuzla\/#article","isPartOf":{"@id":"https:\/\/sandzakpress.net\/arhiva\/islamofobija-ftv-a-edvin-omerovic-sin-zlatnog-ljiljana-dobio-otkaz-na-medunarodnom-aerodroma-tuzla\/"},"author":{"name":"bosniak","@id":"https:\/\/sandzakpress.net\/arhiva\/#\/schema\/person\/c8baee722073534b583ea7bdb2e36c02"},"headline":"Islamofobija FTV-a: Edvin Omerovi\u0107, sin zlatnog ljiljana, dobio otkaz na Me\u0111unarodnom aerodroma Tuzla","datePublished":"2016-03-03T12:00:26+00:00","mainEntityOfPage":{"@id":"https:\/\/sandzakpress.net\/arhiva\/islamofobija-ftv-a-edvin-omerovic-sin-zlatnog-ljiljana-dobio-otkaz-na-medunarodnom-aerodroma-tuzla\/"},"wordCount":1228,"commentCount":0,"publisher":{"@id":"https:\/\/sandzakpress.net\/arhiva\/#\/schema\/person\/6e72b67d6e51910a1117b3b483ba20bd"},"image":{"@id":"https:\/\/sandzakpress.net\/arhiva\/islamofobija-ftv-a-edvin-omerovic-sin-zlatnog-ljiljana-dobio-otkaz-na-medunarodnom-aerodroma-tuzla\/#primaryimage"},"thumbnailUrl":"https:\/\/sandzakpress.net\/arhiva\/wp-content\/uploads\/2016\/03\/edvin-omerovic-uposlenik-aerodroma-616x340-1.jpg","keywords":["Bosna i Hercegovina"],"articleSection":["Bosna PRESS"],"inLanguage":"bs-BA","potentialAction":[{"@type":"CommentAction","name":"Comment","target":["https:\/\/sandzakpress.net\/arhiva\/islamofobija-ftv-a-edvin-omerovic-sin-zlatnog-ljiljana-dobio-otkaz-na-medunarodnom-aerodroma-tuzla\/#respond"]}]},{"@type":"WebPage","@id":"https:\/\/sandzakpress.net\/arhiva\/islamofobija-ftv-a-edvin-omerovic-sin-zlatnog-ljiljana-dobio-otkaz-na-medunarodnom-aerodroma-tuzla\/","url":"https:\/\/sandzakpress.net\/arhiva\/islamofobija-ftv-a-edvin-omerovic-sin-zlatnog-ljiljana-dobio-otkaz-na-medunarodnom-aerodroma-tuzla\/","name":"Islamofobija FTV-a: Edvin Omerovi\u0107, sin zlatnog ljiljana, dobio otkaz na Me\u0111unarodnom aerodroma Tuzla","isPartOf":{"@id":"https:\/\/sandzakpress.net\/arhiva\/#website"},"primaryImageOfPage":{"@id":"https:\/\/sandzakpress.net\/arhiva\/islamofobija-ftv-a-edvin-omerovic-sin-zlatnog-ljiljana-dobio-otkaz-na-medunarodnom-aerodroma-tuzla\/#primaryimage"},"image":{"@id":"https:\/\/sandzakpress.net\/arhiva\/islamofobija-ftv-a-edvin-omerovic-sin-zlatnog-ljiljana-dobio-otkaz-na-medunarodnom-aerodroma-tuzla\/#primaryimage"},"thumbnailUrl":"https:\/\/sandzakpress.net\/arhiva\/wp-content\/uploads\/2016\/03\/edvin-omerovic-uposlenik-aerodroma-616x340-1.jpg","datePublished":"2016-03-03T12:00:26+00:00","breadcrumb":{"@id":"https:\/\/sandzakpress.net\/arhiva\/islamofobija-ftv-a-edvin-omerovic-sin-zlatnog-ljiljana-dobio-otkaz-na-medunarodnom-aerodroma-tuzla\/#breadcrumb"},"inLanguage":"bs-BA","potentialAction":[{"@type":"ReadAction","target":["https:\/\/sandzakpress.net\/arhiva\/islamofobija-ftv-a-edvin-omerovic-sin-zlatnog-ljiljana-dobio-otkaz-na-medunarodnom-aerodroma-tuzla\/"]}]},{"@type":"ImageObject","inLanguage":"bs-BA","@id":"https:\/\/sandzakpress.net\/arhiva\/islamofobija-ftv-a-edvin-omerovic-sin-zlatnog-ljiljana-dobio-otkaz-na-medunarodnom-aerodroma-tuzla\/#primaryimage","url":"https:\/\/sandzakpress.net\/arhiva\/wp-content\/uploads\/2016\/03\/edvin-omerovic-uposlenik-aerodroma-616x340-1.jpg","contentUrl":"https:\/\/sandzakpress.net\/arhiva\/wp-content\/uploads\/2016\/03\/edvin-omerovic-uposlenik-aerodroma-616x340-1.jpg","width":616,"height":340},{"@type":"BreadcrumbList","@id":"https:\/\/sandzakpress.net\/arhiva\/islamofobija-ftv-a-edvin-omerovic-sin-zlatnog-ljiljana-dobio-otkaz-na-medunarodnom-aerodroma-tuzla\/#breadcrumb","itemListElement":[{"@type":"ListItem","position":1,"name":"Home","item":"https:\/\/sandzakpress.net\/arhiva\/"},{"@type":"ListItem","position":2,"name":"Islamofobija FTV-a: Edvin Omerovi\u0107, sin zlatnog ljiljana, dobio otkaz na Me\u0111unarodnom aerodroma Tuzla"}]},{"@type":"WebSite","@id":"https:\/\/sandzakpress.net\/arhiva\/#website","url":"https:\/\/sandzakpress.net\/arhiva\/","name":"Sand\u017eak PRESS","description":"Prve elektronske novine u Sand\u017eaku","publisher":{"@id":"https:\/\/sandzakpress.net\/arhiva\/#\/schema\/person\/6e72b67d6e51910a1117b3b483ba20bd"},"potentialAction":[{"@type":"SearchAction","target":{"@type":"EntryPoint","urlTemplate":"https:\/\/sandzakpress.net\/arhiva\/?s={search_term_string}"},"query-input":{"@type":"PropertyValueSpecification","valueRequired":true,"valueName":"search_term_string"}}],"inLanguage":"bs-BA"},{"@type":["Person","Organization"],"@id":"https:\/\/sandzakpress.net\/arhiva\/#\/schema\/person\/6e72b67d6e51910a1117b3b483ba20bd","name":"Kul","image":{"@type":"ImageObject","inLanguage":"bs-BA","@id":"https:\/\/sandzakpress.net\/arhiva\/#\/schema\/person\/image\/","url":"https:\/\/secure.gravatar.com\/avatar\/42263f39aa27ac04c43cab85c280eb2e?s=96&d=mm&r=pg","contentUrl":"https:\/\/secure.gravatar.com\/avatar\/42263f39aa27ac04c43cab85c280eb2e?s=96&d=mm&r=pg","caption":"Kul"},"logo":{"@id":"https:\/\/sandzakpress.net\/arhiva\/#\/schema\/person\/image\/"}},{"@type":"Person","@id":"https:\/\/sandzakpress.net\/arhiva\/#\/schema\/person\/c8baee722073534b583ea7bdb2e36c02","name":"bosniak","image":{"@type":"ImageObject","inLanguage":"bs-BA","@id":"https:\/\/sandzakpress.net\/arhiva\/#\/schema\/person\/image\/","url":"https:\/\/secure.gravatar.com\/avatar\/a04fd330bfe3a36a72a0ad4a6d89fca7?s=96&d=mm&r=pg","contentUrl":"https:\/\/secure.gravatar.com\/avatar\/a04fd330bfe3a36a72a0ad4a6d89fca7?s=96&d=mm&r=pg","caption":"bosniak"},"url":"https:\/\/sandzakpress.net\/arhiva\/author\/bosniak\/"}]}},"_links":{"self":[{"href":"https:\/\/sandzakpress.net\/arhiva\/wp-json\/wp\/v2\/posts\/156294"}],"collection":[{"href":"https:\/\/sandzakpress.net\/arhiva\/wp-json\/wp\/v2\/posts"}],"about":[{"href":"https:\/\/sandzakpress.net\/arhiva\/wp-json\/wp\/v2\/types\/post"}],"author":[{"embeddable":true,"href":"https:\/\/sandzakpress.net\/arhiva\/wp-json\/wp\/v2\/users\/83"}],"replies":[{"embeddable":true,"href":"https:\/\/sandzakpress.net\/arhiva\/wp-json\/wp\/v2\/comments?post=156294"}],"version-history":[{"count":0,"href":"https:\/\/sandzakpress.net\/arhiva\/wp-json\/wp\/v2\/posts\/156294\/revisions"}],"wp:featuredmedia":[{"embeddable":true,"href":"https:\/\/sandzakpress.net\/arhiva\/wp-json\/wp\/v2\/media\/156296"}],"wp:attachment":[{"href":"https:\/\/sandzakpress.net\/arhiva\/wp-json\/wp\/v2\/media?parent=156294"}],"wp:term":[{"taxonomy":"category","embeddable":true,"href":"https:\/\/sandzakpress.net\/arhiva\/wp-json\/wp\/v2\/categories?post=156294"},{"taxonomy":"post_tag","embeddable":true,"href":"https:\/\/sandzakpress.net\/arhiva\/wp-json\/wp\/v2\/tags?post=156294"}],"curies":[{"name":"wp","href":"https:\/\/api.w.org\/{rel}","templated":true}]}}