{"id":156280,"date":"2016-03-05T10:08:33","date_gmt":"2016-03-05T09:08:33","guid":{"rendered":"https:\/\/sandzakpress.net\/arhiva\/?p=156280"},"modified":"2016-03-05T10:08:33","modified_gmt":"2016-03-05T09:08:33","slug":"imami-koji-su-napustili-iz-2007-godine-ako-suljo-dogovori-pomirenje-vraticemo-se-u-sistem-iz","status":"publish","type":"post","link":"https:\/\/sandzakpress.net\/arhiva\/imami-koji-su-napustili-iz-2007-godine-ako-suljo-dogovori-pomirenje-vraticemo-se-u-sistem-iz\/","title":{"rendered":"Imami koji su napustili IZ 2007. godine: &#8220;Ako Suljo dogovori pomirenje, vrati\u0107emo se u sistem IZ&#8221;"},"content":{"rendered":"<p><img loading=\"lazy\" decoding=\"async\" class=\"aligncenter size-large wp-image-156281\" src=\"https:\/\/sandzakpress.net\/arhiva\/wp-content\/uploads\/2016\/03\/Untitled-1-616x318.jpg\" alt=\"Untitled-1\" width=\"600\" height=\"310\" srcset=\"https:\/\/sandzakpress.net\/arhiva\/wp-content\/uploads\/2016\/03\/Untitled-1-616x318.jpg 616w, https:\/\/sandzakpress.net\/arhiva\/wp-content\/uploads\/2016\/03\/Untitled-1.jpg 640w\" sizes=\"(max-width: 600px) 100vw, 600px\" \/><\/p>\n<p>Novi Pazar, Snad\u017eak &#8211; Izvor koji je imao kontakta \u00a0sa imamima koji su 2007. godine napustili sistem Islamske zajednice, me\u0111u kojima su biv\u0161i imam Altun Alem d\u017eamije Hasib Suljevi\u0107, Kasim Dervi\u0161evi\u0107, imam iz Jusufpotoka, Hafiz Demirovi\u0107 iz Po\u017eege, Nezir Salihovi\u0107 imam Bor d\u017eamije i Munir Zenovi\u0107, imama Bukre\u0161 d\u017eamije, kao i drugi, nas obavje\u0161tava da je ve\u0107ina njih istog stanovi\u0161ta po pitanju ujedinjenja Islamske zajednice.<\/p>\n<p>To stanovi\u0161te se ogleda u tome da su oni spremni da se vrate u sistem Islamske zajednice ako Ugljanin dogovori pomirenje.\u00a0<\/p>\n<p>&#8220;Ako se Suljo dogovori sa Muftijom, uradi\u0107emo \u0161ta god Suljo bude reko&#8221;<\/p>\n<p>Oni tvrde da bi tako pustupila ve\u0107ina imama, pa vjerovatno na kraju i Adem Zilki\u0107. Isti\u010du da na pomirenje ne bi pristao isklju\u010divo Muhamed Jusufspahi\u0107 i da bi on tada otvoreno prigrlio Rasima Ljaji\u0107a. Tako\u0111er tvrde da bi Jusufspahi\u0107 poku\u0161ao zadr\u017eati neke imame iz Sjenice, Tutina, Novog Pazara, naro\u010dito one koji u posljednje vrijeme zagovaraju tzv. &#8220;tre\u0107u islamsku zajednicu&#8221;, ali bi sve to bilo osu\u0111eno na propast, jer bi koalicija SDA-BDZ trijunfovala na izborima, naro\u010dito ako bi se u sistem islamske zajednice u potpunosti integrisali svi povratnici.<\/p>\n","protected":false},"excerpt":{"rendered":"<p>Novi Pazar, Snad\u017eak &#8211; Izvor koji je imao kontakta \u00a0sa imamima koji su 2007. godine napustili sistem Islamske zajednice, me\u0111u kojima su biv\u0161i imam Altun Alem d\u017eamije Hasib Suljevi\u0107, Kasim Dervi\u0161evi\u0107, imam iz Jusufpotoka, Hafiz Demirovi\u0107 iz Po\u017eege, Nezir Salihovi\u0107 imam Bor d\u017eamije i Munir Zenovi\u0107, imama Bukre\u0161 d\u017eamije, kao i drugi, nas obavje\u0161tava da [&hellip;]<\/p>\n","protected":false},"author":83,"featured_media":156407,"comment_status":"open","ping_status":"open","sticky":false,"template":"","format":"standard","meta":{"footnotes":""},"categories":[72,1,52,327,392,10173,8957,16],"tags":[],"class_list":{"0":"post-156280","1":"post","2":"type-post","3":"status-publish","4":"format-standard","5":"has-post-thumbnail","7":"category-novi-pazar","8":"category-politika","9":"category-sjenica","10":"category-tutin","11":"category-prijepolje_","12":"category-gusinje-vase-vijesti","13":"category-vijesti-dana","14":"category-novine"},"yoast_head":"<!-- This site is optimized with the Yoast SEO Premium plugin v23.1 (Yoast SEO v24.9) - https:\/\/yoast.com\/wordpress\/plugins\/seo\/ -->\n<title>Imami koji su napustili IZ 2007. godine: &quot;Ako Suljo dogovori pomirenje, vrati\u0107emo se u sistem IZ&quot;<\/title>\n<meta name=\"robots\" content=\"index, follow, max-snippet:-1, max-image-preview:large, max-video-preview:-1\" \/>\n<link rel=\"canonical\" href=\"https:\/\/sandzakpress.net\/arhiva\/imami-koji-su-napustili-iz-2007-godine-ako-suljo-dogovori-pomirenje-vraticemo-se-u-sistem-iz\/\" \/>\n<meta property=\"og:locale\" content=\"bs_BA\" \/>\n<meta property=\"og:type\" content=\"article\" \/>\n<meta property=\"og:title\" content=\"Imami koji su napustili IZ 2007. godine: &quot;Ako Suljo dogovori pomirenje, vrati\u0107emo se u sistem IZ&quot;\" \/>\n<meta property=\"og:description\" content=\"Novi Pazar, Snad\u017eak &#8211; Izvor koji je imao kontakta \u00a0sa imamima koji su 2007. godine napustili sistem Islamske zajednice, me\u0111u kojima su biv\u0161i imam Altun Alem d\u017eamije Hasib Suljevi\u0107, Kasim Dervi\u0161evi\u0107, imam iz Jusufpotoka, Hafiz Demirovi\u0107 iz Po\u017eege, Nezir Salihovi\u0107 imam Bor d\u017eamije i Munir Zenovi\u0107, imama Bukre\u0161 d\u017eamije, kao i drugi, nas obavje\u0161tava da [&hellip;]\" \/>\n<meta property=\"og:url\" content=\"https:\/\/sandzakpress.net\/arhiva\/imami-koji-su-napustili-iz-2007-godine-ako-suljo-dogovori-pomirenje-vraticemo-se-u-sistem-iz\/\" \/>\n<meta property=\"og:site_name\" content=\"Sand\u017eak PRESS\" \/>\n<meta property=\"article:published_time\" content=\"2016-03-05T09:08:33+00:00\" \/>\n<meta property=\"og:image\" content=\"https:\/\/sandzakpress.net\/arhiva\/wp-content\/uploads\/2016\/03\/Untitled-1-616x318-1.jpg\" \/>\n\t<meta property=\"og:image:width\" content=\"616\" \/>\n\t<meta property=\"og:image:height\" content=\"318\" \/>\n\t<meta property=\"og:image:type\" content=\"image\/jpeg\" \/>\n<meta name=\"author\" content=\"bosniak\" \/>\n<meta name=\"twitter:card\" content=\"summary_large_image\" \/>\n<meta name=\"twitter:label1\" content=\"Written by\" \/>\n\t<meta name=\"twitter:data1\" content=\"bosniak\" \/>\n\t<meta name=\"twitter:label2\" content=\"Est. reading time\" \/>\n\t<meta name=\"twitter:data2\" content=\"1 minuta\" \/>\n<script type=\"application\/ld+json\" class=\"yoast-schema-graph\">{\"@context\":\"https:\/\/schema.org\",\"@graph\":[{\"@type\":\"Article\",\"@id\":\"https:\/\/sandzakpress.net\/arhiva\/imami-koji-su-napustili-iz-2007-godine-ako-suljo-dogovori-pomirenje-vraticemo-se-u-sistem-iz\/#article\",\"isPartOf\":{\"@id\":\"https:\/\/sandzakpress.net\/arhiva\/imami-koji-su-napustili-iz-2007-godine-ako-suljo-dogovori-pomirenje-vraticemo-se-u-sistem-iz\/\"},\"author\":{\"name\":\"bosniak\",\"@id\":\"https:\/\/sandzakpress.net\/arhiva\/#\/schema\/person\/c8baee722073534b583ea7bdb2e36c02\"},\"headline\":\"Imami koji su napustili IZ 2007. godine: &#8220;Ako Suljo dogovori pomirenje, vrati\u0107emo se u sistem IZ&#8221;\",\"datePublished\":\"2016-03-05T09:08:33+00:00\",\"mainEntityOfPage\":{\"@id\":\"https:\/\/sandzakpress.net\/arhiva\/imami-koji-su-napustili-iz-2007-godine-ako-suljo-dogovori-pomirenje-vraticemo-se-u-sistem-iz\/\"},\"wordCount\":224,\"commentCount\":59,\"publisher\":{\"@id\":\"https:\/\/sandzakpress.net\/arhiva\/#\/schema\/person\/6e72b67d6e51910a1117b3b483ba20bd\"},\"image\":{\"@id\":\"https:\/\/sandzakpress.net\/arhiva\/imami-koji-su-napustili-iz-2007-godine-ako-suljo-dogovori-pomirenje-vraticemo-se-u-sistem-iz\/#primaryimage\"},\"thumbnailUrl\":\"https:\/\/sandzakpress.net\/arhiva\/wp-content\/uploads\/2016\/03\/Untitled-1-616x318-1.jpg\",\"articleSection\":[\"Novi Pazar\",\"Politika\",\"Sjenica\",\"Tutin\",\"Prijepolje\",\"Gusinje\",\"VIJESTI DANA\",\"Novine\"],\"inLanguage\":\"bs-BA\",\"potentialAction\":[{\"@type\":\"CommentAction\",\"name\":\"Comment\",\"target\":[\"https:\/\/sandzakpress.net\/arhiva\/imami-koji-su-napustili-iz-2007-godine-ako-suljo-dogovori-pomirenje-vraticemo-se-u-sistem-iz\/#respond\"]}]},{\"@type\":\"WebPage\",\"@id\":\"https:\/\/sandzakpress.net\/arhiva\/imami-koji-su-napustili-iz-2007-godine-ako-suljo-dogovori-pomirenje-vraticemo-se-u-sistem-iz\/\",\"url\":\"https:\/\/sandzakpress.net\/arhiva\/imami-koji-su-napustili-iz-2007-godine-ako-suljo-dogovori-pomirenje-vraticemo-se-u-sistem-iz\/\",\"name\":\"Imami koji su napustili IZ 2007. godine: \\\"Ako Suljo dogovori pomirenje, vrati\u0107emo se u sistem IZ\\\"\",\"isPartOf\":{\"@id\":\"https:\/\/sandzakpress.net\/arhiva\/#website\"},\"primaryImageOfPage\":{\"@id\":\"https:\/\/sandzakpress.net\/arhiva\/imami-koji-su-napustili-iz-2007-godine-ako-suljo-dogovori-pomirenje-vraticemo-se-u-sistem-iz\/#primaryimage\"},\"image\":{\"@id\":\"https:\/\/sandzakpress.net\/arhiva\/imami-koji-su-napustili-iz-2007-godine-ako-suljo-dogovori-pomirenje-vraticemo-se-u-sistem-iz\/#primaryimage\"},\"thumbnailUrl\":\"https:\/\/sandzakpress.net\/arhiva\/wp-content\/uploads\/2016\/03\/Untitled-1-616x318-1.jpg\",\"datePublished\":\"2016-03-05T09:08:33+00:00\",\"breadcrumb\":{\"@id\":\"https:\/\/sandzakpress.net\/arhiva\/imami-koji-su-napustili-iz-2007-godine-ako-suljo-dogovori-pomirenje-vraticemo-se-u-sistem-iz\/#breadcrumb\"},\"inLanguage\":\"bs-BA\",\"potentialAction\":[{\"@type\":\"ReadAction\",\"target\":[\"https:\/\/sandzakpress.net\/arhiva\/imami-koji-su-napustili-iz-2007-godine-ako-suljo-dogovori-pomirenje-vraticemo-se-u-sistem-iz\/\"]}]},{\"@type\":\"ImageObject\",\"inLanguage\":\"bs-BA\",\"@id\":\"https:\/\/sandzakpress.net\/arhiva\/imami-koji-su-napustili-iz-2007-godine-ako-suljo-dogovori-pomirenje-vraticemo-se-u-sistem-iz\/#primaryimage\",\"url\":\"https:\/\/sandzakpress.net\/arhiva\/wp-content\/uploads\/2016\/03\/Untitled-1-616x318-1.jpg\",\"contentUrl\":\"https:\/\/sandzakpress.net\/arhiva\/wp-content\/uploads\/2016\/03\/Untitled-1-616x318-1.jpg\",\"width\":616,\"height\":318},{\"@type\":\"BreadcrumbList\",\"@id\":\"https:\/\/sandzakpress.net\/arhiva\/imami-koji-su-napustili-iz-2007-godine-ako-suljo-dogovori-pomirenje-vraticemo-se-u-sistem-iz\/#breadcrumb\",\"itemListElement\":[{\"@type\":\"ListItem\",\"position\":1,\"name\":\"Home\",\"item\":\"https:\/\/sandzakpress.net\/arhiva\/\"},{\"@type\":\"ListItem\",\"position\":2,\"name\":\"Imami koji su napustili IZ 2007. godine: &#8220;Ako Suljo dogovori pomirenje, vrati\u0107emo se u sistem IZ&#8221;\"}]},{\"@type\":\"WebSite\",\"@id\":\"https:\/\/sandzakpress.net\/arhiva\/#website\",\"url\":\"https:\/\/sandzakpress.net\/arhiva\/\",\"name\":\"Sand\u017eak PRESS\",\"description\":\"Prve elektronske novine u Sand\u017eaku\",\"publisher\":{\"@id\":\"https:\/\/sandzakpress.net\/arhiva\/#\/schema\/person\/6e72b67d6e51910a1117b3b483ba20bd\"},\"potentialAction\":[{\"@type\":\"SearchAction\",\"target\":{\"@type\":\"EntryPoint\",\"urlTemplate\":\"https:\/\/sandzakpress.net\/arhiva\/?s={search_term_string}\"},\"query-input\":{\"@type\":\"PropertyValueSpecification\",\"valueRequired\":true,\"valueName\":\"search_term_string\"}}],\"inLanguage\":\"bs-BA\"},{\"@type\":[\"Person\",\"Organization\"],\"@id\":\"https:\/\/sandzakpress.net\/arhiva\/#\/schema\/person\/6e72b67d6e51910a1117b3b483ba20bd\",\"name\":\"Kul\",\"image\":{\"@type\":\"ImageObject\",\"inLanguage\":\"bs-BA\",\"@id\":\"https:\/\/sandzakpress.net\/arhiva\/#\/schema\/person\/image\/\",\"url\":\"https:\/\/secure.gravatar.com\/avatar\/42263f39aa27ac04c43cab85c280eb2e?s=96&d=mm&r=pg\",\"contentUrl\":\"https:\/\/secure.gravatar.com\/avatar\/42263f39aa27ac04c43cab85c280eb2e?s=96&d=mm&r=pg\",\"caption\":\"Kul\"},\"logo\":{\"@id\":\"https:\/\/sandzakpress.net\/arhiva\/#\/schema\/person\/image\/\"}},{\"@type\":\"Person\",\"@id\":\"https:\/\/sandzakpress.net\/arhiva\/#\/schema\/person\/c8baee722073534b583ea7bdb2e36c02\",\"name\":\"bosniak\",\"image\":{\"@type\":\"ImageObject\",\"inLanguage\":\"bs-BA\",\"@id\":\"https:\/\/sandzakpress.net\/arhiva\/#\/schema\/person\/image\/\",\"url\":\"https:\/\/secure.gravatar.com\/avatar\/a04fd330bfe3a36a72a0ad4a6d89fca7?s=96&d=mm&r=pg\",\"contentUrl\":\"https:\/\/secure.gravatar.com\/avatar\/a04fd330bfe3a36a72a0ad4a6d89fca7?s=96&d=mm&r=pg\",\"caption\":\"bosniak\"},\"url\":\"https:\/\/sandzakpress.net\/arhiva\/author\/bosniak\/\"}]}<\/script>\n<!-- \/ Yoast SEO Premium plugin. -->","yoast_head_json":{"title":"Imami koji su napustili IZ 2007. godine: \"Ako Suljo dogovori pomirenje, vrati\u0107emo se u sistem IZ\"","robots":{"index":"index","follow":"follow","max-snippet":"max-snippet:-1","max-image-preview":"max-image-preview:large","max-video-preview":"max-video-preview:-1"},"canonical":"https:\/\/sandzakpress.net\/arhiva\/imami-koji-su-napustili-iz-2007-godine-ako-suljo-dogovori-pomirenje-vraticemo-se-u-sistem-iz\/","og_locale":"bs_BA","og_type":"article","og_title":"Imami koji su napustili IZ 2007. godine: \"Ako Suljo dogovori pomirenje, vrati\u0107emo se u sistem IZ\"","og_description":"Novi Pazar, Snad\u017eak &#8211; Izvor koji je imao kontakta \u00a0sa imamima koji su 2007. godine napustili sistem Islamske zajednice, me\u0111u kojima su biv\u0161i imam Altun Alem d\u017eamije Hasib Suljevi\u0107, Kasim Dervi\u0161evi\u0107, imam iz Jusufpotoka, Hafiz Demirovi\u0107 iz Po\u017eege, Nezir Salihovi\u0107 imam Bor d\u017eamije i Munir Zenovi\u0107, imama Bukre\u0161 d\u017eamije, kao i drugi, nas obavje\u0161tava da [&hellip;]","og_url":"https:\/\/sandzakpress.net\/arhiva\/imami-koji-su-napustili-iz-2007-godine-ako-suljo-dogovori-pomirenje-vraticemo-se-u-sistem-iz\/","og_site_name":"Sand\u017eak PRESS","article_published_time":"2016-03-05T09:08:33+00:00","og_image":[{"width":616,"height":318,"url":"https:\/\/sandzakpress.net\/arhiva\/wp-content\/uploads\/2016\/03\/Untitled-1-616x318-1.jpg","type":"image\/jpeg"}],"author":"bosniak","twitter_card":"summary_large_image","twitter_misc":{"Written by":"bosniak","Est. reading time":"1 minuta"},"schema":{"@context":"https:\/\/schema.org","@graph":[{"@type":"Article","@id":"https:\/\/sandzakpress.net\/arhiva\/imami-koji-su-napustili-iz-2007-godine-ako-suljo-dogovori-pomirenje-vraticemo-se-u-sistem-iz\/#article","isPartOf":{"@id":"https:\/\/sandzakpress.net\/arhiva\/imami-koji-su-napustili-iz-2007-godine-ako-suljo-dogovori-pomirenje-vraticemo-se-u-sistem-iz\/"},"author":{"name":"bosniak","@id":"https:\/\/sandzakpress.net\/arhiva\/#\/schema\/person\/c8baee722073534b583ea7bdb2e36c02"},"headline":"Imami koji su napustili IZ 2007. godine: &#8220;Ako Suljo dogovori pomirenje, vrati\u0107emo se u sistem IZ&#8221;","datePublished":"2016-03-05T09:08:33+00:00","mainEntityOfPage":{"@id":"https:\/\/sandzakpress.net\/arhiva\/imami-koji-su-napustili-iz-2007-godine-ako-suljo-dogovori-pomirenje-vraticemo-se-u-sistem-iz\/"},"wordCount":224,"commentCount":59,"publisher":{"@id":"https:\/\/sandzakpress.net\/arhiva\/#\/schema\/person\/6e72b67d6e51910a1117b3b483ba20bd"},"image":{"@id":"https:\/\/sandzakpress.net\/arhiva\/imami-koji-su-napustili-iz-2007-godine-ako-suljo-dogovori-pomirenje-vraticemo-se-u-sistem-iz\/#primaryimage"},"thumbnailUrl":"https:\/\/sandzakpress.net\/arhiva\/wp-content\/uploads\/2016\/03\/Untitled-1-616x318-1.jpg","articleSection":["Novi Pazar","Politika","Sjenica","Tutin","Prijepolje","Gusinje","VIJESTI DANA","Novine"],"inLanguage":"bs-BA","potentialAction":[{"@type":"CommentAction","name":"Comment","target":["https:\/\/sandzakpress.net\/arhiva\/imami-koji-su-napustili-iz-2007-godine-ako-suljo-dogovori-pomirenje-vraticemo-se-u-sistem-iz\/#respond"]}]},{"@type":"WebPage","@id":"https:\/\/sandzakpress.net\/arhiva\/imami-koji-su-napustili-iz-2007-godine-ako-suljo-dogovori-pomirenje-vraticemo-se-u-sistem-iz\/","url":"https:\/\/sandzakpress.net\/arhiva\/imami-koji-su-napustili-iz-2007-godine-ako-suljo-dogovori-pomirenje-vraticemo-se-u-sistem-iz\/","name":"Imami koji su napustili IZ 2007. godine: \"Ako Suljo dogovori pomirenje, vrati\u0107emo se u sistem IZ\"","isPartOf":{"@id":"https:\/\/sandzakpress.net\/arhiva\/#website"},"primaryImageOfPage":{"@id":"https:\/\/sandzakpress.net\/arhiva\/imami-koji-su-napustili-iz-2007-godine-ako-suljo-dogovori-pomirenje-vraticemo-se-u-sistem-iz\/#primaryimage"},"image":{"@id":"https:\/\/sandzakpress.net\/arhiva\/imami-koji-su-napustili-iz-2007-godine-ako-suljo-dogovori-pomirenje-vraticemo-se-u-sistem-iz\/#primaryimage"},"thumbnailUrl":"https:\/\/sandzakpress.net\/arhiva\/wp-content\/uploads\/2016\/03\/Untitled-1-616x318-1.jpg","datePublished":"2016-03-05T09:08:33+00:00","breadcrumb":{"@id":"https:\/\/sandzakpress.net\/arhiva\/imami-koji-su-napustili-iz-2007-godine-ako-suljo-dogovori-pomirenje-vraticemo-se-u-sistem-iz\/#breadcrumb"},"inLanguage":"bs-BA","potentialAction":[{"@type":"ReadAction","target":["https:\/\/sandzakpress.net\/arhiva\/imami-koji-su-napustili-iz-2007-godine-ako-suljo-dogovori-pomirenje-vraticemo-se-u-sistem-iz\/"]}]},{"@type":"ImageObject","inLanguage":"bs-BA","@id":"https:\/\/sandzakpress.net\/arhiva\/imami-koji-su-napustili-iz-2007-godine-ako-suljo-dogovori-pomirenje-vraticemo-se-u-sistem-iz\/#primaryimage","url":"https:\/\/sandzakpress.net\/arhiva\/wp-content\/uploads\/2016\/03\/Untitled-1-616x318-1.jpg","contentUrl":"https:\/\/sandzakpress.net\/arhiva\/wp-content\/uploads\/2016\/03\/Untitled-1-616x318-1.jpg","width":616,"height":318},{"@type":"BreadcrumbList","@id":"https:\/\/sandzakpress.net\/arhiva\/imami-koji-su-napustili-iz-2007-godine-ako-suljo-dogovori-pomirenje-vraticemo-se-u-sistem-iz\/#breadcrumb","itemListElement":[{"@type":"ListItem","position":1,"name":"Home","item":"https:\/\/sandzakpress.net\/arhiva\/"},{"@type":"ListItem","position":2,"name":"Imami koji su napustili IZ 2007. godine: &#8220;Ako Suljo dogovori pomirenje, vrati\u0107emo se u sistem IZ&#8221;"}]},{"@type":"WebSite","@id":"https:\/\/sandzakpress.net\/arhiva\/#website","url":"https:\/\/sandzakpress.net\/arhiva\/","name":"Sand\u017eak PRESS","description":"Prve elektronske novine u Sand\u017eaku","publisher":{"@id":"https:\/\/sandzakpress.net\/arhiva\/#\/schema\/person\/6e72b67d6e51910a1117b3b483ba20bd"},"potentialAction":[{"@type":"SearchAction","target":{"@type":"EntryPoint","urlTemplate":"https:\/\/sandzakpress.net\/arhiva\/?s={search_term_string}"},"query-input":{"@type":"PropertyValueSpecification","valueRequired":true,"valueName":"search_term_string"}}],"inLanguage":"bs-BA"},{"@type":["Person","Organization"],"@id":"https:\/\/sandzakpress.net\/arhiva\/#\/schema\/person\/6e72b67d6e51910a1117b3b483ba20bd","name":"Kul","image":{"@type":"ImageObject","inLanguage":"bs-BA","@id":"https:\/\/sandzakpress.net\/arhiva\/#\/schema\/person\/image\/","url":"https:\/\/secure.gravatar.com\/avatar\/42263f39aa27ac04c43cab85c280eb2e?s=96&d=mm&r=pg","contentUrl":"https:\/\/secure.gravatar.com\/avatar\/42263f39aa27ac04c43cab85c280eb2e?s=96&d=mm&r=pg","caption":"Kul"},"logo":{"@id":"https:\/\/sandzakpress.net\/arhiva\/#\/schema\/person\/image\/"}},{"@type":"Person","@id":"https:\/\/sandzakpress.net\/arhiva\/#\/schema\/person\/c8baee722073534b583ea7bdb2e36c02","name":"bosniak","image":{"@type":"ImageObject","inLanguage":"bs-BA","@id":"https:\/\/sandzakpress.net\/arhiva\/#\/schema\/person\/image\/","url":"https:\/\/secure.gravatar.com\/avatar\/a04fd330bfe3a36a72a0ad4a6d89fca7?s=96&d=mm&r=pg","contentUrl":"https:\/\/secure.gravatar.com\/avatar\/a04fd330bfe3a36a72a0ad4a6d89fca7?s=96&d=mm&r=pg","caption":"bosniak"},"url":"https:\/\/sandzakpress.net\/arhiva\/author\/bosniak\/"}]}},"_links":{"self":[{"href":"https:\/\/sandzakpress.net\/arhiva\/wp-json\/wp\/v2\/posts\/156280"}],"collection":[{"href":"https:\/\/sandzakpress.net\/arhiva\/wp-json\/wp\/v2\/posts"}],"about":[{"href":"https:\/\/sandzakpress.net\/arhiva\/wp-json\/wp\/v2\/types\/post"}],"author":[{"embeddable":true,"href":"https:\/\/sandzakpress.net\/arhiva\/wp-json\/wp\/v2\/users\/83"}],"replies":[{"embeddable":true,"href":"https:\/\/sandzakpress.net\/arhiva\/wp-json\/wp\/v2\/comments?post=156280"}],"version-history":[{"count":0,"href":"https:\/\/sandzakpress.net\/arhiva\/wp-json\/wp\/v2\/posts\/156280\/revisions"}],"wp:featuredmedia":[{"embeddable":true,"href":"https:\/\/sandzakpress.net\/arhiva\/wp-json\/wp\/v2\/media\/156407"}],"wp:attachment":[{"href":"https:\/\/sandzakpress.net\/arhiva\/wp-json\/wp\/v2\/media?parent=156280"}],"wp:term":[{"taxonomy":"category","embeddable":true,"href":"https:\/\/sandzakpress.net\/arhiva\/wp-json\/wp\/v2\/categories?post=156280"},{"taxonomy":"post_tag","embeddable":true,"href":"https:\/\/sandzakpress.net\/arhiva\/wp-json\/wp\/v2\/tags?post=156280"}],"curies":[{"name":"wp","href":"https:\/\/api.w.org\/{rel}","templated":true}]}}