{"id":156069,"date":"2016-02-29T21:38:42","date_gmt":"2016-02-29T20:38:42","guid":{"rendered":"https:\/\/sandzakpress.net\/arhiva\/u-tuzli-obiljezen-1-mart-dan-nezavisnosti-bosne-i-hercegovine-foto"},"modified":"2016-02-29T21:38:42","modified_gmt":"2016-02-29T20:38:42","slug":"u-tuzli-obiljezen-1-mart-dan-nezavisnosti-bosne-i-hercegovine-foto","status":"publish","type":"post","link":"https:\/\/sandzakpress.net\/arhiva\/u-tuzli-obiljezen-1-mart-dan-nezavisnosti-bosne-i-hercegovine-foto\/","title":{"rendered":"U Tuzli obilje\u017een 1. mart \u2013 Dan nezavisnosti Bosne i Hercegovine (FOTO)"},"content":{"rendered":"<p style=\"text-align: justify\"><strong><a href=\"http:\/\/bosnapress.net\/wp-content\/uploads\/2016\/02\/iZVODJENJE-PROGRAMA.jpg\"><img loading=\"lazy\" decoding=\"async\" class=\"alignnone size-large wp-image-173224\" src=\"http:\/\/bosnapress.net\/wp-content\/uploads\/2016\/02\/iZVODJENJE-PROGRAMA-616x319.jpg\" alt=\"iZVODJENJE PROGRAMA\" width=\"600\" height=\"311\" \/><\/a>Tuzla \u2013 U narodnoj i univerzitetskoj biblioteci \u2018Dervi\u0161 Su\u0161i\u0107\u2019 u Tuzli obilje\u017een je 1.mart \u2013 Dan nezavisnosti Bosne i Hercegovine u organizaciji Bo\u0161nja\u010dke kulturne zajednice u BiH, NUB i udru\u017eenja \u2018Prolje\u0107e\u2019. <\/strong><\/p>\n<p style=\"text-align: justify\">Nakon odslu\u0161ane himne Bosne i Hercegovine, o zna\u010daju ovog dana govorila je sugra\u0111anka Sumejja Hasanba\u0161i\u0107, pjesme o Bosni recitirala je Tesmija Selmanovi\u0107, literarni rad o Bosni pro\u010ditala je Selsebil Hasanba\u0161i\u0107 koja je izvela i prigodnu patriotsku pjesmu, a moderatorica programa bila je Dr. Mersada Nuruddina Agovi\u0107.<\/p>\n<p style=\"text-align: justify\">Recitirani su\u00a0 stihovi \u0161ehida Nadira Brice, a publika je imala priliku \u010duti i poetska djela: \u201dZapis o Bosni\u201d Maka Dizdara, \u201dBosna\u201d Ned\u017eada Ibri\u0161imovi\u0107a, \u201dBosna \u017eubori\u201d Muse \u0106azima \u0106ati\u0107a, \u201dBosni\u201d Envera \u010colakovi\u0107a i \u201dBosna\u201d Enesa Ki\u0161evi\u0107a. Nakon programa prisutni su se po\u010dastili prigodnom zakuskom, a dru\u017eenje je propratila I radio-televizija RTV7.<\/p>\n<p style=\"text-align: justify\">S.B.<\/p>\n<p><a href='http:\/\/bosnapress.net\/u-tuzli-obiljezen-1-mart-dan-nezavisnosti-bosne-i-hercegovine-foto\/1a92673d-1b27-4e2e-815c-e0214332e34c\/'><img loading=\"lazy\" decoding=\"async\" width=\"150\" height=\"150\" src=\"http:\/\/bosnapress.net\/wp-content\/uploads\/2016\/02\/1a92673d-1b27-4e2e-815c-e0214332e34c-150x150.jpg\" class=\"attachment-thumbnail\" alt=\"1a92673d-1b27-4e2e-815c-e0214332e34c\" \/><\/a><br \/>\n<a href='http:\/\/bosnapress.net\/u-tuzli-obiljezen-1-mart-dan-nezavisnosti-bosne-i-hercegovine-foto\/3e894351-1642-46e9-84ad-544a23ad7d58\/'><img loading=\"lazy\" decoding=\"async\" width=\"150\" height=\"150\" src=\"http:\/\/bosnapress.net\/wp-content\/uploads\/2016\/02\/3e894351-1642-46e9-84ad-544a23ad7d58-150x150.jpg\" class=\"attachment-thumbnail\" alt=\"3e894351-1642-46e9-84ad-544a23ad7d58\" \/><\/a><br \/>\n<a href='http:\/\/bosnapress.net\/u-tuzli-obiljezen-1-mart-dan-nezavisnosti-bosne-i-hercegovine-foto\/3f51b20d-a1a1-4d38-86b0-cd63b3580475\/'><img loading=\"lazy\" decoding=\"async\" width=\"150\" height=\"150\" src=\"http:\/\/bosnapress.net\/wp-content\/uploads\/2016\/02\/3f51b20d-a1a1-4d38-86b0-cd63b3580475-150x150.jpg\" class=\"attachment-thumbnail\" alt=\"3f51b20d-a1a1-4d38-86b0-cd63b3580475\" \/><\/a><br \/>\n<a href='http:\/\/bosnapress.net\/u-tuzli-obiljezen-1-mart-dan-nezavisnosti-bosne-i-hercegovine-foto\/6fa6327c-1ae1-459e-a893-91643f1d126b\/'><img loading=\"lazy\" decoding=\"async\" width=\"150\" height=\"150\" src=\"http:\/\/bosnapress.net\/wp-content\/uploads\/2016\/02\/6fa6327c-1ae1-459e-a893-91643f1d126b-150x150.jpg\" class=\"attachment-thumbnail\" alt=\"6fa6327c-1ae1-459e-a893-91643f1d126b\" \/><\/a><br \/>\n<a href='http:\/\/bosnapress.net\/u-tuzli-obiljezen-1-mart-dan-nezavisnosti-bosne-i-hercegovine-foto\/51b8c863-46c9-4cc9-ad24-b9707b6f7f03\/'><img loading=\"lazy\" decoding=\"async\" width=\"150\" height=\"150\" src=\"http:\/\/bosnapress.net\/wp-content\/uploads\/2016\/02\/51b8c863-46c9-4cc9-ad24-b9707b6f7f03-150x150.jpg\" class=\"attachment-thumbnail\" alt=\"51b8c863-46c9-4cc9-ad24-b9707b6f7f03\" \/><\/a><br \/>\n<a href='http:\/\/bosnapress.net\/u-tuzli-obiljezen-1-mart-dan-nezavisnosti-bosne-i-hercegovine-foto\/78e82ad4-3ce7-4386-b7c9-e1a11616cf91\/'><img loading=\"lazy\" decoding=\"async\" width=\"150\" height=\"150\" src=\"http:\/\/bosnapress.net\/wp-content\/uploads\/2016\/02\/78e82ad4-3ce7-4386-b7c9-e1a11616cf91-150x150.jpg\" class=\"attachment-thumbnail\" alt=\"78e82ad4-3ce7-4386-b7c9-e1a11616cf91\" \/><\/a><br \/>\n<a href='http:\/\/bosnapress.net\/u-tuzli-obiljezen-1-mart-dan-nezavisnosti-bosne-i-hercegovine-foto\/96d949dc-7c0e-4339-bd82-bdca80f85ef1\/'><img loading=\"lazy\" decoding=\"async\" width=\"150\" height=\"150\" src=\"http:\/\/bosnapress.net\/wp-content\/uploads\/2016\/02\/96d949dc-7c0e-4339-bd82-bdca80f85ef1-150x150.jpg\" class=\"attachment-thumbnail\" alt=\"96d949dc-7c0e-4339-bd82-bdca80f85ef1\" \/><\/a><br \/>\n<a href='http:\/\/bosnapress.net\/u-tuzli-obiljezen-1-mart-dan-nezavisnosti-bosne-i-hercegovine-foto\/318a756c-cd3e-46da-bea0-ed48ed79b351\/'><img loading=\"lazy\" decoding=\"async\" width=\"150\" height=\"150\" src=\"http:\/\/bosnapress.net\/wp-content\/uploads\/2016\/02\/318a756c-cd3e-46da-bea0-ed48ed79b351-150x150.jpg\" class=\"attachment-thumbnail\" alt=\"318a756c-cd3e-46da-bea0-ed48ed79b351\" \/><\/a><br \/>\n<a href='http:\/\/bosnapress.net\/u-tuzli-obiljezen-1-mart-dan-nezavisnosti-bosne-i-hercegovine-foto\/73870a83-42ca-4820-b911-0e249c9e9e7b\/'><img loading=\"lazy\" decoding=\"async\" width=\"150\" height=\"150\" src=\"http:\/\/bosnapress.net\/wp-content\/uploads\/2016\/02\/73870a83-42ca-4820-b911-0e249c9e9e7b-150x150.jpg\" class=\"attachment-thumbnail\" alt=\"73870a83-42ca-4820-b911-0e249c9e9e7b\" \/><\/a><br \/>\n<a href='http:\/\/bosnapress.net\/u-tuzli-obiljezen-1-mart-dan-nezavisnosti-bosne-i-hercegovine-foto\/c8989f88-4bc3-4f2a-8034-7d14bab58dc4\/'><img loading=\"lazy\" decoding=\"async\" width=\"150\" height=\"150\" src=\"http:\/\/bosnapress.net\/wp-content\/uploads\/2016\/02\/c8989f88-4bc3-4f2a-8034-7d14bab58dc4-150x150.jpg\" class=\"attachment-thumbnail\" alt=\"c8989f88-4bc3-4f2a-8034-7d14bab58dc4\" \/><\/a><br \/>\n<a href='http:\/\/bosnapress.net\/u-tuzli-obiljezen-1-mart-dan-nezavisnosti-bosne-i-hercegovine-foto\/d9ec2103-e5ef-4faa-8acb-c8c5b590677e\/'><img loading=\"lazy\" decoding=\"async\" width=\"150\" height=\"150\" src=\"http:\/\/bosnapress.net\/wp-content\/uploads\/2016\/02\/d9ec2103-e5ef-4faa-8acb-c8c5b590677e-150x150.jpg\" class=\"attachment-thumbnail\" alt=\"d9ec2103-e5ef-4faa-8acb-c8c5b590677e\" \/><\/a><br \/>\n<a href='http:\/\/bosnapress.net\/u-tuzli-obiljezen-1-mart-dan-nezavisnosti-bosne-i-hercegovine-foto\/d253fc4d-4429-4255-9eff-c4f3035fc6ef\/'><img loading=\"lazy\" decoding=\"async\" width=\"150\" height=\"150\" src=\"http:\/\/bosnapress.net\/wp-content\/uploads\/2016\/02\/d253fc4d-4429-4255-9eff-c4f3035fc6ef-150x150.jpg\" class=\"attachment-thumbnail\" alt=\"d253fc4d-4429-4255-9eff-c4f3035fc6ef\" \/><\/a><br \/>\n<a href='http:\/\/bosnapress.net\/u-tuzli-obiljezen-1-mart-dan-nezavisnosti-bosne-i-hercegovine-foto\/e78c25ce-9e96-49a6-b95c-233d59257e55\/'><img loading=\"lazy\" decoding=\"async\" width=\"150\" height=\"150\" src=\"http:\/\/bosnapress.net\/wp-content\/uploads\/2016\/02\/e78c25ce-9e96-49a6-b95c-233d59257e55-150x150.jpg\" class=\"attachment-thumbnail\" alt=\"e78c25ce-9e96-49a6-b95c-233d59257e55\" \/><\/a><br \/>\n<a href='http:\/\/bosnapress.net\/u-tuzli-obiljezen-1-mart-dan-nezavisnosti-bosne-i-hercegovine-foto\/izvodjenje-programa-2\/'><img loading=\"lazy\" decoding=\"async\" width=\"150\" height=\"150\" src=\"http:\/\/bosnapress.net\/wp-content\/uploads\/2016\/02\/iZVODJENJE-PROGRAMA1-150x150.jpg\" class=\"attachment-thumbnail\" alt=\"iZVODJENJE PROGRAMA\" \/><\/a><\/p>\n<p style=\"text-align: justify\">\/sbk\/<\/p>\n<p>Pogledajte vijest na izvornom sajtu:<\/p>\n<p><a href=\"http:\/\/bosnapress.net\/u-tuzli-obiljezen-1-mart-dan-nezavisnosti-bosne-i-hercegovine-foto\/\" target=\"_blank\">U Tuzli obilje\u017een 1. mart \u2013 Dan nezavisnosti Bosne i Hercegovine (FOTO)<\/a><\/p>\n","protected":false},"excerpt":{"rendered":"<p>Tuzla \u2013 U narodnoj i univerzitetskoj biblioteci \u2018Dervi\u0161 Su\u0161i\u0107\u2019 u Tuzli obilje\u017een je 1.mart \u2013 Dan nezavisnosti Bosne i Hercegovine u organizaciji Bo\u0161nja\u010dke kulturne zajednice u BiH, NUB i udru\u017eenja \u2018Prolje\u0107e\u2019. Nakon odslu\u0161ane himne Bosne i Hercegovine, o zna\u010daju ovog dana govorila je sugra\u0111anka Sumejja Hasanba\u0161i\u0107, pjesme o Bosni recitirala je Tesmija Selmanovi\u0107, literarni rad [&hellip;]<\/p>\n","protected":false},"author":83,"featured_media":156071,"comment_status":"open","ping_status":"open","sticky":false,"template":"","format":"standard","meta":{"footnotes":""},"categories":[10513],"tags":[10466],"class_list":{"0":"post-156069","1":"post","2":"type-post","3":"status-publish","4":"format-standard","5":"has-post-thumbnail","7":"category-bosna-press","8":"tag-bosna-i-hercegovina"},"yoast_head":"<!-- This site is optimized with the Yoast SEO Premium plugin v23.1 (Yoast SEO v24.9) - https:\/\/yoast.com\/wordpress\/plugins\/seo\/ -->\n<title>U Tuzli obilje\u017een 1. mart \u2013 Dan nezavisnosti Bosne i Hercegovine (FOTO)<\/title>\n<meta name=\"robots\" content=\"index, follow, max-snippet:-1, max-image-preview:large, max-video-preview:-1\" \/>\n<link rel=\"canonical\" href=\"https:\/\/sandzakpress.net\/arhiva\/u-tuzli-obiljezen-1-mart-dan-nezavisnosti-bosne-i-hercegovine-foto\/\" \/>\n<meta property=\"og:locale\" content=\"bs_BA\" \/>\n<meta property=\"og:type\" content=\"article\" \/>\n<meta property=\"og:title\" content=\"U Tuzli obilje\u017een 1. mart \u2013 Dan nezavisnosti Bosne i Hercegovine (FOTO)\" \/>\n<meta property=\"og:description\" content=\"Tuzla \u2013 U narodnoj i univerzitetskoj biblioteci \u2018Dervi\u0161 Su\u0161i\u0107\u2019 u Tuzli obilje\u017een je 1.mart \u2013 Dan nezavisnosti Bosne i Hercegovine u organizaciji Bo\u0161nja\u010dke kulturne zajednice u BiH, NUB i udru\u017eenja \u2018Prolje\u0107e\u2019. Nakon odslu\u0161ane himne Bosne i Hercegovine, o zna\u010daju ovog dana govorila je sugra\u0111anka Sumejja Hasanba\u0161i\u0107, pjesme o Bosni recitirala je Tesmija Selmanovi\u0107, literarni rad [&hellip;]\" \/>\n<meta property=\"og:url\" content=\"https:\/\/sandzakpress.net\/arhiva\/u-tuzli-obiljezen-1-mart-dan-nezavisnosti-bosne-i-hercegovine-foto\/\" \/>\n<meta property=\"og:site_name\" content=\"Sand\u017eak PRESS\" \/>\n<meta property=\"article:published_time\" content=\"2016-02-29T20:38:42+00:00\" \/>\n<meta property=\"og:image\" content=\"https:\/\/sandzakpress.net\/arhiva\/wp-content\/uploads\/2016\/02\/iZVODJENJE-PROGRAMA-616x319-1.jpg\" \/>\n\t<meta property=\"og:image:width\" content=\"616\" \/>\n\t<meta property=\"og:image:height\" content=\"319\" \/>\n\t<meta property=\"og:image:type\" content=\"image\/jpeg\" \/>\n<meta name=\"author\" content=\"bosniak\" \/>\n<meta name=\"twitter:card\" content=\"summary_large_image\" \/>\n<meta name=\"twitter:label1\" content=\"Written by\" \/>\n\t<meta name=\"twitter:data1\" content=\"bosniak\" \/>\n\t<meta name=\"twitter:label2\" content=\"Est. reading time\" \/>\n\t<meta name=\"twitter:data2\" content=\"1 minuta\" \/>\n<script type=\"application\/ld+json\" class=\"yoast-schema-graph\">{\"@context\":\"https:\/\/schema.org\",\"@graph\":[{\"@type\":\"Article\",\"@id\":\"https:\/\/sandzakpress.net\/arhiva\/u-tuzli-obiljezen-1-mart-dan-nezavisnosti-bosne-i-hercegovine-foto\/#article\",\"isPartOf\":{\"@id\":\"https:\/\/sandzakpress.net\/arhiva\/u-tuzli-obiljezen-1-mart-dan-nezavisnosti-bosne-i-hercegovine-foto\/\"},\"author\":{\"name\":\"bosniak\",\"@id\":\"https:\/\/sandzakpress.net\/arhiva\/#\/schema\/person\/c8baee722073534b583ea7bdb2e36c02\"},\"headline\":\"U Tuzli obilje\u017een 1. mart \u2013 Dan nezavisnosti Bosne i Hercegovine (FOTO)\",\"datePublished\":\"2016-02-29T20:38:42+00:00\",\"mainEntityOfPage\":{\"@id\":\"https:\/\/sandzakpress.net\/arhiva\/u-tuzli-obiljezen-1-mart-dan-nezavisnosti-bosne-i-hercegovine-foto\/\"},\"wordCount\":176,\"commentCount\":0,\"publisher\":{\"@id\":\"https:\/\/sandzakpress.net\/arhiva\/#\/schema\/person\/6e72b67d6e51910a1117b3b483ba20bd\"},\"image\":{\"@id\":\"https:\/\/sandzakpress.net\/arhiva\/u-tuzli-obiljezen-1-mart-dan-nezavisnosti-bosne-i-hercegovine-foto\/#primaryimage\"},\"thumbnailUrl\":\"https:\/\/sandzakpress.net\/arhiva\/wp-content\/uploads\/2016\/02\/iZVODJENJE-PROGRAMA-616x319-1.jpg\",\"keywords\":[\"Bosna i Hercegovina\"],\"articleSection\":[\"Bosna PRESS\"],\"inLanguage\":\"bs-BA\",\"potentialAction\":[{\"@type\":\"CommentAction\",\"name\":\"Comment\",\"target\":[\"https:\/\/sandzakpress.net\/arhiva\/u-tuzli-obiljezen-1-mart-dan-nezavisnosti-bosne-i-hercegovine-foto\/#respond\"]}]},{\"@type\":\"WebPage\",\"@id\":\"https:\/\/sandzakpress.net\/arhiva\/u-tuzli-obiljezen-1-mart-dan-nezavisnosti-bosne-i-hercegovine-foto\/\",\"url\":\"https:\/\/sandzakpress.net\/arhiva\/u-tuzli-obiljezen-1-mart-dan-nezavisnosti-bosne-i-hercegovine-foto\/\",\"name\":\"U Tuzli obilje\u017een 1. mart \u2013 Dan nezavisnosti Bosne i Hercegovine (FOTO)\",\"isPartOf\":{\"@id\":\"https:\/\/sandzakpress.net\/arhiva\/#website\"},\"primaryImageOfPage\":{\"@id\":\"https:\/\/sandzakpress.net\/arhiva\/u-tuzli-obiljezen-1-mart-dan-nezavisnosti-bosne-i-hercegovine-foto\/#primaryimage\"},\"image\":{\"@id\":\"https:\/\/sandzakpress.net\/arhiva\/u-tuzli-obiljezen-1-mart-dan-nezavisnosti-bosne-i-hercegovine-foto\/#primaryimage\"},\"thumbnailUrl\":\"https:\/\/sandzakpress.net\/arhiva\/wp-content\/uploads\/2016\/02\/iZVODJENJE-PROGRAMA-616x319-1.jpg\",\"datePublished\":\"2016-02-29T20:38:42+00:00\",\"breadcrumb\":{\"@id\":\"https:\/\/sandzakpress.net\/arhiva\/u-tuzli-obiljezen-1-mart-dan-nezavisnosti-bosne-i-hercegovine-foto\/#breadcrumb\"},\"inLanguage\":\"bs-BA\",\"potentialAction\":[{\"@type\":\"ReadAction\",\"target\":[\"https:\/\/sandzakpress.net\/arhiva\/u-tuzli-obiljezen-1-mart-dan-nezavisnosti-bosne-i-hercegovine-foto\/\"]}]},{\"@type\":\"ImageObject\",\"inLanguage\":\"bs-BA\",\"@id\":\"https:\/\/sandzakpress.net\/arhiva\/u-tuzli-obiljezen-1-mart-dan-nezavisnosti-bosne-i-hercegovine-foto\/#primaryimage\",\"url\":\"https:\/\/sandzakpress.net\/arhiva\/wp-content\/uploads\/2016\/02\/iZVODJENJE-PROGRAMA-616x319-1.jpg\",\"contentUrl\":\"https:\/\/sandzakpress.net\/arhiva\/wp-content\/uploads\/2016\/02\/iZVODJENJE-PROGRAMA-616x319-1.jpg\",\"width\":616,\"height\":319},{\"@type\":\"BreadcrumbList\",\"@id\":\"https:\/\/sandzakpress.net\/arhiva\/u-tuzli-obiljezen-1-mart-dan-nezavisnosti-bosne-i-hercegovine-foto\/#breadcrumb\",\"itemListElement\":[{\"@type\":\"ListItem\",\"position\":1,\"name\":\"Home\",\"item\":\"https:\/\/sandzakpress.net\/arhiva\/\"},{\"@type\":\"ListItem\",\"position\":2,\"name\":\"U Tuzli obilje\u017een 1. mart \u2013 Dan nezavisnosti Bosne i Hercegovine (FOTO)\"}]},{\"@type\":\"WebSite\",\"@id\":\"https:\/\/sandzakpress.net\/arhiva\/#website\",\"url\":\"https:\/\/sandzakpress.net\/arhiva\/\",\"name\":\"Sand\u017eak PRESS\",\"description\":\"Prve elektronske novine u Sand\u017eaku\",\"publisher\":{\"@id\":\"https:\/\/sandzakpress.net\/arhiva\/#\/schema\/person\/6e72b67d6e51910a1117b3b483ba20bd\"},\"potentialAction\":[{\"@type\":\"SearchAction\",\"target\":{\"@type\":\"EntryPoint\",\"urlTemplate\":\"https:\/\/sandzakpress.net\/arhiva\/?s={search_term_string}\"},\"query-input\":{\"@type\":\"PropertyValueSpecification\",\"valueRequired\":true,\"valueName\":\"search_term_string\"}}],\"inLanguage\":\"bs-BA\"},{\"@type\":[\"Person\",\"Organization\"],\"@id\":\"https:\/\/sandzakpress.net\/arhiva\/#\/schema\/person\/6e72b67d6e51910a1117b3b483ba20bd\",\"name\":\"Kul\",\"image\":{\"@type\":\"ImageObject\",\"inLanguage\":\"bs-BA\",\"@id\":\"https:\/\/sandzakpress.net\/arhiva\/#\/schema\/person\/image\/\",\"url\":\"https:\/\/secure.gravatar.com\/avatar\/42263f39aa27ac04c43cab85c280eb2e?s=96&d=mm&r=pg\",\"contentUrl\":\"https:\/\/secure.gravatar.com\/avatar\/42263f39aa27ac04c43cab85c280eb2e?s=96&d=mm&r=pg\",\"caption\":\"Kul\"},\"logo\":{\"@id\":\"https:\/\/sandzakpress.net\/arhiva\/#\/schema\/person\/image\/\"}},{\"@type\":\"Person\",\"@id\":\"https:\/\/sandzakpress.net\/arhiva\/#\/schema\/person\/c8baee722073534b583ea7bdb2e36c02\",\"name\":\"bosniak\",\"image\":{\"@type\":\"ImageObject\",\"inLanguage\":\"bs-BA\",\"@id\":\"https:\/\/sandzakpress.net\/arhiva\/#\/schema\/person\/image\/\",\"url\":\"https:\/\/secure.gravatar.com\/avatar\/a04fd330bfe3a36a72a0ad4a6d89fca7?s=96&d=mm&r=pg\",\"contentUrl\":\"https:\/\/secure.gravatar.com\/avatar\/a04fd330bfe3a36a72a0ad4a6d89fca7?s=96&d=mm&r=pg\",\"caption\":\"bosniak\"},\"url\":\"https:\/\/sandzakpress.net\/arhiva\/author\/bosniak\/\"}]}<\/script>\n<!-- \/ Yoast SEO Premium plugin. -->","yoast_head_json":{"title":"U Tuzli obilje\u017een 1. mart \u2013 Dan nezavisnosti Bosne i Hercegovine (FOTO)","robots":{"index":"index","follow":"follow","max-snippet":"max-snippet:-1","max-image-preview":"max-image-preview:large","max-video-preview":"max-video-preview:-1"},"canonical":"https:\/\/sandzakpress.net\/arhiva\/u-tuzli-obiljezen-1-mart-dan-nezavisnosti-bosne-i-hercegovine-foto\/","og_locale":"bs_BA","og_type":"article","og_title":"U Tuzli obilje\u017een 1. mart \u2013 Dan nezavisnosti Bosne i Hercegovine (FOTO)","og_description":"Tuzla \u2013 U narodnoj i univerzitetskoj biblioteci \u2018Dervi\u0161 Su\u0161i\u0107\u2019 u Tuzli obilje\u017een je 1.mart \u2013 Dan nezavisnosti Bosne i Hercegovine u organizaciji Bo\u0161nja\u010dke kulturne zajednice u BiH, NUB i udru\u017eenja \u2018Prolje\u0107e\u2019. Nakon odslu\u0161ane himne Bosne i Hercegovine, o zna\u010daju ovog dana govorila je sugra\u0111anka Sumejja Hasanba\u0161i\u0107, pjesme o Bosni recitirala je Tesmija Selmanovi\u0107, literarni rad [&hellip;]","og_url":"https:\/\/sandzakpress.net\/arhiva\/u-tuzli-obiljezen-1-mart-dan-nezavisnosti-bosne-i-hercegovine-foto\/","og_site_name":"Sand\u017eak PRESS","article_published_time":"2016-02-29T20:38:42+00:00","og_image":[{"width":616,"height":319,"url":"https:\/\/sandzakpress.net\/arhiva\/wp-content\/uploads\/2016\/02\/iZVODJENJE-PROGRAMA-616x319-1.jpg","type":"image\/jpeg"}],"author":"bosniak","twitter_card":"summary_large_image","twitter_misc":{"Written by":"bosniak","Est. reading time":"1 minuta"},"schema":{"@context":"https:\/\/schema.org","@graph":[{"@type":"Article","@id":"https:\/\/sandzakpress.net\/arhiva\/u-tuzli-obiljezen-1-mart-dan-nezavisnosti-bosne-i-hercegovine-foto\/#article","isPartOf":{"@id":"https:\/\/sandzakpress.net\/arhiva\/u-tuzli-obiljezen-1-mart-dan-nezavisnosti-bosne-i-hercegovine-foto\/"},"author":{"name":"bosniak","@id":"https:\/\/sandzakpress.net\/arhiva\/#\/schema\/person\/c8baee722073534b583ea7bdb2e36c02"},"headline":"U Tuzli obilje\u017een 1. mart \u2013 Dan nezavisnosti Bosne i Hercegovine (FOTO)","datePublished":"2016-02-29T20:38:42+00:00","mainEntityOfPage":{"@id":"https:\/\/sandzakpress.net\/arhiva\/u-tuzli-obiljezen-1-mart-dan-nezavisnosti-bosne-i-hercegovine-foto\/"},"wordCount":176,"commentCount":0,"publisher":{"@id":"https:\/\/sandzakpress.net\/arhiva\/#\/schema\/person\/6e72b67d6e51910a1117b3b483ba20bd"},"image":{"@id":"https:\/\/sandzakpress.net\/arhiva\/u-tuzli-obiljezen-1-mart-dan-nezavisnosti-bosne-i-hercegovine-foto\/#primaryimage"},"thumbnailUrl":"https:\/\/sandzakpress.net\/arhiva\/wp-content\/uploads\/2016\/02\/iZVODJENJE-PROGRAMA-616x319-1.jpg","keywords":["Bosna i Hercegovina"],"articleSection":["Bosna PRESS"],"inLanguage":"bs-BA","potentialAction":[{"@type":"CommentAction","name":"Comment","target":["https:\/\/sandzakpress.net\/arhiva\/u-tuzli-obiljezen-1-mart-dan-nezavisnosti-bosne-i-hercegovine-foto\/#respond"]}]},{"@type":"WebPage","@id":"https:\/\/sandzakpress.net\/arhiva\/u-tuzli-obiljezen-1-mart-dan-nezavisnosti-bosne-i-hercegovine-foto\/","url":"https:\/\/sandzakpress.net\/arhiva\/u-tuzli-obiljezen-1-mart-dan-nezavisnosti-bosne-i-hercegovine-foto\/","name":"U Tuzli obilje\u017een 1. mart \u2013 Dan nezavisnosti Bosne i Hercegovine (FOTO)","isPartOf":{"@id":"https:\/\/sandzakpress.net\/arhiva\/#website"},"primaryImageOfPage":{"@id":"https:\/\/sandzakpress.net\/arhiva\/u-tuzli-obiljezen-1-mart-dan-nezavisnosti-bosne-i-hercegovine-foto\/#primaryimage"},"image":{"@id":"https:\/\/sandzakpress.net\/arhiva\/u-tuzli-obiljezen-1-mart-dan-nezavisnosti-bosne-i-hercegovine-foto\/#primaryimage"},"thumbnailUrl":"https:\/\/sandzakpress.net\/arhiva\/wp-content\/uploads\/2016\/02\/iZVODJENJE-PROGRAMA-616x319-1.jpg","datePublished":"2016-02-29T20:38:42+00:00","breadcrumb":{"@id":"https:\/\/sandzakpress.net\/arhiva\/u-tuzli-obiljezen-1-mart-dan-nezavisnosti-bosne-i-hercegovine-foto\/#breadcrumb"},"inLanguage":"bs-BA","potentialAction":[{"@type":"ReadAction","target":["https:\/\/sandzakpress.net\/arhiva\/u-tuzli-obiljezen-1-mart-dan-nezavisnosti-bosne-i-hercegovine-foto\/"]}]},{"@type":"ImageObject","inLanguage":"bs-BA","@id":"https:\/\/sandzakpress.net\/arhiva\/u-tuzli-obiljezen-1-mart-dan-nezavisnosti-bosne-i-hercegovine-foto\/#primaryimage","url":"https:\/\/sandzakpress.net\/arhiva\/wp-content\/uploads\/2016\/02\/iZVODJENJE-PROGRAMA-616x319-1.jpg","contentUrl":"https:\/\/sandzakpress.net\/arhiva\/wp-content\/uploads\/2016\/02\/iZVODJENJE-PROGRAMA-616x319-1.jpg","width":616,"height":319},{"@type":"BreadcrumbList","@id":"https:\/\/sandzakpress.net\/arhiva\/u-tuzli-obiljezen-1-mart-dan-nezavisnosti-bosne-i-hercegovine-foto\/#breadcrumb","itemListElement":[{"@type":"ListItem","position":1,"name":"Home","item":"https:\/\/sandzakpress.net\/arhiva\/"},{"@type":"ListItem","position":2,"name":"U Tuzli obilje\u017een 1. mart \u2013 Dan nezavisnosti Bosne i Hercegovine (FOTO)"}]},{"@type":"WebSite","@id":"https:\/\/sandzakpress.net\/arhiva\/#website","url":"https:\/\/sandzakpress.net\/arhiva\/","name":"Sand\u017eak PRESS","description":"Prve elektronske novine u Sand\u017eaku","publisher":{"@id":"https:\/\/sandzakpress.net\/arhiva\/#\/schema\/person\/6e72b67d6e51910a1117b3b483ba20bd"},"potentialAction":[{"@type":"SearchAction","target":{"@type":"EntryPoint","urlTemplate":"https:\/\/sandzakpress.net\/arhiva\/?s={search_term_string}"},"query-input":{"@type":"PropertyValueSpecification","valueRequired":true,"valueName":"search_term_string"}}],"inLanguage":"bs-BA"},{"@type":["Person","Organization"],"@id":"https:\/\/sandzakpress.net\/arhiva\/#\/schema\/person\/6e72b67d6e51910a1117b3b483ba20bd","name":"Kul","image":{"@type":"ImageObject","inLanguage":"bs-BA","@id":"https:\/\/sandzakpress.net\/arhiva\/#\/schema\/person\/image\/","url":"https:\/\/secure.gravatar.com\/avatar\/42263f39aa27ac04c43cab85c280eb2e?s=96&d=mm&r=pg","contentUrl":"https:\/\/secure.gravatar.com\/avatar\/42263f39aa27ac04c43cab85c280eb2e?s=96&d=mm&r=pg","caption":"Kul"},"logo":{"@id":"https:\/\/sandzakpress.net\/arhiva\/#\/schema\/person\/image\/"}},{"@type":"Person","@id":"https:\/\/sandzakpress.net\/arhiva\/#\/schema\/person\/c8baee722073534b583ea7bdb2e36c02","name":"bosniak","image":{"@type":"ImageObject","inLanguage":"bs-BA","@id":"https:\/\/sandzakpress.net\/arhiva\/#\/schema\/person\/image\/","url":"https:\/\/secure.gravatar.com\/avatar\/a04fd330bfe3a36a72a0ad4a6d89fca7?s=96&d=mm&r=pg","contentUrl":"https:\/\/secure.gravatar.com\/avatar\/a04fd330bfe3a36a72a0ad4a6d89fca7?s=96&d=mm&r=pg","caption":"bosniak"},"url":"https:\/\/sandzakpress.net\/arhiva\/author\/bosniak\/"}]}},"_links":{"self":[{"href":"https:\/\/sandzakpress.net\/arhiva\/wp-json\/wp\/v2\/posts\/156069"}],"collection":[{"href":"https:\/\/sandzakpress.net\/arhiva\/wp-json\/wp\/v2\/posts"}],"about":[{"href":"https:\/\/sandzakpress.net\/arhiva\/wp-json\/wp\/v2\/types\/post"}],"author":[{"embeddable":true,"href":"https:\/\/sandzakpress.net\/arhiva\/wp-json\/wp\/v2\/users\/83"}],"replies":[{"embeddable":true,"href":"https:\/\/sandzakpress.net\/arhiva\/wp-json\/wp\/v2\/comments?post=156069"}],"version-history":[{"count":0,"href":"https:\/\/sandzakpress.net\/arhiva\/wp-json\/wp\/v2\/posts\/156069\/revisions"}],"wp:featuredmedia":[{"embeddable":true,"href":"https:\/\/sandzakpress.net\/arhiva\/wp-json\/wp\/v2\/media\/156071"}],"wp:attachment":[{"href":"https:\/\/sandzakpress.net\/arhiva\/wp-json\/wp\/v2\/media?parent=156069"}],"wp:term":[{"taxonomy":"category","embeddable":true,"href":"https:\/\/sandzakpress.net\/arhiva\/wp-json\/wp\/v2\/categories?post=156069"},{"taxonomy":"post_tag","embeddable":true,"href":"https:\/\/sandzakpress.net\/arhiva\/wp-json\/wp\/v2\/tags?post=156069"}],"curies":[{"name":"wp","href":"https:\/\/api.w.org\/{rel}","templated":true}]}}