{"id":156033,"date":"2016-02-29T15:17:08","date_gmt":"2016-02-29T14:17:08","guid":{"rendered":"https:\/\/sandzakpress.net\/arhiva\/?p=156033"},"modified":"2016-02-29T21:42:34","modified_gmt":"2016-02-29T20:42:34","slug":"tri-sandzacka-bedema-islama-iii-dio-mula-emin-ef-zukorlic","status":"publish","type":"post","link":"https:\/\/sandzakpress.net\/arhiva\/tri-sandzacka-bedema-islama-iii-dio-mula-emin-ef-zukorlic\/","title":{"rendered":"Tri sand\u017ea\u010dka bedema islama (III dio), Mula Emin ef. Zukorli\u0107"},"content":{"rendered":"<p><img loading=\"lazy\" decoding=\"async\" class=\"aligncenter size-full wp-image-156035\" src=\"https:\/\/sandzakpress.net\/arhiva\/wp-content\/uploads\/2016\/02\/Mula-Emin-Zukorlic.jpg\" alt=\"Mula Emin Zukorlic\" width=\"600\" height=\"878\" \/><\/p>\n<p>U vremenu poslije II svjetskog rata, nakon uspostave komunisti\u010dkog re\u017eima dolazi do represije prema svemu \u0161to ima dodira sa islamom.<\/p>\n<p>Na prostoru Sand\u017eaka nakon smrti Hfz. Ismail ef. Filibali\u0107a, re\u017eim smatra da \u0107e ga\u0161enjem svih institucija, streljanjem elite na Had\u017eetu i protjerivanjem svih &#8220;nepokornih&#8221;, iskorijeniti Allahovu rije\u010d i vjeru.\u00a0No, kako to uvijek biva Allahova rije\u010d je uvijek gornja, tako se i islam nije, niti \u0107e se ikada ugasiti.<\/p>\n<p>Ba\u0161 u tom po islam mo\u017eda najtragi\u010dnijem vremenu, sto se Sand\u017eaka ti\u010de, jedan \u010dovjek \u0107e ustati i ostati svjetlo islama i Allahovom odredbom postati sebet opstanka islama na prostoru Sand\u017eaka.<br \/>Taj velikan je najpoznatiji u\u010denik hfz. Filibali\u0107a, Mula Emin ef. Zukorli\u0107.<\/p>\n<p>Mula Emin je Ro\u0111en 1912. godine u selu Orlje nadomak Novog Pazara.\u00a0Poti\u010de iz ulemanske porodice, njegov\u00a0 otac Abdulah je obavljao funkciju na\u010delnika op\u0161tine Ribarice, sve dok nije se odazvao pozivu u d\u017eihad bra\u0107i iz ju\u017enog Sand\u017eaka, gdje je u odbrani Bijelog Polja i \u0161ehidio inshAllah na bojnom polju.\u00a0Mula Emin je nakon zavr\u0161etka sibjan mekteba i osnovne \u0161kole upisao Medresu u Novom Pazaru, gdje je postao najbolji i danas najpoznatiji u\u010denik Ismail ef. Filibali\u0107a, pred kojim je stekao ogromno znanje.<\/p>\n<p>Nakon toga se o\u017eenio lijepom Fatimom iz Baloti\u0107a kraj Ro\u017eaja, unukom \u010duvenog Husejn ef. Had\u017eica koji je preselio tokom obreda Had\u017ed\u017ea, gdje je i ukopan u \u010duvenom mezarju Bekije, pokraj ashaba \u010dasnih.\u00a0Njoj je takodjer dajid\u017ea i \u010duveni Fehrat beg Draga, osniva\u010d muslimanske milicije zajedno sa A\u0107if ef. i D\u017eemailom Koni\u010daninom.\u00a0Iz braka sa Fatimom je dobio 4 sina i 4 \u0107erke, od kojih su ve\u0107ina zavr\u0161ili Medresu, i obavili Had\u017ed\u017e jo\u0161 tokom njegovog \u017eivota.\u00a0Nakon zavr\u0161etka Medrese i zasnivanja braka, vra\u0107a se u rodno selo gdje radi kao imam i vodi mekteb za Ribari\u0107ki kraj.<\/p>\n<p>Kada je Pazaru prijetila opasnost od \u010detnika zajedno sa svojim amid\u017eom Hasanom koji je bio komandant Ribari\u0107kog kraja i svojim \u0161ejhom Hfz. Filibali\u0107em, 40 dana se hrabro u prvoj liniji fronta bori sve dok se Pazar nije oslobodio.<\/p>\n<p><strong>I nakon rata rat<\/strong><\/p>\n<p>Nakon dolaska komunista na vlast, de\u0161ava se strijeljanje na Had\u017eetu koje su pre\u017eivili Mula Emin ef. i njegov \u0161ejh Ismail Filibali\u0107.<\/p>\n<p>To je bio jasan plan tada\u0161njih vlasti, jer im je \u0161ejh Filibali\u0107 trebao za sprovo\u0111enje &#8221; komunisti\u010dkog islama&#8221;, a Mula Emin ef. kao mlad \u010dovjek, smatrali su ga podobnim za vo\u0111enje Islamske zajednice, po principima odgovaraju\u0107im re\u017eimu.\u00a0No, Allahovom voljom Ismail ef. Filibali\u0107 je preselio no\u0107 prije nego je trebala biti potpisana &#8220;komunisti\u010dka fetva&#8221;, a Mula Emin ef. se povla\u010di u svoje rodno selo.\u00a0Iako mu je tada\u0161nja vlast &#8220;preporu\u010divala &#8221; da se ne upli\u0107e puno u islam, on punim intenzitetom nastavlja sa da'vom i edukacijom omladine.<\/p>\n<p>Osniva mekteb u svom domu, \u010dasove sufare i ted\u017evida, kao i islamska sijela na kojim je dr\u017eao predavanja.\u00a0Ubrzo je postao poznat , i broj polaznika se znatno pove\u0107ao , \u0161to je bio povod da se ozna\u010di kao neprijatelj br. jedan vladaju\u0107em sistemu sa ovih prostora.\u00a0Sve to je dovelo do hap\u0161enja i pritvaranja Mula Emin ef. vi\u0161e desetina puta.<\/p>\n<p>Zastra\u0161ivanja, prijetnje i ucjene, nisu dale efekta, ve\u0107 je sasvim suprotno, kako dolikuje jednom alimu nastavio jo\u0161 ja\u010dim intezitetom, tako da su u njegovom domu svakodnevno bili organizirani mekteb, \u010dasovi sufare, ted\u017evida, hifza, predavanja, a zatim i kasnije organizovani odlazak na Had\u017ed\u017e.<\/p>\n<p>Sve to je dalo veliki plod, te je sebetom ovog velikana islam o\u010duvan na ovim na\u0161im prostorima, a veliki broj mladih muslimana otrgnut iz kand\u017ei bezbostva.\u00a0Samo iz porodice Mula Emin ef. su skoro svi unuci i paraunuci zavr\u0161ili ili zavr\u0161avaju Medresu, a veliki broj njih je i diplomirao na Islamskim Fakultetima.\u00a0<\/p>\n<p>Svakako najpoznatiji me\u0111u njima je muftija sand\u017ea\u010dki Muamer ef. Zukorli\u0107, za kojeg se smatra da je liderske sposobnosti dobrim dijelom &#8220;povukao&#8221; na dajid\u017eu svoje nane, Fehrat beg Drage. Godine\u00a02001. je na ahiret preselio Mula Emin ef. Zukorli\u0107, velikan ummeta iz redova Bo\u0161njaka, koji je dao neprocjenjiv doprinos o\u010duvanju islama na na\u0161im prostorima, uprkos tiraniji i represiji kojoj je bio izlo\u017een, Allah mu se smilovao.<\/p>\n<p>Autor: Denis Hadzibuli\u0107<\/p>\n","protected":false},"excerpt":{"rendered":"<p>Denis Hadzibuli\u0107<\/p>\n","protected":false},"author":83,"featured_media":156035,"comment_status":"open","ping_status":"open","sticky":false,"template":"","format":"standard","meta":{"footnotes":""},"categories":[72,10196,327,16],"tags":[],"class_list":{"0":"post-156033","1":"post","2":"type-post","3":"status-publish","4":"format-standard","5":"has-post-thumbnail","7":"category-novi-pazar","8":"category-iz-pera-nasih-autora","9":"category-tutin","10":"category-novine"},"yoast_head":"<!-- This site is optimized with the Yoast SEO Premium plugin v23.1 (Yoast SEO v24.9) - https:\/\/yoast.com\/wordpress\/plugins\/seo\/ -->\n<title>Tri sand\u017ea\u010dka bedema islama (III dio), Mula Emin ef. Zukorli\u0107<\/title>\n<meta name=\"robots\" content=\"index, follow, max-snippet:-1, max-image-preview:large, max-video-preview:-1\" \/>\n<link rel=\"canonical\" href=\"https:\/\/sandzakpress.net\/arhiva\/tri-sandzacka-bedema-islama-iii-dio-mula-emin-ef-zukorlic\/\" \/>\n<meta property=\"og:locale\" content=\"bs_BA\" \/>\n<meta property=\"og:type\" content=\"article\" \/>\n<meta property=\"og:title\" content=\"Tri sand\u017ea\u010dka bedema islama (III dio), Mula Emin ef. Zukorli\u0107\" \/>\n<meta property=\"og:description\" content=\"Denis Hadzibuli\u0107\" \/>\n<meta property=\"og:url\" content=\"https:\/\/sandzakpress.net\/arhiva\/tri-sandzacka-bedema-islama-iii-dio-mula-emin-ef-zukorlic\/\" \/>\n<meta property=\"og:site_name\" content=\"Sand\u017eak PRESS\" \/>\n<meta property=\"article:published_time\" content=\"2016-02-29T14:17:08+00:00\" \/>\n<meta property=\"article:modified_time\" content=\"2016-02-29T20:42:34+00:00\" \/>\n<meta property=\"og:image\" content=\"https:\/\/sandzakpress.net\/arhiva\/wp-content\/uploads\/2016\/02\/Mula-Emin-Zukorlic.jpg\" \/>\n\t<meta property=\"og:image:width\" content=\"600\" \/>\n\t<meta property=\"og:image:height\" content=\"878\" \/>\n\t<meta property=\"og:image:type\" content=\"image\/jpeg\" \/>\n<meta name=\"author\" content=\"bosniak\" \/>\n<meta name=\"twitter:card\" content=\"summary_large_image\" \/>\n<meta name=\"twitter:label1\" content=\"Written by\" \/>\n\t<meta name=\"twitter:data1\" content=\"bosniak\" \/>\n\t<meta name=\"twitter:label2\" content=\"Est. reading time\" \/>\n\t<meta name=\"twitter:data2\" content=\"4 minute\" \/>\n<script type=\"application\/ld+json\" class=\"yoast-schema-graph\">{\"@context\":\"https:\/\/schema.org\",\"@graph\":[{\"@type\":\"Article\",\"@id\":\"https:\/\/sandzakpress.net\/arhiva\/tri-sandzacka-bedema-islama-iii-dio-mula-emin-ef-zukorlic\/#article\",\"isPartOf\":{\"@id\":\"https:\/\/sandzakpress.net\/arhiva\/tri-sandzacka-bedema-islama-iii-dio-mula-emin-ef-zukorlic\/\"},\"author\":{\"name\":\"bosniak\",\"@id\":\"https:\/\/sandzakpress.net\/arhiva\/#\/schema\/person\/c8baee722073534b583ea7bdb2e36c02\"},\"headline\":\"Tri sand\u017ea\u010dka bedema islama (III dio), Mula Emin ef. Zukorli\u0107\",\"datePublished\":\"2016-02-29T14:17:08+00:00\",\"dateModified\":\"2016-02-29T20:42:34+00:00\",\"mainEntityOfPage\":{\"@id\":\"https:\/\/sandzakpress.net\/arhiva\/tri-sandzacka-bedema-islama-iii-dio-mula-emin-ef-zukorlic\/\"},\"wordCount\":745,\"commentCount\":9,\"publisher\":{\"@id\":\"https:\/\/sandzakpress.net\/arhiva\/#\/schema\/person\/6e72b67d6e51910a1117b3b483ba20bd\"},\"image\":{\"@id\":\"https:\/\/sandzakpress.net\/arhiva\/tri-sandzacka-bedema-islama-iii-dio-mula-emin-ef-zukorlic\/#primaryimage\"},\"thumbnailUrl\":\"https:\/\/sandzakpress.net\/arhiva\/wp-content\/uploads\/2016\/02\/Mula-Emin-Zukorlic.jpg\",\"articleSection\":[\"Novi Pazar\",\"Iz pera na\u0161ih autora\",\"Tutin\",\"Novine\"],\"inLanguage\":\"bs-BA\",\"potentialAction\":[{\"@type\":\"CommentAction\",\"name\":\"Comment\",\"target\":[\"https:\/\/sandzakpress.net\/arhiva\/tri-sandzacka-bedema-islama-iii-dio-mula-emin-ef-zukorlic\/#respond\"]}]},{\"@type\":\"WebPage\",\"@id\":\"https:\/\/sandzakpress.net\/arhiva\/tri-sandzacka-bedema-islama-iii-dio-mula-emin-ef-zukorlic\/\",\"url\":\"https:\/\/sandzakpress.net\/arhiva\/tri-sandzacka-bedema-islama-iii-dio-mula-emin-ef-zukorlic\/\",\"name\":\"Tri sand\u017ea\u010dka bedema islama (III dio), Mula Emin ef. Zukorli\u0107\",\"isPartOf\":{\"@id\":\"https:\/\/sandzakpress.net\/arhiva\/#website\"},\"primaryImageOfPage\":{\"@id\":\"https:\/\/sandzakpress.net\/arhiva\/tri-sandzacka-bedema-islama-iii-dio-mula-emin-ef-zukorlic\/#primaryimage\"},\"image\":{\"@id\":\"https:\/\/sandzakpress.net\/arhiva\/tri-sandzacka-bedema-islama-iii-dio-mula-emin-ef-zukorlic\/#primaryimage\"},\"thumbnailUrl\":\"https:\/\/sandzakpress.net\/arhiva\/wp-content\/uploads\/2016\/02\/Mula-Emin-Zukorlic.jpg\",\"datePublished\":\"2016-02-29T14:17:08+00:00\",\"dateModified\":\"2016-02-29T20:42:34+00:00\",\"breadcrumb\":{\"@id\":\"https:\/\/sandzakpress.net\/arhiva\/tri-sandzacka-bedema-islama-iii-dio-mula-emin-ef-zukorlic\/#breadcrumb\"},\"inLanguage\":\"bs-BA\",\"potentialAction\":[{\"@type\":\"ReadAction\",\"target\":[\"https:\/\/sandzakpress.net\/arhiva\/tri-sandzacka-bedema-islama-iii-dio-mula-emin-ef-zukorlic\/\"]}]},{\"@type\":\"ImageObject\",\"inLanguage\":\"bs-BA\",\"@id\":\"https:\/\/sandzakpress.net\/arhiva\/tri-sandzacka-bedema-islama-iii-dio-mula-emin-ef-zukorlic\/#primaryimage\",\"url\":\"https:\/\/sandzakpress.net\/arhiva\/wp-content\/uploads\/2016\/02\/Mula-Emin-Zukorlic.jpg\",\"contentUrl\":\"https:\/\/sandzakpress.net\/arhiva\/wp-content\/uploads\/2016\/02\/Mula-Emin-Zukorlic.jpg\",\"width\":600,\"height\":878},{\"@type\":\"BreadcrumbList\",\"@id\":\"https:\/\/sandzakpress.net\/arhiva\/tri-sandzacka-bedema-islama-iii-dio-mula-emin-ef-zukorlic\/#breadcrumb\",\"itemListElement\":[{\"@type\":\"ListItem\",\"position\":1,\"name\":\"Home\",\"item\":\"https:\/\/sandzakpress.net\/arhiva\/\"},{\"@type\":\"ListItem\",\"position\":2,\"name\":\"Tri sand\u017ea\u010dka bedema islama (III dio), Mula Emin ef. Zukorli\u0107\"}]},{\"@type\":\"WebSite\",\"@id\":\"https:\/\/sandzakpress.net\/arhiva\/#website\",\"url\":\"https:\/\/sandzakpress.net\/arhiva\/\",\"name\":\"Sand\u017eak PRESS\",\"description\":\"Prve elektronske novine u Sand\u017eaku\",\"publisher\":{\"@id\":\"https:\/\/sandzakpress.net\/arhiva\/#\/schema\/person\/6e72b67d6e51910a1117b3b483ba20bd\"},\"potentialAction\":[{\"@type\":\"SearchAction\",\"target\":{\"@type\":\"EntryPoint\",\"urlTemplate\":\"https:\/\/sandzakpress.net\/arhiva\/?s={search_term_string}\"},\"query-input\":{\"@type\":\"PropertyValueSpecification\",\"valueRequired\":true,\"valueName\":\"search_term_string\"}}],\"inLanguage\":\"bs-BA\"},{\"@type\":[\"Person\",\"Organization\"],\"@id\":\"https:\/\/sandzakpress.net\/arhiva\/#\/schema\/person\/6e72b67d6e51910a1117b3b483ba20bd\",\"name\":\"Kul\",\"image\":{\"@type\":\"ImageObject\",\"inLanguage\":\"bs-BA\",\"@id\":\"https:\/\/sandzakpress.net\/arhiva\/#\/schema\/person\/image\/\",\"url\":\"https:\/\/secure.gravatar.com\/avatar\/42263f39aa27ac04c43cab85c280eb2e?s=96&d=mm&r=pg\",\"contentUrl\":\"https:\/\/secure.gravatar.com\/avatar\/42263f39aa27ac04c43cab85c280eb2e?s=96&d=mm&r=pg\",\"caption\":\"Kul\"},\"logo\":{\"@id\":\"https:\/\/sandzakpress.net\/arhiva\/#\/schema\/person\/image\/\"}},{\"@type\":\"Person\",\"@id\":\"https:\/\/sandzakpress.net\/arhiva\/#\/schema\/person\/c8baee722073534b583ea7bdb2e36c02\",\"name\":\"bosniak\",\"image\":{\"@type\":\"ImageObject\",\"inLanguage\":\"bs-BA\",\"@id\":\"https:\/\/sandzakpress.net\/arhiva\/#\/schema\/person\/image\/\",\"url\":\"https:\/\/secure.gravatar.com\/avatar\/a04fd330bfe3a36a72a0ad4a6d89fca7?s=96&d=mm&r=pg\",\"contentUrl\":\"https:\/\/secure.gravatar.com\/avatar\/a04fd330bfe3a36a72a0ad4a6d89fca7?s=96&d=mm&r=pg\",\"caption\":\"bosniak\"},\"url\":\"https:\/\/sandzakpress.net\/arhiva\/author\/bosniak\/\"}]}<\/script>\n<!-- \/ Yoast SEO Premium plugin. -->","yoast_head_json":{"title":"Tri sand\u017ea\u010dka bedema islama (III dio), Mula Emin ef. Zukorli\u0107","robots":{"index":"index","follow":"follow","max-snippet":"max-snippet:-1","max-image-preview":"max-image-preview:large","max-video-preview":"max-video-preview:-1"},"canonical":"https:\/\/sandzakpress.net\/arhiva\/tri-sandzacka-bedema-islama-iii-dio-mula-emin-ef-zukorlic\/","og_locale":"bs_BA","og_type":"article","og_title":"Tri sand\u017ea\u010dka bedema islama (III dio), Mula Emin ef. Zukorli\u0107","og_description":"Denis Hadzibuli\u0107","og_url":"https:\/\/sandzakpress.net\/arhiva\/tri-sandzacka-bedema-islama-iii-dio-mula-emin-ef-zukorlic\/","og_site_name":"Sand\u017eak PRESS","article_published_time":"2016-02-29T14:17:08+00:00","article_modified_time":"2016-02-29T20:42:34+00:00","og_image":[{"width":600,"height":878,"url":"https:\/\/sandzakpress.net\/arhiva\/wp-content\/uploads\/2016\/02\/Mula-Emin-Zukorlic.jpg","type":"image\/jpeg"}],"author":"bosniak","twitter_card":"summary_large_image","twitter_misc":{"Written by":"bosniak","Est. reading time":"4 minute"},"schema":{"@context":"https:\/\/schema.org","@graph":[{"@type":"Article","@id":"https:\/\/sandzakpress.net\/arhiva\/tri-sandzacka-bedema-islama-iii-dio-mula-emin-ef-zukorlic\/#article","isPartOf":{"@id":"https:\/\/sandzakpress.net\/arhiva\/tri-sandzacka-bedema-islama-iii-dio-mula-emin-ef-zukorlic\/"},"author":{"name":"bosniak","@id":"https:\/\/sandzakpress.net\/arhiva\/#\/schema\/person\/c8baee722073534b583ea7bdb2e36c02"},"headline":"Tri sand\u017ea\u010dka bedema islama (III dio), Mula Emin ef. Zukorli\u0107","datePublished":"2016-02-29T14:17:08+00:00","dateModified":"2016-02-29T20:42:34+00:00","mainEntityOfPage":{"@id":"https:\/\/sandzakpress.net\/arhiva\/tri-sandzacka-bedema-islama-iii-dio-mula-emin-ef-zukorlic\/"},"wordCount":745,"commentCount":9,"publisher":{"@id":"https:\/\/sandzakpress.net\/arhiva\/#\/schema\/person\/6e72b67d6e51910a1117b3b483ba20bd"},"image":{"@id":"https:\/\/sandzakpress.net\/arhiva\/tri-sandzacka-bedema-islama-iii-dio-mula-emin-ef-zukorlic\/#primaryimage"},"thumbnailUrl":"https:\/\/sandzakpress.net\/arhiva\/wp-content\/uploads\/2016\/02\/Mula-Emin-Zukorlic.jpg","articleSection":["Novi Pazar","Iz pera na\u0161ih autora","Tutin","Novine"],"inLanguage":"bs-BA","potentialAction":[{"@type":"CommentAction","name":"Comment","target":["https:\/\/sandzakpress.net\/arhiva\/tri-sandzacka-bedema-islama-iii-dio-mula-emin-ef-zukorlic\/#respond"]}]},{"@type":"WebPage","@id":"https:\/\/sandzakpress.net\/arhiva\/tri-sandzacka-bedema-islama-iii-dio-mula-emin-ef-zukorlic\/","url":"https:\/\/sandzakpress.net\/arhiva\/tri-sandzacka-bedema-islama-iii-dio-mula-emin-ef-zukorlic\/","name":"Tri sand\u017ea\u010dka bedema islama (III dio), Mula Emin ef. Zukorli\u0107","isPartOf":{"@id":"https:\/\/sandzakpress.net\/arhiva\/#website"},"primaryImageOfPage":{"@id":"https:\/\/sandzakpress.net\/arhiva\/tri-sandzacka-bedema-islama-iii-dio-mula-emin-ef-zukorlic\/#primaryimage"},"image":{"@id":"https:\/\/sandzakpress.net\/arhiva\/tri-sandzacka-bedema-islama-iii-dio-mula-emin-ef-zukorlic\/#primaryimage"},"thumbnailUrl":"https:\/\/sandzakpress.net\/arhiva\/wp-content\/uploads\/2016\/02\/Mula-Emin-Zukorlic.jpg","datePublished":"2016-02-29T14:17:08+00:00","dateModified":"2016-02-29T20:42:34+00:00","breadcrumb":{"@id":"https:\/\/sandzakpress.net\/arhiva\/tri-sandzacka-bedema-islama-iii-dio-mula-emin-ef-zukorlic\/#breadcrumb"},"inLanguage":"bs-BA","potentialAction":[{"@type":"ReadAction","target":["https:\/\/sandzakpress.net\/arhiva\/tri-sandzacka-bedema-islama-iii-dio-mula-emin-ef-zukorlic\/"]}]},{"@type":"ImageObject","inLanguage":"bs-BA","@id":"https:\/\/sandzakpress.net\/arhiva\/tri-sandzacka-bedema-islama-iii-dio-mula-emin-ef-zukorlic\/#primaryimage","url":"https:\/\/sandzakpress.net\/arhiva\/wp-content\/uploads\/2016\/02\/Mula-Emin-Zukorlic.jpg","contentUrl":"https:\/\/sandzakpress.net\/arhiva\/wp-content\/uploads\/2016\/02\/Mula-Emin-Zukorlic.jpg","width":600,"height":878},{"@type":"BreadcrumbList","@id":"https:\/\/sandzakpress.net\/arhiva\/tri-sandzacka-bedema-islama-iii-dio-mula-emin-ef-zukorlic\/#breadcrumb","itemListElement":[{"@type":"ListItem","position":1,"name":"Home","item":"https:\/\/sandzakpress.net\/arhiva\/"},{"@type":"ListItem","position":2,"name":"Tri sand\u017ea\u010dka bedema islama (III dio), Mula Emin ef. Zukorli\u0107"}]},{"@type":"WebSite","@id":"https:\/\/sandzakpress.net\/arhiva\/#website","url":"https:\/\/sandzakpress.net\/arhiva\/","name":"Sand\u017eak PRESS","description":"Prve elektronske novine u Sand\u017eaku","publisher":{"@id":"https:\/\/sandzakpress.net\/arhiva\/#\/schema\/person\/6e72b67d6e51910a1117b3b483ba20bd"},"potentialAction":[{"@type":"SearchAction","target":{"@type":"EntryPoint","urlTemplate":"https:\/\/sandzakpress.net\/arhiva\/?s={search_term_string}"},"query-input":{"@type":"PropertyValueSpecification","valueRequired":true,"valueName":"search_term_string"}}],"inLanguage":"bs-BA"},{"@type":["Person","Organization"],"@id":"https:\/\/sandzakpress.net\/arhiva\/#\/schema\/person\/6e72b67d6e51910a1117b3b483ba20bd","name":"Kul","image":{"@type":"ImageObject","inLanguage":"bs-BA","@id":"https:\/\/sandzakpress.net\/arhiva\/#\/schema\/person\/image\/","url":"https:\/\/secure.gravatar.com\/avatar\/42263f39aa27ac04c43cab85c280eb2e?s=96&d=mm&r=pg","contentUrl":"https:\/\/secure.gravatar.com\/avatar\/42263f39aa27ac04c43cab85c280eb2e?s=96&d=mm&r=pg","caption":"Kul"},"logo":{"@id":"https:\/\/sandzakpress.net\/arhiva\/#\/schema\/person\/image\/"}},{"@type":"Person","@id":"https:\/\/sandzakpress.net\/arhiva\/#\/schema\/person\/c8baee722073534b583ea7bdb2e36c02","name":"bosniak","image":{"@type":"ImageObject","inLanguage":"bs-BA","@id":"https:\/\/sandzakpress.net\/arhiva\/#\/schema\/person\/image\/","url":"https:\/\/secure.gravatar.com\/avatar\/a04fd330bfe3a36a72a0ad4a6d89fca7?s=96&d=mm&r=pg","contentUrl":"https:\/\/secure.gravatar.com\/avatar\/a04fd330bfe3a36a72a0ad4a6d89fca7?s=96&d=mm&r=pg","caption":"bosniak"},"url":"https:\/\/sandzakpress.net\/arhiva\/author\/bosniak\/"}]}},"_links":{"self":[{"href":"https:\/\/sandzakpress.net\/arhiva\/wp-json\/wp\/v2\/posts\/156033"}],"collection":[{"href":"https:\/\/sandzakpress.net\/arhiva\/wp-json\/wp\/v2\/posts"}],"about":[{"href":"https:\/\/sandzakpress.net\/arhiva\/wp-json\/wp\/v2\/types\/post"}],"author":[{"embeddable":true,"href":"https:\/\/sandzakpress.net\/arhiva\/wp-json\/wp\/v2\/users\/83"}],"replies":[{"embeddable":true,"href":"https:\/\/sandzakpress.net\/arhiva\/wp-json\/wp\/v2\/comments?post=156033"}],"version-history":[{"count":0,"href":"https:\/\/sandzakpress.net\/arhiva\/wp-json\/wp\/v2\/posts\/156033\/revisions"}],"wp:featuredmedia":[{"embeddable":true,"href":"https:\/\/sandzakpress.net\/arhiva\/wp-json\/wp\/v2\/media\/156035"}],"wp:attachment":[{"href":"https:\/\/sandzakpress.net\/arhiva\/wp-json\/wp\/v2\/media?parent=156033"}],"wp:term":[{"taxonomy":"category","embeddable":true,"href":"https:\/\/sandzakpress.net\/arhiva\/wp-json\/wp\/v2\/categories?post=156033"},{"taxonomy":"post_tag","embeddable":true,"href":"https:\/\/sandzakpress.net\/arhiva\/wp-json\/wp\/v2\/tags?post=156033"}],"curies":[{"name":"wp","href":"https:\/\/api.w.org\/{rel}","templated":true}]}}