{"id":156021,"date":"2016-02-29T13:34:36","date_gmt":"2016-02-29T12:34:36","guid":{"rendered":"https:\/\/sandzakpress.net\/arhiva\/?p=156021"},"modified":"2016-02-29T13:46:54","modified_gmt":"2016-02-29T12:46:54","slug":"druga-vecer-manifestacije-dani-bosnjaka-u-austriji","status":"publish","type":"post","link":"https:\/\/sandzakpress.net\/arhiva\/druga-vecer-manifestacije-dani-bosnjaka-u-austriji\/","title":{"rendered":"Druga ve\u010der Manifestacije \u201eDani Bo\u0161njaka u Austriji\u201c"},"content":{"rendered":"<p><img loading=\"lazy\" decoding=\"async\" class=\"alignnone size-large wp-image-31206\" src=\"http:\/\/mesihat.org\/wp-content\/uploads\/2016\/02\/govori-3-800x600.jpg\" sizes=\"(max-width: 750px) 100vw, 750px\" srcset=\"http:\/\/mesihat.org\/wp-content\/uploads\/2016\/02\/govori-3-400x300.jpg 400w, http:\/\/mesihat.org\/wp-content\/uploads\/2016\/02\/govori-3-768x576.jpg 768w, http:\/\/mesihat.org\/wp-content\/uploads\/2016\/02\/govori-3-800x600.jpg 800w, http:\/\/mesihat.org\/wp-content\/uploads\/2016\/02\/govori-3-80x60.jpg 80w, http:\/\/mesihat.org\/wp-content\/uploads\/2016\/02\/govori-3.jpg 1280w\" alt=\"govori (3)\" width=\"750\" height=\"563\" \/><\/p>\n<p><strong>Austrija &#8211; Druga ve\u010der Manifestacije\u00a0 \u201cDani Bo\u0161njaka u Austriji\u201d otpo\u010dela je zvucima sevdaha, koju je otvorio Hamza \u0160krijelj sevdalinkama \u201cU Stambolu na Bosforu\u201d i \u201cNe klepe\u0107i nanulama\u201d.<\/strong><\/p>\n<p>U nastavku sevdalinkama \u201cMoj dilbere\u201d i \u201cAlipa\u0161in izvor\u201d predstavio se izvo\u0111a\u010d sevdaha Meki Ajdinovi\u0107.<\/p>\n<p>Aplauzi i zadovoljstvo publike svjedo\u010de uspjehu ove, sada ve\u0107 tradicionalne manifestacije.<\/p>\n<p>Kulturno-umjetni\u010dko dru\u0161tvo IKI Wien predstavio se tradicionalnim bo\u0161nja\u010dkim igrama.<\/p>\n<p>Poseban gost ve\u010deri bilo je KUD \u201eDivanhana\u201c iz Klagenfurta. Sevdalinkom \u201cKi\u0161a pada, trava raste\u201d \u010dlanica ovog KUD-a Azra Hajrudinovi\u0107 uljep\u0161ala je ambijent ve\u010deri bo\u0161nja\u010dke kulture u prijestolnici Austrije, a nakon nje su \u010dlanovi folklora \u201cMozaikom Bosne\u201d pokupili simpatije publike.<\/p>\n<p>Kako je ovo kulturno-tradicionalna manifestacija, tu su i predstavnici KUD \u201eAmber\u201c iz kom\u0161ijskog grada St. P\u00f6ltena, jo\u0161 jedni \u010duvari tradicije koji su nizom igara pokazali svim prisutnima \u0161ta znaju. Gromoglasni aplauzi prisutnih svjedo\u010de njihovom kvalitetu koji gaje dugi niz godina.<\/p>\n<p>Prisutnima se obratio jedan od organizatora, Ismet Mehmedovi\u0107, koji se zahvalio svim prisutnima i istakao da su velike blagodati ustanove Bo\u0161njaka koje postoje u Be\u010du te ne dozvoljavaju da se vjera, tradicija i bo\u0161nja\u0161tvo zaborave na ovim prostorima.<\/p>\n<p>Prisutnima se obratio i predsjednik Zajednice sand\u017ea\u010dke dijaspore Mithat ef. Mujovi\u0107 koji je istakao svoje zadovoljstvo \u0161to iz godine u godinu sve vi\u0161e Bo\u0161njaka uvi\u0111a va\u017enost vjere i tradicije.<\/p>\n<p>Radostan \u0161to su Bo\u0161njaci sa svih strana Austrije, a i iz Sand\u017eaka i Bosne, do\u0161li da uveli\u010daju skup, Mithat-efendija se zahvalio svima i uputio dovu Uzvi\u0161enom Gospodaru da podari svako dobro \u010duvarima vjere i tradicije.<\/p>\n<p>Poseban gost i ove ve\u010deri bio je predsjednik Me\u0161ihata IZ-e u Srbiji, muftija dr. Mevlud ef. Dudi\u0107. Muftija Dudi\u0107 je na samom po\u010detku uru\u010dio zahvalnicu ispred Me\u0161ihata IZ-e u Srbiji prof. Mithat ef.<\/p>\n<p>Mujovi\u0107u za sve \u0161to je Islamski kulturni centar u Be\u010du u\u010dinio u prethodnim godinama.<\/p>\n<p>Predsjednik Me\u0161ihata je ovom prilikom istakao zna\u010daj o\u010duvanja tradicije. \u201cBo\u0161njaci trebaju da imaju i svoju no\u0161nju i folklor, trebaju \u010duvati duhovnost kroz ilahije i kaside, kroz sevdalinke, jer je to na\u0161e\u201d \u2013 isti\u010de muftija dr. Dudi\u0107.<\/p>\n<p>Svoje obra\u0107anje zavr\u0161io je dovom Uzvi\u0161enom Gospodaru da ovaj skup obaspe bereketom te da svim istinskim \u010duvarima vjere i tradicije podari svaki hair u \u017eivotu.<\/p>\n<p>Podijum su preuzeli izvo\u0111a\u010di sevdaha, a po svojoj tradiciji Bo\u0161njaci su nastavili sa merakom.<\/p>\n<p><a class=\"cb-lightbox\" href=\"http:\/\/mesihat.org\/wp-content\/uploads\/2016\/02\/govori-1.jpg\" rel=\"attachment wp-att-31204\"><img loading=\"lazy\" decoding=\"async\" class=\"alignnone size-large wp-image-31204\" src=\"http:\/\/mesihat.org\/wp-content\/uploads\/2016\/02\/govori-1-800x600.jpg\" sizes=\"(max-width: 750px) 100vw, 750px\" srcset=\"http:\/\/mesihat.org\/wp-content\/uploads\/2016\/02\/govori-1-400x300.jpg 400w, http:\/\/mesihat.org\/wp-content\/uploads\/2016\/02\/govori-1-768x576.jpg 768w, http:\/\/mesihat.org\/wp-content\/uploads\/2016\/02\/govori-1-800x600.jpg 800w, http:\/\/mesihat.org\/wp-content\/uploads\/2016\/02\/govori-1-80x60.jpg 80w, http:\/\/mesihat.org\/wp-content\/uploads\/2016\/02\/govori-1.jpg 1280w\" alt=\"govori (1)\" width=\"750\" height=\"563\" \/><\/a><a class=\"cb-lightbox\" href=\"http:\/\/mesihat.org\/wp-content\/uploads\/2016\/02\/govori-2.jpg\" rel=\"attachment wp-att-31205\"><img loading=\"lazy\" decoding=\"async\" class=\"alignnone size-large wp-image-31205\" src=\"http:\/\/mesihat.org\/wp-content\/uploads\/2016\/02\/govori-2-800x600.jpg\" sizes=\"(max-width: 750px) 100vw, 750px\" srcset=\"http:\/\/mesihat.org\/wp-content\/uploads\/2016\/02\/govori-2-400x300.jpg 400w, http:\/\/mesihat.org\/wp-content\/uploads\/2016\/02\/govori-2-768x576.jpg 768w, http:\/\/mesihat.org\/wp-content\/uploads\/2016\/02\/govori-2-800x600.jpg 800w, http:\/\/mesihat.org\/wp-content\/uploads\/2016\/02\/govori-2-80x60.jpg 80w, http:\/\/mesihat.org\/wp-content\/uploads\/2016\/02\/govori-2.jpg 1280w\" alt=\"govori (2)\" width=\"750\" height=\"563\" \/><\/a><a class=\"cb-lightbox\" href=\"http:\/\/mesihat.org\/wp-content\/uploads\/2016\/02\/govori-4-e1456654307457.jpg\" rel=\"attachment wp-att-31207\"><img loading=\"lazy\" decoding=\"async\" class=\"alignnone size-large wp-image-31207\" src=\"http:\/\/mesihat.org\/wp-content\/uploads\/2016\/02\/govori-4-e1456654307457-800x600.jpg\" sizes=\"(max-width: 750px) 100vw, 750px\" srcset=\"http:\/\/mesihat.org\/wp-content\/uploads\/2016\/02\/govori-4-e1456654307457-400x300.jpg 400w, http:\/\/mesihat.org\/wp-content\/uploads\/2016\/02\/govori-4-e1456654307457-800x600.jpg 800w, http:\/\/mesihat.org\/wp-content\/uploads\/2016\/02\/govori-4-e1456654307457-80x60.jpg 80w, http:\/\/mesihat.org\/wp-content\/uploads\/2016\/02\/govori-4-e1456654307457-768x576.jpg 768w, http:\/\/mesihat.org\/wp-content\/uploads\/2016\/02\/govori-4-e1456654307457.jpg 960w\" alt=\"govori (4)\" width=\"750\" height=\"563\" \/><\/a><a class=\"cb-lightbox\" href=\"http:\/\/mesihat.org\/wp-content\/uploads\/2016\/02\/govori-5-e1456654317577.jpg\" rel=\"attachment wp-att-31208\"><img loading=\"lazy\" decoding=\"async\" class=\"alignnone size-large wp-image-31208\" src=\"http:\/\/mesihat.org\/wp-content\/uploads\/2016\/02\/govori-5-e1456654317577-800x600.jpg\" sizes=\"(max-width: 750px) 100vw, 750px\" srcset=\"http:\/\/mesihat.org\/wp-content\/uploads\/2016\/02\/govori-5-e1456654317577-400x300.jpg 400w, http:\/\/mesihat.org\/wp-content\/uploads\/2016\/02\/govori-5-e1456654317577-800x600.jpg 800w, http:\/\/mesihat.org\/wp-content\/uploads\/2016\/02\/govori-5-e1456654317577-80x60.jpg 80w, http:\/\/mesihat.org\/wp-content\/uploads\/2016\/02\/govori-5-e1456654317577-768x576.jpg 768w, http:\/\/mesihat.org\/wp-content\/uploads\/2016\/02\/govori-5-e1456654317577.jpg 960w\" alt=\"govori (5)\" width=\"750\" height=\"563\" \/><\/a><\/p>\n<p><a class=\"cb-lightbox\" href=\"http:\/\/mesihat.org\/wp-content\/uploads\/2016\/02\/publika-1.jpg\" rel=\"attachment wp-att-31209\"><img loading=\"lazy\" decoding=\"async\" class=\"alignnone size-large wp-image-31209\" src=\"http:\/\/mesihat.org\/wp-content\/uploads\/2016\/02\/publika-1-800x600.jpg\" sizes=\"(max-width: 750px) 100vw, 750px\" srcset=\"http:\/\/mesihat.org\/wp-content\/uploads\/2016\/02\/publika-1-400x300.jpg 400w, http:\/\/mesihat.org\/wp-content\/uploads\/2016\/02\/publika-1-768x576.jpg 768w, http:\/\/mesihat.org\/wp-content\/uploads\/2016\/02\/publika-1-800x600.jpg 800w, http:\/\/mesihat.org\/wp-content\/uploads\/2016\/02\/publika-1-80x60.jpg 80w, http:\/\/mesihat.org\/wp-content\/uploads\/2016\/02\/publika-1.jpg 1280w\" alt=\"publika (1)\" width=\"750\" height=\"563\" \/><\/a><a class=\"cb-lightbox\" href=\"http:\/\/mesihat.org\/wp-content\/uploads\/2016\/02\/publika-2.jpg\" rel=\"attachment wp-att-31210\"><img loading=\"lazy\" decoding=\"async\" class=\"alignnone size-large wp-image-31210\" src=\"http:\/\/mesihat.org\/wp-content\/uploads\/2016\/02\/publika-2-800x600.jpg\" sizes=\"(max-width: 750px) 100vw, 750px\" srcset=\"http:\/\/mesihat.org\/wp-content\/uploads\/2016\/02\/publika-2-400x300.jpg 400w, http:\/\/mesihat.org\/wp-content\/uploads\/2016\/02\/publika-2-768x576.jpg 768w, http:\/\/mesihat.org\/wp-content\/uploads\/2016\/02\/publika-2-800x600.jpg 800w, http:\/\/mesihat.org\/wp-content\/uploads\/2016\/02\/publika-2-80x60.jpg 80w, http:\/\/mesihat.org\/wp-content\/uploads\/2016\/02\/publika-2.jpg 1280w\" alt=\"publika (2)\" width=\"750\" height=\"563\" \/><\/a><a class=\"cb-lightbox\" href=\"http:\/\/mesihat.org\/wp-content\/uploads\/2016\/02\/publika-3.jpg\" rel=\"attachment wp-att-31211\"><img loading=\"lazy\" decoding=\"async\" class=\"alignnone size-large wp-image-31211\" src=\"http:\/\/mesihat.org\/wp-content\/uploads\/2016\/02\/publika-3-800x600.jpg\" sizes=\"(max-width: 750px) 100vw, 750px\" srcset=\"http:\/\/mesihat.org\/wp-content\/uploads\/2016\/02\/publika-3-400x300.jpg 400w, http:\/\/mesihat.org\/wp-content\/uploads\/2016\/02\/publika-3-768x576.jpg 768w, http:\/\/mesihat.org\/wp-content\/uploads\/2016\/02\/publika-3-800x600.jpg 800w, http:\/\/mesihat.org\/wp-content\/uploads\/2016\/02\/publika-3-80x60.jpg 80w, http:\/\/mesihat.org\/wp-content\/uploads\/2016\/02\/publika-3.jpg 1280w\" alt=\"publika (3)\" width=\"750\" height=\"563\" \/><\/a><a class=\"cb-lightbox\" href=\"http:\/\/mesihat.org\/wp-content\/uploads\/2016\/02\/publika-4.jpg\" rel=\"attachment wp-att-31212\"><img loading=\"lazy\" decoding=\"async\" class=\"alignnone size-large wp-image-31212\" src=\"http:\/\/mesihat.org\/wp-content\/uploads\/2016\/02\/publika-4-800x600.jpg\" sizes=\"(max-width: 750px) 100vw, 750px\" srcset=\"http:\/\/mesihat.org\/wp-content\/uploads\/2016\/02\/publika-4-400x300.jpg 400w, http:\/\/mesihat.org\/wp-content\/uploads\/2016\/02\/publika-4-768x576.jpg 768w, http:\/\/mesihat.org\/wp-content\/uploads\/2016\/02\/publika-4-800x600.jpg 800w, http:\/\/mesihat.org\/wp-content\/uploads\/2016\/02\/publika-4-80x60.jpg 80w, http:\/\/mesihat.org\/wp-content\/uploads\/2016\/02\/publika-4.jpg 1280w\" alt=\"publika (4)\" width=\"750\" height=\"563\" \/><\/a><a class=\"cb-lightbox\" href=\"http:\/\/mesihat.org\/wp-content\/uploads\/2016\/02\/publika-5.jpg\" rel=\"attachment wp-att-31213\"><img loading=\"lazy\" decoding=\"async\" class=\"alignnone size-large wp-image-31213\" src=\"http:\/\/mesihat.org\/wp-content\/uploads\/2016\/02\/publika-5-800x600.jpg\" sizes=\"(max-width: 750px) 100vw, 750px\" srcset=\"http:\/\/mesihat.org\/wp-content\/uploads\/2016\/02\/publika-5-400x300.jpg 400w, http:\/\/mesihat.org\/wp-content\/uploads\/2016\/02\/publika-5-768x576.jpg 768w, http:\/\/mesihat.org\/wp-content\/uploads\/2016\/02\/publika-5-800x600.jpg 800w, http:\/\/mesihat.org\/wp-content\/uploads\/2016\/02\/publika-5-80x60.jpg 80w, http:\/\/mesihat.org\/wp-content\/uploads\/2016\/02\/publika-5.jpg 1280w\" alt=\"publika (5)\" width=\"750\" height=\"563\" \/><\/a><a class=\"cb-lightbox\" href=\"http:\/\/mesihat.org\/wp-content\/uploads\/2016\/02\/publika-6.jpg\" rel=\"attachment wp-att-31214\"><img loading=\"lazy\" decoding=\"async\" class=\"alignnone size-large wp-image-31214\" src=\"http:\/\/mesihat.org\/wp-content\/uploads\/2016\/02\/publika-6-800x600.jpg\" sizes=\"(max-width: 750px) 100vw, 750px\" srcset=\"http:\/\/mesihat.org\/wp-content\/uploads\/2016\/02\/publika-6-400x300.jpg 400w, http:\/\/mesihat.org\/wp-content\/uploads\/2016\/02\/publika-6-768x576.jpg 768w, http:\/\/mesihat.org\/wp-content\/uploads\/2016\/02\/publika-6-800x600.jpg 800w, http:\/\/mesihat.org\/wp-content\/uploads\/2016\/02\/publika-6-80x60.jpg 80w, http:\/\/mesihat.org\/wp-content\/uploads\/2016\/02\/publika-6.jpg 1280w\" alt=\"publika (6)\" width=\"750\" height=\"563\" \/><\/a><\/p>\n<p><a class=\"cb-lightbox\" href=\"http:\/\/mesihat.org\/wp-content\/uploads\/2016\/02\/folklor-1.jpg\" rel=\"attachment wp-att-31215\"><img loading=\"lazy\" decoding=\"async\" class=\"alignnone size-large wp-image-31215\" src=\"http:\/\/mesihat.org\/wp-content\/uploads\/2016\/02\/folklor-1-800x600.jpg\" sizes=\"(max-width: 750px) 100vw, 750px\" srcset=\"http:\/\/mesihat.org\/wp-content\/uploads\/2016\/02\/folklor-1-400x300.jpg 400w, http:\/\/mesihat.org\/wp-content\/uploads\/2016\/02\/folklor-1-768x576.jpg 768w, http:\/\/mesihat.org\/wp-content\/uploads\/2016\/02\/folklor-1-800x600.jpg 800w, http:\/\/mesihat.org\/wp-content\/uploads\/2016\/02\/folklor-1-80x60.jpg 80w, http:\/\/mesihat.org\/wp-content\/uploads\/2016\/02\/folklor-1.jpg 1280w\" alt=\"folklor (1)\" width=\"750\" height=\"563\" \/><\/a><a class=\"cb-lightbox\" href=\"http:\/\/mesihat.org\/wp-content\/uploads\/2016\/02\/folklor-2.jpg\" rel=\"attachment wp-att-31216\"><img loading=\"lazy\" decoding=\"async\" class=\"alignnone size-large wp-image-31216\" src=\"http:\/\/mesihat.org\/wp-content\/uploads\/2016\/02\/folklor-2-800x600.jpg\" sizes=\"(max-width: 750px) 100vw, 750px\" srcset=\"http:\/\/mesihat.org\/wp-content\/uploads\/2016\/02\/folklor-2-400x300.jpg 400w, http:\/\/mesihat.org\/wp-content\/uploads\/2016\/02\/folklor-2-768x576.jpg 768w, http:\/\/mesihat.org\/wp-content\/uploads\/2016\/02\/folklor-2-800x600.jpg 800w, http:\/\/mesihat.org\/wp-content\/uploads\/2016\/02\/folklor-2-80x60.jpg 80w, http:\/\/mesihat.org\/wp-content\/uploads\/2016\/02\/folklor-2.jpg 1280w\" alt=\"folklor (2)\" width=\"750\" height=\"563\" \/><\/a><a class=\"cb-lightbox\" href=\"http:\/\/mesihat.org\/wp-content\/uploads\/2016\/02\/folklor-3.jpg\" rel=\"attachment wp-att-31217\"><img loading=\"lazy\" decoding=\"async\" class=\"alignnone size-large wp-image-31217\" src=\"http:\/\/mesihat.org\/wp-content\/uploads\/2016\/02\/folklor-3-800x600.jpg\" sizes=\"(max-width: 750px) 100vw, 750px\" srcset=\"http:\/\/mesihat.org\/wp-content\/uploads\/2016\/02\/folklor-3-400x300.jpg 400w, http:\/\/mesihat.org\/wp-content\/uploads\/2016\/02\/folklor-3-768x576.jpg 768w, http:\/\/mesihat.org\/wp-content\/uploads\/2016\/02\/folklor-3-800x600.jpg 800w, http:\/\/mesihat.org\/wp-content\/uploads\/2016\/02\/folklor-3-80x60.jpg 80w, http:\/\/mesihat.org\/wp-content\/uploads\/2016\/02\/folklor-3.jpg 1280w\" alt=\"folklor (3)\" width=\"750\" height=\"563\" \/><\/a><\/p>\n<p><em>SANA \u2013 Hamza \u0160krijelj<\/em><\/p>\n","protected":false},"excerpt":{"rendered":"<p>Austrija &#8211; Druga ve\u010der Manifestacije\u00a0 \u201cDani Bo\u0161njaka u Austriji\u201d otpo\u010dela je zvucima sevdaha, koju je otvorio Hamza \u0160krijelj sevdalinkama \u201cU Stambolu na Bosforu\u201d i \u201cNe klepe\u0107i nanulama\u201d. U nastavku sevdalinkama \u201cMoj dilbere\u201d i \u201cAlipa\u0161in izvor\u201d predstavio se izvo\u0111a\u010d sevdaha Meki Ajdinovi\u0107. Aplauzi i zadovoljstvo publike svjedo\u010de uspjehu ove, sada ve\u0107 tradicionalne manifestacije. Kulturno-umjetni\u010dko dru\u0161tvo IKI [&hellip;]<\/p>\n","protected":false},"author":83,"featured_media":156031,"comment_status":"open","ping_status":"open","sticky":false,"template":"","format":"standard","meta":{"footnotes":""},"categories":[800,9539,8957],"tags":[],"class_list":{"0":"post-156021","1":"post","2":"type-post","3":"status-publish","4":"format-standard","5":"has-post-thumbnail","7":"category-nacija","8":"category-austrija-dijaspora-gradovi-vase-vijesti","9":"category-vijesti-dana"},"yoast_head":"<!-- This site is optimized with the Yoast SEO Premium plugin v23.1 (Yoast SEO v24.9) - https:\/\/yoast.com\/wordpress\/plugins\/seo\/ -->\n<title>Druga ve\u010der Manifestacije \u201eDani Bo\u0161njaka u Austriji\u201c<\/title>\n<meta name=\"robots\" content=\"index, follow, max-snippet:-1, max-image-preview:large, max-video-preview:-1\" \/>\n<link rel=\"canonical\" href=\"https:\/\/sandzakpress.net\/arhiva\/druga-vecer-manifestacije-dani-bosnjaka-u-austriji\/\" \/>\n<meta property=\"og:locale\" content=\"bs_BA\" \/>\n<meta property=\"og:type\" content=\"article\" \/>\n<meta property=\"og:title\" content=\"Druga ve\u010der Manifestacije \u201eDani Bo\u0161njaka u Austriji\u201c\" \/>\n<meta property=\"og:description\" content=\"Austrija &#8211; Druga ve\u010der Manifestacije\u00a0 \u201cDani Bo\u0161njaka u Austriji\u201d otpo\u010dela je zvucima sevdaha, koju je otvorio Hamza \u0160krijelj sevdalinkama \u201cU Stambolu na Bosforu\u201d i \u201cNe klepe\u0107i nanulama\u201d. U nastavku sevdalinkama \u201cMoj dilbere\u201d i \u201cAlipa\u0161in izvor\u201d predstavio se izvo\u0111a\u010d sevdaha Meki Ajdinovi\u0107. Aplauzi i zadovoljstvo publike svjedo\u010de uspjehu ove, sada ve\u0107 tradicionalne manifestacije. Kulturno-umjetni\u010dko dru\u0161tvo IKI [&hellip;]\" \/>\n<meta property=\"og:url\" content=\"https:\/\/sandzakpress.net\/arhiva\/druga-vecer-manifestacije-dani-bosnjaka-u-austriji\/\" \/>\n<meta property=\"og:site_name\" content=\"Sand\u017eak PRESS\" \/>\n<meta property=\"article:published_time\" content=\"2016-02-29T12:34:36+00:00\" \/>\n<meta property=\"article:modified_time\" content=\"2016-02-29T12:46:54+00:00\" \/>\n<meta property=\"og:image\" content=\"https:\/\/sandzakpress.net\/arhiva\/wp-content\/uploads\/2016\/02\/govori-3-800x600.jpg\" \/>\n\t<meta property=\"og:image:width\" content=\"800\" \/>\n\t<meta property=\"og:image:height\" content=\"600\" \/>\n\t<meta property=\"og:image:type\" content=\"image\/jpeg\" \/>\n<meta name=\"author\" content=\"bosniak\" \/>\n<meta name=\"twitter:card\" content=\"summary_large_image\" \/>\n<meta name=\"twitter:label1\" content=\"Written by\" \/>\n\t<meta name=\"twitter:data1\" content=\"bosniak\" \/>\n\t<meta name=\"twitter:label2\" content=\"Est. reading time\" \/>\n\t<meta name=\"twitter:data2\" content=\"2 minute\" \/>\n<script type=\"application\/ld+json\" class=\"yoast-schema-graph\">{\"@context\":\"https:\/\/schema.org\",\"@graph\":[{\"@type\":\"Article\",\"@id\":\"https:\/\/sandzakpress.net\/arhiva\/druga-vecer-manifestacije-dani-bosnjaka-u-austriji\/#article\",\"isPartOf\":{\"@id\":\"https:\/\/sandzakpress.net\/arhiva\/druga-vecer-manifestacije-dani-bosnjaka-u-austriji\/\"},\"author\":{\"name\":\"bosniak\",\"@id\":\"https:\/\/sandzakpress.net\/arhiva\/#\/schema\/person\/c8baee722073534b583ea7bdb2e36c02\"},\"headline\":\"Druga ve\u010der Manifestacije \u201eDani Bo\u0161njaka u Austriji\u201c\",\"datePublished\":\"2016-02-29T12:34:36+00:00\",\"dateModified\":\"2016-02-29T12:46:54+00:00\",\"mainEntityOfPage\":{\"@id\":\"https:\/\/sandzakpress.net\/arhiva\/druga-vecer-manifestacije-dani-bosnjaka-u-austriji\/\"},\"wordCount\":431,\"commentCount\":0,\"publisher\":{\"@id\":\"https:\/\/sandzakpress.net\/arhiva\/#\/schema\/person\/6e72b67d6e51910a1117b3b483ba20bd\"},\"image\":{\"@id\":\"https:\/\/sandzakpress.net\/arhiva\/druga-vecer-manifestacije-dani-bosnjaka-u-austriji\/#primaryimage\"},\"thumbnailUrl\":\"https:\/\/sandzakpress.net\/arhiva\/wp-content\/uploads\/2016\/02\/govori-3-800x600.jpg\",\"articleSection\":[\"Nacija\",\"Austrija\",\"VIJESTI DANA\"],\"inLanguage\":\"bs-BA\",\"potentialAction\":[{\"@type\":\"CommentAction\",\"name\":\"Comment\",\"target\":[\"https:\/\/sandzakpress.net\/arhiva\/druga-vecer-manifestacije-dani-bosnjaka-u-austriji\/#respond\"]}]},{\"@type\":\"WebPage\",\"@id\":\"https:\/\/sandzakpress.net\/arhiva\/druga-vecer-manifestacije-dani-bosnjaka-u-austriji\/\",\"url\":\"https:\/\/sandzakpress.net\/arhiva\/druga-vecer-manifestacije-dani-bosnjaka-u-austriji\/\",\"name\":\"Druga ve\u010der Manifestacije \u201eDani Bo\u0161njaka u Austriji\u201c\",\"isPartOf\":{\"@id\":\"https:\/\/sandzakpress.net\/arhiva\/#website\"},\"primaryImageOfPage\":{\"@id\":\"https:\/\/sandzakpress.net\/arhiva\/druga-vecer-manifestacije-dani-bosnjaka-u-austriji\/#primaryimage\"},\"image\":{\"@id\":\"https:\/\/sandzakpress.net\/arhiva\/druga-vecer-manifestacije-dani-bosnjaka-u-austriji\/#primaryimage\"},\"thumbnailUrl\":\"https:\/\/sandzakpress.net\/arhiva\/wp-content\/uploads\/2016\/02\/govori-3-800x600.jpg\",\"datePublished\":\"2016-02-29T12:34:36+00:00\",\"dateModified\":\"2016-02-29T12:46:54+00:00\",\"breadcrumb\":{\"@id\":\"https:\/\/sandzakpress.net\/arhiva\/druga-vecer-manifestacije-dani-bosnjaka-u-austriji\/#breadcrumb\"},\"inLanguage\":\"bs-BA\",\"potentialAction\":[{\"@type\":\"ReadAction\",\"target\":[\"https:\/\/sandzakpress.net\/arhiva\/druga-vecer-manifestacije-dani-bosnjaka-u-austriji\/\"]}]},{\"@type\":\"ImageObject\",\"inLanguage\":\"bs-BA\",\"@id\":\"https:\/\/sandzakpress.net\/arhiva\/druga-vecer-manifestacije-dani-bosnjaka-u-austriji\/#primaryimage\",\"url\":\"https:\/\/sandzakpress.net\/arhiva\/wp-content\/uploads\/2016\/02\/govori-3-800x600.jpg\",\"contentUrl\":\"https:\/\/sandzakpress.net\/arhiva\/wp-content\/uploads\/2016\/02\/govori-3-800x600.jpg\",\"width\":800,\"height\":600},{\"@type\":\"BreadcrumbList\",\"@id\":\"https:\/\/sandzakpress.net\/arhiva\/druga-vecer-manifestacije-dani-bosnjaka-u-austriji\/#breadcrumb\",\"itemListElement\":[{\"@type\":\"ListItem\",\"position\":1,\"name\":\"Home\",\"item\":\"https:\/\/sandzakpress.net\/arhiva\/\"},{\"@type\":\"ListItem\",\"position\":2,\"name\":\"Druga ve\u010der Manifestacije \u201eDani Bo\u0161njaka u Austriji\u201c\"}]},{\"@type\":\"WebSite\",\"@id\":\"https:\/\/sandzakpress.net\/arhiva\/#website\",\"url\":\"https:\/\/sandzakpress.net\/arhiva\/\",\"name\":\"Sand\u017eak PRESS\",\"description\":\"Prve elektronske novine u Sand\u017eaku\",\"publisher\":{\"@id\":\"https:\/\/sandzakpress.net\/arhiva\/#\/schema\/person\/6e72b67d6e51910a1117b3b483ba20bd\"},\"potentialAction\":[{\"@type\":\"SearchAction\",\"target\":{\"@type\":\"EntryPoint\",\"urlTemplate\":\"https:\/\/sandzakpress.net\/arhiva\/?s={search_term_string}\"},\"query-input\":{\"@type\":\"PropertyValueSpecification\",\"valueRequired\":true,\"valueName\":\"search_term_string\"}}],\"inLanguage\":\"bs-BA\"},{\"@type\":[\"Person\",\"Organization\"],\"@id\":\"https:\/\/sandzakpress.net\/arhiva\/#\/schema\/person\/6e72b67d6e51910a1117b3b483ba20bd\",\"name\":\"Kul\",\"image\":{\"@type\":\"ImageObject\",\"inLanguage\":\"bs-BA\",\"@id\":\"https:\/\/sandzakpress.net\/arhiva\/#\/schema\/person\/image\/\",\"url\":\"https:\/\/secure.gravatar.com\/avatar\/42263f39aa27ac04c43cab85c280eb2e?s=96&d=mm&r=pg\",\"contentUrl\":\"https:\/\/secure.gravatar.com\/avatar\/42263f39aa27ac04c43cab85c280eb2e?s=96&d=mm&r=pg\",\"caption\":\"Kul\"},\"logo\":{\"@id\":\"https:\/\/sandzakpress.net\/arhiva\/#\/schema\/person\/image\/\"}},{\"@type\":\"Person\",\"@id\":\"https:\/\/sandzakpress.net\/arhiva\/#\/schema\/person\/c8baee722073534b583ea7bdb2e36c02\",\"name\":\"bosniak\",\"image\":{\"@type\":\"ImageObject\",\"inLanguage\":\"bs-BA\",\"@id\":\"https:\/\/sandzakpress.net\/arhiva\/#\/schema\/person\/image\/\",\"url\":\"https:\/\/secure.gravatar.com\/avatar\/a04fd330bfe3a36a72a0ad4a6d89fca7?s=96&d=mm&r=pg\",\"contentUrl\":\"https:\/\/secure.gravatar.com\/avatar\/a04fd330bfe3a36a72a0ad4a6d89fca7?s=96&d=mm&r=pg\",\"caption\":\"bosniak\"},\"url\":\"https:\/\/sandzakpress.net\/arhiva\/author\/bosniak\/\"}]}<\/script>\n<!-- \/ Yoast SEO Premium plugin. -->","yoast_head_json":{"title":"Druga ve\u010der Manifestacije \u201eDani Bo\u0161njaka u Austriji\u201c","robots":{"index":"index","follow":"follow","max-snippet":"max-snippet:-1","max-image-preview":"max-image-preview:large","max-video-preview":"max-video-preview:-1"},"canonical":"https:\/\/sandzakpress.net\/arhiva\/druga-vecer-manifestacije-dani-bosnjaka-u-austriji\/","og_locale":"bs_BA","og_type":"article","og_title":"Druga ve\u010der Manifestacije \u201eDani Bo\u0161njaka u Austriji\u201c","og_description":"Austrija &#8211; Druga ve\u010der Manifestacije\u00a0 \u201cDani Bo\u0161njaka u Austriji\u201d otpo\u010dela je zvucima sevdaha, koju je otvorio Hamza \u0160krijelj sevdalinkama \u201cU Stambolu na Bosforu\u201d i \u201cNe klepe\u0107i nanulama\u201d. U nastavku sevdalinkama \u201cMoj dilbere\u201d i \u201cAlipa\u0161in izvor\u201d predstavio se izvo\u0111a\u010d sevdaha Meki Ajdinovi\u0107. Aplauzi i zadovoljstvo publike svjedo\u010de uspjehu ove, sada ve\u0107 tradicionalne manifestacije. Kulturno-umjetni\u010dko dru\u0161tvo IKI [&hellip;]","og_url":"https:\/\/sandzakpress.net\/arhiva\/druga-vecer-manifestacije-dani-bosnjaka-u-austriji\/","og_site_name":"Sand\u017eak PRESS","article_published_time":"2016-02-29T12:34:36+00:00","article_modified_time":"2016-02-29T12:46:54+00:00","og_image":[{"width":800,"height":600,"url":"https:\/\/sandzakpress.net\/arhiva\/wp-content\/uploads\/2016\/02\/govori-3-800x600.jpg","type":"image\/jpeg"}],"author":"bosniak","twitter_card":"summary_large_image","twitter_misc":{"Written by":"bosniak","Est. reading time":"2 minute"},"schema":{"@context":"https:\/\/schema.org","@graph":[{"@type":"Article","@id":"https:\/\/sandzakpress.net\/arhiva\/druga-vecer-manifestacije-dani-bosnjaka-u-austriji\/#article","isPartOf":{"@id":"https:\/\/sandzakpress.net\/arhiva\/druga-vecer-manifestacije-dani-bosnjaka-u-austriji\/"},"author":{"name":"bosniak","@id":"https:\/\/sandzakpress.net\/arhiva\/#\/schema\/person\/c8baee722073534b583ea7bdb2e36c02"},"headline":"Druga ve\u010der Manifestacije \u201eDani Bo\u0161njaka u Austriji\u201c","datePublished":"2016-02-29T12:34:36+00:00","dateModified":"2016-02-29T12:46:54+00:00","mainEntityOfPage":{"@id":"https:\/\/sandzakpress.net\/arhiva\/druga-vecer-manifestacije-dani-bosnjaka-u-austriji\/"},"wordCount":431,"commentCount":0,"publisher":{"@id":"https:\/\/sandzakpress.net\/arhiva\/#\/schema\/person\/6e72b67d6e51910a1117b3b483ba20bd"},"image":{"@id":"https:\/\/sandzakpress.net\/arhiva\/druga-vecer-manifestacije-dani-bosnjaka-u-austriji\/#primaryimage"},"thumbnailUrl":"https:\/\/sandzakpress.net\/arhiva\/wp-content\/uploads\/2016\/02\/govori-3-800x600.jpg","articleSection":["Nacija","Austrija","VIJESTI DANA"],"inLanguage":"bs-BA","potentialAction":[{"@type":"CommentAction","name":"Comment","target":["https:\/\/sandzakpress.net\/arhiva\/druga-vecer-manifestacije-dani-bosnjaka-u-austriji\/#respond"]}]},{"@type":"WebPage","@id":"https:\/\/sandzakpress.net\/arhiva\/druga-vecer-manifestacije-dani-bosnjaka-u-austriji\/","url":"https:\/\/sandzakpress.net\/arhiva\/druga-vecer-manifestacije-dani-bosnjaka-u-austriji\/","name":"Druga ve\u010der Manifestacije \u201eDani Bo\u0161njaka u Austriji\u201c","isPartOf":{"@id":"https:\/\/sandzakpress.net\/arhiva\/#website"},"primaryImageOfPage":{"@id":"https:\/\/sandzakpress.net\/arhiva\/druga-vecer-manifestacije-dani-bosnjaka-u-austriji\/#primaryimage"},"image":{"@id":"https:\/\/sandzakpress.net\/arhiva\/druga-vecer-manifestacije-dani-bosnjaka-u-austriji\/#primaryimage"},"thumbnailUrl":"https:\/\/sandzakpress.net\/arhiva\/wp-content\/uploads\/2016\/02\/govori-3-800x600.jpg","datePublished":"2016-02-29T12:34:36+00:00","dateModified":"2016-02-29T12:46:54+00:00","breadcrumb":{"@id":"https:\/\/sandzakpress.net\/arhiva\/druga-vecer-manifestacije-dani-bosnjaka-u-austriji\/#breadcrumb"},"inLanguage":"bs-BA","potentialAction":[{"@type":"ReadAction","target":["https:\/\/sandzakpress.net\/arhiva\/druga-vecer-manifestacije-dani-bosnjaka-u-austriji\/"]}]},{"@type":"ImageObject","inLanguage":"bs-BA","@id":"https:\/\/sandzakpress.net\/arhiva\/druga-vecer-manifestacije-dani-bosnjaka-u-austriji\/#primaryimage","url":"https:\/\/sandzakpress.net\/arhiva\/wp-content\/uploads\/2016\/02\/govori-3-800x600.jpg","contentUrl":"https:\/\/sandzakpress.net\/arhiva\/wp-content\/uploads\/2016\/02\/govori-3-800x600.jpg","width":800,"height":600},{"@type":"BreadcrumbList","@id":"https:\/\/sandzakpress.net\/arhiva\/druga-vecer-manifestacije-dani-bosnjaka-u-austriji\/#breadcrumb","itemListElement":[{"@type":"ListItem","position":1,"name":"Home","item":"https:\/\/sandzakpress.net\/arhiva\/"},{"@type":"ListItem","position":2,"name":"Druga ve\u010der Manifestacije \u201eDani Bo\u0161njaka u Austriji\u201c"}]},{"@type":"WebSite","@id":"https:\/\/sandzakpress.net\/arhiva\/#website","url":"https:\/\/sandzakpress.net\/arhiva\/","name":"Sand\u017eak PRESS","description":"Prve elektronske novine u Sand\u017eaku","publisher":{"@id":"https:\/\/sandzakpress.net\/arhiva\/#\/schema\/person\/6e72b67d6e51910a1117b3b483ba20bd"},"potentialAction":[{"@type":"SearchAction","target":{"@type":"EntryPoint","urlTemplate":"https:\/\/sandzakpress.net\/arhiva\/?s={search_term_string}"},"query-input":{"@type":"PropertyValueSpecification","valueRequired":true,"valueName":"search_term_string"}}],"inLanguage":"bs-BA"},{"@type":["Person","Organization"],"@id":"https:\/\/sandzakpress.net\/arhiva\/#\/schema\/person\/6e72b67d6e51910a1117b3b483ba20bd","name":"Kul","image":{"@type":"ImageObject","inLanguage":"bs-BA","@id":"https:\/\/sandzakpress.net\/arhiva\/#\/schema\/person\/image\/","url":"https:\/\/secure.gravatar.com\/avatar\/42263f39aa27ac04c43cab85c280eb2e?s=96&d=mm&r=pg","contentUrl":"https:\/\/secure.gravatar.com\/avatar\/42263f39aa27ac04c43cab85c280eb2e?s=96&d=mm&r=pg","caption":"Kul"},"logo":{"@id":"https:\/\/sandzakpress.net\/arhiva\/#\/schema\/person\/image\/"}},{"@type":"Person","@id":"https:\/\/sandzakpress.net\/arhiva\/#\/schema\/person\/c8baee722073534b583ea7bdb2e36c02","name":"bosniak","image":{"@type":"ImageObject","inLanguage":"bs-BA","@id":"https:\/\/sandzakpress.net\/arhiva\/#\/schema\/person\/image\/","url":"https:\/\/secure.gravatar.com\/avatar\/a04fd330bfe3a36a72a0ad4a6d89fca7?s=96&d=mm&r=pg","contentUrl":"https:\/\/secure.gravatar.com\/avatar\/a04fd330bfe3a36a72a0ad4a6d89fca7?s=96&d=mm&r=pg","caption":"bosniak"},"url":"https:\/\/sandzakpress.net\/arhiva\/author\/bosniak\/"}]}},"_links":{"self":[{"href":"https:\/\/sandzakpress.net\/arhiva\/wp-json\/wp\/v2\/posts\/156021"}],"collection":[{"href":"https:\/\/sandzakpress.net\/arhiva\/wp-json\/wp\/v2\/posts"}],"about":[{"href":"https:\/\/sandzakpress.net\/arhiva\/wp-json\/wp\/v2\/types\/post"}],"author":[{"embeddable":true,"href":"https:\/\/sandzakpress.net\/arhiva\/wp-json\/wp\/v2\/users\/83"}],"replies":[{"embeddable":true,"href":"https:\/\/sandzakpress.net\/arhiva\/wp-json\/wp\/v2\/comments?post=156021"}],"version-history":[{"count":0,"href":"https:\/\/sandzakpress.net\/arhiva\/wp-json\/wp\/v2\/posts\/156021\/revisions"}],"wp:featuredmedia":[{"embeddable":true,"href":"https:\/\/sandzakpress.net\/arhiva\/wp-json\/wp\/v2\/media\/156031"}],"wp:attachment":[{"href":"https:\/\/sandzakpress.net\/arhiva\/wp-json\/wp\/v2\/media?parent=156021"}],"wp:term":[{"taxonomy":"category","embeddable":true,"href":"https:\/\/sandzakpress.net\/arhiva\/wp-json\/wp\/v2\/categories?post=156021"},{"taxonomy":"post_tag","embeddable":true,"href":"https:\/\/sandzakpress.net\/arhiva\/wp-json\/wp\/v2\/tags?post=156021"}],"curies":[{"name":"wp","href":"https:\/\/api.w.org\/{rel}","templated":true}]}}