{"id":155913,"date":"2016-02-27T15:23:15","date_gmt":"2016-02-27T14:23:15","guid":{"rendered":"https:\/\/sandzakpress.net\/arhiva\/u-martu-sudenje-novinarima-cumhuriyeta"},"modified":"2016-02-27T15:23:15","modified_gmt":"2016-02-27T14:23:15","slug":"u-martu-sudenje-novinarima-cumhuriyeta","status":"publish","type":"post","link":"https:\/\/sandzakpress.net\/arhiva\/u-martu-sudenje-novinarima-cumhuriyeta\/","title":{"rendered":"U martu su\u0111enje novinarima Cumhuriyeta"},"content":{"rendered":"<p><img loading=\"lazy\" decoding=\"async\" class=\"\" src=\"http:\/\/balkans.aljazeera.net\/sites\/staff.balkans.aljazeera.com\/files\/styles\/aljazeera_article_main_image\/public\/cumhurijet-turska.jpg?itok=MgViR2DZ\" alt=\"\" width=\"600\" height=\"305\" \/><\/p>\n<p><strong>Turska \u2013 Zakazano je su\u0111enje na kojem oslobo\u0111eni novinari turskog lista trebaju odgovarati na optu\u017ebe za \u0161pijuna\u017eu i terorizam.<\/strong><\/p>\n<\/p>\n<p>Dvojica turskih novinara, optu\u017eena za objavljivanje dr\u017eavnih tajni, oslobo\u0111ena su iz zatvora. Ipak, sljede\u0107eg mjeseca moraju se pojaviti na su\u0111enju. Turski Ustavni sud odlu\u010dio je da dr\u017eanje novinara u pritvoru predstavlja kr\u0161enje njihovih ljudskih prava.<\/p>\n<p>Can Dundar i Erdem Gul pu\u0161teni su na slobodu nakon 92 dana zatvora. Ustavni sud presudio je da su novinari nezakonito pritvoreni te da je naru\u0161ena njihova sloboda i sigurnost, kao i sloboda izra\u017eavanja.<\/p>\n<p>Ipak, sudska presuda tek je prvi korak u borbi koja im tek predstoji. Za sljede\u0107i mjesec zakazano je su\u0111enje, na kojem trebaju odgovarati na optu\u017ebe za \u0161pijuna\u017eu i terorizam. Ako budu progla\u0161eni krivim, mogu dobiti i kaznu do\u017eivotnog zatvora.<\/p>\n<p>\u201cOvo je su\u0111enje slobodi \u0161tampe. Mi smo iza\u0161li, ali vi\u0161e od 30 na\u0161ih kolega jo\u0161 je u zatvoru. Nadam se da \u0107e ova presuda pokrenuti niz doga\u0111aja koji \u0107e dovesti do njihovog osloba\u0111anja. Nastavit \u0107emo se boriti u ime humanosti, slobode medija i izra\u017eavanja, dok ovaj koncentracioni logor, koji vidite iza mene, ne ode u historiju\u201d, navodi Can Dundar, urednik lista Cumhuriyet.<\/p>\n<p>Navodni pritisak dr\u017eave na medije<\/p>\n<p>Dundar i Gul stoje iza objavljivanja \u010dlanka u jednom turskom listu, u kojem se navodi da su kamioni turske obavje\u0161tajne slu\u017ebe kori\u0161teni za dopremanje oru\u017eja u Siriju. Turska Vlada je negirala optu\u017ebe. Kako se navodi, kamioni su prevozili pomo\u0107 Turkmenima, koji su se borili protiv snage sirijske Vlade.<\/p>\n<p>Predsjednik Recep Tayyip Erdogan podnio je tu\u017ebu protiv novina, a Dundar i Gul su uhap\u0161eni u novembru pro\u0161le godine. Organizacija za medijska prava Reporteri bez granica smjestila je Tursku na 149. mjesto, od 180 zemalja, prema indeksu slobode medija u svijetu. Gul tvrdi da je njegov slu\u010daj jo\u0161 jedan primjer pritisaka turskih vlasti na medije.<\/p>\n<p>\u201cMi smo na slobodi, ali to ne zna\u010di da je borba za slobodu zatvorenih novinara gotova. Na\u0161e kolege su jo\u0161 u zatvorima. Nastavljamo se boriti za njih. Na\u0161e jedinstvo protiv pritisaka na medije se nastavlja\u201d, rekao je Erdem Gul, novinar lista Cumhuriyet.<\/p>\n<p>Dundar je naveo kako je odluka suda da Gula i njega puste na slobodu historijska. Obojica po\u010dinju pripreme za su\u0111enje zakazano sljede\u0107eg mjeseca, kada \u0107e pitanje medijskih sloboda u Turskoj ponovno do\u0107i u centar pa\u017enje.<\/p>\n<p>Izvor: Al Jazeera<\/p>\n<p>Pogledajte vijest na izvornom sajtu:<\/p>\n<p><a href=\"http:\/\/islampress.net\/dijeli\/u-martu-sudenje-novinarima-cumhuriyeta\" target=\"_blank\">U martu su\u0111enje novinarima Cumhuriyeta<\/a><\/p>\n","protected":false},"excerpt":{"rendered":"<p>Turska \u2013 Zakazano je su\u0111enje na kojem oslobo\u0111eni novinari turskog lista trebaju odgovarati na optu\u017ebe za \u0161pijuna\u017eu i terorizam. Dvojica turskih novinara, optu\u017eena za objavljivanje dr\u017eavnih tajni, oslobo\u0111ena su iz zatvora. Ipak, sljede\u0107eg mjeseca moraju se pojaviti na su\u0111enju. Turski Ustavni sud odlu\u010dio je da dr\u017eanje novinara u pritvoru predstavlja kr\u0161enje njihovih ljudskih prava. Can [&hellip;]<\/p>\n","protected":false},"author":83,"featured_media":155914,"comment_status":"open","ping_status":"open","sticky":false,"template":"","format":"standard","meta":{"footnotes":""},"categories":[9],"tags":[10499],"class_list":{"0":"post-155913","1":"post","2":"type-post","3":"status-publish","4":"format-standard","5":"has-post-thumbnail","7":"category-svijet","8":"tag-a"},"yoast_head":"<!-- This site is optimized with the Yoast SEO Premium plugin v23.1 (Yoast SEO v24.9) - https:\/\/yoast.com\/wordpress\/plugins\/seo\/ -->\n<title>U martu su\u0111enje novinarima Cumhuriyeta<\/title>\n<meta name=\"robots\" content=\"index, follow, max-snippet:-1, max-image-preview:large, max-video-preview:-1\" \/>\n<link rel=\"canonical\" href=\"https:\/\/sandzakpress.net\/arhiva\/u-martu-sudenje-novinarima-cumhuriyeta\/\" \/>\n<meta property=\"og:locale\" content=\"bs_BA\" \/>\n<meta property=\"og:type\" content=\"article\" \/>\n<meta property=\"og:title\" content=\"U martu su\u0111enje novinarima Cumhuriyeta\" \/>\n<meta property=\"og:description\" content=\"Turska \u2013 Zakazano je su\u0111enje na kojem oslobo\u0111eni novinari turskog lista trebaju odgovarati na optu\u017ebe za \u0161pijuna\u017eu i terorizam. Dvojica turskih novinara, optu\u017eena za objavljivanje dr\u017eavnih tajni, oslobo\u0111ena su iz zatvora. Ipak, sljede\u0107eg mjeseca moraju se pojaviti na su\u0111enju. Turski Ustavni sud odlu\u010dio je da dr\u017eanje novinara u pritvoru predstavlja kr\u0161enje njihovih ljudskih prava. Can [&hellip;]\" \/>\n<meta property=\"og:url\" content=\"https:\/\/sandzakpress.net\/arhiva\/u-martu-sudenje-novinarima-cumhuriyeta\/\" \/>\n<meta property=\"og:site_name\" content=\"Sand\u017eak PRESS\" \/>\n<meta property=\"article:published_time\" content=\"2016-02-27T14:23:15+00:00\" \/>\n<meta property=\"og:image\" content=\"https:\/\/sandzakpress.net\/arhiva\/wp-content\/uploads\/2016\/02\/cumhurijet-turska.jpg\" \/>\n\t<meta property=\"og:image:width\" content=\"900\" \/>\n\t<meta property=\"og:image:height\" content=\"458\" \/>\n\t<meta property=\"og:image:type\" content=\"image\/jpeg\" \/>\n<meta name=\"author\" content=\"bosniak\" \/>\n<meta name=\"twitter:card\" content=\"summary_large_image\" \/>\n<meta name=\"twitter:label1\" content=\"Written by\" \/>\n\t<meta name=\"twitter:data1\" content=\"bosniak\" \/>\n\t<meta name=\"twitter:label2\" content=\"Est. reading time\" \/>\n\t<meta name=\"twitter:data2\" content=\"2 minute\" \/>\n<script type=\"application\/ld+json\" class=\"yoast-schema-graph\">{\"@context\":\"https:\/\/schema.org\",\"@graph\":[{\"@type\":\"Article\",\"@id\":\"https:\/\/sandzakpress.net\/arhiva\/u-martu-sudenje-novinarima-cumhuriyeta\/#article\",\"isPartOf\":{\"@id\":\"https:\/\/sandzakpress.net\/arhiva\/u-martu-sudenje-novinarima-cumhuriyeta\/\"},\"author\":{\"name\":\"bosniak\",\"@id\":\"https:\/\/sandzakpress.net\/arhiva\/#\/schema\/person\/c8baee722073534b583ea7bdb2e36c02\"},\"headline\":\"U martu su\u0111enje novinarima Cumhuriyeta\",\"datePublished\":\"2016-02-27T14:23:15+00:00\",\"mainEntityOfPage\":{\"@id\":\"https:\/\/sandzakpress.net\/arhiva\/u-martu-sudenje-novinarima-cumhuriyeta\/\"},\"wordCount\":435,\"commentCount\":0,\"publisher\":{\"@id\":\"https:\/\/sandzakpress.net\/arhiva\/#\/schema\/person\/6e72b67d6e51910a1117b3b483ba20bd\"},\"image\":{\"@id\":\"https:\/\/sandzakpress.net\/arhiva\/u-martu-sudenje-novinarima-cumhuriyeta\/#primaryimage\"},\"thumbnailUrl\":\"https:\/\/sandzakpress.net\/arhiva\/wp-content\/uploads\/2016\/02\/cumhurijet-turska.jpg\",\"keywords\":[\"A\"],\"articleSection\":[\"Svijet\"],\"inLanguage\":\"bs-BA\",\"potentialAction\":[{\"@type\":\"CommentAction\",\"name\":\"Comment\",\"target\":[\"https:\/\/sandzakpress.net\/arhiva\/u-martu-sudenje-novinarima-cumhuriyeta\/#respond\"]}]},{\"@type\":\"WebPage\",\"@id\":\"https:\/\/sandzakpress.net\/arhiva\/u-martu-sudenje-novinarima-cumhuriyeta\/\",\"url\":\"https:\/\/sandzakpress.net\/arhiva\/u-martu-sudenje-novinarima-cumhuriyeta\/\",\"name\":\"U martu su\u0111enje novinarima Cumhuriyeta\",\"isPartOf\":{\"@id\":\"https:\/\/sandzakpress.net\/arhiva\/#website\"},\"primaryImageOfPage\":{\"@id\":\"https:\/\/sandzakpress.net\/arhiva\/u-martu-sudenje-novinarima-cumhuriyeta\/#primaryimage\"},\"image\":{\"@id\":\"https:\/\/sandzakpress.net\/arhiva\/u-martu-sudenje-novinarima-cumhuriyeta\/#primaryimage\"},\"thumbnailUrl\":\"https:\/\/sandzakpress.net\/arhiva\/wp-content\/uploads\/2016\/02\/cumhurijet-turska.jpg\",\"datePublished\":\"2016-02-27T14:23:15+00:00\",\"breadcrumb\":{\"@id\":\"https:\/\/sandzakpress.net\/arhiva\/u-martu-sudenje-novinarima-cumhuriyeta\/#breadcrumb\"},\"inLanguage\":\"bs-BA\",\"potentialAction\":[{\"@type\":\"ReadAction\",\"target\":[\"https:\/\/sandzakpress.net\/arhiva\/u-martu-sudenje-novinarima-cumhuriyeta\/\"]}]},{\"@type\":\"ImageObject\",\"inLanguage\":\"bs-BA\",\"@id\":\"https:\/\/sandzakpress.net\/arhiva\/u-martu-sudenje-novinarima-cumhuriyeta\/#primaryimage\",\"url\":\"https:\/\/sandzakpress.net\/arhiva\/wp-content\/uploads\/2016\/02\/cumhurijet-turska.jpg\",\"contentUrl\":\"https:\/\/sandzakpress.net\/arhiva\/wp-content\/uploads\/2016\/02\/cumhurijet-turska.jpg\",\"width\":900,\"height\":458},{\"@type\":\"BreadcrumbList\",\"@id\":\"https:\/\/sandzakpress.net\/arhiva\/u-martu-sudenje-novinarima-cumhuriyeta\/#breadcrumb\",\"itemListElement\":[{\"@type\":\"ListItem\",\"position\":1,\"name\":\"Home\",\"item\":\"https:\/\/sandzakpress.net\/arhiva\/\"},{\"@type\":\"ListItem\",\"position\":2,\"name\":\"U martu su\u0111enje novinarima Cumhuriyeta\"}]},{\"@type\":\"WebSite\",\"@id\":\"https:\/\/sandzakpress.net\/arhiva\/#website\",\"url\":\"https:\/\/sandzakpress.net\/arhiva\/\",\"name\":\"Sand\u017eak PRESS\",\"description\":\"Prve elektronske novine u Sand\u017eaku\",\"publisher\":{\"@id\":\"https:\/\/sandzakpress.net\/arhiva\/#\/schema\/person\/6e72b67d6e51910a1117b3b483ba20bd\"},\"potentialAction\":[{\"@type\":\"SearchAction\",\"target\":{\"@type\":\"EntryPoint\",\"urlTemplate\":\"https:\/\/sandzakpress.net\/arhiva\/?s={search_term_string}\"},\"query-input\":{\"@type\":\"PropertyValueSpecification\",\"valueRequired\":true,\"valueName\":\"search_term_string\"}}],\"inLanguage\":\"bs-BA\"},{\"@type\":[\"Person\",\"Organization\"],\"@id\":\"https:\/\/sandzakpress.net\/arhiva\/#\/schema\/person\/6e72b67d6e51910a1117b3b483ba20bd\",\"name\":\"Kul\",\"image\":{\"@type\":\"ImageObject\",\"inLanguage\":\"bs-BA\",\"@id\":\"https:\/\/sandzakpress.net\/arhiva\/#\/schema\/person\/image\/\",\"url\":\"https:\/\/secure.gravatar.com\/avatar\/42263f39aa27ac04c43cab85c280eb2e?s=96&d=mm&r=pg\",\"contentUrl\":\"https:\/\/secure.gravatar.com\/avatar\/42263f39aa27ac04c43cab85c280eb2e?s=96&d=mm&r=pg\",\"caption\":\"Kul\"},\"logo\":{\"@id\":\"https:\/\/sandzakpress.net\/arhiva\/#\/schema\/person\/image\/\"}},{\"@type\":\"Person\",\"@id\":\"https:\/\/sandzakpress.net\/arhiva\/#\/schema\/person\/c8baee722073534b583ea7bdb2e36c02\",\"name\":\"bosniak\",\"image\":{\"@type\":\"ImageObject\",\"inLanguage\":\"bs-BA\",\"@id\":\"https:\/\/sandzakpress.net\/arhiva\/#\/schema\/person\/image\/\",\"url\":\"https:\/\/secure.gravatar.com\/avatar\/a04fd330bfe3a36a72a0ad4a6d89fca7?s=96&d=mm&r=pg\",\"contentUrl\":\"https:\/\/secure.gravatar.com\/avatar\/a04fd330bfe3a36a72a0ad4a6d89fca7?s=96&d=mm&r=pg\",\"caption\":\"bosniak\"},\"url\":\"https:\/\/sandzakpress.net\/arhiva\/author\/bosniak\/\"}]}<\/script>\n<!-- \/ Yoast SEO Premium plugin. -->","yoast_head_json":{"title":"U martu su\u0111enje novinarima Cumhuriyeta","robots":{"index":"index","follow":"follow","max-snippet":"max-snippet:-1","max-image-preview":"max-image-preview:large","max-video-preview":"max-video-preview:-1"},"canonical":"https:\/\/sandzakpress.net\/arhiva\/u-martu-sudenje-novinarima-cumhuriyeta\/","og_locale":"bs_BA","og_type":"article","og_title":"U martu su\u0111enje novinarima Cumhuriyeta","og_description":"Turska \u2013 Zakazano je su\u0111enje na kojem oslobo\u0111eni novinari turskog lista trebaju odgovarati na optu\u017ebe za \u0161pijuna\u017eu i terorizam. Dvojica turskih novinara, optu\u017eena za objavljivanje dr\u017eavnih tajni, oslobo\u0111ena su iz zatvora. Ipak, sljede\u0107eg mjeseca moraju se pojaviti na su\u0111enju. Turski Ustavni sud odlu\u010dio je da dr\u017eanje novinara u pritvoru predstavlja kr\u0161enje njihovih ljudskih prava. Can [&hellip;]","og_url":"https:\/\/sandzakpress.net\/arhiva\/u-martu-sudenje-novinarima-cumhuriyeta\/","og_site_name":"Sand\u017eak PRESS","article_published_time":"2016-02-27T14:23:15+00:00","og_image":[{"width":900,"height":458,"url":"https:\/\/sandzakpress.net\/arhiva\/wp-content\/uploads\/2016\/02\/cumhurijet-turska.jpg","type":"image\/jpeg"}],"author":"bosniak","twitter_card":"summary_large_image","twitter_misc":{"Written by":"bosniak","Est. reading time":"2 minute"},"schema":{"@context":"https:\/\/schema.org","@graph":[{"@type":"Article","@id":"https:\/\/sandzakpress.net\/arhiva\/u-martu-sudenje-novinarima-cumhuriyeta\/#article","isPartOf":{"@id":"https:\/\/sandzakpress.net\/arhiva\/u-martu-sudenje-novinarima-cumhuriyeta\/"},"author":{"name":"bosniak","@id":"https:\/\/sandzakpress.net\/arhiva\/#\/schema\/person\/c8baee722073534b583ea7bdb2e36c02"},"headline":"U martu su\u0111enje novinarima Cumhuriyeta","datePublished":"2016-02-27T14:23:15+00:00","mainEntityOfPage":{"@id":"https:\/\/sandzakpress.net\/arhiva\/u-martu-sudenje-novinarima-cumhuriyeta\/"},"wordCount":435,"commentCount":0,"publisher":{"@id":"https:\/\/sandzakpress.net\/arhiva\/#\/schema\/person\/6e72b67d6e51910a1117b3b483ba20bd"},"image":{"@id":"https:\/\/sandzakpress.net\/arhiva\/u-martu-sudenje-novinarima-cumhuriyeta\/#primaryimage"},"thumbnailUrl":"https:\/\/sandzakpress.net\/arhiva\/wp-content\/uploads\/2016\/02\/cumhurijet-turska.jpg","keywords":["A"],"articleSection":["Svijet"],"inLanguage":"bs-BA","potentialAction":[{"@type":"CommentAction","name":"Comment","target":["https:\/\/sandzakpress.net\/arhiva\/u-martu-sudenje-novinarima-cumhuriyeta\/#respond"]}]},{"@type":"WebPage","@id":"https:\/\/sandzakpress.net\/arhiva\/u-martu-sudenje-novinarima-cumhuriyeta\/","url":"https:\/\/sandzakpress.net\/arhiva\/u-martu-sudenje-novinarima-cumhuriyeta\/","name":"U martu su\u0111enje novinarima Cumhuriyeta","isPartOf":{"@id":"https:\/\/sandzakpress.net\/arhiva\/#website"},"primaryImageOfPage":{"@id":"https:\/\/sandzakpress.net\/arhiva\/u-martu-sudenje-novinarima-cumhuriyeta\/#primaryimage"},"image":{"@id":"https:\/\/sandzakpress.net\/arhiva\/u-martu-sudenje-novinarima-cumhuriyeta\/#primaryimage"},"thumbnailUrl":"https:\/\/sandzakpress.net\/arhiva\/wp-content\/uploads\/2016\/02\/cumhurijet-turska.jpg","datePublished":"2016-02-27T14:23:15+00:00","breadcrumb":{"@id":"https:\/\/sandzakpress.net\/arhiva\/u-martu-sudenje-novinarima-cumhuriyeta\/#breadcrumb"},"inLanguage":"bs-BA","potentialAction":[{"@type":"ReadAction","target":["https:\/\/sandzakpress.net\/arhiva\/u-martu-sudenje-novinarima-cumhuriyeta\/"]}]},{"@type":"ImageObject","inLanguage":"bs-BA","@id":"https:\/\/sandzakpress.net\/arhiva\/u-martu-sudenje-novinarima-cumhuriyeta\/#primaryimage","url":"https:\/\/sandzakpress.net\/arhiva\/wp-content\/uploads\/2016\/02\/cumhurijet-turska.jpg","contentUrl":"https:\/\/sandzakpress.net\/arhiva\/wp-content\/uploads\/2016\/02\/cumhurijet-turska.jpg","width":900,"height":458},{"@type":"BreadcrumbList","@id":"https:\/\/sandzakpress.net\/arhiva\/u-martu-sudenje-novinarima-cumhuriyeta\/#breadcrumb","itemListElement":[{"@type":"ListItem","position":1,"name":"Home","item":"https:\/\/sandzakpress.net\/arhiva\/"},{"@type":"ListItem","position":2,"name":"U martu su\u0111enje novinarima Cumhuriyeta"}]},{"@type":"WebSite","@id":"https:\/\/sandzakpress.net\/arhiva\/#website","url":"https:\/\/sandzakpress.net\/arhiva\/","name":"Sand\u017eak PRESS","description":"Prve elektronske novine u Sand\u017eaku","publisher":{"@id":"https:\/\/sandzakpress.net\/arhiva\/#\/schema\/person\/6e72b67d6e51910a1117b3b483ba20bd"},"potentialAction":[{"@type":"SearchAction","target":{"@type":"EntryPoint","urlTemplate":"https:\/\/sandzakpress.net\/arhiva\/?s={search_term_string}"},"query-input":{"@type":"PropertyValueSpecification","valueRequired":true,"valueName":"search_term_string"}}],"inLanguage":"bs-BA"},{"@type":["Person","Organization"],"@id":"https:\/\/sandzakpress.net\/arhiva\/#\/schema\/person\/6e72b67d6e51910a1117b3b483ba20bd","name":"Kul","image":{"@type":"ImageObject","inLanguage":"bs-BA","@id":"https:\/\/sandzakpress.net\/arhiva\/#\/schema\/person\/image\/","url":"https:\/\/secure.gravatar.com\/avatar\/42263f39aa27ac04c43cab85c280eb2e?s=96&d=mm&r=pg","contentUrl":"https:\/\/secure.gravatar.com\/avatar\/42263f39aa27ac04c43cab85c280eb2e?s=96&d=mm&r=pg","caption":"Kul"},"logo":{"@id":"https:\/\/sandzakpress.net\/arhiva\/#\/schema\/person\/image\/"}},{"@type":"Person","@id":"https:\/\/sandzakpress.net\/arhiva\/#\/schema\/person\/c8baee722073534b583ea7bdb2e36c02","name":"bosniak","image":{"@type":"ImageObject","inLanguage":"bs-BA","@id":"https:\/\/sandzakpress.net\/arhiva\/#\/schema\/person\/image\/","url":"https:\/\/secure.gravatar.com\/avatar\/a04fd330bfe3a36a72a0ad4a6d89fca7?s=96&d=mm&r=pg","contentUrl":"https:\/\/secure.gravatar.com\/avatar\/a04fd330bfe3a36a72a0ad4a6d89fca7?s=96&d=mm&r=pg","caption":"bosniak"},"url":"https:\/\/sandzakpress.net\/arhiva\/author\/bosniak\/"}]}},"_links":{"self":[{"href":"https:\/\/sandzakpress.net\/arhiva\/wp-json\/wp\/v2\/posts\/155913"}],"collection":[{"href":"https:\/\/sandzakpress.net\/arhiva\/wp-json\/wp\/v2\/posts"}],"about":[{"href":"https:\/\/sandzakpress.net\/arhiva\/wp-json\/wp\/v2\/types\/post"}],"author":[{"embeddable":true,"href":"https:\/\/sandzakpress.net\/arhiva\/wp-json\/wp\/v2\/users\/83"}],"replies":[{"embeddable":true,"href":"https:\/\/sandzakpress.net\/arhiva\/wp-json\/wp\/v2\/comments?post=155913"}],"version-history":[{"count":0,"href":"https:\/\/sandzakpress.net\/arhiva\/wp-json\/wp\/v2\/posts\/155913\/revisions"}],"wp:featuredmedia":[{"embeddable":true,"href":"https:\/\/sandzakpress.net\/arhiva\/wp-json\/wp\/v2\/media\/155914"}],"wp:attachment":[{"href":"https:\/\/sandzakpress.net\/arhiva\/wp-json\/wp\/v2\/media?parent=155913"}],"wp:term":[{"taxonomy":"category","embeddable":true,"href":"https:\/\/sandzakpress.net\/arhiva\/wp-json\/wp\/v2\/categories?post=155913"},{"taxonomy":"post_tag","embeddable":true,"href":"https:\/\/sandzakpress.net\/arhiva\/wp-json\/wp\/v2\/tags?post=155913"}],"curies":[{"name":"wp","href":"https:\/\/api.w.org\/{rel}","templated":true}]}}