{"id":155835,"date":"2016-02-27T12:25:03","date_gmt":"2016-02-27T11:25:03","guid":{"rendered":"https:\/\/sandzakpress.net\/arhiva\/?p=155835"},"modified":"2016-02-27T13:36:58","modified_gmt":"2016-02-27T12:36:58","slug":"pod-pokroviteljstvom-bnv-bdz-i-sda-zajednicki-obiljevaju-otmicu-u-strpcima","status":"publish","type":"post","link":"https:\/\/sandzakpress.net\/arhiva\/pod-pokroviteljstvom-bnv-bdz-i-sda-zajednicki-obiljezavaju-otmicu-u-strpcima","title":{"rendered":"Pod pokroviteljstvom BNV &#8211; BDZ i SDA zajedni\u010dki obilje\u017eavaju otmicu u \u0160trpcima"},"content":{"rendered":"<p><img decoding=\"async\" src=\"http:\/\/www.sandzacke.rs\/wp-content\/uploads\/2016\/02\/bnv-strpci-sjednica-1.jpg\" alt=\"\" \/><\/p>\n<p>Bo\u0161nja\u010dko nacionalno vije\u0107e (BNV) je na posebnoj sjednici, povodom 23. godi\u0161njice otmice putnika u mjestu \u0160trpci, zatra\u017eilo od dr\u017eave Srbije da sprovede djelotvornu istragu te izrazilo saosje\u0107anje sa \u017ertvama zlo\u010dina u \u0160trpcima, Sjeverinu, Kukurovi\u0107ima i drugim zlo\u010dinima po\u010dinjenim nad Bo\u0161njacima u Sand\u017eaku.<\/p>\n<p>Na dana\u0161njoj sjednici BNV-a u Novom Pazaru jednoglasno usvojenim zaklju\u010dcima od strane svih vije\u0107nika zatra\u017eeno je od nadle\u017enih dr\u017eavnih organa Srbije hitno otkrivanje i identifikacija posmrtnih ostatka \u017ertava.<\/p>\n<p>BNV je kao predstavni\u010dko tijelo Bo\u0161njaka u Srbiji osudilo \u201csau\u010desni\u0161tvo tada\u0161njih dr\u017eavnih organa Republike Srbije i SR Jugoslavije u planiranju, organizovanju i \u010dinjenju zlo\u010dina u \u0160trpcima, Sjeverinu, Kukurovi\u0107ima i drugim mjestima u Sand\u017eaku, nad civilima, bo\u0161nja\u010dke, hrvatske i druge nacionalnosti\u201c.<\/p>\n<p>Od strane tog tijela je zatra\u017eeno i da dr\u017eavni organi Srbije sprovedu brzu, efikasnu i, kako je navedeno, djelotvornu istragu, radi otkrivanja, procesuiranja i ka\u017enjavanja svih po\u010dinilaca, nalogodavaca, organizatora i podstreka\u010da zlo\u010dina, da se utvrde odgovorni za dosada\u0161nje propuste te da se porodicama \u017ertava u Sand\u017eaku tokom ratova devedesetih, prizna status civilnih \u017ertava rata, raseljenih lica i obezbijedi materijalna naknada.<\/p>\n<p>Direktor Instituta za istra\u017eivanje genocida i zlo\u010dina na Internacionalnom univerzitetu u Novom Pazaru Admir Muratovi\u0107 je, pozivaju\u0107i se na vi\u0161e historijskih dokumenata, naveo da su zlo\u010dini nad Bo\u0161njacima Sand\u017eaka \u010dinjeni kako bi ovi prostori, koji razdvajaju Srbiju i Crnu Goru, bili o\u010di\u0161\u0107eni od Bo\u0161njaka.<\/p>\n<p>\u201cSamo postojanje Bo\u0161njaka i njihova spremnost da na ove na\u010dine obilje\u017eavaju ove datume jeste garant da i od te istine ne\u0107emo odustati. To je bio dr\u017eavni teror i dr\u017eavni zlo\u010din\u201d, rekao je Muratovi\u0107 i naglasio da su svi zlo\u010dini nad civilnim stanovni\u0161tvom bili osmi\u0161ljeni s ciljem stvaranja straha i realizacije plana \u201cBo\u0161njaci manjina u Sand\u017eaku\u201d.<\/p>\n<p>On je podvukao da zlo\u010dini u Sand\u017eaku treba da budu tetirani kao ratni zlo\u010dini i nikako da ostanu u sjenci onoga \u0161to se de\u0161avalo u BiH i na Kosovu.<\/p>\n<p>Predsjednica Sand\u017ea\u010dkog odbora za za\u0161titu ljudskih prava i sloboda Semiha Ka\u010dar je ukazala da borba porodica \u017ertava za prava stradalih jo\u0161 traje ve\u0107 23 godine, a brojna pitanja \u010dekaju prave i potpune odgovore.<\/p>\n<p>Ona je istakla da se u to vrijeme sticao dojam da je \u201cdr\u017eava (Srbija) nastojala da isprovocira oru\u017eani bunt Bo\u0161njaka i time dobije opravdanje da ga ugu\u0161i svim raspolo\u017eivim sredstvima te da broj Bo\u0161njaka, uvo\u0111enjem raznih metoda zastra\u0161ivanja i prisile, u okviru rje\u0161avanja nacionalnog pitanja, svede na najmanju mogu\u0107i mjeru\u201d.<\/p>\n<p><img loading=\"lazy\" decoding=\"async\" class=\"aligncenter size-large wp-image-155838\" src=\"https:\/\/sandzakpress.net\/arhiva\/wp-content\/uploads\/2016\/02\/5c67223182713b05969198dc079080deca85a85c2779ea53f1bf39f87b05d1c1-616x462.jpg\" alt=\"5c67223182713b05969198dc079080deca85a85c2779ea53f1bf39f87b05d1c1\" width=\"600\" height=\"450\" srcset=\"https:\/\/sandzakpress.net\/arhiva\/wp-content\/uploads\/2016\/02\/5c67223182713b05969198dc079080deca85a85c2779ea53f1bf39f87b05d1c1-616x462.jpg 616w, https:\/\/sandzakpress.net\/arhiva\/wp-content\/uploads\/2016\/02\/5c67223182713b05969198dc079080deca85a85c2779ea53f1bf39f87b05d1c1-768x576.jpg 768w, https:\/\/sandzakpress.net\/arhiva\/wp-content\/uploads\/2016\/02\/5c67223182713b05969198dc079080deca85a85c2779ea53f1bf39f87b05d1c1.jpg 1280w\" sizes=\"(max-width: 600px) 100vw, 600px\" \/> <img loading=\"lazy\" decoding=\"async\" class=\"aligncenter size-large wp-image-155839\" src=\"https:\/\/sandzakpress.net\/arhiva\/wp-content\/uploads\/2016\/02\/bc39588ed0a1153edabe4c9fb0045d67ba184072cbae7812c54878aa2e2c61ab-616x462.jpg\" alt=\"bc39588ed0a1153edabe4c9fb0045d67ba184072cbae7812c54878aa2e2c61ab\" width=\"600\" height=\"450\" srcset=\"https:\/\/sandzakpress.net\/arhiva\/wp-content\/uploads\/2016\/02\/bc39588ed0a1153edabe4c9fb0045d67ba184072cbae7812c54878aa2e2c61ab-616x462.jpg 616w, https:\/\/sandzakpress.net\/arhiva\/wp-content\/uploads\/2016\/02\/bc39588ed0a1153edabe4c9fb0045d67ba184072cbae7812c54878aa2e2c61ab-768x576.jpg 768w, https:\/\/sandzakpress.net\/arhiva\/wp-content\/uploads\/2016\/02\/bc39588ed0a1153edabe4c9fb0045d67ba184072cbae7812c54878aa2e2c61ab.jpg 1280w\" sizes=\"(max-width: 600px) 100vw, 600px\" \/><\/p>\n<h3>Nedostaje sudska pravda<\/h3>\n<p>Izvr\u0161na direktorka Fonda za humanitarno pravo Sandra Orlovi\u0107 je kazala da u slu\u010daju \u201cOtmica \u0160trpci\u201d, prevashodno nedostaje sudska pravda. Prema njenoj ocjeni, presuda za taj zlo\u010dine pred Vi\u0161im sudom u Bijelom Polju 2002. godine je temeljac istine o tome \u0161ta se dogodilo u \u0160trpcima, a da sudski postupak pokrenut 2015. godine protiv desetorice osumnji\u010denih, me\u0111u kojima je i komandanta Vi\u0161egradske brigade VRS, govori o organizaciji i strukturi zlo\u010dina.<\/p>\n<p>Sandra Orlovi\u0107 je danas pozvala javnost da prati su\u0111enje za slu\u010daj \u0160trpci i izrazila o\u010dekivanja da \u0107e \u201cdru\u0161tveno prizananje\u201d za porodice \u017ertava do\u0107i kada Srbija otvori svoje vojne i policijske arhive, priznanja pravnog statusa civilnih \u017ertava rata i da odredi dan sje\u0107anja za civilne \u017ertve rata u Sand\u017eaku.<\/p>\n<h3>Autonomija Sand\u017eaka kao za\u0161titini mehnizam<\/h3>\n<p>Predsjednik BNV-a Sulejman Ugljanin je rekao da nakon dvije i po decenije od zlo\u010dina u Sand\u017eaku niko nije ponudio rje\u0161enje i garancije da se zlo\u010dini ne\u0107e ponoviti, jer kako je kazao, Srbija ustavom garantuje ljudska prava, a u praksi je druga\u010dije.<\/p>\n<p>On je ponovio stav da bi autonomija Sand\u017eaka bila za\u0161titni mehanizam i da to nije samo politi\u010dki stav ve\u0107 se njome sti\u010de pravo na politi\u010dku egzistenciju.<\/p>\n<p>\u201cDokle god se u ovoj dr\u017eavi Srbiji ne izvr\u0161i decentralizacija i obezbjedi \u0161irok stepen autonomije Sand\u017eaka, ne samo kao politi\u010dki zahtjev, nego kao pravo na politi\u010dku egzistenciju jedne manjine koja je izlo\u017eena kontinuiranim poku\u0161ajima sa se istrijebi sa ovih prostora\u201d, poru\u010dio je Ugljanin i dodao da se pri izradi Akcionog poglavlja za Poglavlje 23 za \u010dlanstvo Srbije u EU govori o autonomiji Sand\u017eaka.<\/p>\n<p>U subotu, 27. februara 2016. godine, navr\u0161avaju se 23 godine od zlo\u010dina u \u0160trpcima, kada su pripadnici Vojske Republike Srpske (VRS), na \u017eeljezni\u010dkoj stanici u \u0160trpcima, iz voza koji je saobra\u0107ao na relaciji Beograd \u2013 Bar izveli i ubili 20 putnika, 18 Bo\u0161njaka, jednog Hrvata i jednu nepoznatu osobu. Za ovaj zlo\u010din do sada je pravnosna\u017eno osu\u0111en samo Neboj\u0161a Ranisavljevi\u0107 na su\u0111enju u Bijelom Polju, u Crnoj Gori. Tokom su\u0111enja Ranisavljevi\u0107u, na osnovu dokumentacije \u017dTP \u201cBeograd\u201d utvr\u0111eno je da je otmica bila unaprijed planirana i da su predstavnici dr\u017eavnih organa Srbije i SR Jugoslavije bili upoznati s postojanjem plana da se na stanici \u0160trpci izvr\u0161i otmica putnika<\/p>\n<p>Do sada su u Jezeru Peru\u0107ac na Drini prona\u0111ena tijela \u010detiri \u017ertve.<\/p>\n<p>(Anadolija)<\/p>\n","protected":false},"excerpt":{"rendered":"<p>Bo\u0161nja\u010dko nacionalno vije\u0107e (BNV) je na posebnoj sjednici, povodom 23. godi\u0161njice otmice putnika u mjestu \u0160trpci, zatra\u017eilo od dr\u017eave Srbije da sprovede djelotvornu istragu te izrazilo saosje\u0107anje sa \u017ertvama zlo\u010dina u \u0160trpcima, Sjeverinu, Kukurovi\u0107ima i drugim zlo\u010dinima po\u010dinjenim nad Bo\u0161njacima u Sand\u017eaku. Na dana\u0161njoj sjednici BNV-a u Novom Pazaru jednoglasno usvojenim zaklju\u010dcima od strane svih [&hellip;]<\/p>\n","protected":false},"author":83,"featured_media":155840,"comment_status":"open","ping_status":"open","sticky":false,"template":"","format":"standard","meta":{"footnotes":""},"categories":[800,72,52,327,392,393,394,8957],"tags":[10223,10243,10255],"class_list":{"0":"post-155835","1":"post","2":"type-post","3":"status-publish","4":"format-standard","5":"has-post-thumbnail","7":"category-nacija","8":"category-novi-pazar","9":"category-sjenica","10":"category-tutin","11":"category-prijepolje_","12":"category-priboj","13":"category-nova-varos","14":"category-vijesti-dana","15":"tag-bdz","16":"tag-bnv","17":"tag-sda"},"yoast_head":"<!-- This site is optimized with the Yoast SEO Premium plugin v23.1 (Yoast SEO v24.9) - https:\/\/yoast.com\/wordpress\/plugins\/seo\/ -->\n<title>Pod pokroviteljstvom BNV - BDZ i SDA zajedni\u010dki obilje\u017eavaju otmicu u \u0160trpcima<\/title>\n<meta name=\"robots\" content=\"index, follow, max-snippet:-1, max-image-preview:large, max-video-preview:-1\" \/>\n<link rel=\"canonical\" href=\"https:\/\/sandzakpress.net\/arhiva\/pod-pokroviteljstvom-bnv-bdz-i-sda-zajednicki-obiljezavaju-otmicu-u-strpcima\/\" \/>\n<meta property=\"og:locale\" content=\"bs_BA\" \/>\n<meta property=\"og:type\" content=\"article\" \/>\n<meta property=\"og:title\" content=\"Pod pokroviteljstvom BNV - BDZ i SDA zajedni\u010dki obilje\u017eavaju otmicu u \u0160trpcima\" \/>\n<meta property=\"og:description\" content=\"Bo\u0161nja\u010dko nacionalno vije\u0107e (BNV) je na posebnoj sjednici, povodom 23. godi\u0161njice otmice putnika u mjestu \u0160trpci, zatra\u017eilo od dr\u017eave Srbije da sprovede djelotvornu istragu te izrazilo saosje\u0107anje sa \u017ertvama zlo\u010dina u \u0160trpcima, Sjeverinu, Kukurovi\u0107ima i drugim zlo\u010dinima po\u010dinjenim nad Bo\u0161njacima u Sand\u017eaku. Na dana\u0161njoj sjednici BNV-a u Novom Pazaru jednoglasno usvojenim zaklju\u010dcima od strane svih [&hellip;]\" \/>\n<meta property=\"og:url\" content=\"https:\/\/sandzakpress.net\/arhiva\/pod-pokroviteljstvom-bnv-bdz-i-sda-zajednicki-obiljezavaju-otmicu-u-strpcima\/\" \/>\n<meta property=\"og:site_name\" content=\"Sand\u017eak PRESS\" \/>\n<meta property=\"article:published_time\" content=\"2016-02-27T11:25:03+00:00\" \/>\n<meta property=\"article:modified_time\" content=\"2016-02-27T12:36:58+00:00\" \/>\n<meta property=\"og:image\" content=\"https:\/\/sandzakpress.net\/arhiva\/wp-content\/uploads\/2016\/02\/bnv-strpci-sjednica-1.jpg\" \/>\n\t<meta property=\"og:image:width\" content=\"640\" \/>\n\t<meta property=\"og:image:height\" content=\"400\" \/>\n\t<meta property=\"og:image:type\" content=\"image\/jpeg\" \/>\n<meta name=\"author\" content=\"bosniak\" \/>\n<meta name=\"twitter:card\" content=\"summary_large_image\" \/>\n<meta name=\"twitter:label1\" content=\"Written by\" \/>\n\t<meta name=\"twitter:data1\" content=\"bosniak\" \/>\n\t<meta name=\"twitter:label2\" content=\"Est. reading time\" \/>\n\t<meta name=\"twitter:data2\" content=\"4 minute\" \/>\n<script type=\"application\/ld+json\" class=\"yoast-schema-graph\">{\"@context\":\"https:\/\/schema.org\",\"@graph\":[{\"@type\":\"Article\",\"@id\":\"https:\/\/sandzakpress.net\/arhiva\/pod-pokroviteljstvom-bnv-bdz-i-sda-zajednicki-obiljezavaju-otmicu-u-strpcima\/#article\",\"isPartOf\":{\"@id\":\"https:\/\/sandzakpress.net\/arhiva\/pod-pokroviteljstvom-bnv-bdz-i-sda-zajednicki-obiljezavaju-otmicu-u-strpcima\/\"},\"author\":{\"name\":\"bosniak\",\"@id\":\"https:\/\/sandzakpress.net\/arhiva\/#\/schema\/person\/c8baee722073534b583ea7bdb2e36c02\"},\"headline\":\"Pod pokroviteljstvom BNV &#8211; BDZ i SDA zajedni\u010dki obilje\u017eavaju otmicu u \u0160trpcima\",\"datePublished\":\"2016-02-27T11:25:03+00:00\",\"dateModified\":\"2016-02-27T12:36:58+00:00\",\"mainEntityOfPage\":{\"@id\":\"https:\/\/sandzakpress.net\/arhiva\/pod-pokroviteljstvom-bnv-bdz-i-sda-zajednicki-obiljezavaju-otmicu-u-strpcima\/\"},\"wordCount\":890,\"commentCount\":3,\"publisher\":{\"@id\":\"https:\/\/sandzakpress.net\/arhiva\/#\/schema\/person\/6e72b67d6e51910a1117b3b483ba20bd\"},\"image\":{\"@id\":\"https:\/\/sandzakpress.net\/arhiva\/pod-pokroviteljstvom-bnv-bdz-i-sda-zajednicki-obiljezavaju-otmicu-u-strpcima\/#primaryimage\"},\"thumbnailUrl\":\"https:\/\/sandzakpress.net\/arhiva\/wp-content\/uploads\/2016\/02\/bnv-strpci-sjednica-1.jpg\",\"keywords\":[\"BDZ\",\"BNV\",\"SDA\"],\"articleSection\":[\"Nacija\",\"Novi Pazar\",\"Sjenica\",\"Tutin\",\"Prijepolje\",\"Priboj\",\"Nova Varo\u0161\",\"VIJESTI DANA\"],\"inLanguage\":\"bs-BA\",\"potentialAction\":[{\"@type\":\"CommentAction\",\"name\":\"Comment\",\"target\":[\"https:\/\/sandzakpress.net\/arhiva\/pod-pokroviteljstvom-bnv-bdz-i-sda-zajednicki-obiljezavaju-otmicu-u-strpcima\/#respond\"]}]},{\"@type\":\"WebPage\",\"@id\":\"https:\/\/sandzakpress.net\/arhiva\/pod-pokroviteljstvom-bnv-bdz-i-sda-zajednicki-obiljezavaju-otmicu-u-strpcima\/\",\"url\":\"https:\/\/sandzakpress.net\/arhiva\/pod-pokroviteljstvom-bnv-bdz-i-sda-zajednicki-obiljezavaju-otmicu-u-strpcima\/\",\"name\":\"Pod pokroviteljstvom BNV - BDZ i SDA zajedni\u010dki obilje\u017eavaju otmicu u \u0160trpcima\",\"isPartOf\":{\"@id\":\"https:\/\/sandzakpress.net\/arhiva\/#website\"},\"primaryImageOfPage\":{\"@id\":\"https:\/\/sandzakpress.net\/arhiva\/pod-pokroviteljstvom-bnv-bdz-i-sda-zajednicki-obiljezavaju-otmicu-u-strpcima\/#primaryimage\"},\"image\":{\"@id\":\"https:\/\/sandzakpress.net\/arhiva\/pod-pokroviteljstvom-bnv-bdz-i-sda-zajednicki-obiljezavaju-otmicu-u-strpcima\/#primaryimage\"},\"thumbnailUrl\":\"https:\/\/sandzakpress.net\/arhiva\/wp-content\/uploads\/2016\/02\/bnv-strpci-sjednica-1.jpg\",\"datePublished\":\"2016-02-27T11:25:03+00:00\",\"dateModified\":\"2016-02-27T12:36:58+00:00\",\"breadcrumb\":{\"@id\":\"https:\/\/sandzakpress.net\/arhiva\/pod-pokroviteljstvom-bnv-bdz-i-sda-zajednicki-obiljezavaju-otmicu-u-strpcima\/#breadcrumb\"},\"inLanguage\":\"bs-BA\",\"potentialAction\":[{\"@type\":\"ReadAction\",\"target\":[\"https:\/\/sandzakpress.net\/arhiva\/pod-pokroviteljstvom-bnv-bdz-i-sda-zajednicki-obiljezavaju-otmicu-u-strpcima\/\"]}]},{\"@type\":\"ImageObject\",\"inLanguage\":\"bs-BA\",\"@id\":\"https:\/\/sandzakpress.net\/arhiva\/pod-pokroviteljstvom-bnv-bdz-i-sda-zajednicki-obiljezavaju-otmicu-u-strpcima\/#primaryimage\",\"url\":\"https:\/\/sandzakpress.net\/arhiva\/wp-content\/uploads\/2016\/02\/bnv-strpci-sjednica-1.jpg\",\"contentUrl\":\"https:\/\/sandzakpress.net\/arhiva\/wp-content\/uploads\/2016\/02\/bnv-strpci-sjednica-1.jpg\",\"width\":640,\"height\":400},{\"@type\":\"BreadcrumbList\",\"@id\":\"https:\/\/sandzakpress.net\/arhiva\/pod-pokroviteljstvom-bnv-bdz-i-sda-zajednicki-obiljezavaju-otmicu-u-strpcima\/#breadcrumb\",\"itemListElement\":[{\"@type\":\"ListItem\",\"position\":1,\"name\":\"Home\",\"item\":\"https:\/\/sandzakpress.net\/arhiva\/\"},{\"@type\":\"ListItem\",\"position\":2,\"name\":\"Pod pokroviteljstvom BNV &#8211; BDZ i SDA zajedni\u010dki obilje\u017eavaju otmicu u \u0160trpcima\"}]},{\"@type\":\"WebSite\",\"@id\":\"https:\/\/sandzakpress.net\/arhiva\/#website\",\"url\":\"https:\/\/sandzakpress.net\/arhiva\/\",\"name\":\"Sand\u017eak PRESS\",\"description\":\"Prve elektronske novine u Sand\u017eaku\",\"publisher\":{\"@id\":\"https:\/\/sandzakpress.net\/arhiva\/#\/schema\/person\/6e72b67d6e51910a1117b3b483ba20bd\"},\"potentialAction\":[{\"@type\":\"SearchAction\",\"target\":{\"@type\":\"EntryPoint\",\"urlTemplate\":\"https:\/\/sandzakpress.net\/arhiva\/?s={search_term_string}\"},\"query-input\":{\"@type\":\"PropertyValueSpecification\",\"valueRequired\":true,\"valueName\":\"search_term_string\"}}],\"inLanguage\":\"bs-BA\"},{\"@type\":[\"Person\",\"Organization\"],\"@id\":\"https:\/\/sandzakpress.net\/arhiva\/#\/schema\/person\/6e72b67d6e51910a1117b3b483ba20bd\",\"name\":\"Kul\",\"image\":{\"@type\":\"ImageObject\",\"inLanguage\":\"bs-BA\",\"@id\":\"https:\/\/sandzakpress.net\/arhiva\/#\/schema\/person\/image\/\",\"url\":\"https:\/\/secure.gravatar.com\/avatar\/42263f39aa27ac04c43cab85c280eb2e?s=96&d=mm&r=pg\",\"contentUrl\":\"https:\/\/secure.gravatar.com\/avatar\/42263f39aa27ac04c43cab85c280eb2e?s=96&d=mm&r=pg\",\"caption\":\"Kul\"},\"logo\":{\"@id\":\"https:\/\/sandzakpress.net\/arhiva\/#\/schema\/person\/image\/\"}},{\"@type\":\"Person\",\"@id\":\"https:\/\/sandzakpress.net\/arhiva\/#\/schema\/person\/c8baee722073534b583ea7bdb2e36c02\",\"name\":\"bosniak\",\"image\":{\"@type\":\"ImageObject\",\"inLanguage\":\"bs-BA\",\"@id\":\"https:\/\/sandzakpress.net\/arhiva\/#\/schema\/person\/image\/\",\"url\":\"https:\/\/secure.gravatar.com\/avatar\/a04fd330bfe3a36a72a0ad4a6d89fca7?s=96&d=mm&r=pg\",\"contentUrl\":\"https:\/\/secure.gravatar.com\/avatar\/a04fd330bfe3a36a72a0ad4a6d89fca7?s=96&d=mm&r=pg\",\"caption\":\"bosniak\"},\"url\":\"https:\/\/sandzakpress.net\/arhiva\/author\/bosniak\/\"}]}<\/script>\n<!-- \/ Yoast SEO Premium plugin. -->","yoast_head_json":{"title":"Pod pokroviteljstvom BNV - BDZ i SDA zajedni\u010dki obilje\u017eavaju otmicu u \u0160trpcima","robots":{"index":"index","follow":"follow","max-snippet":"max-snippet:-1","max-image-preview":"max-image-preview:large","max-video-preview":"max-video-preview:-1"},"canonical":"https:\/\/sandzakpress.net\/arhiva\/pod-pokroviteljstvom-bnv-bdz-i-sda-zajednicki-obiljezavaju-otmicu-u-strpcima\/","og_locale":"bs_BA","og_type":"article","og_title":"Pod pokroviteljstvom BNV - BDZ i SDA zajedni\u010dki obilje\u017eavaju otmicu u \u0160trpcima","og_description":"Bo\u0161nja\u010dko nacionalno vije\u0107e (BNV) je na posebnoj sjednici, povodom 23. godi\u0161njice otmice putnika u mjestu \u0160trpci, zatra\u017eilo od dr\u017eave Srbije da sprovede djelotvornu istragu te izrazilo saosje\u0107anje sa \u017ertvama zlo\u010dina u \u0160trpcima, Sjeverinu, Kukurovi\u0107ima i drugim zlo\u010dinima po\u010dinjenim nad Bo\u0161njacima u Sand\u017eaku. Na dana\u0161njoj sjednici BNV-a u Novom Pazaru jednoglasno usvojenim zaklju\u010dcima od strane svih [&hellip;]","og_url":"https:\/\/sandzakpress.net\/arhiva\/pod-pokroviteljstvom-bnv-bdz-i-sda-zajednicki-obiljezavaju-otmicu-u-strpcima\/","og_site_name":"Sand\u017eak PRESS","article_published_time":"2016-02-27T11:25:03+00:00","article_modified_time":"2016-02-27T12:36:58+00:00","og_image":[{"width":640,"height":400,"url":"https:\/\/sandzakpress.net\/arhiva\/wp-content\/uploads\/2016\/02\/bnv-strpci-sjednica-1.jpg","type":"image\/jpeg"}],"author":"bosniak","twitter_card":"summary_large_image","twitter_misc":{"Written by":"bosniak","Est. reading time":"4 minute"},"schema":{"@context":"https:\/\/schema.org","@graph":[{"@type":"Article","@id":"https:\/\/sandzakpress.net\/arhiva\/pod-pokroviteljstvom-bnv-bdz-i-sda-zajednicki-obiljezavaju-otmicu-u-strpcima\/#article","isPartOf":{"@id":"https:\/\/sandzakpress.net\/arhiva\/pod-pokroviteljstvom-bnv-bdz-i-sda-zajednicki-obiljezavaju-otmicu-u-strpcima\/"},"author":{"name":"bosniak","@id":"https:\/\/sandzakpress.net\/arhiva\/#\/schema\/person\/c8baee722073534b583ea7bdb2e36c02"},"headline":"Pod pokroviteljstvom BNV &#8211; BDZ i SDA zajedni\u010dki obilje\u017eavaju otmicu u \u0160trpcima","datePublished":"2016-02-27T11:25:03+00:00","dateModified":"2016-02-27T12:36:58+00:00","mainEntityOfPage":{"@id":"https:\/\/sandzakpress.net\/arhiva\/pod-pokroviteljstvom-bnv-bdz-i-sda-zajednicki-obiljezavaju-otmicu-u-strpcima\/"},"wordCount":890,"commentCount":3,"publisher":{"@id":"https:\/\/sandzakpress.net\/arhiva\/#\/schema\/person\/6e72b67d6e51910a1117b3b483ba20bd"},"image":{"@id":"https:\/\/sandzakpress.net\/arhiva\/pod-pokroviteljstvom-bnv-bdz-i-sda-zajednicki-obiljezavaju-otmicu-u-strpcima\/#primaryimage"},"thumbnailUrl":"https:\/\/sandzakpress.net\/arhiva\/wp-content\/uploads\/2016\/02\/bnv-strpci-sjednica-1.jpg","keywords":["BDZ","BNV","SDA"],"articleSection":["Nacija","Novi Pazar","Sjenica","Tutin","Prijepolje","Priboj","Nova Varo\u0161","VIJESTI DANA"],"inLanguage":"bs-BA","potentialAction":[{"@type":"CommentAction","name":"Comment","target":["https:\/\/sandzakpress.net\/arhiva\/pod-pokroviteljstvom-bnv-bdz-i-sda-zajednicki-obiljezavaju-otmicu-u-strpcima\/#respond"]}]},{"@type":"WebPage","@id":"https:\/\/sandzakpress.net\/arhiva\/pod-pokroviteljstvom-bnv-bdz-i-sda-zajednicki-obiljezavaju-otmicu-u-strpcima\/","url":"https:\/\/sandzakpress.net\/arhiva\/pod-pokroviteljstvom-bnv-bdz-i-sda-zajednicki-obiljezavaju-otmicu-u-strpcima\/","name":"Pod pokroviteljstvom BNV - BDZ i SDA zajedni\u010dki obilje\u017eavaju otmicu u \u0160trpcima","isPartOf":{"@id":"https:\/\/sandzakpress.net\/arhiva\/#website"},"primaryImageOfPage":{"@id":"https:\/\/sandzakpress.net\/arhiva\/pod-pokroviteljstvom-bnv-bdz-i-sda-zajednicki-obiljezavaju-otmicu-u-strpcima\/#primaryimage"},"image":{"@id":"https:\/\/sandzakpress.net\/arhiva\/pod-pokroviteljstvom-bnv-bdz-i-sda-zajednicki-obiljezavaju-otmicu-u-strpcima\/#primaryimage"},"thumbnailUrl":"https:\/\/sandzakpress.net\/arhiva\/wp-content\/uploads\/2016\/02\/bnv-strpci-sjednica-1.jpg","datePublished":"2016-02-27T11:25:03+00:00","dateModified":"2016-02-27T12:36:58+00:00","breadcrumb":{"@id":"https:\/\/sandzakpress.net\/arhiva\/pod-pokroviteljstvom-bnv-bdz-i-sda-zajednicki-obiljezavaju-otmicu-u-strpcima\/#breadcrumb"},"inLanguage":"bs-BA","potentialAction":[{"@type":"ReadAction","target":["https:\/\/sandzakpress.net\/arhiva\/pod-pokroviteljstvom-bnv-bdz-i-sda-zajednicki-obiljezavaju-otmicu-u-strpcima\/"]}]},{"@type":"ImageObject","inLanguage":"bs-BA","@id":"https:\/\/sandzakpress.net\/arhiva\/pod-pokroviteljstvom-bnv-bdz-i-sda-zajednicki-obiljezavaju-otmicu-u-strpcima\/#primaryimage","url":"https:\/\/sandzakpress.net\/arhiva\/wp-content\/uploads\/2016\/02\/bnv-strpci-sjednica-1.jpg","contentUrl":"https:\/\/sandzakpress.net\/arhiva\/wp-content\/uploads\/2016\/02\/bnv-strpci-sjednica-1.jpg","width":640,"height":400},{"@type":"BreadcrumbList","@id":"https:\/\/sandzakpress.net\/arhiva\/pod-pokroviteljstvom-bnv-bdz-i-sda-zajednicki-obiljezavaju-otmicu-u-strpcima\/#breadcrumb","itemListElement":[{"@type":"ListItem","position":1,"name":"Home","item":"https:\/\/sandzakpress.net\/arhiva\/"},{"@type":"ListItem","position":2,"name":"Pod pokroviteljstvom BNV &#8211; BDZ i SDA zajedni\u010dki obilje\u017eavaju otmicu u \u0160trpcima"}]},{"@type":"WebSite","@id":"https:\/\/sandzakpress.net\/arhiva\/#website","url":"https:\/\/sandzakpress.net\/arhiva\/","name":"Sand\u017eak PRESS","description":"Prve elektronske novine u Sand\u017eaku","publisher":{"@id":"https:\/\/sandzakpress.net\/arhiva\/#\/schema\/person\/6e72b67d6e51910a1117b3b483ba20bd"},"potentialAction":[{"@type":"SearchAction","target":{"@type":"EntryPoint","urlTemplate":"https:\/\/sandzakpress.net\/arhiva\/?s={search_term_string}"},"query-input":{"@type":"PropertyValueSpecification","valueRequired":true,"valueName":"search_term_string"}}],"inLanguage":"bs-BA"},{"@type":["Person","Organization"],"@id":"https:\/\/sandzakpress.net\/arhiva\/#\/schema\/person\/6e72b67d6e51910a1117b3b483ba20bd","name":"Kul","image":{"@type":"ImageObject","inLanguage":"bs-BA","@id":"https:\/\/sandzakpress.net\/arhiva\/#\/schema\/person\/image\/","url":"https:\/\/secure.gravatar.com\/avatar\/42263f39aa27ac04c43cab85c280eb2e?s=96&d=mm&r=pg","contentUrl":"https:\/\/secure.gravatar.com\/avatar\/42263f39aa27ac04c43cab85c280eb2e?s=96&d=mm&r=pg","caption":"Kul"},"logo":{"@id":"https:\/\/sandzakpress.net\/arhiva\/#\/schema\/person\/image\/"}},{"@type":"Person","@id":"https:\/\/sandzakpress.net\/arhiva\/#\/schema\/person\/c8baee722073534b583ea7bdb2e36c02","name":"bosniak","image":{"@type":"ImageObject","inLanguage":"bs-BA","@id":"https:\/\/sandzakpress.net\/arhiva\/#\/schema\/person\/image\/","url":"https:\/\/secure.gravatar.com\/avatar\/a04fd330bfe3a36a72a0ad4a6d89fca7?s=96&d=mm&r=pg","contentUrl":"https:\/\/secure.gravatar.com\/avatar\/a04fd330bfe3a36a72a0ad4a6d89fca7?s=96&d=mm&r=pg","caption":"bosniak"},"url":"https:\/\/sandzakpress.net\/arhiva\/author\/bosniak\/"}]}},"_links":{"self":[{"href":"https:\/\/sandzakpress.net\/arhiva\/wp-json\/wp\/v2\/posts\/155835"}],"collection":[{"href":"https:\/\/sandzakpress.net\/arhiva\/wp-json\/wp\/v2\/posts"}],"about":[{"href":"https:\/\/sandzakpress.net\/arhiva\/wp-json\/wp\/v2\/types\/post"}],"author":[{"embeddable":true,"href":"https:\/\/sandzakpress.net\/arhiva\/wp-json\/wp\/v2\/users\/83"}],"replies":[{"embeddable":true,"href":"https:\/\/sandzakpress.net\/arhiva\/wp-json\/wp\/v2\/comments?post=155835"}],"version-history":[{"count":0,"href":"https:\/\/sandzakpress.net\/arhiva\/wp-json\/wp\/v2\/posts\/155835\/revisions"}],"wp:featuredmedia":[{"embeddable":true,"href":"https:\/\/sandzakpress.net\/arhiva\/wp-json\/wp\/v2\/media\/155840"}],"wp:attachment":[{"href":"https:\/\/sandzakpress.net\/arhiva\/wp-json\/wp\/v2\/media?parent=155835"}],"wp:term":[{"taxonomy":"category","embeddable":true,"href":"https:\/\/sandzakpress.net\/arhiva\/wp-json\/wp\/v2\/categories?post=155835"},{"taxonomy":"post_tag","embeddable":true,"href":"https:\/\/sandzakpress.net\/arhiva\/wp-json\/wp\/v2\/tags?post=155835"}],"curies":[{"name":"wp","href":"https:\/\/api.w.org\/{rel}","templated":true}]}}