{"id":155812,"date":"2016-02-27T12:24:53","date_gmt":"2016-02-27T11:24:53","guid":{"rendered":"https:\/\/sandzakpress.net\/arhiva\/?p=155812"},"modified":"2016-02-27T13:36:50","modified_gmt":"2016-02-27T12:36:50","slug":"ljajic-protiv-derleka-jer-radnike-bolnice-koristi-za-snp-umjesto-za-sdp-a","status":"publish","type":"post","link":"https:\/\/sandzakpress.net\/arhiva\/ljajic-protiv-derleka-jer-radnike-bolnice-koristi-za-snp-umjesto-za-sdp-a\/","title":{"rendered":"Ljaji\u0107 protiv \u0110erleka jer radnike bolnice koristi za SNP, umjesto za SDP-a"},"content":{"rendered":"<p><img loading=\"lazy\" decoding=\"async\" class=\"aligncenter size-large wp-image-155813\" src=\"https:\/\/sandzakpress.net\/arhiva\/wp-content\/uploads\/2016\/02\/10425569_10208354832449830_1116267263_n-616x831.jpg\" alt=\"10425569_10208354832449830_1116267263_n\" width=\"600\" height=\"809\" srcset=\"https:\/\/sandzakpress.net\/arhiva\/wp-content\/uploads\/2016\/02\/10425569_10208354832449830_1116267263_n-616x831.jpg 616w, https:\/\/sandzakpress.net\/arhiva\/wp-content\/uploads\/2016\/02\/10425569_10208354832449830_1116267263_n.jpg 712w\" sizes=\"(max-width: 600px) 100vw, 600px\" \/><\/p>\n<div>\n<div class=\"_1t_p clearfix\">\n<div class=\"_1t_s\">\n<div class=\"_o46 _3erg _29_7 direction_ltr text_align_ltr\">\n<div class=\"clearfix\">\n<div class=\"_3058 _ui9 _hh7 _s1- _52mr\" style=\"text-align: center;\"><span style=\"text-decoration: underline;\"><strong><span class=\"_3oh-\">djevojka sa pristupnicom Sand\u017ea\u010dke narodne partije u ruci je Vuki\u010devi\u0107 Tijana primljena u radni odnos u maju mjesecu 12.05.2015. na neodre\u0111eno vrijeme<\/span><\/strong><\/span><\/div>\n<\/div>\n<\/div>\n<\/div>\n<\/div>\n<\/div>\n<p><span style=\"color: #ffffff;\">.<\/span><\/p>\n<p>Kako nas obavje\u0161tavaju izvori iz Op\u0161te bolnice u Novom Pazaru, Ljaji\u0107 je najvi\u0161e zamjerio Mirsadu \u0110erleku to \u0161to koristi kadar bolnice za svoje potrebe, umjesto potrebe Ljaji\u0107a i zajedni\u010dke koalicije.Ve\u0107inu mladih uposlenika u Op\u0161toj bolnici u Novom Pazaru, \u0110erlek je u\u010dlanio u svoju stranku, a evo par primjera.<\/p>\n<p><img loading=\"lazy\" decoding=\"async\" class=\"aligncenter size-large wp-image-155814\" src=\"https:\/\/sandzakpress.net\/arhiva\/wp-content\/uploads\/2016\/02\/12755027_10208354795808914_1752351688_o-616x356.jpg\" alt=\"12755027_10208354795808914_1752351688_o\" width=\"600\" height=\"347\" srcset=\"https:\/\/sandzakpress.net\/arhiva\/wp-content\/uploads\/2016\/02\/12755027_10208354795808914_1752351688_o-616x356.jpg 616w, https:\/\/sandzakpress.net\/arhiva\/wp-content\/uploads\/2016\/02\/12755027_10208354795808914_1752351688_o-768x444.jpg 768w, https:\/\/sandzakpress.net\/arhiva\/wp-content\/uploads\/2016\/02\/12755027_10208354795808914_1752351688_o-1400x810.jpg 1400w, https:\/\/sandzakpress.net\/arhiva\/wp-content\/uploads\/2016\/02\/12755027_10208354795808914_1752351688_o.jpg 1440w\" sizes=\"(max-width: 600px) 100vw, 600px\" \/><\/p>\n<p style=\"text-align: center;\"><span style=\"text-decoration: underline;\"><strong>tehni\u010dar u op\u0161toj bolnici<\/strong><\/span><\/p>\n<p><img loading=\"lazy\" decoding=\"async\" class=\"aligncenter size-large wp-image-155815\" src=\"https:\/\/sandzakpress.net\/arhiva\/wp-content\/uploads\/2016\/02\/12755211_10208354823129597_699807551_o-616x343.jpg\" alt=\"12755211_10208354823129597_699807551_o\" width=\"600\" height=\"334\" srcset=\"https:\/\/sandzakpress.net\/arhiva\/wp-content\/uploads\/2016\/02\/12755211_10208354823129597_699807551_o-616x343.jpg 616w, https:\/\/sandzakpress.net\/arhiva\/wp-content\/uploads\/2016\/02\/12755211_10208354823129597_699807551_o-768x427.jpg 768w, https:\/\/sandzakpress.net\/arhiva\/wp-content\/uploads\/2016\/02\/12755211_10208354823129597_699807551_o-1400x779.jpg 1400w, https:\/\/sandzakpress.net\/arhiva\/wp-content\/uploads\/2016\/02\/12755211_10208354823129597_699807551_o.jpg 1440w\" sizes=\"(max-width: 600px) 100vw, 600px\" \/><\/p>\n<div>\n<div class=\"_1t_p clearfix\">\n<div class=\"_1t_s\">\n<div class=\"_o46 _3erg _29_7 direction_ltr text_align_ltr\">\n<div class=\"clearfix\">\n<div class=\"_3058 _ui9 _hh7 _s1- _52mr\" style=\"text-align: center;\"><span style=\"text-decoration: underline;\"><strong>momak u crvenoj dukserici &#8211; D\u017eemil Ra\u0161idagi\u0107 &#8211; tehni\u010dar na internom odjeljenju<\/strong><\/span>\u00a0<\/div>\n<\/div>\n<\/div>\n<\/div>\n<\/div>\n<\/div>\n<p><img loading=\"lazy\" decoding=\"async\" class=\"aligncenter size-large wp-image-155816\" src=\"https:\/\/sandzakpress.net\/arhiva\/wp-content\/uploads\/2016\/02\/12765626_10208354828529732_1585860453_o-616x451.jpg\" alt=\"12765626_10208354828529732_1585860453_o\" width=\"600\" height=\"439\" srcset=\"https:\/\/sandzakpress.net\/arhiva\/wp-content\/uploads\/2016\/02\/12765626_10208354828529732_1585860453_o-616x451.jpg 616w, https:\/\/sandzakpress.net\/arhiva\/wp-content\/uploads\/2016\/02\/12765626_10208354828529732_1585860453_o-300x220.jpg 300w, https:\/\/sandzakpress.net\/arhiva\/wp-content\/uploads\/2016\/02\/12765626_10208354828529732_1585860453_o-768x562.jpg 768w, https:\/\/sandzakpress.net\/arhiva\/wp-content\/uploads\/2016\/02\/12765626_10208354828529732_1585860453_o-1400x1025.jpg 1400w, https:\/\/sandzakpress.net\/arhiva\/wp-content\/uploads\/2016\/02\/12765626_10208354828529732_1585860453_o.jpg 1440w\" sizes=\"(max-width: 600px) 100vw, 600px\" \/><\/p>\n<p style=\"text-align: center;\"><span style=\"text-decoration: underline;\"><strong>prvi sa lijeva na desno, stoji, u crnoj jakni &#8211; anasteti\u010dar u Op\u0161toj bolnici<\/strong><\/span><\/p>\n<p><img loading=\"lazy\" decoding=\"async\" class=\"aligncenter size-large wp-image-155817\" src=\"https:\/\/sandzakpress.net\/arhiva\/wp-content\/uploads\/2016\/02\/12765733_10208354823809614_680366960_o-616x352.jpg\" alt=\"12765733_10208354823809614_680366960_o\" width=\"600\" height=\"343\" srcset=\"https:\/\/sandzakpress.net\/arhiva\/wp-content\/uploads\/2016\/02\/12765733_10208354823809614_680366960_o-616x352.jpg 616w, https:\/\/sandzakpress.net\/arhiva\/wp-content\/uploads\/2016\/02\/12765733_10208354823809614_680366960_o-768x438.jpg 768w, https:\/\/sandzakpress.net\/arhiva\/wp-content\/uploads\/2016\/02\/12765733_10208354823809614_680366960_o-350x200.jpg 350w, https:\/\/sandzakpress.net\/arhiva\/wp-content\/uploads\/2016\/02\/12765733_10208354823809614_680366960_o-1400x799.jpg 1400w, https:\/\/sandzakpress.net\/arhiva\/wp-content\/uploads\/2016\/02\/12765733_10208354823809614_680366960_o.jpg 1440w\" sizes=\"(max-width: 600px) 100vw, 600px\" \/><\/p>\n<p style=\"text-align: center;\"><span style=\"text-decoration: underline;\"><strong>momak u bijeloj majci, radnik u op\u0161toj bolnici<\/strong><\/span><\/p>\n<p> <img loading=\"lazy\" decoding=\"async\" class=\"aligncenter size-large wp-image-155819\" src=\"https:\/\/sandzakpress.net\/arhiva\/wp-content\/uploads\/2016\/02\/12768012_10208354809409254_2115611548_o-616x426.jpg\" alt=\"12768012_10208354809409254_2115611548_o\" width=\"600\" height=\"415\" srcset=\"https:\/\/sandzakpress.net\/arhiva\/wp-content\/uploads\/2016\/02\/12768012_10208354809409254_2115611548_o-616x426.jpg 616w, https:\/\/sandzakpress.net\/arhiva\/wp-content\/uploads\/2016\/02\/12768012_10208354809409254_2115611548_o-768x531.jpg 768w, https:\/\/sandzakpress.net\/arhiva\/wp-content\/uploads\/2016\/02\/12768012_10208354809409254_2115611548_o-1400x967.jpg 1400w, https:\/\/sandzakpress.net\/arhiva\/wp-content\/uploads\/2016\/02\/12768012_10208354809409254_2115611548_o.jpg 1440w\" sizes=\"(max-width: 600px) 100vw, 600px\" \/><\/p>\n<p style=\"text-align: center;\"><span style=\"text-decoration: underline;\"><strong>Dr Ensar Regi\u0107, internista preba\u010den iz Novopazarske banje u Bolnicu i kandidat za subspecijalizaciju kardiologije<\/strong><\/span><\/p>\n<p><img loading=\"lazy\" decoding=\"async\" class=\"aligncenter wp-image-155820 size-large\" src=\"https:\/\/sandzakpress.net\/arhiva\/wp-content\/uploads\/2016\/02\/12768037_10208354805089146_623771228_o-e1456570926159-616x490.jpg\" alt=\"12768037_10208354805089146_623771228_o\" width=\"600\" height=\"477\" srcset=\"https:\/\/sandzakpress.net\/arhiva\/wp-content\/uploads\/2016\/02\/12768037_10208354805089146_623771228_o-e1456570926159-616x490.jpg 616w, https:\/\/sandzakpress.net\/arhiva\/wp-content\/uploads\/2016\/02\/12768037_10208354805089146_623771228_o-e1456570926159-768x611.jpg 768w, https:\/\/sandzakpress.net\/arhiva\/wp-content\/uploads\/2016\/02\/12768037_10208354805089146_623771228_o-e1456570926159.jpg 773w\" sizes=\"(max-width: 600px) 100vw, 600px\" \/><\/p>\n<div class=\"_o46 _3erg _29_7 direction_ltr text_align_ltr\">\n<div class=\"clearfix\">\n<div class=\"_3058 _ui9 _hh7 _s1- _52mr\" style=\"text-align: center;\"><span style=\"text-decoration: underline;\"><strong><span class=\"_3oh-\">Dr Samir Vu\u010delj. Prebacen iz Doma zdravlja u bolnicu. Odmah dobio specijalizaciju iz interne medicine i \u010dlan je Upravnog odbora Bolnice<\/span><\/strong><\/span><\/div>\n<\/div>\n<\/div>\n<div class=\"_o46 _3erg _29_7 direction_ltr text_align_ltr\">\u00a0<\/div>\n<p><img loading=\"lazy\" decoding=\"async\" class=\"aligncenter size-large wp-image-155821\" src=\"https:\/\/sandzakpress.net\/arhiva\/wp-content\/uploads\/2016\/02\/12781974_10208354819169498_2061114555_n-616x826.jpg\" alt=\"12781974_10208354819169498_2061114555_n\" width=\"600\" height=\"805\" srcset=\"https:\/\/sandzakpress.net\/arhiva\/wp-content\/uploads\/2016\/02\/12781974_10208354819169498_2061114555_n-616x826.jpg 616w, https:\/\/sandzakpress.net\/arhiva\/wp-content\/uploads\/2016\/02\/12781974_10208354819169498_2061114555_n.jpg 716w\" sizes=\"(max-width: 600px) 100vw, 600px\" \/><\/p>\n<p style=\"text-align: center;\"><span style=\"text-decoration: underline;\"><strong>radnica uposlena od prije godinu dana<\/strong><\/span><\/p>\n<p><img loading=\"lazy\" decoding=\"async\" class=\"aligncenter size-large wp-image-155822\" src=\"https:\/\/sandzakpress.net\/arhiva\/wp-content\/uploads\/2016\/02\/12782388_10208354796368928_1956237635_n-616x625.jpg\" alt=\"12782388_10208354796368928_1956237635_n\" width=\"600\" height=\"609\" srcset=\"https:\/\/sandzakpress.net\/arhiva\/wp-content\/uploads\/2016\/02\/12782388_10208354796368928_1956237635_n-616x625.jpg 616w, https:\/\/sandzakpress.net\/arhiva\/wp-content\/uploads\/2016\/02\/12782388_10208354796368928_1956237635_n-768x779.jpg 768w, https:\/\/sandzakpress.net\/arhiva\/wp-content\/uploads\/2016\/02\/12782388_10208354796368928_1956237635_n-90x90.jpg 90w, https:\/\/sandzakpress.net\/arhiva\/wp-content\/uploads\/2016\/02\/12782388_10208354796368928_1956237635_n.jpg 946w\" sizes=\"(max-width: 600px) 100vw, 600px\" \/><\/p>\n<p style=\"text-align: center;\"><strong>Edita Ramovi\u0107 &#8211; medicinska sestra\u00a0<\/strong><\/p>\n<p><img loading=\"lazy\" decoding=\"async\" class=\"aligncenter size-large wp-image-155823\" src=\"https:\/\/sandzakpress.net\/arhiva\/wp-content\/uploads\/2016\/02\/12784404_10208354799849015_1009378793_n-616x863.jpg\" alt=\"12784404_10208354799849015_1009378793_n\" width=\"600\" height=\"841\" srcset=\"https:\/\/sandzakpress.net\/arhiva\/wp-content\/uploads\/2016\/02\/12784404_10208354799849015_1009378793_n-616x863.jpg 616w, https:\/\/sandzakpress.net\/arhiva\/wp-content\/uploads\/2016\/02\/12784404_10208354799849015_1009378793_n.jpg 685w\" sizes=\"(max-width: 600px) 100vw, 600px\" \/><\/p>\n<p>&nbsp;<\/p>\n<p><img loading=\"lazy\" decoding=\"async\" class=\"aligncenter size-large wp-image-155824\" src=\"https:\/\/sandzakpress.net\/arhiva\/wp-content\/uploads\/2016\/02\/12767707_10208354802729087_961356672_n-616x729.jpg\" alt=\"12767707_10208354802729087_961356672_n\" width=\"600\" height=\"710\" srcset=\"https:\/\/sandzakpress.net\/arhiva\/wp-content\/uploads\/2016\/02\/12767707_10208354802729087_961356672_n-616x729.jpg 616w, https:\/\/sandzakpress.net\/arhiva\/wp-content\/uploads\/2016\/02\/12767707_10208354802729087_961356672_n-768x909.jpg 768w, https:\/\/sandzakpress.net\/arhiva\/wp-content\/uploads\/2016\/02\/12767707_10208354802729087_961356672_n.jpg 811w\" sizes=\"(max-width: 600px) 100vw, 600px\" \/><\/p>\n<p style=\"text-align: center;\"><span style=\"text-decoration: underline;\"><strong>Melda Lu\u010dak &#8211; sa prijemne ambulante<\/strong><\/span><\/p>\n","protected":false},"excerpt":{"rendered":"<p>djevojka sa pristupnicom Sand\u017ea\u010dke narodne partije u ruci je Vuki\u010devi\u0107 Tijana primljena u radni odnos u maju mjesecu 12.05.2015. na neodre\u0111eno vrijeme . Kako nas obavje\u0161tavaju izvori iz Op\u0161te bolnice u Novom Pazaru, Ljaji\u0107 je najvi\u0161e zamjerio Mirsadu \u0110erleku to \u0161to koristi kadar bolnice za svoje potrebe, umjesto potrebe Ljaji\u0107a i zajedni\u010dke koalicije.Ve\u0107inu mladih uposlenika [&hellip;]<\/p>\n","protected":false},"author":83,"featured_media":155825,"comment_status":"open","ping_status":"open","sticky":false,"template":"","format":"standard","meta":{"footnotes":""},"categories":[72,1,8957],"tags":[],"class_list":{"0":"post-155812","1":"post","2":"type-post","3":"status-publish","4":"format-standard","5":"has-post-thumbnail","7":"category-novi-pazar","8":"category-politika","9":"category-vijesti-dana"},"yoast_head":"<!-- This site is optimized with the Yoast SEO Premium plugin v23.1 (Yoast SEO v24.9) - https:\/\/yoast.com\/wordpress\/plugins\/seo\/ -->\n<title>Ljaji\u0107 protiv \u0110erleka jer radnike bolnice koristi za SNP, umjesto za SDP-a<\/title>\n<meta name=\"robots\" content=\"index, follow, max-snippet:-1, max-image-preview:large, max-video-preview:-1\" \/>\n<link rel=\"canonical\" href=\"https:\/\/sandzakpress.net\/arhiva\/ljajic-protiv-derleka-jer-radnike-bolnice-koristi-za-snp-umjesto-za-sdp-a\/\" \/>\n<meta property=\"og:locale\" content=\"bs_BA\" \/>\n<meta property=\"og:type\" content=\"article\" \/>\n<meta property=\"og:title\" content=\"Ljaji\u0107 protiv \u0110erleka jer radnike bolnice koristi za SNP, umjesto za SDP-a\" \/>\n<meta property=\"og:description\" content=\"djevojka sa pristupnicom Sand\u017ea\u010dke narodne partije u ruci je Vuki\u010devi\u0107 Tijana primljena u radni odnos u maju mjesecu 12.05.2015. na neodre\u0111eno vrijeme . Kako nas obavje\u0161tavaju izvori iz Op\u0161te bolnice u Novom Pazaru, Ljaji\u0107 je najvi\u0161e zamjerio Mirsadu \u0110erleku to \u0161to koristi kadar bolnice za svoje potrebe, umjesto potrebe Ljaji\u0107a i zajedni\u010dke koalicije.Ve\u0107inu mladih uposlenika [&hellip;]\" \/>\n<meta property=\"og:url\" content=\"https:\/\/sandzakpress.net\/arhiva\/ljajic-protiv-derleka-jer-radnike-bolnice-koristi-za-snp-umjesto-za-sdp-a\/\" \/>\n<meta property=\"og:site_name\" content=\"Sand\u017eak PRESS\" \/>\n<meta property=\"article:published_time\" content=\"2016-02-27T11:24:53+00:00\" \/>\n<meta property=\"article:modified_time\" content=\"2016-02-27T12:36:50+00:00\" \/>\n<meta property=\"og:image\" content=\"https:\/\/sandzakpress.net\/arhiva\/wp-content\/uploads\/2016\/02\/10425569_10208354832449830_1116267263_n-616x831-1.jpg\" \/>\n\t<meta property=\"og:image:width\" content=\"616\" \/>\n\t<meta property=\"og:image:height\" content=\"831\" \/>\n\t<meta property=\"og:image:type\" content=\"image\/jpeg\" \/>\n<meta name=\"author\" content=\"bosniak\" \/>\n<meta name=\"twitter:card\" content=\"summary_large_image\" \/>\n<meta name=\"twitter:label1\" content=\"Written by\" \/>\n\t<meta name=\"twitter:data1\" content=\"bosniak\" \/>\n\t<meta name=\"twitter:label2\" content=\"Est. reading time\" \/>\n\t<meta name=\"twitter:data2\" content=\"1 minuta\" \/>\n<script type=\"application\/ld+json\" class=\"yoast-schema-graph\">{\"@context\":\"https:\/\/schema.org\",\"@graph\":[{\"@type\":\"Article\",\"@id\":\"https:\/\/sandzakpress.net\/arhiva\/ljajic-protiv-derleka-jer-radnike-bolnice-koristi-za-snp-umjesto-za-sdp-a\/#article\",\"isPartOf\":{\"@id\":\"https:\/\/sandzakpress.net\/arhiva\/ljajic-protiv-derleka-jer-radnike-bolnice-koristi-za-snp-umjesto-za-sdp-a\/\"},\"author\":{\"name\":\"bosniak\",\"@id\":\"https:\/\/sandzakpress.net\/arhiva\/#\/schema\/person\/c8baee722073534b583ea7bdb2e36c02\"},\"headline\":\"Ljaji\u0107 protiv \u0110erleka jer radnike bolnice koristi za SNP, umjesto za SDP-a\",\"datePublished\":\"2016-02-27T11:24:53+00:00\",\"dateModified\":\"2016-02-27T12:36:50+00:00\",\"mainEntityOfPage\":{\"@id\":\"https:\/\/sandzakpress.net\/arhiva\/ljajic-protiv-derleka-jer-radnike-bolnice-koristi-za-snp-umjesto-za-sdp-a\/\"},\"wordCount\":197,\"commentCount\":18,\"publisher\":{\"@id\":\"https:\/\/sandzakpress.net\/arhiva\/#\/schema\/person\/6e72b67d6e51910a1117b3b483ba20bd\"},\"image\":{\"@id\":\"https:\/\/sandzakpress.net\/arhiva\/ljajic-protiv-derleka-jer-radnike-bolnice-koristi-za-snp-umjesto-za-sdp-a\/#primaryimage\"},\"thumbnailUrl\":\"https:\/\/sandzakpress.net\/arhiva\/wp-content\/uploads\/2016\/02\/10425569_10208354832449830_1116267263_n-616x831-1.jpg\",\"articleSection\":[\"Novi Pazar\",\"Politika\",\"VIJESTI DANA\"],\"inLanguage\":\"bs-BA\",\"potentialAction\":[{\"@type\":\"CommentAction\",\"name\":\"Comment\",\"target\":[\"https:\/\/sandzakpress.net\/arhiva\/ljajic-protiv-derleka-jer-radnike-bolnice-koristi-za-snp-umjesto-za-sdp-a\/#respond\"]}]},{\"@type\":\"WebPage\",\"@id\":\"https:\/\/sandzakpress.net\/arhiva\/ljajic-protiv-derleka-jer-radnike-bolnice-koristi-za-snp-umjesto-za-sdp-a\/\",\"url\":\"https:\/\/sandzakpress.net\/arhiva\/ljajic-protiv-derleka-jer-radnike-bolnice-koristi-za-snp-umjesto-za-sdp-a\/\",\"name\":\"Ljaji\u0107 protiv \u0110erleka jer radnike bolnice koristi za SNP, umjesto za SDP-a\",\"isPartOf\":{\"@id\":\"https:\/\/sandzakpress.net\/arhiva\/#website\"},\"primaryImageOfPage\":{\"@id\":\"https:\/\/sandzakpress.net\/arhiva\/ljajic-protiv-derleka-jer-radnike-bolnice-koristi-za-snp-umjesto-za-sdp-a\/#primaryimage\"},\"image\":{\"@id\":\"https:\/\/sandzakpress.net\/arhiva\/ljajic-protiv-derleka-jer-radnike-bolnice-koristi-za-snp-umjesto-za-sdp-a\/#primaryimage\"},\"thumbnailUrl\":\"https:\/\/sandzakpress.net\/arhiva\/wp-content\/uploads\/2016\/02\/10425569_10208354832449830_1116267263_n-616x831-1.jpg\",\"datePublished\":\"2016-02-27T11:24:53+00:00\",\"dateModified\":\"2016-02-27T12:36:50+00:00\",\"breadcrumb\":{\"@id\":\"https:\/\/sandzakpress.net\/arhiva\/ljajic-protiv-derleka-jer-radnike-bolnice-koristi-za-snp-umjesto-za-sdp-a\/#breadcrumb\"},\"inLanguage\":\"bs-BA\",\"potentialAction\":[{\"@type\":\"ReadAction\",\"target\":[\"https:\/\/sandzakpress.net\/arhiva\/ljajic-protiv-derleka-jer-radnike-bolnice-koristi-za-snp-umjesto-za-sdp-a\/\"]}]},{\"@type\":\"ImageObject\",\"inLanguage\":\"bs-BA\",\"@id\":\"https:\/\/sandzakpress.net\/arhiva\/ljajic-protiv-derleka-jer-radnike-bolnice-koristi-za-snp-umjesto-za-sdp-a\/#primaryimage\",\"url\":\"https:\/\/sandzakpress.net\/arhiva\/wp-content\/uploads\/2016\/02\/10425569_10208354832449830_1116267263_n-616x831-1.jpg\",\"contentUrl\":\"https:\/\/sandzakpress.net\/arhiva\/wp-content\/uploads\/2016\/02\/10425569_10208354832449830_1116267263_n-616x831-1.jpg\",\"width\":616,\"height\":831},{\"@type\":\"BreadcrumbList\",\"@id\":\"https:\/\/sandzakpress.net\/arhiva\/ljajic-protiv-derleka-jer-radnike-bolnice-koristi-za-snp-umjesto-za-sdp-a\/#breadcrumb\",\"itemListElement\":[{\"@type\":\"ListItem\",\"position\":1,\"name\":\"Home\",\"item\":\"https:\/\/sandzakpress.net\/arhiva\/\"},{\"@type\":\"ListItem\",\"position\":2,\"name\":\"Ljaji\u0107 protiv \u0110erleka jer radnike bolnice koristi za SNP, umjesto za SDP-a\"}]},{\"@type\":\"WebSite\",\"@id\":\"https:\/\/sandzakpress.net\/arhiva\/#website\",\"url\":\"https:\/\/sandzakpress.net\/arhiva\/\",\"name\":\"Sand\u017eak PRESS\",\"description\":\"Prve elektronske novine u Sand\u017eaku\",\"publisher\":{\"@id\":\"https:\/\/sandzakpress.net\/arhiva\/#\/schema\/person\/6e72b67d6e51910a1117b3b483ba20bd\"},\"potentialAction\":[{\"@type\":\"SearchAction\",\"target\":{\"@type\":\"EntryPoint\",\"urlTemplate\":\"https:\/\/sandzakpress.net\/arhiva\/?s={search_term_string}\"},\"query-input\":{\"@type\":\"PropertyValueSpecification\",\"valueRequired\":true,\"valueName\":\"search_term_string\"}}],\"inLanguage\":\"bs-BA\"},{\"@type\":[\"Person\",\"Organization\"],\"@id\":\"https:\/\/sandzakpress.net\/arhiva\/#\/schema\/person\/6e72b67d6e51910a1117b3b483ba20bd\",\"name\":\"Kul\",\"image\":{\"@type\":\"ImageObject\",\"inLanguage\":\"bs-BA\",\"@id\":\"https:\/\/sandzakpress.net\/arhiva\/#\/schema\/person\/image\/\",\"url\":\"https:\/\/secure.gravatar.com\/avatar\/42263f39aa27ac04c43cab85c280eb2e?s=96&d=mm&r=pg\",\"contentUrl\":\"https:\/\/secure.gravatar.com\/avatar\/42263f39aa27ac04c43cab85c280eb2e?s=96&d=mm&r=pg\",\"caption\":\"Kul\"},\"logo\":{\"@id\":\"https:\/\/sandzakpress.net\/arhiva\/#\/schema\/person\/image\/\"}},{\"@type\":\"Person\",\"@id\":\"https:\/\/sandzakpress.net\/arhiva\/#\/schema\/person\/c8baee722073534b583ea7bdb2e36c02\",\"name\":\"bosniak\",\"image\":{\"@type\":\"ImageObject\",\"inLanguage\":\"bs-BA\",\"@id\":\"https:\/\/sandzakpress.net\/arhiva\/#\/schema\/person\/image\/\",\"url\":\"https:\/\/secure.gravatar.com\/avatar\/a04fd330bfe3a36a72a0ad4a6d89fca7?s=96&d=mm&r=pg\",\"contentUrl\":\"https:\/\/secure.gravatar.com\/avatar\/a04fd330bfe3a36a72a0ad4a6d89fca7?s=96&d=mm&r=pg\",\"caption\":\"bosniak\"},\"url\":\"https:\/\/sandzakpress.net\/arhiva\/author\/bosniak\/\"}]}<\/script>\n<!-- \/ Yoast SEO Premium plugin. -->","yoast_head_json":{"title":"Ljaji\u0107 protiv \u0110erleka jer radnike bolnice koristi za SNP, umjesto za SDP-a","robots":{"index":"index","follow":"follow","max-snippet":"max-snippet:-1","max-image-preview":"max-image-preview:large","max-video-preview":"max-video-preview:-1"},"canonical":"https:\/\/sandzakpress.net\/arhiva\/ljajic-protiv-derleka-jer-radnike-bolnice-koristi-za-snp-umjesto-za-sdp-a\/","og_locale":"bs_BA","og_type":"article","og_title":"Ljaji\u0107 protiv \u0110erleka jer radnike bolnice koristi za SNP, umjesto za SDP-a","og_description":"djevojka sa pristupnicom Sand\u017ea\u010dke narodne partije u ruci je Vuki\u010devi\u0107 Tijana primljena u radni odnos u maju mjesecu 12.05.2015. na neodre\u0111eno vrijeme . Kako nas obavje\u0161tavaju izvori iz Op\u0161te bolnice u Novom Pazaru, Ljaji\u0107 je najvi\u0161e zamjerio Mirsadu \u0110erleku to \u0161to koristi kadar bolnice za svoje potrebe, umjesto potrebe Ljaji\u0107a i zajedni\u010dke koalicije.Ve\u0107inu mladih uposlenika [&hellip;]","og_url":"https:\/\/sandzakpress.net\/arhiva\/ljajic-protiv-derleka-jer-radnike-bolnice-koristi-za-snp-umjesto-za-sdp-a\/","og_site_name":"Sand\u017eak PRESS","article_published_time":"2016-02-27T11:24:53+00:00","article_modified_time":"2016-02-27T12:36:50+00:00","og_image":[{"width":616,"height":831,"url":"https:\/\/sandzakpress.net\/arhiva\/wp-content\/uploads\/2016\/02\/10425569_10208354832449830_1116267263_n-616x831-1.jpg","type":"image\/jpeg"}],"author":"bosniak","twitter_card":"summary_large_image","twitter_misc":{"Written by":"bosniak","Est. reading time":"1 minuta"},"schema":{"@context":"https:\/\/schema.org","@graph":[{"@type":"Article","@id":"https:\/\/sandzakpress.net\/arhiva\/ljajic-protiv-derleka-jer-radnike-bolnice-koristi-za-snp-umjesto-za-sdp-a\/#article","isPartOf":{"@id":"https:\/\/sandzakpress.net\/arhiva\/ljajic-protiv-derleka-jer-radnike-bolnice-koristi-za-snp-umjesto-za-sdp-a\/"},"author":{"name":"bosniak","@id":"https:\/\/sandzakpress.net\/arhiva\/#\/schema\/person\/c8baee722073534b583ea7bdb2e36c02"},"headline":"Ljaji\u0107 protiv \u0110erleka jer radnike bolnice koristi za SNP, umjesto za SDP-a","datePublished":"2016-02-27T11:24:53+00:00","dateModified":"2016-02-27T12:36:50+00:00","mainEntityOfPage":{"@id":"https:\/\/sandzakpress.net\/arhiva\/ljajic-protiv-derleka-jer-radnike-bolnice-koristi-za-snp-umjesto-za-sdp-a\/"},"wordCount":197,"commentCount":18,"publisher":{"@id":"https:\/\/sandzakpress.net\/arhiva\/#\/schema\/person\/6e72b67d6e51910a1117b3b483ba20bd"},"image":{"@id":"https:\/\/sandzakpress.net\/arhiva\/ljajic-protiv-derleka-jer-radnike-bolnice-koristi-za-snp-umjesto-za-sdp-a\/#primaryimage"},"thumbnailUrl":"https:\/\/sandzakpress.net\/arhiva\/wp-content\/uploads\/2016\/02\/10425569_10208354832449830_1116267263_n-616x831-1.jpg","articleSection":["Novi Pazar","Politika","VIJESTI DANA"],"inLanguage":"bs-BA","potentialAction":[{"@type":"CommentAction","name":"Comment","target":["https:\/\/sandzakpress.net\/arhiva\/ljajic-protiv-derleka-jer-radnike-bolnice-koristi-za-snp-umjesto-za-sdp-a\/#respond"]}]},{"@type":"WebPage","@id":"https:\/\/sandzakpress.net\/arhiva\/ljajic-protiv-derleka-jer-radnike-bolnice-koristi-za-snp-umjesto-za-sdp-a\/","url":"https:\/\/sandzakpress.net\/arhiva\/ljajic-protiv-derleka-jer-radnike-bolnice-koristi-za-snp-umjesto-za-sdp-a\/","name":"Ljaji\u0107 protiv \u0110erleka jer radnike bolnice koristi za SNP, umjesto za SDP-a","isPartOf":{"@id":"https:\/\/sandzakpress.net\/arhiva\/#website"},"primaryImageOfPage":{"@id":"https:\/\/sandzakpress.net\/arhiva\/ljajic-protiv-derleka-jer-radnike-bolnice-koristi-za-snp-umjesto-za-sdp-a\/#primaryimage"},"image":{"@id":"https:\/\/sandzakpress.net\/arhiva\/ljajic-protiv-derleka-jer-radnike-bolnice-koristi-za-snp-umjesto-za-sdp-a\/#primaryimage"},"thumbnailUrl":"https:\/\/sandzakpress.net\/arhiva\/wp-content\/uploads\/2016\/02\/10425569_10208354832449830_1116267263_n-616x831-1.jpg","datePublished":"2016-02-27T11:24:53+00:00","dateModified":"2016-02-27T12:36:50+00:00","breadcrumb":{"@id":"https:\/\/sandzakpress.net\/arhiva\/ljajic-protiv-derleka-jer-radnike-bolnice-koristi-za-snp-umjesto-za-sdp-a\/#breadcrumb"},"inLanguage":"bs-BA","potentialAction":[{"@type":"ReadAction","target":["https:\/\/sandzakpress.net\/arhiva\/ljajic-protiv-derleka-jer-radnike-bolnice-koristi-za-snp-umjesto-za-sdp-a\/"]}]},{"@type":"ImageObject","inLanguage":"bs-BA","@id":"https:\/\/sandzakpress.net\/arhiva\/ljajic-protiv-derleka-jer-radnike-bolnice-koristi-za-snp-umjesto-za-sdp-a\/#primaryimage","url":"https:\/\/sandzakpress.net\/arhiva\/wp-content\/uploads\/2016\/02\/10425569_10208354832449830_1116267263_n-616x831-1.jpg","contentUrl":"https:\/\/sandzakpress.net\/arhiva\/wp-content\/uploads\/2016\/02\/10425569_10208354832449830_1116267263_n-616x831-1.jpg","width":616,"height":831},{"@type":"BreadcrumbList","@id":"https:\/\/sandzakpress.net\/arhiva\/ljajic-protiv-derleka-jer-radnike-bolnice-koristi-za-snp-umjesto-za-sdp-a\/#breadcrumb","itemListElement":[{"@type":"ListItem","position":1,"name":"Home","item":"https:\/\/sandzakpress.net\/arhiva\/"},{"@type":"ListItem","position":2,"name":"Ljaji\u0107 protiv \u0110erleka jer radnike bolnice koristi za SNP, umjesto za SDP-a"}]},{"@type":"WebSite","@id":"https:\/\/sandzakpress.net\/arhiva\/#website","url":"https:\/\/sandzakpress.net\/arhiva\/","name":"Sand\u017eak PRESS","description":"Prve elektronske novine u Sand\u017eaku","publisher":{"@id":"https:\/\/sandzakpress.net\/arhiva\/#\/schema\/person\/6e72b67d6e51910a1117b3b483ba20bd"},"potentialAction":[{"@type":"SearchAction","target":{"@type":"EntryPoint","urlTemplate":"https:\/\/sandzakpress.net\/arhiva\/?s={search_term_string}"},"query-input":{"@type":"PropertyValueSpecification","valueRequired":true,"valueName":"search_term_string"}}],"inLanguage":"bs-BA"},{"@type":["Person","Organization"],"@id":"https:\/\/sandzakpress.net\/arhiva\/#\/schema\/person\/6e72b67d6e51910a1117b3b483ba20bd","name":"Kul","image":{"@type":"ImageObject","inLanguage":"bs-BA","@id":"https:\/\/sandzakpress.net\/arhiva\/#\/schema\/person\/image\/","url":"https:\/\/secure.gravatar.com\/avatar\/42263f39aa27ac04c43cab85c280eb2e?s=96&d=mm&r=pg","contentUrl":"https:\/\/secure.gravatar.com\/avatar\/42263f39aa27ac04c43cab85c280eb2e?s=96&d=mm&r=pg","caption":"Kul"},"logo":{"@id":"https:\/\/sandzakpress.net\/arhiva\/#\/schema\/person\/image\/"}},{"@type":"Person","@id":"https:\/\/sandzakpress.net\/arhiva\/#\/schema\/person\/c8baee722073534b583ea7bdb2e36c02","name":"bosniak","image":{"@type":"ImageObject","inLanguage":"bs-BA","@id":"https:\/\/sandzakpress.net\/arhiva\/#\/schema\/person\/image\/","url":"https:\/\/secure.gravatar.com\/avatar\/a04fd330bfe3a36a72a0ad4a6d89fca7?s=96&d=mm&r=pg","contentUrl":"https:\/\/secure.gravatar.com\/avatar\/a04fd330bfe3a36a72a0ad4a6d89fca7?s=96&d=mm&r=pg","caption":"bosniak"},"url":"https:\/\/sandzakpress.net\/arhiva\/author\/bosniak\/"}]}},"_links":{"self":[{"href":"https:\/\/sandzakpress.net\/arhiva\/wp-json\/wp\/v2\/posts\/155812"}],"collection":[{"href":"https:\/\/sandzakpress.net\/arhiva\/wp-json\/wp\/v2\/posts"}],"about":[{"href":"https:\/\/sandzakpress.net\/arhiva\/wp-json\/wp\/v2\/types\/post"}],"author":[{"embeddable":true,"href":"https:\/\/sandzakpress.net\/arhiva\/wp-json\/wp\/v2\/users\/83"}],"replies":[{"embeddable":true,"href":"https:\/\/sandzakpress.net\/arhiva\/wp-json\/wp\/v2\/comments?post=155812"}],"version-history":[{"count":0,"href":"https:\/\/sandzakpress.net\/arhiva\/wp-json\/wp\/v2\/posts\/155812\/revisions"}],"wp:featuredmedia":[{"embeddable":true,"href":"https:\/\/sandzakpress.net\/arhiva\/wp-json\/wp\/v2\/media\/155825"}],"wp:attachment":[{"href":"https:\/\/sandzakpress.net\/arhiva\/wp-json\/wp\/v2\/media?parent=155812"}],"wp:term":[{"taxonomy":"category","embeddable":true,"href":"https:\/\/sandzakpress.net\/arhiva\/wp-json\/wp\/v2\/categories?post=155812"},{"taxonomy":"post_tag","embeddable":true,"href":"https:\/\/sandzakpress.net\/arhiva\/wp-json\/wp\/v2\/tags?post=155812"}],"curies":[{"name":"wp","href":"https:\/\/api.w.org\/{rel}","templated":true}]}}