{"id":15576,"date":"2011-04-29T14:00:53","date_gmt":"2011-04-29T12:00:53","guid":{"rendered":"https:\/\/sandzakpress.net\/arhiva\/?p=15576"},"modified":"2011-05-01T12:26:40","modified_gmt":"2011-05-01T10:26:40","slug":"dino-merlin-navijam-za-srbiju","status":"publish","type":"post","link":"https:\/\/sandzakpress.net\/arhiva\/dino-merlin-navijam-za-srbiju\/","title":{"rendered":"Dino Merlin: Navijam za Srbiju"},"content":{"rendered":"<p><strong><a href=\"https:\/\/sandzakpress.net\/arhiva\/wp-content\/uploads\/2011\/04\/58386.jpg\"><img loading=\"lazy\" decoding=\"async\" class=\"alignleft size-thumbnail wp-image-15580\" src=\"https:\/\/sandzakpress.net\/arhiva\/wp-content\/uploads\/2011\/04\/58386-150x150.jpg\" alt=\"\" width=\"150\" height=\"150\" srcset=\"https:\/\/sandzakpress.net\/arhiva\/wp-content\/uploads\/2011\/04\/58386-150x150.jpg 150w, https:\/\/sandzakpress.net\/arhiva\/wp-content\/uploads\/2011\/04\/58386-90x90.jpg 90w, https:\/\/sandzakpress.net\/arhiva\/wp-content\/uploads\/2011\/04\/58386-380x380.jpg 380w, https:\/\/sandzakpress.net\/arhiva\/wp-content\/uploads\/2011\/04\/58386-125x125.jpg 125w\" sizes=\"(max-width: 150px) 100vw, 150px\" \/><\/a>Sand\u017eak Show &#8211; Ovogodi\u0161nji predstavnik Bosne i Hercegovine na Eurosongu Dino Merlin otvorio je du\u0161u za Kurir. Sarajevski  pjeva\u010d u ekskluzivnom intervjuu govori o svojim o\u010dekivanjima od  predstoje\u0107e Eurovizije, na\u0161oj predstavnici Nini Radoj\u010di\u0107, ali i  planovima za veliki beogradski koncert.<\/strong><\/p>\n<p><strong>* &#8220;Love in Rewind&#8221; (Ljubav unazad) &#8211; kakvu simboliku nosi ovaj naziv?<\/strong><br \/>\n&#8211; Nikad nije kasno da ljubav premotamo unazad i ponovo pritisnemo &#8220;plej&#8221;. Ljudima se doga\u0111a, pogotovo u mojim godinama, da njihove ljubavi, brak i odnosi s bliskim ljudima zapadnu u tzv. administrativnu fazu. Tada \u010dovjek treba da ponovo o\u017eivi najljep\u0161e momente!<br \/>\n<strong><br \/>\n* Kako ste prelomili da se pojavite na Euroviziji? Znamo da vas je bilo te\u0161ko uvjerili prvi put, kad ste pjevali u Izraelu?<\/strong><br \/>\n&#8211; Te\u0161ko me uvjeravaju i u druge stvari, ali kad prelomim, idem do kraja. Godinama  su trajali pregovori s direkcijom Evrosonga BiH, i svaki put sam ne  samo odbijao u\u010de\u0161\u0107e nego i skretao pa\u017enju na druge umjetnike. Za  to \u0161to sam ove godine pristao, &#8220;kriva&#8221; je pjesma &#8220;Love in Rewind&#8221;, koja  je ve\u0107 drugi dan nakon premijere bila najgledaniji glazbeni video u  svijetu i gdje god da je izvedem, ljudi je prihva\u0107aju. Ima li ve\u0107e satisfakcije za autora?<br \/>\n<strong><br \/>\n* U Skoplju ste poru\u010dili kom\u0161ijama da ne glasaju za vas kako bi se izbjegle politi\u010dke prozivke. Da li i pored toga pri\u017eeljkujete &#8220;dvanaestice&#8221; od susjeda?<\/strong><br \/>\n&#8211; Rekao sam: ne glasajte za mene zato \u0161to sam susjeda, nego zato \u0161to vam se svi\u0111a pjesma! Pri\u017eeljkujem &#8220;dvanaestice&#8221;, ali samo one koje su zaslu\u017eene, a ne na kredit.<br \/>\n<strong><br \/>\n* O\u010dekujete li trijumf u D\u00fcsseldorfu?<\/strong><br \/>\n&#8211; To je svrha natjecanja &#8211; pokazati da si \u0161to bolji. Ali, ne dozvoljavam da me dobre prognoze u\u010dine nespremnim za promjenu kursa vjetra. Uvijek sam na sceni davao maksimum, tako \u0107e biti i ovaj put, a sve ostalo \u0107e zavisizi od ru\u017ee vjetrova tog 12.maja u polufinalu i, nadam se, 14. maja u finalu Eurosonga.<br \/>\n<strong><br \/>\n* \u0160to poru\u010dujete svojim potencijalnim glasa\u010dima?<\/strong><br \/>\n&#8211; Pogledajte ima li nekoga tko zaslu\u017euje da i vi va\u0161u ljubav premotavati. U\u010dinite taj prvi korak i ulep\u0161ajte sebi \u017eivot koji vam predstoji!<br \/>\n<strong><br \/>\n* \u0160to mislite o ovogodi\u0161njem predstavniku Srbije?<\/strong><br \/>\n&#8211; Nina je, onako nasmijana, pozitivna i puna optimizma, tipi\u010dna predstavnica dobre mlade generacije. Takva je i pjesma, rado se slu\u0161a, a Nina je super pjeva.<\/p>\n<p>Na jesen s Beogra\u0111anima!<\/p>\n<p><strong>* Zbog \u010dega na svojoj Evrosong promo-turneji niste posjetili Beograd?<\/strong><br \/>\n&#8211; Ne \u017eelim Evrovizija bude moja ulaznica u Beograd na mala vrata. Publika u Srbiji zaslu\u017euje vi\u0161e jer dolazim prvi put nakon 20 godina. U  mojim dugoro\u010dnim planovima bio je veliki koncert u Beogradu ovoga  prolje\u0107a, ali Evrosong se ugurao preko reda, tako da je koncert pomaknut  za jesen.<\/p>\n<p>Izvor: <strong>Kurir-Info.rs<\/strong><\/p>\n","protected":false},"excerpt":{"rendered":"<p>Sand\u017eak Show &#8211; Ovogodi\u0161nji predstavnik Bosne i Hercegovine na Eurosongu Dino Merlin otvorio je du\u0161u za Kurir. Sarajevski pjeva\u010d u ekskluzivnom intervjuu govori o svojim o\u010dekivanjima od predstoje\u0107e Eurovizije, na\u0161oj predstavnici Nini Radoj\u010di\u0107, ali i planovima za veliki beogradski koncert. * &#8220;Love in Rewind&#8221; (Ljubav unazad) &#8211; kakvu simboliku nosi ovaj naziv? &#8211; Nikad nije [&hellip;]<\/p>\n","protected":false},"author":13,"featured_media":15580,"comment_status":"open","ping_status":"open","sticky":false,"template":"","format":"standard","meta":{"footnotes":""},"categories":[2860],"tags":[],"class_list":{"0":"post-15576","1":"post","2":"type-post","3":"status-publish","4":"format-standard","5":"has-post-thumbnail","7":"category-bosna-i-hercegovina-gradovi"},"yoast_head":"<!-- This site is optimized with the Yoast SEO Premium plugin v23.1 (Yoast SEO v24.9) - https:\/\/yoast.com\/wordpress\/plugins\/seo\/ -->\n<title>Dino Merlin: Navijam za Srbiju<\/title>\n<meta name=\"robots\" content=\"index, follow, max-snippet:-1, max-image-preview:large, max-video-preview:-1\" \/>\n<link rel=\"canonical\" href=\"https:\/\/sandzakpress.net\/arhiva\/dino-merlin-navijam-za-srbiju\/\" \/>\n<meta property=\"og:locale\" content=\"bs_BA\" \/>\n<meta property=\"og:type\" content=\"article\" \/>\n<meta property=\"og:title\" content=\"Dino Merlin: Navijam za Srbiju\" \/>\n<meta property=\"og:description\" content=\"Sand\u017eak Show &#8211; Ovogodi\u0161nji predstavnik Bosne i Hercegovine na Eurosongu Dino Merlin otvorio je du\u0161u za Kurir. Sarajevski pjeva\u010d u ekskluzivnom intervjuu govori o svojim o\u010dekivanjima od predstoje\u0107e Eurovizije, na\u0161oj predstavnici Nini Radoj\u010di\u0107, ali i planovima za veliki beogradski koncert. * &#8220;Love in Rewind&#8221; (Ljubav unazad) &#8211; kakvu simboliku nosi ovaj naziv? &#8211; Nikad nije [&hellip;]\" \/>\n<meta property=\"og:url\" content=\"https:\/\/sandzakpress.net\/arhiva\/dino-merlin-navijam-za-srbiju\/\" \/>\n<meta property=\"og:site_name\" content=\"Sand\u017eak PRESS\" \/>\n<meta property=\"article:published_time\" content=\"2011-04-29T12:00:53+00:00\" \/>\n<meta property=\"article:modified_time\" content=\"2011-05-01T10:26:40+00:00\" \/>\n<meta property=\"og:image\" content=\"https:\/\/sandzakpress.net\/arhiva\/wp-content\/uploads\/2011\/04\/58386.jpg\" \/>\n\t<meta property=\"og:image:width\" content=\"616\" \/>\n\t<meta property=\"og:image:height\" content=\"462\" \/>\n\t<meta property=\"og:image:type\" content=\"image\/jpeg\" \/>\n<meta name=\"twitter:card\" content=\"summary_large_image\" \/>\n<meta name=\"twitter:label1\" content=\"Written by\" \/>\n\t<meta name=\"twitter:data1\" content=\"\" \/>\n\t<meta name=\"twitter:label2\" content=\"Est. reading time\" \/>\n\t<meta name=\"twitter:data2\" content=\"2 minute\" \/>\n<script type=\"application\/ld+json\" class=\"yoast-schema-graph\">{\"@context\":\"https:\/\/schema.org\",\"@graph\":[{\"@type\":\"Article\",\"@id\":\"https:\/\/sandzakpress.net\/arhiva\/dino-merlin-navijam-za-srbiju\/#article\",\"isPartOf\":{\"@id\":\"https:\/\/sandzakpress.net\/arhiva\/dino-merlin-navijam-za-srbiju\/\"},\"author\":{\"name\":\"\",\"@id\":\"\"},\"headline\":\"Dino Merlin: Navijam za Srbiju\",\"datePublished\":\"2011-04-29T12:00:53+00:00\",\"dateModified\":\"2011-05-01T10:26:40+00:00\",\"mainEntityOfPage\":{\"@id\":\"https:\/\/sandzakpress.net\/arhiva\/dino-merlin-navijam-za-srbiju\/\"},\"wordCount\":479,\"commentCount\":0,\"publisher\":{\"@id\":\"https:\/\/sandzakpress.net\/arhiva\/#\/schema\/person\/6e72b67d6e51910a1117b3b483ba20bd\"},\"image\":{\"@id\":\"https:\/\/sandzakpress.net\/arhiva\/dino-merlin-navijam-za-srbiju\/#primaryimage\"},\"thumbnailUrl\":\"https:\/\/sandzakpress.net\/arhiva\/wp-content\/uploads\/2011\/04\/58386.jpg\",\"articleSection\":[\"Bosna i Hercegovina\"],\"inLanguage\":\"bs-BA\",\"potentialAction\":[{\"@type\":\"CommentAction\",\"name\":\"Comment\",\"target\":[\"https:\/\/sandzakpress.net\/arhiva\/dino-merlin-navijam-za-srbiju\/#respond\"]}]},{\"@type\":\"WebPage\",\"@id\":\"https:\/\/sandzakpress.net\/arhiva\/dino-merlin-navijam-za-srbiju\/\",\"url\":\"https:\/\/sandzakpress.net\/arhiva\/dino-merlin-navijam-za-srbiju\/\",\"name\":\"Dino Merlin: Navijam za Srbiju\",\"isPartOf\":{\"@id\":\"https:\/\/sandzakpress.net\/arhiva\/#website\"},\"primaryImageOfPage\":{\"@id\":\"https:\/\/sandzakpress.net\/arhiva\/dino-merlin-navijam-za-srbiju\/#primaryimage\"},\"image\":{\"@id\":\"https:\/\/sandzakpress.net\/arhiva\/dino-merlin-navijam-za-srbiju\/#primaryimage\"},\"thumbnailUrl\":\"https:\/\/sandzakpress.net\/arhiva\/wp-content\/uploads\/2011\/04\/58386.jpg\",\"datePublished\":\"2011-04-29T12:00:53+00:00\",\"dateModified\":\"2011-05-01T10:26:40+00:00\",\"breadcrumb\":{\"@id\":\"https:\/\/sandzakpress.net\/arhiva\/dino-merlin-navijam-za-srbiju\/#breadcrumb\"},\"inLanguage\":\"bs-BA\",\"potentialAction\":[{\"@type\":\"ReadAction\",\"target\":[\"https:\/\/sandzakpress.net\/arhiva\/dino-merlin-navijam-za-srbiju\/\"]}]},{\"@type\":\"ImageObject\",\"inLanguage\":\"bs-BA\",\"@id\":\"https:\/\/sandzakpress.net\/arhiva\/dino-merlin-navijam-za-srbiju\/#primaryimage\",\"url\":\"https:\/\/sandzakpress.net\/arhiva\/wp-content\/uploads\/2011\/04\/58386.jpg\",\"contentUrl\":\"https:\/\/sandzakpress.net\/arhiva\/wp-content\/uploads\/2011\/04\/58386.jpg\",\"width\":616,\"height\":462},{\"@type\":\"BreadcrumbList\",\"@id\":\"https:\/\/sandzakpress.net\/arhiva\/dino-merlin-navijam-za-srbiju\/#breadcrumb\",\"itemListElement\":[{\"@type\":\"ListItem\",\"position\":1,\"name\":\"Home\",\"item\":\"https:\/\/sandzakpress.net\/arhiva\/\"},{\"@type\":\"ListItem\",\"position\":2,\"name\":\"Dino Merlin: Navijam za Srbiju\"}]},{\"@type\":\"WebSite\",\"@id\":\"https:\/\/sandzakpress.net\/arhiva\/#website\",\"url\":\"https:\/\/sandzakpress.net\/arhiva\/\",\"name\":\"Sand\u017eak PRESS\",\"description\":\"Prve elektronske novine u Sand\u017eaku\",\"publisher\":{\"@id\":\"https:\/\/sandzakpress.net\/arhiva\/#\/schema\/person\/6e72b67d6e51910a1117b3b483ba20bd\"},\"potentialAction\":[{\"@type\":\"SearchAction\",\"target\":{\"@type\":\"EntryPoint\",\"urlTemplate\":\"https:\/\/sandzakpress.net\/arhiva\/?s={search_term_string}\"},\"query-input\":{\"@type\":\"PropertyValueSpecification\",\"valueRequired\":true,\"valueName\":\"search_term_string\"}}],\"inLanguage\":\"bs-BA\"},{\"@type\":[\"Person\",\"Organization\"],\"@id\":\"https:\/\/sandzakpress.net\/arhiva\/#\/schema\/person\/6e72b67d6e51910a1117b3b483ba20bd\",\"name\":\"Kul\",\"image\":{\"@type\":\"ImageObject\",\"inLanguage\":\"bs-BA\",\"@id\":\"https:\/\/sandzakpress.net\/arhiva\/#\/schema\/person\/image\/\",\"url\":\"https:\/\/secure.gravatar.com\/avatar\/42263f39aa27ac04c43cab85c280eb2e?s=96&d=mm&r=pg\",\"contentUrl\":\"https:\/\/secure.gravatar.com\/avatar\/42263f39aa27ac04c43cab85c280eb2e?s=96&d=mm&r=pg\",\"caption\":\"Kul\"},\"logo\":{\"@id\":\"https:\/\/sandzakpress.net\/arhiva\/#\/schema\/person\/image\/\"}},{\"@type\":\"Person\",\"@id\":\"\",\"url\":\"https:\/\/sandzakpress.net\/arhiva\/author\/\"}]}<\/script>\n<!-- \/ Yoast SEO Premium plugin. -->","yoast_head_json":{"title":"Dino Merlin: Navijam za Srbiju","robots":{"index":"index","follow":"follow","max-snippet":"max-snippet:-1","max-image-preview":"max-image-preview:large","max-video-preview":"max-video-preview:-1"},"canonical":"https:\/\/sandzakpress.net\/arhiva\/dino-merlin-navijam-za-srbiju\/","og_locale":"bs_BA","og_type":"article","og_title":"Dino Merlin: Navijam za Srbiju","og_description":"Sand\u017eak Show &#8211; Ovogodi\u0161nji predstavnik Bosne i Hercegovine na Eurosongu Dino Merlin otvorio je du\u0161u za Kurir. Sarajevski pjeva\u010d u ekskluzivnom intervjuu govori o svojim o\u010dekivanjima od predstoje\u0107e Eurovizije, na\u0161oj predstavnici Nini Radoj\u010di\u0107, ali i planovima za veliki beogradski koncert. * &#8220;Love in Rewind&#8221; (Ljubav unazad) &#8211; kakvu simboliku nosi ovaj naziv? &#8211; Nikad nije [&hellip;]","og_url":"https:\/\/sandzakpress.net\/arhiva\/dino-merlin-navijam-za-srbiju\/","og_site_name":"Sand\u017eak PRESS","article_published_time":"2011-04-29T12:00:53+00:00","article_modified_time":"2011-05-01T10:26:40+00:00","og_image":[{"width":616,"height":462,"url":"https:\/\/sandzakpress.net\/arhiva\/wp-content\/uploads\/2011\/04\/58386.jpg","type":"image\/jpeg"}],"twitter_card":"summary_large_image","twitter_misc":{"Written by":"","Est. reading time":"2 minute"},"schema":{"@context":"https:\/\/schema.org","@graph":[{"@type":"Article","@id":"https:\/\/sandzakpress.net\/arhiva\/dino-merlin-navijam-za-srbiju\/#article","isPartOf":{"@id":"https:\/\/sandzakpress.net\/arhiva\/dino-merlin-navijam-za-srbiju\/"},"author":{"name":"","@id":""},"headline":"Dino Merlin: Navijam za Srbiju","datePublished":"2011-04-29T12:00:53+00:00","dateModified":"2011-05-01T10:26:40+00:00","mainEntityOfPage":{"@id":"https:\/\/sandzakpress.net\/arhiva\/dino-merlin-navijam-za-srbiju\/"},"wordCount":479,"commentCount":0,"publisher":{"@id":"https:\/\/sandzakpress.net\/arhiva\/#\/schema\/person\/6e72b67d6e51910a1117b3b483ba20bd"},"image":{"@id":"https:\/\/sandzakpress.net\/arhiva\/dino-merlin-navijam-za-srbiju\/#primaryimage"},"thumbnailUrl":"https:\/\/sandzakpress.net\/arhiva\/wp-content\/uploads\/2011\/04\/58386.jpg","articleSection":["Bosna i Hercegovina"],"inLanguage":"bs-BA","potentialAction":[{"@type":"CommentAction","name":"Comment","target":["https:\/\/sandzakpress.net\/arhiva\/dino-merlin-navijam-za-srbiju\/#respond"]}]},{"@type":"WebPage","@id":"https:\/\/sandzakpress.net\/arhiva\/dino-merlin-navijam-za-srbiju\/","url":"https:\/\/sandzakpress.net\/arhiva\/dino-merlin-navijam-za-srbiju\/","name":"Dino Merlin: Navijam za Srbiju","isPartOf":{"@id":"https:\/\/sandzakpress.net\/arhiva\/#website"},"primaryImageOfPage":{"@id":"https:\/\/sandzakpress.net\/arhiva\/dino-merlin-navijam-za-srbiju\/#primaryimage"},"image":{"@id":"https:\/\/sandzakpress.net\/arhiva\/dino-merlin-navijam-za-srbiju\/#primaryimage"},"thumbnailUrl":"https:\/\/sandzakpress.net\/arhiva\/wp-content\/uploads\/2011\/04\/58386.jpg","datePublished":"2011-04-29T12:00:53+00:00","dateModified":"2011-05-01T10:26:40+00:00","breadcrumb":{"@id":"https:\/\/sandzakpress.net\/arhiva\/dino-merlin-navijam-za-srbiju\/#breadcrumb"},"inLanguage":"bs-BA","potentialAction":[{"@type":"ReadAction","target":["https:\/\/sandzakpress.net\/arhiva\/dino-merlin-navijam-za-srbiju\/"]}]},{"@type":"ImageObject","inLanguage":"bs-BA","@id":"https:\/\/sandzakpress.net\/arhiva\/dino-merlin-navijam-za-srbiju\/#primaryimage","url":"https:\/\/sandzakpress.net\/arhiva\/wp-content\/uploads\/2011\/04\/58386.jpg","contentUrl":"https:\/\/sandzakpress.net\/arhiva\/wp-content\/uploads\/2011\/04\/58386.jpg","width":616,"height":462},{"@type":"BreadcrumbList","@id":"https:\/\/sandzakpress.net\/arhiva\/dino-merlin-navijam-za-srbiju\/#breadcrumb","itemListElement":[{"@type":"ListItem","position":1,"name":"Home","item":"https:\/\/sandzakpress.net\/arhiva\/"},{"@type":"ListItem","position":2,"name":"Dino Merlin: Navijam za Srbiju"}]},{"@type":"WebSite","@id":"https:\/\/sandzakpress.net\/arhiva\/#website","url":"https:\/\/sandzakpress.net\/arhiva\/","name":"Sand\u017eak PRESS","description":"Prve elektronske novine u Sand\u017eaku","publisher":{"@id":"https:\/\/sandzakpress.net\/arhiva\/#\/schema\/person\/6e72b67d6e51910a1117b3b483ba20bd"},"potentialAction":[{"@type":"SearchAction","target":{"@type":"EntryPoint","urlTemplate":"https:\/\/sandzakpress.net\/arhiva\/?s={search_term_string}"},"query-input":{"@type":"PropertyValueSpecification","valueRequired":true,"valueName":"search_term_string"}}],"inLanguage":"bs-BA"},{"@type":["Person","Organization"],"@id":"https:\/\/sandzakpress.net\/arhiva\/#\/schema\/person\/6e72b67d6e51910a1117b3b483ba20bd","name":"Kul","image":{"@type":"ImageObject","inLanguage":"bs-BA","@id":"https:\/\/sandzakpress.net\/arhiva\/#\/schema\/person\/image\/","url":"https:\/\/secure.gravatar.com\/avatar\/42263f39aa27ac04c43cab85c280eb2e?s=96&d=mm&r=pg","contentUrl":"https:\/\/secure.gravatar.com\/avatar\/42263f39aa27ac04c43cab85c280eb2e?s=96&d=mm&r=pg","caption":"Kul"},"logo":{"@id":"https:\/\/sandzakpress.net\/arhiva\/#\/schema\/person\/image\/"}},{"@type":"Person","@id":"","url":"https:\/\/sandzakpress.net\/arhiva\/author\/"}]}},"_links":{"self":[{"href":"https:\/\/sandzakpress.net\/arhiva\/wp-json\/wp\/v2\/posts\/15576"}],"collection":[{"href":"https:\/\/sandzakpress.net\/arhiva\/wp-json\/wp\/v2\/posts"}],"about":[{"href":"https:\/\/sandzakpress.net\/arhiva\/wp-json\/wp\/v2\/types\/post"}],"author":[{"embeddable":true,"href":"https:\/\/sandzakpress.net\/arhiva\/wp-json\/wp\/v2\/users\/13"}],"replies":[{"embeddable":true,"href":"https:\/\/sandzakpress.net\/arhiva\/wp-json\/wp\/v2\/comments?post=15576"}],"version-history":[{"count":0,"href":"https:\/\/sandzakpress.net\/arhiva\/wp-json\/wp\/v2\/posts\/15576\/revisions"}],"wp:featuredmedia":[{"embeddable":true,"href":"https:\/\/sandzakpress.net\/arhiva\/wp-json\/wp\/v2\/media\/15580"}],"wp:attachment":[{"href":"https:\/\/sandzakpress.net\/arhiva\/wp-json\/wp\/v2\/media?parent=15576"}],"wp:term":[{"taxonomy":"category","embeddable":true,"href":"https:\/\/sandzakpress.net\/arhiva\/wp-json\/wp\/v2\/categories?post=15576"},{"taxonomy":"post_tag","embeddable":true,"href":"https:\/\/sandzakpress.net\/arhiva\/wp-json\/wp\/v2\/tags?post=15576"}],"curies":[{"name":"wp","href":"https:\/\/api.w.org\/{rel}","templated":true}]}}