{"id":15572,"date":"2011-04-29T14:00:18","date_gmt":"2011-04-29T12:00:18","guid":{"rendered":"https:\/\/sandzakpress.net\/arhiva\/?p=15572"},"modified":"2011-04-29T14:07:42","modified_gmt":"2011-04-29T12:07:42","slug":"saliveni-zlocinac","status":"publish","type":"post","link":"https:\/\/sandzakpress.net\/arhiva\/saliveni-zlocinac\/","title":{"rendered":"Saliveni zlo\u010dinac"},"content":{"rendered":"<p style=\"text-align: center;\"><a href=\"https:\/\/sandzakpress.net\/arhiva\/wp-content\/uploads\/2011\/04\/Vuk_Kalait-fotos_sa_otvaranja-Filaret_prska_vodicom.jpg\"><\/a><a href=\"https:\/\/sandzakpress.net\/arhiva\/wp-content\/uploads\/2011\/04\/Vuk_Kalait-fotos_sa_otvaranja-Filaret_prska_vodicom1.jpg\"><img loading=\"lazy\" decoding=\"async\" class=\"aligncenter size-full wp-image-15579\" title=\"Vuk_Kalait-fotos_sa_otvaranja-Filaret_prska_vodicom\" src=\"https:\/\/sandzakpress.net\/arhiva\/wp-content\/uploads\/2011\/04\/Vuk_Kalait-fotos_sa_otvaranja-Filaret_prska_vodicom1.jpg\" alt=\"\" width=\"616\" height=\"474\" \/><\/a><\/p>\n<p><strong>&#8220;sand\u017eak&#8221; &#8211; \u0160titkovo je rodno selo Vuka Kalaitovi\u0107a Kalaita ili Kal\u010da kako su ga nazivali. Spomenik koji je podignut od strane trojice ljudi, uz saglasnost op\u0107inske uprave u Novoj Varo\u0161i, navodi na razmi\u0161ljanje stanovni\u0161tvo Limske doline, ali i Sand\u017eaka, uzimaju\u0107i u obzir mjesto na kojem je gore navedeni djelovao. Zapravo, podizanje spomenika tjera ne samo Bo\u0161njake ve\u0107 i ostalo stanovni\u0161tvo Sand\u017eaka na razmi\u0161ljanje da li je to do\u0161lo vrijeme da se u okviru zakona i pravde veli\u010da i slavi zlikovac i ubica vi\u0161e hiljada Bo\u0161njaka i drugog nedu\u017enog \u017eivlja.<\/strong><\/p>\n<p>Postavlja se pitanje da li je ovaj spomenik namijenjen kao veli\u010danje zlikovca da podsje\u0107a na njega ili je pokazatelj o onima koji su ga sa\u010dinili i koji su mu hvalospjeve upu\u0107ivali u duhu \u010detni\u010dke izreke Za kralja i otad\u017ebinu!<br \/>\nZa\u010detnici i realizatori ideje o podizanju spomenika \u010detni\u010dkom vo\u0111i Vuku Kalaitu su preduzetnici Vojin Vu\u010di\u0107evi\u0107, Rajko Dobrosavljevi\u0107 i Radi\u0161a Toma\u0161evi\u0107. Vojin Vu\u010di\u0107evi\u0107 je predsjednik Fondacije \u201cStara Ra\u0161ka\u201d.<br \/>\nU izjavama nekih od inicijatora ove ideje o podizanju spomenika \u010detni\u010dkom vo\u0111i stoji: \u201cKrajputa\u0161 podi\u017eemo potomku knezova Ra\u0161kovi\u0107a, oficiru odanom kralju i otad\u017ebini, komandantu Mile\u0161evskog \u010detni\u010dkog korpusa. Za bistu na mermernoj plo\u010di na Vukovoj djedovini imamo saglasnost porodice i potomaka, a u op\u0161tini Nova Varo\u0161 su nam rekli da nam gra\u0111evinska dozvola nije potrebna.\u201d Spomenik je posvetio slu\u017ebenik SPC episkop mile\u0161evski vladika Filaret.<br \/>\nNa izjave finansijera, odgovaraju iz SUBNOR-a:<\/p>\n<blockquote><p><strong>\u201eSmatramo da je ova inicijativa neprihvatljiva i tome u prilog iznosimo vjerodostojne historijske podatke sa kojima raspola\u017eemo, kao \u0161to su oni da je, izme\u0111u ostalog, pored zlo\u010dina po\u010dinjenih u novovaro\u0161kom kraju, Vuk Kalaitovi\u0107, poznat po brutalnim i bestijalnim ubistvima, ostao upam\u0107en i po \u2018\u010di\u0161\u0107enju\u2019 terena i zlo\u010dinima nad mahom bo\u0161nja\u010dkim \u017eivljem na prostorima op\u0161tina Priboj, Rudo, Vi\u0161egrad, \u010cajni\u010de i Gora\u017ede. Po nekim podacima, od \u010detni\u010dkog no\u017ea je tada stradalo oko 1200 civila (mahom Bo\u0161njaka).\u201d \u2013 isti\u010du novovaro\u0161ki borci.<\/strong><\/p><\/blockquote>\n<p>Reagirao je i u\u010desnik NOR-a Diko Pejatovi\u0107, nosilac partizanske spomenice 1941, koji pita trojicu Beogra\u0111ana da li je podizanje spomenika \u010detni\u010dkom vojvodi njihov doprinos rasplamsavanju vatre na podru\u010dju Sand\u017eaka.<br \/>\nKako ga opisuju i \u0161ta o njemu govore u\u010desnici Drugog svjetskog rata na prostoru Zalatrskog okruga, Prijepolja, Priboja i Pljevalja? U knjizi Zlatarska gerila Dobrislava Dr\u010deli\u0107a stoji:<\/p>\n<blockquote><p><strong>Kalait je bio primer zlo\u010dinca kakvog narod ovog kraja nije zapamtio. On je bio rodom iz sela \u0160titkova, srez Zlatarski. Zavr\u0161io je vojnu akademiju pre rata i rat ga je zatekao u \u010dinu aktivnog poru\u010dnika biv\u0161e vojske. Mnoge ugledne ljude koji nisu bili potpuno opredeljeni, Kalait je sa svojim istomi\u0161ljenicima stavljao pod slovo \u201cZ\u201d \u2013 \u0161to je po njihovom zna\u010dilo zaklati&#8230; \u010cetnici su sve radili pod parolom \u201cU ime kralja i otad\u017ebine\u201d kao i zlo\u010dine poput, ubijanja, klanja, silovanja mu\u010denja i ostale.<\/strong><\/p><\/blockquote>\n<p>U knjizi Ratni zlo\u010dini u Jugoslaviji od 1941. do 1945 godine Vladimir \u017dugu\u0107, poratni zamjenik jugoslovenskog dr\u017eavnog tu\u017eioca, prvoborac i ratni na\u010delnik \u0161taba Tre\u0107e proleterske sand\u017ea\u010dke brigade je zapisao o Vuku Kalaitu:<\/p>\n<blockquote><p><strong>Vuk Kalaitovi\u0107 je bio komandant \u010detni\u010dke brigade sa podru\u010dja ranijeg novovaro\u0161kog sreza. Kalaitovi\u0107 \u2013 Kalait je bio poru\u010dnik biv\u0161e jugoslovenske vojske, rodom iz \u0160titkova. On spada u najte\u017ee zlo\u010dince u registru zlo\u010dinaca \u010detni\u010dkog pokreta&#8230; Na prostoru srezova mile\u0161evskog, pljevaljskog, bjelopoljskog i fo\u010danskog terori\u0161e nedu\u017eni \u017eivalj ne biraju\u0107i sredstva mu\u010denja. Prvo batinanjem, a potom klanjem zavodi nevi\u0111eni teror&#8230; Na podru\u010dju Sand\u017eaka, \u010detnici Pavla \u0110uri\u0161i\u0107a i Vuka Kalaitovi\u0107a, kao i drugih kolja\u010dkih starje\u0161ina, izvr\u0161ili su masovna ubistva i stravi\u010dne pokolje muslimanskog \u017eivlja, u selima Pribojskog sreza \u2013 Kasidolima i drugim selima, \u010diji je broj prema\u0161io 2000 \u017ertava \u2013 mu\u0161karaca, \u017eena i djece. Desetine i desetine sela bila su ognjem i ma\u010dem sravnjena i pretvorena u pepeo. Jezivi i stravi\u010dni prizori svjedo\u010dili su o nevi\u0111enoj svireposti izvr\u0161ilaca. Preklana djeca i \u017eene bacani su u oganj zapaljenih ku\u0107a. Djeca su prethodno \u010dere\u010dena, pa tako vje\u0161ana za drvo, a \u017eene, trudnice no\u017eevima rase\u010dane du\u017e trupa, a potom dotucane zajedno sa istisnutim plodom.<\/strong><\/p><\/blockquote>\n<div>\n<dl id=\"attachment_15575\">\n<figure id=\"attachment_15578\" aria-describedby=\"caption-attachment-15578\" style=\"width: 200px\" class=\"wp-caption alignleft\"><a href=\"https:\/\/sandzakpress.net\/arhiva\/wp-content\/uploads\/2011\/04\/filaret.970.jpg\"><img loading=\"lazy\" decoding=\"async\" class=\"size-medium wp-image-15578\" title=\"filaret.970\" src=\"https:\/\/sandzakpress.net\/arhiva\/wp-content\/uploads\/2011\/04\/filaret.970-200x300.jpg\" alt=\"\" width=\"200\" height=\"300\" \/><\/a><figcaption id=\"caption-attachment-15578\" class=\"wp-caption-text\">\u010cetni\u010dki zlo\u010dinac, dana\u0161nji vladika mili\u0161evski Filaret sa genocidnom bratijom<\/figcaption><\/figure>\n<p>U  Prijepoljskom kraju pri\u010daju doga\u0111aj koji se desio pred napad na   Prijepolje kada je Kalait, okupljaju\u0107i svoje \u010detnike, pjevao \u010detni\u010dke   pjesme. Kada je nai\u0161ao hod\u017ea Sulejman Pa\u010dariz, upitao ga je \u201eHo\u0107e\u0161 ti da   pjeva\u0161 ili da ja vadim kand\u017eiju!?\u201c Nakon ovoga se \u010detni\u010dka bulumenta   razasula koje kuda.<\/p>\n<p>A kako o njemu govore oni koji su mu podigli spomenik: Odgovaramo   svima njima da odli\u010dno znamo kome spomenik podi\u017eemo. To \u010dinimo sa   ponosom, izra\u017eavaju\u0107i svoja ose\u0107anja i prire\u0111uju\u0107i sebi ideolo\u0161ko i   duhovno zadovoljstvo. Pismeno smo se obratili op\u0161tini Nova Varo\u0161 sa   pitanjem da li ima prepreka za podizanje spomenika i dobili smo odgovor   da za takvu inicijativu nema posebno propisanih uslova, \u0161to zna\u010di da   ideju mo\u017eemo slobodno sprovesti u delo.<\/p>\n<p>Sje\u0107am se da se o ovome govorilo i da je bilo ogla\u0161avanja na lokalnim   pribojskim, novovaro\u0161kim i prijepoljskim medijima da je Eparhija   mile\u0161evska organizirala prijevoz\u00a0 za proslavu otkrivanja spomenika ovom   \u010dudaku od zlo\u010dinca. A kada se vratimo jo\u0161 malo u nazad, u blisku   pro\u0161lost nalazimo nevjerovatne stvari. Kada je krenula inicijativa za   podizanje spomenika nedu\u017eno otetim u \u0160trpcima \u201893. godine, polemike su   i\u0161le do onih da to pitanje treba ostaviti za nekad kasnije dok se stvari   jo\u0161 ne smire, da op\u0161tine Prijepolje nema ni\u0161ta s tim, da je to sramota   za op\u0107inu i dr\u017eavu Srbiju, do onih koji su bili za spomenik ali negdje  u  \u201ckutu\u201d grada gdje se ne\u0107e vidjeti i gdje ne\u0107e mo\u0107i podsje\u0107ati  gra\u0111ane  na nedu\u017eno ubijene. Podsje\u0107anja radi, dana\u0161nji spomenik otetim u   \u0160trpcima je trebao biti na istoj lokaciji, ali pored Lima, ispod mosta  u  dolini, ali brzom intrevencijom na\u010denika op\u0107ine odre\u0111ena je sada\u0161nja   lokacija. Spomenik Vuku Kalaitu je podignut \u010detiri godine nakon   podizanja spomenika otetim u \u0160trpcima, niko nije rekao da ima veze ali   ko mo\u017ee negirati da nema.<\/p>\n<p><a href=\"https:\/\/sandzakpress.net\/arhiva\/wp-content\/uploads\/2011\/04\/Vuk_Kalaitovic2.jpg\"><img loading=\"lazy\" decoding=\"async\" class=\"alignright size-medium wp-image-15575\" title=\"Vuk_Kalaitovic2\" src=\"https:\/\/sandzakpress.net\/arhiva\/wp-content\/uploads\/2011\/04\/Vuk_Kalaitovic2-300x280.jpg\" alt=\"\" width=\"300\" height=\"280\" \/><\/a>\u0160ta uraditi kada je zakon izjedna\u010dio \u010detnike i partizane, kada je   demokratija pljunula na Tita, daju\u0107i priliku njegovim neprijateljima da   se rehabilitiraju i izjedna\u010de s njim. Ta demokratija je izglasala  zakon. Narodna skup\u0161tina Republike je 21. decembra 2004. izglasala Zakon  o  izjedna\u010davanju prava partizanskih i ravnogorskih boraca, da bi isto   predstavni\u010dko tijelo 17. aprila 2006. izglasalo Zakon o rehabilitaciji,   kojim je pravno omogu\u0107ena politi\u010dka rehabilitacija istaknutih   protagonista kvislin\u0161kih pokreta tokom nacisti\u010dke okupacije. Zakon o   rehabilitaciji kao pravni akt ili ta\u010dnije politi\u010dka deklaracija, u   krajnjoj mjeri ubrzava politi\u010dku rehabilitaciju Dra\u017ee Mihailovi\u0107a kao   najistaknutije li\u010dnosti srpskog kvislin\u0161kog korpusa.<\/p>\n<p>Autor:<strong> Alen. R. Durakovi\u0107<\/strong><\/p>\n<\/dl>\n<\/div>\n","protected":false},"excerpt":{"rendered":"<p>&#8220;sand\u017eak&#8221; &#8211; \u0160titkovo je rodno selo Vuka Kalaitovi\u0107a Kalaita ili Kal\u010da kako su ga nazivali. Spomenik koji je podignut od strane trojice ljudi, uz saglasnost op\u0107inske uprave u Novoj Varo\u0161i, navodi na razmi\u0161ljanje stanovni\u0161tvo Limske doline, ali i Sand\u017eaka, uzimaju\u0107i u obzir mjesto na kojem je gore navedeni djelovao. Zapravo, podizanje spomenika tjera ne samo [&hellip;]<\/p>\n","protected":false},"author":83,"featured_media":15579,"comment_status":"open","ping_status":"open","sticky":false,"template":"","format":"standard","meta":{"footnotes":""},"categories":[392,394],"tags":[],"class_list":{"0":"post-15572","1":"post","2":"type-post","3":"status-publish","4":"format-standard","5":"has-post-thumbnail","7":"category-prijepolje_","8":"category-nova-varos"},"yoast_head":"<!-- This site is optimized with the Yoast SEO Premium plugin v23.1 (Yoast SEO v24.9) - https:\/\/yoast.com\/wordpress\/plugins\/seo\/ -->\n<title>Saliveni zlo\u010dinac<\/title>\n<meta name=\"robots\" content=\"index, follow, max-snippet:-1, max-image-preview:large, max-video-preview:-1\" \/>\n<link rel=\"canonical\" href=\"https:\/\/sandzakpress.net\/arhiva\/saliveni-zlocinac\/\" \/>\n<meta property=\"og:locale\" content=\"bs_BA\" \/>\n<meta property=\"og:type\" content=\"article\" \/>\n<meta property=\"og:title\" content=\"Saliveni zlo\u010dinac\" \/>\n<meta property=\"og:description\" content=\"&#8220;sand\u017eak&#8221; &#8211; \u0160titkovo je rodno selo Vuka Kalaitovi\u0107a Kalaita ili Kal\u010da kako su ga nazivali. Spomenik koji je podignut od strane trojice ljudi, uz saglasnost op\u0107inske uprave u Novoj Varo\u0161i, navodi na razmi\u0161ljanje stanovni\u0161tvo Limske doline, ali i Sand\u017eaka, uzimaju\u0107i u obzir mjesto na kojem je gore navedeni djelovao. Zapravo, podizanje spomenika tjera ne samo [&hellip;]\" \/>\n<meta property=\"og:url\" content=\"https:\/\/sandzakpress.net\/arhiva\/saliveni-zlocinac\/\" \/>\n<meta property=\"og:site_name\" content=\"Sand\u017eak PRESS\" \/>\n<meta property=\"article:published_time\" content=\"2011-04-29T12:00:18+00:00\" \/>\n<meta property=\"article:modified_time\" content=\"2011-04-29T12:07:42+00:00\" \/>\n<meta property=\"og:image\" content=\"https:\/\/sandzakpress.net\/arhiva\/wp-content\/uploads\/2011\/04\/Vuk_Kalait-fotos_sa_otvaranja-Filaret_prska_vodicom1.jpg\" \/>\n\t<meta property=\"og:image:width\" content=\"616\" \/>\n\t<meta property=\"og:image:height\" content=\"474\" \/>\n\t<meta property=\"og:image:type\" content=\"image\/jpeg\" \/>\n<meta name=\"author\" content=\"bosniak\" \/>\n<meta name=\"twitter:card\" content=\"summary_large_image\" \/>\n<meta name=\"twitter:label1\" content=\"Written by\" \/>\n\t<meta name=\"twitter:data1\" content=\"bosniak\" \/>\n\t<meta name=\"twitter:label2\" content=\"Est. reading time\" \/>\n\t<meta name=\"twitter:data2\" content=\"6 minuta\" \/>\n<script type=\"application\/ld+json\" class=\"yoast-schema-graph\">{\"@context\":\"https:\/\/schema.org\",\"@graph\":[{\"@type\":\"Article\",\"@id\":\"https:\/\/sandzakpress.net\/arhiva\/saliveni-zlocinac\/#article\",\"isPartOf\":{\"@id\":\"https:\/\/sandzakpress.net\/arhiva\/saliveni-zlocinac\/\"},\"author\":{\"name\":\"bosniak\",\"@id\":\"https:\/\/sandzakpress.net\/arhiva\/#\/schema\/person\/c8baee722073534b583ea7bdb2e36c02\"},\"headline\":\"Saliveni zlo\u010dinac\",\"datePublished\":\"2011-04-29T12:00:18+00:00\",\"dateModified\":\"2011-04-29T12:07:42+00:00\",\"mainEntityOfPage\":{\"@id\":\"https:\/\/sandzakpress.net\/arhiva\/saliveni-zlocinac\/\"},\"wordCount\":1220,\"commentCount\":10,\"publisher\":{\"@id\":\"https:\/\/sandzakpress.net\/arhiva\/#\/schema\/person\/6e72b67d6e51910a1117b3b483ba20bd\"},\"image\":{\"@id\":\"https:\/\/sandzakpress.net\/arhiva\/saliveni-zlocinac\/#primaryimage\"},\"thumbnailUrl\":\"https:\/\/sandzakpress.net\/arhiva\/wp-content\/uploads\/2011\/04\/Vuk_Kalait-fotos_sa_otvaranja-Filaret_prska_vodicom1.jpg\",\"articleSection\":[\"Prijepolje\",\"Nova Varo\u0161\"],\"inLanguage\":\"bs-BA\",\"potentialAction\":[{\"@type\":\"CommentAction\",\"name\":\"Comment\",\"target\":[\"https:\/\/sandzakpress.net\/arhiva\/saliveni-zlocinac\/#respond\"]}]},{\"@type\":\"WebPage\",\"@id\":\"https:\/\/sandzakpress.net\/arhiva\/saliveni-zlocinac\/\",\"url\":\"https:\/\/sandzakpress.net\/arhiva\/saliveni-zlocinac\/\",\"name\":\"Saliveni zlo\u010dinac\",\"isPartOf\":{\"@id\":\"https:\/\/sandzakpress.net\/arhiva\/#website\"},\"primaryImageOfPage\":{\"@id\":\"https:\/\/sandzakpress.net\/arhiva\/saliveni-zlocinac\/#primaryimage\"},\"image\":{\"@id\":\"https:\/\/sandzakpress.net\/arhiva\/saliveni-zlocinac\/#primaryimage\"},\"thumbnailUrl\":\"https:\/\/sandzakpress.net\/arhiva\/wp-content\/uploads\/2011\/04\/Vuk_Kalait-fotos_sa_otvaranja-Filaret_prska_vodicom1.jpg\",\"datePublished\":\"2011-04-29T12:00:18+00:00\",\"dateModified\":\"2011-04-29T12:07:42+00:00\",\"breadcrumb\":{\"@id\":\"https:\/\/sandzakpress.net\/arhiva\/saliveni-zlocinac\/#breadcrumb\"},\"inLanguage\":\"bs-BA\",\"potentialAction\":[{\"@type\":\"ReadAction\",\"target\":[\"https:\/\/sandzakpress.net\/arhiva\/saliveni-zlocinac\/\"]}]},{\"@type\":\"ImageObject\",\"inLanguage\":\"bs-BA\",\"@id\":\"https:\/\/sandzakpress.net\/arhiva\/saliveni-zlocinac\/#primaryimage\",\"url\":\"https:\/\/sandzakpress.net\/arhiva\/wp-content\/uploads\/2011\/04\/Vuk_Kalait-fotos_sa_otvaranja-Filaret_prska_vodicom1.jpg\",\"contentUrl\":\"https:\/\/sandzakpress.net\/arhiva\/wp-content\/uploads\/2011\/04\/Vuk_Kalait-fotos_sa_otvaranja-Filaret_prska_vodicom1.jpg\",\"width\":616,\"height\":474},{\"@type\":\"BreadcrumbList\",\"@id\":\"https:\/\/sandzakpress.net\/arhiva\/saliveni-zlocinac\/#breadcrumb\",\"itemListElement\":[{\"@type\":\"ListItem\",\"position\":1,\"name\":\"Home\",\"item\":\"https:\/\/sandzakpress.net\/arhiva\/\"},{\"@type\":\"ListItem\",\"position\":2,\"name\":\"Saliveni zlo\u010dinac\"}]},{\"@type\":\"WebSite\",\"@id\":\"https:\/\/sandzakpress.net\/arhiva\/#website\",\"url\":\"https:\/\/sandzakpress.net\/arhiva\/\",\"name\":\"Sand\u017eak PRESS\",\"description\":\"Prve elektronske novine u Sand\u017eaku\",\"publisher\":{\"@id\":\"https:\/\/sandzakpress.net\/arhiva\/#\/schema\/person\/6e72b67d6e51910a1117b3b483ba20bd\"},\"potentialAction\":[{\"@type\":\"SearchAction\",\"target\":{\"@type\":\"EntryPoint\",\"urlTemplate\":\"https:\/\/sandzakpress.net\/arhiva\/?s={search_term_string}\"},\"query-input\":{\"@type\":\"PropertyValueSpecification\",\"valueRequired\":true,\"valueName\":\"search_term_string\"}}],\"inLanguage\":\"bs-BA\"},{\"@type\":[\"Person\",\"Organization\"],\"@id\":\"https:\/\/sandzakpress.net\/arhiva\/#\/schema\/person\/6e72b67d6e51910a1117b3b483ba20bd\",\"name\":\"Kul\",\"image\":{\"@type\":\"ImageObject\",\"inLanguage\":\"bs-BA\",\"@id\":\"https:\/\/sandzakpress.net\/arhiva\/#\/schema\/person\/image\/\",\"url\":\"https:\/\/secure.gravatar.com\/avatar\/42263f39aa27ac04c43cab85c280eb2e?s=96&d=mm&r=pg\",\"contentUrl\":\"https:\/\/secure.gravatar.com\/avatar\/42263f39aa27ac04c43cab85c280eb2e?s=96&d=mm&r=pg\",\"caption\":\"Kul\"},\"logo\":{\"@id\":\"https:\/\/sandzakpress.net\/arhiva\/#\/schema\/person\/image\/\"}},{\"@type\":\"Person\",\"@id\":\"https:\/\/sandzakpress.net\/arhiva\/#\/schema\/person\/c8baee722073534b583ea7bdb2e36c02\",\"name\":\"bosniak\",\"image\":{\"@type\":\"ImageObject\",\"inLanguage\":\"bs-BA\",\"@id\":\"https:\/\/sandzakpress.net\/arhiva\/#\/schema\/person\/image\/\",\"url\":\"https:\/\/secure.gravatar.com\/avatar\/a04fd330bfe3a36a72a0ad4a6d89fca7?s=96&d=mm&r=pg\",\"contentUrl\":\"https:\/\/secure.gravatar.com\/avatar\/a04fd330bfe3a36a72a0ad4a6d89fca7?s=96&d=mm&r=pg\",\"caption\":\"bosniak\"},\"url\":\"https:\/\/sandzakpress.net\/arhiva\/author\/bosniak\/\"}]}<\/script>\n<!-- \/ Yoast SEO Premium plugin. -->","yoast_head_json":{"title":"Saliveni zlo\u010dinac","robots":{"index":"index","follow":"follow","max-snippet":"max-snippet:-1","max-image-preview":"max-image-preview:large","max-video-preview":"max-video-preview:-1"},"canonical":"https:\/\/sandzakpress.net\/arhiva\/saliveni-zlocinac\/","og_locale":"bs_BA","og_type":"article","og_title":"Saliveni zlo\u010dinac","og_description":"&#8220;sand\u017eak&#8221; &#8211; \u0160titkovo je rodno selo Vuka Kalaitovi\u0107a Kalaita ili Kal\u010da kako su ga nazivali. Spomenik koji je podignut od strane trojice ljudi, uz saglasnost op\u0107inske uprave u Novoj Varo\u0161i, navodi na razmi\u0161ljanje stanovni\u0161tvo Limske doline, ali i Sand\u017eaka, uzimaju\u0107i u obzir mjesto na kojem je gore navedeni djelovao. Zapravo, podizanje spomenika tjera ne samo [&hellip;]","og_url":"https:\/\/sandzakpress.net\/arhiva\/saliveni-zlocinac\/","og_site_name":"Sand\u017eak PRESS","article_published_time":"2011-04-29T12:00:18+00:00","article_modified_time":"2011-04-29T12:07:42+00:00","og_image":[{"width":616,"height":474,"url":"https:\/\/sandzakpress.net\/arhiva\/wp-content\/uploads\/2011\/04\/Vuk_Kalait-fotos_sa_otvaranja-Filaret_prska_vodicom1.jpg","type":"image\/jpeg"}],"author":"bosniak","twitter_card":"summary_large_image","twitter_misc":{"Written by":"bosniak","Est. reading time":"6 minuta"},"schema":{"@context":"https:\/\/schema.org","@graph":[{"@type":"Article","@id":"https:\/\/sandzakpress.net\/arhiva\/saliveni-zlocinac\/#article","isPartOf":{"@id":"https:\/\/sandzakpress.net\/arhiva\/saliveni-zlocinac\/"},"author":{"name":"bosniak","@id":"https:\/\/sandzakpress.net\/arhiva\/#\/schema\/person\/c8baee722073534b583ea7bdb2e36c02"},"headline":"Saliveni zlo\u010dinac","datePublished":"2011-04-29T12:00:18+00:00","dateModified":"2011-04-29T12:07:42+00:00","mainEntityOfPage":{"@id":"https:\/\/sandzakpress.net\/arhiva\/saliveni-zlocinac\/"},"wordCount":1220,"commentCount":10,"publisher":{"@id":"https:\/\/sandzakpress.net\/arhiva\/#\/schema\/person\/6e72b67d6e51910a1117b3b483ba20bd"},"image":{"@id":"https:\/\/sandzakpress.net\/arhiva\/saliveni-zlocinac\/#primaryimage"},"thumbnailUrl":"https:\/\/sandzakpress.net\/arhiva\/wp-content\/uploads\/2011\/04\/Vuk_Kalait-fotos_sa_otvaranja-Filaret_prska_vodicom1.jpg","articleSection":["Prijepolje","Nova Varo\u0161"],"inLanguage":"bs-BA","potentialAction":[{"@type":"CommentAction","name":"Comment","target":["https:\/\/sandzakpress.net\/arhiva\/saliveni-zlocinac\/#respond"]}]},{"@type":"WebPage","@id":"https:\/\/sandzakpress.net\/arhiva\/saliveni-zlocinac\/","url":"https:\/\/sandzakpress.net\/arhiva\/saliveni-zlocinac\/","name":"Saliveni zlo\u010dinac","isPartOf":{"@id":"https:\/\/sandzakpress.net\/arhiva\/#website"},"primaryImageOfPage":{"@id":"https:\/\/sandzakpress.net\/arhiva\/saliveni-zlocinac\/#primaryimage"},"image":{"@id":"https:\/\/sandzakpress.net\/arhiva\/saliveni-zlocinac\/#primaryimage"},"thumbnailUrl":"https:\/\/sandzakpress.net\/arhiva\/wp-content\/uploads\/2011\/04\/Vuk_Kalait-fotos_sa_otvaranja-Filaret_prska_vodicom1.jpg","datePublished":"2011-04-29T12:00:18+00:00","dateModified":"2011-04-29T12:07:42+00:00","breadcrumb":{"@id":"https:\/\/sandzakpress.net\/arhiva\/saliveni-zlocinac\/#breadcrumb"},"inLanguage":"bs-BA","potentialAction":[{"@type":"ReadAction","target":["https:\/\/sandzakpress.net\/arhiva\/saliveni-zlocinac\/"]}]},{"@type":"ImageObject","inLanguage":"bs-BA","@id":"https:\/\/sandzakpress.net\/arhiva\/saliveni-zlocinac\/#primaryimage","url":"https:\/\/sandzakpress.net\/arhiva\/wp-content\/uploads\/2011\/04\/Vuk_Kalait-fotos_sa_otvaranja-Filaret_prska_vodicom1.jpg","contentUrl":"https:\/\/sandzakpress.net\/arhiva\/wp-content\/uploads\/2011\/04\/Vuk_Kalait-fotos_sa_otvaranja-Filaret_prska_vodicom1.jpg","width":616,"height":474},{"@type":"BreadcrumbList","@id":"https:\/\/sandzakpress.net\/arhiva\/saliveni-zlocinac\/#breadcrumb","itemListElement":[{"@type":"ListItem","position":1,"name":"Home","item":"https:\/\/sandzakpress.net\/arhiva\/"},{"@type":"ListItem","position":2,"name":"Saliveni zlo\u010dinac"}]},{"@type":"WebSite","@id":"https:\/\/sandzakpress.net\/arhiva\/#website","url":"https:\/\/sandzakpress.net\/arhiva\/","name":"Sand\u017eak PRESS","description":"Prve elektronske novine u Sand\u017eaku","publisher":{"@id":"https:\/\/sandzakpress.net\/arhiva\/#\/schema\/person\/6e72b67d6e51910a1117b3b483ba20bd"},"potentialAction":[{"@type":"SearchAction","target":{"@type":"EntryPoint","urlTemplate":"https:\/\/sandzakpress.net\/arhiva\/?s={search_term_string}"},"query-input":{"@type":"PropertyValueSpecification","valueRequired":true,"valueName":"search_term_string"}}],"inLanguage":"bs-BA"},{"@type":["Person","Organization"],"@id":"https:\/\/sandzakpress.net\/arhiva\/#\/schema\/person\/6e72b67d6e51910a1117b3b483ba20bd","name":"Kul","image":{"@type":"ImageObject","inLanguage":"bs-BA","@id":"https:\/\/sandzakpress.net\/arhiva\/#\/schema\/person\/image\/","url":"https:\/\/secure.gravatar.com\/avatar\/42263f39aa27ac04c43cab85c280eb2e?s=96&d=mm&r=pg","contentUrl":"https:\/\/secure.gravatar.com\/avatar\/42263f39aa27ac04c43cab85c280eb2e?s=96&d=mm&r=pg","caption":"Kul"},"logo":{"@id":"https:\/\/sandzakpress.net\/arhiva\/#\/schema\/person\/image\/"}},{"@type":"Person","@id":"https:\/\/sandzakpress.net\/arhiva\/#\/schema\/person\/c8baee722073534b583ea7bdb2e36c02","name":"bosniak","image":{"@type":"ImageObject","inLanguage":"bs-BA","@id":"https:\/\/sandzakpress.net\/arhiva\/#\/schema\/person\/image\/","url":"https:\/\/secure.gravatar.com\/avatar\/a04fd330bfe3a36a72a0ad4a6d89fca7?s=96&d=mm&r=pg","contentUrl":"https:\/\/secure.gravatar.com\/avatar\/a04fd330bfe3a36a72a0ad4a6d89fca7?s=96&d=mm&r=pg","caption":"bosniak"},"url":"https:\/\/sandzakpress.net\/arhiva\/author\/bosniak\/"}]}},"_links":{"self":[{"href":"https:\/\/sandzakpress.net\/arhiva\/wp-json\/wp\/v2\/posts\/15572"}],"collection":[{"href":"https:\/\/sandzakpress.net\/arhiva\/wp-json\/wp\/v2\/posts"}],"about":[{"href":"https:\/\/sandzakpress.net\/arhiva\/wp-json\/wp\/v2\/types\/post"}],"author":[{"embeddable":true,"href":"https:\/\/sandzakpress.net\/arhiva\/wp-json\/wp\/v2\/users\/83"}],"replies":[{"embeddable":true,"href":"https:\/\/sandzakpress.net\/arhiva\/wp-json\/wp\/v2\/comments?post=15572"}],"version-history":[{"count":0,"href":"https:\/\/sandzakpress.net\/arhiva\/wp-json\/wp\/v2\/posts\/15572\/revisions"}],"wp:featuredmedia":[{"embeddable":true,"href":"https:\/\/sandzakpress.net\/arhiva\/wp-json\/wp\/v2\/media\/15579"}],"wp:attachment":[{"href":"https:\/\/sandzakpress.net\/arhiva\/wp-json\/wp\/v2\/media?parent=15572"}],"wp:term":[{"taxonomy":"category","embeddable":true,"href":"https:\/\/sandzakpress.net\/arhiva\/wp-json\/wp\/v2\/categories?post=15572"},{"taxonomy":"post_tag","embeddable":true,"href":"https:\/\/sandzakpress.net\/arhiva\/wp-json\/wp\/v2\/tags?post=15572"}],"curies":[{"name":"wp","href":"https:\/\/api.w.org\/{rel}","templated":true}]}}