{"id":155673,"date":"2016-02-25T11:35:59","date_gmt":"2016-02-25T10:35:59","guid":{"rendered":"https:\/\/sandzakpress.net\/arhiva\/predsjednik-albanije-nishani-volio-bih-da-bih-prizna-kosovo"},"modified":"2016-02-25T11:35:59","modified_gmt":"2016-02-25T10:35:59","slug":"predsjednik-albanije-nishani-volio-bih-da-bih-prizna-kosovo","status":"publish","type":"post","link":"https:\/\/sandzakpress.net\/arhiva\/predsjednik-albanije-nishani-volio-bih-da-bih-prizna-kosovo\/","title":{"rendered":"Predsjednik Albanije Nishani: \u201cVolio bih da BiH prizna Kosovo\u201d"},"content":{"rendered":"<p style=\"text-align: justify\"><strong><a href=\"http:\/\/bosnapress.net\/wp-content\/uploads\/2016\/02\/Bujar-Nishani31.jpg\"><img loading=\"lazy\" decoding=\"async\" class=\"alignnone size-large wp-image-172731\" src=\"http:\/\/bosnapress.net\/wp-content\/uploads\/2016\/02\/Bujar-Nishani31-616x411.jpg\" alt=\"Bujar-Nishani31\" width=\"600\" height=\"400\" \/><\/a>BiH, Kosovo \u2013\u00a0\u017delim da BiH prizna Kosovo, i da prizna putne dokumente Kosova. Ja vjerujem da je to u interesu obje dr\u017eave. Mislim da je ovo pitanje koje u sebi nosi jednu humanitarnu dimenziju. Mislim da se to odnosi na temeljno ljudsko pravo, pravo na slobodno kretanje, ali i na ekonomski razvoj obje zemlje \u2013 rekao je Bujar Nishani, predsjednik Albanije, koji boravi u slu\u017ebenoj posjeti Sarajevu.<\/strong><\/p>\n<p style=\"text-align: justify\">\u2013 Drago mi je da sam nai\u0161ao na dobro razumijevanje od \u010dlanova Predsjedni\u0161tva BiH, da rije\u0161e ovo pitanje \u2013 dodao je.<\/p>\n<p style=\"text-align: justify\">Predsjednik Albanije Bujar Nishani boravi u zvani\u010dnoj posjeti Bosni i Hercegovini. Sve\u010dani do\u010dek bio je u 10 sati ispred zgrade Predsjedni\u0161tva BiH, nakon \u010dega je Nishani razgovarao sa \u010dlanovima Predsjedni\u0161tva BiH.<\/p>\n<p style=\"text-align: justify\">\u2013 Kako se odli\u010dno razumijemo, siguran sam da postoji mogu\u0107nost privredne saradnje. Uz to vjerujem da na\u0161a kulturna povezanost ima zajedni\u010dka ishodi\u0161ta kroz historiju. Vjerujem da kroz razli\u010dite oblike saradnje trebamo obezbijediti bolju turisti\u010dku saradnju \u2013 kazao je \u010covi\u0107.<\/p>\n<p style=\"text-align: justify\">U Sarajevu \u0107e danas biti odr\u017ean i sastanak zvani\u010dnih delegacija BiH i Albanije.<\/p>\n<p style=\"text-align: justify\">Tako\u0111er, Nishani organizuje prijem u hotelu Europa, na kojem \u0107e biti predstavljeno Udru\u017eenje Bosanskohercegova\u010dko-albansko prijateljstvo \u2013 Shoqata e miqsis boshnjakohercegovaso \u2013 shqiptare.<\/p>\n<p style=\"text-align: justify\">(Fena)<\/p>\n<p>Pogledajte vijest na izvornom sajtu:<\/p>\n<p><a href=\"http:\/\/bosnapress.net\/predsjednik-albanije-nishani-volio-bih-da-bih-prizna-kosovo\/\" target=\"_blank\">Predsjednik Albanije Nishani: \u201cVolio bih da BiH prizna Kosovo\u201d<\/a><\/p>\n","protected":false},"excerpt":{"rendered":"<p>BiH, Kosovo \u2013\u00a0\u017delim da BiH prizna Kosovo, i da prizna putne dokumente Kosova. Ja vjerujem da je to u interesu obje dr\u017eave. Mislim da je ovo pitanje koje u sebi nosi jednu humanitarnu dimenziju. Mislim da se to odnosi na temeljno ljudsko pravo, pravo na slobodno kretanje, ali i na ekonomski razvoj obje zemlje \u2013 [&hellip;]<\/p>\n","protected":false},"author":83,"featured_media":155675,"comment_status":"open","ping_status":"open","sticky":false,"template":"","format":"standard","meta":{"footnotes":""},"categories":[10513],"tags":[10466],"class_list":{"0":"post-155673","1":"post","2":"type-post","3":"status-publish","4":"format-standard","5":"has-post-thumbnail","7":"category-bosna-press","8":"tag-bosna-i-hercegovina"},"yoast_head":"<!-- This site is optimized with the Yoast SEO Premium plugin v23.1 (Yoast SEO v24.9) - https:\/\/yoast.com\/wordpress\/plugins\/seo\/ -->\n<title>Predsjednik Albanije Nishani: \u201cVolio bih da BiH prizna Kosovo\u201d<\/title>\n<meta name=\"robots\" content=\"index, follow, max-snippet:-1, max-image-preview:large, max-video-preview:-1\" \/>\n<link rel=\"canonical\" href=\"https:\/\/sandzakpress.net\/arhiva\/predsjednik-albanije-nishani-volio-bih-da-bih-prizna-kosovo\/\" \/>\n<meta property=\"og:locale\" content=\"bs_BA\" \/>\n<meta property=\"og:type\" content=\"article\" \/>\n<meta property=\"og:title\" content=\"Predsjednik Albanije Nishani: \u201cVolio bih da BiH prizna Kosovo\u201d\" \/>\n<meta property=\"og:description\" content=\"BiH, Kosovo \u2013\u00a0\u017delim da BiH prizna Kosovo, i da prizna putne dokumente Kosova. Ja vjerujem da je to u interesu obje dr\u017eave. Mislim da je ovo pitanje koje u sebi nosi jednu humanitarnu dimenziju. Mislim da se to odnosi na temeljno ljudsko pravo, pravo na slobodno kretanje, ali i na ekonomski razvoj obje zemlje \u2013 [&hellip;]\" \/>\n<meta property=\"og:url\" content=\"https:\/\/sandzakpress.net\/arhiva\/predsjednik-albanije-nishani-volio-bih-da-bih-prizna-kosovo\/\" \/>\n<meta property=\"og:site_name\" content=\"Sand\u017eak PRESS\" \/>\n<meta property=\"article:published_time\" content=\"2016-02-25T10:35:59+00:00\" \/>\n<meta property=\"og:image\" content=\"https:\/\/sandzakpress.net\/arhiva\/wp-content\/uploads\/2016\/02\/Bujar-Nishani31-616x411-1.jpg\" \/>\n\t<meta property=\"og:image:width\" content=\"616\" \/>\n\t<meta property=\"og:image:height\" content=\"411\" \/>\n\t<meta property=\"og:image:type\" content=\"image\/jpeg\" \/>\n<meta name=\"author\" content=\"bosniak\" \/>\n<meta name=\"twitter:card\" content=\"summary_large_image\" \/>\n<meta name=\"twitter:label1\" content=\"Written by\" \/>\n\t<meta name=\"twitter:data1\" content=\"bosniak\" \/>\n\t<meta name=\"twitter:label2\" content=\"Est. reading time\" \/>\n\t<meta name=\"twitter:data2\" content=\"1 minuta\" \/>\n<script type=\"application\/ld+json\" class=\"yoast-schema-graph\">{\"@context\":\"https:\/\/schema.org\",\"@graph\":[{\"@type\":\"Article\",\"@id\":\"https:\/\/sandzakpress.net\/arhiva\/predsjednik-albanije-nishani-volio-bih-da-bih-prizna-kosovo\/#article\",\"isPartOf\":{\"@id\":\"https:\/\/sandzakpress.net\/arhiva\/predsjednik-albanije-nishani-volio-bih-da-bih-prizna-kosovo\/\"},\"author\":{\"name\":\"bosniak\",\"@id\":\"https:\/\/sandzakpress.net\/arhiva\/#\/schema\/person\/c8baee722073534b583ea7bdb2e36c02\"},\"headline\":\"Predsjednik Albanije Nishani: \u201cVolio bih da BiH prizna Kosovo\u201d\",\"datePublished\":\"2016-02-25T10:35:59+00:00\",\"mainEntityOfPage\":{\"@id\":\"https:\/\/sandzakpress.net\/arhiva\/predsjednik-albanije-nishani-volio-bih-da-bih-prizna-kosovo\/\"},\"wordCount\":231,\"commentCount\":0,\"publisher\":{\"@id\":\"https:\/\/sandzakpress.net\/arhiva\/#\/schema\/person\/6e72b67d6e51910a1117b3b483ba20bd\"},\"image\":{\"@id\":\"https:\/\/sandzakpress.net\/arhiva\/predsjednik-albanije-nishani-volio-bih-da-bih-prizna-kosovo\/#primaryimage\"},\"thumbnailUrl\":\"https:\/\/sandzakpress.net\/arhiva\/wp-content\/uploads\/2016\/02\/Bujar-Nishani31-616x411-1.jpg\",\"keywords\":[\"Bosna i Hercegovina\"],\"articleSection\":[\"Bosna PRESS\"],\"inLanguage\":\"bs-BA\",\"potentialAction\":[{\"@type\":\"CommentAction\",\"name\":\"Comment\",\"target\":[\"https:\/\/sandzakpress.net\/arhiva\/predsjednik-albanije-nishani-volio-bih-da-bih-prizna-kosovo\/#respond\"]}]},{\"@type\":\"WebPage\",\"@id\":\"https:\/\/sandzakpress.net\/arhiva\/predsjednik-albanije-nishani-volio-bih-da-bih-prizna-kosovo\/\",\"url\":\"https:\/\/sandzakpress.net\/arhiva\/predsjednik-albanije-nishani-volio-bih-da-bih-prizna-kosovo\/\",\"name\":\"Predsjednik Albanije Nishani: \u201cVolio bih da BiH prizna Kosovo\u201d\",\"isPartOf\":{\"@id\":\"https:\/\/sandzakpress.net\/arhiva\/#website\"},\"primaryImageOfPage\":{\"@id\":\"https:\/\/sandzakpress.net\/arhiva\/predsjednik-albanije-nishani-volio-bih-da-bih-prizna-kosovo\/#primaryimage\"},\"image\":{\"@id\":\"https:\/\/sandzakpress.net\/arhiva\/predsjednik-albanije-nishani-volio-bih-da-bih-prizna-kosovo\/#primaryimage\"},\"thumbnailUrl\":\"https:\/\/sandzakpress.net\/arhiva\/wp-content\/uploads\/2016\/02\/Bujar-Nishani31-616x411-1.jpg\",\"datePublished\":\"2016-02-25T10:35:59+00:00\",\"breadcrumb\":{\"@id\":\"https:\/\/sandzakpress.net\/arhiva\/predsjednik-albanije-nishani-volio-bih-da-bih-prizna-kosovo\/#breadcrumb\"},\"inLanguage\":\"bs-BA\",\"potentialAction\":[{\"@type\":\"ReadAction\",\"target\":[\"https:\/\/sandzakpress.net\/arhiva\/predsjednik-albanije-nishani-volio-bih-da-bih-prizna-kosovo\/\"]}]},{\"@type\":\"ImageObject\",\"inLanguage\":\"bs-BA\",\"@id\":\"https:\/\/sandzakpress.net\/arhiva\/predsjednik-albanije-nishani-volio-bih-da-bih-prizna-kosovo\/#primaryimage\",\"url\":\"https:\/\/sandzakpress.net\/arhiva\/wp-content\/uploads\/2016\/02\/Bujar-Nishani31-616x411-1.jpg\",\"contentUrl\":\"https:\/\/sandzakpress.net\/arhiva\/wp-content\/uploads\/2016\/02\/Bujar-Nishani31-616x411-1.jpg\",\"width\":616,\"height\":411},{\"@type\":\"BreadcrumbList\",\"@id\":\"https:\/\/sandzakpress.net\/arhiva\/predsjednik-albanije-nishani-volio-bih-da-bih-prizna-kosovo\/#breadcrumb\",\"itemListElement\":[{\"@type\":\"ListItem\",\"position\":1,\"name\":\"Home\",\"item\":\"https:\/\/sandzakpress.net\/arhiva\/\"},{\"@type\":\"ListItem\",\"position\":2,\"name\":\"Predsjednik Albanije Nishani: \u201cVolio bih da BiH prizna Kosovo\u201d\"}]},{\"@type\":\"WebSite\",\"@id\":\"https:\/\/sandzakpress.net\/arhiva\/#website\",\"url\":\"https:\/\/sandzakpress.net\/arhiva\/\",\"name\":\"Sand\u017eak PRESS\",\"description\":\"Prve elektronske novine u Sand\u017eaku\",\"publisher\":{\"@id\":\"https:\/\/sandzakpress.net\/arhiva\/#\/schema\/person\/6e72b67d6e51910a1117b3b483ba20bd\"},\"potentialAction\":[{\"@type\":\"SearchAction\",\"target\":{\"@type\":\"EntryPoint\",\"urlTemplate\":\"https:\/\/sandzakpress.net\/arhiva\/?s={search_term_string}\"},\"query-input\":{\"@type\":\"PropertyValueSpecification\",\"valueRequired\":true,\"valueName\":\"search_term_string\"}}],\"inLanguage\":\"bs-BA\"},{\"@type\":[\"Person\",\"Organization\"],\"@id\":\"https:\/\/sandzakpress.net\/arhiva\/#\/schema\/person\/6e72b67d6e51910a1117b3b483ba20bd\",\"name\":\"Kul\",\"image\":{\"@type\":\"ImageObject\",\"inLanguage\":\"bs-BA\",\"@id\":\"https:\/\/sandzakpress.net\/arhiva\/#\/schema\/person\/image\/\",\"url\":\"https:\/\/secure.gravatar.com\/avatar\/42263f39aa27ac04c43cab85c280eb2e?s=96&d=mm&r=pg\",\"contentUrl\":\"https:\/\/secure.gravatar.com\/avatar\/42263f39aa27ac04c43cab85c280eb2e?s=96&d=mm&r=pg\",\"caption\":\"Kul\"},\"logo\":{\"@id\":\"https:\/\/sandzakpress.net\/arhiva\/#\/schema\/person\/image\/\"}},{\"@type\":\"Person\",\"@id\":\"https:\/\/sandzakpress.net\/arhiva\/#\/schema\/person\/c8baee722073534b583ea7bdb2e36c02\",\"name\":\"bosniak\",\"image\":{\"@type\":\"ImageObject\",\"inLanguage\":\"bs-BA\",\"@id\":\"https:\/\/sandzakpress.net\/arhiva\/#\/schema\/person\/image\/\",\"url\":\"https:\/\/secure.gravatar.com\/avatar\/a04fd330bfe3a36a72a0ad4a6d89fca7?s=96&d=mm&r=pg\",\"contentUrl\":\"https:\/\/secure.gravatar.com\/avatar\/a04fd330bfe3a36a72a0ad4a6d89fca7?s=96&d=mm&r=pg\",\"caption\":\"bosniak\"},\"url\":\"https:\/\/sandzakpress.net\/arhiva\/author\/bosniak\/\"}]}<\/script>\n<!-- \/ Yoast SEO Premium plugin. -->","yoast_head_json":{"title":"Predsjednik Albanije Nishani: \u201cVolio bih da BiH prizna Kosovo\u201d","robots":{"index":"index","follow":"follow","max-snippet":"max-snippet:-1","max-image-preview":"max-image-preview:large","max-video-preview":"max-video-preview:-1"},"canonical":"https:\/\/sandzakpress.net\/arhiva\/predsjednik-albanije-nishani-volio-bih-da-bih-prizna-kosovo\/","og_locale":"bs_BA","og_type":"article","og_title":"Predsjednik Albanije Nishani: \u201cVolio bih da BiH prizna Kosovo\u201d","og_description":"BiH, Kosovo \u2013\u00a0\u017delim da BiH prizna Kosovo, i da prizna putne dokumente Kosova. Ja vjerujem da je to u interesu obje dr\u017eave. Mislim da je ovo pitanje koje u sebi nosi jednu humanitarnu dimenziju. Mislim da se to odnosi na temeljno ljudsko pravo, pravo na slobodno kretanje, ali i na ekonomski razvoj obje zemlje \u2013 [&hellip;]","og_url":"https:\/\/sandzakpress.net\/arhiva\/predsjednik-albanije-nishani-volio-bih-da-bih-prizna-kosovo\/","og_site_name":"Sand\u017eak PRESS","article_published_time":"2016-02-25T10:35:59+00:00","og_image":[{"width":616,"height":411,"url":"https:\/\/sandzakpress.net\/arhiva\/wp-content\/uploads\/2016\/02\/Bujar-Nishani31-616x411-1.jpg","type":"image\/jpeg"}],"author":"bosniak","twitter_card":"summary_large_image","twitter_misc":{"Written by":"bosniak","Est. reading time":"1 minuta"},"schema":{"@context":"https:\/\/schema.org","@graph":[{"@type":"Article","@id":"https:\/\/sandzakpress.net\/arhiva\/predsjednik-albanije-nishani-volio-bih-da-bih-prizna-kosovo\/#article","isPartOf":{"@id":"https:\/\/sandzakpress.net\/arhiva\/predsjednik-albanije-nishani-volio-bih-da-bih-prizna-kosovo\/"},"author":{"name":"bosniak","@id":"https:\/\/sandzakpress.net\/arhiva\/#\/schema\/person\/c8baee722073534b583ea7bdb2e36c02"},"headline":"Predsjednik Albanije Nishani: \u201cVolio bih da BiH prizna Kosovo\u201d","datePublished":"2016-02-25T10:35:59+00:00","mainEntityOfPage":{"@id":"https:\/\/sandzakpress.net\/arhiva\/predsjednik-albanije-nishani-volio-bih-da-bih-prizna-kosovo\/"},"wordCount":231,"commentCount":0,"publisher":{"@id":"https:\/\/sandzakpress.net\/arhiva\/#\/schema\/person\/6e72b67d6e51910a1117b3b483ba20bd"},"image":{"@id":"https:\/\/sandzakpress.net\/arhiva\/predsjednik-albanije-nishani-volio-bih-da-bih-prizna-kosovo\/#primaryimage"},"thumbnailUrl":"https:\/\/sandzakpress.net\/arhiva\/wp-content\/uploads\/2016\/02\/Bujar-Nishani31-616x411-1.jpg","keywords":["Bosna i Hercegovina"],"articleSection":["Bosna PRESS"],"inLanguage":"bs-BA","potentialAction":[{"@type":"CommentAction","name":"Comment","target":["https:\/\/sandzakpress.net\/arhiva\/predsjednik-albanije-nishani-volio-bih-da-bih-prizna-kosovo\/#respond"]}]},{"@type":"WebPage","@id":"https:\/\/sandzakpress.net\/arhiva\/predsjednik-albanije-nishani-volio-bih-da-bih-prizna-kosovo\/","url":"https:\/\/sandzakpress.net\/arhiva\/predsjednik-albanije-nishani-volio-bih-da-bih-prizna-kosovo\/","name":"Predsjednik Albanije Nishani: \u201cVolio bih da BiH prizna Kosovo\u201d","isPartOf":{"@id":"https:\/\/sandzakpress.net\/arhiva\/#website"},"primaryImageOfPage":{"@id":"https:\/\/sandzakpress.net\/arhiva\/predsjednik-albanije-nishani-volio-bih-da-bih-prizna-kosovo\/#primaryimage"},"image":{"@id":"https:\/\/sandzakpress.net\/arhiva\/predsjednik-albanije-nishani-volio-bih-da-bih-prizna-kosovo\/#primaryimage"},"thumbnailUrl":"https:\/\/sandzakpress.net\/arhiva\/wp-content\/uploads\/2016\/02\/Bujar-Nishani31-616x411-1.jpg","datePublished":"2016-02-25T10:35:59+00:00","breadcrumb":{"@id":"https:\/\/sandzakpress.net\/arhiva\/predsjednik-albanije-nishani-volio-bih-da-bih-prizna-kosovo\/#breadcrumb"},"inLanguage":"bs-BA","potentialAction":[{"@type":"ReadAction","target":["https:\/\/sandzakpress.net\/arhiva\/predsjednik-albanije-nishani-volio-bih-da-bih-prizna-kosovo\/"]}]},{"@type":"ImageObject","inLanguage":"bs-BA","@id":"https:\/\/sandzakpress.net\/arhiva\/predsjednik-albanije-nishani-volio-bih-da-bih-prizna-kosovo\/#primaryimage","url":"https:\/\/sandzakpress.net\/arhiva\/wp-content\/uploads\/2016\/02\/Bujar-Nishani31-616x411-1.jpg","contentUrl":"https:\/\/sandzakpress.net\/arhiva\/wp-content\/uploads\/2016\/02\/Bujar-Nishani31-616x411-1.jpg","width":616,"height":411},{"@type":"BreadcrumbList","@id":"https:\/\/sandzakpress.net\/arhiva\/predsjednik-albanije-nishani-volio-bih-da-bih-prizna-kosovo\/#breadcrumb","itemListElement":[{"@type":"ListItem","position":1,"name":"Home","item":"https:\/\/sandzakpress.net\/arhiva\/"},{"@type":"ListItem","position":2,"name":"Predsjednik Albanije Nishani: \u201cVolio bih da BiH prizna Kosovo\u201d"}]},{"@type":"WebSite","@id":"https:\/\/sandzakpress.net\/arhiva\/#website","url":"https:\/\/sandzakpress.net\/arhiva\/","name":"Sand\u017eak PRESS","description":"Prve elektronske novine u Sand\u017eaku","publisher":{"@id":"https:\/\/sandzakpress.net\/arhiva\/#\/schema\/person\/6e72b67d6e51910a1117b3b483ba20bd"},"potentialAction":[{"@type":"SearchAction","target":{"@type":"EntryPoint","urlTemplate":"https:\/\/sandzakpress.net\/arhiva\/?s={search_term_string}"},"query-input":{"@type":"PropertyValueSpecification","valueRequired":true,"valueName":"search_term_string"}}],"inLanguage":"bs-BA"},{"@type":["Person","Organization"],"@id":"https:\/\/sandzakpress.net\/arhiva\/#\/schema\/person\/6e72b67d6e51910a1117b3b483ba20bd","name":"Kul","image":{"@type":"ImageObject","inLanguage":"bs-BA","@id":"https:\/\/sandzakpress.net\/arhiva\/#\/schema\/person\/image\/","url":"https:\/\/secure.gravatar.com\/avatar\/42263f39aa27ac04c43cab85c280eb2e?s=96&d=mm&r=pg","contentUrl":"https:\/\/secure.gravatar.com\/avatar\/42263f39aa27ac04c43cab85c280eb2e?s=96&d=mm&r=pg","caption":"Kul"},"logo":{"@id":"https:\/\/sandzakpress.net\/arhiva\/#\/schema\/person\/image\/"}},{"@type":"Person","@id":"https:\/\/sandzakpress.net\/arhiva\/#\/schema\/person\/c8baee722073534b583ea7bdb2e36c02","name":"bosniak","image":{"@type":"ImageObject","inLanguage":"bs-BA","@id":"https:\/\/sandzakpress.net\/arhiva\/#\/schema\/person\/image\/","url":"https:\/\/secure.gravatar.com\/avatar\/a04fd330bfe3a36a72a0ad4a6d89fca7?s=96&d=mm&r=pg","contentUrl":"https:\/\/secure.gravatar.com\/avatar\/a04fd330bfe3a36a72a0ad4a6d89fca7?s=96&d=mm&r=pg","caption":"bosniak"},"url":"https:\/\/sandzakpress.net\/arhiva\/author\/bosniak\/"}]}},"_links":{"self":[{"href":"https:\/\/sandzakpress.net\/arhiva\/wp-json\/wp\/v2\/posts\/155673"}],"collection":[{"href":"https:\/\/sandzakpress.net\/arhiva\/wp-json\/wp\/v2\/posts"}],"about":[{"href":"https:\/\/sandzakpress.net\/arhiva\/wp-json\/wp\/v2\/types\/post"}],"author":[{"embeddable":true,"href":"https:\/\/sandzakpress.net\/arhiva\/wp-json\/wp\/v2\/users\/83"}],"replies":[{"embeddable":true,"href":"https:\/\/sandzakpress.net\/arhiva\/wp-json\/wp\/v2\/comments?post=155673"}],"version-history":[{"count":0,"href":"https:\/\/sandzakpress.net\/arhiva\/wp-json\/wp\/v2\/posts\/155673\/revisions"}],"wp:featuredmedia":[{"embeddable":true,"href":"https:\/\/sandzakpress.net\/arhiva\/wp-json\/wp\/v2\/media\/155675"}],"wp:attachment":[{"href":"https:\/\/sandzakpress.net\/arhiva\/wp-json\/wp\/v2\/media?parent=155673"}],"wp:term":[{"taxonomy":"category","embeddable":true,"href":"https:\/\/sandzakpress.net\/arhiva\/wp-json\/wp\/v2\/categories?post=155673"},{"taxonomy":"post_tag","embeddable":true,"href":"https:\/\/sandzakpress.net\/arhiva\/wp-json\/wp\/v2\/tags?post=155673"}],"curies":[{"name":"wp","href":"https:\/\/api.w.org\/{rel}","templated":true}]}}