{"id":155670,"date":"2016-02-25T11:38:21","date_gmt":"2016-02-25T10:38:21","guid":{"rendered":"https:\/\/sandzakpress.net\/arhiva\/za-direktora-ju-djeca-sarajevo-konkurisala-i-arzija-mahmutovic"},"modified":"2016-02-25T11:38:21","modified_gmt":"2016-02-25T10:38:21","slug":"za-direktora-ju-djeca-sarajevo-konkurisala-i-arzija-mahmutovic","status":"publish","type":"post","link":"https:\/\/sandzakpress.net\/arhiva\/za-direktora-ju-djeca-sarajevo-konkurisala-i-arzija-mahmutovic\/","title":{"rendered":"Za direktora JU Djeca Sarajevo konkurisala i Arzija Mahmutovi\u0107"},"content":{"rendered":"<p class=\"subhead\" style=\"text-align: justify\"><strong><a href=\"http:\/\/bosnapress.net\/wp-content\/uploads\/2016\/02\/uo-ju-djeca-sarajevo-otvorio-koverte-za-direktora-konkurisala-i-arzija-mahmutovic_1456259404.jpg\"><img loading=\"lazy\" decoding=\"async\" class=\"alignnone size-large wp-image-172747\" src=\"http:\/\/bosnapress.net\/wp-content\/uploads\/2016\/02\/uo-ju-djeca-sarajevo-otvorio-koverte-za-direktora-konkurisala-i-arzija-mahmutovic_1456259404-616x411.jpg\" alt=\"uo-ju-djeca-sarajevo-otvorio-koverte-za-direktora-konkurisala-i-arzija-mahmutovic_1456259404\" width=\"600\" height=\"400\" \/><\/a>Sarajevo \u2013 Upravni odbor JU Djeca Sarajeva na ju\u010dera\u0161njoj sjednici otvario je pristigle koverte za mjesto direktora ove ustanove.<\/strong><\/p>\n<p class=\"subhead\" style=\"text-align: justify\">Kako nam je kazao Avdulah Kova\u010devi\u0107, v.d. predsjednika UO, za ovu poziciju konkurisalo je sedam kandidata. To su sada\u0161nja v. d direktorica Jasmina \u010congo, Arzija Mahmutovi\u0107, Izet Rami\u0107, Misala Bajri\u0107, Suanita Banda, Zijo \u0106ati\u0107 i Sanida Hasanovi\u0107-\u010car.<\/p>\n<p>\u2013 Tokom idu\u0107e sedmice obavit \u0107e se intervjui sa kandidatima koji su zadovoljili sve uslove konkursa, a nakon toga odlu\u010dit \u0107e se ko \u0107e biti direktor ove javne ustanove. Novi direktor morat \u0107e se izabrati do 7. marta, jer tada isti\u010de mandat sada\u0161njoj v. d. direktorici Jasmini \u010congo. Kada Upravni odbor donese kona\u010dnu odluku proslijedit \u0107e je Vladi Kantona Sarajevo koja tako\u0111er mora dati svoju saglasnost na imenovanje, obrazlo\u017eio je Kova\u010devi\u0107.<\/p>\n<p class=\"subhead\" style=\"text-align: justify\">(Oslobo\u0111enje)<\/p>\n<p>Pogledajte vijest na izvornom sajtu:<\/p>\n<p><a href=\"http:\/\/bosnapress.net\/za-direktora-ju-djeca-sarajevo-konkurisala-i-arzija-mahmutovic\/\" target=\"_blank\">Za direktora JU Djeca Sarajevo konkurisala i Arzija Mahmutovi\u0107<\/a><\/p>\n","protected":false},"excerpt":{"rendered":"<p>Sarajevo \u2013 Upravni odbor JU Djeca Sarajeva na ju\u010dera\u0161njoj sjednici otvario je pristigle koverte za mjesto direktora ove ustanove. Kako nam je kazao Avdulah Kova\u010devi\u0107, v.d. predsjednika UO, za ovu poziciju konkurisalo je sedam kandidata. To su sada\u0161nja v. d direktorica Jasmina \u010congo, Arzija Mahmutovi\u0107, Izet Rami\u0107, Misala Bajri\u0107, Suanita Banda, Zijo \u0106ati\u0107 i Sanida [&hellip;]<\/p>\n","protected":false},"author":83,"featured_media":155672,"comment_status":"open","ping_status":"open","sticky":false,"template":"","format":"standard","meta":{"footnotes":""},"categories":[10513],"tags":[10466],"class_list":{"0":"post-155670","1":"post","2":"type-post","3":"status-publish","4":"format-standard","5":"has-post-thumbnail","7":"category-bosna-press","8":"tag-bosna-i-hercegovina"},"yoast_head":"<!-- This site is optimized with the Yoast SEO Premium plugin v23.1 (Yoast SEO v24.9) - https:\/\/yoast.com\/wordpress\/plugins\/seo\/ -->\n<title>Za direktora JU Djeca Sarajevo konkurisala i Arzija Mahmutovi\u0107<\/title>\n<meta name=\"robots\" content=\"index, follow, max-snippet:-1, max-image-preview:large, max-video-preview:-1\" \/>\n<link rel=\"canonical\" href=\"https:\/\/sandzakpress.net\/arhiva\/za-direktora-ju-djeca-sarajevo-konkurisala-i-arzija-mahmutovic\/\" \/>\n<meta property=\"og:locale\" content=\"bs_BA\" \/>\n<meta property=\"og:type\" content=\"article\" \/>\n<meta property=\"og:title\" content=\"Za direktora JU Djeca Sarajevo konkurisala i Arzija Mahmutovi\u0107\" \/>\n<meta property=\"og:description\" content=\"Sarajevo \u2013 Upravni odbor JU Djeca Sarajeva na ju\u010dera\u0161njoj sjednici otvario je pristigle koverte za mjesto direktora ove ustanove. Kako nam je kazao Avdulah Kova\u010devi\u0107, v.d. predsjednika UO, za ovu poziciju konkurisalo je sedam kandidata. To su sada\u0161nja v. d direktorica Jasmina \u010congo, Arzija Mahmutovi\u0107, Izet Rami\u0107, Misala Bajri\u0107, Suanita Banda, Zijo \u0106ati\u0107 i Sanida [&hellip;]\" \/>\n<meta property=\"og:url\" content=\"https:\/\/sandzakpress.net\/arhiva\/za-direktora-ju-djeca-sarajevo-konkurisala-i-arzija-mahmutovic\/\" \/>\n<meta property=\"og:site_name\" content=\"Sand\u017eak PRESS\" \/>\n<meta property=\"article:published_time\" content=\"2016-02-25T10:38:21+00:00\" \/>\n<meta property=\"og:image\" content=\"https:\/\/sandzakpress.net\/arhiva\/wp-content\/uploads\/2016\/02\/uo-ju-djeca-sarajevo-otvorio-koverte-za-direktora-konkurisala-i-arzija-mahmutovic_1456259404-616x411-1.jpg\" \/>\n\t<meta property=\"og:image:width\" content=\"616\" \/>\n\t<meta property=\"og:image:height\" content=\"411\" \/>\n\t<meta property=\"og:image:type\" content=\"image\/jpeg\" \/>\n<meta name=\"author\" content=\"bosniak\" \/>\n<meta name=\"twitter:card\" content=\"summary_large_image\" \/>\n<meta name=\"twitter:label1\" content=\"Written by\" \/>\n\t<meta name=\"twitter:data1\" content=\"bosniak\" \/>\n\t<meta name=\"twitter:label2\" content=\"Est. reading time\" \/>\n\t<meta name=\"twitter:data2\" content=\"1 minuta\" \/>\n<script type=\"application\/ld+json\" class=\"yoast-schema-graph\">{\"@context\":\"https:\/\/schema.org\",\"@graph\":[{\"@type\":\"Article\",\"@id\":\"https:\/\/sandzakpress.net\/arhiva\/za-direktora-ju-djeca-sarajevo-konkurisala-i-arzija-mahmutovic\/#article\",\"isPartOf\":{\"@id\":\"https:\/\/sandzakpress.net\/arhiva\/za-direktora-ju-djeca-sarajevo-konkurisala-i-arzija-mahmutovic\/\"},\"author\":{\"name\":\"bosniak\",\"@id\":\"https:\/\/sandzakpress.net\/arhiva\/#\/schema\/person\/c8baee722073534b583ea7bdb2e36c02\"},\"headline\":\"Za direktora JU Djeca Sarajevo konkurisala i Arzija Mahmutovi\u0107\",\"datePublished\":\"2016-02-25T10:38:21+00:00\",\"mainEntityOfPage\":{\"@id\":\"https:\/\/sandzakpress.net\/arhiva\/za-direktora-ju-djeca-sarajevo-konkurisala-i-arzija-mahmutovic\/\"},\"wordCount\":164,\"commentCount\":0,\"publisher\":{\"@id\":\"https:\/\/sandzakpress.net\/arhiva\/#\/schema\/person\/6e72b67d6e51910a1117b3b483ba20bd\"},\"image\":{\"@id\":\"https:\/\/sandzakpress.net\/arhiva\/za-direktora-ju-djeca-sarajevo-konkurisala-i-arzija-mahmutovic\/#primaryimage\"},\"thumbnailUrl\":\"https:\/\/sandzakpress.net\/arhiva\/wp-content\/uploads\/2016\/02\/uo-ju-djeca-sarajevo-otvorio-koverte-za-direktora-konkurisala-i-arzija-mahmutovic_1456259404-616x411-1.jpg\",\"keywords\":[\"Bosna i Hercegovina\"],\"articleSection\":[\"Bosna PRESS\"],\"inLanguage\":\"bs-BA\",\"potentialAction\":[{\"@type\":\"CommentAction\",\"name\":\"Comment\",\"target\":[\"https:\/\/sandzakpress.net\/arhiva\/za-direktora-ju-djeca-sarajevo-konkurisala-i-arzija-mahmutovic\/#respond\"]}]},{\"@type\":\"WebPage\",\"@id\":\"https:\/\/sandzakpress.net\/arhiva\/za-direktora-ju-djeca-sarajevo-konkurisala-i-arzija-mahmutovic\/\",\"url\":\"https:\/\/sandzakpress.net\/arhiva\/za-direktora-ju-djeca-sarajevo-konkurisala-i-arzija-mahmutovic\/\",\"name\":\"Za direktora JU Djeca Sarajevo konkurisala i Arzija Mahmutovi\u0107\",\"isPartOf\":{\"@id\":\"https:\/\/sandzakpress.net\/arhiva\/#website\"},\"primaryImageOfPage\":{\"@id\":\"https:\/\/sandzakpress.net\/arhiva\/za-direktora-ju-djeca-sarajevo-konkurisala-i-arzija-mahmutovic\/#primaryimage\"},\"image\":{\"@id\":\"https:\/\/sandzakpress.net\/arhiva\/za-direktora-ju-djeca-sarajevo-konkurisala-i-arzija-mahmutovic\/#primaryimage\"},\"thumbnailUrl\":\"https:\/\/sandzakpress.net\/arhiva\/wp-content\/uploads\/2016\/02\/uo-ju-djeca-sarajevo-otvorio-koverte-za-direktora-konkurisala-i-arzija-mahmutovic_1456259404-616x411-1.jpg\",\"datePublished\":\"2016-02-25T10:38:21+00:00\",\"breadcrumb\":{\"@id\":\"https:\/\/sandzakpress.net\/arhiva\/za-direktora-ju-djeca-sarajevo-konkurisala-i-arzija-mahmutovic\/#breadcrumb\"},\"inLanguage\":\"bs-BA\",\"potentialAction\":[{\"@type\":\"ReadAction\",\"target\":[\"https:\/\/sandzakpress.net\/arhiva\/za-direktora-ju-djeca-sarajevo-konkurisala-i-arzija-mahmutovic\/\"]}]},{\"@type\":\"ImageObject\",\"inLanguage\":\"bs-BA\",\"@id\":\"https:\/\/sandzakpress.net\/arhiva\/za-direktora-ju-djeca-sarajevo-konkurisala-i-arzija-mahmutovic\/#primaryimage\",\"url\":\"https:\/\/sandzakpress.net\/arhiva\/wp-content\/uploads\/2016\/02\/uo-ju-djeca-sarajevo-otvorio-koverte-za-direktora-konkurisala-i-arzija-mahmutovic_1456259404-616x411-1.jpg\",\"contentUrl\":\"https:\/\/sandzakpress.net\/arhiva\/wp-content\/uploads\/2016\/02\/uo-ju-djeca-sarajevo-otvorio-koverte-za-direktora-konkurisala-i-arzija-mahmutovic_1456259404-616x411-1.jpg\",\"width\":616,\"height\":411},{\"@type\":\"BreadcrumbList\",\"@id\":\"https:\/\/sandzakpress.net\/arhiva\/za-direktora-ju-djeca-sarajevo-konkurisala-i-arzija-mahmutovic\/#breadcrumb\",\"itemListElement\":[{\"@type\":\"ListItem\",\"position\":1,\"name\":\"Home\",\"item\":\"https:\/\/sandzakpress.net\/arhiva\/\"},{\"@type\":\"ListItem\",\"position\":2,\"name\":\"Za direktora JU Djeca Sarajevo konkurisala i Arzija Mahmutovi\u0107\"}]},{\"@type\":\"WebSite\",\"@id\":\"https:\/\/sandzakpress.net\/arhiva\/#website\",\"url\":\"https:\/\/sandzakpress.net\/arhiva\/\",\"name\":\"Sand\u017eak PRESS\",\"description\":\"Prve elektronske novine u Sand\u017eaku\",\"publisher\":{\"@id\":\"https:\/\/sandzakpress.net\/arhiva\/#\/schema\/person\/6e72b67d6e51910a1117b3b483ba20bd\"},\"potentialAction\":[{\"@type\":\"SearchAction\",\"target\":{\"@type\":\"EntryPoint\",\"urlTemplate\":\"https:\/\/sandzakpress.net\/arhiva\/?s={search_term_string}\"},\"query-input\":{\"@type\":\"PropertyValueSpecification\",\"valueRequired\":true,\"valueName\":\"search_term_string\"}}],\"inLanguage\":\"bs-BA\"},{\"@type\":[\"Person\",\"Organization\"],\"@id\":\"https:\/\/sandzakpress.net\/arhiva\/#\/schema\/person\/6e72b67d6e51910a1117b3b483ba20bd\",\"name\":\"Kul\",\"image\":{\"@type\":\"ImageObject\",\"inLanguage\":\"bs-BA\",\"@id\":\"https:\/\/sandzakpress.net\/arhiva\/#\/schema\/person\/image\/\",\"url\":\"https:\/\/secure.gravatar.com\/avatar\/42263f39aa27ac04c43cab85c280eb2e?s=96&d=mm&r=pg\",\"contentUrl\":\"https:\/\/secure.gravatar.com\/avatar\/42263f39aa27ac04c43cab85c280eb2e?s=96&d=mm&r=pg\",\"caption\":\"Kul\"},\"logo\":{\"@id\":\"https:\/\/sandzakpress.net\/arhiva\/#\/schema\/person\/image\/\"}},{\"@type\":\"Person\",\"@id\":\"https:\/\/sandzakpress.net\/arhiva\/#\/schema\/person\/c8baee722073534b583ea7bdb2e36c02\",\"name\":\"bosniak\",\"image\":{\"@type\":\"ImageObject\",\"inLanguage\":\"bs-BA\",\"@id\":\"https:\/\/sandzakpress.net\/arhiva\/#\/schema\/person\/image\/\",\"url\":\"https:\/\/secure.gravatar.com\/avatar\/a04fd330bfe3a36a72a0ad4a6d89fca7?s=96&d=mm&r=pg\",\"contentUrl\":\"https:\/\/secure.gravatar.com\/avatar\/a04fd330bfe3a36a72a0ad4a6d89fca7?s=96&d=mm&r=pg\",\"caption\":\"bosniak\"},\"url\":\"https:\/\/sandzakpress.net\/arhiva\/author\/bosniak\/\"}]}<\/script>\n<!-- \/ Yoast SEO Premium plugin. -->","yoast_head_json":{"title":"Za direktora JU Djeca Sarajevo konkurisala i Arzija Mahmutovi\u0107","robots":{"index":"index","follow":"follow","max-snippet":"max-snippet:-1","max-image-preview":"max-image-preview:large","max-video-preview":"max-video-preview:-1"},"canonical":"https:\/\/sandzakpress.net\/arhiva\/za-direktora-ju-djeca-sarajevo-konkurisala-i-arzija-mahmutovic\/","og_locale":"bs_BA","og_type":"article","og_title":"Za direktora JU Djeca Sarajevo konkurisala i Arzija Mahmutovi\u0107","og_description":"Sarajevo \u2013 Upravni odbor JU Djeca Sarajeva na ju\u010dera\u0161njoj sjednici otvario je pristigle koverte za mjesto direktora ove ustanove. Kako nam je kazao Avdulah Kova\u010devi\u0107, v.d. predsjednika UO, za ovu poziciju konkurisalo je sedam kandidata. To su sada\u0161nja v. d direktorica Jasmina \u010congo, Arzija Mahmutovi\u0107, Izet Rami\u0107, Misala Bajri\u0107, Suanita Banda, Zijo \u0106ati\u0107 i Sanida [&hellip;]","og_url":"https:\/\/sandzakpress.net\/arhiva\/za-direktora-ju-djeca-sarajevo-konkurisala-i-arzija-mahmutovic\/","og_site_name":"Sand\u017eak PRESS","article_published_time":"2016-02-25T10:38:21+00:00","og_image":[{"width":616,"height":411,"url":"https:\/\/sandzakpress.net\/arhiva\/wp-content\/uploads\/2016\/02\/uo-ju-djeca-sarajevo-otvorio-koverte-za-direktora-konkurisala-i-arzija-mahmutovic_1456259404-616x411-1.jpg","type":"image\/jpeg"}],"author":"bosniak","twitter_card":"summary_large_image","twitter_misc":{"Written by":"bosniak","Est. reading time":"1 minuta"},"schema":{"@context":"https:\/\/schema.org","@graph":[{"@type":"Article","@id":"https:\/\/sandzakpress.net\/arhiva\/za-direktora-ju-djeca-sarajevo-konkurisala-i-arzija-mahmutovic\/#article","isPartOf":{"@id":"https:\/\/sandzakpress.net\/arhiva\/za-direktora-ju-djeca-sarajevo-konkurisala-i-arzija-mahmutovic\/"},"author":{"name":"bosniak","@id":"https:\/\/sandzakpress.net\/arhiva\/#\/schema\/person\/c8baee722073534b583ea7bdb2e36c02"},"headline":"Za direktora JU Djeca Sarajevo konkurisala i Arzija Mahmutovi\u0107","datePublished":"2016-02-25T10:38:21+00:00","mainEntityOfPage":{"@id":"https:\/\/sandzakpress.net\/arhiva\/za-direktora-ju-djeca-sarajevo-konkurisala-i-arzija-mahmutovic\/"},"wordCount":164,"commentCount":0,"publisher":{"@id":"https:\/\/sandzakpress.net\/arhiva\/#\/schema\/person\/6e72b67d6e51910a1117b3b483ba20bd"},"image":{"@id":"https:\/\/sandzakpress.net\/arhiva\/za-direktora-ju-djeca-sarajevo-konkurisala-i-arzija-mahmutovic\/#primaryimage"},"thumbnailUrl":"https:\/\/sandzakpress.net\/arhiva\/wp-content\/uploads\/2016\/02\/uo-ju-djeca-sarajevo-otvorio-koverte-za-direktora-konkurisala-i-arzija-mahmutovic_1456259404-616x411-1.jpg","keywords":["Bosna i Hercegovina"],"articleSection":["Bosna PRESS"],"inLanguage":"bs-BA","potentialAction":[{"@type":"CommentAction","name":"Comment","target":["https:\/\/sandzakpress.net\/arhiva\/za-direktora-ju-djeca-sarajevo-konkurisala-i-arzija-mahmutovic\/#respond"]}]},{"@type":"WebPage","@id":"https:\/\/sandzakpress.net\/arhiva\/za-direktora-ju-djeca-sarajevo-konkurisala-i-arzija-mahmutovic\/","url":"https:\/\/sandzakpress.net\/arhiva\/za-direktora-ju-djeca-sarajevo-konkurisala-i-arzija-mahmutovic\/","name":"Za direktora JU Djeca Sarajevo konkurisala i Arzija Mahmutovi\u0107","isPartOf":{"@id":"https:\/\/sandzakpress.net\/arhiva\/#website"},"primaryImageOfPage":{"@id":"https:\/\/sandzakpress.net\/arhiva\/za-direktora-ju-djeca-sarajevo-konkurisala-i-arzija-mahmutovic\/#primaryimage"},"image":{"@id":"https:\/\/sandzakpress.net\/arhiva\/za-direktora-ju-djeca-sarajevo-konkurisala-i-arzija-mahmutovic\/#primaryimage"},"thumbnailUrl":"https:\/\/sandzakpress.net\/arhiva\/wp-content\/uploads\/2016\/02\/uo-ju-djeca-sarajevo-otvorio-koverte-za-direktora-konkurisala-i-arzija-mahmutovic_1456259404-616x411-1.jpg","datePublished":"2016-02-25T10:38:21+00:00","breadcrumb":{"@id":"https:\/\/sandzakpress.net\/arhiva\/za-direktora-ju-djeca-sarajevo-konkurisala-i-arzija-mahmutovic\/#breadcrumb"},"inLanguage":"bs-BA","potentialAction":[{"@type":"ReadAction","target":["https:\/\/sandzakpress.net\/arhiva\/za-direktora-ju-djeca-sarajevo-konkurisala-i-arzija-mahmutovic\/"]}]},{"@type":"ImageObject","inLanguage":"bs-BA","@id":"https:\/\/sandzakpress.net\/arhiva\/za-direktora-ju-djeca-sarajevo-konkurisala-i-arzija-mahmutovic\/#primaryimage","url":"https:\/\/sandzakpress.net\/arhiva\/wp-content\/uploads\/2016\/02\/uo-ju-djeca-sarajevo-otvorio-koverte-za-direktora-konkurisala-i-arzija-mahmutovic_1456259404-616x411-1.jpg","contentUrl":"https:\/\/sandzakpress.net\/arhiva\/wp-content\/uploads\/2016\/02\/uo-ju-djeca-sarajevo-otvorio-koverte-za-direktora-konkurisala-i-arzija-mahmutovic_1456259404-616x411-1.jpg","width":616,"height":411},{"@type":"BreadcrumbList","@id":"https:\/\/sandzakpress.net\/arhiva\/za-direktora-ju-djeca-sarajevo-konkurisala-i-arzija-mahmutovic\/#breadcrumb","itemListElement":[{"@type":"ListItem","position":1,"name":"Home","item":"https:\/\/sandzakpress.net\/arhiva\/"},{"@type":"ListItem","position":2,"name":"Za direktora JU Djeca Sarajevo konkurisala i Arzija Mahmutovi\u0107"}]},{"@type":"WebSite","@id":"https:\/\/sandzakpress.net\/arhiva\/#website","url":"https:\/\/sandzakpress.net\/arhiva\/","name":"Sand\u017eak PRESS","description":"Prve elektronske novine u Sand\u017eaku","publisher":{"@id":"https:\/\/sandzakpress.net\/arhiva\/#\/schema\/person\/6e72b67d6e51910a1117b3b483ba20bd"},"potentialAction":[{"@type":"SearchAction","target":{"@type":"EntryPoint","urlTemplate":"https:\/\/sandzakpress.net\/arhiva\/?s={search_term_string}"},"query-input":{"@type":"PropertyValueSpecification","valueRequired":true,"valueName":"search_term_string"}}],"inLanguage":"bs-BA"},{"@type":["Person","Organization"],"@id":"https:\/\/sandzakpress.net\/arhiva\/#\/schema\/person\/6e72b67d6e51910a1117b3b483ba20bd","name":"Kul","image":{"@type":"ImageObject","inLanguage":"bs-BA","@id":"https:\/\/sandzakpress.net\/arhiva\/#\/schema\/person\/image\/","url":"https:\/\/secure.gravatar.com\/avatar\/42263f39aa27ac04c43cab85c280eb2e?s=96&d=mm&r=pg","contentUrl":"https:\/\/secure.gravatar.com\/avatar\/42263f39aa27ac04c43cab85c280eb2e?s=96&d=mm&r=pg","caption":"Kul"},"logo":{"@id":"https:\/\/sandzakpress.net\/arhiva\/#\/schema\/person\/image\/"}},{"@type":"Person","@id":"https:\/\/sandzakpress.net\/arhiva\/#\/schema\/person\/c8baee722073534b583ea7bdb2e36c02","name":"bosniak","image":{"@type":"ImageObject","inLanguage":"bs-BA","@id":"https:\/\/sandzakpress.net\/arhiva\/#\/schema\/person\/image\/","url":"https:\/\/secure.gravatar.com\/avatar\/a04fd330bfe3a36a72a0ad4a6d89fca7?s=96&d=mm&r=pg","contentUrl":"https:\/\/secure.gravatar.com\/avatar\/a04fd330bfe3a36a72a0ad4a6d89fca7?s=96&d=mm&r=pg","caption":"bosniak"},"url":"https:\/\/sandzakpress.net\/arhiva\/author\/bosniak\/"}]}},"_links":{"self":[{"href":"https:\/\/sandzakpress.net\/arhiva\/wp-json\/wp\/v2\/posts\/155670"}],"collection":[{"href":"https:\/\/sandzakpress.net\/arhiva\/wp-json\/wp\/v2\/posts"}],"about":[{"href":"https:\/\/sandzakpress.net\/arhiva\/wp-json\/wp\/v2\/types\/post"}],"author":[{"embeddable":true,"href":"https:\/\/sandzakpress.net\/arhiva\/wp-json\/wp\/v2\/users\/83"}],"replies":[{"embeddable":true,"href":"https:\/\/sandzakpress.net\/arhiva\/wp-json\/wp\/v2\/comments?post=155670"}],"version-history":[{"count":0,"href":"https:\/\/sandzakpress.net\/arhiva\/wp-json\/wp\/v2\/posts\/155670\/revisions"}],"wp:featuredmedia":[{"embeddable":true,"href":"https:\/\/sandzakpress.net\/arhiva\/wp-json\/wp\/v2\/media\/155672"}],"wp:attachment":[{"href":"https:\/\/sandzakpress.net\/arhiva\/wp-json\/wp\/v2\/media?parent=155670"}],"wp:term":[{"taxonomy":"category","embeddable":true,"href":"https:\/\/sandzakpress.net\/arhiva\/wp-json\/wp\/v2\/categories?post=155670"},{"taxonomy":"post_tag","embeddable":true,"href":"https:\/\/sandzakpress.net\/arhiva\/wp-json\/wp\/v2\/tags?post=155670"}],"curies":[{"name":"wp","href":"https:\/\/api.w.org\/{rel}","templated":true}]}}