{"id":155586,"date":"2016-02-24T18:57:22","date_gmt":"2016-02-24T17:57:22","guid":{"rendered":"https:\/\/sandzakpress.net\/arhiva\/?p=155586"},"modified":"2016-02-25T10:28:29","modified_gmt":"2016-02-25T09:28:29","slug":"ljajic-ponovo-prodaje-maglu-u-bijelim-vodama","status":"publish","type":"post","link":"https:\/\/sandzakpress.net\/arhiva\/ljajic-ponovo-prodaje-maglu-u-bijelim-vodama\/","title":{"rendered":"Ljaji\u0107 ponovo prodaje maglu u Bijelim Vodama"},"content":{"rendered":"<p><img loading=\"lazy\" decoding=\"async\" class=\"aligncenter size-full wp-image-155588\" src=\"https:\/\/sandzakpress.net\/arhiva\/wp-content\/uploads\/2016\/02\/rasim-ljajic-magla.jpg\" alt=\"rasim ljajic magla\" width=\"956\" height=\"676\" srcset=\"https:\/\/sandzakpress.net\/arhiva\/wp-content\/uploads\/2016\/02\/rasim-ljajic-magla.jpg 956w, https:\/\/sandzakpress.net\/arhiva\/wp-content\/uploads\/2016\/02\/rasim-ljajic-magla-768x543.jpg 768w, https:\/\/sandzakpress.net\/arhiva\/wp-content\/uploads\/2016\/02\/rasim-ljajic-magla-616x436.jpg 616w\" sizes=\"(max-width: 956px) 100vw, 956px\" \/>&#8220;Mi imamo razloga da smo ponosni na ono \u0161to smo uradili zato tra\u017eimo vas glas mirne savjesti i mirne du\u0161e. Bi\u0107e i drugih koji \u0107e obe\u0107avati sve i sva\u0161ta, mi nismo pri\u010dali mi smo radili, zato nas podr\u017eite&#8221; rekao je izme\u0111u ostalog vje\u010diti srpski ministar na predizbornom skupu u Bijelim Vodama.\u00a0<\/p>\n<p>Sa ovim rije\u010dima ministra Ljaji\u0107a se sla\u017eem, narod treba glasati prema rezultatima. Ako pogledamo \u0161to je ura\u0111eno u Bijelim Vodama u posljednjih osam\u00a0godina koliko je Ljaji\u0107ev SDP na vlasti ne\u0107emo mnogo toga nabrojati.<\/p>\n<p>U rodnom mjestu prije par mjeseci ministar Ljaji\u0107 je sa svojom svitom uz \u00a0pljeskanje i slavlje otvorio fabriku Moda Campania i doveo italijanske &#8220;investitore&#8221;. Tada obe\u0107ao stotine radnih mjesta, osiguranje i redovne plate. Obe\u0107ao mje\u0161tanima i asfalt kao i povezivanje sela kvalitetnim putevima.<\/p>\n<p>Obe\u0107avao je ministar ali nije ispunjavao obe\u0107anja. Radnici fabrike u Bijelim Vodama prevareni. Mnogi od njih\u00a0ostali bez mjese\u010dnih primanja, \u010dak su i \u0161trajk pokrenuli ne bi li dobili ne\u0161to novca koji su sa mukom zaradili. \u00a0Izjava\u00a0ministar Rasima Ljaji\u0107a da se otvaranjem fabrike Bijelim Vodama Novi Pazar na velika vrata vratio na tekstilnu mapu Srbije i \u010ditavog regiona je paradoksalna. Trenutno je u fabrici manje od 30 radnika i taj se broj svakog dana smanjuje.<\/p>\n<p>Infastruktura u Bijelim Vodama i okolnim selima blago re\u010deno je katastrofalna. Na put ne kre\u0107ite prije nego popijete tablet protiv povra\u0107anja. Od silnih rupa \u010dak i oni sa najotpornijim \u017eelucem ne mogu izbje\u0107i mu\u010dninu.\u00a0<\/p>\n<p style=\"text-align: center;\">Da li \u0107e gladni, prevari i izmu\u010deni mje\u0161tani Bijelih Voda i okolnih sela dati podr\u0161ku Ljaji\u0107u da i tokom sljede\u0107e \u010detiri godine brine o njima?<\/p>\n<p> <img loading=\"lazy\" decoding=\"async\" class=\"aligncenter size-full wp-image-155587\" src=\"https:\/\/sandzakpress.net\/arhiva\/wp-content\/uploads\/2016\/02\/20160224094939.jpg\" alt=\"20160224094939\" width=\"900\" height=\"1600\" srcset=\"https:\/\/sandzakpress.net\/arhiva\/wp-content\/uploads\/2016\/02\/20160224094939.jpg 900w, https:\/\/sandzakpress.net\/arhiva\/wp-content\/uploads\/2016\/02\/20160224094939-768x1365.jpg 768w, https:\/\/sandzakpress.net\/arhiva\/wp-content\/uploads\/2016\/02\/20160224094939-616x1095.jpg 616w\" sizes=\"(max-width: 900px) 100vw, 900px\" \/><strong>Put od Bijelih Voda do Muhova ve\u0107 sedam\u00a0godina \u010deka na asfalt.<\/strong><\/p>\n<p>Autor: R.Z.<\/p>\n","protected":false},"excerpt":{"rendered":"<p>R.Z.<\/p>\n","protected":false},"author":83,"featured_media":155588,"comment_status":"open","ping_status":"open","sticky":false,"template":"","format":"standard","meta":{"footnotes":""},"categories":[72,10196,8957,16],"tags":[],"class_list":{"0":"post-155586","1":"post","2":"type-post","3":"status-publish","4":"format-standard","5":"has-post-thumbnail","7":"category-novi-pazar","8":"category-iz-pera-nasih-autora","9":"category-vijesti-dana","10":"category-novine"},"yoast_head":"<!-- This site is optimized with the Yoast SEO Premium plugin v23.1 (Yoast SEO v24.9) - https:\/\/yoast.com\/wordpress\/plugins\/seo\/ -->\n<title>Ljaji\u0107 ponovo prodaje maglu u Bijelim Vodama<\/title>\n<meta name=\"robots\" content=\"index, follow, max-snippet:-1, max-image-preview:large, max-video-preview:-1\" \/>\n<link rel=\"canonical\" href=\"https:\/\/sandzakpress.net\/arhiva\/ljajic-ponovo-prodaje-maglu-u-bijelim-vodama\/\" \/>\n<meta property=\"og:locale\" content=\"bs_BA\" \/>\n<meta property=\"og:type\" content=\"article\" \/>\n<meta property=\"og:title\" content=\"Ljaji\u0107 ponovo prodaje maglu u Bijelim Vodama\" \/>\n<meta property=\"og:description\" content=\"R.Z.\" \/>\n<meta property=\"og:url\" content=\"https:\/\/sandzakpress.net\/arhiva\/ljajic-ponovo-prodaje-maglu-u-bijelim-vodama\/\" \/>\n<meta property=\"og:site_name\" content=\"Sand\u017eak PRESS\" \/>\n<meta property=\"article:published_time\" content=\"2016-02-24T17:57:22+00:00\" \/>\n<meta property=\"article:modified_time\" content=\"2016-02-25T09:28:29+00:00\" \/>\n<meta property=\"og:image\" content=\"https:\/\/sandzakpress.net\/arhiva\/wp-content\/uploads\/2016\/02\/rasim-ljajic-magla.jpg\" \/>\n\t<meta property=\"og:image:width\" content=\"956\" \/>\n\t<meta property=\"og:image:height\" content=\"676\" \/>\n\t<meta property=\"og:image:type\" content=\"image\/jpeg\" \/>\n<meta name=\"author\" content=\"bosniak\" \/>\n<meta name=\"twitter:card\" content=\"summary_large_image\" \/>\n<meta name=\"twitter:label1\" content=\"Written by\" \/>\n\t<meta name=\"twitter:data1\" content=\"bosniak\" \/>\n\t<meta name=\"twitter:label2\" content=\"Est. reading time\" \/>\n\t<meta name=\"twitter:data2\" content=\"2 minute\" \/>\n<script type=\"application\/ld+json\" class=\"yoast-schema-graph\">{\"@context\":\"https:\/\/schema.org\",\"@graph\":[{\"@type\":\"Article\",\"@id\":\"https:\/\/sandzakpress.net\/arhiva\/ljajic-ponovo-prodaje-maglu-u-bijelim-vodama\/#article\",\"isPartOf\":{\"@id\":\"https:\/\/sandzakpress.net\/arhiva\/ljajic-ponovo-prodaje-maglu-u-bijelim-vodama\/\"},\"author\":{\"name\":\"bosniak\",\"@id\":\"https:\/\/sandzakpress.net\/arhiva\/#\/schema\/person\/c8baee722073534b583ea7bdb2e36c02\"},\"headline\":\"Ljaji\u0107 ponovo prodaje maglu u Bijelim Vodama\",\"datePublished\":\"2016-02-24T17:57:22+00:00\",\"dateModified\":\"2016-02-25T09:28:29+00:00\",\"mainEntityOfPage\":{\"@id\":\"https:\/\/sandzakpress.net\/arhiva\/ljajic-ponovo-prodaje-maglu-u-bijelim-vodama\/\"},\"wordCount\":317,\"commentCount\":13,\"publisher\":{\"@id\":\"https:\/\/sandzakpress.net\/arhiva\/#\/schema\/person\/6e72b67d6e51910a1117b3b483ba20bd\"},\"image\":{\"@id\":\"https:\/\/sandzakpress.net\/arhiva\/ljajic-ponovo-prodaje-maglu-u-bijelim-vodama\/#primaryimage\"},\"thumbnailUrl\":\"https:\/\/sandzakpress.net\/arhiva\/wp-content\/uploads\/2016\/02\/rasim-ljajic-magla.jpg\",\"articleSection\":[\"Novi Pazar\",\"Iz pera na\u0161ih autora\",\"VIJESTI DANA\",\"Novine\"],\"inLanguage\":\"bs-BA\",\"potentialAction\":[{\"@type\":\"CommentAction\",\"name\":\"Comment\",\"target\":[\"https:\/\/sandzakpress.net\/arhiva\/ljajic-ponovo-prodaje-maglu-u-bijelim-vodama\/#respond\"]}]},{\"@type\":\"WebPage\",\"@id\":\"https:\/\/sandzakpress.net\/arhiva\/ljajic-ponovo-prodaje-maglu-u-bijelim-vodama\/\",\"url\":\"https:\/\/sandzakpress.net\/arhiva\/ljajic-ponovo-prodaje-maglu-u-bijelim-vodama\/\",\"name\":\"Ljaji\u0107 ponovo prodaje maglu u Bijelim Vodama\",\"isPartOf\":{\"@id\":\"https:\/\/sandzakpress.net\/arhiva\/#website\"},\"primaryImageOfPage\":{\"@id\":\"https:\/\/sandzakpress.net\/arhiva\/ljajic-ponovo-prodaje-maglu-u-bijelim-vodama\/#primaryimage\"},\"image\":{\"@id\":\"https:\/\/sandzakpress.net\/arhiva\/ljajic-ponovo-prodaje-maglu-u-bijelim-vodama\/#primaryimage\"},\"thumbnailUrl\":\"https:\/\/sandzakpress.net\/arhiva\/wp-content\/uploads\/2016\/02\/rasim-ljajic-magla.jpg\",\"datePublished\":\"2016-02-24T17:57:22+00:00\",\"dateModified\":\"2016-02-25T09:28:29+00:00\",\"breadcrumb\":{\"@id\":\"https:\/\/sandzakpress.net\/arhiva\/ljajic-ponovo-prodaje-maglu-u-bijelim-vodama\/#breadcrumb\"},\"inLanguage\":\"bs-BA\",\"potentialAction\":[{\"@type\":\"ReadAction\",\"target\":[\"https:\/\/sandzakpress.net\/arhiva\/ljajic-ponovo-prodaje-maglu-u-bijelim-vodama\/\"]}]},{\"@type\":\"ImageObject\",\"inLanguage\":\"bs-BA\",\"@id\":\"https:\/\/sandzakpress.net\/arhiva\/ljajic-ponovo-prodaje-maglu-u-bijelim-vodama\/#primaryimage\",\"url\":\"https:\/\/sandzakpress.net\/arhiva\/wp-content\/uploads\/2016\/02\/rasim-ljajic-magla.jpg\",\"contentUrl\":\"https:\/\/sandzakpress.net\/arhiva\/wp-content\/uploads\/2016\/02\/rasim-ljajic-magla.jpg\",\"width\":956,\"height\":676},{\"@type\":\"BreadcrumbList\",\"@id\":\"https:\/\/sandzakpress.net\/arhiva\/ljajic-ponovo-prodaje-maglu-u-bijelim-vodama\/#breadcrumb\",\"itemListElement\":[{\"@type\":\"ListItem\",\"position\":1,\"name\":\"Home\",\"item\":\"https:\/\/sandzakpress.net\/arhiva\/\"},{\"@type\":\"ListItem\",\"position\":2,\"name\":\"Ljaji\u0107 ponovo prodaje maglu u Bijelim Vodama\"}]},{\"@type\":\"WebSite\",\"@id\":\"https:\/\/sandzakpress.net\/arhiva\/#website\",\"url\":\"https:\/\/sandzakpress.net\/arhiva\/\",\"name\":\"Sand\u017eak PRESS\",\"description\":\"Prve elektronske novine u Sand\u017eaku\",\"publisher\":{\"@id\":\"https:\/\/sandzakpress.net\/arhiva\/#\/schema\/person\/6e72b67d6e51910a1117b3b483ba20bd\"},\"potentialAction\":[{\"@type\":\"SearchAction\",\"target\":{\"@type\":\"EntryPoint\",\"urlTemplate\":\"https:\/\/sandzakpress.net\/arhiva\/?s={search_term_string}\"},\"query-input\":{\"@type\":\"PropertyValueSpecification\",\"valueRequired\":true,\"valueName\":\"search_term_string\"}}],\"inLanguage\":\"bs-BA\"},{\"@type\":[\"Person\",\"Organization\"],\"@id\":\"https:\/\/sandzakpress.net\/arhiva\/#\/schema\/person\/6e72b67d6e51910a1117b3b483ba20bd\",\"name\":\"Kul\",\"image\":{\"@type\":\"ImageObject\",\"inLanguage\":\"bs-BA\",\"@id\":\"https:\/\/sandzakpress.net\/arhiva\/#\/schema\/person\/image\/\",\"url\":\"https:\/\/secure.gravatar.com\/avatar\/42263f39aa27ac04c43cab85c280eb2e?s=96&d=mm&r=pg\",\"contentUrl\":\"https:\/\/secure.gravatar.com\/avatar\/42263f39aa27ac04c43cab85c280eb2e?s=96&d=mm&r=pg\",\"caption\":\"Kul\"},\"logo\":{\"@id\":\"https:\/\/sandzakpress.net\/arhiva\/#\/schema\/person\/image\/\"}},{\"@type\":\"Person\",\"@id\":\"https:\/\/sandzakpress.net\/arhiva\/#\/schema\/person\/c8baee722073534b583ea7bdb2e36c02\",\"name\":\"bosniak\",\"image\":{\"@type\":\"ImageObject\",\"inLanguage\":\"bs-BA\",\"@id\":\"https:\/\/sandzakpress.net\/arhiva\/#\/schema\/person\/image\/\",\"url\":\"https:\/\/secure.gravatar.com\/avatar\/a04fd330bfe3a36a72a0ad4a6d89fca7?s=96&d=mm&r=pg\",\"contentUrl\":\"https:\/\/secure.gravatar.com\/avatar\/a04fd330bfe3a36a72a0ad4a6d89fca7?s=96&d=mm&r=pg\",\"caption\":\"bosniak\"},\"url\":\"https:\/\/sandzakpress.net\/arhiva\/author\/bosniak\/\"}]}<\/script>\n<!-- \/ Yoast SEO Premium plugin. -->","yoast_head_json":{"title":"Ljaji\u0107 ponovo prodaje maglu u Bijelim Vodama","robots":{"index":"index","follow":"follow","max-snippet":"max-snippet:-1","max-image-preview":"max-image-preview:large","max-video-preview":"max-video-preview:-1"},"canonical":"https:\/\/sandzakpress.net\/arhiva\/ljajic-ponovo-prodaje-maglu-u-bijelim-vodama\/","og_locale":"bs_BA","og_type":"article","og_title":"Ljaji\u0107 ponovo prodaje maglu u Bijelim Vodama","og_description":"R.Z.","og_url":"https:\/\/sandzakpress.net\/arhiva\/ljajic-ponovo-prodaje-maglu-u-bijelim-vodama\/","og_site_name":"Sand\u017eak PRESS","article_published_time":"2016-02-24T17:57:22+00:00","article_modified_time":"2016-02-25T09:28:29+00:00","og_image":[{"width":956,"height":676,"url":"https:\/\/sandzakpress.net\/arhiva\/wp-content\/uploads\/2016\/02\/rasim-ljajic-magla.jpg","type":"image\/jpeg"}],"author":"bosniak","twitter_card":"summary_large_image","twitter_misc":{"Written by":"bosniak","Est. reading time":"2 minute"},"schema":{"@context":"https:\/\/schema.org","@graph":[{"@type":"Article","@id":"https:\/\/sandzakpress.net\/arhiva\/ljajic-ponovo-prodaje-maglu-u-bijelim-vodama\/#article","isPartOf":{"@id":"https:\/\/sandzakpress.net\/arhiva\/ljajic-ponovo-prodaje-maglu-u-bijelim-vodama\/"},"author":{"name":"bosniak","@id":"https:\/\/sandzakpress.net\/arhiva\/#\/schema\/person\/c8baee722073534b583ea7bdb2e36c02"},"headline":"Ljaji\u0107 ponovo prodaje maglu u Bijelim Vodama","datePublished":"2016-02-24T17:57:22+00:00","dateModified":"2016-02-25T09:28:29+00:00","mainEntityOfPage":{"@id":"https:\/\/sandzakpress.net\/arhiva\/ljajic-ponovo-prodaje-maglu-u-bijelim-vodama\/"},"wordCount":317,"commentCount":13,"publisher":{"@id":"https:\/\/sandzakpress.net\/arhiva\/#\/schema\/person\/6e72b67d6e51910a1117b3b483ba20bd"},"image":{"@id":"https:\/\/sandzakpress.net\/arhiva\/ljajic-ponovo-prodaje-maglu-u-bijelim-vodama\/#primaryimage"},"thumbnailUrl":"https:\/\/sandzakpress.net\/arhiva\/wp-content\/uploads\/2016\/02\/rasim-ljajic-magla.jpg","articleSection":["Novi Pazar","Iz pera na\u0161ih autora","VIJESTI DANA","Novine"],"inLanguage":"bs-BA","potentialAction":[{"@type":"CommentAction","name":"Comment","target":["https:\/\/sandzakpress.net\/arhiva\/ljajic-ponovo-prodaje-maglu-u-bijelim-vodama\/#respond"]}]},{"@type":"WebPage","@id":"https:\/\/sandzakpress.net\/arhiva\/ljajic-ponovo-prodaje-maglu-u-bijelim-vodama\/","url":"https:\/\/sandzakpress.net\/arhiva\/ljajic-ponovo-prodaje-maglu-u-bijelim-vodama\/","name":"Ljaji\u0107 ponovo prodaje maglu u Bijelim Vodama","isPartOf":{"@id":"https:\/\/sandzakpress.net\/arhiva\/#website"},"primaryImageOfPage":{"@id":"https:\/\/sandzakpress.net\/arhiva\/ljajic-ponovo-prodaje-maglu-u-bijelim-vodama\/#primaryimage"},"image":{"@id":"https:\/\/sandzakpress.net\/arhiva\/ljajic-ponovo-prodaje-maglu-u-bijelim-vodama\/#primaryimage"},"thumbnailUrl":"https:\/\/sandzakpress.net\/arhiva\/wp-content\/uploads\/2016\/02\/rasim-ljajic-magla.jpg","datePublished":"2016-02-24T17:57:22+00:00","dateModified":"2016-02-25T09:28:29+00:00","breadcrumb":{"@id":"https:\/\/sandzakpress.net\/arhiva\/ljajic-ponovo-prodaje-maglu-u-bijelim-vodama\/#breadcrumb"},"inLanguage":"bs-BA","potentialAction":[{"@type":"ReadAction","target":["https:\/\/sandzakpress.net\/arhiva\/ljajic-ponovo-prodaje-maglu-u-bijelim-vodama\/"]}]},{"@type":"ImageObject","inLanguage":"bs-BA","@id":"https:\/\/sandzakpress.net\/arhiva\/ljajic-ponovo-prodaje-maglu-u-bijelim-vodama\/#primaryimage","url":"https:\/\/sandzakpress.net\/arhiva\/wp-content\/uploads\/2016\/02\/rasim-ljajic-magla.jpg","contentUrl":"https:\/\/sandzakpress.net\/arhiva\/wp-content\/uploads\/2016\/02\/rasim-ljajic-magla.jpg","width":956,"height":676},{"@type":"BreadcrumbList","@id":"https:\/\/sandzakpress.net\/arhiva\/ljajic-ponovo-prodaje-maglu-u-bijelim-vodama\/#breadcrumb","itemListElement":[{"@type":"ListItem","position":1,"name":"Home","item":"https:\/\/sandzakpress.net\/arhiva\/"},{"@type":"ListItem","position":2,"name":"Ljaji\u0107 ponovo prodaje maglu u Bijelim Vodama"}]},{"@type":"WebSite","@id":"https:\/\/sandzakpress.net\/arhiva\/#website","url":"https:\/\/sandzakpress.net\/arhiva\/","name":"Sand\u017eak PRESS","description":"Prve elektronske novine u Sand\u017eaku","publisher":{"@id":"https:\/\/sandzakpress.net\/arhiva\/#\/schema\/person\/6e72b67d6e51910a1117b3b483ba20bd"},"potentialAction":[{"@type":"SearchAction","target":{"@type":"EntryPoint","urlTemplate":"https:\/\/sandzakpress.net\/arhiva\/?s={search_term_string}"},"query-input":{"@type":"PropertyValueSpecification","valueRequired":true,"valueName":"search_term_string"}}],"inLanguage":"bs-BA"},{"@type":["Person","Organization"],"@id":"https:\/\/sandzakpress.net\/arhiva\/#\/schema\/person\/6e72b67d6e51910a1117b3b483ba20bd","name":"Kul","image":{"@type":"ImageObject","inLanguage":"bs-BA","@id":"https:\/\/sandzakpress.net\/arhiva\/#\/schema\/person\/image\/","url":"https:\/\/secure.gravatar.com\/avatar\/42263f39aa27ac04c43cab85c280eb2e?s=96&d=mm&r=pg","contentUrl":"https:\/\/secure.gravatar.com\/avatar\/42263f39aa27ac04c43cab85c280eb2e?s=96&d=mm&r=pg","caption":"Kul"},"logo":{"@id":"https:\/\/sandzakpress.net\/arhiva\/#\/schema\/person\/image\/"}},{"@type":"Person","@id":"https:\/\/sandzakpress.net\/arhiva\/#\/schema\/person\/c8baee722073534b583ea7bdb2e36c02","name":"bosniak","image":{"@type":"ImageObject","inLanguage":"bs-BA","@id":"https:\/\/sandzakpress.net\/arhiva\/#\/schema\/person\/image\/","url":"https:\/\/secure.gravatar.com\/avatar\/a04fd330bfe3a36a72a0ad4a6d89fca7?s=96&d=mm&r=pg","contentUrl":"https:\/\/secure.gravatar.com\/avatar\/a04fd330bfe3a36a72a0ad4a6d89fca7?s=96&d=mm&r=pg","caption":"bosniak"},"url":"https:\/\/sandzakpress.net\/arhiva\/author\/bosniak\/"}]}},"_links":{"self":[{"href":"https:\/\/sandzakpress.net\/arhiva\/wp-json\/wp\/v2\/posts\/155586"}],"collection":[{"href":"https:\/\/sandzakpress.net\/arhiva\/wp-json\/wp\/v2\/posts"}],"about":[{"href":"https:\/\/sandzakpress.net\/arhiva\/wp-json\/wp\/v2\/types\/post"}],"author":[{"embeddable":true,"href":"https:\/\/sandzakpress.net\/arhiva\/wp-json\/wp\/v2\/users\/83"}],"replies":[{"embeddable":true,"href":"https:\/\/sandzakpress.net\/arhiva\/wp-json\/wp\/v2\/comments?post=155586"}],"version-history":[{"count":0,"href":"https:\/\/sandzakpress.net\/arhiva\/wp-json\/wp\/v2\/posts\/155586\/revisions"}],"wp:featuredmedia":[{"embeddable":true,"href":"https:\/\/sandzakpress.net\/arhiva\/wp-json\/wp\/v2\/media\/155588"}],"wp:attachment":[{"href":"https:\/\/sandzakpress.net\/arhiva\/wp-json\/wp\/v2\/media?parent=155586"}],"wp:term":[{"taxonomy":"category","embeddable":true,"href":"https:\/\/sandzakpress.net\/arhiva\/wp-json\/wp\/v2\/categories?post=155586"},{"taxonomy":"post_tag","embeddable":true,"href":"https:\/\/sandzakpress.net\/arhiva\/wp-json\/wp\/v2\/tags?post=155586"}],"curies":[{"name":"wp","href":"https:\/\/api.w.org\/{rel}","templated":true}]}}