{"id":155571,"date":"2016-02-24T13:27:14","date_gmt":"2016-02-24T12:27:14","guid":{"rendered":"https:\/\/sandzakpress.net\/arhiva\/?p=155571"},"modified":"2016-02-24T13:52:04","modified_gmt":"2016-02-24T12:52:04","slug":"muratovic-bosnjaci-u-juznom-sandzaku-su-iznevjereni","status":"publish","type":"post","link":"https:\/\/sandzakpress.net\/arhiva\/muratovic-bosnjaci-u-juznom-sandzaku-su-iznevjereni\/","title":{"rendered":"Muratovi\u0107: Bo\u0161njaci u ju\u017enom Sand\u017eaku su iznevjereni"},"content":{"rendered":"<p><strong><img loading=\"lazy\" decoding=\"async\" class=\"aligncenter size-full wp-image-155578\" src=\"https:\/\/sandzakpress.net\/arhiva\/wp-content\/uploads\/2016\/02\/20160212_101356-e1456297164586.jpg\" alt=\"20160212_101356-e1456297164586\" width=\"708\" height=\"502\" srcset=\"https:\/\/sandzakpress.net\/arhiva\/wp-content\/uploads\/2016\/02\/20160212_101356-e1456297164586.jpg 708w, https:\/\/sandzakpress.net\/arhiva\/wp-content\/uploads\/2016\/02\/20160212_101356-e1456297164586-616x437.jpg 616w\" sizes=\"(max-width: 708px) 100vw, 708px\" \/>Almir Muratovi\u0107, predjsednik izvr\u0161nog odbora Bo\u0161nja\u010dke demokratske zajednice, je u emisiji Putevi i raskr\u0161\u0107a govorio o polo\u017eaju Bo\u0161njaka u Crnoj Gori\u00a0<\/strong><\/p>\n<p><strong>ALMIR MURATOVI\u0106:<\/strong> Moram krenuti sa tzv. \u201ezloupotrebom pro\u0161losti\u201c iz razloga \u0161to su Bo\u0161njaci u pro\u0161losti mnogo puta bili pred raznim isku\u0161enjima, i slobodno mogu re\u0107i da su bili pred isku\u0161enjima opstanka na ovim podru\u010djima. Jedan dio crnogorske javnosti poku\u0161ava da ovaj narod dr\u017ei u nekom strahu i da zloupotrebljava za neke svoje politi\u010dke ili druge poene. Naravno, nije sve tako crno, ima pomaka, ali sve to nije dovoljno da bi Bo\u0161njaci u Crnoj Gori osje\u0107ali Crnu Goru u pravom smislu svojom domovinom, \u0161to naravno ne zna\u010di da je oni ne do\u017eivaljavaju kao svoju dr\u017eavu. Da bi jedan prostor u kojem \u017eivite, osje\u0107ali domovinom, taj prostor mora da vam bude topao kao dom, u pravom smislu te rije\u010di. U domu ne smije da bude promaje, da se osje\u0107amo nelagodno, da budemo kao ono \u0161to se ka\u017ee u svom domu, a svedocimo smo da kroz istoriju je ovdje bilo raznih vjetrova, i obi\u010dno ko se zadesio na toj vjetrometini i koga je zadesila ta hladno\u0107a istorije jeste Bo\u0161nja\u010dki narod. Pa \u010dak i sada, u 2016. godini, u 21. vijeku vu\u010de traume i iskustva iz pro\u0161losti. Bo\u0161nja\u010dki narod onog momenta kada mu je nametnuto da je jedini spas u nezavisnoj Crnoj Gori, onda su oni podr\u017eali, naravno sa svojim uslovima koji nisu na ni\u010diju \u0161tetu, ve\u0107a samo da se osje\u0107amo sigurni, kao svoj na svome. Ovo \u0161to se sada de\u0161ava, a moje mi\u0161ljenje dijele i obi\u010dni gra\u0111ani, jeste da su Bo\u0161njaci u Crnoj Gori razo\u010darani i mogu upotrijebiti i grubu rije\u010d kao \u0161to je prevareni. Mi moramo da budemo otvoreni, i da ljude dijelimo na dobre i lo\u0161e i da treba da \u017eivimo zajedno sa svojim susjedima, kom\u0161ijama, i treba da shvatimo da su Bo\u0161njaci autohton narod na ovim prostorima. Ono \u0161to Bo\u0161njaci o\u010dekuju od ve\u0107inskod dijela stanovni\u0161tva jeste da budu tolerantiji, ne tolerantiji u smislu da mi ne\u0161to ne zaslu\u017eujemo, ve\u0107 da u okviru svojih projekata poka\u017eu da nas po\u0161tuju kao autohton narod, a ne samo da Bo\u0161njake koriste za politi\u010dko \u010duvanje odre\u0111enih interesa. Onaj ko nam spo\u010ditava da nekog \u010duvamo, ima svoju ocjenu da li je to pravedno ili nije, ali Bo\u0161nja\u010dki narod jeste izmapuliran, i u politi\u010dkom, ekonomskom i bilo kojem drugom smislu. Bo\u0161nja\u010dka dijaspora treba da osjeti da ima svoju domovinu, Crnu Goru i ta ljubav mora da bude obostrana, a ne samo sa jedne strane. Na\u0161a dijaspora se zloupotrebljava u ekonomskom smislu, kada su u pitanju neki projekti. Danas u 21. vijeku mi, Bo\u0161njaci moramo da otvaramo i postavljamo neka osnovna i elementarna prava i pitanja. Moramo da otvorimo pitanje Bo\u0161njaka kao naroda\u201c<\/p>\n<p><strong>Popis u Crnoj Gori i odnos prema dijaspori?<\/strong><\/p>\n<p><strong>ALMIR MURATOVI\u0106:\u00a0<\/strong>Prije svega \u017eelim da uka\u017eem na neke nelogi\u010dnosti. Na\u0161a dijaspora nije uvr\u0161\u0107ena u popis, a ima bira\u010dko pravo, pravo da glasa i dala je ogromni doprinos 2006 godine kada je bio referendum, ali kada je trebalo da u\u0111e u popis tu nije bilo dijaspore. Ono \u0161to bih poru\u010dio mom narodu, Bo\u0161nja\u010dkom narodu jeste to da ne klone duhom, ma koliko bilo te\u0161ko, neka sagleda pozitivnu stranu i da ne napupta ove prostore i da ne odlazi u svijet u neizvjesnost, da ne dozvole asimilaciju, jer \u0107e do\u0107i u situacija da, kada dolaze u Crnu Goru mora\u0107e da se prijave kao turisti. Skre\u0107em pa\u017enju da se vi\u0161e ljudi iselilo od kada je Crna Gora povratila svoju samostalnost, nego li kada je bilo vrijeme i te\u017ee nego sad\u201c dodaju\u0107i da nisu ekonomski razlozi ti zbog kojih se samo iseljavaju Bo\u0161njaci sa ovih prostora. \u201eSkoro \u010ditam u novinama da je alarmantno stanje u Podgorici jer nema mjesta u vrti\u0107ima, a nije alarmantno ako se \u0161kole na sjeveru Crne Gore zatvaraju jer nema u\u010denika, a nije alarmantno stanje ako \u0161kola u Petnjici upi\u0161e 4-5 u\u010denika a nekada je mnogo vi\u0161e upisivala, i nije samo u Petnjici, evo pogledaj te Berane i generalno komplet sjever Crne Gore. Krene auto put da se pravi i on se pravi do Kola\u0161ina, umjesto da po\u010dne od Boljara i to je namjerno napravljeno od strane dr\u017eave. \u0160ta mi dobijamo ako nam je priklju\u010dak na auto put 100 km daleko od nas, ja vama postavljam pitanje. Putna infrastuktura bi puno pomogla za ovaj kraj. I velika je \u017ealost da mi u 21 vijeku pri\u010damo o putevima, kada je u Africi ura\u0111eno prije 30 godina, a u evropskoj Crnoj Gori se pri\u010da, ne radi se, ve\u0107 samo se pri\u010da. Skoro je u na\u0161oj op\u0161tini nasut put koji je obe\u0107an jo\u0161 prije 10 godina, a gra\u0111ani treba da znaju da sve to oni pla\u0107aju, to je njihov novac, novac od poreza, doprinosa i sl. Ja se najljep\u0161e osje\u0107am u Petnjici a imao sam prilika da \u017eivim i van, ali mo\u017eda je previ\u0161e izra\u017een taj lokal patriotizam, ali sam jednostavno tu zato \u0161to volim Petnjicu, volim svoj narod. Volim i one sa kojima se sla\u017eem i one sa kojama se ne sla\u017eem. Vjerujem u bolju budu\u0107nost, da ne vjerujem ne bi bio ni dana o\u0111e, i radim na boljoj budu\u0107nosti.<\/p>\n<p>(radio petnjica)<\/p>\n","protected":false},"excerpt":{"rendered":"<p>Almir Muratovi\u0107, predjsednik izvr\u0161nog odbora Bo\u0161nja\u010dke demokratske zajednice, je u emisiji Putevi i raskr\u0161\u0107a govorio o polo\u017eaju Bo\u0161njaka u Crnoj Gori\u00a0 ALMIR MURATOVI\u0106: Moram krenuti sa tzv. \u201ezloupotrebom pro\u0161losti\u201c iz razloga \u0161to su Bo\u0161njaci u pro\u0161losti mnogo puta bili pred raznim isku\u0161enjima, i slobodno mogu re\u0107i da su bili pred isku\u0161enjima opstanka na ovim podru\u010djima. [&hellip;]<\/p>\n","protected":false},"author":83,"featured_media":155578,"comment_status":"open","ping_status":"open","sticky":false,"template":"","format":"standard","meta":{"footnotes":""},"categories":[398,1,397,10174,396,395,399,10173,8957],"tags":[10223],"class_list":{"0":"post-155571","1":"post","2":"type-post","3":"status-publish","4":"format-standard","5":"has-post-thumbnail","7":"category-rozaje","8":"category-politika","9":"category-berane","10":"category-petnjica-vase-vijesti","11":"category-bijelo_polje","12":"category-pljevlja_","13":"category-plav_","14":"category-gusinje-vase-vijesti","15":"category-vijesti-dana","16":"tag-bdz"},"yoast_head":"<!-- This site is optimized with the Yoast SEO Premium plugin v23.1 (Yoast SEO v24.9) - https:\/\/yoast.com\/wordpress\/plugins\/seo\/ -->\n<title>Muratovi\u0107: Bo\u0161njaci u ju\u017enom Sand\u017eaku su iznevjereni<\/title>\n<meta name=\"robots\" content=\"index, follow, max-snippet:-1, max-image-preview:large, max-video-preview:-1\" \/>\n<link rel=\"canonical\" href=\"https:\/\/sandzakpress.net\/arhiva\/muratovic-bosnjaci-u-juznom-sandzaku-su-iznevjereni\/\" \/>\n<meta property=\"og:locale\" content=\"bs_BA\" \/>\n<meta property=\"og:type\" content=\"article\" \/>\n<meta property=\"og:title\" content=\"Muratovi\u0107: Bo\u0161njaci u ju\u017enom Sand\u017eaku su iznevjereni\" \/>\n<meta property=\"og:description\" content=\"Almir Muratovi\u0107, predjsednik izvr\u0161nog odbora Bo\u0161nja\u010dke demokratske zajednice, je u emisiji Putevi i raskr\u0161\u0107a govorio o polo\u017eaju Bo\u0161njaka u Crnoj Gori\u00a0 ALMIR MURATOVI\u0106: Moram krenuti sa tzv. \u201ezloupotrebom pro\u0161losti\u201c iz razloga \u0161to su Bo\u0161njaci u pro\u0161losti mnogo puta bili pred raznim isku\u0161enjima, i slobodno mogu re\u0107i da su bili pred isku\u0161enjima opstanka na ovim podru\u010djima. [&hellip;]\" \/>\n<meta property=\"og:url\" content=\"https:\/\/sandzakpress.net\/arhiva\/muratovic-bosnjaci-u-juznom-sandzaku-su-iznevjereni\/\" \/>\n<meta property=\"og:site_name\" content=\"Sand\u017eak PRESS\" \/>\n<meta property=\"article:published_time\" content=\"2016-02-24T12:27:14+00:00\" \/>\n<meta property=\"article:modified_time\" content=\"2016-02-24T12:52:04+00:00\" \/>\n<meta property=\"og:image\" content=\"https:\/\/sandzakpress.net\/arhiva\/wp-content\/uploads\/2016\/02\/20160212_101356-e1456297164586.jpg\" \/>\n\t<meta property=\"og:image:width\" content=\"708\" \/>\n\t<meta property=\"og:image:height\" content=\"502\" \/>\n\t<meta property=\"og:image:type\" content=\"image\/jpeg\" \/>\n<meta name=\"author\" content=\"bosniak\" \/>\n<meta name=\"twitter:card\" content=\"summary_large_image\" \/>\n<meta name=\"twitter:label1\" content=\"Written by\" \/>\n\t<meta name=\"twitter:data1\" content=\"bosniak\" \/>\n\t<meta name=\"twitter:label2\" content=\"Est. reading time\" \/>\n\t<meta name=\"twitter:data2\" content=\"5 minuta\" \/>\n<script type=\"application\/ld+json\" class=\"yoast-schema-graph\">{\"@context\":\"https:\/\/schema.org\",\"@graph\":[{\"@type\":\"Article\",\"@id\":\"https:\/\/sandzakpress.net\/arhiva\/muratovic-bosnjaci-u-juznom-sandzaku-su-iznevjereni\/#article\",\"isPartOf\":{\"@id\":\"https:\/\/sandzakpress.net\/arhiva\/muratovic-bosnjaci-u-juznom-sandzaku-su-iznevjereni\/\"},\"author\":{\"name\":\"bosniak\",\"@id\":\"https:\/\/sandzakpress.net\/arhiva\/#\/schema\/person\/c8baee722073534b583ea7bdb2e36c02\"},\"headline\":\"Muratovi\u0107: Bo\u0161njaci u ju\u017enom Sand\u017eaku su iznevjereni\",\"datePublished\":\"2016-02-24T12:27:14+00:00\",\"dateModified\":\"2016-02-24T12:52:04+00:00\",\"mainEntityOfPage\":{\"@id\":\"https:\/\/sandzakpress.net\/arhiva\/muratovic-bosnjaci-u-juznom-sandzaku-su-iznevjereni\/\"},\"wordCount\":959,\"commentCount\":18,\"publisher\":{\"@id\":\"https:\/\/sandzakpress.net\/arhiva\/#\/schema\/person\/6e72b67d6e51910a1117b3b483ba20bd\"},\"image\":{\"@id\":\"https:\/\/sandzakpress.net\/arhiva\/muratovic-bosnjaci-u-juznom-sandzaku-su-iznevjereni\/#primaryimage\"},\"thumbnailUrl\":\"https:\/\/sandzakpress.net\/arhiva\/wp-content\/uploads\/2016\/02\/20160212_101356-e1456297164586.jpg\",\"keywords\":[\"BDZ\"],\"articleSection\":[\"Ro\u017eaje\",\"Politika\",\"Berane\",\"Petnjica\",\"Bijelo Polje\",\"Pljevlja\",\"Plav\",\"Gusinje\",\"VIJESTI DANA\"],\"inLanguage\":\"bs-BA\",\"potentialAction\":[{\"@type\":\"CommentAction\",\"name\":\"Comment\",\"target\":[\"https:\/\/sandzakpress.net\/arhiva\/muratovic-bosnjaci-u-juznom-sandzaku-su-iznevjereni\/#respond\"]}]},{\"@type\":\"WebPage\",\"@id\":\"https:\/\/sandzakpress.net\/arhiva\/muratovic-bosnjaci-u-juznom-sandzaku-su-iznevjereni\/\",\"url\":\"https:\/\/sandzakpress.net\/arhiva\/muratovic-bosnjaci-u-juznom-sandzaku-su-iznevjereni\/\",\"name\":\"Muratovi\u0107: Bo\u0161njaci u ju\u017enom Sand\u017eaku su iznevjereni\",\"isPartOf\":{\"@id\":\"https:\/\/sandzakpress.net\/arhiva\/#website\"},\"primaryImageOfPage\":{\"@id\":\"https:\/\/sandzakpress.net\/arhiva\/muratovic-bosnjaci-u-juznom-sandzaku-su-iznevjereni\/#primaryimage\"},\"image\":{\"@id\":\"https:\/\/sandzakpress.net\/arhiva\/muratovic-bosnjaci-u-juznom-sandzaku-su-iznevjereni\/#primaryimage\"},\"thumbnailUrl\":\"https:\/\/sandzakpress.net\/arhiva\/wp-content\/uploads\/2016\/02\/20160212_101356-e1456297164586.jpg\",\"datePublished\":\"2016-02-24T12:27:14+00:00\",\"dateModified\":\"2016-02-24T12:52:04+00:00\",\"breadcrumb\":{\"@id\":\"https:\/\/sandzakpress.net\/arhiva\/muratovic-bosnjaci-u-juznom-sandzaku-su-iznevjereni\/#breadcrumb\"},\"inLanguage\":\"bs-BA\",\"potentialAction\":[{\"@type\":\"ReadAction\",\"target\":[\"https:\/\/sandzakpress.net\/arhiva\/muratovic-bosnjaci-u-juznom-sandzaku-su-iznevjereni\/\"]}]},{\"@type\":\"ImageObject\",\"inLanguage\":\"bs-BA\",\"@id\":\"https:\/\/sandzakpress.net\/arhiva\/muratovic-bosnjaci-u-juznom-sandzaku-su-iznevjereni\/#primaryimage\",\"url\":\"https:\/\/sandzakpress.net\/arhiva\/wp-content\/uploads\/2016\/02\/20160212_101356-e1456297164586.jpg\",\"contentUrl\":\"https:\/\/sandzakpress.net\/arhiva\/wp-content\/uploads\/2016\/02\/20160212_101356-e1456297164586.jpg\",\"width\":708,\"height\":502},{\"@type\":\"BreadcrumbList\",\"@id\":\"https:\/\/sandzakpress.net\/arhiva\/muratovic-bosnjaci-u-juznom-sandzaku-su-iznevjereni\/#breadcrumb\",\"itemListElement\":[{\"@type\":\"ListItem\",\"position\":1,\"name\":\"Home\",\"item\":\"https:\/\/sandzakpress.net\/arhiva\/\"},{\"@type\":\"ListItem\",\"position\":2,\"name\":\"Muratovi\u0107: Bo\u0161njaci u ju\u017enom Sand\u017eaku su iznevjereni\"}]},{\"@type\":\"WebSite\",\"@id\":\"https:\/\/sandzakpress.net\/arhiva\/#website\",\"url\":\"https:\/\/sandzakpress.net\/arhiva\/\",\"name\":\"Sand\u017eak PRESS\",\"description\":\"Prve elektronske novine u Sand\u017eaku\",\"publisher\":{\"@id\":\"https:\/\/sandzakpress.net\/arhiva\/#\/schema\/person\/6e72b67d6e51910a1117b3b483ba20bd\"},\"potentialAction\":[{\"@type\":\"SearchAction\",\"target\":{\"@type\":\"EntryPoint\",\"urlTemplate\":\"https:\/\/sandzakpress.net\/arhiva\/?s={search_term_string}\"},\"query-input\":{\"@type\":\"PropertyValueSpecification\",\"valueRequired\":true,\"valueName\":\"search_term_string\"}}],\"inLanguage\":\"bs-BA\"},{\"@type\":[\"Person\",\"Organization\"],\"@id\":\"https:\/\/sandzakpress.net\/arhiva\/#\/schema\/person\/6e72b67d6e51910a1117b3b483ba20bd\",\"name\":\"Kul\",\"image\":{\"@type\":\"ImageObject\",\"inLanguage\":\"bs-BA\",\"@id\":\"https:\/\/sandzakpress.net\/arhiva\/#\/schema\/person\/image\/\",\"url\":\"https:\/\/secure.gravatar.com\/avatar\/42263f39aa27ac04c43cab85c280eb2e?s=96&d=mm&r=pg\",\"contentUrl\":\"https:\/\/secure.gravatar.com\/avatar\/42263f39aa27ac04c43cab85c280eb2e?s=96&d=mm&r=pg\",\"caption\":\"Kul\"},\"logo\":{\"@id\":\"https:\/\/sandzakpress.net\/arhiva\/#\/schema\/person\/image\/\"}},{\"@type\":\"Person\",\"@id\":\"https:\/\/sandzakpress.net\/arhiva\/#\/schema\/person\/c8baee722073534b583ea7bdb2e36c02\",\"name\":\"bosniak\",\"image\":{\"@type\":\"ImageObject\",\"inLanguage\":\"bs-BA\",\"@id\":\"https:\/\/sandzakpress.net\/arhiva\/#\/schema\/person\/image\/\",\"url\":\"https:\/\/secure.gravatar.com\/avatar\/a04fd330bfe3a36a72a0ad4a6d89fca7?s=96&d=mm&r=pg\",\"contentUrl\":\"https:\/\/secure.gravatar.com\/avatar\/a04fd330bfe3a36a72a0ad4a6d89fca7?s=96&d=mm&r=pg\",\"caption\":\"bosniak\"},\"url\":\"https:\/\/sandzakpress.net\/arhiva\/author\/bosniak\/\"}]}<\/script>\n<!-- \/ Yoast SEO Premium plugin. -->","yoast_head_json":{"title":"Muratovi\u0107: Bo\u0161njaci u ju\u017enom Sand\u017eaku su iznevjereni","robots":{"index":"index","follow":"follow","max-snippet":"max-snippet:-1","max-image-preview":"max-image-preview:large","max-video-preview":"max-video-preview:-1"},"canonical":"https:\/\/sandzakpress.net\/arhiva\/muratovic-bosnjaci-u-juznom-sandzaku-su-iznevjereni\/","og_locale":"bs_BA","og_type":"article","og_title":"Muratovi\u0107: Bo\u0161njaci u ju\u017enom Sand\u017eaku su iznevjereni","og_description":"Almir Muratovi\u0107, predjsednik izvr\u0161nog odbora Bo\u0161nja\u010dke demokratske zajednice, je u emisiji Putevi i raskr\u0161\u0107a govorio o polo\u017eaju Bo\u0161njaka u Crnoj Gori\u00a0 ALMIR MURATOVI\u0106: Moram krenuti sa tzv. \u201ezloupotrebom pro\u0161losti\u201c iz razloga \u0161to su Bo\u0161njaci u pro\u0161losti mnogo puta bili pred raznim isku\u0161enjima, i slobodno mogu re\u0107i da su bili pred isku\u0161enjima opstanka na ovim podru\u010djima. [&hellip;]","og_url":"https:\/\/sandzakpress.net\/arhiva\/muratovic-bosnjaci-u-juznom-sandzaku-su-iznevjereni\/","og_site_name":"Sand\u017eak PRESS","article_published_time":"2016-02-24T12:27:14+00:00","article_modified_time":"2016-02-24T12:52:04+00:00","og_image":[{"width":708,"height":502,"url":"https:\/\/sandzakpress.net\/arhiva\/wp-content\/uploads\/2016\/02\/20160212_101356-e1456297164586.jpg","type":"image\/jpeg"}],"author":"bosniak","twitter_card":"summary_large_image","twitter_misc":{"Written by":"bosniak","Est. reading time":"5 minuta"},"schema":{"@context":"https:\/\/schema.org","@graph":[{"@type":"Article","@id":"https:\/\/sandzakpress.net\/arhiva\/muratovic-bosnjaci-u-juznom-sandzaku-su-iznevjereni\/#article","isPartOf":{"@id":"https:\/\/sandzakpress.net\/arhiva\/muratovic-bosnjaci-u-juznom-sandzaku-su-iznevjereni\/"},"author":{"name":"bosniak","@id":"https:\/\/sandzakpress.net\/arhiva\/#\/schema\/person\/c8baee722073534b583ea7bdb2e36c02"},"headline":"Muratovi\u0107: Bo\u0161njaci u ju\u017enom Sand\u017eaku su iznevjereni","datePublished":"2016-02-24T12:27:14+00:00","dateModified":"2016-02-24T12:52:04+00:00","mainEntityOfPage":{"@id":"https:\/\/sandzakpress.net\/arhiva\/muratovic-bosnjaci-u-juznom-sandzaku-su-iznevjereni\/"},"wordCount":959,"commentCount":18,"publisher":{"@id":"https:\/\/sandzakpress.net\/arhiva\/#\/schema\/person\/6e72b67d6e51910a1117b3b483ba20bd"},"image":{"@id":"https:\/\/sandzakpress.net\/arhiva\/muratovic-bosnjaci-u-juznom-sandzaku-su-iznevjereni\/#primaryimage"},"thumbnailUrl":"https:\/\/sandzakpress.net\/arhiva\/wp-content\/uploads\/2016\/02\/20160212_101356-e1456297164586.jpg","keywords":["BDZ"],"articleSection":["Ro\u017eaje","Politika","Berane","Petnjica","Bijelo Polje","Pljevlja","Plav","Gusinje","VIJESTI DANA"],"inLanguage":"bs-BA","potentialAction":[{"@type":"CommentAction","name":"Comment","target":["https:\/\/sandzakpress.net\/arhiva\/muratovic-bosnjaci-u-juznom-sandzaku-su-iznevjereni\/#respond"]}]},{"@type":"WebPage","@id":"https:\/\/sandzakpress.net\/arhiva\/muratovic-bosnjaci-u-juznom-sandzaku-su-iznevjereni\/","url":"https:\/\/sandzakpress.net\/arhiva\/muratovic-bosnjaci-u-juznom-sandzaku-su-iznevjereni\/","name":"Muratovi\u0107: Bo\u0161njaci u ju\u017enom Sand\u017eaku su iznevjereni","isPartOf":{"@id":"https:\/\/sandzakpress.net\/arhiva\/#website"},"primaryImageOfPage":{"@id":"https:\/\/sandzakpress.net\/arhiva\/muratovic-bosnjaci-u-juznom-sandzaku-su-iznevjereni\/#primaryimage"},"image":{"@id":"https:\/\/sandzakpress.net\/arhiva\/muratovic-bosnjaci-u-juznom-sandzaku-su-iznevjereni\/#primaryimage"},"thumbnailUrl":"https:\/\/sandzakpress.net\/arhiva\/wp-content\/uploads\/2016\/02\/20160212_101356-e1456297164586.jpg","datePublished":"2016-02-24T12:27:14+00:00","dateModified":"2016-02-24T12:52:04+00:00","breadcrumb":{"@id":"https:\/\/sandzakpress.net\/arhiva\/muratovic-bosnjaci-u-juznom-sandzaku-su-iznevjereni\/#breadcrumb"},"inLanguage":"bs-BA","potentialAction":[{"@type":"ReadAction","target":["https:\/\/sandzakpress.net\/arhiva\/muratovic-bosnjaci-u-juznom-sandzaku-su-iznevjereni\/"]}]},{"@type":"ImageObject","inLanguage":"bs-BA","@id":"https:\/\/sandzakpress.net\/arhiva\/muratovic-bosnjaci-u-juznom-sandzaku-su-iznevjereni\/#primaryimage","url":"https:\/\/sandzakpress.net\/arhiva\/wp-content\/uploads\/2016\/02\/20160212_101356-e1456297164586.jpg","contentUrl":"https:\/\/sandzakpress.net\/arhiva\/wp-content\/uploads\/2016\/02\/20160212_101356-e1456297164586.jpg","width":708,"height":502},{"@type":"BreadcrumbList","@id":"https:\/\/sandzakpress.net\/arhiva\/muratovic-bosnjaci-u-juznom-sandzaku-su-iznevjereni\/#breadcrumb","itemListElement":[{"@type":"ListItem","position":1,"name":"Home","item":"https:\/\/sandzakpress.net\/arhiva\/"},{"@type":"ListItem","position":2,"name":"Muratovi\u0107: Bo\u0161njaci u ju\u017enom Sand\u017eaku su iznevjereni"}]},{"@type":"WebSite","@id":"https:\/\/sandzakpress.net\/arhiva\/#website","url":"https:\/\/sandzakpress.net\/arhiva\/","name":"Sand\u017eak PRESS","description":"Prve elektronske novine u Sand\u017eaku","publisher":{"@id":"https:\/\/sandzakpress.net\/arhiva\/#\/schema\/person\/6e72b67d6e51910a1117b3b483ba20bd"},"potentialAction":[{"@type":"SearchAction","target":{"@type":"EntryPoint","urlTemplate":"https:\/\/sandzakpress.net\/arhiva\/?s={search_term_string}"},"query-input":{"@type":"PropertyValueSpecification","valueRequired":true,"valueName":"search_term_string"}}],"inLanguage":"bs-BA"},{"@type":["Person","Organization"],"@id":"https:\/\/sandzakpress.net\/arhiva\/#\/schema\/person\/6e72b67d6e51910a1117b3b483ba20bd","name":"Kul","image":{"@type":"ImageObject","inLanguage":"bs-BA","@id":"https:\/\/sandzakpress.net\/arhiva\/#\/schema\/person\/image\/","url":"https:\/\/secure.gravatar.com\/avatar\/42263f39aa27ac04c43cab85c280eb2e?s=96&d=mm&r=pg","contentUrl":"https:\/\/secure.gravatar.com\/avatar\/42263f39aa27ac04c43cab85c280eb2e?s=96&d=mm&r=pg","caption":"Kul"},"logo":{"@id":"https:\/\/sandzakpress.net\/arhiva\/#\/schema\/person\/image\/"}},{"@type":"Person","@id":"https:\/\/sandzakpress.net\/arhiva\/#\/schema\/person\/c8baee722073534b583ea7bdb2e36c02","name":"bosniak","image":{"@type":"ImageObject","inLanguage":"bs-BA","@id":"https:\/\/sandzakpress.net\/arhiva\/#\/schema\/person\/image\/","url":"https:\/\/secure.gravatar.com\/avatar\/a04fd330bfe3a36a72a0ad4a6d89fca7?s=96&d=mm&r=pg","contentUrl":"https:\/\/secure.gravatar.com\/avatar\/a04fd330bfe3a36a72a0ad4a6d89fca7?s=96&d=mm&r=pg","caption":"bosniak"},"url":"https:\/\/sandzakpress.net\/arhiva\/author\/bosniak\/"}]}},"_links":{"self":[{"href":"https:\/\/sandzakpress.net\/arhiva\/wp-json\/wp\/v2\/posts\/155571"}],"collection":[{"href":"https:\/\/sandzakpress.net\/arhiva\/wp-json\/wp\/v2\/posts"}],"about":[{"href":"https:\/\/sandzakpress.net\/arhiva\/wp-json\/wp\/v2\/types\/post"}],"author":[{"embeddable":true,"href":"https:\/\/sandzakpress.net\/arhiva\/wp-json\/wp\/v2\/users\/83"}],"replies":[{"embeddable":true,"href":"https:\/\/sandzakpress.net\/arhiva\/wp-json\/wp\/v2\/comments?post=155571"}],"version-history":[{"count":0,"href":"https:\/\/sandzakpress.net\/arhiva\/wp-json\/wp\/v2\/posts\/155571\/revisions"}],"wp:featuredmedia":[{"embeddable":true,"href":"https:\/\/sandzakpress.net\/arhiva\/wp-json\/wp\/v2\/media\/155578"}],"wp:attachment":[{"href":"https:\/\/sandzakpress.net\/arhiva\/wp-json\/wp\/v2\/media?parent=155571"}],"wp:term":[{"taxonomy":"category","embeddable":true,"href":"https:\/\/sandzakpress.net\/arhiva\/wp-json\/wp\/v2\/categories?post=155571"},{"taxonomy":"post_tag","embeddable":true,"href":"https:\/\/sandzakpress.net\/arhiva\/wp-json\/wp\/v2\/tags?post=155571"}],"curies":[{"name":"wp","href":"https:\/\/api.w.org\/{rel}","templated":true}]}}