{"id":155373,"date":"2016-02-22T14:58:36","date_gmt":"2016-02-22T13:58:36","guid":{"rendered":"https:\/\/sandzakpress.net\/arhiva\/?p=155373"},"modified":"2016-02-22T14:58:36","modified_gmt":"2016-02-22T13:58:36","slug":"nastava-na-bosanskom-jeziku-u-sandzaku-iskustva-i-izazovi","status":"publish","type":"post","link":"https:\/\/sandzakpress.net\/arhiva\/nastava-na-bosanskom-jeziku-u-sandzaku-iskustva-i-izazovi\/","title":{"rendered":"Nastava na bosanskom jeziku u Sand\u017eaku \u2013 iskustva i izazovi"},"content":{"rendered":"<p><img decoding=\"async\" src=\"http:\/\/www.sandzacke.rs\/wp-content\/uploads\/2016\/02\/dan-skolstva-na-bosanskom-640x330.jpg\" alt=\"Foto: bnv.org.rs\" \/><\/p>\n<p><strong>Novi Pazar &#8211; U Bo\u0161nja\u010dkom nacionalnom vije\u0107u danas je, povodom 21. februara\u00a0Me\u0111unarodnog dana maternjeg jezika i Dana \u0161kolstva na bosanskom jeziku u Sand\u017eaku, organizovana konferencija\u00a0 \u201cNastava na bosanskom jeziku u Sand\u017eaku \u2013 dosada\u0161nja iskustva i izazovi\u201d u kojoj su u\u010destvovali autori nastavnih planova i programa i ud\u017ebenika za nastavu na bosanskom jeziku, kao i javna tribina pod istim nazivom.<span id=\"more-12811\"><\/span><\/strong><\/p>\n<p>Konferencija je organizirana sa ciljem dogovora o izradi nedostaju\u0107ih planova i programa i ud\u017ebenika, u skladu sa planom ud\u017ebenika na bosanskom jeziku koji je u procesu usvajanja od strane Nacionalnog prosvjetnog savjeta.<\/p>\n<p><img loading=\"lazy\" decoding=\"async\" class=\"alignnone wp-image-12812\" src=\"http:\/\/www.bnv.org.rs\/wp-content\/uploads\/2016\/02\/2016-02-21-dan-matenjeg-jezika-1.jpg\" sizes=\"(max-width: 460px) 100vw, 460px\" srcset=\"http:\/\/www.bnv.org.rs\/wp-content\/uploads\/2016\/02\/2016-02-21-dan-matenjeg-jezika-1-300x199.jpg 300w, http:\/\/www.bnv.org.rs\/wp-content\/uploads\/2016\/02\/2016-02-21-dan-matenjeg-jezika-1-768x509.jpg 768w, http:\/\/www.bnv.org.rs\/wp-content\/uploads\/2016\/02\/2016-02-21-dan-matenjeg-jezika-1-1024x678.jpg 1024w, http:\/\/www.bnv.org.rs\/wp-content\/uploads\/2016\/02\/2016-02-21-dan-matenjeg-jezika-1.jpg 1200w\" alt=\"2016-02-21 - dan matenjeg jezika (1)\" width=\"749\" height=\"496\" \/><\/p>\n<p>U pogledu nedostaju\u0107ih planova i ud\u017ebenika iz grupe nacionalnih predmeta naro\u010dito je istaknuta potreba multidimenzionalnog pristupa historijskim doga\u0111ajima i li\u010dnostima iz na\u0161e pro\u0161losti kako bi se na taj na\u010din pristupilo onome \u0161to se de\u0161avalo tokom 19. i 20. stolje\u0107a.<\/p>\n<p><img loading=\"lazy\" decoding=\"async\" class=\"alignnone wp-image-12815\" src=\"http:\/\/www.bnv.org.rs\/wp-content\/uploads\/2016\/02\/2016-02-21-dan-matenjeg-jezika-4.jpg\" sizes=\"(max-width: 453px) 100vw, 453px\" srcset=\"http:\/\/www.bnv.org.rs\/wp-content\/uploads\/2016\/02\/2016-02-21-dan-matenjeg-jezika-4-300x199.jpg 300w, http:\/\/www.bnv.org.rs\/wp-content\/uploads\/2016\/02\/2016-02-21-dan-matenjeg-jezika-4-768x509.jpg 768w, http:\/\/www.bnv.org.rs\/wp-content\/uploads\/2016\/02\/2016-02-21-dan-matenjeg-jezika-4-1024x678.jpg 1024w, http:\/\/www.bnv.org.rs\/wp-content\/uploads\/2016\/02\/2016-02-21-dan-matenjeg-jezika-4.jpg 1200w\" alt=\"2016-02-21 - dan matenjeg jezika (4)\" width=\"738\" height=\"489\" \/><\/p>\n<p>Na potom odr\u017eanoj javnoj tribini u\u010desnici konferencije \u201cNastava na bosanskom jeziku u Sand\u017eaku \u2013 dosada\u0161nja iskustva i izazovi\u201d su prezentovali svoja vi\u0111enja prevazila\u017eenja izazova u nastavi na bosanskom jeziku, gdje je posebno nazna\u010dena prakti\u010dna realizacija dodataka iz grupe nacionalnih predmeta, ali i uklju\u010divanje sadr\u017eaja iz lokalne odnosno zavi\u010dajne pro\u0161losti u dodatke iz historije.<\/p>\n<p><img loading=\"lazy\" decoding=\"async\" class=\"alignnone wp-image-12814\" src=\"http:\/\/www.bnv.org.rs\/wp-content\/uploads\/2016\/02\/2016-02-21-dan-matenjeg-jezika-3.jpg\" sizes=\"(max-width: 455px) 100vw, 455px\" srcset=\"http:\/\/www.bnv.org.rs\/wp-content\/uploads\/2016\/02\/2016-02-21-dan-matenjeg-jezika-3-300x199.jpg 300w, http:\/\/www.bnv.org.rs\/wp-content\/uploads\/2016\/02\/2016-02-21-dan-matenjeg-jezika-3-768x509.jpg 768w, http:\/\/www.bnv.org.rs\/wp-content\/uploads\/2016\/02\/2016-02-21-dan-matenjeg-jezika-3-1024x678.jpg 1024w, http:\/\/www.bnv.org.rs\/wp-content\/uploads\/2016\/02\/2016-02-21-dan-matenjeg-jezika-3.jpg 1200w\" alt=\"2016-02-21 - dan matenjeg jezika (3)\" width=\"741\" height=\"492\" \/><\/p>\n<p>Javnoj tribini je prisustvovao veliki broj odgajatelja, nastavnika razredne i predmetne nastave, kao i stru\u010dnih saradnika u nastavi na bosanskom jeziku.<\/p>\n<p><img loading=\"lazy\" decoding=\"async\" class=\"alignnone wp-image-12813\" src=\"http:\/\/www.bnv.org.rs\/wp-content\/uploads\/2016\/02\/2016-02-21-dan-matenjeg-jezika-2.jpg\" sizes=\"(max-width: 453px) 100vw, 453px\" srcset=\"http:\/\/www.bnv.org.rs\/wp-content\/uploads\/2016\/02\/2016-02-21-dan-matenjeg-jezika-2-300x199.jpg 300w, http:\/\/www.bnv.org.rs\/wp-content\/uploads\/2016\/02\/2016-02-21-dan-matenjeg-jezika-2-768x509.jpg 768w, http:\/\/www.bnv.org.rs\/wp-content\/uploads\/2016\/02\/2016-02-21-dan-matenjeg-jezika-2-1024x678.jpg 1024w, http:\/\/www.bnv.org.rs\/wp-content\/uploads\/2016\/02\/2016-02-21-dan-matenjeg-jezika-2.jpg 1200w\" alt=\"2016-02-21 - dan matenjeg jezika (2)\" width=\"735\" height=\"487\" \/><\/p>\n<p>(Sand\u017ea\u010dke novine \/ bnv.org.rs)<\/p>\n","protected":false},"excerpt":{"rendered":"<p>Novi Pazar &#8211; U Bo\u0161nja\u010dkom nacionalnom vije\u0107u danas je, povodom 21. februara\u00a0Me\u0111unarodnog dana maternjeg jezika i Dana \u0161kolstva na bosanskom jeziku u Sand\u017eaku, organizovana konferencija\u00a0 \u201cNastava na bosanskom jeziku u Sand\u017eaku \u2013 dosada\u0161nja iskustva i izazovi\u201d u kojoj su u\u010destvovali autori nastavnih planova i programa i ud\u017ebenika za nastavu na bosanskom jeziku, kao i javna [&hellip;]<\/p>\n","protected":false},"author":83,"featured_media":155393,"comment_status":"open","ping_status":"open","sticky":false,"template":"","format":"standard","meta":{"footnotes":""},"categories":[72,800,10429],"tags":[],"class_list":{"0":"post-155373","1":"post","2":"type-post","3":"status-publish","4":"format-standard","5":"has-post-thumbnail","7":"category-novi-pazar","8":"category-nacija","9":"category-vazno"},"yoast_head":"<!-- This site is optimized with the Yoast SEO Premium plugin v23.1 (Yoast SEO v24.9) - https:\/\/yoast.com\/wordpress\/plugins\/seo\/ -->\n<title>Nastava na bosanskom jeziku u Sand\u017eaku \u2013 iskustva i izazovi<\/title>\n<meta name=\"robots\" content=\"index, follow, max-snippet:-1, max-image-preview:large, max-video-preview:-1\" \/>\n<link rel=\"canonical\" href=\"https:\/\/sandzakpress.net\/arhiva\/nastava-na-bosanskom-jeziku-u-sandzaku-iskustva-i-izazovi\/\" \/>\n<meta property=\"og:locale\" content=\"bs_BA\" \/>\n<meta property=\"og:type\" content=\"article\" \/>\n<meta property=\"og:title\" content=\"Nastava na bosanskom jeziku u Sand\u017eaku \u2013 iskustva i izazovi\" \/>\n<meta property=\"og:description\" content=\"Novi Pazar &#8211; U Bo\u0161nja\u010dkom nacionalnom vije\u0107u danas je, povodom 21. februara\u00a0Me\u0111unarodnog dana maternjeg jezika i Dana \u0161kolstva na bosanskom jeziku u Sand\u017eaku, organizovana konferencija\u00a0 \u201cNastava na bosanskom jeziku u Sand\u017eaku \u2013 dosada\u0161nja iskustva i izazovi\u201d u kojoj su u\u010destvovali autori nastavnih planova i programa i ud\u017ebenika za nastavu na bosanskom jeziku, kao i javna [&hellip;]\" \/>\n<meta property=\"og:url\" content=\"https:\/\/sandzakpress.net\/arhiva\/nastava-na-bosanskom-jeziku-u-sandzaku-iskustva-i-izazovi\/\" \/>\n<meta property=\"og:site_name\" content=\"Sand\u017eak PRESS\" \/>\n<meta property=\"article:published_time\" content=\"2016-02-22T13:58:36+00:00\" \/>\n<meta property=\"og:image\" content=\"https:\/\/sandzakpress.net\/arhiva\/wp-content\/uploads\/2016\/02\/dan-skolstva-na-bosanskom-640x330.jpg\" \/>\n\t<meta property=\"og:image:width\" content=\"640\" \/>\n\t<meta property=\"og:image:height\" content=\"330\" \/>\n\t<meta property=\"og:image:type\" content=\"image\/jpeg\" \/>\n<meta name=\"author\" content=\"bosniak\" \/>\n<meta name=\"twitter:card\" content=\"summary_large_image\" \/>\n<meta name=\"twitter:label1\" content=\"Written by\" \/>\n\t<meta name=\"twitter:data1\" content=\"bosniak\" \/>\n\t<meta name=\"twitter:label2\" content=\"Est. reading time\" \/>\n\t<meta name=\"twitter:data2\" content=\"1 minuta\" \/>\n<script type=\"application\/ld+json\" class=\"yoast-schema-graph\">{\"@context\":\"https:\/\/schema.org\",\"@graph\":[{\"@type\":\"Article\",\"@id\":\"https:\/\/sandzakpress.net\/arhiva\/nastava-na-bosanskom-jeziku-u-sandzaku-iskustva-i-izazovi\/#article\",\"isPartOf\":{\"@id\":\"https:\/\/sandzakpress.net\/arhiva\/nastava-na-bosanskom-jeziku-u-sandzaku-iskustva-i-izazovi\/\"},\"author\":{\"name\":\"bosniak\",\"@id\":\"https:\/\/sandzakpress.net\/arhiva\/#\/schema\/person\/c8baee722073534b583ea7bdb2e36c02\"},\"headline\":\"Nastava na bosanskom jeziku u Sand\u017eaku \u2013 iskustva i izazovi\",\"datePublished\":\"2016-02-22T13:58:36+00:00\",\"mainEntityOfPage\":{\"@id\":\"https:\/\/sandzakpress.net\/arhiva\/nastava-na-bosanskom-jeziku-u-sandzaku-iskustva-i-izazovi\/\"},\"wordCount\":252,\"commentCount\":8,\"publisher\":{\"@id\":\"https:\/\/sandzakpress.net\/arhiva\/#\/schema\/person\/6e72b67d6e51910a1117b3b483ba20bd\"},\"image\":{\"@id\":\"https:\/\/sandzakpress.net\/arhiva\/nastava-na-bosanskom-jeziku-u-sandzaku-iskustva-i-izazovi\/#primaryimage\"},\"thumbnailUrl\":\"https:\/\/sandzakpress.net\/arhiva\/wp-content\/uploads\/2016\/02\/dan-skolstva-na-bosanskom-640x330.jpg\",\"articleSection\":[\"Novi Pazar\",\"Nacija\",\"VA\u017dNO!\"],\"inLanguage\":\"bs-BA\",\"potentialAction\":[{\"@type\":\"CommentAction\",\"name\":\"Comment\",\"target\":[\"https:\/\/sandzakpress.net\/arhiva\/nastava-na-bosanskom-jeziku-u-sandzaku-iskustva-i-izazovi\/#respond\"]}]},{\"@type\":\"WebPage\",\"@id\":\"https:\/\/sandzakpress.net\/arhiva\/nastava-na-bosanskom-jeziku-u-sandzaku-iskustva-i-izazovi\/\",\"url\":\"https:\/\/sandzakpress.net\/arhiva\/nastava-na-bosanskom-jeziku-u-sandzaku-iskustva-i-izazovi\/\",\"name\":\"Nastava na bosanskom jeziku u Sand\u017eaku \u2013 iskustva i izazovi\",\"isPartOf\":{\"@id\":\"https:\/\/sandzakpress.net\/arhiva\/#website\"},\"primaryImageOfPage\":{\"@id\":\"https:\/\/sandzakpress.net\/arhiva\/nastava-na-bosanskom-jeziku-u-sandzaku-iskustva-i-izazovi\/#primaryimage\"},\"image\":{\"@id\":\"https:\/\/sandzakpress.net\/arhiva\/nastava-na-bosanskom-jeziku-u-sandzaku-iskustva-i-izazovi\/#primaryimage\"},\"thumbnailUrl\":\"https:\/\/sandzakpress.net\/arhiva\/wp-content\/uploads\/2016\/02\/dan-skolstva-na-bosanskom-640x330.jpg\",\"datePublished\":\"2016-02-22T13:58:36+00:00\",\"breadcrumb\":{\"@id\":\"https:\/\/sandzakpress.net\/arhiva\/nastava-na-bosanskom-jeziku-u-sandzaku-iskustva-i-izazovi\/#breadcrumb\"},\"inLanguage\":\"bs-BA\",\"potentialAction\":[{\"@type\":\"ReadAction\",\"target\":[\"https:\/\/sandzakpress.net\/arhiva\/nastava-na-bosanskom-jeziku-u-sandzaku-iskustva-i-izazovi\/\"]}]},{\"@type\":\"ImageObject\",\"inLanguage\":\"bs-BA\",\"@id\":\"https:\/\/sandzakpress.net\/arhiva\/nastava-na-bosanskom-jeziku-u-sandzaku-iskustva-i-izazovi\/#primaryimage\",\"url\":\"https:\/\/sandzakpress.net\/arhiva\/wp-content\/uploads\/2016\/02\/dan-skolstva-na-bosanskom-640x330.jpg\",\"contentUrl\":\"https:\/\/sandzakpress.net\/arhiva\/wp-content\/uploads\/2016\/02\/dan-skolstva-na-bosanskom-640x330.jpg\",\"width\":640,\"height\":330},{\"@type\":\"BreadcrumbList\",\"@id\":\"https:\/\/sandzakpress.net\/arhiva\/nastava-na-bosanskom-jeziku-u-sandzaku-iskustva-i-izazovi\/#breadcrumb\",\"itemListElement\":[{\"@type\":\"ListItem\",\"position\":1,\"name\":\"Home\",\"item\":\"https:\/\/sandzakpress.net\/arhiva\/\"},{\"@type\":\"ListItem\",\"position\":2,\"name\":\"Nastava na bosanskom jeziku u Sand\u017eaku \u2013 iskustva i izazovi\"}]},{\"@type\":\"WebSite\",\"@id\":\"https:\/\/sandzakpress.net\/arhiva\/#website\",\"url\":\"https:\/\/sandzakpress.net\/arhiva\/\",\"name\":\"Sand\u017eak PRESS\",\"description\":\"Prve elektronske novine u Sand\u017eaku\",\"publisher\":{\"@id\":\"https:\/\/sandzakpress.net\/arhiva\/#\/schema\/person\/6e72b67d6e51910a1117b3b483ba20bd\"},\"potentialAction\":[{\"@type\":\"SearchAction\",\"target\":{\"@type\":\"EntryPoint\",\"urlTemplate\":\"https:\/\/sandzakpress.net\/arhiva\/?s={search_term_string}\"},\"query-input\":{\"@type\":\"PropertyValueSpecification\",\"valueRequired\":true,\"valueName\":\"search_term_string\"}}],\"inLanguage\":\"bs-BA\"},{\"@type\":[\"Person\",\"Organization\"],\"@id\":\"https:\/\/sandzakpress.net\/arhiva\/#\/schema\/person\/6e72b67d6e51910a1117b3b483ba20bd\",\"name\":\"Kul\",\"image\":{\"@type\":\"ImageObject\",\"inLanguage\":\"bs-BA\",\"@id\":\"https:\/\/sandzakpress.net\/arhiva\/#\/schema\/person\/image\/\",\"url\":\"https:\/\/secure.gravatar.com\/avatar\/42263f39aa27ac04c43cab85c280eb2e?s=96&d=mm&r=pg\",\"contentUrl\":\"https:\/\/secure.gravatar.com\/avatar\/42263f39aa27ac04c43cab85c280eb2e?s=96&d=mm&r=pg\",\"caption\":\"Kul\"},\"logo\":{\"@id\":\"https:\/\/sandzakpress.net\/arhiva\/#\/schema\/person\/image\/\"}},{\"@type\":\"Person\",\"@id\":\"https:\/\/sandzakpress.net\/arhiva\/#\/schema\/person\/c8baee722073534b583ea7bdb2e36c02\",\"name\":\"bosniak\",\"image\":{\"@type\":\"ImageObject\",\"inLanguage\":\"bs-BA\",\"@id\":\"https:\/\/sandzakpress.net\/arhiva\/#\/schema\/person\/image\/\",\"url\":\"https:\/\/secure.gravatar.com\/avatar\/a04fd330bfe3a36a72a0ad4a6d89fca7?s=96&d=mm&r=pg\",\"contentUrl\":\"https:\/\/secure.gravatar.com\/avatar\/a04fd330bfe3a36a72a0ad4a6d89fca7?s=96&d=mm&r=pg\",\"caption\":\"bosniak\"},\"url\":\"https:\/\/sandzakpress.net\/arhiva\/author\/bosniak\/\"}]}<\/script>\n<!-- \/ Yoast SEO Premium plugin. -->","yoast_head_json":{"title":"Nastava na bosanskom jeziku u Sand\u017eaku \u2013 iskustva i izazovi","robots":{"index":"index","follow":"follow","max-snippet":"max-snippet:-1","max-image-preview":"max-image-preview:large","max-video-preview":"max-video-preview:-1"},"canonical":"https:\/\/sandzakpress.net\/arhiva\/nastava-na-bosanskom-jeziku-u-sandzaku-iskustva-i-izazovi\/","og_locale":"bs_BA","og_type":"article","og_title":"Nastava na bosanskom jeziku u Sand\u017eaku \u2013 iskustva i izazovi","og_description":"Novi Pazar &#8211; U Bo\u0161nja\u010dkom nacionalnom vije\u0107u danas je, povodom 21. februara\u00a0Me\u0111unarodnog dana maternjeg jezika i Dana \u0161kolstva na bosanskom jeziku u Sand\u017eaku, organizovana konferencija\u00a0 \u201cNastava na bosanskom jeziku u Sand\u017eaku \u2013 dosada\u0161nja iskustva i izazovi\u201d u kojoj su u\u010destvovali autori nastavnih planova i programa i ud\u017ebenika za nastavu na bosanskom jeziku, kao i javna [&hellip;]","og_url":"https:\/\/sandzakpress.net\/arhiva\/nastava-na-bosanskom-jeziku-u-sandzaku-iskustva-i-izazovi\/","og_site_name":"Sand\u017eak PRESS","article_published_time":"2016-02-22T13:58:36+00:00","og_image":[{"width":640,"height":330,"url":"https:\/\/sandzakpress.net\/arhiva\/wp-content\/uploads\/2016\/02\/dan-skolstva-na-bosanskom-640x330.jpg","type":"image\/jpeg"}],"author":"bosniak","twitter_card":"summary_large_image","twitter_misc":{"Written by":"bosniak","Est. reading time":"1 minuta"},"schema":{"@context":"https:\/\/schema.org","@graph":[{"@type":"Article","@id":"https:\/\/sandzakpress.net\/arhiva\/nastava-na-bosanskom-jeziku-u-sandzaku-iskustva-i-izazovi\/#article","isPartOf":{"@id":"https:\/\/sandzakpress.net\/arhiva\/nastava-na-bosanskom-jeziku-u-sandzaku-iskustva-i-izazovi\/"},"author":{"name":"bosniak","@id":"https:\/\/sandzakpress.net\/arhiva\/#\/schema\/person\/c8baee722073534b583ea7bdb2e36c02"},"headline":"Nastava na bosanskom jeziku u Sand\u017eaku \u2013 iskustva i izazovi","datePublished":"2016-02-22T13:58:36+00:00","mainEntityOfPage":{"@id":"https:\/\/sandzakpress.net\/arhiva\/nastava-na-bosanskom-jeziku-u-sandzaku-iskustva-i-izazovi\/"},"wordCount":252,"commentCount":8,"publisher":{"@id":"https:\/\/sandzakpress.net\/arhiva\/#\/schema\/person\/6e72b67d6e51910a1117b3b483ba20bd"},"image":{"@id":"https:\/\/sandzakpress.net\/arhiva\/nastava-na-bosanskom-jeziku-u-sandzaku-iskustva-i-izazovi\/#primaryimage"},"thumbnailUrl":"https:\/\/sandzakpress.net\/arhiva\/wp-content\/uploads\/2016\/02\/dan-skolstva-na-bosanskom-640x330.jpg","articleSection":["Novi Pazar","Nacija","VA\u017dNO!"],"inLanguage":"bs-BA","potentialAction":[{"@type":"CommentAction","name":"Comment","target":["https:\/\/sandzakpress.net\/arhiva\/nastava-na-bosanskom-jeziku-u-sandzaku-iskustva-i-izazovi\/#respond"]}]},{"@type":"WebPage","@id":"https:\/\/sandzakpress.net\/arhiva\/nastava-na-bosanskom-jeziku-u-sandzaku-iskustva-i-izazovi\/","url":"https:\/\/sandzakpress.net\/arhiva\/nastava-na-bosanskom-jeziku-u-sandzaku-iskustva-i-izazovi\/","name":"Nastava na bosanskom jeziku u Sand\u017eaku \u2013 iskustva i izazovi","isPartOf":{"@id":"https:\/\/sandzakpress.net\/arhiva\/#website"},"primaryImageOfPage":{"@id":"https:\/\/sandzakpress.net\/arhiva\/nastava-na-bosanskom-jeziku-u-sandzaku-iskustva-i-izazovi\/#primaryimage"},"image":{"@id":"https:\/\/sandzakpress.net\/arhiva\/nastava-na-bosanskom-jeziku-u-sandzaku-iskustva-i-izazovi\/#primaryimage"},"thumbnailUrl":"https:\/\/sandzakpress.net\/arhiva\/wp-content\/uploads\/2016\/02\/dan-skolstva-na-bosanskom-640x330.jpg","datePublished":"2016-02-22T13:58:36+00:00","breadcrumb":{"@id":"https:\/\/sandzakpress.net\/arhiva\/nastava-na-bosanskom-jeziku-u-sandzaku-iskustva-i-izazovi\/#breadcrumb"},"inLanguage":"bs-BA","potentialAction":[{"@type":"ReadAction","target":["https:\/\/sandzakpress.net\/arhiva\/nastava-na-bosanskom-jeziku-u-sandzaku-iskustva-i-izazovi\/"]}]},{"@type":"ImageObject","inLanguage":"bs-BA","@id":"https:\/\/sandzakpress.net\/arhiva\/nastava-na-bosanskom-jeziku-u-sandzaku-iskustva-i-izazovi\/#primaryimage","url":"https:\/\/sandzakpress.net\/arhiva\/wp-content\/uploads\/2016\/02\/dan-skolstva-na-bosanskom-640x330.jpg","contentUrl":"https:\/\/sandzakpress.net\/arhiva\/wp-content\/uploads\/2016\/02\/dan-skolstva-na-bosanskom-640x330.jpg","width":640,"height":330},{"@type":"BreadcrumbList","@id":"https:\/\/sandzakpress.net\/arhiva\/nastava-na-bosanskom-jeziku-u-sandzaku-iskustva-i-izazovi\/#breadcrumb","itemListElement":[{"@type":"ListItem","position":1,"name":"Home","item":"https:\/\/sandzakpress.net\/arhiva\/"},{"@type":"ListItem","position":2,"name":"Nastava na bosanskom jeziku u Sand\u017eaku \u2013 iskustva i izazovi"}]},{"@type":"WebSite","@id":"https:\/\/sandzakpress.net\/arhiva\/#website","url":"https:\/\/sandzakpress.net\/arhiva\/","name":"Sand\u017eak PRESS","description":"Prve elektronske novine u Sand\u017eaku","publisher":{"@id":"https:\/\/sandzakpress.net\/arhiva\/#\/schema\/person\/6e72b67d6e51910a1117b3b483ba20bd"},"potentialAction":[{"@type":"SearchAction","target":{"@type":"EntryPoint","urlTemplate":"https:\/\/sandzakpress.net\/arhiva\/?s={search_term_string}"},"query-input":{"@type":"PropertyValueSpecification","valueRequired":true,"valueName":"search_term_string"}}],"inLanguage":"bs-BA"},{"@type":["Person","Organization"],"@id":"https:\/\/sandzakpress.net\/arhiva\/#\/schema\/person\/6e72b67d6e51910a1117b3b483ba20bd","name":"Kul","image":{"@type":"ImageObject","inLanguage":"bs-BA","@id":"https:\/\/sandzakpress.net\/arhiva\/#\/schema\/person\/image\/","url":"https:\/\/secure.gravatar.com\/avatar\/42263f39aa27ac04c43cab85c280eb2e?s=96&d=mm&r=pg","contentUrl":"https:\/\/secure.gravatar.com\/avatar\/42263f39aa27ac04c43cab85c280eb2e?s=96&d=mm&r=pg","caption":"Kul"},"logo":{"@id":"https:\/\/sandzakpress.net\/arhiva\/#\/schema\/person\/image\/"}},{"@type":"Person","@id":"https:\/\/sandzakpress.net\/arhiva\/#\/schema\/person\/c8baee722073534b583ea7bdb2e36c02","name":"bosniak","image":{"@type":"ImageObject","inLanguage":"bs-BA","@id":"https:\/\/sandzakpress.net\/arhiva\/#\/schema\/person\/image\/","url":"https:\/\/secure.gravatar.com\/avatar\/a04fd330bfe3a36a72a0ad4a6d89fca7?s=96&d=mm&r=pg","contentUrl":"https:\/\/secure.gravatar.com\/avatar\/a04fd330bfe3a36a72a0ad4a6d89fca7?s=96&d=mm&r=pg","caption":"bosniak"},"url":"https:\/\/sandzakpress.net\/arhiva\/author\/bosniak\/"}]}},"_links":{"self":[{"href":"https:\/\/sandzakpress.net\/arhiva\/wp-json\/wp\/v2\/posts\/155373"}],"collection":[{"href":"https:\/\/sandzakpress.net\/arhiva\/wp-json\/wp\/v2\/posts"}],"about":[{"href":"https:\/\/sandzakpress.net\/arhiva\/wp-json\/wp\/v2\/types\/post"}],"author":[{"embeddable":true,"href":"https:\/\/sandzakpress.net\/arhiva\/wp-json\/wp\/v2\/users\/83"}],"replies":[{"embeddable":true,"href":"https:\/\/sandzakpress.net\/arhiva\/wp-json\/wp\/v2\/comments?post=155373"}],"version-history":[{"count":0,"href":"https:\/\/sandzakpress.net\/arhiva\/wp-json\/wp\/v2\/posts\/155373\/revisions"}],"wp:featuredmedia":[{"embeddable":true,"href":"https:\/\/sandzakpress.net\/arhiva\/wp-json\/wp\/v2\/media\/155393"}],"wp:attachment":[{"href":"https:\/\/sandzakpress.net\/arhiva\/wp-json\/wp\/v2\/media?parent=155373"}],"wp:term":[{"taxonomy":"category","embeddable":true,"href":"https:\/\/sandzakpress.net\/arhiva\/wp-json\/wp\/v2\/categories?post=155373"},{"taxonomy":"post_tag","embeddable":true,"href":"https:\/\/sandzakpress.net\/arhiva\/wp-json\/wp\/v2\/tags?post=155373"}],"curies":[{"name":"wp","href":"https:\/\/api.w.org\/{rel}","templated":true}]}}