{"id":155267,"date":"2016-02-20T14:03:44","date_gmt":"2016-02-20T13:03:44","guid":{"rendered":"https:\/\/sandzakpress.net\/arhiva\/?p=155267"},"modified":"2016-02-20T17:08:24","modified_gmt":"2016-02-20T16:08:24","slug":"hatarnama-ambasadoru-republike-turske-u-povodu-teroristickih-napada","status":"publish","type":"post","link":"https:\/\/sandzakpress.net\/arhiva\/hatarnama-ambasadoru-republike-turske-u-povodu-teroristickih-napada\/","title":{"rendered":"Hatarnama Ambasadoru Republike Turske u povodu teroristi\u010dkih napada"},"content":{"rendered":"<p><img decoding=\"async\" src=\"http:\/\/mesihat.org\/wp-content\/uploads\/2015\/07\/DUDIC.jpg\" alt=\"DUDIC\" \/><\/p>\n<p>Va\u0161a ekselencijo<\/p>\n<p>Borave\u0107i u dijaspori sa dubokim \u017ealjenjem saznao sam za teroristi\u010dke napade u prijestolnici Va\u0161e\u00a0zemlje gdje su i ovoga puta stradali nedu\u017eni gra\u0111ani.<\/p>\n<p>Tim povodom, u ime Me\u0161ihata Islamske zajednice i pripadnika islama u Srbiji, Vama i bratskom\u00a0turskom narodu upu\u0107ujem izraze najdubljeg saosje\u0107anja zbog tragi\u010dnog gubitka nevinih \u017eivota.<\/p>\n<p>Po\u0161tovani gospodine Ambasadore, molim Vas da rukovodstvu Republike Turske prenesete na\u0161e\u00a0iskrene \u017eelje za brzi oporavak povrije\u0111enih uz dovu Uzvi\u0161enom Gospodaru da poginulima podari rahmet,\u00a0a njihovim porodicama strpljenje u ovim te\u0161kim trenucima.<\/p>\n<p><em>PREDSJEDNIK<\/em><\/p>\n<p><em>Muftija dr. Mevlud ef. Dudi\u0107<\/em><\/p>\n","protected":false},"excerpt":{"rendered":"<p>Va\u0161a ekselencijo Borave\u0107i u dijaspori sa dubokim \u017ealjenjem saznao sam za teroristi\u010dke napade u prijestolnici Va\u0161e\u00a0zemlje gdje su i ovoga puta stradali nedu\u017eni gra\u0111ani. Tim povodom, u ime Me\u0161ihata Islamske zajednice i pripadnika islama u Srbiji, Vama i bratskom\u00a0turskom narodu upu\u0107ujem izraze najdubljeg saosje\u0107anja zbog tragi\u010dnog gubitka nevinih \u017eivota. Po\u0161tovani gospodine Ambasadore, molim Vas da [&hellip;]<\/p>\n","protected":false},"author":83,"featured_media":155268,"comment_status":"open","ping_status":"open","sticky":false,"template":"","format":"standard","meta":{"footnotes":""},"categories":[72,802,8957,2692],"tags":[],"class_list":{"0":"post-155267","1":"post","2":"type-post","3":"status-publish","4":"format-standard","5":"has-post-thumbnail","7":"category-novi-pazar","8":"category-islamska_zajednica","9":"category-vijesti-dana","10":"category-turska-gradovi"},"yoast_head":"<!-- This site is optimized with the Yoast SEO Premium plugin v23.1 (Yoast SEO v24.9) - https:\/\/yoast.com\/wordpress\/plugins\/seo\/ -->\n<title>Hatarnama Ambasadoru Republike Turske u povodu teroristi\u010dkih napada<\/title>\n<meta name=\"robots\" content=\"index, follow, max-snippet:-1, max-image-preview:large, max-video-preview:-1\" \/>\n<link rel=\"canonical\" href=\"https:\/\/sandzakpress.net\/arhiva\/hatarnama-ambasadoru-republike-turske-u-povodu-teroristickih-napada\/\" \/>\n<meta property=\"og:locale\" content=\"bs_BA\" \/>\n<meta property=\"og:type\" content=\"article\" \/>\n<meta property=\"og:title\" content=\"Hatarnama Ambasadoru Republike Turske u povodu teroristi\u010dkih napada\" \/>\n<meta property=\"og:description\" content=\"Va\u0161a ekselencijo Borave\u0107i u dijaspori sa dubokim \u017ealjenjem saznao sam za teroristi\u010dke napade u prijestolnici Va\u0161e\u00a0zemlje gdje su i ovoga puta stradali nedu\u017eni gra\u0111ani. Tim povodom, u ime Me\u0161ihata Islamske zajednice i pripadnika islama u Srbiji, Vama i bratskom\u00a0turskom narodu upu\u0107ujem izraze najdubljeg saosje\u0107anja zbog tragi\u010dnog gubitka nevinih \u017eivota. Po\u0161tovani gospodine Ambasadore, molim Vas da [&hellip;]\" \/>\n<meta property=\"og:url\" content=\"https:\/\/sandzakpress.net\/arhiva\/hatarnama-ambasadoru-republike-turske-u-povodu-teroristickih-napada\/\" \/>\n<meta property=\"og:site_name\" content=\"Sand\u017eak PRESS\" \/>\n<meta property=\"article:published_time\" content=\"2016-02-20T13:03:44+00:00\" \/>\n<meta property=\"article:modified_time\" content=\"2016-02-20T16:08:24+00:00\" \/>\n<meta property=\"og:image\" content=\"https:\/\/sandzakpress.net\/arhiva\/wp-content\/uploads\/2016\/02\/DUDIC.jpg\" \/>\n\t<meta property=\"og:image:width\" content=\"1000\" \/>\n\t<meta property=\"og:image:height\" content=\"653\" \/>\n\t<meta property=\"og:image:type\" content=\"image\/jpeg\" \/>\n<meta name=\"author\" content=\"bosniak\" \/>\n<meta name=\"twitter:card\" content=\"summary_large_image\" \/>\n<meta name=\"twitter:label1\" content=\"Written by\" \/>\n\t<meta name=\"twitter:data1\" content=\"bosniak\" \/>\n\t<meta name=\"twitter:label2\" content=\"Est. reading time\" \/>\n\t<meta name=\"twitter:data2\" content=\"1 minuta\" \/>\n<script type=\"application\/ld+json\" class=\"yoast-schema-graph\">{\"@context\":\"https:\/\/schema.org\",\"@graph\":[{\"@type\":\"Article\",\"@id\":\"https:\/\/sandzakpress.net\/arhiva\/hatarnama-ambasadoru-republike-turske-u-povodu-teroristickih-napada\/#article\",\"isPartOf\":{\"@id\":\"https:\/\/sandzakpress.net\/arhiva\/hatarnama-ambasadoru-republike-turske-u-povodu-teroristickih-napada\/\"},\"author\":{\"name\":\"bosniak\",\"@id\":\"https:\/\/sandzakpress.net\/arhiva\/#\/schema\/person\/c8baee722073534b583ea7bdb2e36c02\"},\"headline\":\"Hatarnama Ambasadoru Republike Turske u povodu teroristi\u010dkih napada\",\"datePublished\":\"2016-02-20T13:03:44+00:00\",\"dateModified\":\"2016-02-20T16:08:24+00:00\",\"mainEntityOfPage\":{\"@id\":\"https:\/\/sandzakpress.net\/arhiva\/hatarnama-ambasadoru-republike-turske-u-povodu-teroristickih-napada\/\"},\"wordCount\":114,\"commentCount\":14,\"publisher\":{\"@id\":\"https:\/\/sandzakpress.net\/arhiva\/#\/schema\/person\/6e72b67d6e51910a1117b3b483ba20bd\"},\"image\":{\"@id\":\"https:\/\/sandzakpress.net\/arhiva\/hatarnama-ambasadoru-republike-turske-u-povodu-teroristickih-napada\/#primaryimage\"},\"thumbnailUrl\":\"https:\/\/sandzakpress.net\/arhiva\/wp-content\/uploads\/2016\/02\/DUDIC.jpg\",\"articleSection\":[\"Novi Pazar\",\"Islamska zajednica\",\"VIJESTI DANA\",\"Turska\"],\"inLanguage\":\"bs-BA\",\"potentialAction\":[{\"@type\":\"CommentAction\",\"name\":\"Comment\",\"target\":[\"https:\/\/sandzakpress.net\/arhiva\/hatarnama-ambasadoru-republike-turske-u-povodu-teroristickih-napada\/#respond\"]}]},{\"@type\":\"WebPage\",\"@id\":\"https:\/\/sandzakpress.net\/arhiva\/hatarnama-ambasadoru-republike-turske-u-povodu-teroristickih-napada\/\",\"url\":\"https:\/\/sandzakpress.net\/arhiva\/hatarnama-ambasadoru-republike-turske-u-povodu-teroristickih-napada\/\",\"name\":\"Hatarnama Ambasadoru Republike Turske u povodu teroristi\u010dkih napada\",\"isPartOf\":{\"@id\":\"https:\/\/sandzakpress.net\/arhiva\/#website\"},\"primaryImageOfPage\":{\"@id\":\"https:\/\/sandzakpress.net\/arhiva\/hatarnama-ambasadoru-republike-turske-u-povodu-teroristickih-napada\/#primaryimage\"},\"image\":{\"@id\":\"https:\/\/sandzakpress.net\/arhiva\/hatarnama-ambasadoru-republike-turske-u-povodu-teroristickih-napada\/#primaryimage\"},\"thumbnailUrl\":\"https:\/\/sandzakpress.net\/arhiva\/wp-content\/uploads\/2016\/02\/DUDIC.jpg\",\"datePublished\":\"2016-02-20T13:03:44+00:00\",\"dateModified\":\"2016-02-20T16:08:24+00:00\",\"breadcrumb\":{\"@id\":\"https:\/\/sandzakpress.net\/arhiva\/hatarnama-ambasadoru-republike-turske-u-povodu-teroristickih-napada\/#breadcrumb\"},\"inLanguage\":\"bs-BA\",\"potentialAction\":[{\"@type\":\"ReadAction\",\"target\":[\"https:\/\/sandzakpress.net\/arhiva\/hatarnama-ambasadoru-republike-turske-u-povodu-teroristickih-napada\/\"]}]},{\"@type\":\"ImageObject\",\"inLanguage\":\"bs-BA\",\"@id\":\"https:\/\/sandzakpress.net\/arhiva\/hatarnama-ambasadoru-republike-turske-u-povodu-teroristickih-napada\/#primaryimage\",\"url\":\"https:\/\/sandzakpress.net\/arhiva\/wp-content\/uploads\/2016\/02\/DUDIC.jpg\",\"contentUrl\":\"https:\/\/sandzakpress.net\/arhiva\/wp-content\/uploads\/2016\/02\/DUDIC.jpg\",\"width\":1000,\"height\":653},{\"@type\":\"BreadcrumbList\",\"@id\":\"https:\/\/sandzakpress.net\/arhiva\/hatarnama-ambasadoru-republike-turske-u-povodu-teroristickih-napada\/#breadcrumb\",\"itemListElement\":[{\"@type\":\"ListItem\",\"position\":1,\"name\":\"Home\",\"item\":\"https:\/\/sandzakpress.net\/arhiva\/\"},{\"@type\":\"ListItem\",\"position\":2,\"name\":\"Hatarnama Ambasadoru Republike Turske u povodu teroristi\u010dkih napada\"}]},{\"@type\":\"WebSite\",\"@id\":\"https:\/\/sandzakpress.net\/arhiva\/#website\",\"url\":\"https:\/\/sandzakpress.net\/arhiva\/\",\"name\":\"Sand\u017eak PRESS\",\"description\":\"Prve elektronske novine u Sand\u017eaku\",\"publisher\":{\"@id\":\"https:\/\/sandzakpress.net\/arhiva\/#\/schema\/person\/6e72b67d6e51910a1117b3b483ba20bd\"},\"potentialAction\":[{\"@type\":\"SearchAction\",\"target\":{\"@type\":\"EntryPoint\",\"urlTemplate\":\"https:\/\/sandzakpress.net\/arhiva\/?s={search_term_string}\"},\"query-input\":{\"@type\":\"PropertyValueSpecification\",\"valueRequired\":true,\"valueName\":\"search_term_string\"}}],\"inLanguage\":\"bs-BA\"},{\"@type\":[\"Person\",\"Organization\"],\"@id\":\"https:\/\/sandzakpress.net\/arhiva\/#\/schema\/person\/6e72b67d6e51910a1117b3b483ba20bd\",\"name\":\"Kul\",\"image\":{\"@type\":\"ImageObject\",\"inLanguage\":\"bs-BA\",\"@id\":\"https:\/\/sandzakpress.net\/arhiva\/#\/schema\/person\/image\/\",\"url\":\"https:\/\/secure.gravatar.com\/avatar\/42263f39aa27ac04c43cab85c280eb2e?s=96&d=mm&r=pg\",\"contentUrl\":\"https:\/\/secure.gravatar.com\/avatar\/42263f39aa27ac04c43cab85c280eb2e?s=96&d=mm&r=pg\",\"caption\":\"Kul\"},\"logo\":{\"@id\":\"https:\/\/sandzakpress.net\/arhiva\/#\/schema\/person\/image\/\"}},{\"@type\":\"Person\",\"@id\":\"https:\/\/sandzakpress.net\/arhiva\/#\/schema\/person\/c8baee722073534b583ea7bdb2e36c02\",\"name\":\"bosniak\",\"image\":{\"@type\":\"ImageObject\",\"inLanguage\":\"bs-BA\",\"@id\":\"https:\/\/sandzakpress.net\/arhiva\/#\/schema\/person\/image\/\",\"url\":\"https:\/\/secure.gravatar.com\/avatar\/a04fd330bfe3a36a72a0ad4a6d89fca7?s=96&d=mm&r=pg\",\"contentUrl\":\"https:\/\/secure.gravatar.com\/avatar\/a04fd330bfe3a36a72a0ad4a6d89fca7?s=96&d=mm&r=pg\",\"caption\":\"bosniak\"},\"url\":\"https:\/\/sandzakpress.net\/arhiva\/author\/bosniak\/\"}]}<\/script>\n<!-- \/ Yoast SEO Premium plugin. -->","yoast_head_json":{"title":"Hatarnama Ambasadoru Republike Turske u povodu teroristi\u010dkih napada","robots":{"index":"index","follow":"follow","max-snippet":"max-snippet:-1","max-image-preview":"max-image-preview:large","max-video-preview":"max-video-preview:-1"},"canonical":"https:\/\/sandzakpress.net\/arhiva\/hatarnama-ambasadoru-republike-turske-u-povodu-teroristickih-napada\/","og_locale":"bs_BA","og_type":"article","og_title":"Hatarnama Ambasadoru Republike Turske u povodu teroristi\u010dkih napada","og_description":"Va\u0161a ekselencijo Borave\u0107i u dijaspori sa dubokim \u017ealjenjem saznao sam za teroristi\u010dke napade u prijestolnici Va\u0161e\u00a0zemlje gdje su i ovoga puta stradali nedu\u017eni gra\u0111ani. Tim povodom, u ime Me\u0161ihata Islamske zajednice i pripadnika islama u Srbiji, Vama i bratskom\u00a0turskom narodu upu\u0107ujem izraze najdubljeg saosje\u0107anja zbog tragi\u010dnog gubitka nevinih \u017eivota. Po\u0161tovani gospodine Ambasadore, molim Vas da [&hellip;]","og_url":"https:\/\/sandzakpress.net\/arhiva\/hatarnama-ambasadoru-republike-turske-u-povodu-teroristickih-napada\/","og_site_name":"Sand\u017eak PRESS","article_published_time":"2016-02-20T13:03:44+00:00","article_modified_time":"2016-02-20T16:08:24+00:00","og_image":[{"width":1000,"height":653,"url":"https:\/\/sandzakpress.net\/arhiva\/wp-content\/uploads\/2016\/02\/DUDIC.jpg","type":"image\/jpeg"}],"author":"bosniak","twitter_card":"summary_large_image","twitter_misc":{"Written by":"bosniak","Est. reading time":"1 minuta"},"schema":{"@context":"https:\/\/schema.org","@graph":[{"@type":"Article","@id":"https:\/\/sandzakpress.net\/arhiva\/hatarnama-ambasadoru-republike-turske-u-povodu-teroristickih-napada\/#article","isPartOf":{"@id":"https:\/\/sandzakpress.net\/arhiva\/hatarnama-ambasadoru-republike-turske-u-povodu-teroristickih-napada\/"},"author":{"name":"bosniak","@id":"https:\/\/sandzakpress.net\/arhiva\/#\/schema\/person\/c8baee722073534b583ea7bdb2e36c02"},"headline":"Hatarnama Ambasadoru Republike Turske u povodu teroristi\u010dkih napada","datePublished":"2016-02-20T13:03:44+00:00","dateModified":"2016-02-20T16:08:24+00:00","mainEntityOfPage":{"@id":"https:\/\/sandzakpress.net\/arhiva\/hatarnama-ambasadoru-republike-turske-u-povodu-teroristickih-napada\/"},"wordCount":114,"commentCount":14,"publisher":{"@id":"https:\/\/sandzakpress.net\/arhiva\/#\/schema\/person\/6e72b67d6e51910a1117b3b483ba20bd"},"image":{"@id":"https:\/\/sandzakpress.net\/arhiva\/hatarnama-ambasadoru-republike-turske-u-povodu-teroristickih-napada\/#primaryimage"},"thumbnailUrl":"https:\/\/sandzakpress.net\/arhiva\/wp-content\/uploads\/2016\/02\/DUDIC.jpg","articleSection":["Novi Pazar","Islamska zajednica","VIJESTI DANA","Turska"],"inLanguage":"bs-BA","potentialAction":[{"@type":"CommentAction","name":"Comment","target":["https:\/\/sandzakpress.net\/arhiva\/hatarnama-ambasadoru-republike-turske-u-povodu-teroristickih-napada\/#respond"]}]},{"@type":"WebPage","@id":"https:\/\/sandzakpress.net\/arhiva\/hatarnama-ambasadoru-republike-turske-u-povodu-teroristickih-napada\/","url":"https:\/\/sandzakpress.net\/arhiva\/hatarnama-ambasadoru-republike-turske-u-povodu-teroristickih-napada\/","name":"Hatarnama Ambasadoru Republike Turske u povodu teroristi\u010dkih napada","isPartOf":{"@id":"https:\/\/sandzakpress.net\/arhiva\/#website"},"primaryImageOfPage":{"@id":"https:\/\/sandzakpress.net\/arhiva\/hatarnama-ambasadoru-republike-turske-u-povodu-teroristickih-napada\/#primaryimage"},"image":{"@id":"https:\/\/sandzakpress.net\/arhiva\/hatarnama-ambasadoru-republike-turske-u-povodu-teroristickih-napada\/#primaryimage"},"thumbnailUrl":"https:\/\/sandzakpress.net\/arhiva\/wp-content\/uploads\/2016\/02\/DUDIC.jpg","datePublished":"2016-02-20T13:03:44+00:00","dateModified":"2016-02-20T16:08:24+00:00","breadcrumb":{"@id":"https:\/\/sandzakpress.net\/arhiva\/hatarnama-ambasadoru-republike-turske-u-povodu-teroristickih-napada\/#breadcrumb"},"inLanguage":"bs-BA","potentialAction":[{"@type":"ReadAction","target":["https:\/\/sandzakpress.net\/arhiva\/hatarnama-ambasadoru-republike-turske-u-povodu-teroristickih-napada\/"]}]},{"@type":"ImageObject","inLanguage":"bs-BA","@id":"https:\/\/sandzakpress.net\/arhiva\/hatarnama-ambasadoru-republike-turske-u-povodu-teroristickih-napada\/#primaryimage","url":"https:\/\/sandzakpress.net\/arhiva\/wp-content\/uploads\/2016\/02\/DUDIC.jpg","contentUrl":"https:\/\/sandzakpress.net\/arhiva\/wp-content\/uploads\/2016\/02\/DUDIC.jpg","width":1000,"height":653},{"@type":"BreadcrumbList","@id":"https:\/\/sandzakpress.net\/arhiva\/hatarnama-ambasadoru-republike-turske-u-povodu-teroristickih-napada\/#breadcrumb","itemListElement":[{"@type":"ListItem","position":1,"name":"Home","item":"https:\/\/sandzakpress.net\/arhiva\/"},{"@type":"ListItem","position":2,"name":"Hatarnama Ambasadoru Republike Turske u povodu teroristi\u010dkih napada"}]},{"@type":"WebSite","@id":"https:\/\/sandzakpress.net\/arhiva\/#website","url":"https:\/\/sandzakpress.net\/arhiva\/","name":"Sand\u017eak PRESS","description":"Prve elektronske novine u Sand\u017eaku","publisher":{"@id":"https:\/\/sandzakpress.net\/arhiva\/#\/schema\/person\/6e72b67d6e51910a1117b3b483ba20bd"},"potentialAction":[{"@type":"SearchAction","target":{"@type":"EntryPoint","urlTemplate":"https:\/\/sandzakpress.net\/arhiva\/?s={search_term_string}"},"query-input":{"@type":"PropertyValueSpecification","valueRequired":true,"valueName":"search_term_string"}}],"inLanguage":"bs-BA"},{"@type":["Person","Organization"],"@id":"https:\/\/sandzakpress.net\/arhiva\/#\/schema\/person\/6e72b67d6e51910a1117b3b483ba20bd","name":"Kul","image":{"@type":"ImageObject","inLanguage":"bs-BA","@id":"https:\/\/sandzakpress.net\/arhiva\/#\/schema\/person\/image\/","url":"https:\/\/secure.gravatar.com\/avatar\/42263f39aa27ac04c43cab85c280eb2e?s=96&d=mm&r=pg","contentUrl":"https:\/\/secure.gravatar.com\/avatar\/42263f39aa27ac04c43cab85c280eb2e?s=96&d=mm&r=pg","caption":"Kul"},"logo":{"@id":"https:\/\/sandzakpress.net\/arhiva\/#\/schema\/person\/image\/"}},{"@type":"Person","@id":"https:\/\/sandzakpress.net\/arhiva\/#\/schema\/person\/c8baee722073534b583ea7bdb2e36c02","name":"bosniak","image":{"@type":"ImageObject","inLanguage":"bs-BA","@id":"https:\/\/sandzakpress.net\/arhiva\/#\/schema\/person\/image\/","url":"https:\/\/secure.gravatar.com\/avatar\/a04fd330bfe3a36a72a0ad4a6d89fca7?s=96&d=mm&r=pg","contentUrl":"https:\/\/secure.gravatar.com\/avatar\/a04fd330bfe3a36a72a0ad4a6d89fca7?s=96&d=mm&r=pg","caption":"bosniak"},"url":"https:\/\/sandzakpress.net\/arhiva\/author\/bosniak\/"}]}},"_links":{"self":[{"href":"https:\/\/sandzakpress.net\/arhiva\/wp-json\/wp\/v2\/posts\/155267"}],"collection":[{"href":"https:\/\/sandzakpress.net\/arhiva\/wp-json\/wp\/v2\/posts"}],"about":[{"href":"https:\/\/sandzakpress.net\/arhiva\/wp-json\/wp\/v2\/types\/post"}],"author":[{"embeddable":true,"href":"https:\/\/sandzakpress.net\/arhiva\/wp-json\/wp\/v2\/users\/83"}],"replies":[{"embeddable":true,"href":"https:\/\/sandzakpress.net\/arhiva\/wp-json\/wp\/v2\/comments?post=155267"}],"version-history":[{"count":0,"href":"https:\/\/sandzakpress.net\/arhiva\/wp-json\/wp\/v2\/posts\/155267\/revisions"}],"wp:featuredmedia":[{"embeddable":true,"href":"https:\/\/sandzakpress.net\/arhiva\/wp-json\/wp\/v2\/media\/155268"}],"wp:attachment":[{"href":"https:\/\/sandzakpress.net\/arhiva\/wp-json\/wp\/v2\/media?parent=155267"}],"wp:term":[{"taxonomy":"category","embeddable":true,"href":"https:\/\/sandzakpress.net\/arhiva\/wp-json\/wp\/v2\/categories?post=155267"},{"taxonomy":"post_tag","embeddable":true,"href":"https:\/\/sandzakpress.net\/arhiva\/wp-json\/wp\/v2\/tags?post=155267"}],"curies":[{"name":"wp","href":"https:\/\/api.w.org\/{rel}","templated":true}]}}